{"id":172313,"date":"2026-07-31T07:35:09","date_gmt":"2026-07-31T05:35:09","guid":{"rendered":"https:\/\/www.bellunopress.it\/?p=172313"},"modified":"2026-07-31T07:35:09","modified_gmt":"2026-07-31T05:35:09","slug":"il-veneto-tutela-la-storia-su-ruote-auto-e-moto-depoca-salve-dai-blocchi-del-traffico","status":"publish","type":"post","link":"https:\/\/www.bellunopress.it\/fr\/2026\/07\/31\/il-veneto-tutela-la-storia-su-ruote-auto-e-moto-depoca-salve-dai-blocchi-del-traffico\/","title":{"rendered":"Il Veneto tutela la storia su ruote: auto e moto d&#8217;epoca salve dai blocchi del traffico"},"content":{"rendered":"<p><strong>La Regione riconosce ufficialmente il patrimonio storico e collezionistico come risorsa culturale e turistica fondamentale per l&#8217;economia e l&#8217;artigianato locale<\/strong><\/p>\n<p>Una boccata d&#8217;ossigeno per gli appassionati e per un settore economico d&#8217;eccellenza: la Regione Veneto sceglie di valorizzare il motorismo storico escludendo i veicoli d&#8217;epoca dai provvedimenti di limitazione della circolazione.<\/p>\n<p>Le auto e le moto storiche tornano a viaggiare in Veneto con certezze normative chiare. Con una decisione che coniuga la tutela dell&#8217;ambiente con la salvaguardia del patrimonio culturale, la Regione ha stabilito che i veicoli di rilevanza storica e collezionistica non saranno pi\u00f9 penalizzati dai blocchi del traffico tradizionali, riconoscendone pienamente il valore identitario, culturale e turistico.<\/p>\n<p>Le nuove disposizioni per la circolazione<br \/>\nIl provvedimento regionale introduce una distinzione precisa basata sull&#8217;et\u00e0 dei veicoli, garantendo tutele adeguate sia ai collezionisti sia agli operatori del settore:<\/p>\n<p>Ultratrentennali, oltre 30 anni: circolazione libera (se non adibiti ad uso professionale, autocarri)<\/p>\n<p>Ventennali, tra 20 e 30 anni: circolazione consentita per manutenzione (officine\/carrozzerie) e per raduni o manifestazioni<\/p>\n<p>Questa modulazione permette da un lato ai possessori di veri e propri pezzi da museo ultratrentennali di muoversi liberamente, e dall&#8217;altro garantisce ai proprietari di veicoli di interesse storico compresi tra i venti e i trent&#8217;anni di effettuare gli spostamenti indispensabili per la manutenzione e la partecipazione agli eventi del settore.<\/p>\n<p><strong>Il commento di ASI: &#8220;Un volano per il turismo e il Made in Italy&#8221;<\/strong><br \/>\nGrande soddisfazione \u00e8 stata espressa dal Presidente dell&#8217;ASI (Automotoclub Storico Italiano), Alberto Scuro, che ha voluto rimarcare la totale infondatezza delle accuse che spesso vedono i veicoli storici sul banco degli imputati per l&#8217;inquinamento atmosferico.<\/p>\n<p>&#8220;Il mondo dei veicoli storici rappresenta una percentuale insignificante delle cause dell&#8217;inquinamento atmosferico. Questi veicoli non costituiscono quindi un problema, ma una ricchezza per il nostro Paese e un importante volano per il turismo e il Made in Italy.&#8221;<br \/>\nIl Presidente dell&#8217;Asi Scuro ha inoltre posto l&#8217;accento sulla straordinaria dimensione sociale e comunitaria che gravita attorno al motorismo storico, ricordando il ruolo cruciale svolto dai volontari e dai tesserati:<\/p>\n<p>&#8220;Possiamo contare su tanti volontari e abbiamo oltre 350 mila tesserati, pi\u00f9 di un milione di persone che vivono l&#8217;automobilismo storico condividendo valori di solidariet\u00e0, di sostenibilit\u00e0 e di inclusione sociale, senza dimenticare l&#8217;aspetto culturale.&#8221;<\/p>\n<p><strong>Un indotto economico che sostiene l&#8217;artigianato<\/strong><br \/>\nOltre al valore affettivo e culturale, la presa di posizione della Regione Veneto tutela un tessuto economico di altissimo pregio: quello degli artigiani e dei professionisti specializzati nel restauro e nella manutenzione di auto e moto d&#8217;epoca.<br \/>\nSi tratta di un&#8217;eccellenza artigianale radicata nel territorio che preserva competenze uniche al mondo e genera un indotto economico considerevole. Come sottolineato dai vertici associativi, la salvaguardia della circolazione dei veicoli storici rappresenta un atto concreto a sostegno di questo patrimonio vivente, confermando il Veneto come regione all&#8217;avanguardia nella tutela delle tradizioni e della cultura industriale<br \/>\nitaliana.<\/p>\n<p>&nbsp;<\/p>","protected":false},"excerpt":{"rendered":"<p>La Regione riconosce ufficialmente il patrimonio storico e collezionistico come risorsa culturale e turistica fondamentale per l&#8217;economia e l&#8217;artigianato locale Una boccata d&#8217;ossigeno per gli appassionati e per un settore economico d&#8217;eccellenza: la Regione Veneto sceglie di valorizzare il motorismo storico escludendo i veicoli d&#8217;epoca dai provvedimenti di limitazione della circolazione. Le auto e le [&hellip;]<\/p>\n","protected":false},"author":2,"featured_media":118749,"comment_status":"closed","ping_status":"open","sticky":false,"template":"","format":"standard","meta":{"footnotes":""},"categories":[8,4],"tags":[],"class_list":["post-172313","post","type-post","status-publish","format-standard","has-post-thumbnail","category-societa-istituzioni","category-sport"],"yoast_head":"<!-- This site is optimized with the Yoast SEO plugin v28.4 - https:\/\/yoast.com\/product\/yoast-seo-wordpress\/ -->\n<title>Il Veneto tutela la storia su ruote: auto e moto d&#039;epoca salve dai blocchi del traffico - Bellunopress - Dolomiti<\/title>\n<meta name=\"robots\" content=\"index, follow, max-snippet:-1, max-image-preview:large, max-video-preview:-1\" \/>\n<link rel=\"canonical\" href=\"https:\/\/www.bellunopress.it\/fr\/2026\/07\/31\/il-veneto-tutela-la-storia-su-ruote-auto-e-moto-depoca-salve-dai-blocchi-del-traffico\/\" \/>\n<meta property=\"og:locale\" content=\"fr_FR\" \/>\n<meta property=\"og:type\" content=\"article\" \/>\n<meta property=\"og:title\" content=\"Il Veneto tutela la storia su ruote: auto e moto d&#039;epoca salve dai blocchi del traffico - Bellunopress - Dolomiti\" \/>\n<meta property=\"og:description\" content=\"La Regione riconosce ufficialmente il patrimonio storico e collezionistico come risorsa culturale e turistica fondamentale per l&#8217;economia e l&#8217;artigianato locale Una boccata d&#8217;ossigeno per gli appassionati e per un settore economico d&#8217;eccellenza: la Regione Veneto sceglie di valorizzare il motorismo storico escludendo i veicoli d&#8217;epoca dai provvedimenti di limitazione della circolazione. Le auto e le [&hellip;]\" \/>\n<meta property=\"og:url\" content=\"https:\/\/www.bellunopress.it\/fr\/2026\/07\/31\/il-veneto-tutela-la-storia-su-ruote-auto-e-moto-depoca-salve-dai-blocchi-del-traffico\/\" \/>\n<meta property=\"og:site_name\" content=\"Bellunopress - Dolomiti\" \/>\n<meta property=\"article:publisher\" content=\"https:\/\/www.facebook.com\/profile.php?id=100008943462799\" \/>\n<meta property=\"article:published_time\" content=\"2026-07-31T05:35:09+00:00\" \/>\n<meta property=\"og:image\" content=\"https:\/\/www.bellunopress.it\/wp-content\/uploads\/2020\/10\/auto-moto-depoca-Padova-2_edited.jpg\" \/>\n\t<meta property=\"og:image:width\" content=\"800\" \/>\n\t<meta property=\"og:image:height\" content=\"497\" \/>\n\t<meta property=\"og:image:type\" content=\"image\/jpeg\" \/>\n<meta name=\"author\" content=\"redazione\" \/>\n<meta name=\"twitter:card\" content=\"summary_large_image\" \/>\n<meta name=\"twitter:creator\" content=\"@bellunopress\" \/>\n<meta name=\"twitter:site\" content=\"@bellunopress\" \/>\n<meta name=\"twitter:label1\" content=\"\u00c9crit par\" \/>\n\t<meta name=\"twitter:data1\" content=\"redazione\" \/>\n\t<meta name=\"twitter:label2\" content=\"Dur\u00e9e de lecture estim\u00e9e\" \/>\n\t<meta name=\"twitter:data2\" content=\"3 minutes\" \/>\n<script type=\"application\/ld+json\" class=\"yoast-schema-graph\">{\"@context\":\"https:\\\/\\\/schema.org\",\"@graph\":[{\"@type\":\"Article\",\"@id\":\"https:\\\/\\\/www.bellunopress.it\\\/2026\\\/07\\\/31\\\/il-veneto-tutela-la-storia-su-ruote-auto-e-moto-depoca-salve-dai-blocchi-del-traffico\\\/#article\",\"isPartOf\":{\"@id\":\"https:\\\/\\\/www.bellunopress.it\\\/2026\\\/07\\\/31\\\/il-veneto-tutela-la-storia-su-ruote-auto-e-moto-depoca-salve-dai-blocchi-del-traffico\\\/\"},\"author\":{\"name\":\"redazione\",\"@id\":\"https:\\\/\\\/www.bellunopress.it\\\/#\\\/schema\\\/person\\\/79bb06722b37ece1c03d3e94beb30d73\"},\"headline\":\"Il Veneto tutela la storia su ruote: auto e moto d&#8217;epoca salve dai blocchi del traffico\",\"datePublished\":\"2026-07-31T05:35:09+00:00\",\"mainEntityOfPage\":{\"@id\":\"https:\\\/\\\/www.bellunopress.it\\\/2026\\\/07\\\/31\\\/il-veneto-tutela-la-storia-su-ruote-auto-e-moto-depoca-salve-dai-blocchi-del-traffico\\\/\"},\"wordCount\":504,\"publisher\":{\"@id\":\"https:\\\/\\\/www.bellunopress.it\\\/#organization\"},\"image\":{\"@id\":\"https:\\\/\\\/www.bellunopress.it\\\/2026\\\/07\\\/31\\\/il-veneto-tutela-la-storia-su-ruote-auto-e-moto-depoca-salve-dai-blocchi-del-traffico\\\/#primaryimage\"},\"thumbnailUrl\":\"https:\\\/\\\/www.bellunopress.it\\\/wp-content\\\/uploads\\\/2020\\\/10\\\/auto-moto-depoca-Padova-2_edited.jpg\",\"articleSection\":[\"Societ\u00e0, Associazioni, Istituzioni\",\"Sport, tempo libero\"],\"inLanguage\":\"fr-FR\"},{\"@type\":\"WebPage\",\"@id\":\"https:\\\/\\\/www.bellunopress.it\\\/2026\\\/07\\\/31\\\/il-veneto-tutela-la-storia-su-ruote-auto-e-moto-depoca-salve-dai-blocchi-del-traffico\\\/\",\"url\":\"https:\\\/\\\/www.bellunopress.it\\\/2026\\\/07\\\/31\\\/il-veneto-tutela-la-storia-su-ruote-auto-e-moto-depoca-salve-dai-blocchi-del-traffico\\\/\",\"name\":\"Il Veneto tutela la storia su ruote: auto e moto d'epoca salve dai blocchi del traffico - Bellunopress - Dolomiti\",\"isPartOf\":{\"@id\":\"https:\\\/\\\/www.bellunopress.it\\\/#website\"},\"primaryImageOfPage\":{\"@id\":\"https:\\\/\\\/www.bellunopress.it\\\/2026\\\/07\\\/31\\\/il-veneto-tutela-la-storia-su-ruote-auto-e-moto-depoca-salve-dai-blocchi-del-traffico\\\/#primaryimage\"},\"image\":{\"@id\":\"https:\\\/\\\/www.bellunopress.it\\\/2026\\\/07\\\/31\\\/il-veneto-tutela-la-storia-su-ruote-auto-e-moto-depoca-salve-dai-blocchi-del-traffico\\\/#primaryimage\"},\"thumbnailUrl\":\"https:\\\/\\\/www.bellunopress.it\\\/wp-content\\\/uploads\\\/2020\\\/10\\\/auto-moto-depoca-Padova-2_edited.jpg\",\"datePublished\":\"2026-07-31T05:35:09+00:00\",\"breadcrumb\":{\"@id\":\"https:\\\/\\\/www.bellunopress.it\\\/2026\\\/07\\\/31\\\/il-veneto-tutela-la-storia-su-ruote-auto-e-moto-depoca-salve-dai-blocchi-del-traffico\\\/#breadcrumb\"},\"inLanguage\":\"fr-FR\",\"potentialAction\":[{\"@type\":\"ReadAction\",\"target\":[\"https:\\\/\\\/www.bellunopress.it\\\/2026\\\/07\\\/31\\\/il-veneto-tutela-la-storia-su-ruote-auto-e-moto-depoca-salve-dai-blocchi-del-traffico\\\/\"]}]},{\"@type\":\"ImageObject\",\"inLanguage\":\"fr-FR\",\"@id\":\"https:\\\/\\\/www.bellunopress.it\\\/2026\\\/07\\\/31\\\/il-veneto-tutela-la-storia-su-ruote-auto-e-moto-depoca-salve-dai-blocchi-del-traffico\\\/#primaryimage\",\"url\":\"https:\\\/\\\/www.bellunopress.it\\\/wp-content\\\/uploads\\\/2020\\\/10\\\/auto-moto-depoca-Padova-2_edited.jpg\",\"contentUrl\":\"https:\\\/\\\/www.bellunopress.it\\\/wp-content\\\/uploads\\\/2020\\\/10\\\/auto-moto-depoca-Padova-2_edited.jpg\",\"width\":800,\"height\":497},{\"@type\":\"BreadcrumbList\",\"@id\":\"https:\\\/\\\/www.bellunopress.it\\\/2026\\\/07\\\/31\\\/il-veneto-tutela-la-storia-su-ruote-auto-e-moto-depoca-salve-dai-blocchi-del-traffico\\\/#breadcrumb\",\"itemListElement\":[{\"@type\":\"ListItem\",\"position\":1,\"name\":\"Home\",\"item\":\"https:\\\/\\\/www.bellunopress.it\\\/\"},{\"@type\":\"ListItem\",\"position\":2,\"name\":\"Il Veneto tutela la storia su ruote: auto e moto d&#8217;epoca salve dai blocchi del traffico\"}]},{\"@type\":\"WebSite\",\"@id\":\"https:\\\/\\\/www.bellunopress.it\\\/#website\",\"url\":\"https:\\\/\\\/www.bellunopress.it\\\/\",\"name\":\"Bellunopress - Dolomiti\",\"description\":\"e-mail: redazione@bellunopress.it\",\"publisher\":{\"@id\":\"https:\\\/\\\/www.bellunopress.it\\\/#organization\"},\"potentialAction\":[{\"@type\":\"SearchAction\",\"target\":{\"@type\":\"EntryPoint\",\"urlTemplate\":\"https:\\\/\\\/www.bellunopress.it\\\/?s={search_term_string}\"},\"query-input\":{\"@type\":\"PropertyValueSpecification\",\"valueRequired\":true,\"valueName\":\"search_term_string\"}}],\"inLanguage\":\"fr-FR\"},{\"@type\":\"Organization\",\"@id\":\"https:\\\/\\\/www.bellunopress.it\\\/#organization\",\"name\":\"Bellunopress\",\"url\":\"https:\\\/\\\/www.bellunopress.it\\\/\",\"logo\":{\"@type\":\"ImageObject\",\"inLanguage\":\"fr-FR\",\"@id\":\"https:\\\/\\\/www.bellunopress.it\\\/#\\\/schema\\\/logo\\\/image\\\/\",\"url\":\"https:\\\/\\\/www.bellunopress.it\\\/wp-content\\\/uploads\\\/2011\\\/05\\\/cropped-logo-bellunopress-.jpg\",\"contentUrl\":\"https:\\\/\\\/www.bellunopress.it\\\/wp-content\\\/uploads\\\/2011\\\/05\\\/cropped-logo-bellunopress-.jpg\",\"width\":512,\"height\":512,\"caption\":\"Bellunopress\"},\"image\":{\"@id\":\"https:\\\/\\\/www.bellunopress.it\\\/#\\\/schema\\\/logo\\\/image\\\/\"},\"sameAs\":[\"https:\\\/\\\/www.facebook.com\\\/profile.php?id=100008943462799\",\"https:\\\/\\\/x.com\\\/bellunopress\",\"https:\\\/\\\/www.linkedin.com\\\/hp\\\/?dnr=JBzUWaJfMUw8vbXJJ2tVW5-I3jZKvC4wsoxE&amp;amp;amp;amp;amp;amp;trk=nav_responsive_tab_home\",\"https:\\\/\\\/www.youtube.com\\\/channel\\\/UCxL0wu1uN0_3_7hGG0306cw\"]},{\"@type\":\"Person\",\"@id\":\"https:\\\/\\\/www.bellunopress.it\\\/#\\\/schema\\\/person\\\/79bb06722b37ece1c03d3e94beb30d73\",\"name\":\"redazione\",\"image\":{\"@type\":\"ImageObject\",\"inLanguage\":\"fr-FR\",\"@id\":\"https:\\\/\\\/secure.gravatar.com\\\/avatar\\\/37d968a2e67a6fd04c169c4bdef102d0bc5d31b2546345219e348575eb80e9a0?s=96&d=mm&r=g\",\"url\":\"https:\\\/\\\/secure.gravatar.com\\\/avatar\\\/37d968a2e67a6fd04c169c4bdef102d0bc5d31b2546345219e348575eb80e9a0?s=96&d=mm&r=g\",\"contentUrl\":\"https:\\\/\\\/secure.gravatar.com\\\/avatar\\\/37d968a2e67a6fd04c169c4bdef102d0bc5d31b2546345219e348575eb80e9a0?s=96&d=mm&r=g\",\"caption\":\"redazione\"},\"sameAs\":[\"http:\\\/\\\/www.bellunopress.it\",\"https:\\\/\\\/x.com\\\/bellunopress\"],\"url\":\"https:\\\/\\\/www.bellunopress.it\\\/fr\\\/author\\\/redazione\\\/\"}]}<\/script>\n<!-- \/ Yoast SEO plugin. -->","yoast_head_json":{"title":"Il Veneto tutela la storia su ruote: auto e moto d'epoca salve dai blocchi del traffico - Bellunopress - Dolomiti","robots":{"index":"index","follow":"follow","max-snippet":"max-snippet:-1","max-image-preview":"max-image-preview:large","max-video-preview":"max-video-preview:-1"},"canonical":"https:\/\/www.bellunopress.it\/fr\/2026\/07\/31\/il-veneto-tutela-la-storia-su-ruote-auto-e-moto-depoca-salve-dai-blocchi-del-traffico\/","og_locale":"fr_FR","og_type":"article","og_title":"Il Veneto tutela la storia su ruote: auto e moto d'epoca salve dai blocchi del traffico - Bellunopress - Dolomiti","og_description":"La Regione riconosce ufficialmente il patrimonio storico e collezionistico come risorsa culturale e turistica fondamentale per l&#8217;economia e l&#8217;artigianato locale Una boccata d&#8217;ossigeno per gli appassionati e per un settore economico d&#8217;eccellenza: la Regione Veneto sceglie di valorizzare il motorismo storico escludendo i veicoli d&#8217;epoca dai provvedimenti di limitazione della circolazione. Le auto e le [&hellip;]","og_url":"https:\/\/www.bellunopress.it\/fr\/2026\/07\/31\/il-veneto-tutela-la-storia-su-ruote-auto-e-moto-depoca-salve-dai-blocchi-del-traffico\/","og_site_name":"Bellunopress - Dolomiti","article_publisher":"https:\/\/www.facebook.com\/profile.php?id=100008943462799","article_published_time":"2026-07-31T05:35:09+00:00","og_image":[{"width":800,"height":497,"url":"https:\/\/www.bellunopress.it\/wp-content\/uploads\/2020\/10\/auto-moto-depoca-Padova-2_edited.jpg","type":"image\/jpeg"}],"author":"redazione","twitter_card":"summary_large_image","twitter_creator":"@bellunopress","twitter_site":"@bellunopress","twitter_misc":{"\u00c9crit par":"redazione","Dur\u00e9e de lecture estim\u00e9e":"3 minutes"},"schema":{"@context":"https:\/\/schema.org","@graph":[{"@type":"Article","@id":"https:\/\/www.bellunopress.it\/2026\/07\/31\/il-veneto-tutela-la-storia-su-ruote-auto-e-moto-depoca-salve-dai-blocchi-del-traffico\/#article","isPartOf":{"@id":"https:\/\/www.bellunopress.it\/2026\/07\/31\/il-veneto-tutela-la-storia-su-ruote-auto-e-moto-depoca-salve-dai-blocchi-del-traffico\/"},"author":{"name":"redazione","@id":"https:\/\/www.bellunopress.it\/#\/schema\/person\/79bb06722b37ece1c03d3e94beb30d73"},"headline":"Il Veneto tutela la storia su ruote: auto e moto d&#8217;epoca salve dai blocchi del traffico","datePublished":"2026-07-31T05:35:09+00:00","mainEntityOfPage":{"@id":"https:\/\/www.bellunopress.it\/2026\/07\/31\/il-veneto-tutela-la-storia-su-ruote-auto-e-moto-depoca-salve-dai-blocchi-del-traffico\/"},"wordCount":504,"publisher":{"@id":"https:\/\/www.bellunopress.it\/#organization"},"image":{"@id":"https:\/\/www.bellunopress.it\/2026\/07\/31\/il-veneto-tutela-la-storia-su-ruote-auto-e-moto-depoca-salve-dai-blocchi-del-traffico\/#primaryimage"},"thumbnailUrl":"https:\/\/www.bellunopress.it\/wp-content\/uploads\/2020\/10\/auto-moto-depoca-Padova-2_edited.jpg","articleSection":["Societ\u00e0, Associazioni, Istituzioni","Sport, tempo libero"],"inLanguage":"fr-FR"},{"@type":"WebPage","@id":"https:\/\/www.bellunopress.it\/2026\/07\/31\/il-veneto-tutela-la-storia-su-ruote-auto-e-moto-depoca-salve-dai-blocchi-del-traffico\/","url":"https:\/\/www.bellunopress.it\/2026\/07\/31\/il-veneto-tutela-la-storia-su-ruote-auto-e-moto-depoca-salve-dai-blocchi-del-traffico\/","name":"Il Veneto tutela la storia su ruote: auto e moto d'epoca salve dai blocchi del traffico - Bellunopress - Dolomiti","isPartOf":{"@id":"https:\/\/www.bellunopress.it\/#website"},"primaryImageOfPage":{"@id":"https:\/\/www.bellunopress.it\/2026\/07\/31\/il-veneto-tutela-la-storia-su-ruote-auto-e-moto-depoca-salve-dai-blocchi-del-traffico\/#primaryimage"},"image":{"@id":"https:\/\/www.bellunopress.it\/2026\/07\/31\/il-veneto-tutela-la-storia-su-ruote-auto-e-moto-depoca-salve-dai-blocchi-del-traffico\/#primaryimage"},"thumbnailUrl":"https:\/\/www.bellunopress.it\/wp-content\/uploads\/2020\/10\/auto-moto-depoca-Padova-2_edited.jpg","datePublished":"2026-07-31T05:35:09+00:00","breadcrumb":{"@id":"https:\/\/www.bellunopress.it\/2026\/07\/31\/il-veneto-tutela-la-storia-su-ruote-auto-e-moto-depoca-salve-dai-blocchi-del-traffico\/#breadcrumb"},"inLanguage":"fr-FR","potentialAction":[{"@type":"ReadAction","target":["https:\/\/www.bellunopress.it\/2026\/07\/31\/il-veneto-tutela-la-storia-su-ruote-auto-e-moto-depoca-salve-dai-blocchi-del-traffico\/"]}]},{"@type":"ImageObject","inLanguage":"fr-FR","@id":"https:\/\/www.bellunopress.it\/2026\/07\/31\/il-veneto-tutela-la-storia-su-ruote-auto-e-moto-depoca-salve-dai-blocchi-del-traffico\/#primaryimage","url":"https:\/\/www.bellunopress.it\/wp-content\/uploads\/2020\/10\/auto-moto-depoca-Padova-2_edited.jpg","contentUrl":"https:\/\/www.bellunopress.it\/wp-content\/uploads\/2020\/10\/auto-moto-depoca-Padova-2_edited.jpg","width":800,"height":497},{"@type":"BreadcrumbList","@id":"https:\/\/www.bellunopress.it\/2026\/07\/31\/il-veneto-tutela-la-storia-su-ruote-auto-e-moto-depoca-salve-dai-blocchi-del-traffico\/#breadcrumb","itemListElement":[{"@type":"ListItem","position":1,"name":"Home","item":"https:\/\/www.bellunopress.it\/"},{"@type":"ListItem","position":2,"name":"Il Veneto tutela la storia su ruote: auto e moto d&#8217;epoca salve dai blocchi del traffico"}]},{"@type":"WebSite","@id":"https:\/\/www.bellunopress.it\/#website","url":"https:\/\/www.bellunopress.it\/","name":"Bellunopress - Dolomiti","description":"e-mail: redazione@bellunopress.it","publisher":{"@id":"https:\/\/www.bellunopress.it\/#organization"},"potentialAction":[{"@type":"SearchAction","target":{"@type":"EntryPoint","urlTemplate":"https:\/\/www.bellunopress.it\/?s={search_term_string}"},"query-input":{"@type":"PropertyValueSpecification","valueRequired":true,"valueName":"search_term_string"}}],"inLanguage":"fr-FR"},{"@type":"Organization","@id":"https:\/\/www.bellunopress.it\/#organization","name":"Bellunopress","url":"https:\/\/www.bellunopress.it\/","logo":{"@type":"ImageObject","inLanguage":"fr-FR","@id":"https:\/\/www.bellunopress.it\/#\/schema\/logo\/image\/","url":"https:\/\/www.bellunopress.it\/wp-content\/uploads\/2011\/05\/cropped-logo-bellunopress-.jpg","contentUrl":"https:\/\/www.bellunopress.it\/wp-content\/uploads\/2011\/05\/cropped-logo-bellunopress-.jpg","width":512,"height":512,"caption":"Bellunopress"},"image":{"@id":"https:\/\/www.bellunopress.it\/#\/schema\/logo\/image\/"},"sameAs":["https:\/\/www.facebook.com\/profile.php?id=100008943462799","https:\/\/x.com\/bellunopress","https:\/\/www.linkedin.com\/hp\/?dnr=JBzUWaJfMUw8vbXJJ2tVW5-I3jZKvC4wsoxE&amp;amp;amp;amp;amp;amp;trk=nav_responsive_tab_home","https:\/\/www.youtube.com\/channel\/UCxL0wu1uN0_3_7hGG0306cw"]},{"@type":"Person","@id":"https:\/\/www.bellunopress.it\/#\/schema\/person\/79bb06722b37ece1c03d3e94beb30d73","name":"r\u00e9daction","image":{"@type":"ImageObject","inLanguage":"fr-FR","@id":"https:\/\/secure.gravatar.com\/avatar\/37d968a2e67a6fd04c169c4bdef102d0bc5d31b2546345219e348575eb80e9a0?s=96&d=mm&r=g","url":"https:\/\/secure.gravatar.com\/avatar\/37d968a2e67a6fd04c169c4bdef102d0bc5d31b2546345219e348575eb80e9a0?s=96&d=mm&r=g","contentUrl":"https:\/\/secure.gravatar.com\/avatar\/37d968a2e67a6fd04c169c4bdef102d0bc5d31b2546345219e348575eb80e9a0?s=96&d=mm&r=g","caption":"redazione"},"sameAs":["http:\/\/www.bellunopress.it","https:\/\/x.com\/bellunopress"],"url":"https:\/\/www.bellunopress.it\/fr\/author\/redazione\/"}]}},"_links":{"self":[{"href":"https:\/\/www.bellunopress.it\/fr\/wp-json\/wp\/v2\/posts\/172313","targetHints":{"allow":["GET"]}}],"collection":[{"href":"https:\/\/www.bellunopress.it\/fr\/wp-json\/wp\/v2\/posts"}],"about":[{"href":"https:\/\/www.bellunopress.it\/fr\/wp-json\/wp\/v2\/types\/post"}],"author":[{"embeddable":true,"href":"https:\/\/www.bellunopress.it\/fr\/wp-json\/wp\/v2\/users\/2"}],"replies":[{"embeddable":true,"href":"https:\/\/www.bellunopress.it\/fr\/wp-json\/wp\/v2\/comments?post=172313"}],"version-history":[{"count":1,"href":"https:\/\/www.bellunopress.it\/fr\/wp-json\/wp\/v2\/posts\/172313\/revisions"}],"predecessor-version":[{"id":172314,"href":"https:\/\/www.bellunopress.it\/fr\/wp-json\/wp\/v2\/posts\/172313\/revisions\/172314"}],"wp:featuredmedia":[{"embeddable":true,"href":"https:\/\/www.bellunopress.it\/fr\/wp-json\/wp\/v2\/media\/118749"}],"wp:attachment":[{"href":"https:\/\/www.bellunopress.it\/fr\/wp-json\/wp\/v2\/media?parent=172313"}],"wp:term":[{"taxonomy":"category","embeddable":true,"href":"https:\/\/www.bellunopress.it\/fr\/wp-json\/wp\/v2\/categories?post=172313"},{"taxonomy":"post_tag","embeddable":true,"href":"https:\/\/www.bellunopress.it\/fr\/wp-json\/wp\/v2\/tags?post=172313"}],"curies":[{"name":"wp","href":"https:\/\/api.w.org\/{rel}","templated":true}]}}