{"id":172310,"date":"2026-07-31T07:23:48","date_gmt":"2026-07-31T05:23:48","guid":{"rendered":"https:\/\/www.bellunopress.it\/?p=172310"},"modified":"2026-07-31T07:23:48","modified_gmt":"2026-07-31T05:23:48","slug":"sabato-1-agosto-a-puos-dalpago-si-inaugura-la-mostra-mondi-dipinti-di-maria-meraglia","status":"publish","type":"post","link":"https:\/\/www.bellunopress.it\/fr\/2026\/07\/31\/sabato-1-agosto-a-puos-dalpago-si-inaugura-la-mostra-mondi-dipinti-di-maria-meraglia\/","title":{"rendered":"Sabato 1 agosto a Puos d&#8217;Alpago si inaugura la mostra &#8220;Mondi dipinti&#8221; di Maria Meraglia"},"content":{"rendered":"<p>Alpago, 31 luglio 2026 &#8211; Sabato 1 agosto, alle 17 al Municipio di Puos d&#8217;Alpago verr\u00e0 inaugurata la mostra delle opere di Maria Meraglia, pittrice bellunese iperrealista autrice della maglietta del Giro del Lago (che si svolger\u00e0 il 16 agosto). A curare il vernissage sar\u00e0 Serena Dal Borgo.<\/p>\n<p>La mostra, dal titolo &#8220;Mondi dipinti. Dalle crepe dell&#8217;anima ai colori del mondo&#8221;, si inserisce tra le iniziative della 32. edizione del Giro del Lago di Santa Croce e rimarr\u00e0 aperta fino al 15 agosto, al mattino da luned\u00ec a venerd\u00ec dalle 9 alle 12.30 e il sabato dalle 9 alle 11.30, al pomeriggio il luned\u00ec e il marted\u00ec dalle 15 alle 17.30 e la domenica dalle 16 alle 19.<\/p>\n<p>&#8220;La pittura \u00e8 un modo per fermare il tempo, per guardare cos\u00ec da vicino la realt\u00e0 da scoprirne l&#8217;essenza pi\u00f9 profonda, quella che sfugge all&#8217;occhio frettoloso di ogni giorno&#8221; dice Maria Meraglia.<\/p>\n<p>Il percorso espositivo proposto \u00e8 un viaggio geografico ed emotivo che spazia dai delicati macro-soggetti floreali ai ritratti intensi di donne, bambini e figure umane colte in momenti di vita quotidiana.<\/p>\n<p>Le tele di Meraglia, caratterizzate da una tecnica iperrealista di rara precisione, si distinguono per il dettaglio quasi tattile: volti che narrano storie di vita, sguardi enigmatici e quei suggestivi ritratti segnati da &#8220;crepe&#8221; sulla pelle, metafore di un&#8217;umanit\u00e0 autentica, fragile e profonda.<\/p>\n<p>Fedele alla sua visione artistica, Maria sceglie di lasciare le opere senza titolo.<\/p>\n<p>L&#8217;obiettivo \u00e8 offrire le sue grandi tele a olio come specchi vergini, privi di coordinate predefinite, affinch\u00e9 ogni visitatore possa immergersi liberamente nel quadro, lasciando che la propria sensibilit\u00e0 e il proprio vissuto completino l&#8217;opera.<\/p>\n<p>Il legame tra l&#8217;artista e il territorio si rinnova in questa mostra ad Alpago: un&#8217;occasione unica per scoprire un&#8217;autodidatta che, dalla realt\u00e0 locale, ha portato il suo talento in esposizioni su tutto il territorio nazionale.<\/p>\n<p>&nbsp;<\/p>\n<p>&nbsp;<\/p>","protected":false},"excerpt":{"rendered":"<p>Alpago, 31 luglio 2026 &#8211; Sabato 1 agosto, alle 17 al Municipio di Puos d&#8217;Alpago verr\u00e0 inaugurata la mostra delle opere di Maria Meraglia, pittrice bellunese iperrealista autrice della maglietta del Giro del Lago (che si svolger\u00e0 il 16 agosto). A curare il vernissage sar\u00e0 Serena Dal Borgo. La mostra, dal titolo &#8220;Mondi dipinti. Dalle [&hellip;]<\/p>\n","protected":false},"author":2,"featured_media":172311,"comment_status":"closed","ping_status":"open","sticky":false,"template":"","format":"standard","meta":{"footnotes":""},"categories":[27,3,25],"tags":[],"class_list":["post-172310","post","type-post","status-publish","format-standard","has-post-thumbnail","category-appuntamenti","category-arte-cultura-spettacoli-scienza-archivi","category-pausa-caffe"],"yoast_head":"<!-- This site is optimized with the Yoast SEO plugin v28.4 - https:\/\/yoast.com\/product\/yoast-seo-wordpress\/ -->\n<title>Sabato 1 agosto a Puos d&#039;Alpago si inaugura la mostra &quot;Mondi dipinti&quot; di Maria Meraglia - Bellunopress - Dolomiti<\/title>\n<meta name=\"robots\" content=\"index, follow, max-snippet:-1, max-image-preview:large, max-video-preview:-1\" \/>\n<link rel=\"canonical\" href=\"https:\/\/www.bellunopress.it\/fr\/2026\/07\/31\/sabato-1-agosto-a-puos-dalpago-si-inaugura-la-mostra-mondi-dipinti-di-maria-meraglia\/\" \/>\n<meta property=\"og:locale\" content=\"fr_FR\" \/>\n<meta property=\"og:type\" content=\"article\" \/>\n<meta property=\"og:title\" content=\"Sabato 1 agosto a Puos d&#039;Alpago si inaugura la mostra &quot;Mondi dipinti&quot; di Maria Meraglia - Bellunopress - Dolomiti\" \/>\n<meta property=\"og:description\" content=\"Alpago, 31 luglio 2026 &#8211; Sabato 1 agosto, alle 17 al Municipio di Puos d&#8217;Alpago verr\u00e0 inaugurata la mostra delle opere di Maria Meraglia, pittrice bellunese iperrealista autrice della maglietta del Giro del Lago (che si svolger\u00e0 il 16 agosto). A curare il vernissage sar\u00e0 Serena Dal Borgo. La mostra, dal titolo &#8220;Mondi dipinti. Dalle [&hellip;]\" \/>\n<meta property=\"og:url\" content=\"https:\/\/www.bellunopress.it\/fr\/2026\/07\/31\/sabato-1-agosto-a-puos-dalpago-si-inaugura-la-mostra-mondi-dipinti-di-maria-meraglia\/\" \/>\n<meta property=\"og:site_name\" content=\"Bellunopress - Dolomiti\" \/>\n<meta property=\"article:publisher\" content=\"https:\/\/www.facebook.com\/profile.php?id=100008943462799\" \/>\n<meta property=\"article:published_time\" content=\"2026-07-31T05:23:48+00:00\" \/>\n<meta property=\"og:image\" content=\"https:\/\/www.bellunopress.it\/wp-content\/uploads\/2026\/07\/maria-meraglia.jpeg\" \/>\n\t<meta property=\"og:image:width\" content=\"375\" \/>\n\t<meta property=\"og:image:height\" content=\"500\" \/>\n\t<meta property=\"og:image:type\" content=\"image\/jpeg\" \/>\n<meta name=\"author\" content=\"redazione\" \/>\n<meta name=\"twitter:card\" content=\"summary_large_image\" \/>\n<meta name=\"twitter:creator\" content=\"@bellunopress\" \/>\n<meta name=\"twitter:site\" content=\"@bellunopress\" \/>\n<meta name=\"twitter:label1\" content=\"\u00c9crit par\" \/>\n\t<meta name=\"twitter:data1\" content=\"redazione\" \/>\n\t<meta name=\"twitter:label2\" content=\"Dur\u00e9e de lecture estim\u00e9e\" \/>\n\t<meta name=\"twitter:data2\" content=\"2 minutes\" \/>\n<script type=\"application\/ld+json\" class=\"yoast-schema-graph\">{\"@context\":\"https:\\\/\\\/schema.org\",\"@graph\":[{\"@type\":\"Article\",\"@id\":\"https:\\\/\\\/www.bellunopress.it\\\/2026\\\/07\\\/31\\\/sabato-1-agosto-a-puos-dalpago-si-inaugura-la-mostra-mondi-dipinti-di-maria-meraglia\\\/#article\",\"isPartOf\":{\"@id\":\"https:\\\/\\\/www.bellunopress.it\\\/2026\\\/07\\\/31\\\/sabato-1-agosto-a-puos-dalpago-si-inaugura-la-mostra-mondi-dipinti-di-maria-meraglia\\\/\"},\"author\":{\"name\":\"redazione\",\"@id\":\"https:\\\/\\\/www.bellunopress.it\\\/#\\\/schema\\\/person\\\/79bb06722b37ece1c03d3e94beb30d73\"},\"headline\":\"Sabato 1 agosto a Puos d&#8217;Alpago si inaugura la mostra &#8220;Mondi dipinti&#8221; di Maria Meraglia\",\"datePublished\":\"2026-07-31T05:23:48+00:00\",\"mainEntityOfPage\":{\"@id\":\"https:\\\/\\\/www.bellunopress.it\\\/2026\\\/07\\\/31\\\/sabato-1-agosto-a-puos-dalpago-si-inaugura-la-mostra-mondi-dipinti-di-maria-meraglia\\\/\"},\"wordCount\":316,\"publisher\":{\"@id\":\"https:\\\/\\\/www.bellunopress.it\\\/#organization\"},\"image\":{\"@id\":\"https:\\\/\\\/www.bellunopress.it\\\/2026\\\/07\\\/31\\\/sabato-1-agosto-a-puos-dalpago-si-inaugura-la-mostra-mondi-dipinti-di-maria-meraglia\\\/#primaryimage\"},\"thumbnailUrl\":\"https:\\\/\\\/www.bellunopress.it\\\/wp-content\\\/uploads\\\/2026\\\/07\\\/maria-meraglia.jpeg\",\"articleSection\":[\"Appuntamenti, Eventi\",\"Arte, Cultura, Spettacoli, Scienza\",\"Pausa Caff\u00e8\"],\"inLanguage\":\"fr-FR\"},{\"@type\":\"WebPage\",\"@id\":\"https:\\\/\\\/www.bellunopress.it\\\/2026\\\/07\\\/31\\\/sabato-1-agosto-a-puos-dalpago-si-inaugura-la-mostra-mondi-dipinti-di-maria-meraglia\\\/\",\"url\":\"https:\\\/\\\/www.bellunopress.it\\\/2026\\\/07\\\/31\\\/sabato-1-agosto-a-puos-dalpago-si-inaugura-la-mostra-mondi-dipinti-di-maria-meraglia\\\/\",\"name\":\"Sabato 1 agosto a Puos d'Alpago si inaugura la mostra \\\"Mondi dipinti\\\" di Maria Meraglia - Bellunopress - Dolomiti\",\"isPartOf\":{\"@id\":\"https:\\\/\\\/www.bellunopress.it\\\/#website\"},\"primaryImageOfPage\":{\"@id\":\"https:\\\/\\\/www.bellunopress.it\\\/2026\\\/07\\\/31\\\/sabato-1-agosto-a-puos-dalpago-si-inaugura-la-mostra-mondi-dipinti-di-maria-meraglia\\\/#primaryimage\"},\"image\":{\"@id\":\"https:\\\/\\\/www.bellunopress.it\\\/2026\\\/07\\\/31\\\/sabato-1-agosto-a-puos-dalpago-si-inaugura-la-mostra-mondi-dipinti-di-maria-meraglia\\\/#primaryimage\"},\"thumbnailUrl\":\"https:\\\/\\\/www.bellunopress.it\\\/wp-content\\\/uploads\\\/2026\\\/07\\\/maria-meraglia.jpeg\",\"datePublished\":\"2026-07-31T05:23:48+00:00\",\"breadcrumb\":{\"@id\":\"https:\\\/\\\/www.bellunopress.it\\\/2026\\\/07\\\/31\\\/sabato-1-agosto-a-puos-dalpago-si-inaugura-la-mostra-mondi-dipinti-di-maria-meraglia\\\/#breadcrumb\"},\"inLanguage\":\"fr-FR\",\"potentialAction\":[{\"@type\":\"ReadAction\",\"target\":[\"https:\\\/\\\/www.bellunopress.it\\\/2026\\\/07\\\/31\\\/sabato-1-agosto-a-puos-dalpago-si-inaugura-la-mostra-mondi-dipinti-di-maria-meraglia\\\/\"]}]},{\"@type\":\"ImageObject\",\"inLanguage\":\"fr-FR\",\"@id\":\"https:\\\/\\\/www.bellunopress.it\\\/2026\\\/07\\\/31\\\/sabato-1-agosto-a-puos-dalpago-si-inaugura-la-mostra-mondi-dipinti-di-maria-meraglia\\\/#primaryimage\",\"url\":\"https:\\\/\\\/www.bellunopress.it\\\/wp-content\\\/uploads\\\/2026\\\/07\\\/maria-meraglia.jpeg\",\"contentUrl\":\"https:\\\/\\\/www.bellunopress.it\\\/wp-content\\\/uploads\\\/2026\\\/07\\\/maria-meraglia.jpeg\",\"width\":375,\"height\":500},{\"@type\":\"BreadcrumbList\",\"@id\":\"https:\\\/\\\/www.bellunopress.it\\\/2026\\\/07\\\/31\\\/sabato-1-agosto-a-puos-dalpago-si-inaugura-la-mostra-mondi-dipinti-di-maria-meraglia\\\/#breadcrumb\",\"itemListElement\":[{\"@type\":\"ListItem\",\"position\":1,\"name\":\"Home\",\"item\":\"https:\\\/\\\/www.bellunopress.it\\\/\"},{\"@type\":\"ListItem\",\"position\":2,\"name\":\"Sabato 1 agosto a Puos d&#8217;Alpago si inaugura la mostra &#8220;Mondi dipinti&#8221; di Maria Meraglia\"}]},{\"@type\":\"WebSite\",\"@id\":\"https:\\\/\\\/www.bellunopress.it\\\/#website\",\"url\":\"https:\\\/\\\/www.bellunopress.it\\\/\",\"name\":\"Bellunopress - Dolomiti\",\"description\":\"e-mail: redazione@bellunopress.it\",\"publisher\":{\"@id\":\"https:\\\/\\\/www.bellunopress.it\\\/#organization\"},\"potentialAction\":[{\"@type\":\"SearchAction\",\"target\":{\"@type\":\"EntryPoint\",\"urlTemplate\":\"https:\\\/\\\/www.bellunopress.it\\\/?s={search_term_string}\"},\"query-input\":{\"@type\":\"PropertyValueSpecification\",\"valueRequired\":true,\"valueName\":\"search_term_string\"}}],\"inLanguage\":\"fr-FR\"},{\"@type\":\"Organization\",\"@id\":\"https:\\\/\\\/www.bellunopress.it\\\/#organization\",\"name\":\"Bellunopress\",\"url\":\"https:\\\/\\\/www.bellunopress.it\\\/\",\"logo\":{\"@type\":\"ImageObject\",\"inLanguage\":\"fr-FR\",\"@id\":\"https:\\\/\\\/www.bellunopress.it\\\/#\\\/schema\\\/logo\\\/image\\\/\",\"url\":\"https:\\\/\\\/www.bellunopress.it\\\/wp-content\\\/uploads\\\/2011\\\/05\\\/cropped-logo-bellunopress-.jpg\",\"contentUrl\":\"https:\\\/\\\/www.bellunopress.it\\\/wp-content\\\/uploads\\\/2011\\\/05\\\/cropped-logo-bellunopress-.jpg\",\"width\":512,\"height\":512,\"caption\":\"Bellunopress\"},\"image\":{\"@id\":\"https:\\\/\\\/www.bellunopress.it\\\/#\\\/schema\\\/logo\\\/image\\\/\"},\"sameAs\":[\"https:\\\/\\\/www.facebook.com\\\/profile.php?id=100008943462799\",\"https:\\\/\\\/x.com\\\/bellunopress\",\"https:\\\/\\\/www.linkedin.com\\\/hp\\\/?dnr=JBzUWaJfMUw8vbXJJ2tVW5-I3jZKvC4wsoxE&amp;amp;amp;amp;amp;amp;trk=nav_responsive_tab_home\",\"https:\\\/\\\/www.youtube.com\\\/channel\\\/UCxL0wu1uN0_3_7hGG0306cw\"]},{\"@type\":\"Person\",\"@id\":\"https:\\\/\\\/www.bellunopress.it\\\/#\\\/schema\\\/person\\\/79bb06722b37ece1c03d3e94beb30d73\",\"name\":\"redazione\",\"image\":{\"@type\":\"ImageObject\",\"inLanguage\":\"fr-FR\",\"@id\":\"https:\\\/\\\/secure.gravatar.com\\\/avatar\\\/37d968a2e67a6fd04c169c4bdef102d0bc5d31b2546345219e348575eb80e9a0?s=96&d=mm&r=g\",\"url\":\"https:\\\/\\\/secure.gravatar.com\\\/avatar\\\/37d968a2e67a6fd04c169c4bdef102d0bc5d31b2546345219e348575eb80e9a0?s=96&d=mm&r=g\",\"contentUrl\":\"https:\\\/\\\/secure.gravatar.com\\\/avatar\\\/37d968a2e67a6fd04c169c4bdef102d0bc5d31b2546345219e348575eb80e9a0?s=96&d=mm&r=g\",\"caption\":\"redazione\"},\"sameAs\":[\"http:\\\/\\\/www.bellunopress.it\",\"https:\\\/\\\/x.com\\\/bellunopress\"],\"url\":\"https:\\\/\\\/www.bellunopress.it\\\/fr\\\/author\\\/redazione\\\/\"}]}<\/script>\n<!-- \/ Yoast SEO plugin. -->","yoast_head_json":{"title":"Sabato 1 agosto a Puos d'Alpago si inaugura la mostra \"Mondi dipinti\" di Maria Meraglia - Bellunopress - Dolomiti","robots":{"index":"index","follow":"follow","max-snippet":"max-snippet:-1","max-image-preview":"max-image-preview:large","max-video-preview":"max-video-preview:-1"},"canonical":"https:\/\/www.bellunopress.it\/fr\/2026\/07\/31\/sabato-1-agosto-a-puos-dalpago-si-inaugura-la-mostra-mondi-dipinti-di-maria-meraglia\/","og_locale":"fr_FR","og_type":"article","og_title":"Sabato 1 agosto a Puos d'Alpago si inaugura la mostra \"Mondi dipinti\" di Maria Meraglia - Bellunopress - Dolomiti","og_description":"Alpago, 31 luglio 2026 &#8211; Sabato 1 agosto, alle 17 al Municipio di Puos d&#8217;Alpago verr\u00e0 inaugurata la mostra delle opere di Maria Meraglia, pittrice bellunese iperrealista autrice della maglietta del Giro del Lago (che si svolger\u00e0 il 16 agosto). A curare il vernissage sar\u00e0 Serena Dal Borgo. La mostra, dal titolo &#8220;Mondi dipinti. Dalle [&hellip;]","og_url":"https:\/\/www.bellunopress.it\/fr\/2026\/07\/31\/sabato-1-agosto-a-puos-dalpago-si-inaugura-la-mostra-mondi-dipinti-di-maria-meraglia\/","og_site_name":"Bellunopress - Dolomiti","article_publisher":"https:\/\/www.facebook.com\/profile.php?id=100008943462799","article_published_time":"2026-07-31T05:23:48+00:00","og_image":[{"width":375,"height":500,"url":"https:\/\/www.bellunopress.it\/wp-content\/uploads\/2026\/07\/maria-meraglia.jpeg","type":"image\/jpeg"}],"author":"redazione","twitter_card":"summary_large_image","twitter_creator":"@bellunopress","twitter_site":"@bellunopress","twitter_misc":{"\u00c9crit par":"redazione","Dur\u00e9e de lecture estim\u00e9e":"2 minutes"},"schema":{"@context":"https:\/\/schema.org","@graph":[{"@type":"Article","@id":"https:\/\/www.bellunopress.it\/2026\/07\/31\/sabato-1-agosto-a-puos-dalpago-si-inaugura-la-mostra-mondi-dipinti-di-maria-meraglia\/#article","isPartOf":{"@id":"https:\/\/www.bellunopress.it\/2026\/07\/31\/sabato-1-agosto-a-puos-dalpago-si-inaugura-la-mostra-mondi-dipinti-di-maria-meraglia\/"},"author":{"name":"redazione","@id":"https:\/\/www.bellunopress.it\/#\/schema\/person\/79bb06722b37ece1c03d3e94beb30d73"},"headline":"Sabato 1 agosto a Puos d&#8217;Alpago si inaugura la mostra &#8220;Mondi dipinti&#8221; di Maria Meraglia","datePublished":"2026-07-31T05:23:48+00:00","mainEntityOfPage":{"@id":"https:\/\/www.bellunopress.it\/2026\/07\/31\/sabato-1-agosto-a-puos-dalpago-si-inaugura-la-mostra-mondi-dipinti-di-maria-meraglia\/"},"wordCount":316,"publisher":{"@id":"https:\/\/www.bellunopress.it\/#organization"},"image":{"@id":"https:\/\/www.bellunopress.it\/2026\/07\/31\/sabato-1-agosto-a-puos-dalpago-si-inaugura-la-mostra-mondi-dipinti-di-maria-meraglia\/#primaryimage"},"thumbnailUrl":"https:\/\/www.bellunopress.it\/wp-content\/uploads\/2026\/07\/maria-meraglia.jpeg","articleSection":["Appuntamenti, Eventi","Arte, Cultura, Spettacoli, Scienza","Pausa Caff\u00e8"],"inLanguage":"fr-FR"},{"@type":"WebPage","@id":"https:\/\/www.bellunopress.it\/2026\/07\/31\/sabato-1-agosto-a-puos-dalpago-si-inaugura-la-mostra-mondi-dipinti-di-maria-meraglia\/","url":"https:\/\/www.bellunopress.it\/2026\/07\/31\/sabato-1-agosto-a-puos-dalpago-si-inaugura-la-mostra-mondi-dipinti-di-maria-meraglia\/","name":"Sabato 1 agosto a Puos d'Alpago si inaugura la mostra \"Mondi dipinti\" di Maria Meraglia - Bellunopress - Dolomiti","isPartOf":{"@id":"https:\/\/www.bellunopress.it\/#website"},"primaryImageOfPage":{"@id":"https:\/\/www.bellunopress.it\/2026\/07\/31\/sabato-1-agosto-a-puos-dalpago-si-inaugura-la-mostra-mondi-dipinti-di-maria-meraglia\/#primaryimage"},"image":{"@id":"https:\/\/www.bellunopress.it\/2026\/07\/31\/sabato-1-agosto-a-puos-dalpago-si-inaugura-la-mostra-mondi-dipinti-di-maria-meraglia\/#primaryimage"},"thumbnailUrl":"https:\/\/www.bellunopress.it\/wp-content\/uploads\/2026\/07\/maria-meraglia.jpeg","datePublished":"2026-07-31T05:23:48+00:00","breadcrumb":{"@id":"https:\/\/www.bellunopress.it\/2026\/07\/31\/sabato-1-agosto-a-puos-dalpago-si-inaugura-la-mostra-mondi-dipinti-di-maria-meraglia\/#breadcrumb"},"inLanguage":"fr-FR","potentialAction":[{"@type":"ReadAction","target":["https:\/\/www.bellunopress.it\/2026\/07\/31\/sabato-1-agosto-a-puos-dalpago-si-inaugura-la-mostra-mondi-dipinti-di-maria-meraglia\/"]}]},{"@type":"ImageObject","inLanguage":"fr-FR","@id":"https:\/\/www.bellunopress.it\/2026\/07\/31\/sabato-1-agosto-a-puos-dalpago-si-inaugura-la-mostra-mondi-dipinti-di-maria-meraglia\/#primaryimage","url":"https:\/\/www.bellunopress.it\/wp-content\/uploads\/2026\/07\/maria-meraglia.jpeg","contentUrl":"https:\/\/www.bellunopress.it\/wp-content\/uploads\/2026\/07\/maria-meraglia.jpeg","width":375,"height":500},{"@type":"BreadcrumbList","@id":"https:\/\/www.bellunopress.it\/2026\/07\/31\/sabato-1-agosto-a-puos-dalpago-si-inaugura-la-mostra-mondi-dipinti-di-maria-meraglia\/#breadcrumb","itemListElement":[{"@type":"ListItem","position":1,"name":"Home","item":"https:\/\/www.bellunopress.it\/"},{"@type":"ListItem","position":2,"name":"Sabato 1 agosto a Puos d&#8217;Alpago si inaugura la mostra &#8220;Mondi dipinti&#8221; di Maria Meraglia"}]},{"@type":"WebSite","@id":"https:\/\/www.bellunopress.it\/#website","url":"https:\/\/www.bellunopress.it\/","name":"Bellunopress - Dolomiti","description":"e-mail: redazione@bellunopress.it","publisher":{"@id":"https:\/\/www.bellunopress.it\/#organization"},"potentialAction":[{"@type":"SearchAction","target":{"@type":"EntryPoint","urlTemplate":"https:\/\/www.bellunopress.it\/?s={search_term_string}"},"query-input":{"@type":"PropertyValueSpecification","valueRequired":true,"valueName":"search_term_string"}}],"inLanguage":"fr-FR"},{"@type":"Organization","@id":"https:\/\/www.bellunopress.it\/#organization","name":"Bellunopress","url":"https:\/\/www.bellunopress.it\/","logo":{"@type":"ImageObject","inLanguage":"fr-FR","@id":"https:\/\/www.bellunopress.it\/#\/schema\/logo\/image\/","url":"https:\/\/www.bellunopress.it\/wp-content\/uploads\/2011\/05\/cropped-logo-bellunopress-.jpg","contentUrl":"https:\/\/www.bellunopress.it\/wp-content\/uploads\/2011\/05\/cropped-logo-bellunopress-.jpg","width":512,"height":512,"caption":"Bellunopress"},"image":{"@id":"https:\/\/www.bellunopress.it\/#\/schema\/logo\/image\/"},"sameAs":["https:\/\/www.facebook.com\/profile.php?id=100008943462799","https:\/\/x.com\/bellunopress","https:\/\/www.linkedin.com\/hp\/?dnr=JBzUWaJfMUw8vbXJJ2tVW5-I3jZKvC4wsoxE&amp;amp;amp;amp;amp;amp;trk=nav_responsive_tab_home","https:\/\/www.youtube.com\/channel\/UCxL0wu1uN0_3_7hGG0306cw"]},{"@type":"Person","@id":"https:\/\/www.bellunopress.it\/#\/schema\/person\/79bb06722b37ece1c03d3e94beb30d73","name":"r\u00e9daction","image":{"@type":"ImageObject","inLanguage":"fr-FR","@id":"https:\/\/secure.gravatar.com\/avatar\/37d968a2e67a6fd04c169c4bdef102d0bc5d31b2546345219e348575eb80e9a0?s=96&d=mm&r=g","url":"https:\/\/secure.gravatar.com\/avatar\/37d968a2e67a6fd04c169c4bdef102d0bc5d31b2546345219e348575eb80e9a0?s=96&d=mm&r=g","contentUrl":"https:\/\/secure.gravatar.com\/avatar\/37d968a2e67a6fd04c169c4bdef102d0bc5d31b2546345219e348575eb80e9a0?s=96&d=mm&r=g","caption":"redazione"},"sameAs":["http:\/\/www.bellunopress.it","https:\/\/x.com\/bellunopress"],"url":"https:\/\/www.bellunopress.it\/fr\/author\/redazione\/"}]}},"_links":{"self":[{"href":"https:\/\/www.bellunopress.it\/fr\/wp-json\/wp\/v2\/posts\/172310","targetHints":{"allow":["GET"]}}],"collection":[{"href":"https:\/\/www.bellunopress.it\/fr\/wp-json\/wp\/v2\/posts"}],"about":[{"href":"https:\/\/www.bellunopress.it\/fr\/wp-json\/wp\/v2\/types\/post"}],"author":[{"embeddable":true,"href":"https:\/\/www.bellunopress.it\/fr\/wp-json\/wp\/v2\/users\/2"}],"replies":[{"embeddable":true,"href":"https:\/\/www.bellunopress.it\/fr\/wp-json\/wp\/v2\/comments?post=172310"}],"version-history":[{"count":1,"href":"https:\/\/www.bellunopress.it\/fr\/wp-json\/wp\/v2\/posts\/172310\/revisions"}],"predecessor-version":[{"id":172312,"href":"https:\/\/www.bellunopress.it\/fr\/wp-json\/wp\/v2\/posts\/172310\/revisions\/172312"}],"wp:featuredmedia":[{"embeddable":true,"href":"https:\/\/www.bellunopress.it\/fr\/wp-json\/wp\/v2\/media\/172311"}],"wp:attachment":[{"href":"https:\/\/www.bellunopress.it\/fr\/wp-json\/wp\/v2\/media?parent=172310"}],"wp:term":[{"taxonomy":"category","embeddable":true,"href":"https:\/\/www.bellunopress.it\/fr\/wp-json\/wp\/v2\/categories?post=172310"},{"taxonomy":"post_tag","embeddable":true,"href":"https:\/\/www.bellunopress.it\/fr\/wp-json\/wp\/v2\/tags?post=172310"}],"curies":[{"name":"wp","href":"https:\/\/api.w.org\/{rel}","templated":true}]}}