{"id":172305,"date":"2026-07-30T15:02:51","date_gmt":"2026-07-30T13:02:51","guid":{"rendered":"https:\/\/www.bellunopress.it\/?p=172305"},"modified":"2026-07-30T15:02:51","modified_gmt":"2026-07-30T13:02:51","slug":"lex-assessore-provinciale-quinto-piol-inchioda-la-politica-alle-sue-responsabilita","status":"publish","type":"post","link":"https:\/\/www.bellunopress.it\/fr\/2026\/07\/30\/lex-assessore-provinciale-quinto-piol-inchioda-la-politica-alle-sue-responsabilita\/","title":{"rendered":"L&#8217;ex assessore provinciale Quinto Piol inchioda la politica alle sue responsabilit\u00e0"},"content":{"rendered":"<p>Belluno, 30\/07\/2026 &#8211; Mentre i cittadini e i consiglieri di opposizione chiedono a gran voce correttivi immediati, una rimodulazione dei fondi e un tavolo di trattativa con l&#8217;azienda, Quinto Piol, gi\u00e0 assessore provinciale alla viabilit\u00e0, alza il livello dello scontro nel Gruppo Facebook &#8220;Belluno, attualit\u00e0 e politica&#8221; che ha oramai sfondato il muro dei 10mila iscritti, addebitando alla politica stessa la responsabilit\u00e0 di aver disegnato e tollerato un sistema di trasporto pubblico che, anzich\u00e9 garantire un diritto costituzionale alla mobilit\u00e0 in montagna, finisce per ubbidire alle logiche di profitto del partner privato.<\/p>\n<p data-path-to-node=\"0\">L&#8217;osservazione di Quinto Piol (ex assessore provinciale alla mobilit\u00e0 e profondo conoscitore delle dinamiche di Dolomiti Bus) si inserisce come una voce critica e disincantata nel coro delle polemiche sollevate dai consiglieri Bortoluzzi e Calligaro e dalla lettera della madre bellunese.<\/p>\n<p data-path-to-node=\"1\">Mentre la politica (Bortoluzzi e Calligaro) attacca l&#8217;attuale amministrazione provinciale (guidata da Marco Staunovo Polacco) per non aver condotto una trattativa &#8220;vera&#8221; con il gestore e la cittadina esprime lo sconcerto di una famiglia di fronte ai rincari a fronte di lauti utili aziendali, la posizione di Piol sposta il tiro sulla corresponsabilit\u00e0 della classe politica e sulla natura stessa del modello di gestione del Trasporto Pubblico Locale (TPL).<\/p>\n<h3 data-path-to-node=\"4\"><strong>Il j&#8217;accuse alla politica di Quinto Piol<\/strong><\/h3>\n<h3 data-path-to-node=\"4\">&#8220;C<i data-path-to-node=\"4\" data-index-in-node=\"30\">hi ha approvato i piani di esercizio&#8221;?<\/i><\/h3>\n<ul data-path-to-node=\"5\">\n<li>\n<p data-path-to-node=\"5,0,0\">Il contesto: Bortoluzzi (ex delegato al TPL) e Calligaro puntano il dito contro l&#8217;attuale Ente di Governo per aver gestito male i dividendi e avallato i rincari. Piol ribatte con polemica tagliente (&#8220;Ben svegliati!!!&#8221;), ricordando che le criticit\u00e0 attuali non nascono oggi, ma sono il frutto di decisioni politiche stratificate nel tempo.<\/p>\n<\/li>\n<li>\n<p data-path-to-node=\"5,1,0\">Il significato: Piol accusa gli amministratori (passati e presenti, compresi quelli che oggi protestano) di incoerenza. I piani di esercizio e i contratti che permettono questi meccanismi finanziari sono stati approvati nel tempo proprio da quegli enti politici che oggi fingono sorpresa o fanno opposizione.<\/p>\n<\/li>\n<\/ul>\n<h3 data-path-to-node=\"6\">Gli utili milionari e la logica del privato: <i data-path-to-node=\"6\" data-index-in-node=\"48\">&#8220;Utili dimostrano piani sbagliati&#8221;<\/i><\/h3>\n<ul data-path-to-node=\"7\">\n<li>\n<p data-path-to-node=\"7,0,0\">Il contesto: Nel 2024 e nel 2025 Dolomiti Bus ha registrato utili consistenti (rispettivamente 1,9 e 2,7 milioni di euro). La polemica generale verte su come spendere questi soldi (se per sterilizzare i rincari o per potenziare le corse).<\/p>\n<\/li>\n<li>\n<p data-path-to-node=\"7,1,0\">Il significato: Per Piol la presenza di &#8220;grandi avanzi&#8221; di bilancio in un&#8217;azienda di trasporto pubblico non \u00e8 un trofeo da esibire, ma la prova provata di un fallimento programmato. Significa che le risorse pubbliche erogate (o le tariffe pagate dagli utenti) sono state sovrastimate rispetto ai servizi effettivamente resi, generando un surplus che avvantaggia il socio privato a discapito della collettivit\u00e0.<\/p>\n<\/li>\n<\/ul>\n<h3 data-path-to-node=\"8\">Il caso ProntoBus \/ Trillo: <i data-path-to-node=\"8\" data-index-in-node=\"31\">&#8220;Servizio a chiamata esclusivamente sostitutivo per risparmiare&#8221;<\/i><\/h3>\n<ul data-path-to-node=\"9\">\n<li>\n<p data-path-to-node=\"9,0,0\">Il contesto: Nella lettera della lettrice emerge con forza il disagio legato all&#8217;introduzione del servizio a chiamata (chiamato <i data-path-to-node=\"9,0,0\" data-index-in-node=\"128\">Trillo<\/i>), che ha sostituito le corse di linea tradizionali, creando incertezza e costringendo le famiglie a ripiegare sull&#8217;auto privata.<\/p>\n<\/li>\n<li>\n<p data-path-to-node=\"9,1,0\">Il significato: Piol d\u00e0 voce a questo malcontento smascherando la natura economica di questi servizi innovativi. Sostiene che i sistemi a chiamata non nascono per offrire un servizio pi\u00f9 flessibile o moderno, ma come strumento di contenimento dei costi per tagliare le corse a minor carico e massimizzare il profitto del gestore privato, scaricando i disagi sui territori periferici e montani.<\/p>\n<\/li>\n<\/ul>\n<p>&nbsp;<\/p>","protected":false},"excerpt":{"rendered":"<p>Belluno, 30\/07\/2026 &#8211; Mentre i cittadini e i consiglieri di opposizione chiedono a gran voce correttivi immediati, una rimodulazione dei fondi e un tavolo di trattativa con l&#8217;azienda, Quinto Piol, gi\u00e0 assessore provinciale alla viabilit\u00e0, alza il livello dello scontro nel Gruppo Facebook &#8220;Belluno, attualit\u00e0 e politica&#8221; che ha oramai sfondato il muro dei 10mila [&hellip;]<\/p>\n","protected":false},"author":2,"featured_media":69401,"comment_status":"closed","ping_status":"open","sticky":false,"template":"","format":"standard","meta":{"footnotes":""},"categories":[5,26],"tags":[],"class_list":["post-172305","post","type-post","status-publish","format-standard","has-post-thumbnail","category-cronaca","category-prima-pagina"],"yoast_head":"<!-- This site is optimized with the Yoast SEO plugin v28.4 - https:\/\/yoast.com\/product\/yoast-seo-wordpress\/ -->\n<title>L&#039;ex assessore provinciale Quinto Piol inchioda la politica alle sue responsabilit\u00e0 - Bellunopress - Dolomiti<\/title>\n<meta name=\"robots\" content=\"index, follow, max-snippet:-1, max-image-preview:large, max-video-preview:-1\" \/>\n<link rel=\"canonical\" href=\"https:\/\/www.bellunopress.it\/fr\/2026\/07\/30\/lex-assessore-provinciale-quinto-piol-inchioda-la-politica-alle-sue-responsabilita\/\" \/>\n<meta property=\"og:locale\" content=\"fr_FR\" \/>\n<meta property=\"og:type\" content=\"article\" \/>\n<meta property=\"og:title\" content=\"L&#039;ex assessore provinciale Quinto Piol inchioda la politica alle sue responsabilit\u00e0 - Bellunopress - Dolomiti\" \/>\n<meta property=\"og:description\" content=\"Belluno, 30\/07\/2026 &#8211; Mentre i cittadini e i consiglieri di opposizione chiedono a gran voce correttivi immediati, una rimodulazione dei fondi e un tavolo di trattativa con l&#8217;azienda, Quinto Piol, gi\u00e0 assessore provinciale alla viabilit\u00e0, alza il livello dello scontro nel Gruppo Facebook &#8220;Belluno, attualit\u00e0 e politica&#8221; che ha oramai sfondato il muro dei 10mila [&hellip;]\" \/>\n<meta property=\"og:url\" content=\"https:\/\/www.bellunopress.it\/fr\/2026\/07\/30\/lex-assessore-provinciale-quinto-piol-inchioda-la-politica-alle-sue-responsabilita\/\" \/>\n<meta property=\"og:site_name\" content=\"Bellunopress - Dolomiti\" \/>\n<meta property=\"article:publisher\" content=\"https:\/\/www.facebook.com\/profile.php?id=100008943462799\" \/>\n<meta property=\"article:published_time\" content=\"2026-07-30T13:02:51+00:00\" \/>\n<meta property=\"og:image\" content=\"https:\/\/www.bellunopress.it\/wp-content\/uploads\/2015\/06\/quinto-piol.jpg\" \/>\n\t<meta property=\"og:image:width\" content=\"290\" \/>\n\t<meta property=\"og:image:height\" content=\"281\" \/>\n\t<meta property=\"og:image:type\" content=\"image\/jpeg\" \/>\n<meta name=\"author\" content=\"redazione\" \/>\n<meta name=\"twitter:card\" content=\"summary_large_image\" \/>\n<meta name=\"twitter:creator\" content=\"@bellunopress\" \/>\n<meta name=\"twitter:site\" content=\"@bellunopress\" \/>\n<meta name=\"twitter:label1\" content=\"\u00c9crit par\" \/>\n\t<meta name=\"twitter:data1\" content=\"redazione\" \/>\n\t<meta name=\"twitter:label2\" content=\"Dur\u00e9e de lecture estim\u00e9e\" \/>\n\t<meta name=\"twitter:data2\" content=\"4 minutes\" \/>\n<script type=\"application\/ld+json\" class=\"yoast-schema-graph\">{\"@context\":\"https:\\\/\\\/schema.org\",\"@graph\":[{\"@type\":\"Article\",\"@id\":\"https:\\\/\\\/www.bellunopress.it\\\/2026\\\/07\\\/30\\\/lex-assessore-provinciale-quinto-piol-inchioda-la-politica-alle-sue-responsabilita\\\/#article\",\"isPartOf\":{\"@id\":\"https:\\\/\\\/www.bellunopress.it\\\/2026\\\/07\\\/30\\\/lex-assessore-provinciale-quinto-piol-inchioda-la-politica-alle-sue-responsabilita\\\/\"},\"author\":{\"name\":\"redazione\",\"@id\":\"https:\\\/\\\/www.bellunopress.it\\\/#\\\/schema\\\/person\\\/79bb06722b37ece1c03d3e94beb30d73\"},\"headline\":\"L&#8217;ex assessore provinciale Quinto Piol inchioda la politica alle sue responsabilit\u00e0\",\"datePublished\":\"2026-07-30T13:02:51+00:00\",\"mainEntityOfPage\":{\"@id\":\"https:\\\/\\\/www.bellunopress.it\\\/2026\\\/07\\\/30\\\/lex-assessore-provinciale-quinto-piol-inchioda-la-politica-alle-sue-responsabilita\\\/\"},\"wordCount\":550,\"publisher\":{\"@id\":\"https:\\\/\\\/www.bellunopress.it\\\/#organization\"},\"image\":{\"@id\":\"https:\\\/\\\/www.bellunopress.it\\\/2026\\\/07\\\/30\\\/lex-assessore-provinciale-quinto-piol-inchioda-la-politica-alle-sue-responsabilita\\\/#primaryimage\"},\"thumbnailUrl\":\"https:\\\/\\\/www.bellunopress.it\\\/wp-content\\\/uploads\\\/2015\\\/06\\\/quinto-piol.jpg\",\"articleSection\":[\"Cronaca\\\/Politica\",\"Prima Pagina\"],\"inLanguage\":\"fr-FR\"},{\"@type\":\"WebPage\",\"@id\":\"https:\\\/\\\/www.bellunopress.it\\\/2026\\\/07\\\/30\\\/lex-assessore-provinciale-quinto-piol-inchioda-la-politica-alle-sue-responsabilita\\\/\",\"url\":\"https:\\\/\\\/www.bellunopress.it\\\/2026\\\/07\\\/30\\\/lex-assessore-provinciale-quinto-piol-inchioda-la-politica-alle-sue-responsabilita\\\/\",\"name\":\"L'ex assessore provinciale Quinto Piol inchioda la politica alle sue responsabilit\u00e0 - Bellunopress - Dolomiti\",\"isPartOf\":{\"@id\":\"https:\\\/\\\/www.bellunopress.it\\\/#website\"},\"primaryImageOfPage\":{\"@id\":\"https:\\\/\\\/www.bellunopress.it\\\/2026\\\/07\\\/30\\\/lex-assessore-provinciale-quinto-piol-inchioda-la-politica-alle-sue-responsabilita\\\/#primaryimage\"},\"image\":{\"@id\":\"https:\\\/\\\/www.bellunopress.it\\\/2026\\\/07\\\/30\\\/lex-assessore-provinciale-quinto-piol-inchioda-la-politica-alle-sue-responsabilita\\\/#primaryimage\"},\"thumbnailUrl\":\"https:\\\/\\\/www.bellunopress.it\\\/wp-content\\\/uploads\\\/2015\\\/06\\\/quinto-piol.jpg\",\"datePublished\":\"2026-07-30T13:02:51+00:00\",\"breadcrumb\":{\"@id\":\"https:\\\/\\\/www.bellunopress.it\\\/2026\\\/07\\\/30\\\/lex-assessore-provinciale-quinto-piol-inchioda-la-politica-alle-sue-responsabilita\\\/#breadcrumb\"},\"inLanguage\":\"fr-FR\",\"potentialAction\":[{\"@type\":\"ReadAction\",\"target\":[\"https:\\\/\\\/www.bellunopress.it\\\/2026\\\/07\\\/30\\\/lex-assessore-provinciale-quinto-piol-inchioda-la-politica-alle-sue-responsabilita\\\/\"]}]},{\"@type\":\"ImageObject\",\"inLanguage\":\"fr-FR\",\"@id\":\"https:\\\/\\\/www.bellunopress.it\\\/2026\\\/07\\\/30\\\/lex-assessore-provinciale-quinto-piol-inchioda-la-politica-alle-sue-responsabilita\\\/#primaryimage\",\"url\":\"https:\\\/\\\/www.bellunopress.it\\\/wp-content\\\/uploads\\\/2015\\\/06\\\/quinto-piol.jpg\",\"contentUrl\":\"https:\\\/\\\/www.bellunopress.it\\\/wp-content\\\/uploads\\\/2015\\\/06\\\/quinto-piol.jpg\",\"width\":290,\"height\":281,\"caption\":\"Quinto PIol nella storica immagine dell'apertura della galleria di Col Cavalier a Belluno\"},{\"@type\":\"BreadcrumbList\",\"@id\":\"https:\\\/\\\/www.bellunopress.it\\\/2026\\\/07\\\/30\\\/lex-assessore-provinciale-quinto-piol-inchioda-la-politica-alle-sue-responsabilita\\\/#breadcrumb\",\"itemListElement\":[{\"@type\":\"ListItem\",\"position\":1,\"name\":\"Home\",\"item\":\"https:\\\/\\\/www.bellunopress.it\\\/\"},{\"@type\":\"ListItem\",\"position\":2,\"name\":\"L&#8217;ex assessore provinciale Quinto Piol inchioda la politica alle sue responsabilit\u00e0\"}]},{\"@type\":\"WebSite\",\"@id\":\"https:\\\/\\\/www.bellunopress.it\\\/#website\",\"url\":\"https:\\\/\\\/www.bellunopress.it\\\/\",\"name\":\"Bellunopress - Dolomiti\",\"description\":\"e-mail: redazione@bellunopress.it\",\"publisher\":{\"@id\":\"https:\\\/\\\/www.bellunopress.it\\\/#organization\"},\"potentialAction\":[{\"@type\":\"SearchAction\",\"target\":{\"@type\":\"EntryPoint\",\"urlTemplate\":\"https:\\\/\\\/www.bellunopress.it\\\/?s={search_term_string}\"},\"query-input\":{\"@type\":\"PropertyValueSpecification\",\"valueRequired\":true,\"valueName\":\"search_term_string\"}}],\"inLanguage\":\"fr-FR\"},{\"@type\":\"Organization\",\"@id\":\"https:\\\/\\\/www.bellunopress.it\\\/#organization\",\"name\":\"Bellunopress\",\"url\":\"https:\\\/\\\/www.bellunopress.it\\\/\",\"logo\":{\"@type\":\"ImageObject\",\"inLanguage\":\"fr-FR\",\"@id\":\"https:\\\/\\\/www.bellunopress.it\\\/#\\\/schema\\\/logo\\\/image\\\/\",\"url\":\"https:\\\/\\\/www.bellunopress.it\\\/wp-content\\\/uploads\\\/2011\\\/05\\\/cropped-logo-bellunopress-.jpg\",\"contentUrl\":\"https:\\\/\\\/www.bellunopress.it\\\/wp-content\\\/uploads\\\/2011\\\/05\\\/cropped-logo-bellunopress-.jpg\",\"width\":512,\"height\":512,\"caption\":\"Bellunopress\"},\"image\":{\"@id\":\"https:\\\/\\\/www.bellunopress.it\\\/#\\\/schema\\\/logo\\\/image\\\/\"},\"sameAs\":[\"https:\\\/\\\/www.facebook.com\\\/profile.php?id=100008943462799\",\"https:\\\/\\\/x.com\\\/bellunopress\",\"https:\\\/\\\/www.linkedin.com\\\/hp\\\/?dnr=JBzUWaJfMUw8vbXJJ2tVW5-I3jZKvC4wsoxE&amp;amp;amp;amp;amp;amp;trk=nav_responsive_tab_home\",\"https:\\\/\\\/www.youtube.com\\\/channel\\\/UCxL0wu1uN0_3_7hGG0306cw\"]},{\"@type\":\"Person\",\"@id\":\"https:\\\/\\\/www.bellunopress.it\\\/#\\\/schema\\\/person\\\/79bb06722b37ece1c03d3e94beb30d73\",\"name\":\"redazione\",\"image\":{\"@type\":\"ImageObject\",\"inLanguage\":\"fr-FR\",\"@id\":\"https:\\\/\\\/secure.gravatar.com\\\/avatar\\\/37d968a2e67a6fd04c169c4bdef102d0bc5d31b2546345219e348575eb80e9a0?s=96&d=mm&r=g\",\"url\":\"https:\\\/\\\/secure.gravatar.com\\\/avatar\\\/37d968a2e67a6fd04c169c4bdef102d0bc5d31b2546345219e348575eb80e9a0?s=96&d=mm&r=g\",\"contentUrl\":\"https:\\\/\\\/secure.gravatar.com\\\/avatar\\\/37d968a2e67a6fd04c169c4bdef102d0bc5d31b2546345219e348575eb80e9a0?s=96&d=mm&r=g\",\"caption\":\"redazione\"},\"sameAs\":[\"http:\\\/\\\/www.bellunopress.it\",\"https:\\\/\\\/x.com\\\/bellunopress\"],\"url\":\"https:\\\/\\\/www.bellunopress.it\\\/fr\\\/author\\\/redazione\\\/\"}]}<\/script>\n<!-- \/ Yoast SEO plugin. -->","yoast_head_json":{"title":"L'ex assessore provinciale Quinto Piol inchioda la politica alle sue responsabilit\u00e0 - Bellunopress - Dolomiti","robots":{"index":"index","follow":"follow","max-snippet":"max-snippet:-1","max-image-preview":"max-image-preview:large","max-video-preview":"max-video-preview:-1"},"canonical":"https:\/\/www.bellunopress.it\/fr\/2026\/07\/30\/lex-assessore-provinciale-quinto-piol-inchioda-la-politica-alle-sue-responsabilita\/","og_locale":"fr_FR","og_type":"article","og_title":"L'ex assessore provinciale Quinto Piol inchioda la politica alle sue responsabilit\u00e0 - Bellunopress - Dolomiti","og_description":"Belluno, 30\/07\/2026 &#8211; Mentre i cittadini e i consiglieri di opposizione chiedono a gran voce correttivi immediati, una rimodulazione dei fondi e un tavolo di trattativa con l&#8217;azienda, Quinto Piol, gi\u00e0 assessore provinciale alla viabilit\u00e0, alza il livello dello scontro nel Gruppo Facebook &#8220;Belluno, attualit\u00e0 e politica&#8221; che ha oramai sfondato il muro dei 10mila [&hellip;]","og_url":"https:\/\/www.bellunopress.it\/fr\/2026\/07\/30\/lex-assessore-provinciale-quinto-piol-inchioda-la-politica-alle-sue-responsabilita\/","og_site_name":"Bellunopress - Dolomiti","article_publisher":"https:\/\/www.facebook.com\/profile.php?id=100008943462799","article_published_time":"2026-07-30T13:02:51+00:00","og_image":[{"width":290,"height":281,"url":"https:\/\/www.bellunopress.it\/wp-content\/uploads\/2015\/06\/quinto-piol.jpg","type":"image\/jpeg"}],"author":"redazione","twitter_card":"summary_large_image","twitter_creator":"@bellunopress","twitter_site":"@bellunopress","twitter_misc":{"\u00c9crit par":"redazione","Dur\u00e9e de lecture estim\u00e9e":"4 minutes"},"schema":{"@context":"https:\/\/schema.org","@graph":[{"@type":"Article","@id":"https:\/\/www.bellunopress.it\/2026\/07\/30\/lex-assessore-provinciale-quinto-piol-inchioda-la-politica-alle-sue-responsabilita\/#article","isPartOf":{"@id":"https:\/\/www.bellunopress.it\/2026\/07\/30\/lex-assessore-provinciale-quinto-piol-inchioda-la-politica-alle-sue-responsabilita\/"},"author":{"name":"redazione","@id":"https:\/\/www.bellunopress.it\/#\/schema\/person\/79bb06722b37ece1c03d3e94beb30d73"},"headline":"L&#8217;ex assessore provinciale Quinto Piol inchioda la politica alle sue responsabilit\u00e0","datePublished":"2026-07-30T13:02:51+00:00","mainEntityOfPage":{"@id":"https:\/\/www.bellunopress.it\/2026\/07\/30\/lex-assessore-provinciale-quinto-piol-inchioda-la-politica-alle-sue-responsabilita\/"},"wordCount":550,"publisher":{"@id":"https:\/\/www.bellunopress.it\/#organization"},"image":{"@id":"https:\/\/www.bellunopress.it\/2026\/07\/30\/lex-assessore-provinciale-quinto-piol-inchioda-la-politica-alle-sue-responsabilita\/#primaryimage"},"thumbnailUrl":"https:\/\/www.bellunopress.it\/wp-content\/uploads\/2015\/06\/quinto-piol.jpg","articleSection":["Cronaca\/Politica","Prima Pagina"],"inLanguage":"fr-FR"},{"@type":"WebPage","@id":"https:\/\/www.bellunopress.it\/2026\/07\/30\/lex-assessore-provinciale-quinto-piol-inchioda-la-politica-alle-sue-responsabilita\/","url":"https:\/\/www.bellunopress.it\/2026\/07\/30\/lex-assessore-provinciale-quinto-piol-inchioda-la-politica-alle-sue-responsabilita\/","name":"L'ex assessore provinciale Quinto Piol inchioda la politica alle sue responsabilit\u00e0 - Bellunopress - Dolomiti","isPartOf":{"@id":"https:\/\/www.bellunopress.it\/#website"},"primaryImageOfPage":{"@id":"https:\/\/www.bellunopress.it\/2026\/07\/30\/lex-assessore-provinciale-quinto-piol-inchioda-la-politica-alle-sue-responsabilita\/#primaryimage"},"image":{"@id":"https:\/\/www.bellunopress.it\/2026\/07\/30\/lex-assessore-provinciale-quinto-piol-inchioda-la-politica-alle-sue-responsabilita\/#primaryimage"},"thumbnailUrl":"https:\/\/www.bellunopress.it\/wp-content\/uploads\/2015\/06\/quinto-piol.jpg","datePublished":"2026-07-30T13:02:51+00:00","breadcrumb":{"@id":"https:\/\/www.bellunopress.it\/2026\/07\/30\/lex-assessore-provinciale-quinto-piol-inchioda-la-politica-alle-sue-responsabilita\/#breadcrumb"},"inLanguage":"fr-FR","potentialAction":[{"@type":"ReadAction","target":["https:\/\/www.bellunopress.it\/2026\/07\/30\/lex-assessore-provinciale-quinto-piol-inchioda-la-politica-alle-sue-responsabilita\/"]}]},{"@type":"ImageObject","inLanguage":"fr-FR","@id":"https:\/\/www.bellunopress.it\/2026\/07\/30\/lex-assessore-provinciale-quinto-piol-inchioda-la-politica-alle-sue-responsabilita\/#primaryimage","url":"https:\/\/www.bellunopress.it\/wp-content\/uploads\/2015\/06\/quinto-piol.jpg","contentUrl":"https:\/\/www.bellunopress.it\/wp-content\/uploads\/2015\/06\/quinto-piol.jpg","width":290,"height":281,"caption":"Quinto PIol nella storica immagine dell'apertura della galleria di Col Cavalier a Belluno"},{"@type":"BreadcrumbList","@id":"https:\/\/www.bellunopress.it\/2026\/07\/30\/lex-assessore-provinciale-quinto-piol-inchioda-la-politica-alle-sue-responsabilita\/#breadcrumb","itemListElement":[{"@type":"ListItem","position":1,"name":"Home","item":"https:\/\/www.bellunopress.it\/"},{"@type":"ListItem","position":2,"name":"L&#8217;ex assessore provinciale Quinto Piol inchioda la politica alle sue responsabilit\u00e0"}]},{"@type":"WebSite","@id":"https:\/\/www.bellunopress.it\/#website","url":"https:\/\/www.bellunopress.it\/","name":"Bellunopress - Dolomiti","description":"e-mail: redazione@bellunopress.it","publisher":{"@id":"https:\/\/www.bellunopress.it\/#organization"},"potentialAction":[{"@type":"SearchAction","target":{"@type":"EntryPoint","urlTemplate":"https:\/\/www.bellunopress.it\/?s={search_term_string}"},"query-input":{"@type":"PropertyValueSpecification","valueRequired":true,"valueName":"search_term_string"}}],"inLanguage":"fr-FR"},{"@type":"Organization","@id":"https:\/\/www.bellunopress.it\/#organization","name":"Bellunopress","url":"https:\/\/www.bellunopress.it\/","logo":{"@type":"ImageObject","inLanguage":"fr-FR","@id":"https:\/\/www.bellunopress.it\/#\/schema\/logo\/image\/","url":"https:\/\/www.bellunopress.it\/wp-content\/uploads\/2011\/05\/cropped-logo-bellunopress-.jpg","contentUrl":"https:\/\/www.bellunopress.it\/wp-content\/uploads\/2011\/05\/cropped-logo-bellunopress-.jpg","width":512,"height":512,"caption":"Bellunopress"},"image":{"@id":"https:\/\/www.bellunopress.it\/#\/schema\/logo\/image\/"},"sameAs":["https:\/\/www.facebook.com\/profile.php?id=100008943462799","https:\/\/x.com\/bellunopress","https:\/\/www.linkedin.com\/hp\/?dnr=JBzUWaJfMUw8vbXJJ2tVW5-I3jZKvC4wsoxE&amp;amp;amp;amp;amp;amp;trk=nav_responsive_tab_home","https:\/\/www.youtube.com\/channel\/UCxL0wu1uN0_3_7hGG0306cw"]},{"@type":"Person","@id":"https:\/\/www.bellunopress.it\/#\/schema\/person\/79bb06722b37ece1c03d3e94beb30d73","name":"r\u00e9daction","image":{"@type":"ImageObject","inLanguage":"fr-FR","@id":"https:\/\/secure.gravatar.com\/avatar\/37d968a2e67a6fd04c169c4bdef102d0bc5d31b2546345219e348575eb80e9a0?s=96&d=mm&r=g","url":"https:\/\/secure.gravatar.com\/avatar\/37d968a2e67a6fd04c169c4bdef102d0bc5d31b2546345219e348575eb80e9a0?s=96&d=mm&r=g","contentUrl":"https:\/\/secure.gravatar.com\/avatar\/37d968a2e67a6fd04c169c4bdef102d0bc5d31b2546345219e348575eb80e9a0?s=96&d=mm&r=g","caption":"redazione"},"sameAs":["http:\/\/www.bellunopress.it","https:\/\/x.com\/bellunopress"],"url":"https:\/\/www.bellunopress.it\/fr\/author\/redazione\/"}]}},"_links":{"self":[{"href":"https:\/\/www.bellunopress.it\/fr\/wp-json\/wp\/v2\/posts\/172305","targetHints":{"allow":["GET"]}}],"collection":[{"href":"https:\/\/www.bellunopress.it\/fr\/wp-json\/wp\/v2\/posts"}],"about":[{"href":"https:\/\/www.bellunopress.it\/fr\/wp-json\/wp\/v2\/types\/post"}],"author":[{"embeddable":true,"href":"https:\/\/www.bellunopress.it\/fr\/wp-json\/wp\/v2\/users\/2"}],"replies":[{"embeddable":true,"href":"https:\/\/www.bellunopress.it\/fr\/wp-json\/wp\/v2\/comments?post=172305"}],"version-history":[{"count":1,"href":"https:\/\/www.bellunopress.it\/fr\/wp-json\/wp\/v2\/posts\/172305\/revisions"}],"predecessor-version":[{"id":172306,"href":"https:\/\/www.bellunopress.it\/fr\/wp-json\/wp\/v2\/posts\/172305\/revisions\/172306"}],"wp:featuredmedia":[{"embeddable":true,"href":"https:\/\/www.bellunopress.it\/fr\/wp-json\/wp\/v2\/media\/69401"}],"wp:attachment":[{"href":"https:\/\/www.bellunopress.it\/fr\/wp-json\/wp\/v2\/media?parent=172305"}],"wp:term":[{"taxonomy":"category","embeddable":true,"href":"https:\/\/www.bellunopress.it\/fr\/wp-json\/wp\/v2\/categories?post=172305"},{"taxonomy":"post_tag","embeddable":true,"href":"https:\/\/www.bellunopress.it\/fr\/wp-json\/wp\/v2\/tags?post=172305"}],"curies":[{"name":"wp","href":"https:\/\/api.w.org\/{rel}","templated":true}]}}