{"id":172302,"date":"2026-07-30T13:53:43","date_gmt":"2026-07-30T11:53:43","guid":{"rendered":"https:\/\/www.bellunopress.it\/?p=172302"},"modified":"2026-07-30T13:53:43","modified_gmt":"2026-07-30T11:53:43","slug":"completata-la-manutenzione-alla-fontana-di-piazza-martiri","status":"publish","type":"post","link":"https:\/\/www.bellunopress.it\/fr\/2026\/07\/30\/completata-la-manutenzione-alla-fontana-di-piazza-martiri\/","title":{"rendered":"Completata la manutenzione alla fontana di Piazza Martiri"},"content":{"rendered":"<p>Belluno, 30\/07\/2026 &#8211; Si sono conclusi ieri gli interventi di pulizia e manutenzione della fontana di Piazza dei Martiri, che da oggi \u00e8 tornata pienamente in funzione con il ripristino dei giochi d&#8217;acqua.<\/p>\n<p>L&#8217;intervento \u00e8 stato possibile grazie all&#8217;arrivo della pompa centrale, attesa da diversi mesi insieme ai necessari pezzi di ricambio. I tecnici hanno provveduto alla sostituzione dei componenti e alla manutenzione dell&#8217;impianto, eliminando il guasto che comprometteva il corretto funzionamento dei giochi d&#8217;acqua. \u201cLa nostra bella fontana \u00e8 tornata a splendere, per questo desidero ringraziare tutti i tecnici per l\u2019ottimo lavoro svolto \u2013 commenta il sindaco, Oscar De Pellegrin -, oltre ai lavoratori comunali e al gruppo comunale di Protezione Civile per la collaborazione\u201d.<\/p>\n<p>Contestualmente alla manutenzione \u00e8 stata eseguita una pulizia completa della vasca: la fontana \u00e8 stata svuotata e, con l&#8217;impiego di un&#8217;apposita attrezzatura, \u00e8 stato rimosso il limo che con il tempo e le temperature si deposita sul fondo, restituendo decoro e piena efficienza all&#8217;impianto.<\/p>","protected":false},"excerpt":{"rendered":"<p>Belluno, 30\/07\/2026 &#8211; Si sono conclusi ieri gli interventi di pulizia e manutenzione della fontana di Piazza dei Martiri, che da oggi \u00e8 tornata pienamente in funzione con il ripristino dei giochi d&#8217;acqua. L&#8217;intervento \u00e8 stato possibile grazie all&#8217;arrivo della pompa centrale, attesa da diversi mesi insieme ai necessari pezzi di ricambio. I tecnici hanno [&hellip;]<\/p>\n","protected":false},"author":2,"featured_media":172303,"comment_status":"closed","ping_status":"open","sticky":false,"template":"","format":"standard","meta":{"footnotes":""},"categories":[5],"tags":[],"class_list":["post-172302","post","type-post","status-publish","format-standard","has-post-thumbnail","category-cronaca"],"yoast_head":"<!-- This site is optimized with the Yoast SEO plugin v28.4 - https:\/\/yoast.com\/product\/yoast-seo-wordpress\/ -->\n<title>Completata la manutenzione alla fontana di Piazza Martiri - Bellunopress - Dolomiti<\/title>\n<meta name=\"robots\" content=\"index, follow, max-snippet:-1, max-image-preview:large, max-video-preview:-1\" \/>\n<link rel=\"canonical\" href=\"https:\/\/www.bellunopress.it\/fr\/2026\/07\/30\/completata-la-manutenzione-alla-fontana-di-piazza-martiri\/\" \/>\n<meta property=\"og:locale\" content=\"fr_FR\" \/>\n<meta property=\"og:type\" content=\"article\" \/>\n<meta property=\"og:title\" content=\"Completata la manutenzione alla fontana di Piazza Martiri - Bellunopress - Dolomiti\" \/>\n<meta property=\"og:description\" content=\"Belluno, 30\/07\/2026 &#8211; Si sono conclusi ieri gli interventi di pulizia e manutenzione della fontana di Piazza dei Martiri, che da oggi \u00e8 tornata pienamente in funzione con il ripristino dei giochi d&#8217;acqua. L&#8217;intervento \u00e8 stato possibile grazie all&#8217;arrivo della pompa centrale, attesa da diversi mesi insieme ai necessari pezzi di ricambio. I tecnici hanno [&hellip;]\" \/>\n<meta property=\"og:url\" content=\"https:\/\/www.bellunopress.it\/fr\/2026\/07\/30\/completata-la-manutenzione-alla-fontana-di-piazza-martiri\/\" \/>\n<meta property=\"og:site_name\" content=\"Bellunopress - Dolomiti\" \/>\n<meta property=\"article:publisher\" content=\"https:\/\/www.facebook.com\/profile.php?id=100008943462799\" \/>\n<meta property=\"article:published_time\" content=\"2026-07-30T11:53:43+00:00\" \/>\n<meta property=\"og:image\" content=\"https:\/\/www.bellunopress.it\/wp-content\/uploads\/2026\/07\/fontana-giardini-piazza-martiri.jpg\" \/>\n\t<meta property=\"og:image:width\" content=\"600\" \/>\n\t<meta property=\"og:image:height\" content=\"379\" \/>\n\t<meta property=\"og:image:type\" content=\"image\/jpeg\" \/>\n<meta name=\"author\" content=\"redazione\" \/>\n<meta name=\"twitter:card\" content=\"summary_large_image\" \/>\n<meta name=\"twitter:creator\" content=\"@bellunopress\" \/>\n<meta name=\"twitter:site\" content=\"@bellunopress\" \/>\n<meta name=\"twitter:label1\" content=\"\u00c9crit par\" \/>\n\t<meta name=\"twitter:data1\" content=\"redazione\" \/>\n\t<meta name=\"twitter:label2\" content=\"Dur\u00e9e de lecture estim\u00e9e\" \/>\n\t<meta name=\"twitter:data2\" content=\"2 minutes\" \/>\n<script type=\"application\/ld+json\" class=\"yoast-schema-graph\">{\"@context\":\"https:\\\/\\\/schema.org\",\"@graph\":[{\"@type\":\"Article\",\"@id\":\"https:\\\/\\\/www.bellunopress.it\\\/2026\\\/07\\\/30\\\/completata-la-manutenzione-alla-fontana-di-piazza-martiri\\\/#article\",\"isPartOf\":{\"@id\":\"https:\\\/\\\/www.bellunopress.it\\\/2026\\\/07\\\/30\\\/completata-la-manutenzione-alla-fontana-di-piazza-martiri\\\/\"},\"author\":{\"name\":\"redazione\",\"@id\":\"https:\\\/\\\/www.bellunopress.it\\\/#\\\/schema\\\/person\\\/79bb06722b37ece1c03d3e94beb30d73\"},\"headline\":\"Completata la manutenzione alla fontana di Piazza Martiri\",\"datePublished\":\"2026-07-30T11:53:43+00:00\",\"mainEntityOfPage\":{\"@id\":\"https:\\\/\\\/www.bellunopress.it\\\/2026\\\/07\\\/30\\\/completata-la-manutenzione-alla-fontana-di-piazza-martiri\\\/\"},\"wordCount\":169,\"publisher\":{\"@id\":\"https:\\\/\\\/www.bellunopress.it\\\/#organization\"},\"image\":{\"@id\":\"https:\\\/\\\/www.bellunopress.it\\\/2026\\\/07\\\/30\\\/completata-la-manutenzione-alla-fontana-di-piazza-martiri\\\/#primaryimage\"},\"thumbnailUrl\":\"https:\\\/\\\/www.bellunopress.it\\\/wp-content\\\/uploads\\\/2026\\\/07\\\/fontana-giardini-piazza-martiri.jpg\",\"articleSection\":[\"Cronaca\\\/Politica\"],\"inLanguage\":\"fr-FR\"},{\"@type\":\"WebPage\",\"@id\":\"https:\\\/\\\/www.bellunopress.it\\\/2026\\\/07\\\/30\\\/completata-la-manutenzione-alla-fontana-di-piazza-martiri\\\/\",\"url\":\"https:\\\/\\\/www.bellunopress.it\\\/2026\\\/07\\\/30\\\/completata-la-manutenzione-alla-fontana-di-piazza-martiri\\\/\",\"name\":\"Completata la manutenzione alla fontana di Piazza Martiri - Bellunopress - Dolomiti\",\"isPartOf\":{\"@id\":\"https:\\\/\\\/www.bellunopress.it\\\/#website\"},\"primaryImageOfPage\":{\"@id\":\"https:\\\/\\\/www.bellunopress.it\\\/2026\\\/07\\\/30\\\/completata-la-manutenzione-alla-fontana-di-piazza-martiri\\\/#primaryimage\"},\"image\":{\"@id\":\"https:\\\/\\\/www.bellunopress.it\\\/2026\\\/07\\\/30\\\/completata-la-manutenzione-alla-fontana-di-piazza-martiri\\\/#primaryimage\"},\"thumbnailUrl\":\"https:\\\/\\\/www.bellunopress.it\\\/wp-content\\\/uploads\\\/2026\\\/07\\\/fontana-giardini-piazza-martiri.jpg\",\"datePublished\":\"2026-07-30T11:53:43+00:00\",\"breadcrumb\":{\"@id\":\"https:\\\/\\\/www.bellunopress.it\\\/2026\\\/07\\\/30\\\/completata-la-manutenzione-alla-fontana-di-piazza-martiri\\\/#breadcrumb\"},\"inLanguage\":\"fr-FR\",\"potentialAction\":[{\"@type\":\"ReadAction\",\"target\":[\"https:\\\/\\\/www.bellunopress.it\\\/2026\\\/07\\\/30\\\/completata-la-manutenzione-alla-fontana-di-piazza-martiri\\\/\"]}]},{\"@type\":\"ImageObject\",\"inLanguage\":\"fr-FR\",\"@id\":\"https:\\\/\\\/www.bellunopress.it\\\/2026\\\/07\\\/30\\\/completata-la-manutenzione-alla-fontana-di-piazza-martiri\\\/#primaryimage\",\"url\":\"https:\\\/\\\/www.bellunopress.it\\\/wp-content\\\/uploads\\\/2026\\\/07\\\/fontana-giardini-piazza-martiri.jpg\",\"contentUrl\":\"https:\\\/\\\/www.bellunopress.it\\\/wp-content\\\/uploads\\\/2026\\\/07\\\/fontana-giardini-piazza-martiri.jpg\",\"width\":600,\"height\":379},{\"@type\":\"BreadcrumbList\",\"@id\":\"https:\\\/\\\/www.bellunopress.it\\\/2026\\\/07\\\/30\\\/completata-la-manutenzione-alla-fontana-di-piazza-martiri\\\/#breadcrumb\",\"itemListElement\":[{\"@type\":\"ListItem\",\"position\":1,\"name\":\"Home\",\"item\":\"https:\\\/\\\/www.bellunopress.it\\\/\"},{\"@type\":\"ListItem\",\"position\":2,\"name\":\"Completata la manutenzione alla fontana di Piazza Martiri\"}]},{\"@type\":\"WebSite\",\"@id\":\"https:\\\/\\\/www.bellunopress.it\\\/#website\",\"url\":\"https:\\\/\\\/www.bellunopress.it\\\/\",\"name\":\"Bellunopress - Dolomiti\",\"description\":\"e-mail: redazione@bellunopress.it\",\"publisher\":{\"@id\":\"https:\\\/\\\/www.bellunopress.it\\\/#organization\"},\"potentialAction\":[{\"@type\":\"SearchAction\",\"target\":{\"@type\":\"EntryPoint\",\"urlTemplate\":\"https:\\\/\\\/www.bellunopress.it\\\/?s={search_term_string}\"},\"query-input\":{\"@type\":\"PropertyValueSpecification\",\"valueRequired\":true,\"valueName\":\"search_term_string\"}}],\"inLanguage\":\"fr-FR\"},{\"@type\":\"Organization\",\"@id\":\"https:\\\/\\\/www.bellunopress.it\\\/#organization\",\"name\":\"Bellunopress\",\"url\":\"https:\\\/\\\/www.bellunopress.it\\\/\",\"logo\":{\"@type\":\"ImageObject\",\"inLanguage\":\"fr-FR\",\"@id\":\"https:\\\/\\\/www.bellunopress.it\\\/#\\\/schema\\\/logo\\\/image\\\/\",\"url\":\"https:\\\/\\\/www.bellunopress.it\\\/wp-content\\\/uploads\\\/2011\\\/05\\\/cropped-logo-bellunopress-.jpg\",\"contentUrl\":\"https:\\\/\\\/www.bellunopress.it\\\/wp-content\\\/uploads\\\/2011\\\/05\\\/cropped-logo-bellunopress-.jpg\",\"width\":512,\"height\":512,\"caption\":\"Bellunopress\"},\"image\":{\"@id\":\"https:\\\/\\\/www.bellunopress.it\\\/#\\\/schema\\\/logo\\\/image\\\/\"},\"sameAs\":[\"https:\\\/\\\/www.facebook.com\\\/profile.php?id=100008943462799\",\"https:\\\/\\\/x.com\\\/bellunopress\",\"https:\\\/\\\/www.linkedin.com\\\/hp\\\/?dnr=JBzUWaJfMUw8vbXJJ2tVW5-I3jZKvC4wsoxE&amp;amp;amp;amp;amp;amp;trk=nav_responsive_tab_home\",\"https:\\\/\\\/www.youtube.com\\\/channel\\\/UCxL0wu1uN0_3_7hGG0306cw\"]},{\"@type\":\"Person\",\"@id\":\"https:\\\/\\\/www.bellunopress.it\\\/#\\\/schema\\\/person\\\/79bb06722b37ece1c03d3e94beb30d73\",\"name\":\"redazione\",\"image\":{\"@type\":\"ImageObject\",\"inLanguage\":\"fr-FR\",\"@id\":\"https:\\\/\\\/secure.gravatar.com\\\/avatar\\\/37d968a2e67a6fd04c169c4bdef102d0bc5d31b2546345219e348575eb80e9a0?s=96&d=mm&r=g\",\"url\":\"https:\\\/\\\/secure.gravatar.com\\\/avatar\\\/37d968a2e67a6fd04c169c4bdef102d0bc5d31b2546345219e348575eb80e9a0?s=96&d=mm&r=g\",\"contentUrl\":\"https:\\\/\\\/secure.gravatar.com\\\/avatar\\\/37d968a2e67a6fd04c169c4bdef102d0bc5d31b2546345219e348575eb80e9a0?s=96&d=mm&r=g\",\"caption\":\"redazione\"},\"sameAs\":[\"http:\\\/\\\/www.bellunopress.it\",\"https:\\\/\\\/x.com\\\/bellunopress\"],\"url\":\"https:\\\/\\\/www.bellunopress.it\\\/fr\\\/author\\\/redazione\\\/\"}]}<\/script>\n<!-- \/ Yoast SEO plugin. -->","yoast_head_json":{"title":"Completata la manutenzione alla fontana di Piazza Martiri - Bellunopress - Dolomiti","robots":{"index":"index","follow":"follow","max-snippet":"max-snippet:-1","max-image-preview":"max-image-preview:large","max-video-preview":"max-video-preview:-1"},"canonical":"https:\/\/www.bellunopress.it\/fr\/2026\/07\/30\/completata-la-manutenzione-alla-fontana-di-piazza-martiri\/","og_locale":"fr_FR","og_type":"article","og_title":"Completata la manutenzione alla fontana di Piazza Martiri - Bellunopress - Dolomiti","og_description":"Belluno, 30\/07\/2026 &#8211; Si sono conclusi ieri gli interventi di pulizia e manutenzione della fontana di Piazza dei Martiri, che da oggi \u00e8 tornata pienamente in funzione con il ripristino dei giochi d&#8217;acqua. L&#8217;intervento \u00e8 stato possibile grazie all&#8217;arrivo della pompa centrale, attesa da diversi mesi insieme ai necessari pezzi di ricambio. I tecnici hanno [&hellip;]","og_url":"https:\/\/www.bellunopress.it\/fr\/2026\/07\/30\/completata-la-manutenzione-alla-fontana-di-piazza-martiri\/","og_site_name":"Bellunopress - Dolomiti","article_publisher":"https:\/\/www.facebook.com\/profile.php?id=100008943462799","article_published_time":"2026-07-30T11:53:43+00:00","og_image":[{"width":600,"height":379,"url":"https:\/\/www.bellunopress.it\/wp-content\/uploads\/2026\/07\/fontana-giardini-piazza-martiri.jpg","type":"image\/jpeg"}],"author":"redazione","twitter_card":"summary_large_image","twitter_creator":"@bellunopress","twitter_site":"@bellunopress","twitter_misc":{"\u00c9crit par":"redazione","Dur\u00e9e de lecture estim\u00e9e":"2 minutes"},"schema":{"@context":"https:\/\/schema.org","@graph":[{"@type":"Article","@id":"https:\/\/www.bellunopress.it\/2026\/07\/30\/completata-la-manutenzione-alla-fontana-di-piazza-martiri\/#article","isPartOf":{"@id":"https:\/\/www.bellunopress.it\/2026\/07\/30\/completata-la-manutenzione-alla-fontana-di-piazza-martiri\/"},"author":{"name":"redazione","@id":"https:\/\/www.bellunopress.it\/#\/schema\/person\/79bb06722b37ece1c03d3e94beb30d73"},"headline":"Completata la manutenzione alla fontana di Piazza Martiri","datePublished":"2026-07-30T11:53:43+00:00","mainEntityOfPage":{"@id":"https:\/\/www.bellunopress.it\/2026\/07\/30\/completata-la-manutenzione-alla-fontana-di-piazza-martiri\/"},"wordCount":169,"publisher":{"@id":"https:\/\/www.bellunopress.it\/#organization"},"image":{"@id":"https:\/\/www.bellunopress.it\/2026\/07\/30\/completata-la-manutenzione-alla-fontana-di-piazza-martiri\/#primaryimage"},"thumbnailUrl":"https:\/\/www.bellunopress.it\/wp-content\/uploads\/2026\/07\/fontana-giardini-piazza-martiri.jpg","articleSection":["Cronaca\/Politica"],"inLanguage":"fr-FR"},{"@type":"WebPage","@id":"https:\/\/www.bellunopress.it\/2026\/07\/30\/completata-la-manutenzione-alla-fontana-di-piazza-martiri\/","url":"https:\/\/www.bellunopress.it\/2026\/07\/30\/completata-la-manutenzione-alla-fontana-di-piazza-martiri\/","name":"Completata la manutenzione alla fontana di Piazza Martiri - Bellunopress - Dolomiti","isPartOf":{"@id":"https:\/\/www.bellunopress.it\/#website"},"primaryImageOfPage":{"@id":"https:\/\/www.bellunopress.it\/2026\/07\/30\/completata-la-manutenzione-alla-fontana-di-piazza-martiri\/#primaryimage"},"image":{"@id":"https:\/\/www.bellunopress.it\/2026\/07\/30\/completata-la-manutenzione-alla-fontana-di-piazza-martiri\/#primaryimage"},"thumbnailUrl":"https:\/\/www.bellunopress.it\/wp-content\/uploads\/2026\/07\/fontana-giardini-piazza-martiri.jpg","datePublished":"2026-07-30T11:53:43+00:00","breadcrumb":{"@id":"https:\/\/www.bellunopress.it\/2026\/07\/30\/completata-la-manutenzione-alla-fontana-di-piazza-martiri\/#breadcrumb"},"inLanguage":"fr-FR","potentialAction":[{"@type":"ReadAction","target":["https:\/\/www.bellunopress.it\/2026\/07\/30\/completata-la-manutenzione-alla-fontana-di-piazza-martiri\/"]}]},{"@type":"ImageObject","inLanguage":"fr-FR","@id":"https:\/\/www.bellunopress.it\/2026\/07\/30\/completata-la-manutenzione-alla-fontana-di-piazza-martiri\/#primaryimage","url":"https:\/\/www.bellunopress.it\/wp-content\/uploads\/2026\/07\/fontana-giardini-piazza-martiri.jpg","contentUrl":"https:\/\/www.bellunopress.it\/wp-content\/uploads\/2026\/07\/fontana-giardini-piazza-martiri.jpg","width":600,"height":379},{"@type":"BreadcrumbList","@id":"https:\/\/www.bellunopress.it\/2026\/07\/30\/completata-la-manutenzione-alla-fontana-di-piazza-martiri\/#breadcrumb","itemListElement":[{"@type":"ListItem","position":1,"name":"Home","item":"https:\/\/www.bellunopress.it\/"},{"@type":"ListItem","position":2,"name":"Completata la manutenzione alla fontana di Piazza Martiri"}]},{"@type":"WebSite","@id":"https:\/\/www.bellunopress.it\/#website","url":"https:\/\/www.bellunopress.it\/","name":"Bellunopress - Dolomiti","description":"e-mail: redazione@bellunopress.it","publisher":{"@id":"https:\/\/www.bellunopress.it\/#organization"},"potentialAction":[{"@type":"SearchAction","target":{"@type":"EntryPoint","urlTemplate":"https:\/\/www.bellunopress.it\/?s={search_term_string}"},"query-input":{"@type":"PropertyValueSpecification","valueRequired":true,"valueName":"search_term_string"}}],"inLanguage":"fr-FR"},{"@type":"Organization","@id":"https:\/\/www.bellunopress.it\/#organization","name":"Bellunopress","url":"https:\/\/www.bellunopress.it\/","logo":{"@type":"ImageObject","inLanguage":"fr-FR","@id":"https:\/\/www.bellunopress.it\/#\/schema\/logo\/image\/","url":"https:\/\/www.bellunopress.it\/wp-content\/uploads\/2011\/05\/cropped-logo-bellunopress-.jpg","contentUrl":"https:\/\/www.bellunopress.it\/wp-content\/uploads\/2011\/05\/cropped-logo-bellunopress-.jpg","width":512,"height":512,"caption":"Bellunopress"},"image":{"@id":"https:\/\/www.bellunopress.it\/#\/schema\/logo\/image\/"},"sameAs":["https:\/\/www.facebook.com\/profile.php?id=100008943462799","https:\/\/x.com\/bellunopress","https:\/\/www.linkedin.com\/hp\/?dnr=JBzUWaJfMUw8vbXJJ2tVW5-I3jZKvC4wsoxE&amp;amp;amp;amp;amp;amp;trk=nav_responsive_tab_home","https:\/\/www.youtube.com\/channel\/UCxL0wu1uN0_3_7hGG0306cw"]},{"@type":"Person","@id":"https:\/\/www.bellunopress.it\/#\/schema\/person\/79bb06722b37ece1c03d3e94beb30d73","name":"r\u00e9daction","image":{"@type":"ImageObject","inLanguage":"fr-FR","@id":"https:\/\/secure.gravatar.com\/avatar\/37d968a2e67a6fd04c169c4bdef102d0bc5d31b2546345219e348575eb80e9a0?s=96&d=mm&r=g","url":"https:\/\/secure.gravatar.com\/avatar\/37d968a2e67a6fd04c169c4bdef102d0bc5d31b2546345219e348575eb80e9a0?s=96&d=mm&r=g","contentUrl":"https:\/\/secure.gravatar.com\/avatar\/37d968a2e67a6fd04c169c4bdef102d0bc5d31b2546345219e348575eb80e9a0?s=96&d=mm&r=g","caption":"redazione"},"sameAs":["http:\/\/www.bellunopress.it","https:\/\/x.com\/bellunopress"],"url":"https:\/\/www.bellunopress.it\/fr\/author\/redazione\/"}]}},"_links":{"self":[{"href":"https:\/\/www.bellunopress.it\/fr\/wp-json\/wp\/v2\/posts\/172302","targetHints":{"allow":["GET"]}}],"collection":[{"href":"https:\/\/www.bellunopress.it\/fr\/wp-json\/wp\/v2\/posts"}],"about":[{"href":"https:\/\/www.bellunopress.it\/fr\/wp-json\/wp\/v2\/types\/post"}],"author":[{"embeddable":true,"href":"https:\/\/www.bellunopress.it\/fr\/wp-json\/wp\/v2\/users\/2"}],"replies":[{"embeddable":true,"href":"https:\/\/www.bellunopress.it\/fr\/wp-json\/wp\/v2\/comments?post=172302"}],"version-history":[{"count":1,"href":"https:\/\/www.bellunopress.it\/fr\/wp-json\/wp\/v2\/posts\/172302\/revisions"}],"predecessor-version":[{"id":172304,"href":"https:\/\/www.bellunopress.it\/fr\/wp-json\/wp\/v2\/posts\/172302\/revisions\/172304"}],"wp:featuredmedia":[{"embeddable":true,"href":"https:\/\/www.bellunopress.it\/fr\/wp-json\/wp\/v2\/media\/172303"}],"wp:attachment":[{"href":"https:\/\/www.bellunopress.it\/fr\/wp-json\/wp\/v2\/media?parent=172302"}],"wp:term":[{"taxonomy":"category","embeddable":true,"href":"https:\/\/www.bellunopress.it\/fr\/wp-json\/wp\/v2\/categories?post=172302"},{"taxonomy":"post_tag","embeddable":true,"href":"https:\/\/www.bellunopress.it\/fr\/wp-json\/wp\/v2\/tags?post=172302"}],"curies":[{"name":"wp","href":"https:\/\/api.w.org\/{rel}","templated":true}]}}