{"id":172295,"date":"2026-07-30T07:46:20","date_gmt":"2026-07-30T05:46:20","guid":{"rendered":"https:\/\/www.bellunopress.it\/?p=172295"},"modified":"2026-07-30T07:46:20","modified_gmt":"2026-07-30T05:46:20","slug":"trasporto-pubblico-a-belluno-tra-rincari-e-disservizi-davide-noro-evidenzia-il-fallimento-politico-della-giunta-de-pellegrin","status":"publish","type":"post","link":"https:\/\/www.bellunopress.it\/fr\/2026\/07\/30\/trasporto-pubblico-a-belluno-tra-rincari-e-disservizi-davide-noro-evidenzia-il-fallimento-politico-della-giunta-de-pellegrin\/","title":{"rendered":"Trasporto pubblico a Belluno, tra rincari e disservizi. Davide Noro evidenzia il fallimento politico della giunta De Pellegrin"},"content":{"rendered":"<p>Belluno, 30 luglio 2026 &#8211; Sul grido d&#8217;allarme lanciato da una nostra lettrice, interviene anche il segretario del PD di Belluno, Davide Noro, che fotografa con lucidit\u00e0 impietosa una realt\u00e0 che le famiglie bellunesi denunciano ormai da tre anni: il sistema del trasporto pubblico locale \u00e8 al collasso. Gli ultimi aumenti annunciati da Dolomitibus non rappresentano soltanto un aggravio economico insostenibile in un momento storico segnato dall&#8217;inflazione e dal carovita, ma sanciscono il fallimento politico di una gestione che ha smarrito la propria funzione sociale.<\/p>\n<p><strong>La parabola discendente: dal servizio urbano a &#8220;Trillo&#8221;<\/strong><br \/>\nLa crisi odierna non nasce dal nulla. Gi\u00e0 la scorsa estate, la mobilitazione dei cittadini di Bolzano Bellunese e Tisoi \u2014 che avevano raccolto oltre mille firme \u2014 aveva portato alla luce un&#8217;amara verit\u00e0: nel capoluogo, il trasporto pubblico urbano di fatto non esiste pi\u00f9.<\/p>\n<p>La svolta (in negativo) \u00e8 coincisa con l&#8217;introduzione di Trillo, il servizio a chiamata. Una formula che, ironia della sorte, si sovrappone temporalmente all&#8217;inizio degli utili milionari registrati da Dolomitibus. Come insegna la storia della mobilit\u00e0 locale (gi\u00e0 emersa con la sperimentazione del ProntoBus nei primi anni Duemila), il sistema a chiamata dovrebbe rappresentare un&#8217;integrazione flessibile alle corse tradizionali, non certo un ibrido sostitutivo pensato per tagliare i costi sulla pelle dell&#8217;utenza.<\/p>\n<p><strong>Il cortocircuito istituzionale: Provincia e Comune immobili<\/strong><br \/>\nDi fronte a questo scenario, le responsabilit\u00e0 politiche ed istituzionali appaiono evidenti e gravissime:<\/p>\n<p>Il ruolo della Provincia: ridotto a una gestione ai limiti dell&#8217;imbarazzante. L&#8217;ente provinciale veste i panni del socio pubblico che incassa gli utili per poi rigirarli a copertura dei rincari stabiliti dalla stessa azienda che quei profitti li ha generati, in un circolo vizioso autoreferenziale.<\/p>\n<p>Il Comune di Belluno: l&#8217;Amministrazione guidata dal sindaco Oscar De Pellegrin si trincera dietro una colpevole assenza, accontentandosi di sventolare i dati parziali forniti da Dolomitibus e ignorando la quotidianit\u00e0 reale dei cittadini.<\/p>\n<p>Belluno Futura: il trasporto pubblico come cartina di tornasole<br \/>\nLa campagna di ascolto &#8220;Belluno Futura&#8221; ha restituito un verdetto inequivocabile: il trasporto pubblico \u00e8 oggi una delle emergenze pi\u00f9 avvertite dalla cittadinanza.<\/p>\n<p>L&#8217;equazione di una mobilit\u00e0 moderna e sostenibile dovrebbe basarsi su principi elementari: pi\u00f9 corse e tariffe accessibili significano meno auto in strada, minor traffico e una concreta transizione ecologica. L&#8217;aumento delle tariffe deciso in questo frangente va esattamente nella direzione opposta, costringendo molte famiglie a compiere scelte drammatiche tra beni di prima necessit\u00e0 e mobilit\u00e0.<\/p>\n<p><strong>Un&#8217;alternativa possibile per il futuro della citt\u00e0<\/strong><br \/>\nLa politica non pu\u00f2 limitarsi a registrare il declino: deve proporre una visione. Il modello alternativo delineato guarda a un trasporto pubblico finalmente orientato ai bisogni reali della comunit\u00e0 attraverso:<\/p>\n<p>Una rimodulazione strategica dei tracciati e corse pi\u00f9 frequenti nelle zone centrali per rendere l&#8217;alternativa all&#8217;auto realmente efficiente.<\/p>\n<p>Abbonamenti flessibili e modulati in base al reddito, capaci di superare formule rigide e obsolete e di trasformare il bus da spesa proibitiva a servizio universale.<\/p>\n<p>La mobilit\u00e0 non pu\u00f2 e non deve diventare un lusso. Aumentare le tariffe mentre il servizio arretra significa voltare le spalle ai bellunesi. E su questo terreno, l&#8217;immobilismo dell&#8217;Amministrazione De Pellegrin rischia di lasciare cicatrici profonde sul tessuto sociale della citt\u00e0.<\/p>","protected":false},"excerpt":{"rendered":"<p>Belluno, 30 luglio 2026 &#8211; Sul grido d&#8217;allarme lanciato da una nostra lettrice, interviene anche il segretario del PD di Belluno, Davide Noro, che fotografa con lucidit\u00e0 impietosa una realt\u00e0 che le famiglie bellunesi denunciano ormai da tre anni: il sistema del trasporto pubblico locale \u00e8 al collasso. Gli ultimi aumenti annunciati da Dolomitibus non [&hellip;]<\/p>\n","protected":false},"author":2,"featured_media":141968,"comment_status":"closed","ping_status":"open","sticky":false,"template":"","format":"standard","meta":{"footnotes":""},"categories":[5,26],"tags":[],"class_list":["post-172295","post","type-post","status-publish","format-standard","has-post-thumbnail","category-cronaca","category-prima-pagina"],"yoast_head":"<!-- This site is optimized with the Yoast SEO plugin v28.4 - https:\/\/yoast.com\/product\/yoast-seo-wordpress\/ -->\n<title>Trasporto pubblico a Belluno, tra rincari e disservizi. Davide Noro evidenzia il fallimento politico della giunta De Pellegrin - Bellunopress - Dolomiti<\/title>\n<meta name=\"robots\" content=\"index, follow, max-snippet:-1, max-image-preview:large, max-video-preview:-1\" \/>\n<link rel=\"canonical\" href=\"https:\/\/www.bellunopress.it\/fr\/2026\/07\/30\/trasporto-pubblico-a-belluno-tra-rincari-e-disservizi-davide-noro-evidenzia-il-fallimento-politico-della-giunta-de-pellegrin\/\" \/>\n<meta property=\"og:locale\" content=\"fr_FR\" \/>\n<meta property=\"og:type\" content=\"article\" \/>\n<meta property=\"og:title\" content=\"Trasporto pubblico a Belluno, tra rincari e disservizi. Davide Noro evidenzia il fallimento politico della giunta De Pellegrin - Bellunopress - Dolomiti\" \/>\n<meta property=\"og:description\" content=\"Belluno, 30 luglio 2026 &#8211; Sul grido d&#8217;allarme lanciato da una nostra lettrice, interviene anche il segretario del PD di Belluno, Davide Noro, che fotografa con lucidit\u00e0 impietosa una realt\u00e0 che le famiglie bellunesi denunciano ormai da tre anni: il sistema del trasporto pubblico locale \u00e8 al collasso. Gli ultimi aumenti annunciati da Dolomitibus non [&hellip;]\" \/>\n<meta property=\"og:url\" content=\"https:\/\/www.bellunopress.it\/fr\/2026\/07\/30\/trasporto-pubblico-a-belluno-tra-rincari-e-disservizi-davide-noro-evidenzia-il-fallimento-politico-della-giunta-de-pellegrin\/\" \/>\n<meta property=\"og:site_name\" content=\"Bellunopress - Dolomiti\" \/>\n<meta property=\"article:publisher\" content=\"https:\/\/www.facebook.com\/profile.php?id=100008943462799\" \/>\n<meta property=\"article:published_time\" content=\"2026-07-30T05:46:20+00:00\" \/>\n<meta property=\"og:image\" content=\"https:\/\/www.bellunopress.it\/wp-content\/uploads\/2023\/06\/Davide-Noro-segretario-Pd-Belluno.jpg\" \/>\n\t<meta property=\"og:image:width\" content=\"847\" \/>\n\t<meta property=\"og:image:height\" content=\"1000\" \/>\n\t<meta property=\"og:image:type\" content=\"image\/jpeg\" \/>\n<meta name=\"author\" content=\"redazione\" \/>\n<meta name=\"twitter:card\" content=\"summary_large_image\" \/>\n<meta name=\"twitter:creator\" content=\"@bellunopress\" \/>\n<meta name=\"twitter:site\" content=\"@bellunopress\" \/>\n<meta name=\"twitter:label1\" content=\"\u00c9crit par\" \/>\n\t<meta name=\"twitter:data1\" content=\"redazione\" \/>\n\t<meta name=\"twitter:label2\" content=\"Dur\u00e9e de lecture estim\u00e9e\" \/>\n\t<meta name=\"twitter:data2\" content=\"3 minutes\" \/>\n<script type=\"application\/ld+json\" class=\"yoast-schema-graph\">{\"@context\":\"https:\\\/\\\/schema.org\",\"@graph\":[{\"@type\":\"Article\",\"@id\":\"https:\\\/\\\/www.bellunopress.it\\\/2026\\\/07\\\/30\\\/trasporto-pubblico-a-belluno-tra-rincari-e-disservizi-davide-noro-evidenzia-il-fallimento-politico-della-giunta-de-pellegrin\\\/#article\",\"isPartOf\":{\"@id\":\"https:\\\/\\\/www.bellunopress.it\\\/2026\\\/07\\\/30\\\/trasporto-pubblico-a-belluno-tra-rincari-e-disservizi-davide-noro-evidenzia-il-fallimento-politico-della-giunta-de-pellegrin\\\/\"},\"author\":{\"name\":\"redazione\",\"@id\":\"https:\\\/\\\/www.bellunopress.it\\\/#\\\/schema\\\/person\\\/79bb06722b37ece1c03d3e94beb30d73\"},\"headline\":\"Trasporto pubblico a Belluno, tra rincari e disservizi. Davide Noro evidenzia il fallimento politico della giunta De Pellegrin\",\"datePublished\":\"2026-07-30T05:46:20+00:00\",\"mainEntityOfPage\":{\"@id\":\"https:\\\/\\\/www.bellunopress.it\\\/2026\\\/07\\\/30\\\/trasporto-pubblico-a-belluno-tra-rincari-e-disservizi-davide-noro-evidenzia-il-fallimento-politico-della-giunta-de-pellegrin\\\/\"},\"wordCount\":546,\"publisher\":{\"@id\":\"https:\\\/\\\/www.bellunopress.it\\\/#organization\"},\"image\":{\"@id\":\"https:\\\/\\\/www.bellunopress.it\\\/2026\\\/07\\\/30\\\/trasporto-pubblico-a-belluno-tra-rincari-e-disservizi-davide-noro-evidenzia-il-fallimento-politico-della-giunta-de-pellegrin\\\/#primaryimage\"},\"thumbnailUrl\":\"https:\\\/\\\/www.bellunopress.it\\\/wp-content\\\/uploads\\\/2023\\\/06\\\/Davide-Noro-segretario-Pd-Belluno.jpg\",\"articleSection\":[\"Cronaca\\\/Politica\",\"Prima Pagina\"],\"inLanguage\":\"fr-FR\"},{\"@type\":\"WebPage\",\"@id\":\"https:\\\/\\\/www.bellunopress.it\\\/2026\\\/07\\\/30\\\/trasporto-pubblico-a-belluno-tra-rincari-e-disservizi-davide-noro-evidenzia-il-fallimento-politico-della-giunta-de-pellegrin\\\/\",\"url\":\"https:\\\/\\\/www.bellunopress.it\\\/2026\\\/07\\\/30\\\/trasporto-pubblico-a-belluno-tra-rincari-e-disservizi-davide-noro-evidenzia-il-fallimento-politico-della-giunta-de-pellegrin\\\/\",\"name\":\"Trasporto pubblico a Belluno, tra rincari e disservizi. Davide Noro evidenzia il fallimento politico della giunta De Pellegrin - Bellunopress - Dolomiti\",\"isPartOf\":{\"@id\":\"https:\\\/\\\/www.bellunopress.it\\\/#website\"},\"primaryImageOfPage\":{\"@id\":\"https:\\\/\\\/www.bellunopress.it\\\/2026\\\/07\\\/30\\\/trasporto-pubblico-a-belluno-tra-rincari-e-disservizi-davide-noro-evidenzia-il-fallimento-politico-della-giunta-de-pellegrin\\\/#primaryimage\"},\"image\":{\"@id\":\"https:\\\/\\\/www.bellunopress.it\\\/2026\\\/07\\\/30\\\/trasporto-pubblico-a-belluno-tra-rincari-e-disservizi-davide-noro-evidenzia-il-fallimento-politico-della-giunta-de-pellegrin\\\/#primaryimage\"},\"thumbnailUrl\":\"https:\\\/\\\/www.bellunopress.it\\\/wp-content\\\/uploads\\\/2023\\\/06\\\/Davide-Noro-segretario-Pd-Belluno.jpg\",\"datePublished\":\"2026-07-30T05:46:20+00:00\",\"breadcrumb\":{\"@id\":\"https:\\\/\\\/www.bellunopress.it\\\/2026\\\/07\\\/30\\\/trasporto-pubblico-a-belluno-tra-rincari-e-disservizi-davide-noro-evidenzia-il-fallimento-politico-della-giunta-de-pellegrin\\\/#breadcrumb\"},\"inLanguage\":\"fr-FR\",\"potentialAction\":[{\"@type\":\"ReadAction\",\"target\":[\"https:\\\/\\\/www.bellunopress.it\\\/2026\\\/07\\\/30\\\/trasporto-pubblico-a-belluno-tra-rincari-e-disservizi-davide-noro-evidenzia-il-fallimento-politico-della-giunta-de-pellegrin\\\/\"]}]},{\"@type\":\"ImageObject\",\"inLanguage\":\"fr-FR\",\"@id\":\"https:\\\/\\\/www.bellunopress.it\\\/2026\\\/07\\\/30\\\/trasporto-pubblico-a-belluno-tra-rincari-e-disservizi-davide-noro-evidenzia-il-fallimento-politico-della-giunta-de-pellegrin\\\/#primaryimage\",\"url\":\"https:\\\/\\\/www.bellunopress.it\\\/wp-content\\\/uploads\\\/2023\\\/06\\\/Davide-Noro-segretario-Pd-Belluno.jpg\",\"contentUrl\":\"https:\\\/\\\/www.bellunopress.it\\\/wp-content\\\/uploads\\\/2023\\\/06\\\/Davide-Noro-segretario-Pd-Belluno.jpg\",\"width\":847,\"height\":1000,\"caption\":\"Davide Noro, segretario Unione comunale Partito Democratico Belluno\"},{\"@type\":\"BreadcrumbList\",\"@id\":\"https:\\\/\\\/www.bellunopress.it\\\/2026\\\/07\\\/30\\\/trasporto-pubblico-a-belluno-tra-rincari-e-disservizi-davide-noro-evidenzia-il-fallimento-politico-della-giunta-de-pellegrin\\\/#breadcrumb\",\"itemListElement\":[{\"@type\":\"ListItem\",\"position\":1,\"name\":\"Home\",\"item\":\"https:\\\/\\\/www.bellunopress.it\\\/\"},{\"@type\":\"ListItem\",\"position\":2,\"name\":\"Trasporto pubblico a Belluno, tra rincari e disservizi. Davide Noro evidenzia il fallimento politico della giunta De Pellegrin\"}]},{\"@type\":\"WebSite\",\"@id\":\"https:\\\/\\\/www.bellunopress.it\\\/#website\",\"url\":\"https:\\\/\\\/www.bellunopress.it\\\/\",\"name\":\"Bellunopress - Dolomiti\",\"description\":\"e-mail: redazione@bellunopress.it\",\"publisher\":{\"@id\":\"https:\\\/\\\/www.bellunopress.it\\\/#organization\"},\"potentialAction\":[{\"@type\":\"SearchAction\",\"target\":{\"@type\":\"EntryPoint\",\"urlTemplate\":\"https:\\\/\\\/www.bellunopress.it\\\/?s={search_term_string}\"},\"query-input\":{\"@type\":\"PropertyValueSpecification\",\"valueRequired\":true,\"valueName\":\"search_term_string\"}}],\"inLanguage\":\"fr-FR\"},{\"@type\":\"Organization\",\"@id\":\"https:\\\/\\\/www.bellunopress.it\\\/#organization\",\"name\":\"Bellunopress\",\"url\":\"https:\\\/\\\/www.bellunopress.it\\\/\",\"logo\":{\"@type\":\"ImageObject\",\"inLanguage\":\"fr-FR\",\"@id\":\"https:\\\/\\\/www.bellunopress.it\\\/#\\\/schema\\\/logo\\\/image\\\/\",\"url\":\"https:\\\/\\\/www.bellunopress.it\\\/wp-content\\\/uploads\\\/2011\\\/05\\\/cropped-logo-bellunopress-.jpg\",\"contentUrl\":\"https:\\\/\\\/www.bellunopress.it\\\/wp-content\\\/uploads\\\/2011\\\/05\\\/cropped-logo-bellunopress-.jpg\",\"width\":512,\"height\":512,\"caption\":\"Bellunopress\"},\"image\":{\"@id\":\"https:\\\/\\\/www.bellunopress.it\\\/#\\\/schema\\\/logo\\\/image\\\/\"},\"sameAs\":[\"https:\\\/\\\/www.facebook.com\\\/profile.php?id=100008943462799\",\"https:\\\/\\\/x.com\\\/bellunopress\",\"https:\\\/\\\/www.linkedin.com\\\/hp\\\/?dnr=JBzUWaJfMUw8vbXJJ2tVW5-I3jZKvC4wsoxE&amp;amp;amp;amp;amp;amp;trk=nav_responsive_tab_home\",\"https:\\\/\\\/www.youtube.com\\\/channel\\\/UCxL0wu1uN0_3_7hGG0306cw\"]},{\"@type\":\"Person\",\"@id\":\"https:\\\/\\\/www.bellunopress.it\\\/#\\\/schema\\\/person\\\/79bb06722b37ece1c03d3e94beb30d73\",\"name\":\"redazione\",\"image\":{\"@type\":\"ImageObject\",\"inLanguage\":\"fr-FR\",\"@id\":\"https:\\\/\\\/secure.gravatar.com\\\/avatar\\\/37d968a2e67a6fd04c169c4bdef102d0bc5d31b2546345219e348575eb80e9a0?s=96&d=mm&r=g\",\"url\":\"https:\\\/\\\/secure.gravatar.com\\\/avatar\\\/37d968a2e67a6fd04c169c4bdef102d0bc5d31b2546345219e348575eb80e9a0?s=96&d=mm&r=g\",\"contentUrl\":\"https:\\\/\\\/secure.gravatar.com\\\/avatar\\\/37d968a2e67a6fd04c169c4bdef102d0bc5d31b2546345219e348575eb80e9a0?s=96&d=mm&r=g\",\"caption\":\"redazione\"},\"sameAs\":[\"http:\\\/\\\/www.bellunopress.it\",\"https:\\\/\\\/x.com\\\/bellunopress\"],\"url\":\"https:\\\/\\\/www.bellunopress.it\\\/fr\\\/author\\\/redazione\\\/\"}]}<\/script>\n<!-- \/ Yoast SEO plugin. -->","yoast_head_json":{"title":"Trasporto pubblico a Belluno, tra rincari e disservizi. Davide Noro evidenzia il fallimento politico della giunta De Pellegrin - Bellunopress - Dolomiti","robots":{"index":"index","follow":"follow","max-snippet":"max-snippet:-1","max-image-preview":"max-image-preview:large","max-video-preview":"max-video-preview:-1"},"canonical":"https:\/\/www.bellunopress.it\/fr\/2026\/07\/30\/trasporto-pubblico-a-belluno-tra-rincari-e-disservizi-davide-noro-evidenzia-il-fallimento-politico-della-giunta-de-pellegrin\/","og_locale":"fr_FR","og_type":"article","og_title":"Trasporto pubblico a Belluno, tra rincari e disservizi. Davide Noro evidenzia il fallimento politico della giunta De Pellegrin - Bellunopress - Dolomiti","og_description":"Belluno, 30 luglio 2026 &#8211; Sul grido d&#8217;allarme lanciato da una nostra lettrice, interviene anche il segretario del PD di Belluno, Davide Noro, che fotografa con lucidit\u00e0 impietosa una realt\u00e0 che le famiglie bellunesi denunciano ormai da tre anni: il sistema del trasporto pubblico locale \u00e8 al collasso. Gli ultimi aumenti annunciati da Dolomitibus non [&hellip;]","og_url":"https:\/\/www.bellunopress.it\/fr\/2026\/07\/30\/trasporto-pubblico-a-belluno-tra-rincari-e-disservizi-davide-noro-evidenzia-il-fallimento-politico-della-giunta-de-pellegrin\/","og_site_name":"Bellunopress - Dolomiti","article_publisher":"https:\/\/www.facebook.com\/profile.php?id=100008943462799","article_published_time":"2026-07-30T05:46:20+00:00","og_image":[{"width":847,"height":1000,"url":"https:\/\/www.bellunopress.it\/wp-content\/uploads\/2023\/06\/Davide-Noro-segretario-Pd-Belluno.jpg","type":"image\/jpeg"}],"author":"redazione","twitter_card":"summary_large_image","twitter_creator":"@bellunopress","twitter_site":"@bellunopress","twitter_misc":{"\u00c9crit par":"redazione","Dur\u00e9e de lecture estim\u00e9e":"3 minutes"},"schema":{"@context":"https:\/\/schema.org","@graph":[{"@type":"Article","@id":"https:\/\/www.bellunopress.it\/2026\/07\/30\/trasporto-pubblico-a-belluno-tra-rincari-e-disservizi-davide-noro-evidenzia-il-fallimento-politico-della-giunta-de-pellegrin\/#article","isPartOf":{"@id":"https:\/\/www.bellunopress.it\/2026\/07\/30\/trasporto-pubblico-a-belluno-tra-rincari-e-disservizi-davide-noro-evidenzia-il-fallimento-politico-della-giunta-de-pellegrin\/"},"author":{"name":"redazione","@id":"https:\/\/www.bellunopress.it\/#\/schema\/person\/79bb06722b37ece1c03d3e94beb30d73"},"headline":"Trasporto pubblico a Belluno, tra rincari e disservizi. Davide Noro evidenzia il fallimento politico della giunta De Pellegrin","datePublished":"2026-07-30T05:46:20+00:00","mainEntityOfPage":{"@id":"https:\/\/www.bellunopress.it\/2026\/07\/30\/trasporto-pubblico-a-belluno-tra-rincari-e-disservizi-davide-noro-evidenzia-il-fallimento-politico-della-giunta-de-pellegrin\/"},"wordCount":546,"publisher":{"@id":"https:\/\/www.bellunopress.it\/#organization"},"image":{"@id":"https:\/\/www.bellunopress.it\/2026\/07\/30\/trasporto-pubblico-a-belluno-tra-rincari-e-disservizi-davide-noro-evidenzia-il-fallimento-politico-della-giunta-de-pellegrin\/#primaryimage"},"thumbnailUrl":"https:\/\/www.bellunopress.it\/wp-content\/uploads\/2023\/06\/Davide-Noro-segretario-Pd-Belluno.jpg","articleSection":["Cronaca\/Politica","Prima Pagina"],"inLanguage":"fr-FR"},{"@type":"WebPage","@id":"https:\/\/www.bellunopress.it\/2026\/07\/30\/trasporto-pubblico-a-belluno-tra-rincari-e-disservizi-davide-noro-evidenzia-il-fallimento-politico-della-giunta-de-pellegrin\/","url":"https:\/\/www.bellunopress.it\/2026\/07\/30\/trasporto-pubblico-a-belluno-tra-rincari-e-disservizi-davide-noro-evidenzia-il-fallimento-politico-della-giunta-de-pellegrin\/","name":"Trasporto pubblico a Belluno, tra rincari e disservizi. Davide Noro evidenzia il fallimento politico della giunta De Pellegrin - Bellunopress - Dolomiti","isPartOf":{"@id":"https:\/\/www.bellunopress.it\/#website"},"primaryImageOfPage":{"@id":"https:\/\/www.bellunopress.it\/2026\/07\/30\/trasporto-pubblico-a-belluno-tra-rincari-e-disservizi-davide-noro-evidenzia-il-fallimento-politico-della-giunta-de-pellegrin\/#primaryimage"},"image":{"@id":"https:\/\/www.bellunopress.it\/2026\/07\/30\/trasporto-pubblico-a-belluno-tra-rincari-e-disservizi-davide-noro-evidenzia-il-fallimento-politico-della-giunta-de-pellegrin\/#primaryimage"},"thumbnailUrl":"https:\/\/www.bellunopress.it\/wp-content\/uploads\/2023\/06\/Davide-Noro-segretario-Pd-Belluno.jpg","datePublished":"2026-07-30T05:46:20+00:00","breadcrumb":{"@id":"https:\/\/www.bellunopress.it\/2026\/07\/30\/trasporto-pubblico-a-belluno-tra-rincari-e-disservizi-davide-noro-evidenzia-il-fallimento-politico-della-giunta-de-pellegrin\/#breadcrumb"},"inLanguage":"fr-FR","potentialAction":[{"@type":"ReadAction","target":["https:\/\/www.bellunopress.it\/2026\/07\/30\/trasporto-pubblico-a-belluno-tra-rincari-e-disservizi-davide-noro-evidenzia-il-fallimento-politico-della-giunta-de-pellegrin\/"]}]},{"@type":"ImageObject","inLanguage":"fr-FR","@id":"https:\/\/www.bellunopress.it\/2026\/07\/30\/trasporto-pubblico-a-belluno-tra-rincari-e-disservizi-davide-noro-evidenzia-il-fallimento-politico-della-giunta-de-pellegrin\/#primaryimage","url":"https:\/\/www.bellunopress.it\/wp-content\/uploads\/2023\/06\/Davide-Noro-segretario-Pd-Belluno.jpg","contentUrl":"https:\/\/www.bellunopress.it\/wp-content\/uploads\/2023\/06\/Davide-Noro-segretario-Pd-Belluno.jpg","width":847,"height":1000,"caption":"Davide Noro, segretario Unione comunale Partito Democratico Belluno"},{"@type":"BreadcrumbList","@id":"https:\/\/www.bellunopress.it\/2026\/07\/30\/trasporto-pubblico-a-belluno-tra-rincari-e-disservizi-davide-noro-evidenzia-il-fallimento-politico-della-giunta-de-pellegrin\/#breadcrumb","itemListElement":[{"@type":"ListItem","position":1,"name":"Home","item":"https:\/\/www.bellunopress.it\/"},{"@type":"ListItem","position":2,"name":"Trasporto pubblico a Belluno, tra rincari e disservizi. Davide Noro evidenzia il fallimento politico della giunta De Pellegrin"}]},{"@type":"WebSite","@id":"https:\/\/www.bellunopress.it\/#website","url":"https:\/\/www.bellunopress.it\/","name":"Bellunopress - Dolomiti","description":"e-mail: redazione@bellunopress.it","publisher":{"@id":"https:\/\/www.bellunopress.it\/#organization"},"potentialAction":[{"@type":"SearchAction","target":{"@type":"EntryPoint","urlTemplate":"https:\/\/www.bellunopress.it\/?s={search_term_string}"},"query-input":{"@type":"PropertyValueSpecification","valueRequired":true,"valueName":"search_term_string"}}],"inLanguage":"fr-FR"},{"@type":"Organization","@id":"https:\/\/www.bellunopress.it\/#organization","name":"Bellunopress","url":"https:\/\/www.bellunopress.it\/","logo":{"@type":"ImageObject","inLanguage":"fr-FR","@id":"https:\/\/www.bellunopress.it\/#\/schema\/logo\/image\/","url":"https:\/\/www.bellunopress.it\/wp-content\/uploads\/2011\/05\/cropped-logo-bellunopress-.jpg","contentUrl":"https:\/\/www.bellunopress.it\/wp-content\/uploads\/2011\/05\/cropped-logo-bellunopress-.jpg","width":512,"height":512,"caption":"Bellunopress"},"image":{"@id":"https:\/\/www.bellunopress.it\/#\/schema\/logo\/image\/"},"sameAs":["https:\/\/www.facebook.com\/profile.php?id=100008943462799","https:\/\/x.com\/bellunopress","https:\/\/www.linkedin.com\/hp\/?dnr=JBzUWaJfMUw8vbXJJ2tVW5-I3jZKvC4wsoxE&amp;amp;amp;amp;amp;amp;trk=nav_responsive_tab_home","https:\/\/www.youtube.com\/channel\/UCxL0wu1uN0_3_7hGG0306cw"]},{"@type":"Person","@id":"https:\/\/www.bellunopress.it\/#\/schema\/person\/79bb06722b37ece1c03d3e94beb30d73","name":"r\u00e9daction","image":{"@type":"ImageObject","inLanguage":"fr-FR","@id":"https:\/\/secure.gravatar.com\/avatar\/37d968a2e67a6fd04c169c4bdef102d0bc5d31b2546345219e348575eb80e9a0?s=96&d=mm&r=g","url":"https:\/\/secure.gravatar.com\/avatar\/37d968a2e67a6fd04c169c4bdef102d0bc5d31b2546345219e348575eb80e9a0?s=96&d=mm&r=g","contentUrl":"https:\/\/secure.gravatar.com\/avatar\/37d968a2e67a6fd04c169c4bdef102d0bc5d31b2546345219e348575eb80e9a0?s=96&d=mm&r=g","caption":"redazione"},"sameAs":["http:\/\/www.bellunopress.it","https:\/\/x.com\/bellunopress"],"url":"https:\/\/www.bellunopress.it\/fr\/author\/redazione\/"}]}},"_links":{"self":[{"href":"https:\/\/www.bellunopress.it\/fr\/wp-json\/wp\/v2\/posts\/172295","targetHints":{"allow":["GET"]}}],"collection":[{"href":"https:\/\/www.bellunopress.it\/fr\/wp-json\/wp\/v2\/posts"}],"about":[{"href":"https:\/\/www.bellunopress.it\/fr\/wp-json\/wp\/v2\/types\/post"}],"author":[{"embeddable":true,"href":"https:\/\/www.bellunopress.it\/fr\/wp-json\/wp\/v2\/users\/2"}],"replies":[{"embeddable":true,"href":"https:\/\/www.bellunopress.it\/fr\/wp-json\/wp\/v2\/comments?post=172295"}],"version-history":[{"count":1,"href":"https:\/\/www.bellunopress.it\/fr\/wp-json\/wp\/v2\/posts\/172295\/revisions"}],"predecessor-version":[{"id":172296,"href":"https:\/\/www.bellunopress.it\/fr\/wp-json\/wp\/v2\/posts\/172295\/revisions\/172296"}],"wp:featuredmedia":[{"embeddable":true,"href":"https:\/\/www.bellunopress.it\/fr\/wp-json\/wp\/v2\/media\/141968"}],"wp:attachment":[{"href":"https:\/\/www.bellunopress.it\/fr\/wp-json\/wp\/v2\/media?parent=172295"}],"wp:term":[{"taxonomy":"category","embeddable":true,"href":"https:\/\/www.bellunopress.it\/fr\/wp-json\/wp\/v2\/categories?post=172295"},{"taxonomy":"post_tag","embeddable":true,"href":"https:\/\/www.bellunopress.it\/fr\/wp-json\/wp\/v2\/tags?post=172295"}],"curies":[{"name":"wp","href":"https:\/\/api.w.org\/{rel}","templated":true}]}}