{"id":172292,"date":"2026-07-29T18:11:28","date_gmt":"2026-07-29T16:11:28","guid":{"rendered":"https:\/\/www.bellunopress.it\/?p=172292"},"modified":"2026-07-31T13:14:38","modified_gmt":"2026-07-31T11:14:38","slug":"musica-nellagordino-porta-i-suoni-della-venezia-rinascimentale-nella-valle-di-san-lucano","status":"publish","type":"post","link":"https:\/\/www.bellunopress.it\/fr\/2026\/07\/29\/musica-nellagordino-porta-i-suoni-della-venezia-rinascimentale-nella-valle-di-san-lucano\/","title":{"rendered":"Musica nell&#8217;Agordino porta i suoni della Venezia rinascimentale nella Valle di San Lucano"},"content":{"rendered":"<p>Prosegue la rassegna &#8220;Concerti in&#8230;&#8221; promossa da Musica nell&#8217;Agordino, che venerd\u00ec 31 luglio, alle ore 21.00, far\u00e0 tappa nella suggestiva Valle di San Lucano, a Taibon Agordino. Sar\u00e0 la Chiesa dedicata a San Lucano a ospitare il concerto dell&#8217;ensemble I Pifari del Doge, formazione specializzata nell&#8217;esecuzione della musica rinascimentale su strumenti storici.<\/p>\n<p>Sul palco si esibiranno Marzia Pellizzato (flauto dolce), Gregorio Carraro (piffero soprano), Federico Rattin (piffero contralto), Paolo Tognon (dulciana tenore e soprano), Claudio Sartorato (dulciana basso), Moreno Tortora (percussioni) e Marco Favotto (spinetta).<\/p>\n<p>Il programma, intitolato &#8220;Il paesaggio sonoro di Tiziano&#8221;, accompagner\u00e0 il pubblico alla scoperta delle sonorit\u00e0 che animavano la Venezia dei Dogi tra il Cinquecento e la met\u00e0 del Seicento, ovvero la musica contemporanea ai grandi capolavori del maestro cadorino Tiziano Vecellio. Un viaggio musicale che attraversa alcune delle pagine pi\u00f9 significative del repertorio rinascimentale, con composizioni di Girolamo Frescobaldi, Giorgio Mainerio, Claudio Merulo e Hans Leo Hassler.<br \/>\nL&#8217;ensemble I Pifari del Doge ha debuttato nel 2014 nell&#8217;ambito del festival svizzero I Fiori Musicali e, nel corso degli anni, si \u00e8 affermato come una delle pi\u00f9 apprezzate realt\u00e0 italiane dedicate alla prassi esecutiva della musica antica, partecipando a prestigiosi festival in tutta Europa.<\/p>\n<p>La storica Chiesa di San Lucano, immersa nella straordinaria cornice naturale della Valle, offrir\u00e0 un&#8217;acustica e un&#8217;atmosfera ideali per valorizzare un repertorio di rara suggestione, in un dialogo tra musica, arte e paesaggio.<br \/>\nL&#8217;iniziativa \u00e8 realizzata da Musica nell&#8217;Agordino in collaborazione con il Comune di Taibon Agordino, la Parrocchia di Taibon Agordino e l&#8217;Associazione Valle dei Sogni, confermando la volont\u00e0 di portare la grande musica nei luoghi pi\u00f9 affascinanti e ricchi di storia del territorio agordino.<\/p>","protected":false},"excerpt":{"rendered":"<p>Prosegue la rassegna &#8220;Concerti in&#8230;&#8221; promossa da Musica nell&#8217;Agordino, che venerd\u00ec 31 luglio, alle ore 21.00, far\u00e0 tappa nella suggestiva Valle di San Lucano, a Taibon Agordino. Sar\u00e0 la Chiesa dedicata a San Lucano a ospitare il concerto dell&#8217;ensemble I Pifari del Doge, formazione specializzata nell&#8217;esecuzione della musica rinascimentale su strumenti storici. Sul palco si [&hellip;]<\/p>\n","protected":false},"author":2,"featured_media":172293,"comment_status":"closed","ping_status":"open","sticky":false,"template":"","format":"standard","meta":{"footnotes":""},"categories":[27,3,25],"tags":[],"class_list":["post-172292","post","type-post","status-publish","format-standard","has-post-thumbnail","category-appuntamenti","category-arte-cultura-spettacoli-scienza-archivi","category-pausa-caffe"],"yoast_head":"<!-- This site is optimized with the Yoast SEO plugin v28.4 - https:\/\/yoast.com\/product\/yoast-seo-wordpress\/ -->\n<title>Musica nell&#039;Agordino porta i suoni della Venezia rinascimentale nella Valle di San Lucano - Bellunopress - Dolomiti<\/title>\n<meta name=\"robots\" content=\"index, follow, max-snippet:-1, max-image-preview:large, max-video-preview:-1\" \/>\n<link rel=\"canonical\" href=\"https:\/\/www.bellunopress.it\/fr\/2026\/07\/29\/musica-nellagordino-porta-i-suoni-della-venezia-rinascimentale-nella-valle-di-san-lucano\/\" \/>\n<meta property=\"og:locale\" content=\"fr_FR\" \/>\n<meta property=\"og:type\" content=\"article\" \/>\n<meta property=\"og:title\" content=\"Musica nell&#039;Agordino porta i suoni della Venezia rinascimentale nella Valle di San Lucano - Bellunopress - Dolomiti\" \/>\n<meta property=\"og:description\" content=\"Prosegue la rassegna &#8220;Concerti in&#8230;&#8221; promossa da Musica nell&#8217;Agordino, che venerd\u00ec 31 luglio, alle ore 21.00, far\u00e0 tappa nella suggestiva Valle di San Lucano, a Taibon Agordino. Sar\u00e0 la Chiesa dedicata a San Lucano a ospitare il concerto dell&#8217;ensemble I Pifari del Doge, formazione specializzata nell&#8217;esecuzione della musica rinascimentale su strumenti storici. Sul palco si [&hellip;]\" \/>\n<meta property=\"og:url\" content=\"https:\/\/www.bellunopress.it\/fr\/2026\/07\/29\/musica-nellagordino-porta-i-suoni-della-venezia-rinascimentale-nella-valle-di-san-lucano\/\" \/>\n<meta property=\"og:site_name\" content=\"Bellunopress - Dolomiti\" \/>\n<meta property=\"article:publisher\" content=\"https:\/\/www.facebook.com\/profile.php?id=100008943462799\" \/>\n<meta property=\"article:published_time\" content=\"2026-07-29T16:11:28+00:00\" \/>\n<meta property=\"article:modified_time\" content=\"2026-07-31T11:14:38+00:00\" \/>\n<meta property=\"og:image\" content=\"https:\/\/www.bellunopress.it\/wp-content\/uploads\/2026\/07\/pifariDoge.jpg\" \/>\n\t<meta property=\"og:image:width\" content=\"600\" \/>\n\t<meta property=\"og:image:height\" content=\"429\" \/>\n\t<meta property=\"og:image:type\" content=\"image\/jpeg\" \/>\n<meta name=\"author\" content=\"redazione\" \/>\n<meta name=\"twitter:card\" content=\"summary_large_image\" \/>\n<meta name=\"twitter:creator\" content=\"@bellunopress\" \/>\n<meta name=\"twitter:site\" content=\"@bellunopress\" \/>\n<meta name=\"twitter:label1\" content=\"Written by\" \/>\n\t<meta name=\"twitter:data1\" content=\"redazione\" \/>\n\t<meta name=\"twitter:label2\" content=\"Est. reading time\" \/>\n\t<meta name=\"twitter:data2\" content=\"2 minutes\" \/>\n<script type=\"application\/ld+json\" class=\"yoast-schema-graph\">{\"@context\":\"https:\\\/\\\/schema.org\",\"@graph\":[{\"@type\":\"Article\",\"@id\":\"https:\\\/\\\/www.bellunopress.it\\\/2026\\\/07\\\/29\\\/musica-nellagordino-porta-i-suoni-della-venezia-rinascimentale-nella-valle-di-san-lucano\\\/#article\",\"isPartOf\":{\"@id\":\"https:\\\/\\\/www.bellunopress.it\\\/2026\\\/07\\\/29\\\/musica-nellagordino-porta-i-suoni-della-venezia-rinascimentale-nella-valle-di-san-lucano\\\/\"},\"author\":{\"name\":\"redazione\",\"@id\":\"https:\\\/\\\/www.bellunopress.it\\\/#\\\/schema\\\/person\\\/79bb06722b37ece1c03d3e94beb30d73\"},\"headline\":\"Musica nell&#8217;Agordino porta i suoni della Venezia rinascimentale nella Valle di San Lucano\",\"datePublished\":\"2026-07-29T16:11:28+00:00\",\"dateModified\":\"2026-07-31T11:14:38+00:00\",\"mainEntityOfPage\":{\"@id\":\"https:\\\/\\\/www.bellunopress.it\\\/2026\\\/07\\\/29\\\/musica-nellagordino-porta-i-suoni-della-venezia-rinascimentale-nella-valle-di-san-lucano\\\/\"},\"wordCount\":292,\"publisher\":{\"@id\":\"https:\\\/\\\/www.bellunopress.it\\\/#organization\"},\"image\":{\"@id\":\"https:\\\/\\\/www.bellunopress.it\\\/2026\\\/07\\\/29\\\/musica-nellagordino-porta-i-suoni-della-venezia-rinascimentale-nella-valle-di-san-lucano\\\/#primaryimage\"},\"thumbnailUrl\":\"https:\\\/\\\/www.bellunopress.it\\\/wp-content\\\/uploads\\\/2026\\\/07\\\/pifariDoge.jpg\",\"articleSection\":[\"Appuntamenti, Eventi\",\"Arte, Cultura, Spettacoli, Scienza\",\"Pausa Caff\u00e8\"],\"inLanguage\":\"fr-FR\"},{\"@type\":\"WebPage\",\"@id\":\"https:\\\/\\\/www.bellunopress.it\\\/2026\\\/07\\\/29\\\/musica-nellagordino-porta-i-suoni-della-venezia-rinascimentale-nella-valle-di-san-lucano\\\/\",\"url\":\"https:\\\/\\\/www.bellunopress.it\\\/2026\\\/07\\\/29\\\/musica-nellagordino-porta-i-suoni-della-venezia-rinascimentale-nella-valle-di-san-lucano\\\/\",\"name\":\"Musica nell'Agordino porta i suoni della Venezia rinascimentale nella Valle di San Lucano - Bellunopress - Dolomiti\",\"isPartOf\":{\"@id\":\"https:\\\/\\\/www.bellunopress.it\\\/#website\"},\"primaryImageOfPage\":{\"@id\":\"https:\\\/\\\/www.bellunopress.it\\\/2026\\\/07\\\/29\\\/musica-nellagordino-porta-i-suoni-della-venezia-rinascimentale-nella-valle-di-san-lucano\\\/#primaryimage\"},\"image\":{\"@id\":\"https:\\\/\\\/www.bellunopress.it\\\/2026\\\/07\\\/29\\\/musica-nellagordino-porta-i-suoni-della-venezia-rinascimentale-nella-valle-di-san-lucano\\\/#primaryimage\"},\"thumbnailUrl\":\"https:\\\/\\\/www.bellunopress.it\\\/wp-content\\\/uploads\\\/2026\\\/07\\\/pifariDoge.jpg\",\"datePublished\":\"2026-07-29T16:11:28+00:00\",\"dateModified\":\"2026-07-31T11:14:38+00:00\",\"breadcrumb\":{\"@id\":\"https:\\\/\\\/www.bellunopress.it\\\/2026\\\/07\\\/29\\\/musica-nellagordino-porta-i-suoni-della-venezia-rinascimentale-nella-valle-di-san-lucano\\\/#breadcrumb\"},\"inLanguage\":\"fr-FR\",\"potentialAction\":[{\"@type\":\"ReadAction\",\"target\":[\"https:\\\/\\\/www.bellunopress.it\\\/2026\\\/07\\\/29\\\/musica-nellagordino-porta-i-suoni-della-venezia-rinascimentale-nella-valle-di-san-lucano\\\/\"]}]},{\"@type\":\"ImageObject\",\"inLanguage\":\"fr-FR\",\"@id\":\"https:\\\/\\\/www.bellunopress.it\\\/2026\\\/07\\\/29\\\/musica-nellagordino-porta-i-suoni-della-venezia-rinascimentale-nella-valle-di-san-lucano\\\/#primaryimage\",\"url\":\"https:\\\/\\\/www.bellunopress.it\\\/wp-content\\\/uploads\\\/2026\\\/07\\\/pifariDoge.jpg\",\"contentUrl\":\"https:\\\/\\\/www.bellunopress.it\\\/wp-content\\\/uploads\\\/2026\\\/07\\\/pifariDoge.jpg\",\"width\":600,\"height\":429,\"caption\":\"Marzia Pellizzato (flauto dolce), Gregorio Carraro (piffero soprano), Federico Rattin (piffero contralto), Paolo Tognon (dulciana tenore e soprano), Claudio Sartorato (dulciana basso), Moreno Tortora (percussioni) e Marco Favotto (spinetta).\"},{\"@type\":\"BreadcrumbList\",\"@id\":\"https:\\\/\\\/www.bellunopress.it\\\/2026\\\/07\\\/29\\\/musica-nellagordino-porta-i-suoni-della-venezia-rinascimentale-nella-valle-di-san-lucano\\\/#breadcrumb\",\"itemListElement\":[{\"@type\":\"ListItem\",\"position\":1,\"name\":\"Home\",\"item\":\"https:\\\/\\\/www.bellunopress.it\\\/\"},{\"@type\":\"ListItem\",\"position\":2,\"name\":\"Musica nell&#8217;Agordino porta i suoni della Venezia rinascimentale nella Valle di San Lucano\"}]},{\"@type\":\"WebSite\",\"@id\":\"https:\\\/\\\/www.bellunopress.it\\\/#website\",\"url\":\"https:\\\/\\\/www.bellunopress.it\\\/\",\"name\":\"Bellunopress - Dolomiti\",\"description\":\"e-mail: redazione@bellunopress.it\",\"publisher\":{\"@id\":\"https:\\\/\\\/www.bellunopress.it\\\/#organization\"},\"potentialAction\":[{\"@type\":\"SearchAction\",\"target\":{\"@type\":\"EntryPoint\",\"urlTemplate\":\"https:\\\/\\\/www.bellunopress.it\\\/?s={search_term_string}\"},\"query-input\":{\"@type\":\"PropertyValueSpecification\",\"valueRequired\":true,\"valueName\":\"search_term_string\"}}],\"inLanguage\":\"fr-FR\"},{\"@type\":\"Organization\",\"@id\":\"https:\\\/\\\/www.bellunopress.it\\\/#organization\",\"name\":\"Bellunopress\",\"url\":\"https:\\\/\\\/www.bellunopress.it\\\/\",\"logo\":{\"@type\":\"ImageObject\",\"inLanguage\":\"fr-FR\",\"@id\":\"https:\\\/\\\/www.bellunopress.it\\\/#\\\/schema\\\/logo\\\/image\\\/\",\"url\":\"https:\\\/\\\/www.bellunopress.it\\\/wp-content\\\/uploads\\\/2011\\\/05\\\/cropped-logo-bellunopress-.jpg\",\"contentUrl\":\"https:\\\/\\\/www.bellunopress.it\\\/wp-content\\\/uploads\\\/2011\\\/05\\\/cropped-logo-bellunopress-.jpg\",\"width\":512,\"height\":512,\"caption\":\"Bellunopress\"},\"image\":{\"@id\":\"https:\\\/\\\/www.bellunopress.it\\\/#\\\/schema\\\/logo\\\/image\\\/\"},\"sameAs\":[\"https:\\\/\\\/www.facebook.com\\\/profile.php?id=100008943462799\",\"https:\\\/\\\/x.com\\\/bellunopress\",\"https:\\\/\\\/www.linkedin.com\\\/hp\\\/?dnr=JBzUWaJfMUw8vbXJJ2tVW5-I3jZKvC4wsoxE&amp;amp;amp;amp;amp;amp;trk=nav_responsive_tab_home\",\"https:\\\/\\\/www.youtube.com\\\/channel\\\/UCxL0wu1uN0_3_7hGG0306cw\"]},{\"@type\":\"Person\",\"@id\":\"https:\\\/\\\/www.bellunopress.it\\\/#\\\/schema\\\/person\\\/79bb06722b37ece1c03d3e94beb30d73\",\"name\":\"redazione\",\"image\":{\"@type\":\"ImageObject\",\"inLanguage\":\"fr-FR\",\"@id\":\"https:\\\/\\\/secure.gravatar.com\\\/avatar\\\/37d968a2e67a6fd04c169c4bdef102d0bc5d31b2546345219e348575eb80e9a0?s=96&d=mm&r=g\",\"url\":\"https:\\\/\\\/secure.gravatar.com\\\/avatar\\\/37d968a2e67a6fd04c169c4bdef102d0bc5d31b2546345219e348575eb80e9a0?s=96&d=mm&r=g\",\"contentUrl\":\"https:\\\/\\\/secure.gravatar.com\\\/avatar\\\/37d968a2e67a6fd04c169c4bdef102d0bc5d31b2546345219e348575eb80e9a0?s=96&d=mm&r=g\",\"caption\":\"redazione\"},\"sameAs\":[\"http:\\\/\\\/www.bellunopress.it\",\"https:\\\/\\\/x.com\\\/bellunopress\"],\"url\":\"https:\\\/\\\/www.bellunopress.it\\\/fr\\\/author\\\/redazione\\\/\"}]}<\/script>\n<!-- \/ Yoast SEO plugin. -->","yoast_head_json":{"title":"Musica nell'Agordino porta i suoni della Venezia rinascimentale nella Valle di San Lucano - Bellunopress - Dolomiti","robots":{"index":"index","follow":"follow","max-snippet":"max-snippet:-1","max-image-preview":"max-image-preview:large","max-video-preview":"max-video-preview:-1"},"canonical":"https:\/\/www.bellunopress.it\/fr\/2026\/07\/29\/musica-nellagordino-porta-i-suoni-della-venezia-rinascimentale-nella-valle-di-san-lucano\/","og_locale":"fr_FR","og_type":"article","og_title":"Musica nell'Agordino porta i suoni della Venezia rinascimentale nella Valle di San Lucano - Bellunopress - Dolomiti","og_description":"Prosegue la rassegna &#8220;Concerti in&#8230;&#8221; promossa da Musica nell&#8217;Agordino, che venerd\u00ec 31 luglio, alle ore 21.00, far\u00e0 tappa nella suggestiva Valle di San Lucano, a Taibon Agordino. Sar\u00e0 la Chiesa dedicata a San Lucano a ospitare il concerto dell&#8217;ensemble I Pifari del Doge, formazione specializzata nell&#8217;esecuzione della musica rinascimentale su strumenti storici. Sul palco si [&hellip;]","og_url":"https:\/\/www.bellunopress.it\/fr\/2026\/07\/29\/musica-nellagordino-porta-i-suoni-della-venezia-rinascimentale-nella-valle-di-san-lucano\/","og_site_name":"Bellunopress - Dolomiti","article_publisher":"https:\/\/www.facebook.com\/profile.php?id=100008943462799","article_published_time":"2026-07-29T16:11:28+00:00","article_modified_time":"2026-07-31T11:14:38+00:00","og_image":[{"width":600,"height":429,"url":"https:\/\/www.bellunopress.it\/wp-content\/uploads\/2026\/07\/pifariDoge.jpg","type":"image\/jpeg"}],"author":"redazione","twitter_card":"summary_large_image","twitter_creator":"@bellunopress","twitter_site":"@bellunopress","twitter_misc":{"Written by":"redazione","Est. reading time":"2 minutes"},"schema":{"@context":"https:\/\/schema.org","@graph":[{"@type":"Article","@id":"https:\/\/www.bellunopress.it\/2026\/07\/29\/musica-nellagordino-porta-i-suoni-della-venezia-rinascimentale-nella-valle-di-san-lucano\/#article","isPartOf":{"@id":"https:\/\/www.bellunopress.it\/2026\/07\/29\/musica-nellagordino-porta-i-suoni-della-venezia-rinascimentale-nella-valle-di-san-lucano\/"},"author":{"name":"redazione","@id":"https:\/\/www.bellunopress.it\/#\/schema\/person\/79bb06722b37ece1c03d3e94beb30d73"},"headline":"Musica nell&#8217;Agordino porta i suoni della Venezia rinascimentale nella Valle di San Lucano","datePublished":"2026-07-29T16:11:28+00:00","dateModified":"2026-07-31T11:14:38+00:00","mainEntityOfPage":{"@id":"https:\/\/www.bellunopress.it\/2026\/07\/29\/musica-nellagordino-porta-i-suoni-della-venezia-rinascimentale-nella-valle-di-san-lucano\/"},"wordCount":292,"publisher":{"@id":"https:\/\/www.bellunopress.it\/#organization"},"image":{"@id":"https:\/\/www.bellunopress.it\/2026\/07\/29\/musica-nellagordino-porta-i-suoni-della-venezia-rinascimentale-nella-valle-di-san-lucano\/#primaryimage"},"thumbnailUrl":"https:\/\/www.bellunopress.it\/wp-content\/uploads\/2026\/07\/pifariDoge.jpg","articleSection":["Appuntamenti, Eventi","Arte, Cultura, Spettacoli, Scienza","Pausa Caff\u00e8"],"inLanguage":"fr-FR"},{"@type":"WebPage","@id":"https:\/\/www.bellunopress.it\/2026\/07\/29\/musica-nellagordino-porta-i-suoni-della-venezia-rinascimentale-nella-valle-di-san-lucano\/","url":"https:\/\/www.bellunopress.it\/2026\/07\/29\/musica-nellagordino-porta-i-suoni-della-venezia-rinascimentale-nella-valle-di-san-lucano\/","name":"Musica nell'Agordino porta i suoni della Venezia rinascimentale nella Valle di San Lucano - Bellunopress - Dolomiti","isPartOf":{"@id":"https:\/\/www.bellunopress.it\/#website"},"primaryImageOfPage":{"@id":"https:\/\/www.bellunopress.it\/2026\/07\/29\/musica-nellagordino-porta-i-suoni-della-venezia-rinascimentale-nella-valle-di-san-lucano\/#primaryimage"},"image":{"@id":"https:\/\/www.bellunopress.it\/2026\/07\/29\/musica-nellagordino-porta-i-suoni-della-venezia-rinascimentale-nella-valle-di-san-lucano\/#primaryimage"},"thumbnailUrl":"https:\/\/www.bellunopress.it\/wp-content\/uploads\/2026\/07\/pifariDoge.jpg","datePublished":"2026-07-29T16:11:28+00:00","dateModified":"2026-07-31T11:14:38+00:00","breadcrumb":{"@id":"https:\/\/www.bellunopress.it\/2026\/07\/29\/musica-nellagordino-porta-i-suoni-della-venezia-rinascimentale-nella-valle-di-san-lucano\/#breadcrumb"},"inLanguage":"fr-FR","potentialAction":[{"@type":"ReadAction","target":["https:\/\/www.bellunopress.it\/2026\/07\/29\/musica-nellagordino-porta-i-suoni-della-venezia-rinascimentale-nella-valle-di-san-lucano\/"]}]},{"@type":"ImageObject","inLanguage":"fr-FR","@id":"https:\/\/www.bellunopress.it\/2026\/07\/29\/musica-nellagordino-porta-i-suoni-della-venezia-rinascimentale-nella-valle-di-san-lucano\/#primaryimage","url":"https:\/\/www.bellunopress.it\/wp-content\/uploads\/2026\/07\/pifariDoge.jpg","contentUrl":"https:\/\/www.bellunopress.it\/wp-content\/uploads\/2026\/07\/pifariDoge.jpg","width":600,"height":429,"caption":"Marzia Pellizzato (flauto dolce), Gregorio Carraro (piffero soprano), Federico Rattin (piffero contralto), Paolo Tognon (dulciana tenore e soprano), Claudio Sartorato (dulciana basso), Moreno Tortora (percussioni) e Marco Favotto (spinetta)."},{"@type":"BreadcrumbList","@id":"https:\/\/www.bellunopress.it\/2026\/07\/29\/musica-nellagordino-porta-i-suoni-della-venezia-rinascimentale-nella-valle-di-san-lucano\/#breadcrumb","itemListElement":[{"@type":"ListItem","position":1,"name":"Home","item":"https:\/\/www.bellunopress.it\/"},{"@type":"ListItem","position":2,"name":"Musica nell&#8217;Agordino porta i suoni della Venezia rinascimentale nella Valle di San Lucano"}]},{"@type":"WebSite","@id":"https:\/\/www.bellunopress.it\/#website","url":"https:\/\/www.bellunopress.it\/","name":"Bellunopress - Dolomiti","description":"e-mail: redazione@bellunopress.it","publisher":{"@id":"https:\/\/www.bellunopress.it\/#organization"},"potentialAction":[{"@type":"SearchAction","target":{"@type":"EntryPoint","urlTemplate":"https:\/\/www.bellunopress.it\/?s={search_term_string}"},"query-input":{"@type":"PropertyValueSpecification","valueRequired":true,"valueName":"search_term_string"}}],"inLanguage":"fr-FR"},{"@type":"Organization","@id":"https:\/\/www.bellunopress.it\/#organization","name":"Bellunopress","url":"https:\/\/www.bellunopress.it\/","logo":{"@type":"ImageObject","inLanguage":"fr-FR","@id":"https:\/\/www.bellunopress.it\/#\/schema\/logo\/image\/","url":"https:\/\/www.bellunopress.it\/wp-content\/uploads\/2011\/05\/cropped-logo-bellunopress-.jpg","contentUrl":"https:\/\/www.bellunopress.it\/wp-content\/uploads\/2011\/05\/cropped-logo-bellunopress-.jpg","width":512,"height":512,"caption":"Bellunopress"},"image":{"@id":"https:\/\/www.bellunopress.it\/#\/schema\/logo\/image\/"},"sameAs":["https:\/\/www.facebook.com\/profile.php?id=100008943462799","https:\/\/x.com\/bellunopress","https:\/\/www.linkedin.com\/hp\/?dnr=JBzUWaJfMUw8vbXJJ2tVW5-I3jZKvC4wsoxE&amp;amp;amp;amp;amp;amp;trk=nav_responsive_tab_home","https:\/\/www.youtube.com\/channel\/UCxL0wu1uN0_3_7hGG0306cw"]},{"@type":"Person","@id":"https:\/\/www.bellunopress.it\/#\/schema\/person\/79bb06722b37ece1c03d3e94beb30d73","name":"r\u00e9daction","image":{"@type":"ImageObject","inLanguage":"fr-FR","@id":"https:\/\/secure.gravatar.com\/avatar\/37d968a2e67a6fd04c169c4bdef102d0bc5d31b2546345219e348575eb80e9a0?s=96&d=mm&r=g","url":"https:\/\/secure.gravatar.com\/avatar\/37d968a2e67a6fd04c169c4bdef102d0bc5d31b2546345219e348575eb80e9a0?s=96&d=mm&r=g","contentUrl":"https:\/\/secure.gravatar.com\/avatar\/37d968a2e67a6fd04c169c4bdef102d0bc5d31b2546345219e348575eb80e9a0?s=96&d=mm&r=g","caption":"redazione"},"sameAs":["http:\/\/www.bellunopress.it","https:\/\/x.com\/bellunopress"],"url":"https:\/\/www.bellunopress.it\/fr\/author\/redazione\/"}]}},"_links":{"self":[{"href":"https:\/\/www.bellunopress.it\/fr\/wp-json\/wp\/v2\/posts\/172292","targetHints":{"allow":["GET"]}}],"collection":[{"href":"https:\/\/www.bellunopress.it\/fr\/wp-json\/wp\/v2\/posts"}],"about":[{"href":"https:\/\/www.bellunopress.it\/fr\/wp-json\/wp\/v2\/types\/post"}],"author":[{"embeddable":true,"href":"https:\/\/www.bellunopress.it\/fr\/wp-json\/wp\/v2\/users\/2"}],"replies":[{"embeddable":true,"href":"https:\/\/www.bellunopress.it\/fr\/wp-json\/wp\/v2\/comments?post=172292"}],"version-history":[{"count":2,"href":"https:\/\/www.bellunopress.it\/fr\/wp-json\/wp\/v2\/posts\/172292\/revisions"}],"predecessor-version":[{"id":172324,"href":"https:\/\/www.bellunopress.it\/fr\/wp-json\/wp\/v2\/posts\/172292\/revisions\/172324"}],"wp:featuredmedia":[{"embeddable":true,"href":"https:\/\/www.bellunopress.it\/fr\/wp-json\/wp\/v2\/media\/172293"}],"wp:attachment":[{"href":"https:\/\/www.bellunopress.it\/fr\/wp-json\/wp\/v2\/media?parent=172292"}],"wp:term":[{"taxonomy":"category","embeddable":true,"href":"https:\/\/www.bellunopress.it\/fr\/wp-json\/wp\/v2\/categories?post=172292"},{"taxonomy":"post_tag","embeddable":true,"href":"https:\/\/www.bellunopress.it\/fr\/wp-json\/wp\/v2\/tags?post=172292"}],"curies":[{"name":"wp","href":"https:\/\/api.w.org\/{rel}","templated":true}]}}