{"id":172290,"date":"2026-07-29T17:23:06","date_gmt":"2026-07-29T15:23:06","guid":{"rendered":"https:\/\/www.bellunopress.it\/?p=172290"},"modified":"2026-07-29T17:23:06","modified_gmt":"2026-07-29T15:23:06","slug":"lettera-aperta-sul-trasporto-pubblico-urbano","status":"publish","type":"post","link":"https:\/\/www.bellunopress.it\/fr\/2026\/07\/29\/lettera-aperta-sul-trasporto-pubblico-urbano\/","title":{"rendered":"Lettera aperta sul Trasporto pubblico urbano"},"content":{"rendered":"<p>Sono la mamma di quattro tra ragazzi e bambini, abitiamo in una delle frazioni intorno al centro di Belluno, e da tempo desideravo trovare il tempo per scrivere queste righe.<br \/>\nTra i motivi che hanno portato me e mio marito a scegliere di vivere e crescere la nostra famiglia qui, c\u2019\u00e8 la possibilit\u00e0 di stare a contatto con la natura e al tempo stesso in prossimit\u00e0 del centro cittadino, permettendo ai nostri figli di poter fruire di alcuni servizi fondamentali, come il trasporto pubblico, che \u00e8 un elemento di autonomia nella crescita dei ragazzi, per poter raggiungere la scuola, frequentare attivit\u00e0 pomeridiane, svolgere piccole commissioni e incontrare gli amici. Io stessa per diversi anni ho usufruito dell\u2019abbonamento per raggiungere il lavoro, senza utilizzare l\u2019auto privata.<\/p>\n<p>In questi ultimi anni, e in particolare con l\u2019introduzione di Trillo, questa possibilit\u00e0 di autonomia ha fortemente vacillato, per l\u2019incertezza sul servizio, la sua frequenza e puntualit\u00e0. Potrei raccontare di tanti episodi familiari in cui abbiamo dovuto repentinamente cambiare programmi, improvvisare soluzioni, o rinunciare a un appuntamento. Come sempre le famiglie si fanno carico dei servizi che la societ\u00e0 e le istituzioni non offrono, e cos\u00ec abbiamo sopperito con tanti pi\u00f9 trasporti in auto, a scapito dell\u2019obiettivo di crescita e autonomia che ci eravamo dati. Tutto questo ha naturalmente un costo, in termini di tempo e<br \/>\ndenaro. Un costo che si sovrappone a quello che gi\u00e0 stiamo pagando per l\u2019abbonamento studenti, che comunque continuiamo ad acquistare per usufruire almeno del trasporto in orario scolastico. Nello specifico tre abbonamenti della durata di 10 mesi per l\u2019urbano (i primi due figli alle scuole superiori, la terza alle scuole medie, o secondarie che dir si voglia), che fino a quest\u2019anno costavano ciascuno 349,00\u20ac per un totale che supera i 1.000 \u20ac, per coprire 5 km di tragitto tra casa e scuola (alle tratte urbane non si applicano agevolazioni come avviene per le extraurbane).<\/p>\n<p>Potete immaginare l\u2019amarezza che ho provato quando sui giornali \u00e8 uscita la notizia dell\u2019utile di oltre due milioni avuto in quest\u2019ultimo anno dalla societ\u00e0 Dolomitibus, cui il servizio \u00e8 affidato (e non si tratta di una eccezione, l\u2019utile ammontava a 1,9 mln nell\u2019anno precedente, come da bilanci pubblicati sul sito della societ\u00e0). Per me \u00e8 chiaro che quell\u2019utile \u00e8 stato raggranellato dalle nostre tasche, e da quelle di tante altre famiglie, anziani, lavoratori che come noi gi\u00e0 stanno facendo fronte ai continui velocissimi rincari dei principali beni (utenze, carburante, generi alimentari, ecc), oppure \u00e8 stato ottenuto a discapito dei<br \/>\nbilanci dell\u2019ente pubblico, con restrizioni su altri servizi (scuole, cultura, servizi sociali\u2026).<\/p>\n<p>A fronte di questo utile (peraltro sono fermamente convinta che i servizi pubblici non dovrebbero portare utili, ma servizi, ma capisco che questa ormai \u00e8 un\u2019altra Italia) ricevo oggi la notizia di un rincaro delle tariffe.<br \/>\nAggiungo che, se a volte ho la necessit\u00e0 di prendere l\u2019autobus per andare o tornare dall\u2019ufficio, non trovo pi\u00f9 in tutto il centro di Belluno un esercizio pubblico che rivenda i biglietti Dolomitibus (edicole e tabaccherie non li tengono pi\u00f9) e l\u2019unica possibilit\u00e0 (per me come per i turisti) \u00e8 recarmi presso lo sportello in piazzale stazione negli orari di apertura (che sono ovviamente anche quelli in cui dovrei essere in ufficio), o pagare il biglietto maggiorato a bordo. Parlando con gli esercenti ho compreso che il loro rifiuto nel tenere i biglietti \u00e8 motivato dal fatto che essi stessi li dovrebbero acquistare, anticipando il costo, perch\u00e9 non \u00e8 previsto un servizio \u201cin conto vendita\u201d n\u00e9 una seppur minima remunerazione o percentuale sulla vendita all\u2019utente. Ma che servizio \u00e8 questo? ancora una volta scaricato sulle spalle degli altri, volenterosi o dotati di maggiore senso civico.<\/p>\n<p>A fronte di tutto questo chiedo che il mio Comune si metta una mano sulla coscienza, e decida di affrontare il gestore del servizio, con il coraggio di chiedere un vero servizio, avendo negli occhi le reali necessit\u00e0 di chi lo vorrebbe fruire, e ribaltando la logica di profitto e direi anche ricattatoria degli appaltatori, che detenendo tutte le informazioni sul merito ne dispensano solo alcune non consentendo agli amministratori di intervenire in maniera efficace sulla qualit\u00e0 e gestione del trasporto.<\/p>\n<p>Chiedo in particolare:<br \/>\n\u25cf che sia introdotta nella tariffazione una agevolazione per le famiglie con pi\u00f9 figli abbonati (vogliamo sostenere questa tanto agognata natalit\u00e0?);<br \/>\n\u25cf che a fronte dei notevoli utili societari non venga dato corso agli aumenti tariffari prospettati;<br \/>\n\u25cf che siano introdotte strategie per una diffusione pi\u00f9 capillare della vendita di biglietti nel centro citt\u00e0 e nelle frazioni, con vantaggio per gli esercenti che li offrono;<br \/>\n\u25cf che sia istituito un portale di valutazione del servizio a cui rivolgere richieste, segnalare disservizi, diverso dal servizio reclami di Dolomitibus (che ho utilizzato, e mi ha davvero mortificata, a volte per la mancanza di risposte, mentre quando le ho<br \/>\nricevute per la loro fredda burocrazia), e che i dati raccolti vengano valutati congiuntamente da Comune e gestore, e siano oggetto di tavoli per la valutazione del servizio in cui ciascun soggetto abbia a disposizione tutte le informazioni<br \/>\nnecessarie.<\/p>\n<p>Lettera firmata &#8211; Belluno<\/p>","protected":false},"excerpt":{"rendered":"<p>Sono la mamma di quattro tra ragazzi e bambini, abitiamo in una delle frazioni intorno al centro di Belluno, e da tempo desideravo trovare il tempo per scrivere queste righe. Tra i motivi che hanno portato me e mio marito a scegliere di vivere e crescere la nostra famiglia qui, c\u2019\u00e8 la possibilit\u00e0 di stare [&hellip;]<\/p>\n","protected":false},"author":2,"featured_media":123649,"comment_status":"closed","ping_status":"open","sticky":false,"template":"","format":"standard","meta":{"footnotes":""},"categories":[1,26],"tags":[],"class_list":["post-172290","post","type-post","status-publish","format-standard","has-post-thumbnail","category-leo","category-prima-pagina"],"yoast_head":"<!-- This site is optimized with the Yoast SEO plugin v28.4 - https:\/\/yoast.com\/product\/yoast-seo-wordpress\/ -->\n<title>Lettera aperta sul Trasporto pubblico urbano - Bellunopress - Dolomiti<\/title>\n<meta name=\"robots\" content=\"index, follow, max-snippet:-1, max-image-preview:large, max-video-preview:-1\" \/>\n<link rel=\"canonical\" href=\"https:\/\/www.bellunopress.it\/fr\/2026\/07\/29\/lettera-aperta-sul-trasporto-pubblico-urbano\/\" \/>\n<meta property=\"og:locale\" content=\"fr_FR\" \/>\n<meta property=\"og:type\" content=\"article\" \/>\n<meta property=\"og:title\" content=\"Lettera aperta sul Trasporto pubblico urbano - Bellunopress - Dolomiti\" \/>\n<meta property=\"og:description\" content=\"Sono la mamma di quattro tra ragazzi e bambini, abitiamo in una delle frazioni intorno al centro di Belluno, e da tempo desideravo trovare il tempo per scrivere queste righe. Tra i motivi che hanno portato me e mio marito a scegliere di vivere e crescere la nostra famiglia qui, c\u2019\u00e8 la possibilit\u00e0 di stare [&hellip;]\" \/>\n<meta property=\"og:url\" content=\"https:\/\/www.bellunopress.it\/fr\/2026\/07\/29\/lettera-aperta-sul-trasporto-pubblico-urbano\/\" \/>\n<meta property=\"og:site_name\" content=\"Bellunopress - Dolomiti\" \/>\n<meta property=\"article:publisher\" content=\"https:\/\/www.facebook.com\/profile.php?id=100008943462799\" \/>\n<meta property=\"article:published_time\" content=\"2026-07-29T15:23:06+00:00\" \/>\n<meta property=\"og:image\" content=\"https:\/\/www.bellunopress.it\/wp-content\/uploads\/2021\/04\/lettera-mail_edited.jpg\" \/>\n\t<meta property=\"og:image:width\" content=\"962\" \/>\n\t<meta property=\"og:image:height\" content=\"1000\" \/>\n\t<meta property=\"og:image:type\" content=\"image\/jpeg\" \/>\n<meta name=\"author\" content=\"redazione\" \/>\n<meta name=\"twitter:card\" content=\"summary_large_image\" \/>\n<meta name=\"twitter:creator\" content=\"@bellunopress\" \/>\n<meta name=\"twitter:site\" content=\"@bellunopress\" \/>\n<meta name=\"twitter:label1\" content=\"Written by\" \/>\n\t<meta name=\"twitter:data1\" content=\"redazione\" \/>\n\t<meta name=\"twitter:label2\" content=\"Est. reading time\" \/>\n\t<meta name=\"twitter:data2\" content=\"5 minutes\" \/>\n<script type=\"application\/ld+json\" class=\"yoast-schema-graph\">{\"@context\":\"https:\\\/\\\/schema.org\",\"@graph\":[{\"@type\":\"Article\",\"@id\":\"https:\\\/\\\/www.bellunopress.it\\\/2026\\\/07\\\/29\\\/lettera-aperta-sul-trasporto-pubblico-urbano\\\/#article\",\"isPartOf\":{\"@id\":\"https:\\\/\\\/www.bellunopress.it\\\/2026\\\/07\\\/29\\\/lettera-aperta-sul-trasporto-pubblico-urbano\\\/\"},\"author\":{\"name\":\"redazione\",\"@id\":\"https:\\\/\\\/www.bellunopress.it\\\/#\\\/schema\\\/person\\\/79bb06722b37ece1c03d3e94beb30d73\"},\"headline\":\"Lettera aperta sul Trasporto pubblico urbano\",\"datePublished\":\"2026-07-29T15:23:06+00:00\",\"mainEntityOfPage\":{\"@id\":\"https:\\\/\\\/www.bellunopress.it\\\/2026\\\/07\\\/29\\\/lettera-aperta-sul-trasporto-pubblico-urbano\\\/\"},\"wordCount\":845,\"publisher\":{\"@id\":\"https:\\\/\\\/www.bellunopress.it\\\/#organization\"},\"image\":{\"@id\":\"https:\\\/\\\/www.bellunopress.it\\\/2026\\\/07\\\/29\\\/lettera-aperta-sul-trasporto-pubblico-urbano\\\/#primaryimage\"},\"thumbnailUrl\":\"https:\\\/\\\/www.bellunopress.it\\\/wp-content\\\/uploads\\\/2021\\\/04\\\/lettera-mail_edited.jpg\",\"articleSection\":[\"Lettere Opinioni\",\"Prima Pagina\"],\"inLanguage\":\"fr-FR\"},{\"@type\":\"WebPage\",\"@id\":\"https:\\\/\\\/www.bellunopress.it\\\/2026\\\/07\\\/29\\\/lettera-aperta-sul-trasporto-pubblico-urbano\\\/\",\"url\":\"https:\\\/\\\/www.bellunopress.it\\\/2026\\\/07\\\/29\\\/lettera-aperta-sul-trasporto-pubblico-urbano\\\/\",\"name\":\"Lettera aperta sul Trasporto pubblico urbano - Bellunopress - Dolomiti\",\"isPartOf\":{\"@id\":\"https:\\\/\\\/www.bellunopress.it\\\/#website\"},\"primaryImageOfPage\":{\"@id\":\"https:\\\/\\\/www.bellunopress.it\\\/2026\\\/07\\\/29\\\/lettera-aperta-sul-trasporto-pubblico-urbano\\\/#primaryimage\"},\"image\":{\"@id\":\"https:\\\/\\\/www.bellunopress.it\\\/2026\\\/07\\\/29\\\/lettera-aperta-sul-trasporto-pubblico-urbano\\\/#primaryimage\"},\"thumbnailUrl\":\"https:\\\/\\\/www.bellunopress.it\\\/wp-content\\\/uploads\\\/2021\\\/04\\\/lettera-mail_edited.jpg\",\"datePublished\":\"2026-07-29T15:23:06+00:00\",\"breadcrumb\":{\"@id\":\"https:\\\/\\\/www.bellunopress.it\\\/2026\\\/07\\\/29\\\/lettera-aperta-sul-trasporto-pubblico-urbano\\\/#breadcrumb\"},\"inLanguage\":\"fr-FR\",\"potentialAction\":[{\"@type\":\"ReadAction\",\"target\":[\"https:\\\/\\\/www.bellunopress.it\\\/2026\\\/07\\\/29\\\/lettera-aperta-sul-trasporto-pubblico-urbano\\\/\"]}]},{\"@type\":\"ImageObject\",\"inLanguage\":\"fr-FR\",\"@id\":\"https:\\\/\\\/www.bellunopress.it\\\/2026\\\/07\\\/29\\\/lettera-aperta-sul-trasporto-pubblico-urbano\\\/#primaryimage\",\"url\":\"https:\\\/\\\/www.bellunopress.it\\\/wp-content\\\/uploads\\\/2021\\\/04\\\/lettera-mail_edited.jpg\",\"contentUrl\":\"https:\\\/\\\/www.bellunopress.it\\\/wp-content\\\/uploads\\\/2021\\\/04\\\/lettera-mail_edited.jpg\",\"width\":962,\"height\":1000},{\"@type\":\"BreadcrumbList\",\"@id\":\"https:\\\/\\\/www.bellunopress.it\\\/2026\\\/07\\\/29\\\/lettera-aperta-sul-trasporto-pubblico-urbano\\\/#breadcrumb\",\"itemListElement\":[{\"@type\":\"ListItem\",\"position\":1,\"name\":\"Home\",\"item\":\"https:\\\/\\\/www.bellunopress.it\\\/\"},{\"@type\":\"ListItem\",\"position\":2,\"name\":\"Lettera aperta sul Trasporto pubblico urbano\"}]},{\"@type\":\"WebSite\",\"@id\":\"https:\\\/\\\/www.bellunopress.it\\\/#website\",\"url\":\"https:\\\/\\\/www.bellunopress.it\\\/\",\"name\":\"Bellunopress - Dolomiti\",\"description\":\"e-mail: redazione@bellunopress.it\",\"publisher\":{\"@id\":\"https:\\\/\\\/www.bellunopress.it\\\/#organization\"},\"potentialAction\":[{\"@type\":\"SearchAction\",\"target\":{\"@type\":\"EntryPoint\",\"urlTemplate\":\"https:\\\/\\\/www.bellunopress.it\\\/?s={search_term_string}\"},\"query-input\":{\"@type\":\"PropertyValueSpecification\",\"valueRequired\":true,\"valueName\":\"search_term_string\"}}],\"inLanguage\":\"fr-FR\"},{\"@type\":\"Organization\",\"@id\":\"https:\\\/\\\/www.bellunopress.it\\\/#organization\",\"name\":\"Bellunopress\",\"url\":\"https:\\\/\\\/www.bellunopress.it\\\/\",\"logo\":{\"@type\":\"ImageObject\",\"inLanguage\":\"fr-FR\",\"@id\":\"https:\\\/\\\/www.bellunopress.it\\\/#\\\/schema\\\/logo\\\/image\\\/\",\"url\":\"https:\\\/\\\/www.bellunopress.it\\\/wp-content\\\/uploads\\\/2011\\\/05\\\/cropped-logo-bellunopress-.jpg\",\"contentUrl\":\"https:\\\/\\\/www.bellunopress.it\\\/wp-content\\\/uploads\\\/2011\\\/05\\\/cropped-logo-bellunopress-.jpg\",\"width\":512,\"height\":512,\"caption\":\"Bellunopress\"},\"image\":{\"@id\":\"https:\\\/\\\/www.bellunopress.it\\\/#\\\/schema\\\/logo\\\/image\\\/\"},\"sameAs\":[\"https:\\\/\\\/www.facebook.com\\\/profile.php?id=100008943462799\",\"https:\\\/\\\/x.com\\\/bellunopress\",\"https:\\\/\\\/www.linkedin.com\\\/hp\\\/?dnr=JBzUWaJfMUw8vbXJJ2tVW5-I3jZKvC4wsoxE&amp;amp;amp;amp;amp;amp;trk=nav_responsive_tab_home\",\"https:\\\/\\\/www.youtube.com\\\/channel\\\/UCxL0wu1uN0_3_7hGG0306cw\"]},{\"@type\":\"Person\",\"@id\":\"https:\\\/\\\/www.bellunopress.it\\\/#\\\/schema\\\/person\\\/79bb06722b37ece1c03d3e94beb30d73\",\"name\":\"redazione\",\"image\":{\"@type\":\"ImageObject\",\"inLanguage\":\"fr-FR\",\"@id\":\"https:\\\/\\\/secure.gravatar.com\\\/avatar\\\/37d968a2e67a6fd04c169c4bdef102d0bc5d31b2546345219e348575eb80e9a0?s=96&d=mm&r=g\",\"url\":\"https:\\\/\\\/secure.gravatar.com\\\/avatar\\\/37d968a2e67a6fd04c169c4bdef102d0bc5d31b2546345219e348575eb80e9a0?s=96&d=mm&r=g\",\"contentUrl\":\"https:\\\/\\\/secure.gravatar.com\\\/avatar\\\/37d968a2e67a6fd04c169c4bdef102d0bc5d31b2546345219e348575eb80e9a0?s=96&d=mm&r=g\",\"caption\":\"redazione\"},\"sameAs\":[\"http:\\\/\\\/www.bellunopress.it\",\"https:\\\/\\\/x.com\\\/bellunopress\"],\"url\":\"https:\\\/\\\/www.bellunopress.it\\\/fr\\\/author\\\/redazione\\\/\"}]}<\/script>\n<!-- \/ Yoast SEO plugin. -->","yoast_head_json":{"title":"Lettera aperta sul Trasporto pubblico urbano - Bellunopress - Dolomiti","robots":{"index":"index","follow":"follow","max-snippet":"max-snippet:-1","max-image-preview":"max-image-preview:large","max-video-preview":"max-video-preview:-1"},"canonical":"https:\/\/www.bellunopress.it\/fr\/2026\/07\/29\/lettera-aperta-sul-trasporto-pubblico-urbano\/","og_locale":"fr_FR","og_type":"article","og_title":"Lettera aperta sul Trasporto pubblico urbano - Bellunopress - Dolomiti","og_description":"Sono la mamma di quattro tra ragazzi e bambini, abitiamo in una delle frazioni intorno al centro di Belluno, e da tempo desideravo trovare il tempo per scrivere queste righe. Tra i motivi che hanno portato me e mio marito a scegliere di vivere e crescere la nostra famiglia qui, c\u2019\u00e8 la possibilit\u00e0 di stare [&hellip;]","og_url":"https:\/\/www.bellunopress.it\/fr\/2026\/07\/29\/lettera-aperta-sul-trasporto-pubblico-urbano\/","og_site_name":"Bellunopress - Dolomiti","article_publisher":"https:\/\/www.facebook.com\/profile.php?id=100008943462799","article_published_time":"2026-07-29T15:23:06+00:00","og_image":[{"width":962,"height":1000,"url":"https:\/\/www.bellunopress.it\/wp-content\/uploads\/2021\/04\/lettera-mail_edited.jpg","type":"image\/jpeg"}],"author":"redazione","twitter_card":"summary_large_image","twitter_creator":"@bellunopress","twitter_site":"@bellunopress","twitter_misc":{"Written by":"redazione","Est. reading time":"5 minutes"},"schema":{"@context":"https:\/\/schema.org","@graph":[{"@type":"Article","@id":"https:\/\/www.bellunopress.it\/2026\/07\/29\/lettera-aperta-sul-trasporto-pubblico-urbano\/#article","isPartOf":{"@id":"https:\/\/www.bellunopress.it\/2026\/07\/29\/lettera-aperta-sul-trasporto-pubblico-urbano\/"},"author":{"name":"redazione","@id":"https:\/\/www.bellunopress.it\/#\/schema\/person\/79bb06722b37ece1c03d3e94beb30d73"},"headline":"Lettera aperta sul Trasporto pubblico urbano","datePublished":"2026-07-29T15:23:06+00:00","mainEntityOfPage":{"@id":"https:\/\/www.bellunopress.it\/2026\/07\/29\/lettera-aperta-sul-trasporto-pubblico-urbano\/"},"wordCount":845,"publisher":{"@id":"https:\/\/www.bellunopress.it\/#organization"},"image":{"@id":"https:\/\/www.bellunopress.it\/2026\/07\/29\/lettera-aperta-sul-trasporto-pubblico-urbano\/#primaryimage"},"thumbnailUrl":"https:\/\/www.bellunopress.it\/wp-content\/uploads\/2021\/04\/lettera-mail_edited.jpg","articleSection":["Lettere Opinioni","Prima Pagina"],"inLanguage":"fr-FR"},{"@type":"WebPage","@id":"https:\/\/www.bellunopress.it\/2026\/07\/29\/lettera-aperta-sul-trasporto-pubblico-urbano\/","url":"https:\/\/www.bellunopress.it\/2026\/07\/29\/lettera-aperta-sul-trasporto-pubblico-urbano\/","name":"Lettera aperta sul Trasporto pubblico urbano - Bellunopress - Dolomiti","isPartOf":{"@id":"https:\/\/www.bellunopress.it\/#website"},"primaryImageOfPage":{"@id":"https:\/\/www.bellunopress.it\/2026\/07\/29\/lettera-aperta-sul-trasporto-pubblico-urbano\/#primaryimage"},"image":{"@id":"https:\/\/www.bellunopress.it\/2026\/07\/29\/lettera-aperta-sul-trasporto-pubblico-urbano\/#primaryimage"},"thumbnailUrl":"https:\/\/www.bellunopress.it\/wp-content\/uploads\/2021\/04\/lettera-mail_edited.jpg","datePublished":"2026-07-29T15:23:06+00:00","breadcrumb":{"@id":"https:\/\/www.bellunopress.it\/2026\/07\/29\/lettera-aperta-sul-trasporto-pubblico-urbano\/#breadcrumb"},"inLanguage":"fr-FR","potentialAction":[{"@type":"ReadAction","target":["https:\/\/www.bellunopress.it\/2026\/07\/29\/lettera-aperta-sul-trasporto-pubblico-urbano\/"]}]},{"@type":"ImageObject","inLanguage":"fr-FR","@id":"https:\/\/www.bellunopress.it\/2026\/07\/29\/lettera-aperta-sul-trasporto-pubblico-urbano\/#primaryimage","url":"https:\/\/www.bellunopress.it\/wp-content\/uploads\/2021\/04\/lettera-mail_edited.jpg","contentUrl":"https:\/\/www.bellunopress.it\/wp-content\/uploads\/2021\/04\/lettera-mail_edited.jpg","width":962,"height":1000},{"@type":"BreadcrumbList","@id":"https:\/\/www.bellunopress.it\/2026\/07\/29\/lettera-aperta-sul-trasporto-pubblico-urbano\/#breadcrumb","itemListElement":[{"@type":"ListItem","position":1,"name":"Home","item":"https:\/\/www.bellunopress.it\/"},{"@type":"ListItem","position":2,"name":"Lettera aperta sul Trasporto pubblico urbano"}]},{"@type":"WebSite","@id":"https:\/\/www.bellunopress.it\/#website","url":"https:\/\/www.bellunopress.it\/","name":"Bellunopress - Dolomiti","description":"e-mail: redazione@bellunopress.it","publisher":{"@id":"https:\/\/www.bellunopress.it\/#organization"},"potentialAction":[{"@type":"SearchAction","target":{"@type":"EntryPoint","urlTemplate":"https:\/\/www.bellunopress.it\/?s={search_term_string}"},"query-input":{"@type":"PropertyValueSpecification","valueRequired":true,"valueName":"search_term_string"}}],"inLanguage":"fr-FR"},{"@type":"Organization","@id":"https:\/\/www.bellunopress.it\/#organization","name":"Bellunopress","url":"https:\/\/www.bellunopress.it\/","logo":{"@type":"ImageObject","inLanguage":"fr-FR","@id":"https:\/\/www.bellunopress.it\/#\/schema\/logo\/image\/","url":"https:\/\/www.bellunopress.it\/wp-content\/uploads\/2011\/05\/cropped-logo-bellunopress-.jpg","contentUrl":"https:\/\/www.bellunopress.it\/wp-content\/uploads\/2011\/05\/cropped-logo-bellunopress-.jpg","width":512,"height":512,"caption":"Bellunopress"},"image":{"@id":"https:\/\/www.bellunopress.it\/#\/schema\/logo\/image\/"},"sameAs":["https:\/\/www.facebook.com\/profile.php?id=100008943462799","https:\/\/x.com\/bellunopress","https:\/\/www.linkedin.com\/hp\/?dnr=JBzUWaJfMUw8vbXJJ2tVW5-I3jZKvC4wsoxE&amp;amp;amp;amp;amp;amp;trk=nav_responsive_tab_home","https:\/\/www.youtube.com\/channel\/UCxL0wu1uN0_3_7hGG0306cw"]},{"@type":"Person","@id":"https:\/\/www.bellunopress.it\/#\/schema\/person\/79bb06722b37ece1c03d3e94beb30d73","name":"r\u00e9daction","image":{"@type":"ImageObject","inLanguage":"fr-FR","@id":"https:\/\/secure.gravatar.com\/avatar\/37d968a2e67a6fd04c169c4bdef102d0bc5d31b2546345219e348575eb80e9a0?s=96&d=mm&r=g","url":"https:\/\/secure.gravatar.com\/avatar\/37d968a2e67a6fd04c169c4bdef102d0bc5d31b2546345219e348575eb80e9a0?s=96&d=mm&r=g","contentUrl":"https:\/\/secure.gravatar.com\/avatar\/37d968a2e67a6fd04c169c4bdef102d0bc5d31b2546345219e348575eb80e9a0?s=96&d=mm&r=g","caption":"redazione"},"sameAs":["http:\/\/www.bellunopress.it","https:\/\/x.com\/bellunopress"],"url":"https:\/\/www.bellunopress.it\/fr\/author\/redazione\/"}]}},"_links":{"self":[{"href":"https:\/\/www.bellunopress.it\/fr\/wp-json\/wp\/v2\/posts\/172290","targetHints":{"allow":["GET"]}}],"collection":[{"href":"https:\/\/www.bellunopress.it\/fr\/wp-json\/wp\/v2\/posts"}],"about":[{"href":"https:\/\/www.bellunopress.it\/fr\/wp-json\/wp\/v2\/types\/post"}],"author":[{"embeddable":true,"href":"https:\/\/www.bellunopress.it\/fr\/wp-json\/wp\/v2\/users\/2"}],"replies":[{"embeddable":true,"href":"https:\/\/www.bellunopress.it\/fr\/wp-json\/wp\/v2\/comments?post=172290"}],"version-history":[{"count":1,"href":"https:\/\/www.bellunopress.it\/fr\/wp-json\/wp\/v2\/posts\/172290\/revisions"}],"predecessor-version":[{"id":172291,"href":"https:\/\/www.bellunopress.it\/fr\/wp-json\/wp\/v2\/posts\/172290\/revisions\/172291"}],"wp:featuredmedia":[{"embeddable":true,"href":"https:\/\/www.bellunopress.it\/fr\/wp-json\/wp\/v2\/media\/123649"}],"wp:attachment":[{"href":"https:\/\/www.bellunopress.it\/fr\/wp-json\/wp\/v2\/media?parent=172290"}],"wp:term":[{"taxonomy":"category","embeddable":true,"href":"https:\/\/www.bellunopress.it\/fr\/wp-json\/wp\/v2\/categories?post=172290"},{"taxonomy":"post_tag","embeddable":true,"href":"https:\/\/www.bellunopress.it\/fr\/wp-json\/wp\/v2\/tags?post=172290"}],"curies":[{"name":"wp","href":"https:\/\/api.w.org\/{rel}","templated":true}]}}