{"id":172283,"date":"2026-07-29T11:56:30","date_gmt":"2026-07-29T09:56:30","guid":{"rendered":"https:\/\/www.bellunopress.it\/?p=172283"},"modified":"2026-07-29T13:58:17","modified_gmt":"2026-07-29T11:58:17","slug":"poste-italiane-a-belluno-un-annullo-speciale-per-i-700-anni-della-chiesa-di-san-pietro","status":"publish","type":"post","link":"https:\/\/www.bellunopress.it\/fr\/2026\/07\/29\/poste-italiane-a-belluno-un-annullo-speciale-per-i-700-anni-della-chiesa-di-san-pietro\/","title":{"rendered":"Poste Italiane, a Belluno un annullo speciale per i 700 anni della chiesa di San Pietro"},"content":{"rendered":"<p>Belluno, 29 luglio 2026 \u2013 I sette secoli di storia della chiesa di San Pietro saranno ricordati da Poste Italiane con uno speciale annullo filatelico, su iniziativa dell\u2019associazione \u201cCollezionismo Filatelia Numismatica Belluno\u201d. Il bollo riporta la legenda \u201c700 anni dalla dedicazione della chiesa di San Pietro\u201d e riproduce la facciata dell\u2019edificio religioso, consacrato il 3 agosto del 1326.<\/p>\n<p>Lo speciale annullo sar\u00e0 disponibile sabato 1\u00b0 agosto nello spazio allestito da Poste Italiane nel chiostro della chiesa. Lettere ed altre corrispondenze presentate potranno essere timbrate dalle 9.30 alle 12.30.<\/p>\n<p>Ulteriori informazioni sugli annulli e sulle iniziative filateliche di Poste Italiane sono disponibili sul sito: https:\/\/filatelia.poste.it\/index.html<\/p>\n<p>&nbsp;<\/p>","protected":false},"excerpt":{"rendered":"<p>Belluno, 29 luglio 2026 \u2013 I sette secoli di storia della chiesa di San Pietro saranno ricordati da Poste Italiane con uno speciale annullo filatelico, su iniziativa dell\u2019associazione \u201cCollezionismo Filatelia Numismatica Belluno\u201d. Il bollo riporta la legenda \u201c700 anni dalla dedicazione della chiesa di San Pietro\u201d e riproduce la facciata dell\u2019edificio religioso, consacrato il 3 [&hellip;]<\/p>\n","protected":false},"author":2,"featured_media":172284,"comment_status":"closed","ping_status":"open","sticky":false,"template":"","format":"standard","meta":{"footnotes":""},"categories":[25,8],"tags":[],"class_list":["post-172283","post","type-post","status-publish","format-standard","has-post-thumbnail","category-pausa-caffe","category-societa-istituzioni"],"yoast_head":"<!-- This site is optimized with the Yoast SEO plugin v28.4 - https:\/\/yoast.com\/product\/yoast-seo-wordpress\/ -->\n<title>Poste Italiane, a Belluno un annullo speciale per i 700 anni della chiesa di San Pietro - Bellunopress - Dolomiti<\/title>\n<meta name=\"robots\" content=\"index, follow, max-snippet:-1, max-image-preview:large, max-video-preview:-1\" \/>\n<link rel=\"canonical\" href=\"https:\/\/www.bellunopress.it\/fr\/2026\/07\/29\/poste-italiane-a-belluno-un-annullo-speciale-per-i-700-anni-della-chiesa-di-san-pietro\/\" \/>\n<meta property=\"og:locale\" content=\"fr_FR\" \/>\n<meta property=\"og:type\" content=\"article\" \/>\n<meta property=\"og:title\" content=\"Poste Italiane, a Belluno un annullo speciale per i 700 anni della chiesa di San Pietro - Bellunopress - Dolomiti\" \/>\n<meta property=\"og:description\" content=\"Belluno, 29 luglio 2026 \u2013 I sette secoli di storia della chiesa di San Pietro saranno ricordati da Poste Italiane con uno speciale annullo filatelico, su iniziativa dell\u2019associazione \u201cCollezionismo Filatelia Numismatica Belluno\u201d. Il bollo riporta la legenda \u201c700 anni dalla dedicazione della chiesa di San Pietro\u201d e riproduce la facciata dell\u2019edificio religioso, consacrato il 3 [&hellip;]\" \/>\n<meta property=\"og:url\" content=\"https:\/\/www.bellunopress.it\/fr\/2026\/07\/29\/poste-italiane-a-belluno-un-annullo-speciale-per-i-700-anni-della-chiesa-di-san-pietro\/\" \/>\n<meta property=\"og:site_name\" content=\"Bellunopress - Dolomiti\" \/>\n<meta property=\"article:publisher\" content=\"https:\/\/www.facebook.com\/profile.php?id=100008943462799\" \/>\n<meta property=\"article:published_time\" content=\"2026-07-29T09:56:30+00:00\" \/>\n<meta property=\"article:modified_time\" content=\"2026-07-29T11:58:17+00:00\" \/>\n<meta property=\"og:image\" content=\"https:\/\/www.bellunopress.it\/wp-content\/uploads\/2026\/07\/Annullo-San-Pietro-Belluno.jpg\" \/>\n\t<meta property=\"og:image:width\" content=\"290\" \/>\n\t<meta property=\"og:image:height\" content=\"290\" \/>\n\t<meta property=\"og:image:type\" content=\"image\/jpeg\" \/>\n<meta name=\"author\" content=\"redazione\" \/>\n<meta name=\"twitter:card\" content=\"summary_large_image\" \/>\n<meta name=\"twitter:creator\" content=\"@bellunopress\" \/>\n<meta name=\"twitter:site\" content=\"@bellunopress\" \/>\n<meta name=\"twitter:label1\" content=\"\u00c9crit par\" \/>\n\t<meta name=\"twitter:data1\" content=\"redazione\" \/>\n\t<meta name=\"twitter:label2\" content=\"Dur\u00e9e de lecture estim\u00e9e\" \/>\n\t<meta name=\"twitter:data2\" content=\"1 minute\" \/>\n<script type=\"application\/ld+json\" class=\"yoast-schema-graph\">{\"@context\":\"https:\\\/\\\/schema.org\",\"@graph\":[{\"@type\":\"Article\",\"@id\":\"https:\\\/\\\/www.bellunopress.it\\\/2026\\\/07\\\/29\\\/poste-italiane-a-belluno-un-annullo-speciale-per-i-700-anni-della-chiesa-di-san-pietro\\\/#article\",\"isPartOf\":{\"@id\":\"https:\\\/\\\/www.bellunopress.it\\\/2026\\\/07\\\/29\\\/poste-italiane-a-belluno-un-annullo-speciale-per-i-700-anni-della-chiesa-di-san-pietro\\\/\"},\"author\":{\"name\":\"redazione\",\"@id\":\"https:\\\/\\\/www.bellunopress.it\\\/#\\\/schema\\\/person\\\/79bb06722b37ece1c03d3e94beb30d73\"},\"headline\":\"Poste Italiane, a Belluno un annullo speciale per i 700 anni della chiesa di San Pietro\",\"datePublished\":\"2026-07-29T09:56:30+00:00\",\"dateModified\":\"2026-07-29T11:58:17+00:00\",\"mainEntityOfPage\":{\"@id\":\"https:\\\/\\\/www.bellunopress.it\\\/2026\\\/07\\\/29\\\/poste-italiane-a-belluno-un-annullo-speciale-per-i-700-anni-della-chiesa-di-san-pietro\\\/\"},\"wordCount\":118,\"publisher\":{\"@id\":\"https:\\\/\\\/www.bellunopress.it\\\/#organization\"},\"image\":{\"@id\":\"https:\\\/\\\/www.bellunopress.it\\\/2026\\\/07\\\/29\\\/poste-italiane-a-belluno-un-annullo-speciale-per-i-700-anni-della-chiesa-di-san-pietro\\\/#primaryimage\"},\"thumbnailUrl\":\"https:\\\/\\\/www.bellunopress.it\\\/wp-content\\\/uploads\\\/2026\\\/07\\\/Annullo-San-Pietro-Belluno.jpg\",\"articleSection\":[\"Pausa Caff\u00e8\",\"Societ\u00e0, Associazioni, Istituzioni\"],\"inLanguage\":\"fr-FR\"},{\"@type\":\"WebPage\",\"@id\":\"https:\\\/\\\/www.bellunopress.it\\\/2026\\\/07\\\/29\\\/poste-italiane-a-belluno-un-annullo-speciale-per-i-700-anni-della-chiesa-di-san-pietro\\\/\",\"url\":\"https:\\\/\\\/www.bellunopress.it\\\/2026\\\/07\\\/29\\\/poste-italiane-a-belluno-un-annullo-speciale-per-i-700-anni-della-chiesa-di-san-pietro\\\/\",\"name\":\"Poste Italiane, a Belluno un annullo speciale per i 700 anni della chiesa di San Pietro - Bellunopress - Dolomiti\",\"isPartOf\":{\"@id\":\"https:\\\/\\\/www.bellunopress.it\\\/#website\"},\"primaryImageOfPage\":{\"@id\":\"https:\\\/\\\/www.bellunopress.it\\\/2026\\\/07\\\/29\\\/poste-italiane-a-belluno-un-annullo-speciale-per-i-700-anni-della-chiesa-di-san-pietro\\\/#primaryimage\"},\"image\":{\"@id\":\"https:\\\/\\\/www.bellunopress.it\\\/2026\\\/07\\\/29\\\/poste-italiane-a-belluno-un-annullo-speciale-per-i-700-anni-della-chiesa-di-san-pietro\\\/#primaryimage\"},\"thumbnailUrl\":\"https:\\\/\\\/www.bellunopress.it\\\/wp-content\\\/uploads\\\/2026\\\/07\\\/Annullo-San-Pietro-Belluno.jpg\",\"datePublished\":\"2026-07-29T09:56:30+00:00\",\"dateModified\":\"2026-07-29T11:58:17+00:00\",\"breadcrumb\":{\"@id\":\"https:\\\/\\\/www.bellunopress.it\\\/2026\\\/07\\\/29\\\/poste-italiane-a-belluno-un-annullo-speciale-per-i-700-anni-della-chiesa-di-san-pietro\\\/#breadcrumb\"},\"inLanguage\":\"fr-FR\",\"potentialAction\":[{\"@type\":\"ReadAction\",\"target\":[\"https:\\\/\\\/www.bellunopress.it\\\/2026\\\/07\\\/29\\\/poste-italiane-a-belluno-un-annullo-speciale-per-i-700-anni-della-chiesa-di-san-pietro\\\/\"]}]},{\"@type\":\"ImageObject\",\"inLanguage\":\"fr-FR\",\"@id\":\"https:\\\/\\\/www.bellunopress.it\\\/2026\\\/07\\\/29\\\/poste-italiane-a-belluno-un-annullo-speciale-per-i-700-anni-della-chiesa-di-san-pietro\\\/#primaryimage\",\"url\":\"https:\\\/\\\/www.bellunopress.it\\\/wp-content\\\/uploads\\\/2026\\\/07\\\/Annullo-San-Pietro-Belluno.jpg\",\"contentUrl\":\"https:\\\/\\\/www.bellunopress.it\\\/wp-content\\\/uploads\\\/2026\\\/07\\\/Annullo-San-Pietro-Belluno.jpg\",\"width\":290,\"height\":290},{\"@type\":\"BreadcrumbList\",\"@id\":\"https:\\\/\\\/www.bellunopress.it\\\/2026\\\/07\\\/29\\\/poste-italiane-a-belluno-un-annullo-speciale-per-i-700-anni-della-chiesa-di-san-pietro\\\/#breadcrumb\",\"itemListElement\":[{\"@type\":\"ListItem\",\"position\":1,\"name\":\"Home\",\"item\":\"https:\\\/\\\/www.bellunopress.it\\\/\"},{\"@type\":\"ListItem\",\"position\":2,\"name\":\"Poste Italiane, a Belluno un annullo speciale per i 700 anni della chiesa di San Pietro\"}]},{\"@type\":\"WebSite\",\"@id\":\"https:\\\/\\\/www.bellunopress.it\\\/#website\",\"url\":\"https:\\\/\\\/www.bellunopress.it\\\/\",\"name\":\"Bellunopress - Dolomiti\",\"description\":\"e-mail: redazione@bellunopress.it\",\"publisher\":{\"@id\":\"https:\\\/\\\/www.bellunopress.it\\\/#organization\"},\"potentialAction\":[{\"@type\":\"SearchAction\",\"target\":{\"@type\":\"EntryPoint\",\"urlTemplate\":\"https:\\\/\\\/www.bellunopress.it\\\/?s={search_term_string}\"},\"query-input\":{\"@type\":\"PropertyValueSpecification\",\"valueRequired\":true,\"valueName\":\"search_term_string\"}}],\"inLanguage\":\"fr-FR\"},{\"@type\":\"Organization\",\"@id\":\"https:\\\/\\\/www.bellunopress.it\\\/#organization\",\"name\":\"Bellunopress\",\"url\":\"https:\\\/\\\/www.bellunopress.it\\\/\",\"logo\":{\"@type\":\"ImageObject\",\"inLanguage\":\"fr-FR\",\"@id\":\"https:\\\/\\\/www.bellunopress.it\\\/#\\\/schema\\\/logo\\\/image\\\/\",\"url\":\"https:\\\/\\\/www.bellunopress.it\\\/wp-content\\\/uploads\\\/2011\\\/05\\\/cropped-logo-bellunopress-.jpg\",\"contentUrl\":\"https:\\\/\\\/www.bellunopress.it\\\/wp-content\\\/uploads\\\/2011\\\/05\\\/cropped-logo-bellunopress-.jpg\",\"width\":512,\"height\":512,\"caption\":\"Bellunopress\"},\"image\":{\"@id\":\"https:\\\/\\\/www.bellunopress.it\\\/#\\\/schema\\\/logo\\\/image\\\/\"},\"sameAs\":[\"https:\\\/\\\/www.facebook.com\\\/profile.php?id=100008943462799\",\"https:\\\/\\\/x.com\\\/bellunopress\",\"https:\\\/\\\/www.linkedin.com\\\/hp\\\/?dnr=JBzUWaJfMUw8vbXJJ2tVW5-I3jZKvC4wsoxE&amp;amp;amp;amp;amp;amp;trk=nav_responsive_tab_home\",\"https:\\\/\\\/www.youtube.com\\\/channel\\\/UCxL0wu1uN0_3_7hGG0306cw\"]},{\"@type\":\"Person\",\"@id\":\"https:\\\/\\\/www.bellunopress.it\\\/#\\\/schema\\\/person\\\/79bb06722b37ece1c03d3e94beb30d73\",\"name\":\"redazione\",\"image\":{\"@type\":\"ImageObject\",\"inLanguage\":\"fr-FR\",\"@id\":\"https:\\\/\\\/secure.gravatar.com\\\/avatar\\\/37d968a2e67a6fd04c169c4bdef102d0bc5d31b2546345219e348575eb80e9a0?s=96&d=mm&r=g\",\"url\":\"https:\\\/\\\/secure.gravatar.com\\\/avatar\\\/37d968a2e67a6fd04c169c4bdef102d0bc5d31b2546345219e348575eb80e9a0?s=96&d=mm&r=g\",\"contentUrl\":\"https:\\\/\\\/secure.gravatar.com\\\/avatar\\\/37d968a2e67a6fd04c169c4bdef102d0bc5d31b2546345219e348575eb80e9a0?s=96&d=mm&r=g\",\"caption\":\"redazione\"},\"sameAs\":[\"http:\\\/\\\/www.bellunopress.it\",\"https:\\\/\\\/x.com\\\/bellunopress\"],\"url\":\"https:\\\/\\\/www.bellunopress.it\\\/fr\\\/author\\\/redazione\\\/\"}]}<\/script>\n<!-- \/ Yoast SEO plugin. -->","yoast_head_json":{"title":"Poste Italiane, a Belluno un annullo speciale per i 700 anni della chiesa di San Pietro - Bellunopress - Dolomiti","robots":{"index":"index","follow":"follow","max-snippet":"max-snippet:-1","max-image-preview":"max-image-preview:large","max-video-preview":"max-video-preview:-1"},"canonical":"https:\/\/www.bellunopress.it\/fr\/2026\/07\/29\/poste-italiane-a-belluno-un-annullo-speciale-per-i-700-anni-della-chiesa-di-san-pietro\/","og_locale":"fr_FR","og_type":"article","og_title":"Poste Italiane, a Belluno un annullo speciale per i 700 anni della chiesa di San Pietro - Bellunopress - Dolomiti","og_description":"Belluno, 29 luglio 2026 \u2013 I sette secoli di storia della chiesa di San Pietro saranno ricordati da Poste Italiane con uno speciale annullo filatelico, su iniziativa dell\u2019associazione \u201cCollezionismo Filatelia Numismatica Belluno\u201d. Il bollo riporta la legenda \u201c700 anni dalla dedicazione della chiesa di San Pietro\u201d e riproduce la facciata dell\u2019edificio religioso, consacrato il 3 [&hellip;]","og_url":"https:\/\/www.bellunopress.it\/fr\/2026\/07\/29\/poste-italiane-a-belluno-un-annullo-speciale-per-i-700-anni-della-chiesa-di-san-pietro\/","og_site_name":"Bellunopress - Dolomiti","article_publisher":"https:\/\/www.facebook.com\/profile.php?id=100008943462799","article_published_time":"2026-07-29T09:56:30+00:00","article_modified_time":"2026-07-29T11:58:17+00:00","og_image":[{"width":290,"height":290,"url":"https:\/\/www.bellunopress.it\/wp-content\/uploads\/2026\/07\/Annullo-San-Pietro-Belluno.jpg","type":"image\/jpeg"}],"author":"redazione","twitter_card":"summary_large_image","twitter_creator":"@bellunopress","twitter_site":"@bellunopress","twitter_misc":{"\u00c9crit par":"redazione","Dur\u00e9e de lecture estim\u00e9e":"1 minute"},"schema":{"@context":"https:\/\/schema.org","@graph":[{"@type":"Article","@id":"https:\/\/www.bellunopress.it\/2026\/07\/29\/poste-italiane-a-belluno-un-annullo-speciale-per-i-700-anni-della-chiesa-di-san-pietro\/#article","isPartOf":{"@id":"https:\/\/www.bellunopress.it\/2026\/07\/29\/poste-italiane-a-belluno-un-annullo-speciale-per-i-700-anni-della-chiesa-di-san-pietro\/"},"author":{"name":"redazione","@id":"https:\/\/www.bellunopress.it\/#\/schema\/person\/79bb06722b37ece1c03d3e94beb30d73"},"headline":"Poste Italiane, a Belluno un annullo speciale per i 700 anni della chiesa di San Pietro","datePublished":"2026-07-29T09:56:30+00:00","dateModified":"2026-07-29T11:58:17+00:00","mainEntityOfPage":{"@id":"https:\/\/www.bellunopress.it\/2026\/07\/29\/poste-italiane-a-belluno-un-annullo-speciale-per-i-700-anni-della-chiesa-di-san-pietro\/"},"wordCount":118,"publisher":{"@id":"https:\/\/www.bellunopress.it\/#organization"},"image":{"@id":"https:\/\/www.bellunopress.it\/2026\/07\/29\/poste-italiane-a-belluno-un-annullo-speciale-per-i-700-anni-della-chiesa-di-san-pietro\/#primaryimage"},"thumbnailUrl":"https:\/\/www.bellunopress.it\/wp-content\/uploads\/2026\/07\/Annullo-San-Pietro-Belluno.jpg","articleSection":["Pausa Caff\u00e8","Societ\u00e0, Associazioni, Istituzioni"],"inLanguage":"fr-FR"},{"@type":"WebPage","@id":"https:\/\/www.bellunopress.it\/2026\/07\/29\/poste-italiane-a-belluno-un-annullo-speciale-per-i-700-anni-della-chiesa-di-san-pietro\/","url":"https:\/\/www.bellunopress.it\/2026\/07\/29\/poste-italiane-a-belluno-un-annullo-speciale-per-i-700-anni-della-chiesa-di-san-pietro\/","name":"Poste Italiane, a Belluno un annullo speciale per i 700 anni della chiesa di San Pietro - Bellunopress - Dolomiti","isPartOf":{"@id":"https:\/\/www.bellunopress.it\/#website"},"primaryImageOfPage":{"@id":"https:\/\/www.bellunopress.it\/2026\/07\/29\/poste-italiane-a-belluno-un-annullo-speciale-per-i-700-anni-della-chiesa-di-san-pietro\/#primaryimage"},"image":{"@id":"https:\/\/www.bellunopress.it\/2026\/07\/29\/poste-italiane-a-belluno-un-annullo-speciale-per-i-700-anni-della-chiesa-di-san-pietro\/#primaryimage"},"thumbnailUrl":"https:\/\/www.bellunopress.it\/wp-content\/uploads\/2026\/07\/Annullo-San-Pietro-Belluno.jpg","datePublished":"2026-07-29T09:56:30+00:00","dateModified":"2026-07-29T11:58:17+00:00","breadcrumb":{"@id":"https:\/\/www.bellunopress.it\/2026\/07\/29\/poste-italiane-a-belluno-un-annullo-speciale-per-i-700-anni-della-chiesa-di-san-pietro\/#breadcrumb"},"inLanguage":"fr-FR","potentialAction":[{"@type":"ReadAction","target":["https:\/\/www.bellunopress.it\/2026\/07\/29\/poste-italiane-a-belluno-un-annullo-speciale-per-i-700-anni-della-chiesa-di-san-pietro\/"]}]},{"@type":"ImageObject","inLanguage":"fr-FR","@id":"https:\/\/www.bellunopress.it\/2026\/07\/29\/poste-italiane-a-belluno-un-annullo-speciale-per-i-700-anni-della-chiesa-di-san-pietro\/#primaryimage","url":"https:\/\/www.bellunopress.it\/wp-content\/uploads\/2026\/07\/Annullo-San-Pietro-Belluno.jpg","contentUrl":"https:\/\/www.bellunopress.it\/wp-content\/uploads\/2026\/07\/Annullo-San-Pietro-Belluno.jpg","width":290,"height":290},{"@type":"BreadcrumbList","@id":"https:\/\/www.bellunopress.it\/2026\/07\/29\/poste-italiane-a-belluno-un-annullo-speciale-per-i-700-anni-della-chiesa-di-san-pietro\/#breadcrumb","itemListElement":[{"@type":"ListItem","position":1,"name":"Home","item":"https:\/\/www.bellunopress.it\/"},{"@type":"ListItem","position":2,"name":"Poste Italiane, a Belluno un annullo speciale per i 700 anni della chiesa di San Pietro"}]},{"@type":"WebSite","@id":"https:\/\/www.bellunopress.it\/#website","url":"https:\/\/www.bellunopress.it\/","name":"Bellunopress - Dolomiti","description":"e-mail: redazione@bellunopress.it","publisher":{"@id":"https:\/\/www.bellunopress.it\/#organization"},"potentialAction":[{"@type":"SearchAction","target":{"@type":"EntryPoint","urlTemplate":"https:\/\/www.bellunopress.it\/?s={search_term_string}"},"query-input":{"@type":"PropertyValueSpecification","valueRequired":true,"valueName":"search_term_string"}}],"inLanguage":"fr-FR"},{"@type":"Organization","@id":"https:\/\/www.bellunopress.it\/#organization","name":"Bellunopress","url":"https:\/\/www.bellunopress.it\/","logo":{"@type":"ImageObject","inLanguage":"fr-FR","@id":"https:\/\/www.bellunopress.it\/#\/schema\/logo\/image\/","url":"https:\/\/www.bellunopress.it\/wp-content\/uploads\/2011\/05\/cropped-logo-bellunopress-.jpg","contentUrl":"https:\/\/www.bellunopress.it\/wp-content\/uploads\/2011\/05\/cropped-logo-bellunopress-.jpg","width":512,"height":512,"caption":"Bellunopress"},"image":{"@id":"https:\/\/www.bellunopress.it\/#\/schema\/logo\/image\/"},"sameAs":["https:\/\/www.facebook.com\/profile.php?id=100008943462799","https:\/\/x.com\/bellunopress","https:\/\/www.linkedin.com\/hp\/?dnr=JBzUWaJfMUw8vbXJJ2tVW5-I3jZKvC4wsoxE&amp;amp;amp;amp;amp;amp;trk=nav_responsive_tab_home","https:\/\/www.youtube.com\/channel\/UCxL0wu1uN0_3_7hGG0306cw"]},{"@type":"Person","@id":"https:\/\/www.bellunopress.it\/#\/schema\/person\/79bb06722b37ece1c03d3e94beb30d73","name":"r\u00e9daction","image":{"@type":"ImageObject","inLanguage":"fr-FR","@id":"https:\/\/secure.gravatar.com\/avatar\/37d968a2e67a6fd04c169c4bdef102d0bc5d31b2546345219e348575eb80e9a0?s=96&d=mm&r=g","url":"https:\/\/secure.gravatar.com\/avatar\/37d968a2e67a6fd04c169c4bdef102d0bc5d31b2546345219e348575eb80e9a0?s=96&d=mm&r=g","contentUrl":"https:\/\/secure.gravatar.com\/avatar\/37d968a2e67a6fd04c169c4bdef102d0bc5d31b2546345219e348575eb80e9a0?s=96&d=mm&r=g","caption":"redazione"},"sameAs":["http:\/\/www.bellunopress.it","https:\/\/x.com\/bellunopress"],"url":"https:\/\/www.bellunopress.it\/fr\/author\/redazione\/"}]}},"_links":{"self":[{"href":"https:\/\/www.bellunopress.it\/fr\/wp-json\/wp\/v2\/posts\/172283","targetHints":{"allow":["GET"]}}],"collection":[{"href":"https:\/\/www.bellunopress.it\/fr\/wp-json\/wp\/v2\/posts"}],"about":[{"href":"https:\/\/www.bellunopress.it\/fr\/wp-json\/wp\/v2\/types\/post"}],"author":[{"embeddable":true,"href":"https:\/\/www.bellunopress.it\/fr\/wp-json\/wp\/v2\/users\/2"}],"replies":[{"embeddable":true,"href":"https:\/\/www.bellunopress.it\/fr\/wp-json\/wp\/v2\/comments?post=172283"}],"version-history":[{"count":1,"href":"https:\/\/www.bellunopress.it\/fr\/wp-json\/wp\/v2\/posts\/172283\/revisions"}],"predecessor-version":[{"id":172285,"href":"https:\/\/www.bellunopress.it\/fr\/wp-json\/wp\/v2\/posts\/172283\/revisions\/172285"}],"wp:featuredmedia":[{"embeddable":true,"href":"https:\/\/www.bellunopress.it\/fr\/wp-json\/wp\/v2\/media\/172284"}],"wp:attachment":[{"href":"https:\/\/www.bellunopress.it\/fr\/wp-json\/wp\/v2\/media?parent=172283"}],"wp:term":[{"taxonomy":"category","embeddable":true,"href":"https:\/\/www.bellunopress.it\/fr\/wp-json\/wp\/v2\/categories?post=172283"},{"taxonomy":"post_tag","embeddable":true,"href":"https:\/\/www.bellunopress.it\/fr\/wp-json\/wp\/v2\/tags?post=172283"}],"curies":[{"name":"wp","href":"https:\/\/api.w.org\/{rel}","templated":true}]}}