{"id":172278,"date":"2026-07-29T08:24:16","date_gmt":"2026-07-29T06:24:16","guid":{"rendered":"https:\/\/www.bellunopress.it\/?p=172278"},"modified":"2026-07-29T13:29:37","modified_gmt":"2026-07-29T11:29:37","slug":"riscaldamento-globale-opinioni-e-dati","status":"publish","type":"post","link":"https:\/\/www.bellunopress.it\/fr\/2026\/07\/29\/riscaldamento-globale-opinioni-e-dati\/","title":{"rendered":"Riscaldamento globale.  Opinioni e dati"},"content":{"rendered":"<p>Belluno 29 luglio 2026 &#8211;\u00a0Nel corso di quest&#8217;ultimo mese i giornali nazionali e locali hanno avuto l&#8217;occasione e l&#8217;obbligo di parlare della situazione climatica, con le diffuse tragedie provocate periodicamente da una temperatura sempre pi\u00f9 elevata, con migliaia di morti, spesso annegati nella ricerca di conforto nelle acque dei fiumi e dei laghi.<\/p>\n<p>La Scienza ha definito da molti anni i fattori causali del progressivo aumento della temperatura del pianeta, con tutto quel che comporta, ogni anno pi\u00f9 grave che negli anni precedenti.<\/p>\n<p>L&#8217;informazione giornalistica e televisiva ne parla sempre in maniera dettagliata ma senza accennare alle cause reali e alla evoluzione in senso peggiorativo, se non decisamente tragico, del fenomeno. In tal modo tutti coloro che non possono o non vogliono approfondire l&#8217;argomento possono pensare che tutto ci\u00f2 \u00e8 gi\u00e0 accaduto in passato e si risolver\u00e0 ancora una volta, come se fosse espressione di un ciclo naturale.<\/p>\n<p>Cito sommariamente articoli dei principali giornali nazionali e di due nostri giornali bellunesi<\/p>\n<p>La Repubblica nel suo dossier propone i &#8220;rifugi climatici&#8221; nelle principali citt\u00e0.<\/p>\n<p>Antonello Pasini scienziato del CNR parla della nuova legislazione antinquinante come fattore causale del riscaldamento e conclude che &#8220;dobbiamo imparare a conviverci e a gestire l&#8217;inevitabile&#8221;<\/p>\n<p>Elena Dusi cita Copernicus: &#8220;Allarme, il mare \u00e8 bollente 6 gradi pi\u00f9 della media con gravi danni all&#8217;ecosistema&#8221;<\/p>\n<p>Al Festival di Green&amp;Blue , tenuto al Museo Scienza e Tecnologia Leonardo da Vinci di Milano sotto lo slogan &#8220;Noi.Salvare il pianeta \u00e8 un impegno collettivo&#8221; senza mai citare il ruolo dei gas climalteranti per tre giorni<\/p>\n<p>La Verit\u00e0 con Patrizia Floder Reitter titola &#8220;La barzelletta del continente che si scalda di pi\u00f9&#8221; secondo cui la riduzione di zolfo e aerosol antropici per la nuova legislazione fanno s\u00ec che la terra assorba maggior calore.<\/p>\n<p>Franco Battaglia: &#8220;Cinquant&#8217;anni di dati dimostrano che la temperatura non \u00e8 cambiata&#8221; La sua dimostrazione si basa su un grafico della stazione di Bordeaux-Merignac e sul tentativo di ridicolizzare Telmo Pievani.<\/p>\n<p>Corriere della Sera in &#8220;Caldo, allerta rossa in 25 citt\u00e0&#8221; Carlo Buontempo direttore del servizio sul cambiamento climatico di Copernicus dice che il primo fattore causale \u00e8 la riduzione della neve; il secondo \u00e8 la maggiore frequenza dell&#8217;anticiclone africano a dispetto di quello atlantico; il terzo \u00e8 la legislazione Europea che \u00e8 stata molto efficace nel migliorare la qualit\u00e0 dell&#8217;aria.<\/p>\n<p>Corriere delle Alpi: la Presidente Berton riapre il tema delle &#8220;migrazioni verticali dalle aree urbane e di pianura verso le terre alte&#8221; sostenendo che la montagna pu\u00f2 diventare un rifugio climatico se sapr\u00e0 essere accessibile, connessa sicura e dotata di servizi<\/p>\n<p>La Stampa: con Mario Tozzi trova per fortuna le espressioni sensate, degne di un giornalista informato e non condizionato, consapevole del suo ruolo&#8221; I negazionisti del calore:.&#8221;Le temperature record dimostrano che la crisi climatica sta accelerando. Le destre sovraniste sminuiscono il problema attaccando gli scienziati La massimizzazione dei profitti \u00e8 il Dio a cui sacrificare il Bene Comune. Alla base della negazione della crisi climatica e del ruolo dei sapiens c&#8217;\u00e8 l&#8217;idea che non si debbano porre limiti al mercato.<\/p>\n<p>Belluno press da sempre riporta anche gli argomenti che tutti gli altri hanno l&#8217;obbligo di ignorare. A questo giornale e al suo direttore va sicuramente la stima e il ringraziamento di noi bellunesi.<\/p>\n<p>Ricordiamo che dal 1824 con Joseph Fourier ci siamo posti il problema dei fattori che influenzano la temperatura del pianeta. Nel 1903 Svante Arrhenius, Nobel per la chimica, ha indicato nella CO2 il gas determinante per spiegare i cicli atmosferici del nostro pianeta. Ci\u00f2 \u00e8 stato confermato scientificamente negli ultimi 120 anni oltre ogni dubbio<\/p>\n<p>Nel 2014 Carlo Rubbia in Senato ha confermato che oltre il 99% della Comunit\u00e0 scientifica concorda su l&#8217;origine antropica del riscaldamento globale e sulla crescita esponenziale della concentrazione del carbonio in atmosfera, riferendosi alle misurazioni storiche di Mauna Loa.<\/p>\n<p>Durante la COP21 l&#8217;accordo di Parigi del 2015 \u00e8 un trattato internazionale giuridicamente vincolante adottato da 195 Paesi con l&#8217;obiettivo di ridurre il consumo dei combustibili fossili per mantenere l&#8217;aumento della temperatura media al di sotto di 1,5\u00b0C rispetto ai 13,7\u00b0C precedenti all&#8217;era industriale.Quindi l&#8217;aumento della temperatura \u00e8 di origine antropica e dipende dalla concentrazione di CO2 nell&#8217;atmosfera, che sale per il consumo dei combustibili fossili.<\/p>\n<p>Filiberto Dal Molin<\/p>\n<p>&nbsp;<\/p>\n<p><strong>Tabella della concentrazione di CO2 in ppm nell&#8217;atmosfera del pianeta accertati a Mauna Loa dal 1990 ad oggi<\/strong><\/p>\n<p>Alle soglie del 1900 era di 280 ppm.<\/p>\n<p>Attualmente misura circa 431 ppm con un aumento del 54%, cui corrisponde un aumento di temperatura media di 1,5\u00b0C circa<\/p>\n<p>1990<\/p>\n<p>354,35\u2014355,61\u2014356,45\u2014357,10\u2014358,86\u2014<\/p>\n<p>1995<\/p>\n<p>360,82&#8212;362,61\u2014363,73\u2014366.70\u2014368,38&#8211;<\/p>\n<p>2000<\/p>\n<p>369,55\u2014371,14\u2014373,28\u2014375,80\u2014377,52&#8211;<\/p>\n<p>2005<\/p>\n<p>379,80\u2014381,90\u2014383,79\u2014385,60\u2014387,43&#8211;<\/p>\n<p>2010<\/p>\n<p>389,90\u2014391,65\u2014393,85\u2014396,52\u2014398,65<\/p>\n<p>2015<\/p>\n<p>400,83\u2014404,24\u2014406,55\u2014408,52\u2014411,44<\/p>\n<p>2020<\/p>\n<p>414,24\u2014416,45\u2014418,56\u2014421.08\u2014424,50\u2014<\/p>\n<p>2025<\/p>\n<p>~426,80 (stima annua)<\/p>","protected":false},"excerpt":{"rendered":"<p>Belluno 29 luglio 2026 &#8211;\u00a0Nel corso di quest&#8217;ultimo mese i giornali nazionali e locali hanno avuto l&#8217;occasione e l&#8217;obbligo di parlare della situazione climatica, con le diffuse tragedie provocate periodicamente da una temperatura sempre pi\u00f9 elevata, con migliaia di morti, spesso annegati nella ricerca di conforto nelle acque dei fiumi e dei laghi. La Scienza [&hellip;]<\/p>\n","protected":false},"author":2,"featured_media":164057,"comment_status":"closed","ping_status":"open","sticky":false,"template":"","format":"standard","meta":{"footnotes":""},"categories":[3614],"tags":[],"class_list":["post-172278","post","type-post","status-publish","format-standard","has-post-thumbnail","category-controcorrente"],"yoast_head":"<!-- This site is optimized with the Yoast SEO plugin v28.4 - https:\/\/yoast.com\/product\/yoast-seo-wordpress\/ -->\n<title>Riscaldamento globale. Opinioni e dati - Bellunopress - Dolomiti<\/title>\n<meta name=\"robots\" content=\"index, follow, max-snippet:-1, max-image-preview:large, max-video-preview:-1\" \/>\n<link rel=\"canonical\" href=\"https:\/\/www.bellunopress.it\/fr\/2026\/07\/29\/riscaldamento-globale-opinioni-e-dati\/\" \/>\n<meta property=\"og:locale\" content=\"fr_FR\" \/>\n<meta property=\"og:type\" content=\"article\" \/>\n<meta property=\"og:title\" content=\"Riscaldamento globale. Opinioni e dati - Bellunopress - Dolomiti\" \/>\n<meta property=\"og:description\" content=\"Belluno 29 luglio 2026 &#8211;\u00a0Nel corso di quest&#8217;ultimo mese i giornali nazionali e locali hanno avuto l&#8217;occasione e l&#8217;obbligo di parlare della situazione climatica, con le diffuse tragedie provocate periodicamente da una temperatura sempre pi\u00f9 elevata, con migliaia di morti, spesso annegati nella ricerca di conforto nelle acque dei fiumi e dei laghi. La Scienza [&hellip;]\" \/>\n<meta property=\"og:url\" content=\"https:\/\/www.bellunopress.it\/fr\/2026\/07\/29\/riscaldamento-globale-opinioni-e-dati\/\" \/>\n<meta property=\"og:site_name\" content=\"Bellunopress - Dolomiti\" \/>\n<meta property=\"article:publisher\" content=\"https:\/\/www.facebook.com\/profile.php?id=100008943462799\" \/>\n<meta property=\"article:published_time\" content=\"2026-07-29T06:24:16+00:00\" \/>\n<meta property=\"article:modified_time\" content=\"2026-07-29T11:29:37+00:00\" \/>\n<meta property=\"og:image\" content=\"https:\/\/www.bellunopress.it\/wp-content\/uploads\/2025\/10\/cambiamento-climatico_edited-1.jpg\" \/>\n\t<meta property=\"og:image:width\" content=\"800\" \/>\n\t<meta property=\"og:image:height\" content=\"666\" \/>\n\t<meta property=\"og:image:type\" content=\"image\/jpeg\" \/>\n<meta name=\"author\" content=\"redazione\" \/>\n<meta name=\"twitter:card\" content=\"summary_large_image\" \/>\n<meta name=\"twitter:creator\" content=\"@bellunopress\" \/>\n<meta name=\"twitter:site\" content=\"@bellunopress\" \/>\n<meta name=\"twitter:label1\" content=\"Written by\" \/>\n\t<meta name=\"twitter:data1\" content=\"redazione\" \/>\n\t<meta name=\"twitter:label2\" content=\"Est. reading time\" \/>\n\t<meta name=\"twitter:data2\" content=\"5 minutes\" \/>\n<script type=\"application\/ld+json\" class=\"yoast-schema-graph\">{\"@context\":\"https:\\\/\\\/schema.org\",\"@graph\":[{\"@type\":\"Article\",\"@id\":\"https:\\\/\\\/www.bellunopress.it\\\/2026\\\/07\\\/29\\\/riscaldamento-globale-opinioni-e-dati\\\/#article\",\"isPartOf\":{\"@id\":\"https:\\\/\\\/www.bellunopress.it\\\/2026\\\/07\\\/29\\\/riscaldamento-globale-opinioni-e-dati\\\/\"},\"author\":{\"name\":\"redazione\",\"@id\":\"https:\\\/\\\/www.bellunopress.it\\\/#\\\/schema\\\/person\\\/79bb06722b37ece1c03d3e94beb30d73\"},\"headline\":\"Riscaldamento globale. Opinioni e dati\",\"datePublished\":\"2026-07-29T06:24:16+00:00\",\"dateModified\":\"2026-07-29T11:29:37+00:00\",\"mainEntityOfPage\":{\"@id\":\"https:\\\/\\\/www.bellunopress.it\\\/2026\\\/07\\\/29\\\/riscaldamento-globale-opinioni-e-dati\\\/\"},\"wordCount\":754,\"publisher\":{\"@id\":\"https:\\\/\\\/www.bellunopress.it\\\/#organization\"},\"image\":{\"@id\":\"https:\\\/\\\/www.bellunopress.it\\\/2026\\\/07\\\/29\\\/riscaldamento-globale-opinioni-e-dati\\\/#primaryimage\"},\"thumbnailUrl\":\"https:\\\/\\\/www.bellunopress.it\\\/wp-content\\\/uploads\\\/2025\\\/10\\\/cambiamento-climatico_edited-1.jpg\",\"articleSection\":[\"Controcorrente Dr Filiberto Dal Molin\"],\"inLanguage\":\"fr-FR\"},{\"@type\":\"WebPage\",\"@id\":\"https:\\\/\\\/www.bellunopress.it\\\/2026\\\/07\\\/29\\\/riscaldamento-globale-opinioni-e-dati\\\/\",\"url\":\"https:\\\/\\\/www.bellunopress.it\\\/2026\\\/07\\\/29\\\/riscaldamento-globale-opinioni-e-dati\\\/\",\"name\":\"Riscaldamento globale. Opinioni e dati - Bellunopress - Dolomiti\",\"isPartOf\":{\"@id\":\"https:\\\/\\\/www.bellunopress.it\\\/#website\"},\"primaryImageOfPage\":{\"@id\":\"https:\\\/\\\/www.bellunopress.it\\\/2026\\\/07\\\/29\\\/riscaldamento-globale-opinioni-e-dati\\\/#primaryimage\"},\"image\":{\"@id\":\"https:\\\/\\\/www.bellunopress.it\\\/2026\\\/07\\\/29\\\/riscaldamento-globale-opinioni-e-dati\\\/#primaryimage\"},\"thumbnailUrl\":\"https:\\\/\\\/www.bellunopress.it\\\/wp-content\\\/uploads\\\/2025\\\/10\\\/cambiamento-climatico_edited-1.jpg\",\"datePublished\":\"2026-07-29T06:24:16+00:00\",\"dateModified\":\"2026-07-29T11:29:37+00:00\",\"breadcrumb\":{\"@id\":\"https:\\\/\\\/www.bellunopress.it\\\/2026\\\/07\\\/29\\\/riscaldamento-globale-opinioni-e-dati\\\/#breadcrumb\"},\"inLanguage\":\"fr-FR\",\"potentialAction\":[{\"@type\":\"ReadAction\",\"target\":[\"https:\\\/\\\/www.bellunopress.it\\\/2026\\\/07\\\/29\\\/riscaldamento-globale-opinioni-e-dati\\\/\"]}]},{\"@type\":\"ImageObject\",\"inLanguage\":\"fr-FR\",\"@id\":\"https:\\\/\\\/www.bellunopress.it\\\/2026\\\/07\\\/29\\\/riscaldamento-globale-opinioni-e-dati\\\/#primaryimage\",\"url\":\"https:\\\/\\\/www.bellunopress.it\\\/wp-content\\\/uploads\\\/2025\\\/10\\\/cambiamento-climatico_edited-1.jpg\",\"contentUrl\":\"https:\\\/\\\/www.bellunopress.it\\\/wp-content\\\/uploads\\\/2025\\\/10\\\/cambiamento-climatico_edited-1.jpg\",\"width\":800,\"height\":666},{\"@type\":\"BreadcrumbList\",\"@id\":\"https:\\\/\\\/www.bellunopress.it\\\/2026\\\/07\\\/29\\\/riscaldamento-globale-opinioni-e-dati\\\/#breadcrumb\",\"itemListElement\":[{\"@type\":\"ListItem\",\"position\":1,\"name\":\"Home\",\"item\":\"https:\\\/\\\/www.bellunopress.it\\\/\"},{\"@type\":\"ListItem\",\"position\":2,\"name\":\"Riscaldamento globale. Opinioni e dati\"}]},{\"@type\":\"WebSite\",\"@id\":\"https:\\\/\\\/www.bellunopress.it\\\/#website\",\"url\":\"https:\\\/\\\/www.bellunopress.it\\\/\",\"name\":\"Bellunopress - Dolomiti\",\"description\":\"e-mail: redazione@bellunopress.it\",\"publisher\":{\"@id\":\"https:\\\/\\\/www.bellunopress.it\\\/#organization\"},\"potentialAction\":[{\"@type\":\"SearchAction\",\"target\":{\"@type\":\"EntryPoint\",\"urlTemplate\":\"https:\\\/\\\/www.bellunopress.it\\\/?s={search_term_string}\"},\"query-input\":{\"@type\":\"PropertyValueSpecification\",\"valueRequired\":true,\"valueName\":\"search_term_string\"}}],\"inLanguage\":\"fr-FR\"},{\"@type\":\"Organization\",\"@id\":\"https:\\\/\\\/www.bellunopress.it\\\/#organization\",\"name\":\"Bellunopress\",\"url\":\"https:\\\/\\\/www.bellunopress.it\\\/\",\"logo\":{\"@type\":\"ImageObject\",\"inLanguage\":\"fr-FR\",\"@id\":\"https:\\\/\\\/www.bellunopress.it\\\/#\\\/schema\\\/logo\\\/image\\\/\",\"url\":\"https:\\\/\\\/www.bellunopress.it\\\/wp-content\\\/uploads\\\/2011\\\/05\\\/cropped-logo-bellunopress-.jpg\",\"contentUrl\":\"https:\\\/\\\/www.bellunopress.it\\\/wp-content\\\/uploads\\\/2011\\\/05\\\/cropped-logo-bellunopress-.jpg\",\"width\":512,\"height\":512,\"caption\":\"Bellunopress\"},\"image\":{\"@id\":\"https:\\\/\\\/www.bellunopress.it\\\/#\\\/schema\\\/logo\\\/image\\\/\"},\"sameAs\":[\"https:\\\/\\\/www.facebook.com\\\/profile.php?id=100008943462799\",\"https:\\\/\\\/x.com\\\/bellunopress\",\"https:\\\/\\\/www.linkedin.com\\\/hp\\\/?dnr=JBzUWaJfMUw8vbXJJ2tVW5-I3jZKvC4wsoxE&amp;amp;amp;amp;amp;amp;trk=nav_responsive_tab_home\",\"https:\\\/\\\/www.youtube.com\\\/channel\\\/UCxL0wu1uN0_3_7hGG0306cw\"]},{\"@type\":\"Person\",\"@id\":\"https:\\\/\\\/www.bellunopress.it\\\/#\\\/schema\\\/person\\\/79bb06722b37ece1c03d3e94beb30d73\",\"name\":\"redazione\",\"image\":{\"@type\":\"ImageObject\",\"inLanguage\":\"fr-FR\",\"@id\":\"https:\\\/\\\/secure.gravatar.com\\\/avatar\\\/37d968a2e67a6fd04c169c4bdef102d0bc5d31b2546345219e348575eb80e9a0?s=96&d=mm&r=g\",\"url\":\"https:\\\/\\\/secure.gravatar.com\\\/avatar\\\/37d968a2e67a6fd04c169c4bdef102d0bc5d31b2546345219e348575eb80e9a0?s=96&d=mm&r=g\",\"contentUrl\":\"https:\\\/\\\/secure.gravatar.com\\\/avatar\\\/37d968a2e67a6fd04c169c4bdef102d0bc5d31b2546345219e348575eb80e9a0?s=96&d=mm&r=g\",\"caption\":\"redazione\"},\"sameAs\":[\"http:\\\/\\\/www.bellunopress.it\",\"https:\\\/\\\/x.com\\\/bellunopress\"],\"url\":\"https:\\\/\\\/www.bellunopress.it\\\/fr\\\/author\\\/redazione\\\/\"}]}<\/script>\n<!-- \/ Yoast SEO plugin. -->","yoast_head_json":{"title":"Riscaldamento globale. Opinioni e dati - Bellunopress - Dolomiti","robots":{"index":"index","follow":"follow","max-snippet":"max-snippet:-1","max-image-preview":"max-image-preview:large","max-video-preview":"max-video-preview:-1"},"canonical":"https:\/\/www.bellunopress.it\/fr\/2026\/07\/29\/riscaldamento-globale-opinioni-e-dati\/","og_locale":"fr_FR","og_type":"article","og_title":"Riscaldamento globale. Opinioni e dati - Bellunopress - Dolomiti","og_description":"Belluno 29 luglio 2026 &#8211;\u00a0Nel corso di quest&#8217;ultimo mese i giornali nazionali e locali hanno avuto l&#8217;occasione e l&#8217;obbligo di parlare della situazione climatica, con le diffuse tragedie provocate periodicamente da una temperatura sempre pi\u00f9 elevata, con migliaia di morti, spesso annegati nella ricerca di conforto nelle acque dei fiumi e dei laghi. La Scienza [&hellip;]","og_url":"https:\/\/www.bellunopress.it\/fr\/2026\/07\/29\/riscaldamento-globale-opinioni-e-dati\/","og_site_name":"Bellunopress - Dolomiti","article_publisher":"https:\/\/www.facebook.com\/profile.php?id=100008943462799","article_published_time":"2026-07-29T06:24:16+00:00","article_modified_time":"2026-07-29T11:29:37+00:00","og_image":[{"width":800,"height":666,"url":"https:\/\/www.bellunopress.it\/wp-content\/uploads\/2025\/10\/cambiamento-climatico_edited-1.jpg","type":"image\/jpeg"}],"author":"redazione","twitter_card":"summary_large_image","twitter_creator":"@bellunopress","twitter_site":"@bellunopress","twitter_misc":{"Written by":"redazione","Est. reading time":"5 minutes"},"schema":{"@context":"https:\/\/schema.org","@graph":[{"@type":"Article","@id":"https:\/\/www.bellunopress.it\/2026\/07\/29\/riscaldamento-globale-opinioni-e-dati\/#article","isPartOf":{"@id":"https:\/\/www.bellunopress.it\/2026\/07\/29\/riscaldamento-globale-opinioni-e-dati\/"},"author":{"name":"redazione","@id":"https:\/\/www.bellunopress.it\/#\/schema\/person\/79bb06722b37ece1c03d3e94beb30d73"},"headline":"Riscaldamento globale. Opinioni e dati","datePublished":"2026-07-29T06:24:16+00:00","dateModified":"2026-07-29T11:29:37+00:00","mainEntityOfPage":{"@id":"https:\/\/www.bellunopress.it\/2026\/07\/29\/riscaldamento-globale-opinioni-e-dati\/"},"wordCount":754,"publisher":{"@id":"https:\/\/www.bellunopress.it\/#organization"},"image":{"@id":"https:\/\/www.bellunopress.it\/2026\/07\/29\/riscaldamento-globale-opinioni-e-dati\/#primaryimage"},"thumbnailUrl":"https:\/\/www.bellunopress.it\/wp-content\/uploads\/2025\/10\/cambiamento-climatico_edited-1.jpg","articleSection":["Controcorrente Dr Filiberto Dal Molin"],"inLanguage":"fr-FR"},{"@type":"WebPage","@id":"https:\/\/www.bellunopress.it\/2026\/07\/29\/riscaldamento-globale-opinioni-e-dati\/","url":"https:\/\/www.bellunopress.it\/2026\/07\/29\/riscaldamento-globale-opinioni-e-dati\/","name":"Riscaldamento globale. Opinioni e dati - Bellunopress - Dolomiti","isPartOf":{"@id":"https:\/\/www.bellunopress.it\/#website"},"primaryImageOfPage":{"@id":"https:\/\/www.bellunopress.it\/2026\/07\/29\/riscaldamento-globale-opinioni-e-dati\/#primaryimage"},"image":{"@id":"https:\/\/www.bellunopress.it\/2026\/07\/29\/riscaldamento-globale-opinioni-e-dati\/#primaryimage"},"thumbnailUrl":"https:\/\/www.bellunopress.it\/wp-content\/uploads\/2025\/10\/cambiamento-climatico_edited-1.jpg","datePublished":"2026-07-29T06:24:16+00:00","dateModified":"2026-07-29T11:29:37+00:00","breadcrumb":{"@id":"https:\/\/www.bellunopress.it\/2026\/07\/29\/riscaldamento-globale-opinioni-e-dati\/#breadcrumb"},"inLanguage":"fr-FR","potentialAction":[{"@type":"ReadAction","target":["https:\/\/www.bellunopress.it\/2026\/07\/29\/riscaldamento-globale-opinioni-e-dati\/"]}]},{"@type":"ImageObject","inLanguage":"fr-FR","@id":"https:\/\/www.bellunopress.it\/2026\/07\/29\/riscaldamento-globale-opinioni-e-dati\/#primaryimage","url":"https:\/\/www.bellunopress.it\/wp-content\/uploads\/2025\/10\/cambiamento-climatico_edited-1.jpg","contentUrl":"https:\/\/www.bellunopress.it\/wp-content\/uploads\/2025\/10\/cambiamento-climatico_edited-1.jpg","width":800,"height":666},{"@type":"BreadcrumbList","@id":"https:\/\/www.bellunopress.it\/2026\/07\/29\/riscaldamento-globale-opinioni-e-dati\/#breadcrumb","itemListElement":[{"@type":"ListItem","position":1,"name":"Home","item":"https:\/\/www.bellunopress.it\/"},{"@type":"ListItem","position":2,"name":"Riscaldamento globale. Opinioni e dati"}]},{"@type":"WebSite","@id":"https:\/\/www.bellunopress.it\/#website","url":"https:\/\/www.bellunopress.it\/","name":"Bellunopress - Dolomiti","description":"e-mail: redazione@bellunopress.it","publisher":{"@id":"https:\/\/www.bellunopress.it\/#organization"},"potentialAction":[{"@type":"SearchAction","target":{"@type":"EntryPoint","urlTemplate":"https:\/\/www.bellunopress.it\/?s={search_term_string}"},"query-input":{"@type":"PropertyValueSpecification","valueRequired":true,"valueName":"search_term_string"}}],"inLanguage":"fr-FR"},{"@type":"Organization","@id":"https:\/\/www.bellunopress.it\/#organization","name":"Bellunopress","url":"https:\/\/www.bellunopress.it\/","logo":{"@type":"ImageObject","inLanguage":"fr-FR","@id":"https:\/\/www.bellunopress.it\/#\/schema\/logo\/image\/","url":"https:\/\/www.bellunopress.it\/wp-content\/uploads\/2011\/05\/cropped-logo-bellunopress-.jpg","contentUrl":"https:\/\/www.bellunopress.it\/wp-content\/uploads\/2011\/05\/cropped-logo-bellunopress-.jpg","width":512,"height":512,"caption":"Bellunopress"},"image":{"@id":"https:\/\/www.bellunopress.it\/#\/schema\/logo\/image\/"},"sameAs":["https:\/\/www.facebook.com\/profile.php?id=100008943462799","https:\/\/x.com\/bellunopress","https:\/\/www.linkedin.com\/hp\/?dnr=JBzUWaJfMUw8vbXJJ2tVW5-I3jZKvC4wsoxE&amp;amp;amp;amp;amp;amp;trk=nav_responsive_tab_home","https:\/\/www.youtube.com\/channel\/UCxL0wu1uN0_3_7hGG0306cw"]},{"@type":"Person","@id":"https:\/\/www.bellunopress.it\/#\/schema\/person\/79bb06722b37ece1c03d3e94beb30d73","name":"r\u00e9daction","image":{"@type":"ImageObject","inLanguage":"fr-FR","@id":"https:\/\/secure.gravatar.com\/avatar\/37d968a2e67a6fd04c169c4bdef102d0bc5d31b2546345219e348575eb80e9a0?s=96&d=mm&r=g","url":"https:\/\/secure.gravatar.com\/avatar\/37d968a2e67a6fd04c169c4bdef102d0bc5d31b2546345219e348575eb80e9a0?s=96&d=mm&r=g","contentUrl":"https:\/\/secure.gravatar.com\/avatar\/37d968a2e67a6fd04c169c4bdef102d0bc5d31b2546345219e348575eb80e9a0?s=96&d=mm&r=g","caption":"redazione"},"sameAs":["http:\/\/www.bellunopress.it","https:\/\/x.com\/bellunopress"],"url":"https:\/\/www.bellunopress.it\/fr\/author\/redazione\/"}]}},"_links":{"self":[{"href":"https:\/\/www.bellunopress.it\/fr\/wp-json\/wp\/v2\/posts\/172278","targetHints":{"allow":["GET"]}}],"collection":[{"href":"https:\/\/www.bellunopress.it\/fr\/wp-json\/wp\/v2\/posts"}],"about":[{"href":"https:\/\/www.bellunopress.it\/fr\/wp-json\/wp\/v2\/types\/post"}],"author":[{"embeddable":true,"href":"https:\/\/www.bellunopress.it\/fr\/wp-json\/wp\/v2\/users\/2"}],"replies":[{"embeddable":true,"href":"https:\/\/www.bellunopress.it\/fr\/wp-json\/wp\/v2\/comments?post=172278"}],"version-history":[{"count":1,"href":"https:\/\/www.bellunopress.it\/fr\/wp-json\/wp\/v2\/posts\/172278\/revisions"}],"predecessor-version":[{"id":172279,"href":"https:\/\/www.bellunopress.it\/fr\/wp-json\/wp\/v2\/posts\/172278\/revisions\/172279"}],"wp:featuredmedia":[{"embeddable":true,"href":"https:\/\/www.bellunopress.it\/fr\/wp-json\/wp\/v2\/media\/164057"}],"wp:attachment":[{"href":"https:\/\/www.bellunopress.it\/fr\/wp-json\/wp\/v2\/media?parent=172278"}],"wp:term":[{"taxonomy":"category","embeddable":true,"href":"https:\/\/www.bellunopress.it\/fr\/wp-json\/wp\/v2\/categories?post=172278"},{"taxonomy":"post_tag","embeddable":true,"href":"https:\/\/www.bellunopress.it\/fr\/wp-json\/wp\/v2\/tags?post=172278"}],"curies":[{"name":"wp","href":"https:\/\/api.w.org\/{rel}","templated":true}]}}