{"id":172275,"date":"2026-07-29T13:14:27","date_gmt":"2026-07-29T11:14:27","guid":{"rendered":"https:\/\/www.bellunopress.it\/?p=172275"},"modified":"2026-07-29T13:14:27","modified_gmt":"2026-07-29T11:14:27","slug":"laura-trevisson-alla-presidenza-della-sezione-industrie-metalmeccaniche-di-confindustria-belluno-dolomiti","status":"publish","type":"post","link":"https:\/\/www.bellunopress.it\/fr\/2026\/07\/29\/laura-trevisson-alla-presidenza-della-sezione-industrie-metalmeccaniche-di-confindustria-belluno-dolomiti\/","title":{"rendered":"Laura Trevisson alla presidenza della Sezione industrie metalmeccaniche di Confindustria Belluno Dolomiti"},"content":{"rendered":"<p><strong>&#8220;Priorit\u00e0 all&#8217;ascolto, abbiamo davanti sfide complesse&#8221;<\/strong><\/p>\n<p><strong>Rinnovato l&#8217;intero consiglio direttivo<\/strong><\/p>\n<p>Belluno, 29 luglio 2026 \u2013 \u00c8 Laura Trevisson, vicepresidente di Meccanostampi srl di Limana, la nuova presidente della Sezione Industrie Metalmeccaniche di Confindustria Belluno Dolomiti, comparto \u2013 oggi pi\u00f9 che mai \u2013 chiamato alla prova del futuro tra Intelligenza artificiale, transizione ecologica e crisi geopolitiche.<\/p>\n<p>&#8220;Mi metter\u00f2 in ascolto di tutte le aziende del territorio. In questo momento storico dobbiamo fare rete per rafforzare la nostra eccellenza&#8221;, afferma Trevisson, che diventa cos\u00ec la prima presidente donna nella storia della sezione. Trevisson, peraltro, \u00e8 gi\u00e0 vicepresidente di Confindustria Belluno Dolomiti con una delega specifica alla parit\u00e0 di genere, affidatale dalla presidente Lorraine Berton.<\/p>\n<p>&#8220;La nostra Associazione aggiunge un nuovo tassello di reale inclusione, fondato sul merito e sul talento&#8221;, sottolinea la stessa Berton. &#8220;La leadership femminile \u00e8 un valore aggiunto e sono certa che Trevisson far\u00e0 la differenza. A lei e al nuovo Consiglio va il mio augurio di un buon lavoro. Allo stesso tempo ringrazio per l&#8217;impegno il presidente uscente Enrico Triches e la sua squadra; Triches \u00e8 stato una guida sicura in anni turbolenti per la nostra manifattura&#8221;.<\/p>\n<p>A supportare Trevisson, in qualit\u00e0 di vicepresidente, sar\u00e0 Mauro Longi (ECS), mentre sono stati individuati come consiglieri Alessandra Agostini (Agma Arredo Inox Professionale), Paolo Biscaro (Clivet), Paolo Candiago (Giorik), Romano Contin (Videndum Media Solutions) e Pierluigi Paoletti (Paoletti Energy).<\/p>\n<p>Saranno inoltre rappresentanti aggiuntivi nel Consiglio Generale Paolo Biscaro (Clivet), Dario Bettiol (Errebi), Stefano Giacomelli (Sinteco a Bucci Automations Division), Michele Faggioli (Lu-Ve) e Enrico Triches (Triches Enrico e Diego).<\/p>\n<p>Trevisson, dal canto suo, rivela di assumere l&#8217;incarico con &#8220;grande senso di responsabilit\u00e0 e gratitudine&#8221;: &#8220;Il settore metalmeccanico rappresenta uno dei pilastri dell&#8217;economia bellunese e sta attraversando una fase particolarmente complessa. Le sfide sono tante: mantenere la competitivit\u00e0 sui mercati, la difficolt\u00e0 nel reperire competenze, la transizione tecnologica e digitale, l&#8217;evoluzione dell&#8217;intelligenza artificiale e il suo impatto sui modelli organizzativi e produttivi, la sostenibilit\u00e0, il passaggio generazionale e le incertezze generate dall&#8217;attuale scenario geopolitico internazionale&#8221;.<\/p>\n<p>Scattata la fotografia, per Trevisson &#8220;il valore di un&#8217;associazione risiede nella sua capacit\u00e0 di mettere in relazione persone, esperienze e visioni diverse. Nessuna impresa possiede da sola tutte le risposte, ma ciascuna pu\u00f2 contribuire con la propria esperienza alla crescita collettiva del sistema&#8221;.<\/p>\n<p>Da qui la priorit\u00e0, quella di ascoltare: &#8220;L&#8217;ascolto \u00e8 un valore che guida il mio modo di essere e di lavorare. Per questo, nei prossimi mesi incontrer\u00f2 le aziende associate per comprendere priorit\u00e0, criticit\u00e0, aspettative e opportunit\u00e0. Da questo percorso di ascolto nasceranno i contenuti e le iniziative che il Gruppo decider\u00e0 di sviluppare&#8221;.<\/p>\n<p>Non solo ascolto, Trevisson intende favorire anche occasioni di incontro e confronto fra imprenditori: &#8220;Una delle pi\u00f9 grandi ricchezze di Confindustria \u00e8 la possibilit\u00e0 di fare rete, condividere esperienze, confrontarsi sui cambiamenti in atto. \u00c8 un patrimonio di relazioni da valorizzare&#8221;.<\/p>\n<p>&#8220;Vorrei che questo fosse percepito non come il mandato della Presidente, ma come il mandato di una squadra. Un percorso costruito con gli imprenditori e per gli imprenditori, con l&#8217;obiettivo di rafforzare la competitivit\u00e0 delle nostre imprese e lo sviluppo del territorio. Ascolto e confronto saranno la base della nostra azione&#8221;, conclude Trevisson.<\/p>\n<p>&nbsp;<\/p>","protected":false},"excerpt":{"rendered":"<p>&#8220;Priorit\u00e0 all&#8217;ascolto, abbiamo davanti sfide complesse&#8221; Rinnovato l&#8217;intero consiglio direttivo Belluno, 29 luglio 2026 \u2013 \u00c8 Laura Trevisson, vicepresidente di Meccanostampi srl di Limana, la nuova presidente della Sezione Industrie Metalmeccaniche di Confindustria Belluno Dolomiti, comparto \u2013 oggi pi\u00f9 che mai \u2013 chiamato alla prova del futuro tra Intelligenza artificiale, transizione ecologica e crisi geopolitiche. [&hellip;]<\/p>\n","protected":false},"author":2,"featured_media":172276,"comment_status":"closed","ping_status":"open","sticky":false,"template":"","format":"standard","meta":{"footnotes":""},"categories":[36,26],"tags":[],"class_list":["post-172275","post","type-post","status-publish","format-standard","has-post-thumbnail","category-lavoro-economia","category-prima-pagina"],"yoast_head":"<!-- This site is optimized with the Yoast SEO plugin v28.4 - https:\/\/yoast.com\/product\/yoast-seo-wordpress\/ -->\n<title>Laura Trevisson alla presidenza della Sezione industrie metalmeccaniche di Confindustria Belluno Dolomiti - Bellunopress - Dolomiti<\/title>\n<meta name=\"robots\" content=\"index, follow, max-snippet:-1, max-image-preview:large, max-video-preview:-1\" \/>\n<link rel=\"canonical\" href=\"https:\/\/www.bellunopress.it\/fr\/2026\/07\/29\/laura-trevisson-alla-presidenza-della-sezione-industrie-metalmeccaniche-di-confindustria-belluno-dolomiti\/\" \/>\n<meta property=\"og:locale\" content=\"fr_FR\" \/>\n<meta property=\"og:type\" content=\"article\" \/>\n<meta property=\"og:title\" content=\"Laura Trevisson alla presidenza della Sezione industrie metalmeccaniche di Confindustria Belluno Dolomiti - Bellunopress - Dolomiti\" \/>\n<meta property=\"og:description\" content=\"&#8220;Priorit\u00e0 all&#8217;ascolto, abbiamo davanti sfide complesse&#8221; Rinnovato l&#8217;intero consiglio direttivo Belluno, 29 luglio 2026 \u2013 \u00c8 Laura Trevisson, vicepresidente di Meccanostampi srl di Limana, la nuova presidente della Sezione Industrie Metalmeccaniche di Confindustria Belluno Dolomiti, comparto \u2013 oggi pi\u00f9 che mai \u2013 chiamato alla prova del futuro tra Intelligenza artificiale, transizione ecologica e crisi geopolitiche. [&hellip;]\" \/>\n<meta property=\"og:url\" content=\"https:\/\/www.bellunopress.it\/fr\/2026\/07\/29\/laura-trevisson-alla-presidenza-della-sezione-industrie-metalmeccaniche-di-confindustria-belluno-dolomiti\/\" \/>\n<meta property=\"og:site_name\" content=\"Bellunopress - Dolomiti\" \/>\n<meta property=\"article:publisher\" content=\"https:\/\/www.facebook.com\/profile.php?id=100008943462799\" \/>\n<meta property=\"article:published_time\" content=\"2026-07-29T11:14:27+00:00\" \/>\n<meta property=\"og:image\" content=\"https:\/\/www.bellunopress.it\/wp-content\/uploads\/2026\/07\/Laura-Trevisson-pesidente-Sezione-industrie-metalmeccaniche-di-Confindustria-Belluno-Dolomiti.jpeg\" \/>\n\t<meta property=\"og:image:width\" content=\"373\" \/>\n\t<meta property=\"og:image:height\" content=\"600\" \/>\n\t<meta property=\"og:image:type\" content=\"image\/jpeg\" \/>\n<meta name=\"author\" content=\"redazione\" \/>\n<meta name=\"twitter:card\" content=\"summary_large_image\" \/>\n<meta name=\"twitter:creator\" content=\"@bellunopress\" \/>\n<meta name=\"twitter:site\" content=\"@bellunopress\" \/>\n<meta name=\"twitter:label1\" content=\"\u00c9crit par\" \/>\n\t<meta name=\"twitter:data1\" content=\"redazione\" \/>\n\t<meta name=\"twitter:label2\" content=\"Dur\u00e9e de lecture estim\u00e9e\" \/>\n\t<meta name=\"twitter:data2\" content=\"3 minutes\" \/>\n<script type=\"application\/ld+json\" class=\"yoast-schema-graph\">{\"@context\":\"https:\\\/\\\/schema.org\",\"@graph\":[{\"@type\":\"Article\",\"@id\":\"https:\\\/\\\/www.bellunopress.it\\\/2026\\\/07\\\/29\\\/laura-trevisson-alla-presidenza-della-sezione-industrie-metalmeccaniche-di-confindustria-belluno-dolomiti\\\/#article\",\"isPartOf\":{\"@id\":\"https:\\\/\\\/www.bellunopress.it\\\/2026\\\/07\\\/29\\\/laura-trevisson-alla-presidenza-della-sezione-industrie-metalmeccaniche-di-confindustria-belluno-dolomiti\\\/\"},\"author\":{\"name\":\"redazione\",\"@id\":\"https:\\\/\\\/www.bellunopress.it\\\/#\\\/schema\\\/person\\\/79bb06722b37ece1c03d3e94beb30d73\"},\"headline\":\"Laura Trevisson alla presidenza della Sezione industrie metalmeccaniche di Confindustria Belluno Dolomiti\",\"datePublished\":\"2026-07-29T11:14:27+00:00\",\"mainEntityOfPage\":{\"@id\":\"https:\\\/\\\/www.bellunopress.it\\\/2026\\\/07\\\/29\\\/laura-trevisson-alla-presidenza-della-sezione-industrie-metalmeccaniche-di-confindustria-belluno-dolomiti\\\/\"},\"wordCount\":536,\"publisher\":{\"@id\":\"https:\\\/\\\/www.bellunopress.it\\\/#organization\"},\"image\":{\"@id\":\"https:\\\/\\\/www.bellunopress.it\\\/2026\\\/07\\\/29\\\/laura-trevisson-alla-presidenza-della-sezione-industrie-metalmeccaniche-di-confindustria-belluno-dolomiti\\\/#primaryimage\"},\"thumbnailUrl\":\"https:\\\/\\\/www.bellunopress.it\\\/wp-content\\\/uploads\\\/2026\\\/07\\\/Laura-Trevisson-pesidente-Sezione-industrie-metalmeccaniche-di-Confindustria-Belluno-Dolomiti.jpeg\",\"articleSection\":[\"Lavoro, Economia, Turismo\",\"Prima Pagina\"],\"inLanguage\":\"fr-FR\"},{\"@type\":\"WebPage\",\"@id\":\"https:\\\/\\\/www.bellunopress.it\\\/2026\\\/07\\\/29\\\/laura-trevisson-alla-presidenza-della-sezione-industrie-metalmeccaniche-di-confindustria-belluno-dolomiti\\\/\",\"url\":\"https:\\\/\\\/www.bellunopress.it\\\/2026\\\/07\\\/29\\\/laura-trevisson-alla-presidenza-della-sezione-industrie-metalmeccaniche-di-confindustria-belluno-dolomiti\\\/\",\"name\":\"Laura Trevisson alla presidenza della Sezione industrie metalmeccaniche di Confindustria Belluno Dolomiti - Bellunopress - Dolomiti\",\"isPartOf\":{\"@id\":\"https:\\\/\\\/www.bellunopress.it\\\/#website\"},\"primaryImageOfPage\":{\"@id\":\"https:\\\/\\\/www.bellunopress.it\\\/2026\\\/07\\\/29\\\/laura-trevisson-alla-presidenza-della-sezione-industrie-metalmeccaniche-di-confindustria-belluno-dolomiti\\\/#primaryimage\"},\"image\":{\"@id\":\"https:\\\/\\\/www.bellunopress.it\\\/2026\\\/07\\\/29\\\/laura-trevisson-alla-presidenza-della-sezione-industrie-metalmeccaniche-di-confindustria-belluno-dolomiti\\\/#primaryimage\"},\"thumbnailUrl\":\"https:\\\/\\\/www.bellunopress.it\\\/wp-content\\\/uploads\\\/2026\\\/07\\\/Laura-Trevisson-pesidente-Sezione-industrie-metalmeccaniche-di-Confindustria-Belluno-Dolomiti.jpeg\",\"datePublished\":\"2026-07-29T11:14:27+00:00\",\"breadcrumb\":{\"@id\":\"https:\\\/\\\/www.bellunopress.it\\\/2026\\\/07\\\/29\\\/laura-trevisson-alla-presidenza-della-sezione-industrie-metalmeccaniche-di-confindustria-belluno-dolomiti\\\/#breadcrumb\"},\"inLanguage\":\"fr-FR\",\"potentialAction\":[{\"@type\":\"ReadAction\",\"target\":[\"https:\\\/\\\/www.bellunopress.it\\\/2026\\\/07\\\/29\\\/laura-trevisson-alla-presidenza-della-sezione-industrie-metalmeccaniche-di-confindustria-belluno-dolomiti\\\/\"]}]},{\"@type\":\"ImageObject\",\"inLanguage\":\"fr-FR\",\"@id\":\"https:\\\/\\\/www.bellunopress.it\\\/2026\\\/07\\\/29\\\/laura-trevisson-alla-presidenza-della-sezione-industrie-metalmeccaniche-di-confindustria-belluno-dolomiti\\\/#primaryimage\",\"url\":\"https:\\\/\\\/www.bellunopress.it\\\/wp-content\\\/uploads\\\/2026\\\/07\\\/Laura-Trevisson-pesidente-Sezione-industrie-metalmeccaniche-di-Confindustria-Belluno-Dolomiti.jpeg\",\"contentUrl\":\"https:\\\/\\\/www.bellunopress.it\\\/wp-content\\\/uploads\\\/2026\\\/07\\\/Laura-Trevisson-pesidente-Sezione-industrie-metalmeccaniche-di-Confindustria-Belluno-Dolomiti.jpeg\",\"width\":373,\"height\":600,\"caption\":\"Laura Trevisson, presidente della Sezione industrie metalmeccaniche di Confindustria Belluno Dolomiti\"},{\"@type\":\"BreadcrumbList\",\"@id\":\"https:\\\/\\\/www.bellunopress.it\\\/2026\\\/07\\\/29\\\/laura-trevisson-alla-presidenza-della-sezione-industrie-metalmeccaniche-di-confindustria-belluno-dolomiti\\\/#breadcrumb\",\"itemListElement\":[{\"@type\":\"ListItem\",\"position\":1,\"name\":\"Home\",\"item\":\"https:\\\/\\\/www.bellunopress.it\\\/\"},{\"@type\":\"ListItem\",\"position\":2,\"name\":\"Laura Trevisson alla presidenza della Sezione industrie metalmeccaniche di Confindustria Belluno Dolomiti\"}]},{\"@type\":\"WebSite\",\"@id\":\"https:\\\/\\\/www.bellunopress.it\\\/#website\",\"url\":\"https:\\\/\\\/www.bellunopress.it\\\/\",\"name\":\"Bellunopress - Dolomiti\",\"description\":\"e-mail: redazione@bellunopress.it\",\"publisher\":{\"@id\":\"https:\\\/\\\/www.bellunopress.it\\\/#organization\"},\"potentialAction\":[{\"@type\":\"SearchAction\",\"target\":{\"@type\":\"EntryPoint\",\"urlTemplate\":\"https:\\\/\\\/www.bellunopress.it\\\/?s={search_term_string}\"},\"query-input\":{\"@type\":\"PropertyValueSpecification\",\"valueRequired\":true,\"valueName\":\"search_term_string\"}}],\"inLanguage\":\"fr-FR\"},{\"@type\":\"Organization\",\"@id\":\"https:\\\/\\\/www.bellunopress.it\\\/#organization\",\"name\":\"Bellunopress\",\"url\":\"https:\\\/\\\/www.bellunopress.it\\\/\",\"logo\":{\"@type\":\"ImageObject\",\"inLanguage\":\"fr-FR\",\"@id\":\"https:\\\/\\\/www.bellunopress.it\\\/#\\\/schema\\\/logo\\\/image\\\/\",\"url\":\"https:\\\/\\\/www.bellunopress.it\\\/wp-content\\\/uploads\\\/2011\\\/05\\\/cropped-logo-bellunopress-.jpg\",\"contentUrl\":\"https:\\\/\\\/www.bellunopress.it\\\/wp-content\\\/uploads\\\/2011\\\/05\\\/cropped-logo-bellunopress-.jpg\",\"width\":512,\"height\":512,\"caption\":\"Bellunopress\"},\"image\":{\"@id\":\"https:\\\/\\\/www.bellunopress.it\\\/#\\\/schema\\\/logo\\\/image\\\/\"},\"sameAs\":[\"https:\\\/\\\/www.facebook.com\\\/profile.php?id=100008943462799\",\"https:\\\/\\\/x.com\\\/bellunopress\",\"https:\\\/\\\/www.linkedin.com\\\/hp\\\/?dnr=JBzUWaJfMUw8vbXJJ2tVW5-I3jZKvC4wsoxE&amp;amp;amp;amp;amp;amp;trk=nav_responsive_tab_home\",\"https:\\\/\\\/www.youtube.com\\\/channel\\\/UCxL0wu1uN0_3_7hGG0306cw\"]},{\"@type\":\"Person\",\"@id\":\"https:\\\/\\\/www.bellunopress.it\\\/#\\\/schema\\\/person\\\/79bb06722b37ece1c03d3e94beb30d73\",\"name\":\"redazione\",\"image\":{\"@type\":\"ImageObject\",\"inLanguage\":\"fr-FR\",\"@id\":\"https:\\\/\\\/secure.gravatar.com\\\/avatar\\\/37d968a2e67a6fd04c169c4bdef102d0bc5d31b2546345219e348575eb80e9a0?s=96&d=mm&r=g\",\"url\":\"https:\\\/\\\/secure.gravatar.com\\\/avatar\\\/37d968a2e67a6fd04c169c4bdef102d0bc5d31b2546345219e348575eb80e9a0?s=96&d=mm&r=g\",\"contentUrl\":\"https:\\\/\\\/secure.gravatar.com\\\/avatar\\\/37d968a2e67a6fd04c169c4bdef102d0bc5d31b2546345219e348575eb80e9a0?s=96&d=mm&r=g\",\"caption\":\"redazione\"},\"sameAs\":[\"http:\\\/\\\/www.bellunopress.it\",\"https:\\\/\\\/x.com\\\/bellunopress\"],\"url\":\"https:\\\/\\\/www.bellunopress.it\\\/fr\\\/author\\\/redazione\\\/\"}]}<\/script>\n<!-- \/ Yoast SEO plugin. -->","yoast_head_json":{"title":"Laura Trevisson alla presidenza della Sezione industrie metalmeccaniche di Confindustria Belluno Dolomiti - Bellunopress - Dolomiti","robots":{"index":"index","follow":"follow","max-snippet":"max-snippet:-1","max-image-preview":"max-image-preview:large","max-video-preview":"max-video-preview:-1"},"canonical":"https:\/\/www.bellunopress.it\/fr\/2026\/07\/29\/laura-trevisson-alla-presidenza-della-sezione-industrie-metalmeccaniche-di-confindustria-belluno-dolomiti\/","og_locale":"fr_FR","og_type":"article","og_title":"Laura Trevisson alla presidenza della Sezione industrie metalmeccaniche di Confindustria Belluno Dolomiti - Bellunopress - Dolomiti","og_description":"&#8220;Priorit\u00e0 all&#8217;ascolto, abbiamo davanti sfide complesse&#8221; Rinnovato l&#8217;intero consiglio direttivo Belluno, 29 luglio 2026 \u2013 \u00c8 Laura Trevisson, vicepresidente di Meccanostampi srl di Limana, la nuova presidente della Sezione Industrie Metalmeccaniche di Confindustria Belluno Dolomiti, comparto \u2013 oggi pi\u00f9 che mai \u2013 chiamato alla prova del futuro tra Intelligenza artificiale, transizione ecologica e crisi geopolitiche. [&hellip;]","og_url":"https:\/\/www.bellunopress.it\/fr\/2026\/07\/29\/laura-trevisson-alla-presidenza-della-sezione-industrie-metalmeccaniche-di-confindustria-belluno-dolomiti\/","og_site_name":"Bellunopress - Dolomiti","article_publisher":"https:\/\/www.facebook.com\/profile.php?id=100008943462799","article_published_time":"2026-07-29T11:14:27+00:00","og_image":[{"width":373,"height":600,"url":"https:\/\/www.bellunopress.it\/wp-content\/uploads\/2026\/07\/Laura-Trevisson-pesidente-Sezione-industrie-metalmeccaniche-di-Confindustria-Belluno-Dolomiti.jpeg","type":"image\/jpeg"}],"author":"redazione","twitter_card":"summary_large_image","twitter_creator":"@bellunopress","twitter_site":"@bellunopress","twitter_misc":{"\u00c9crit par":"redazione","Dur\u00e9e de lecture estim\u00e9e":"3 minutes"},"schema":{"@context":"https:\/\/schema.org","@graph":[{"@type":"Article","@id":"https:\/\/www.bellunopress.it\/2026\/07\/29\/laura-trevisson-alla-presidenza-della-sezione-industrie-metalmeccaniche-di-confindustria-belluno-dolomiti\/#article","isPartOf":{"@id":"https:\/\/www.bellunopress.it\/2026\/07\/29\/laura-trevisson-alla-presidenza-della-sezione-industrie-metalmeccaniche-di-confindustria-belluno-dolomiti\/"},"author":{"name":"redazione","@id":"https:\/\/www.bellunopress.it\/#\/schema\/person\/79bb06722b37ece1c03d3e94beb30d73"},"headline":"Laura Trevisson alla presidenza della Sezione industrie metalmeccaniche di Confindustria Belluno Dolomiti","datePublished":"2026-07-29T11:14:27+00:00","mainEntityOfPage":{"@id":"https:\/\/www.bellunopress.it\/2026\/07\/29\/laura-trevisson-alla-presidenza-della-sezione-industrie-metalmeccaniche-di-confindustria-belluno-dolomiti\/"},"wordCount":536,"publisher":{"@id":"https:\/\/www.bellunopress.it\/#organization"},"image":{"@id":"https:\/\/www.bellunopress.it\/2026\/07\/29\/laura-trevisson-alla-presidenza-della-sezione-industrie-metalmeccaniche-di-confindustria-belluno-dolomiti\/#primaryimage"},"thumbnailUrl":"https:\/\/www.bellunopress.it\/wp-content\/uploads\/2026\/07\/Laura-Trevisson-pesidente-Sezione-industrie-metalmeccaniche-di-Confindustria-Belluno-Dolomiti.jpeg","articleSection":["Lavoro, Economia, Turismo","Prima Pagina"],"inLanguage":"fr-FR"},{"@type":"WebPage","@id":"https:\/\/www.bellunopress.it\/2026\/07\/29\/laura-trevisson-alla-presidenza-della-sezione-industrie-metalmeccaniche-di-confindustria-belluno-dolomiti\/","url":"https:\/\/www.bellunopress.it\/2026\/07\/29\/laura-trevisson-alla-presidenza-della-sezione-industrie-metalmeccaniche-di-confindustria-belluno-dolomiti\/","name":"Laura Trevisson alla presidenza della Sezione industrie metalmeccaniche di Confindustria Belluno Dolomiti - Bellunopress - Dolomiti","isPartOf":{"@id":"https:\/\/www.bellunopress.it\/#website"},"primaryImageOfPage":{"@id":"https:\/\/www.bellunopress.it\/2026\/07\/29\/laura-trevisson-alla-presidenza-della-sezione-industrie-metalmeccaniche-di-confindustria-belluno-dolomiti\/#primaryimage"},"image":{"@id":"https:\/\/www.bellunopress.it\/2026\/07\/29\/laura-trevisson-alla-presidenza-della-sezione-industrie-metalmeccaniche-di-confindustria-belluno-dolomiti\/#primaryimage"},"thumbnailUrl":"https:\/\/www.bellunopress.it\/wp-content\/uploads\/2026\/07\/Laura-Trevisson-pesidente-Sezione-industrie-metalmeccaniche-di-Confindustria-Belluno-Dolomiti.jpeg","datePublished":"2026-07-29T11:14:27+00:00","breadcrumb":{"@id":"https:\/\/www.bellunopress.it\/2026\/07\/29\/laura-trevisson-alla-presidenza-della-sezione-industrie-metalmeccaniche-di-confindustria-belluno-dolomiti\/#breadcrumb"},"inLanguage":"fr-FR","potentialAction":[{"@type":"ReadAction","target":["https:\/\/www.bellunopress.it\/2026\/07\/29\/laura-trevisson-alla-presidenza-della-sezione-industrie-metalmeccaniche-di-confindustria-belluno-dolomiti\/"]}]},{"@type":"ImageObject","inLanguage":"fr-FR","@id":"https:\/\/www.bellunopress.it\/2026\/07\/29\/laura-trevisson-alla-presidenza-della-sezione-industrie-metalmeccaniche-di-confindustria-belluno-dolomiti\/#primaryimage","url":"https:\/\/www.bellunopress.it\/wp-content\/uploads\/2026\/07\/Laura-Trevisson-pesidente-Sezione-industrie-metalmeccaniche-di-Confindustria-Belluno-Dolomiti.jpeg","contentUrl":"https:\/\/www.bellunopress.it\/wp-content\/uploads\/2026\/07\/Laura-Trevisson-pesidente-Sezione-industrie-metalmeccaniche-di-Confindustria-Belluno-Dolomiti.jpeg","width":373,"height":600,"caption":"Laura Trevisson, presidente della Sezione industrie metalmeccaniche di Confindustria Belluno Dolomiti"},{"@type":"BreadcrumbList","@id":"https:\/\/www.bellunopress.it\/2026\/07\/29\/laura-trevisson-alla-presidenza-della-sezione-industrie-metalmeccaniche-di-confindustria-belluno-dolomiti\/#breadcrumb","itemListElement":[{"@type":"ListItem","position":1,"name":"Home","item":"https:\/\/www.bellunopress.it\/"},{"@type":"ListItem","position":2,"name":"Laura Trevisson alla presidenza della Sezione industrie metalmeccaniche di Confindustria Belluno Dolomiti"}]},{"@type":"WebSite","@id":"https:\/\/www.bellunopress.it\/#website","url":"https:\/\/www.bellunopress.it\/","name":"Bellunopress - Dolomiti","description":"e-mail: redazione@bellunopress.it","publisher":{"@id":"https:\/\/www.bellunopress.it\/#organization"},"potentialAction":[{"@type":"SearchAction","target":{"@type":"EntryPoint","urlTemplate":"https:\/\/www.bellunopress.it\/?s={search_term_string}"},"query-input":{"@type":"PropertyValueSpecification","valueRequired":true,"valueName":"search_term_string"}}],"inLanguage":"fr-FR"},{"@type":"Organization","@id":"https:\/\/www.bellunopress.it\/#organization","name":"Bellunopress","url":"https:\/\/www.bellunopress.it\/","logo":{"@type":"ImageObject","inLanguage":"fr-FR","@id":"https:\/\/www.bellunopress.it\/#\/schema\/logo\/image\/","url":"https:\/\/www.bellunopress.it\/wp-content\/uploads\/2011\/05\/cropped-logo-bellunopress-.jpg","contentUrl":"https:\/\/www.bellunopress.it\/wp-content\/uploads\/2011\/05\/cropped-logo-bellunopress-.jpg","width":512,"height":512,"caption":"Bellunopress"},"image":{"@id":"https:\/\/www.bellunopress.it\/#\/schema\/logo\/image\/"},"sameAs":["https:\/\/www.facebook.com\/profile.php?id=100008943462799","https:\/\/x.com\/bellunopress","https:\/\/www.linkedin.com\/hp\/?dnr=JBzUWaJfMUw8vbXJJ2tVW5-I3jZKvC4wsoxE&amp;amp;amp;amp;amp;amp;trk=nav_responsive_tab_home","https:\/\/www.youtube.com\/channel\/UCxL0wu1uN0_3_7hGG0306cw"]},{"@type":"Person","@id":"https:\/\/www.bellunopress.it\/#\/schema\/person\/79bb06722b37ece1c03d3e94beb30d73","name":"r\u00e9daction","image":{"@type":"ImageObject","inLanguage":"fr-FR","@id":"https:\/\/secure.gravatar.com\/avatar\/37d968a2e67a6fd04c169c4bdef102d0bc5d31b2546345219e348575eb80e9a0?s=96&d=mm&r=g","url":"https:\/\/secure.gravatar.com\/avatar\/37d968a2e67a6fd04c169c4bdef102d0bc5d31b2546345219e348575eb80e9a0?s=96&d=mm&r=g","contentUrl":"https:\/\/secure.gravatar.com\/avatar\/37d968a2e67a6fd04c169c4bdef102d0bc5d31b2546345219e348575eb80e9a0?s=96&d=mm&r=g","caption":"redazione"},"sameAs":["http:\/\/www.bellunopress.it","https:\/\/x.com\/bellunopress"],"url":"https:\/\/www.bellunopress.it\/fr\/author\/redazione\/"}]}},"_links":{"self":[{"href":"https:\/\/www.bellunopress.it\/fr\/wp-json\/wp\/v2\/posts\/172275","targetHints":{"allow":["GET"]}}],"collection":[{"href":"https:\/\/www.bellunopress.it\/fr\/wp-json\/wp\/v2\/posts"}],"about":[{"href":"https:\/\/www.bellunopress.it\/fr\/wp-json\/wp\/v2\/types\/post"}],"author":[{"embeddable":true,"href":"https:\/\/www.bellunopress.it\/fr\/wp-json\/wp\/v2\/users\/2"}],"replies":[{"embeddable":true,"href":"https:\/\/www.bellunopress.it\/fr\/wp-json\/wp\/v2\/comments?post=172275"}],"version-history":[{"count":1,"href":"https:\/\/www.bellunopress.it\/fr\/wp-json\/wp\/v2\/posts\/172275\/revisions"}],"predecessor-version":[{"id":172277,"href":"https:\/\/www.bellunopress.it\/fr\/wp-json\/wp\/v2\/posts\/172275\/revisions\/172277"}],"wp:featuredmedia":[{"embeddable":true,"href":"https:\/\/www.bellunopress.it\/fr\/wp-json\/wp\/v2\/media\/172276"}],"wp:attachment":[{"href":"https:\/\/www.bellunopress.it\/fr\/wp-json\/wp\/v2\/media?parent=172275"}],"wp:term":[{"taxonomy":"category","embeddable":true,"href":"https:\/\/www.bellunopress.it\/fr\/wp-json\/wp\/v2\/categories?post=172275"},{"taxonomy":"post_tag","embeddable":true,"href":"https:\/\/www.bellunopress.it\/fr\/wp-json\/wp\/v2\/tags?post=172275"}],"curies":[{"name":"wp","href":"https:\/\/api.w.org\/{rel}","templated":true}]}}