{"id":172268,"date":"2026-07-29T08:22:18","date_gmt":"2026-07-29T06:22:18","guid":{"rendered":"https:\/\/www.bellunopress.it\/?p=172268"},"modified":"2026-07-29T08:22:18","modified_gmt":"2026-07-29T06:22:18","slug":"il-lupo-interazioni-e-convivenza-venerdi-sera-a-castellavazzo-la-conferenza","status":"publish","type":"post","link":"https:\/\/www.bellunopress.it\/fr\/2026\/07\/29\/il-lupo-interazioni-e-convivenza-venerdi-sera-a-castellavazzo-la-conferenza\/","title":{"rendered":"Il lupo, interazioni e convivenza, venerd\u00ec sera a Castellavazzo la conferenza"},"content":{"rendered":"<p><strong>Nuovi aggiornamenti sul ritorno spontaneo del grande predatore nelle vallate bellunesi<\/strong><\/p>\n<p><strong>Venerd\u00ec 31 luglio, ore 20:30 al Museo della Pietra e degli Scalpellini di Castellavazzo. \u00a0Aperto a tutta la cittadinanza<\/strong><\/p>\n<p><strong>Monitoraggio scientifico, dati aggiornati sulla presenza del lupo, telemetria proattiva, <\/strong><strong>gestione del conflitto con la zootecnia, storie e testimonianze locali<\/strong><\/p>\n<p>A distanza di tre anni dal precedente incontro di approfondimento dedicato al lupo, il territorio torna a fare il punto su una delle presenze faunistiche pi\u00f9 discusse e affascinanti delle nostre montagne. L&#8217;appuntamento \u00e8 fissato per venerd\u00ec 31 luglio alle ore 20.30 presso il suggestivo Museo della Pietra e degli Scalpellini di Castellavazzo.<br \/>\nLa serata nasce con l&#8217;obiettivo di superare i pregiudizi e di informare la cittadinanza attraverso dati scientifici rigorosi, offrendo l&#8217;opportunit\u00e0 di approfondire il comportamento, la diffusione e l&#8217;ecologia del lupo nelle vallate alpine, affrontando al contempo le sfide concrete che la sua convivenza comporta per le comunit\u00e0 locali e le attivit\u00e0 tradizionali.<\/p>\n<p><strong>Il programma\u00a0<\/strong><br \/>\nL&#8217;incontro vedr\u00e0 la partecipazione di figure di spicco del mondo scientifico e istituzionale, pronte a illustrare le ricerche pi\u00f9 recenti e a rispondere ai quesiti del pubblico:<\/p>\n<p>Interverranno alla serata:<br \/>\nFunzionari della Provincia di Belluno, in particolare il Corpo di polizia provinciale, per fare il punto sulla situazione locale, sugli avvistamenti, sulle predazioni e sulla gestione operativa sul territorio.<br \/>\nMichele Zanni, Ricercatore in scienze della vita e biotecnologie. Coordina i progetti di telemetria proattiva dell&#8217;Universit\u00e0 di Sassari dedicati all&#8217;ecologia trofica e spaziale del lupo in ambito alpino e appenninico.<br \/>\nDuccio Berzi, Dottore forestale e Master in Conservazione della Natura. Vanta una collaborazione di oltre trent&#8217;anni con amministrazioni ed istituti nazionali su progetti di monitoraggio, ricerca e mitigazione del conflitto tra lupo e zootecnia.\u2022<\/p>\n<p>Dati scientifici e strategie di convivenza<br \/>\nIl ritorno spontaneo del lupo nelle vallate alpine rappresenta un fenomeno ecologico di grande rilievo ma anche una fonte di legittima preoccupazione per allevatori e residenti. La serata offrir\u00e0 una panoramica dettagliata basata su monitoraggi sistematici, raccontando storie, testimonianze e offrendo riflessioni approfondite sulle predazioni e sulle strategie di prevenzione.<\/p>\n<p>Un&#8217;occasione preziosa per comprendere il ruolo ecologico di questo straordinario predatore nell&#8217;ecosistema alpino, conciliando la tutela della biodiversit\u00e0 con le esigenze delle economie locali.<\/p>\n<p>Un binomio culturale: scienza e fotografia<br \/>\nLa cornice dell&#8217;evento arricchisce ulteriormente l&#8217;esperienza culturale della serata: presso il Museo della Pietra e degli Scalpellini \u00e8 infatti visitabile la mostra fotografica di Alessandra Masi intitolata &#8220;Il mio sguardo sulle Dolomiti&#8221;, curata dal Circolo Fotografico Bruto Recalchi e aperta al pubblico fino al 15 ottobre.<\/p>\n<p>&nbsp;<\/p>","protected":false},"excerpt":{"rendered":"<p>Nuovi aggiornamenti sul ritorno spontaneo del grande predatore nelle vallate bellunesi Venerd\u00ec 31 luglio, ore 20:30 al Museo della Pietra e degli Scalpellini di Castellavazzo. \u00a0Aperto a tutta la cittadinanza Monitoraggio scientifico, dati aggiornati sulla presenza del lupo, telemetria proattiva, gestione del conflitto con la zootecnia, storie e testimonianze locali A distanza di tre anni [&hellip;]<\/p>\n","protected":false},"author":2,"featured_media":172269,"comment_status":"closed","ping_status":"open","sticky":false,"template":"","format":"standard","meta":{"footnotes":""},"categories":[27,38],"tags":[],"class_list":["post-172268","post","type-post","status-publish","format-standard","has-post-thumbnail","category-appuntamenti","category-natura-ambiente"],"yoast_head":"<!-- This site is optimized with the Yoast SEO plugin v28.4 - https:\/\/yoast.com\/product\/yoast-seo-wordpress\/ -->\n<title>Il lupo, interazioni e convivenza, venerd\u00ec sera a Castellavazzo la conferenza - Bellunopress - Dolomiti<\/title>\n<meta name=\"robots\" content=\"index, follow, max-snippet:-1, max-image-preview:large, max-video-preview:-1\" \/>\n<link rel=\"canonical\" href=\"https:\/\/www.bellunopress.it\/fr\/2026\/07\/29\/il-lupo-interazioni-e-convivenza-venerdi-sera-a-castellavazzo-la-conferenza\/\" \/>\n<meta property=\"og:locale\" content=\"fr_FR\" \/>\n<meta property=\"og:type\" content=\"article\" \/>\n<meta property=\"og:title\" content=\"Il lupo, interazioni e convivenza, venerd\u00ec sera a Castellavazzo la conferenza - Bellunopress - Dolomiti\" \/>\n<meta property=\"og:description\" content=\"Nuovi aggiornamenti sul ritorno spontaneo del grande predatore nelle vallate bellunesi Venerd\u00ec 31 luglio, ore 20:30 al Museo della Pietra e degli Scalpellini di Castellavazzo. \u00a0Aperto a tutta la cittadinanza Monitoraggio scientifico, dati aggiornati sulla presenza del lupo, telemetria proattiva, gestione del conflitto con la zootecnia, storie e testimonianze locali A distanza di tre anni [&hellip;]\" \/>\n<meta property=\"og:url\" content=\"https:\/\/www.bellunopress.it\/fr\/2026\/07\/29\/il-lupo-interazioni-e-convivenza-venerdi-sera-a-castellavazzo-la-conferenza\/\" \/>\n<meta property=\"og:site_name\" content=\"Bellunopress - Dolomiti\" \/>\n<meta property=\"article:publisher\" content=\"https:\/\/www.facebook.com\/profile.php?id=100008943462799\" \/>\n<meta property=\"article:published_time\" content=\"2026-07-29T06:22:18+00:00\" \/>\n<meta property=\"og:image\" content=\"https:\/\/www.bellunopress.it\/wp-content\/uploads\/2026\/07\/Lupo-foto-Silvano-Paiola.jpg\" \/>\n\t<meta property=\"og:image:width\" content=\"600\" \/>\n\t<meta property=\"og:image:height\" content=\"393\" \/>\n\t<meta property=\"og:image:type\" content=\"image\/jpeg\" \/>\n<meta name=\"author\" content=\"redazione\" \/>\n<meta name=\"twitter:card\" content=\"summary_large_image\" \/>\n<meta name=\"twitter:creator\" content=\"@bellunopress\" \/>\n<meta name=\"twitter:site\" content=\"@bellunopress\" \/>\n<meta name=\"twitter:label1\" content=\"Written by\" \/>\n\t<meta name=\"twitter:data1\" content=\"redazione\" \/>\n\t<meta name=\"twitter:label2\" content=\"Est. reading time\" \/>\n\t<meta name=\"twitter:data2\" content=\"3 minutes\" \/>\n<script type=\"application\/ld+json\" class=\"yoast-schema-graph\">{\"@context\":\"https:\\\/\\\/schema.org\",\"@graph\":[{\"@type\":\"Article\",\"@id\":\"https:\\\/\\\/www.bellunopress.it\\\/2026\\\/07\\\/29\\\/il-lupo-interazioni-e-convivenza-venerdi-sera-a-castellavazzo-la-conferenza\\\/#article\",\"isPartOf\":{\"@id\":\"https:\\\/\\\/www.bellunopress.it\\\/2026\\\/07\\\/29\\\/il-lupo-interazioni-e-convivenza-venerdi-sera-a-castellavazzo-la-conferenza\\\/\"},\"author\":{\"name\":\"redazione\",\"@id\":\"https:\\\/\\\/www.bellunopress.it\\\/#\\\/schema\\\/person\\\/79bb06722b37ece1c03d3e94beb30d73\"},\"headline\":\"Il lupo, interazioni e convivenza, venerd\u00ec sera a Castellavazzo la conferenza\",\"datePublished\":\"2026-07-29T06:22:18+00:00\",\"mainEntityOfPage\":{\"@id\":\"https:\\\/\\\/www.bellunopress.it\\\/2026\\\/07\\\/29\\\/il-lupo-interazioni-e-convivenza-venerdi-sera-a-castellavazzo-la-conferenza\\\/\"},\"wordCount\":429,\"publisher\":{\"@id\":\"https:\\\/\\\/www.bellunopress.it\\\/#organization\"},\"image\":{\"@id\":\"https:\\\/\\\/www.bellunopress.it\\\/2026\\\/07\\\/29\\\/il-lupo-interazioni-e-convivenza-venerdi-sera-a-castellavazzo-la-conferenza\\\/#primaryimage\"},\"thumbnailUrl\":\"https:\\\/\\\/www.bellunopress.it\\\/wp-content\\\/uploads\\\/2026\\\/07\\\/Lupo-foto-Silvano-Paiola.jpg\",\"articleSection\":[\"Appuntamenti, Eventi\",\"Meteo, natura, ambiente, animali\"],\"inLanguage\":\"fr-FR\"},{\"@type\":\"WebPage\",\"@id\":\"https:\\\/\\\/www.bellunopress.it\\\/2026\\\/07\\\/29\\\/il-lupo-interazioni-e-convivenza-venerdi-sera-a-castellavazzo-la-conferenza\\\/\",\"url\":\"https:\\\/\\\/www.bellunopress.it\\\/2026\\\/07\\\/29\\\/il-lupo-interazioni-e-convivenza-venerdi-sera-a-castellavazzo-la-conferenza\\\/\",\"name\":\"Il lupo, interazioni e convivenza, venerd\u00ec sera a Castellavazzo la conferenza - Bellunopress - Dolomiti\",\"isPartOf\":{\"@id\":\"https:\\\/\\\/www.bellunopress.it\\\/#website\"},\"primaryImageOfPage\":{\"@id\":\"https:\\\/\\\/www.bellunopress.it\\\/2026\\\/07\\\/29\\\/il-lupo-interazioni-e-convivenza-venerdi-sera-a-castellavazzo-la-conferenza\\\/#primaryimage\"},\"image\":{\"@id\":\"https:\\\/\\\/www.bellunopress.it\\\/2026\\\/07\\\/29\\\/il-lupo-interazioni-e-convivenza-venerdi-sera-a-castellavazzo-la-conferenza\\\/#primaryimage\"},\"thumbnailUrl\":\"https:\\\/\\\/www.bellunopress.it\\\/wp-content\\\/uploads\\\/2026\\\/07\\\/Lupo-foto-Silvano-Paiola.jpg\",\"datePublished\":\"2026-07-29T06:22:18+00:00\",\"breadcrumb\":{\"@id\":\"https:\\\/\\\/www.bellunopress.it\\\/2026\\\/07\\\/29\\\/il-lupo-interazioni-e-convivenza-venerdi-sera-a-castellavazzo-la-conferenza\\\/#breadcrumb\"},\"inLanguage\":\"fr-FR\",\"potentialAction\":[{\"@type\":\"ReadAction\",\"target\":[\"https:\\\/\\\/www.bellunopress.it\\\/2026\\\/07\\\/29\\\/il-lupo-interazioni-e-convivenza-venerdi-sera-a-castellavazzo-la-conferenza\\\/\"]}]},{\"@type\":\"ImageObject\",\"inLanguage\":\"fr-FR\",\"@id\":\"https:\\\/\\\/www.bellunopress.it\\\/2026\\\/07\\\/29\\\/il-lupo-interazioni-e-convivenza-venerdi-sera-a-castellavazzo-la-conferenza\\\/#primaryimage\",\"url\":\"https:\\\/\\\/www.bellunopress.it\\\/wp-content\\\/uploads\\\/2026\\\/07\\\/Lupo-foto-Silvano-Paiola.jpg\",\"contentUrl\":\"https:\\\/\\\/www.bellunopress.it\\\/wp-content\\\/uploads\\\/2026\\\/07\\\/Lupo-foto-Silvano-Paiola.jpg\",\"width\":600,\"height\":393,\"caption\":\"Lupo (foto: Silvano Paiola)\"},{\"@type\":\"BreadcrumbList\",\"@id\":\"https:\\\/\\\/www.bellunopress.it\\\/2026\\\/07\\\/29\\\/il-lupo-interazioni-e-convivenza-venerdi-sera-a-castellavazzo-la-conferenza\\\/#breadcrumb\",\"itemListElement\":[{\"@type\":\"ListItem\",\"position\":1,\"name\":\"Home\",\"item\":\"https:\\\/\\\/www.bellunopress.it\\\/\"},{\"@type\":\"ListItem\",\"position\":2,\"name\":\"Il lupo, interazioni e convivenza, venerd\u00ec sera a Castellavazzo la conferenza\"}]},{\"@type\":\"WebSite\",\"@id\":\"https:\\\/\\\/www.bellunopress.it\\\/#website\",\"url\":\"https:\\\/\\\/www.bellunopress.it\\\/\",\"name\":\"Bellunopress - Dolomiti\",\"description\":\"e-mail: redazione@bellunopress.it\",\"publisher\":{\"@id\":\"https:\\\/\\\/www.bellunopress.it\\\/#organization\"},\"potentialAction\":[{\"@type\":\"SearchAction\",\"target\":{\"@type\":\"EntryPoint\",\"urlTemplate\":\"https:\\\/\\\/www.bellunopress.it\\\/?s={search_term_string}\"},\"query-input\":{\"@type\":\"PropertyValueSpecification\",\"valueRequired\":true,\"valueName\":\"search_term_string\"}}],\"inLanguage\":\"fr-FR\"},{\"@type\":\"Organization\",\"@id\":\"https:\\\/\\\/www.bellunopress.it\\\/#organization\",\"name\":\"Bellunopress\",\"url\":\"https:\\\/\\\/www.bellunopress.it\\\/\",\"logo\":{\"@type\":\"ImageObject\",\"inLanguage\":\"fr-FR\",\"@id\":\"https:\\\/\\\/www.bellunopress.it\\\/#\\\/schema\\\/logo\\\/image\\\/\",\"url\":\"https:\\\/\\\/www.bellunopress.it\\\/wp-content\\\/uploads\\\/2011\\\/05\\\/cropped-logo-bellunopress-.jpg\",\"contentUrl\":\"https:\\\/\\\/www.bellunopress.it\\\/wp-content\\\/uploads\\\/2011\\\/05\\\/cropped-logo-bellunopress-.jpg\",\"width\":512,\"height\":512,\"caption\":\"Bellunopress\"},\"image\":{\"@id\":\"https:\\\/\\\/www.bellunopress.it\\\/#\\\/schema\\\/logo\\\/image\\\/\"},\"sameAs\":[\"https:\\\/\\\/www.facebook.com\\\/profile.php?id=100008943462799\",\"https:\\\/\\\/x.com\\\/bellunopress\",\"https:\\\/\\\/www.linkedin.com\\\/hp\\\/?dnr=JBzUWaJfMUw8vbXJJ2tVW5-I3jZKvC4wsoxE&amp;amp;amp;amp;amp;amp;trk=nav_responsive_tab_home\",\"https:\\\/\\\/www.youtube.com\\\/channel\\\/UCxL0wu1uN0_3_7hGG0306cw\"]},{\"@type\":\"Person\",\"@id\":\"https:\\\/\\\/www.bellunopress.it\\\/#\\\/schema\\\/person\\\/79bb06722b37ece1c03d3e94beb30d73\",\"name\":\"redazione\",\"image\":{\"@type\":\"ImageObject\",\"inLanguage\":\"fr-FR\",\"@id\":\"https:\\\/\\\/secure.gravatar.com\\\/avatar\\\/37d968a2e67a6fd04c169c4bdef102d0bc5d31b2546345219e348575eb80e9a0?s=96&d=mm&r=g\",\"url\":\"https:\\\/\\\/secure.gravatar.com\\\/avatar\\\/37d968a2e67a6fd04c169c4bdef102d0bc5d31b2546345219e348575eb80e9a0?s=96&d=mm&r=g\",\"contentUrl\":\"https:\\\/\\\/secure.gravatar.com\\\/avatar\\\/37d968a2e67a6fd04c169c4bdef102d0bc5d31b2546345219e348575eb80e9a0?s=96&d=mm&r=g\",\"caption\":\"redazione\"},\"sameAs\":[\"http:\\\/\\\/www.bellunopress.it\",\"https:\\\/\\\/x.com\\\/bellunopress\"],\"url\":\"https:\\\/\\\/www.bellunopress.it\\\/fr\\\/author\\\/redazione\\\/\"}]}<\/script>\n<!-- \/ Yoast SEO plugin. -->","yoast_head_json":{"title":"Il lupo, interazioni e convivenza, venerd\u00ec sera a Castellavazzo la conferenza - Bellunopress - Dolomiti","robots":{"index":"index","follow":"follow","max-snippet":"max-snippet:-1","max-image-preview":"max-image-preview:large","max-video-preview":"max-video-preview:-1"},"canonical":"https:\/\/www.bellunopress.it\/fr\/2026\/07\/29\/il-lupo-interazioni-e-convivenza-venerdi-sera-a-castellavazzo-la-conferenza\/","og_locale":"fr_FR","og_type":"article","og_title":"Il lupo, interazioni e convivenza, venerd\u00ec sera a Castellavazzo la conferenza - Bellunopress - Dolomiti","og_description":"Nuovi aggiornamenti sul ritorno spontaneo del grande predatore nelle vallate bellunesi Venerd\u00ec 31 luglio, ore 20:30 al Museo della Pietra e degli Scalpellini di Castellavazzo. \u00a0Aperto a tutta la cittadinanza Monitoraggio scientifico, dati aggiornati sulla presenza del lupo, telemetria proattiva, gestione del conflitto con la zootecnia, storie e testimonianze locali A distanza di tre anni [&hellip;]","og_url":"https:\/\/www.bellunopress.it\/fr\/2026\/07\/29\/il-lupo-interazioni-e-convivenza-venerdi-sera-a-castellavazzo-la-conferenza\/","og_site_name":"Bellunopress - Dolomiti","article_publisher":"https:\/\/www.facebook.com\/profile.php?id=100008943462799","article_published_time":"2026-07-29T06:22:18+00:00","og_image":[{"width":600,"height":393,"url":"https:\/\/www.bellunopress.it\/wp-content\/uploads\/2026\/07\/Lupo-foto-Silvano-Paiola.jpg","type":"image\/jpeg"}],"author":"redazione","twitter_card":"summary_large_image","twitter_creator":"@bellunopress","twitter_site":"@bellunopress","twitter_misc":{"Written by":"redazione","Est. reading time":"3 minutes"},"schema":{"@context":"https:\/\/schema.org","@graph":[{"@type":"Article","@id":"https:\/\/www.bellunopress.it\/2026\/07\/29\/il-lupo-interazioni-e-convivenza-venerdi-sera-a-castellavazzo-la-conferenza\/#article","isPartOf":{"@id":"https:\/\/www.bellunopress.it\/2026\/07\/29\/il-lupo-interazioni-e-convivenza-venerdi-sera-a-castellavazzo-la-conferenza\/"},"author":{"name":"redazione","@id":"https:\/\/www.bellunopress.it\/#\/schema\/person\/79bb06722b37ece1c03d3e94beb30d73"},"headline":"Il lupo, interazioni e convivenza, venerd\u00ec sera a Castellavazzo la conferenza","datePublished":"2026-07-29T06:22:18+00:00","mainEntityOfPage":{"@id":"https:\/\/www.bellunopress.it\/2026\/07\/29\/il-lupo-interazioni-e-convivenza-venerdi-sera-a-castellavazzo-la-conferenza\/"},"wordCount":429,"publisher":{"@id":"https:\/\/www.bellunopress.it\/#organization"},"image":{"@id":"https:\/\/www.bellunopress.it\/2026\/07\/29\/il-lupo-interazioni-e-convivenza-venerdi-sera-a-castellavazzo-la-conferenza\/#primaryimage"},"thumbnailUrl":"https:\/\/www.bellunopress.it\/wp-content\/uploads\/2026\/07\/Lupo-foto-Silvano-Paiola.jpg","articleSection":["Appuntamenti, Eventi","Meteo, natura, ambiente, animali"],"inLanguage":"fr-FR"},{"@type":"WebPage","@id":"https:\/\/www.bellunopress.it\/2026\/07\/29\/il-lupo-interazioni-e-convivenza-venerdi-sera-a-castellavazzo-la-conferenza\/","url":"https:\/\/www.bellunopress.it\/2026\/07\/29\/il-lupo-interazioni-e-convivenza-venerdi-sera-a-castellavazzo-la-conferenza\/","name":"Il lupo, interazioni e convivenza, venerd\u00ec sera a Castellavazzo la conferenza - Bellunopress - Dolomiti","isPartOf":{"@id":"https:\/\/www.bellunopress.it\/#website"},"primaryImageOfPage":{"@id":"https:\/\/www.bellunopress.it\/2026\/07\/29\/il-lupo-interazioni-e-convivenza-venerdi-sera-a-castellavazzo-la-conferenza\/#primaryimage"},"image":{"@id":"https:\/\/www.bellunopress.it\/2026\/07\/29\/il-lupo-interazioni-e-convivenza-venerdi-sera-a-castellavazzo-la-conferenza\/#primaryimage"},"thumbnailUrl":"https:\/\/www.bellunopress.it\/wp-content\/uploads\/2026\/07\/Lupo-foto-Silvano-Paiola.jpg","datePublished":"2026-07-29T06:22:18+00:00","breadcrumb":{"@id":"https:\/\/www.bellunopress.it\/2026\/07\/29\/il-lupo-interazioni-e-convivenza-venerdi-sera-a-castellavazzo-la-conferenza\/#breadcrumb"},"inLanguage":"fr-FR","potentialAction":[{"@type":"ReadAction","target":["https:\/\/www.bellunopress.it\/2026\/07\/29\/il-lupo-interazioni-e-convivenza-venerdi-sera-a-castellavazzo-la-conferenza\/"]}]},{"@type":"ImageObject","inLanguage":"fr-FR","@id":"https:\/\/www.bellunopress.it\/2026\/07\/29\/il-lupo-interazioni-e-convivenza-venerdi-sera-a-castellavazzo-la-conferenza\/#primaryimage","url":"https:\/\/www.bellunopress.it\/wp-content\/uploads\/2026\/07\/Lupo-foto-Silvano-Paiola.jpg","contentUrl":"https:\/\/www.bellunopress.it\/wp-content\/uploads\/2026\/07\/Lupo-foto-Silvano-Paiola.jpg","width":600,"height":393,"caption":"Lupo (foto: Silvano Paiola)"},{"@type":"BreadcrumbList","@id":"https:\/\/www.bellunopress.it\/2026\/07\/29\/il-lupo-interazioni-e-convivenza-venerdi-sera-a-castellavazzo-la-conferenza\/#breadcrumb","itemListElement":[{"@type":"ListItem","position":1,"name":"Home","item":"https:\/\/www.bellunopress.it\/"},{"@type":"ListItem","position":2,"name":"Il lupo, interazioni e convivenza, venerd\u00ec sera a Castellavazzo la conferenza"}]},{"@type":"WebSite","@id":"https:\/\/www.bellunopress.it\/#website","url":"https:\/\/www.bellunopress.it\/","name":"Bellunopress - Dolomiti","description":"e-mail: redazione@bellunopress.it","publisher":{"@id":"https:\/\/www.bellunopress.it\/#organization"},"potentialAction":[{"@type":"SearchAction","target":{"@type":"EntryPoint","urlTemplate":"https:\/\/www.bellunopress.it\/?s={search_term_string}"},"query-input":{"@type":"PropertyValueSpecification","valueRequired":true,"valueName":"search_term_string"}}],"inLanguage":"fr-FR"},{"@type":"Organization","@id":"https:\/\/www.bellunopress.it\/#organization","name":"Bellunopress","url":"https:\/\/www.bellunopress.it\/","logo":{"@type":"ImageObject","inLanguage":"fr-FR","@id":"https:\/\/www.bellunopress.it\/#\/schema\/logo\/image\/","url":"https:\/\/www.bellunopress.it\/wp-content\/uploads\/2011\/05\/cropped-logo-bellunopress-.jpg","contentUrl":"https:\/\/www.bellunopress.it\/wp-content\/uploads\/2011\/05\/cropped-logo-bellunopress-.jpg","width":512,"height":512,"caption":"Bellunopress"},"image":{"@id":"https:\/\/www.bellunopress.it\/#\/schema\/logo\/image\/"},"sameAs":["https:\/\/www.facebook.com\/profile.php?id=100008943462799","https:\/\/x.com\/bellunopress","https:\/\/www.linkedin.com\/hp\/?dnr=JBzUWaJfMUw8vbXJJ2tVW5-I3jZKvC4wsoxE&amp;amp;amp;amp;amp;amp;trk=nav_responsive_tab_home","https:\/\/www.youtube.com\/channel\/UCxL0wu1uN0_3_7hGG0306cw"]},{"@type":"Person","@id":"https:\/\/www.bellunopress.it\/#\/schema\/person\/79bb06722b37ece1c03d3e94beb30d73","name":"r\u00e9daction","image":{"@type":"ImageObject","inLanguage":"fr-FR","@id":"https:\/\/secure.gravatar.com\/avatar\/37d968a2e67a6fd04c169c4bdef102d0bc5d31b2546345219e348575eb80e9a0?s=96&d=mm&r=g","url":"https:\/\/secure.gravatar.com\/avatar\/37d968a2e67a6fd04c169c4bdef102d0bc5d31b2546345219e348575eb80e9a0?s=96&d=mm&r=g","contentUrl":"https:\/\/secure.gravatar.com\/avatar\/37d968a2e67a6fd04c169c4bdef102d0bc5d31b2546345219e348575eb80e9a0?s=96&d=mm&r=g","caption":"redazione"},"sameAs":["http:\/\/www.bellunopress.it","https:\/\/x.com\/bellunopress"],"url":"https:\/\/www.bellunopress.it\/fr\/author\/redazione\/"}]}},"_links":{"self":[{"href":"https:\/\/www.bellunopress.it\/fr\/wp-json\/wp\/v2\/posts\/172268","targetHints":{"allow":["GET"]}}],"collection":[{"href":"https:\/\/www.bellunopress.it\/fr\/wp-json\/wp\/v2\/posts"}],"about":[{"href":"https:\/\/www.bellunopress.it\/fr\/wp-json\/wp\/v2\/types\/post"}],"author":[{"embeddable":true,"href":"https:\/\/www.bellunopress.it\/fr\/wp-json\/wp\/v2\/users\/2"}],"replies":[{"embeddable":true,"href":"https:\/\/www.bellunopress.it\/fr\/wp-json\/wp\/v2\/comments?post=172268"}],"version-history":[{"count":1,"href":"https:\/\/www.bellunopress.it\/fr\/wp-json\/wp\/v2\/posts\/172268\/revisions"}],"predecessor-version":[{"id":172270,"href":"https:\/\/www.bellunopress.it\/fr\/wp-json\/wp\/v2\/posts\/172268\/revisions\/172270"}],"wp:featuredmedia":[{"embeddable":true,"href":"https:\/\/www.bellunopress.it\/fr\/wp-json\/wp\/v2\/media\/172269"}],"wp:attachment":[{"href":"https:\/\/www.bellunopress.it\/fr\/wp-json\/wp\/v2\/media?parent=172268"}],"wp:term":[{"taxonomy":"category","embeddable":true,"href":"https:\/\/www.bellunopress.it\/fr\/wp-json\/wp\/v2\/categories?post=172268"},{"taxonomy":"post_tag","embeddable":true,"href":"https:\/\/www.bellunopress.it\/fr\/wp-json\/wp\/v2\/tags?post=172268"}],"curies":[{"name":"wp","href":"https:\/\/api.w.org\/{rel}","templated":true}]}}