{"id":172265,"date":"2026-07-29T07:59:20","date_gmt":"2026-07-29T05:59:20","guid":{"rendered":"https:\/\/www.bellunopress.it\/?p=172265"},"modified":"2026-07-29T08:01:10","modified_gmt":"2026-07-29T06:01:10","slug":"dolomiti-contemporanee-apre-la-mostra-espansione-xilogenetica-e-mostrificazione-del-paesaggio","status":"publish","type":"post","link":"https:\/\/www.bellunopress.it\/fr\/2026\/07\/29\/dolomiti-contemporanee-apre-la-mostra-espansione-xilogenetica-e-mostrificazione-del-paesaggio\/","title":{"rendered":"Dolomiti Contemporanee: apre la mostra Espansione xilogenetica e mostrificazione del paesaggio"},"content":{"rendered":"<p><strong>Una nuova grande mostra collettiva di Dolomiti Contemporanee (DC), un progetto radicale che unisce la valorizzazione della botanica forestale storica alla critica feroce contro la mercificazione e la &#8220;mostrificazione&#8221; del paesaggio montano.<\/strong><\/p>\n<p><strong>51 giovani artisti, per una mostra che indaga criticamente il territorio, il paesaggio, le sue trasformazioni.<\/strong><\/p>\n<p><strong>Sede: Nuovo Spazio di Casso al Vajont | Inaugurazione: sabato 1\u00b0 agosto 2026, ore 17.30<\/strong><br \/>\n<strong>Periodo di apertura: 1\u00b0 agosto \/ 31 dicembre 2026<\/strong><\/p>\n<p>1. I Nuclei Tematici della Mostra<br \/>\nLa mostra XILOMONSTERS si sviluppa attorno a due nuclei concettuali principali che dialogano e si<br \/>\nscontrano come placche tettoniche, dando vita a ibridazioni sorprendenti:<\/p>\n<ul>\n<li>Xilogenesi: La valorizzazione e l&#8217;implementazione della straordinaria Xiloteca di Eugenio Trevisan (XIX<br \/>\nsecolo), prezioso patrimonio di botanica forestale conservato presso il Centro Studi per l&#8217;Ambiente Alpino<br \/>\nLucio Susmel dell&#8217;Universit\u00e0 di Padova a San Vito di Cadore (partner di DC).<\/li>\n<li>La Mostrificazione del Paesaggio: Una lucida e spietata analisi critica contro lo scempio, la<br \/>\nbanalizzazione turistica, l&#8217;incuria amministrativa e la mercificazione mercenaria della montagna, intesa non<br \/>\ncome cartolina da vendere ma come organismo vivo, aspro e da difendere attraverso l&#8217;intelligenza e l&#8217;arte<br \/>\ncontemporanea.<\/li>\n<\/ul>\n<p>2. Il Progetto di Xilogenesi e la Rete Territoriale<br \/>\nLanciato nel 2025, il programma Xilogenesi ha visto il restauro dei libri in legno ottocenteschi della Xiloteca di<br \/>\nTrevisan e il coinvolgimento di decine di artisti contemporanei chiamati a dialogare con la collezione. Dopo<br \/>\nuna prima fase basata su standard rigorosi (formati A4 e libri d&#8217;artista di formato analogo agli originali), la<br \/>\nmostra di Casso rappresenta la seconda fase espansiva: i formati si liberano completamente, uscendo dai<br \/>\nconfini della teca per invadere lo spazio, il paesaggio e il territorio attraverso quadri, arazzi, video, film<br \/>\nrampicanti e installazioni monumentali.<br \/>\nIl progetto si espande inoltre geograficamente all&#8217;interno del programma Diffuso Connesso, coinvolgendo i<br \/>\nComuni di Claut e Forni di Sopra, in un flusso bidirezionale che unisce la sede espositiva di Casso al Centro<br \/>\nStudi di San Vito di Cadore (distante 44 km), dove \u00e8 custodita la xiloteca originaria.\u2022<\/p>\n<p>Dolomiti Contemporanee \u2014 Xilomonsters (2026)<\/p>\n<p>3. Gli Eventi Speciali dell&#8217;Opening (1 Agosto 2026)<br \/>\nMudlamb \u2022 Performance Sonora<br \/>\nOre 18.30. Organismo sonoro composto da Tarik<br \/>\nHaski\u0107, Moe Yoshida ed Enej Gala, che fondono<br \/>\nmixer no-input, strumenti scultorei e clarinetti<br \/>\npreparati in un paesaggio audiovisivo unico e<br \/>\nviscerale.<\/p>\n<p>Paolo Dal Pont \u2022 Panorama Fotovoltaico<br \/>\nDalle ore 21.00. Proiezione video su un muro dello<br \/>\nSpazio di Casso con audio catturato non tramite<br \/>\nmicrofoni, ma usando pannelli fotovoltaici stimolati<br \/>\ndalla luce, a simboleggiare l&#8217;invasione tecnologica<br \/>\ndel paesaggio.<\/p>\n<p>Cinema H Edera (Gioved\u00ec 30 luglio, ore 19.00 &#8211; 22.00)<br \/>\nProiezione di piante rampicanti e dei film cult La piccola bottega degli orrori (Roger Corman, 1960) e L&#8217;invasione dei<br \/>\nmostri verdi (Steve Sekely, 1963) sulla facciata dello Spazio di Casso (con eventuale rinvio in caso di maltempo).<\/p>\n<p>4. Gli Artisti Coinvolti<br \/>\nLa mostra vanta una partecipazione straordinaria di artisti di rilievo del panorama contemporaneo, suddivisi<br \/>\ntra le installazioni al Nuovo Spazio di Casso e le opere di Xilogenesi 2025 al Centro Studi di San Vito di<br \/>\nCadore:<br \/>\nArtisti a Casso: Marta Allegri, Francesco Ardini, Ariele Bacchetti, Michele Bazzana, Chiara Beretta, Oliviero Biagetti, Ludovico<br \/>\nBomben, Cristina Calderoni, Simone Cametti, David Casini, Luca Campestri, Paolo Dal Pont, Lorenzo D&#8217;Anella, Riccardo De<br \/>\nLuca, Bruno Fantelli, Marina Ferretti, Cristiano Focacci Menchini, Nicola Fraticelli, Sergio Gagliardo, Enej Gala, Riccardo<br \/>\nGiacomini, Dimitri Giannina, Silvia Giordani, Andrea Grotto, Anna Marzuttini, Moe Yoshida, Giorgia Martinuzzi, Marco<br \/>\nMastropieri, Sergio Montoneri, Stefano Moras, Alessandro Pagani, Giulia Parisatto, Emma Perona, Chiara Peruch, Elia Peruffo,<br \/>\nSilvia Pezzi, Lorenzo Piazza, Anna Poletti, Prometheus Open Food Lab, Angelica Renzi, Denis Riva, Francesco Ronchi, Ivana<br \/>\nSfredda, Alan Silvestri, Emma Soddu, Massimo Stenta, Kristian Sturi, Giulio Tesorati, Giuseppe Vigolo, Andrea Visentini, Ne\u017eka<br \/>\nZamar.<\/p>\n<p>5. Informazioni Pratiche e Orari<br \/>\nMostra a Casso (Agosto): Aperto dal mercoled\u00ec alla domenica, ore 10:00\/12:30 e 14:30\/18:30 (chiuso a<br \/>\nFerragosto).<br \/>\nMostra a Casso (Settembre): Aperto dal mercoled\u00ec alla domenica, ore 10:00\/12:30 e 14:00\/18:30.<br \/>\nDa Ottobre a Dicembre: Aperture segnalate su canali ufficiali e su appuntamento per gruppi e scuole.<br \/>\nVisita alla Xiloteca (San Vito di Cadore): Su appuntamento scrivendo a csaa.tesaf@unipd.it o<br \/>\ninfo@dolomiticontemporanee.net.<\/p>","protected":false},"excerpt":{"rendered":"<p>Una nuova grande mostra collettiva di Dolomiti Contemporanee (DC), un progetto radicale che unisce la valorizzazione della botanica forestale storica alla critica feroce contro la mercificazione e la &#8220;mostrificazione&#8221; del paesaggio montano. 51 giovani artisti, per una mostra che indaga criticamente il territorio, il paesaggio, le sue trasformazioni. Sede: Nuovo Spazio di Casso al Vajont [&hellip;]<\/p>\n","protected":false},"author":2,"featured_media":116300,"comment_status":"closed","ping_status":"open","sticky":false,"template":"","format":"standard","meta":{"footnotes":""},"categories":[27,3,25],"tags":[],"class_list":["post-172265","post","type-post","status-publish","format-standard","has-post-thumbnail","category-appuntamenti","category-arte-cultura-spettacoli-scienza-archivi","category-pausa-caffe"],"yoast_head":"<!-- This site is optimized with the Yoast SEO plugin v28.4 - https:\/\/yoast.com\/product\/yoast-seo-wordpress\/ -->\n<title>Dolomiti Contemporanee: apre la mostra Espansione xilogenetica e mostrificazione del paesaggio - Bellunopress - Dolomiti<\/title>\n<meta name=\"robots\" content=\"index, follow, max-snippet:-1, max-image-preview:large, max-video-preview:-1\" \/>\n<link rel=\"canonical\" href=\"https:\/\/www.bellunopress.it\/fr\/2026\/07\/29\/dolomiti-contemporanee-apre-la-mostra-espansione-xilogenetica-e-mostrificazione-del-paesaggio\/\" \/>\n<meta property=\"og:locale\" content=\"fr_FR\" \/>\n<meta property=\"og:type\" content=\"article\" \/>\n<meta property=\"og:title\" content=\"Dolomiti Contemporanee: apre la mostra Espansione xilogenetica e mostrificazione del paesaggio - Bellunopress - Dolomiti\" \/>\n<meta property=\"og:description\" content=\"Una nuova grande mostra collettiva di Dolomiti Contemporanee (DC), un progetto radicale che unisce la valorizzazione della botanica forestale storica alla critica feroce contro la mercificazione e la &#8220;mostrificazione&#8221; del paesaggio montano. 51 giovani artisti, per una mostra che indaga criticamente il territorio, il paesaggio, le sue trasformazioni. Sede: Nuovo Spazio di Casso al Vajont [&hellip;]\" \/>\n<meta property=\"og:url\" content=\"https:\/\/www.bellunopress.it\/fr\/2026\/07\/29\/dolomiti-contemporanee-apre-la-mostra-espansione-xilogenetica-e-mostrificazione-del-paesaggio\/\" \/>\n<meta property=\"og:site_name\" content=\"Bellunopress - Dolomiti\" \/>\n<meta property=\"article:publisher\" content=\"https:\/\/www.facebook.com\/profile.php?id=100008943462799\" \/>\n<meta property=\"article:published_time\" content=\"2026-07-29T05:59:20+00:00\" \/>\n<meta property=\"article:modified_time\" content=\"2026-07-29T06:01:10+00:00\" \/>\n<meta property=\"og:image\" content=\"https:\/\/www.bellunopress.it\/wp-content\/uploads\/2020\/08\/Dolomiti-contemporanee-Nuovo-spazio-di-Casso-al-Vajont_edited.jpg\" \/>\n\t<meta property=\"og:image:width\" content=\"512\" \/>\n\t<meta property=\"og:image:height\" content=\"282\" \/>\n\t<meta property=\"og:image:type\" content=\"image\/jpeg\" \/>\n<meta name=\"author\" content=\"redazione\" \/>\n<meta name=\"twitter:card\" content=\"summary_large_image\" \/>\n<meta name=\"twitter:creator\" content=\"@bellunopress\" \/>\n<meta name=\"twitter:site\" content=\"@bellunopress\" \/>\n<meta name=\"twitter:label1\" content=\"\u00c9crit par\" \/>\n\t<meta name=\"twitter:data1\" content=\"redazione\" \/>\n\t<meta name=\"twitter:label2\" content=\"Dur\u00e9e de lecture estim\u00e9e\" \/>\n\t<meta name=\"twitter:data2\" content=\"4 minutes\" \/>\n<script type=\"application\/ld+json\" class=\"yoast-schema-graph\">{\"@context\":\"https:\\\/\\\/schema.org\",\"@graph\":[{\"@type\":\"Article\",\"@id\":\"https:\\\/\\\/www.bellunopress.it\\\/2026\\\/07\\\/29\\\/dolomiti-contemporanee-apre-la-mostra-espansione-xilogenetica-e-mostrificazione-del-paesaggio\\\/#article\",\"isPartOf\":{\"@id\":\"https:\\\/\\\/www.bellunopress.it\\\/2026\\\/07\\\/29\\\/dolomiti-contemporanee-apre-la-mostra-espansione-xilogenetica-e-mostrificazione-del-paesaggio\\\/\"},\"author\":{\"name\":\"redazione\",\"@id\":\"https:\\\/\\\/www.bellunopress.it\\\/#\\\/schema\\\/person\\\/79bb06722b37ece1c03d3e94beb30d73\"},\"headline\":\"Dolomiti Contemporanee: apre la mostra Espansione xilogenetica e mostrificazione del paesaggio\",\"datePublished\":\"2026-07-29T05:59:20+00:00\",\"dateModified\":\"2026-07-29T06:01:10+00:00\",\"mainEntityOfPage\":{\"@id\":\"https:\\\/\\\/www.bellunopress.it\\\/2026\\\/07\\\/29\\\/dolomiti-contemporanee-apre-la-mostra-espansione-xilogenetica-e-mostrificazione-del-paesaggio\\\/\"},\"wordCount\":667,\"publisher\":{\"@id\":\"https:\\\/\\\/www.bellunopress.it\\\/#organization\"},\"image\":{\"@id\":\"https:\\\/\\\/www.bellunopress.it\\\/2026\\\/07\\\/29\\\/dolomiti-contemporanee-apre-la-mostra-espansione-xilogenetica-e-mostrificazione-del-paesaggio\\\/#primaryimage\"},\"thumbnailUrl\":\"https:\\\/\\\/www.bellunopress.it\\\/wp-content\\\/uploads\\\/2020\\\/08\\\/Dolomiti-contemporanee-Nuovo-spazio-di-Casso-al-Vajont_edited.jpg\",\"articleSection\":[\"Appuntamenti, Eventi\",\"Arte, Cultura, Spettacoli, Scienza\",\"Pausa Caff\u00e8\"],\"inLanguage\":\"fr-FR\"},{\"@type\":\"WebPage\",\"@id\":\"https:\\\/\\\/www.bellunopress.it\\\/2026\\\/07\\\/29\\\/dolomiti-contemporanee-apre-la-mostra-espansione-xilogenetica-e-mostrificazione-del-paesaggio\\\/\",\"url\":\"https:\\\/\\\/www.bellunopress.it\\\/2026\\\/07\\\/29\\\/dolomiti-contemporanee-apre-la-mostra-espansione-xilogenetica-e-mostrificazione-del-paesaggio\\\/\",\"name\":\"Dolomiti Contemporanee: apre la mostra Espansione xilogenetica e mostrificazione del paesaggio - Bellunopress - Dolomiti\",\"isPartOf\":{\"@id\":\"https:\\\/\\\/www.bellunopress.it\\\/#website\"},\"primaryImageOfPage\":{\"@id\":\"https:\\\/\\\/www.bellunopress.it\\\/2026\\\/07\\\/29\\\/dolomiti-contemporanee-apre-la-mostra-espansione-xilogenetica-e-mostrificazione-del-paesaggio\\\/#primaryimage\"},\"image\":{\"@id\":\"https:\\\/\\\/www.bellunopress.it\\\/2026\\\/07\\\/29\\\/dolomiti-contemporanee-apre-la-mostra-espansione-xilogenetica-e-mostrificazione-del-paesaggio\\\/#primaryimage\"},\"thumbnailUrl\":\"https:\\\/\\\/www.bellunopress.it\\\/wp-content\\\/uploads\\\/2020\\\/08\\\/Dolomiti-contemporanee-Nuovo-spazio-di-Casso-al-Vajont_edited.jpg\",\"datePublished\":\"2026-07-29T05:59:20+00:00\",\"dateModified\":\"2026-07-29T06:01:10+00:00\",\"breadcrumb\":{\"@id\":\"https:\\\/\\\/www.bellunopress.it\\\/2026\\\/07\\\/29\\\/dolomiti-contemporanee-apre-la-mostra-espansione-xilogenetica-e-mostrificazione-del-paesaggio\\\/#breadcrumb\"},\"inLanguage\":\"fr-FR\",\"potentialAction\":[{\"@type\":\"ReadAction\",\"target\":[\"https:\\\/\\\/www.bellunopress.it\\\/2026\\\/07\\\/29\\\/dolomiti-contemporanee-apre-la-mostra-espansione-xilogenetica-e-mostrificazione-del-paesaggio\\\/\"]}]},{\"@type\":\"ImageObject\",\"inLanguage\":\"fr-FR\",\"@id\":\"https:\\\/\\\/www.bellunopress.it\\\/2026\\\/07\\\/29\\\/dolomiti-contemporanee-apre-la-mostra-espansione-xilogenetica-e-mostrificazione-del-paesaggio\\\/#primaryimage\",\"url\":\"https:\\\/\\\/www.bellunopress.it\\\/wp-content\\\/uploads\\\/2020\\\/08\\\/Dolomiti-contemporanee-Nuovo-spazio-di-Casso-al-Vajont_edited.jpg\",\"contentUrl\":\"https:\\\/\\\/www.bellunopress.it\\\/wp-content\\\/uploads\\\/2020\\\/08\\\/Dolomiti-contemporanee-Nuovo-spazio-di-Casso-al-Vajont_edited.jpg\",\"width\":512,\"height\":282,\"caption\":\"Dolomiti Contemporanee - Spazio di Casso al Vajont\"},{\"@type\":\"BreadcrumbList\",\"@id\":\"https:\\\/\\\/www.bellunopress.it\\\/2026\\\/07\\\/29\\\/dolomiti-contemporanee-apre-la-mostra-espansione-xilogenetica-e-mostrificazione-del-paesaggio\\\/#breadcrumb\",\"itemListElement\":[{\"@type\":\"ListItem\",\"position\":1,\"name\":\"Home\",\"item\":\"https:\\\/\\\/www.bellunopress.it\\\/\"},{\"@type\":\"ListItem\",\"position\":2,\"name\":\"Dolomiti Contemporanee: apre la mostra Espansione xilogenetica e mostrificazione del paesaggio\"}]},{\"@type\":\"WebSite\",\"@id\":\"https:\\\/\\\/www.bellunopress.it\\\/#website\",\"url\":\"https:\\\/\\\/www.bellunopress.it\\\/\",\"name\":\"Bellunopress - Dolomiti\",\"description\":\"e-mail: redazione@bellunopress.it\",\"publisher\":{\"@id\":\"https:\\\/\\\/www.bellunopress.it\\\/#organization\"},\"potentialAction\":[{\"@type\":\"SearchAction\",\"target\":{\"@type\":\"EntryPoint\",\"urlTemplate\":\"https:\\\/\\\/www.bellunopress.it\\\/?s={search_term_string}\"},\"query-input\":{\"@type\":\"PropertyValueSpecification\",\"valueRequired\":true,\"valueName\":\"search_term_string\"}}],\"inLanguage\":\"fr-FR\"},{\"@type\":\"Organization\",\"@id\":\"https:\\\/\\\/www.bellunopress.it\\\/#organization\",\"name\":\"Bellunopress\",\"url\":\"https:\\\/\\\/www.bellunopress.it\\\/\",\"logo\":{\"@type\":\"ImageObject\",\"inLanguage\":\"fr-FR\",\"@id\":\"https:\\\/\\\/www.bellunopress.it\\\/#\\\/schema\\\/logo\\\/image\\\/\",\"url\":\"https:\\\/\\\/www.bellunopress.it\\\/wp-content\\\/uploads\\\/2011\\\/05\\\/cropped-logo-bellunopress-.jpg\",\"contentUrl\":\"https:\\\/\\\/www.bellunopress.it\\\/wp-content\\\/uploads\\\/2011\\\/05\\\/cropped-logo-bellunopress-.jpg\",\"width\":512,\"height\":512,\"caption\":\"Bellunopress\"},\"image\":{\"@id\":\"https:\\\/\\\/www.bellunopress.it\\\/#\\\/schema\\\/logo\\\/image\\\/\"},\"sameAs\":[\"https:\\\/\\\/www.facebook.com\\\/profile.php?id=100008943462799\",\"https:\\\/\\\/x.com\\\/bellunopress\",\"https:\\\/\\\/www.linkedin.com\\\/hp\\\/?dnr=JBzUWaJfMUw8vbXJJ2tVW5-I3jZKvC4wsoxE&amp;amp;amp;amp;amp;amp;trk=nav_responsive_tab_home\",\"https:\\\/\\\/www.youtube.com\\\/channel\\\/UCxL0wu1uN0_3_7hGG0306cw\"]},{\"@type\":\"Person\",\"@id\":\"https:\\\/\\\/www.bellunopress.it\\\/#\\\/schema\\\/person\\\/79bb06722b37ece1c03d3e94beb30d73\",\"name\":\"redazione\",\"image\":{\"@type\":\"ImageObject\",\"inLanguage\":\"fr-FR\",\"@id\":\"https:\\\/\\\/secure.gravatar.com\\\/avatar\\\/37d968a2e67a6fd04c169c4bdef102d0bc5d31b2546345219e348575eb80e9a0?s=96&d=mm&r=g\",\"url\":\"https:\\\/\\\/secure.gravatar.com\\\/avatar\\\/37d968a2e67a6fd04c169c4bdef102d0bc5d31b2546345219e348575eb80e9a0?s=96&d=mm&r=g\",\"contentUrl\":\"https:\\\/\\\/secure.gravatar.com\\\/avatar\\\/37d968a2e67a6fd04c169c4bdef102d0bc5d31b2546345219e348575eb80e9a0?s=96&d=mm&r=g\",\"caption\":\"redazione\"},\"sameAs\":[\"http:\\\/\\\/www.bellunopress.it\",\"https:\\\/\\\/x.com\\\/bellunopress\"],\"url\":\"https:\\\/\\\/www.bellunopress.it\\\/fr\\\/author\\\/redazione\\\/\"}]}<\/script>\n<!-- \/ Yoast SEO plugin. -->","yoast_head_json":{"title":"Dolomiti Contemporanee: apre la mostra Espansione xilogenetica e mostrificazione del paesaggio - Bellunopress - Dolomiti","robots":{"index":"index","follow":"follow","max-snippet":"max-snippet:-1","max-image-preview":"max-image-preview:large","max-video-preview":"max-video-preview:-1"},"canonical":"https:\/\/www.bellunopress.it\/fr\/2026\/07\/29\/dolomiti-contemporanee-apre-la-mostra-espansione-xilogenetica-e-mostrificazione-del-paesaggio\/","og_locale":"fr_FR","og_type":"article","og_title":"Dolomiti Contemporanee: apre la mostra Espansione xilogenetica e mostrificazione del paesaggio - Bellunopress - Dolomiti","og_description":"Una nuova grande mostra collettiva di Dolomiti Contemporanee (DC), un progetto radicale che unisce la valorizzazione della botanica forestale storica alla critica feroce contro la mercificazione e la &#8220;mostrificazione&#8221; del paesaggio montano. 51 giovani artisti, per una mostra che indaga criticamente il territorio, il paesaggio, le sue trasformazioni. Sede: Nuovo Spazio di Casso al Vajont [&hellip;]","og_url":"https:\/\/www.bellunopress.it\/fr\/2026\/07\/29\/dolomiti-contemporanee-apre-la-mostra-espansione-xilogenetica-e-mostrificazione-del-paesaggio\/","og_site_name":"Bellunopress - Dolomiti","article_publisher":"https:\/\/www.facebook.com\/profile.php?id=100008943462799","article_published_time":"2026-07-29T05:59:20+00:00","article_modified_time":"2026-07-29T06:01:10+00:00","og_image":[{"width":512,"height":282,"url":"https:\/\/www.bellunopress.it\/wp-content\/uploads\/2020\/08\/Dolomiti-contemporanee-Nuovo-spazio-di-Casso-al-Vajont_edited.jpg","type":"image\/jpeg"}],"author":"redazione","twitter_card":"summary_large_image","twitter_creator":"@bellunopress","twitter_site":"@bellunopress","twitter_misc":{"\u00c9crit par":"redazione","Dur\u00e9e de lecture estim\u00e9e":"4 minutes"},"schema":{"@context":"https:\/\/schema.org","@graph":[{"@type":"Article","@id":"https:\/\/www.bellunopress.it\/2026\/07\/29\/dolomiti-contemporanee-apre-la-mostra-espansione-xilogenetica-e-mostrificazione-del-paesaggio\/#article","isPartOf":{"@id":"https:\/\/www.bellunopress.it\/2026\/07\/29\/dolomiti-contemporanee-apre-la-mostra-espansione-xilogenetica-e-mostrificazione-del-paesaggio\/"},"author":{"name":"redazione","@id":"https:\/\/www.bellunopress.it\/#\/schema\/person\/79bb06722b37ece1c03d3e94beb30d73"},"headline":"Dolomiti Contemporanee: apre la mostra Espansione xilogenetica e mostrificazione del paesaggio","datePublished":"2026-07-29T05:59:20+00:00","dateModified":"2026-07-29T06:01:10+00:00","mainEntityOfPage":{"@id":"https:\/\/www.bellunopress.it\/2026\/07\/29\/dolomiti-contemporanee-apre-la-mostra-espansione-xilogenetica-e-mostrificazione-del-paesaggio\/"},"wordCount":667,"publisher":{"@id":"https:\/\/www.bellunopress.it\/#organization"},"image":{"@id":"https:\/\/www.bellunopress.it\/2026\/07\/29\/dolomiti-contemporanee-apre-la-mostra-espansione-xilogenetica-e-mostrificazione-del-paesaggio\/#primaryimage"},"thumbnailUrl":"https:\/\/www.bellunopress.it\/wp-content\/uploads\/2020\/08\/Dolomiti-contemporanee-Nuovo-spazio-di-Casso-al-Vajont_edited.jpg","articleSection":["Appuntamenti, Eventi","Arte, Cultura, Spettacoli, Scienza","Pausa Caff\u00e8"],"inLanguage":"fr-FR"},{"@type":"WebPage","@id":"https:\/\/www.bellunopress.it\/2026\/07\/29\/dolomiti-contemporanee-apre-la-mostra-espansione-xilogenetica-e-mostrificazione-del-paesaggio\/","url":"https:\/\/www.bellunopress.it\/2026\/07\/29\/dolomiti-contemporanee-apre-la-mostra-espansione-xilogenetica-e-mostrificazione-del-paesaggio\/","name":"Dolomiti Contemporanee: apre la mostra Espansione xilogenetica e mostrificazione del paesaggio - Bellunopress - Dolomiti","isPartOf":{"@id":"https:\/\/www.bellunopress.it\/#website"},"primaryImageOfPage":{"@id":"https:\/\/www.bellunopress.it\/2026\/07\/29\/dolomiti-contemporanee-apre-la-mostra-espansione-xilogenetica-e-mostrificazione-del-paesaggio\/#primaryimage"},"image":{"@id":"https:\/\/www.bellunopress.it\/2026\/07\/29\/dolomiti-contemporanee-apre-la-mostra-espansione-xilogenetica-e-mostrificazione-del-paesaggio\/#primaryimage"},"thumbnailUrl":"https:\/\/www.bellunopress.it\/wp-content\/uploads\/2020\/08\/Dolomiti-contemporanee-Nuovo-spazio-di-Casso-al-Vajont_edited.jpg","datePublished":"2026-07-29T05:59:20+00:00","dateModified":"2026-07-29T06:01:10+00:00","breadcrumb":{"@id":"https:\/\/www.bellunopress.it\/2026\/07\/29\/dolomiti-contemporanee-apre-la-mostra-espansione-xilogenetica-e-mostrificazione-del-paesaggio\/#breadcrumb"},"inLanguage":"fr-FR","potentialAction":[{"@type":"ReadAction","target":["https:\/\/www.bellunopress.it\/2026\/07\/29\/dolomiti-contemporanee-apre-la-mostra-espansione-xilogenetica-e-mostrificazione-del-paesaggio\/"]}]},{"@type":"ImageObject","inLanguage":"fr-FR","@id":"https:\/\/www.bellunopress.it\/2026\/07\/29\/dolomiti-contemporanee-apre-la-mostra-espansione-xilogenetica-e-mostrificazione-del-paesaggio\/#primaryimage","url":"https:\/\/www.bellunopress.it\/wp-content\/uploads\/2020\/08\/Dolomiti-contemporanee-Nuovo-spazio-di-Casso-al-Vajont_edited.jpg","contentUrl":"https:\/\/www.bellunopress.it\/wp-content\/uploads\/2020\/08\/Dolomiti-contemporanee-Nuovo-spazio-di-Casso-al-Vajont_edited.jpg","width":512,"height":282,"caption":"Dolomiti Contemporanee - Spazio di Casso al Vajont"},{"@type":"BreadcrumbList","@id":"https:\/\/www.bellunopress.it\/2026\/07\/29\/dolomiti-contemporanee-apre-la-mostra-espansione-xilogenetica-e-mostrificazione-del-paesaggio\/#breadcrumb","itemListElement":[{"@type":"ListItem","position":1,"name":"Home","item":"https:\/\/www.bellunopress.it\/"},{"@type":"ListItem","position":2,"name":"Dolomiti Contemporanee: apre la mostra Espansione xilogenetica e mostrificazione del paesaggio"}]},{"@type":"WebSite","@id":"https:\/\/www.bellunopress.it\/#website","url":"https:\/\/www.bellunopress.it\/","name":"Bellunopress - Dolomiti","description":"e-mail: redazione@bellunopress.it","publisher":{"@id":"https:\/\/www.bellunopress.it\/#organization"},"potentialAction":[{"@type":"SearchAction","target":{"@type":"EntryPoint","urlTemplate":"https:\/\/www.bellunopress.it\/?s={search_term_string}"},"query-input":{"@type":"PropertyValueSpecification","valueRequired":true,"valueName":"search_term_string"}}],"inLanguage":"fr-FR"},{"@type":"Organization","@id":"https:\/\/www.bellunopress.it\/#organization","name":"Bellunopress","url":"https:\/\/www.bellunopress.it\/","logo":{"@type":"ImageObject","inLanguage":"fr-FR","@id":"https:\/\/www.bellunopress.it\/#\/schema\/logo\/image\/","url":"https:\/\/www.bellunopress.it\/wp-content\/uploads\/2011\/05\/cropped-logo-bellunopress-.jpg","contentUrl":"https:\/\/www.bellunopress.it\/wp-content\/uploads\/2011\/05\/cropped-logo-bellunopress-.jpg","width":512,"height":512,"caption":"Bellunopress"},"image":{"@id":"https:\/\/www.bellunopress.it\/#\/schema\/logo\/image\/"},"sameAs":["https:\/\/www.facebook.com\/profile.php?id=100008943462799","https:\/\/x.com\/bellunopress","https:\/\/www.linkedin.com\/hp\/?dnr=JBzUWaJfMUw8vbXJJ2tVW5-I3jZKvC4wsoxE&amp;amp;amp;amp;amp;amp;trk=nav_responsive_tab_home","https:\/\/www.youtube.com\/channel\/UCxL0wu1uN0_3_7hGG0306cw"]},{"@type":"Person","@id":"https:\/\/www.bellunopress.it\/#\/schema\/person\/79bb06722b37ece1c03d3e94beb30d73","name":"r\u00e9daction","image":{"@type":"ImageObject","inLanguage":"fr-FR","@id":"https:\/\/secure.gravatar.com\/avatar\/37d968a2e67a6fd04c169c4bdef102d0bc5d31b2546345219e348575eb80e9a0?s=96&d=mm&r=g","url":"https:\/\/secure.gravatar.com\/avatar\/37d968a2e67a6fd04c169c4bdef102d0bc5d31b2546345219e348575eb80e9a0?s=96&d=mm&r=g","contentUrl":"https:\/\/secure.gravatar.com\/avatar\/37d968a2e67a6fd04c169c4bdef102d0bc5d31b2546345219e348575eb80e9a0?s=96&d=mm&r=g","caption":"redazione"},"sameAs":["http:\/\/www.bellunopress.it","https:\/\/x.com\/bellunopress"],"url":"https:\/\/www.bellunopress.it\/fr\/author\/redazione\/"}]}},"_links":{"self":[{"href":"https:\/\/www.bellunopress.it\/fr\/wp-json\/wp\/v2\/posts\/172265","targetHints":{"allow":["GET"]}}],"collection":[{"href":"https:\/\/www.bellunopress.it\/fr\/wp-json\/wp\/v2\/posts"}],"about":[{"href":"https:\/\/www.bellunopress.it\/fr\/wp-json\/wp\/v2\/types\/post"}],"author":[{"embeddable":true,"href":"https:\/\/www.bellunopress.it\/fr\/wp-json\/wp\/v2\/users\/2"}],"replies":[{"embeddable":true,"href":"https:\/\/www.bellunopress.it\/fr\/wp-json\/wp\/v2\/comments?post=172265"}],"version-history":[{"count":2,"href":"https:\/\/www.bellunopress.it\/fr\/wp-json\/wp\/v2\/posts\/172265\/revisions"}],"predecessor-version":[{"id":172267,"href":"https:\/\/www.bellunopress.it\/fr\/wp-json\/wp\/v2\/posts\/172265\/revisions\/172267"}],"wp:featuredmedia":[{"embeddable":true,"href":"https:\/\/www.bellunopress.it\/fr\/wp-json\/wp\/v2\/media\/116300"}],"wp:attachment":[{"href":"https:\/\/www.bellunopress.it\/fr\/wp-json\/wp\/v2\/media?parent=172265"}],"wp:term":[{"taxonomy":"category","embeddable":true,"href":"https:\/\/www.bellunopress.it\/fr\/wp-json\/wp\/v2\/categories?post=172265"},{"taxonomy":"post_tag","embeddable":true,"href":"https:\/\/www.bellunopress.it\/fr\/wp-json\/wp\/v2\/tags?post=172265"}],"curies":[{"name":"wp","href":"https:\/\/api.w.org\/{rel}","templated":true}]}}