{"id":172263,"date":"2026-07-29T07:30:59","date_gmt":"2026-07-29T05:30:59","guid":{"rendered":"https:\/\/www.bellunopress.it\/?p=172263"},"modified":"2026-07-29T07:31:18","modified_gmt":"2026-07-29T05:31:18","slug":"una-domenica-al-mese-yoga-human-connection-al-granaio-buzzati-con-annabella-fairtlough","status":"publish","type":"post","link":"https:\/\/www.bellunopress.it\/fr\/2026\/07\/29\/una-domenica-al-mese-yoga-human-connection-al-granaio-buzzati-con-annabella-fairtlough\/","title":{"rendered":"Una domenica al mese, Yoga &#038; Human Connection al Granaio Buzzati con Annabella Fairtlough"},"content":{"rendered":"<p>Una domenica al mese, l\u2019insegnante di yoga Annabella Fairtlough &#8211; da 15 anni un riferimento per chi pratica a yoga in Val di Zoldo e dintorni &#8211; organizza un percorso di 8 incontri tematici dedicati alla creazione di connessioni umane, a partire dall\u2019istinto di relazione, invece che da quello di difesa.<br \/>\nGli incontri si terranno presso il Granaio di Villa Buzzati, in via Visome 18, a Belluno.<\/p>\n<p>Il prossimo incontro \u00e8 dedicato all\u2019amicizia.<\/p>\n<p><strong>Domenica 2 agosto<\/strong><br \/>\nCrea amicizie vere, che durano<br \/>\nLa definizione di AMICIZIA \u00e8: \u201cil reciproco affetto, tra due o pi\u00f9 persone, nato da un\u2019affinit\u00e0 di carattere e interessi, che porta a una regolare frequentazione\u201d.<br \/>\nA scuola accadeva spontaneamente senza sforzo. Vedevamo i nostri compagni ogni giorno, condividendo le stesse attivit\u00e0.<br \/>\nLa formula perfetta per l\u2019amicizia = VICINANZA + REGOLARIT\u00c0 + TEMPO INSIEME.<br \/>\nCome adulti siamo pi\u00f9 timidi e paurosi. Non basta dire, Vuoi giocare?<br \/>\nSiamo preoccupati delle conseguenze di farci avanti, riflettiamo su tutto quello che potrebbe andare storto quando ci presentiamo a qualcuno di nuovo, E se non gli piacessi, e se pensa male di me, e se lo metto a disagio?!<\/p>\n<p>\u00c8 possibile scegliere di partecipare a uno o pi\u00f9 incontri. Ogni incontro dura mezza giornata, dalle 9:15 alle 13:30 (il costo \u00e8 di 50 euro a incontro).<\/p>\n<p>Il programma<br \/>\n09:15 arrivo<br \/>\n09:30 pratica yoga<br \/>\n10:30 pratiche di connessione<br \/>\n12:30 pranzo condiviso<br \/>\n13:30 saluti<\/p>\n<p><strong>I prossimi incontri:<\/strong><\/p>\n<p>\u2022 Domenica 13 settembre<br \/>\nEsprimi i tuoi confini, sono sani<br \/>\n\u2022 Domenica 4 ottobre<br \/>\nGoditi la solitudine, abbraccia la condivisione<br \/>\n\u2022 Domenica 1 novembre<br \/>\nRiconcilia sempre i tuoi conflitti<\/p>\n<p>In cosa consistono gli incontri? Esercizi e parole, insieme.<br \/>\nLa pratica yoga dolce e lenta, incentrata sulla respirazione e la piena attenzione, per ascoltare cosa sentiamo nel corpo e capire il perch\u00e9, piuttosto che per raggiungere posizioni fisiche perfette ed ambiziose. L\u2019incontro attivo con gli altri partecipanti, per indagare assieme chi siamo, e come migliorare le nostre connessioni umane. Per chi rimane l\u2019intera giornata, il pranzo condiviso &#8211; un altro modo di instaurare relazioni &#8211; e il cammino nel bosco.<\/p>\n<p>Cos\u2019\u00e8 la connessione umana? \u00c8 il legame profondo che si forma tra le persone quando si sentono viste, ascoltate, comprese e valorizzate. Questi sono bisogni che tutti abbiamo. Si manifestano come un senso di appartenenza, sicurezza e condivisione.<\/p>\n<p>Perch\u00e9 partecipare? Annabella Fairtlough: \u201cViviamo in un&#8217;epoca in cui possiamo comunicare tecnologicamente e istantaneamente con chiunque e da qualsiasi luogo del mondo: ci\u00f2 nonostante, ci sentiamo pi\u00f9 che mai sconnessi da noi stessi e dagli altri.<br \/>\nSiamo creature sociali e la connessione umana \u00e8 fondamentale per il nostro benessere.<br \/>\nQuando parlo di connessione umana, intendo il legame profondo che si forma tra le persone quando si sentono viste, ascoltate, comprese e valorizzate. Questi sono bisogni che tutti abbiamo. Il percorso YOGA &amp; HUMAN CONNECTION \u00e8 pensato per provare a rispondere a questi bisogni, per allenarci &#8211; con il corpo e con la mente &#8211; ad aprirci agli altri, a ritrovarci\u201d.<\/p>\n<p>Per informazioni e prenotazioni:<br \/>\nAnnabella Fairtlough<br \/>\nwhatsapp 346\/3750134<br \/>\nwww.annabellafairtlough.com<\/p>","protected":false},"excerpt":{"rendered":"<p>Una domenica al mese, l\u2019insegnante di yoga Annabella Fairtlough &#8211; da 15 anni un riferimento per chi pratica a yoga in Val di Zoldo e dintorni &#8211; organizza un percorso di 8 incontri tematici dedicati alla creazione di connessioni umane, a partire dall\u2019istinto di relazione, invece che da quello di difesa. Gli incontri si terranno [&hellip;]<\/p>\n","protected":false},"author":2,"featured_media":164240,"comment_status":"closed","ping_status":"open","sticky":false,"template":"","format":"standard","meta":{"footnotes":""},"categories":[4],"tags":[],"class_list":["post-172263","post","type-post","status-publish","format-standard","has-post-thumbnail","category-sport"],"yoast_head":"<!-- This site is optimized with the Yoast SEO plugin v28.4 - https:\/\/yoast.com\/product\/yoast-seo-wordpress\/ -->\n<title>Una domenica al mese, Yoga &amp; Human Connection al Granaio Buzzati con Annabella Fairtlough - Bellunopress - Dolomiti<\/title>\n<meta name=\"robots\" content=\"index, follow, max-snippet:-1, max-image-preview:large, max-video-preview:-1\" \/>\n<link rel=\"canonical\" href=\"https:\/\/www.bellunopress.it\/fr\/2026\/07\/29\/una-domenica-al-mese-yoga-human-connection-al-granaio-buzzati-con-annabella-fairtlough\/\" \/>\n<meta property=\"og:locale\" content=\"fr_FR\" \/>\n<meta property=\"og:type\" content=\"article\" \/>\n<meta property=\"og:title\" content=\"Una domenica al mese, Yoga &amp; Human Connection al Granaio Buzzati con Annabella Fairtlough - Bellunopress - Dolomiti\" \/>\n<meta property=\"og:description\" content=\"Una domenica al mese, l\u2019insegnante di yoga Annabella Fairtlough &#8211; da 15 anni un riferimento per chi pratica a yoga in Val di Zoldo e dintorni &#8211; organizza un percorso di 8 incontri tematici dedicati alla creazione di connessioni umane, a partire dall\u2019istinto di relazione, invece che da quello di difesa. Gli incontri si terranno [&hellip;]\" \/>\n<meta property=\"og:url\" content=\"https:\/\/www.bellunopress.it\/fr\/2026\/07\/29\/una-domenica-al-mese-yoga-human-connection-al-granaio-buzzati-con-annabella-fairtlough\/\" \/>\n<meta property=\"og:site_name\" content=\"Bellunopress - Dolomiti\" \/>\n<meta property=\"article:publisher\" content=\"https:\/\/www.facebook.com\/profile.php?id=100008943462799\" \/>\n<meta property=\"article:published_time\" content=\"2026-07-29T05:30:59+00:00\" \/>\n<meta property=\"article:modified_time\" content=\"2026-07-29T05:31:18+00:00\" \/>\n<meta property=\"og:image\" content=\"https:\/\/www.bellunopress.it\/wp-content\/uploads\/2025\/10\/riapre-il-granaio-Villa-Buzzati_edited.jpg\" \/>\n\t<meta property=\"og:image:width\" content=\"800\" \/>\n\t<meta property=\"og:image:height\" content=\"529\" \/>\n\t<meta property=\"og:image:type\" content=\"image\/jpeg\" \/>\n<meta name=\"author\" content=\"redazione\" \/>\n<meta name=\"twitter:card\" content=\"summary_large_image\" \/>\n<meta name=\"twitter:creator\" content=\"@bellunopress\" \/>\n<meta name=\"twitter:site\" content=\"@bellunopress\" \/>\n<meta name=\"twitter:label1\" content=\"Written by\" \/>\n\t<meta name=\"twitter:data1\" content=\"redazione\" \/>\n\t<meta name=\"twitter:label2\" content=\"Est. reading time\" \/>\n\t<meta name=\"twitter:data2\" content=\"3 minutes\" \/>\n<script type=\"application\/ld+json\" class=\"yoast-schema-graph\">{\"@context\":\"https:\\\/\\\/schema.org\",\"@graph\":[{\"@type\":\"Article\",\"@id\":\"https:\\\/\\\/www.bellunopress.it\\\/2026\\\/07\\\/29\\\/una-domenica-al-mese-yoga-human-connection-al-granaio-buzzati-con-annabella-fairtlough\\\/#article\",\"isPartOf\":{\"@id\":\"https:\\\/\\\/www.bellunopress.it\\\/2026\\\/07\\\/29\\\/una-domenica-al-mese-yoga-human-connection-al-granaio-buzzati-con-annabella-fairtlough\\\/\"},\"author\":{\"name\":\"redazione\",\"@id\":\"https:\\\/\\\/www.bellunopress.it\\\/#\\\/schema\\\/person\\\/79bb06722b37ece1c03d3e94beb30d73\"},\"headline\":\"Una domenica al mese, Yoga &#038; Human Connection al Granaio Buzzati con Annabella Fairtlough\",\"datePublished\":\"2026-07-29T05:30:59+00:00\",\"dateModified\":\"2026-07-29T05:31:18+00:00\",\"mainEntityOfPage\":{\"@id\":\"https:\\\/\\\/www.bellunopress.it\\\/2026\\\/07\\\/29\\\/una-domenica-al-mese-yoga-human-connection-al-granaio-buzzati-con-annabella-fairtlough\\\/\"},\"wordCount\":492,\"publisher\":{\"@id\":\"https:\\\/\\\/www.bellunopress.it\\\/#organization\"},\"image\":{\"@id\":\"https:\\\/\\\/www.bellunopress.it\\\/2026\\\/07\\\/29\\\/una-domenica-al-mese-yoga-human-connection-al-granaio-buzzati-con-annabella-fairtlough\\\/#primaryimage\"},\"thumbnailUrl\":\"https:\\\/\\\/www.bellunopress.it\\\/wp-content\\\/uploads\\\/2025\\\/10\\\/riapre-il-granaio-Villa-Buzzati_edited.jpg\",\"articleSection\":[\"Sport, tempo libero\"],\"inLanguage\":\"fr-FR\"},{\"@type\":\"WebPage\",\"@id\":\"https:\\\/\\\/www.bellunopress.it\\\/2026\\\/07\\\/29\\\/una-domenica-al-mese-yoga-human-connection-al-granaio-buzzati-con-annabella-fairtlough\\\/\",\"url\":\"https:\\\/\\\/www.bellunopress.it\\\/2026\\\/07\\\/29\\\/una-domenica-al-mese-yoga-human-connection-al-granaio-buzzati-con-annabella-fairtlough\\\/\",\"name\":\"Una domenica al mese, Yoga & Human Connection al Granaio Buzzati con Annabella Fairtlough - Bellunopress - Dolomiti\",\"isPartOf\":{\"@id\":\"https:\\\/\\\/www.bellunopress.it\\\/#website\"},\"primaryImageOfPage\":{\"@id\":\"https:\\\/\\\/www.bellunopress.it\\\/2026\\\/07\\\/29\\\/una-domenica-al-mese-yoga-human-connection-al-granaio-buzzati-con-annabella-fairtlough\\\/#primaryimage\"},\"image\":{\"@id\":\"https:\\\/\\\/www.bellunopress.it\\\/2026\\\/07\\\/29\\\/una-domenica-al-mese-yoga-human-connection-al-granaio-buzzati-con-annabella-fairtlough\\\/#primaryimage\"},\"thumbnailUrl\":\"https:\\\/\\\/www.bellunopress.it\\\/wp-content\\\/uploads\\\/2025\\\/10\\\/riapre-il-granaio-Villa-Buzzati_edited.jpg\",\"datePublished\":\"2026-07-29T05:30:59+00:00\",\"dateModified\":\"2026-07-29T05:31:18+00:00\",\"breadcrumb\":{\"@id\":\"https:\\\/\\\/www.bellunopress.it\\\/2026\\\/07\\\/29\\\/una-domenica-al-mese-yoga-human-connection-al-granaio-buzzati-con-annabella-fairtlough\\\/#breadcrumb\"},\"inLanguage\":\"fr-FR\",\"potentialAction\":[{\"@type\":\"ReadAction\",\"target\":[\"https:\\\/\\\/www.bellunopress.it\\\/2026\\\/07\\\/29\\\/una-domenica-al-mese-yoga-human-connection-al-granaio-buzzati-con-annabella-fairtlough\\\/\"]}]},{\"@type\":\"ImageObject\",\"inLanguage\":\"fr-FR\",\"@id\":\"https:\\\/\\\/www.bellunopress.it\\\/2026\\\/07\\\/29\\\/una-domenica-al-mese-yoga-human-connection-al-granaio-buzzati-con-annabella-fairtlough\\\/#primaryimage\",\"url\":\"https:\\\/\\\/www.bellunopress.it\\\/wp-content\\\/uploads\\\/2025\\\/10\\\/riapre-il-granaio-Villa-Buzzati_edited.jpg\",\"contentUrl\":\"https:\\\/\\\/www.bellunopress.it\\\/wp-content\\\/uploads\\\/2025\\\/10\\\/riapre-il-granaio-Villa-Buzzati_edited.jpg\",\"width\":800,\"height\":529,\"caption\":\"Il Granaio di Villa Buzzati - Belluno\"},{\"@type\":\"BreadcrumbList\",\"@id\":\"https:\\\/\\\/www.bellunopress.it\\\/2026\\\/07\\\/29\\\/una-domenica-al-mese-yoga-human-connection-al-granaio-buzzati-con-annabella-fairtlough\\\/#breadcrumb\",\"itemListElement\":[{\"@type\":\"ListItem\",\"position\":1,\"name\":\"Home\",\"item\":\"https:\\\/\\\/www.bellunopress.it\\\/\"},{\"@type\":\"ListItem\",\"position\":2,\"name\":\"Una domenica al mese, Yoga &#038; Human Connection al Granaio Buzzati con Annabella Fairtlough\"}]},{\"@type\":\"WebSite\",\"@id\":\"https:\\\/\\\/www.bellunopress.it\\\/#website\",\"url\":\"https:\\\/\\\/www.bellunopress.it\\\/\",\"name\":\"Bellunopress - Dolomiti\",\"description\":\"e-mail: redazione@bellunopress.it\",\"publisher\":{\"@id\":\"https:\\\/\\\/www.bellunopress.it\\\/#organization\"},\"potentialAction\":[{\"@type\":\"SearchAction\",\"target\":{\"@type\":\"EntryPoint\",\"urlTemplate\":\"https:\\\/\\\/www.bellunopress.it\\\/?s={search_term_string}\"},\"query-input\":{\"@type\":\"PropertyValueSpecification\",\"valueRequired\":true,\"valueName\":\"search_term_string\"}}],\"inLanguage\":\"fr-FR\"},{\"@type\":\"Organization\",\"@id\":\"https:\\\/\\\/www.bellunopress.it\\\/#organization\",\"name\":\"Bellunopress\",\"url\":\"https:\\\/\\\/www.bellunopress.it\\\/\",\"logo\":{\"@type\":\"ImageObject\",\"inLanguage\":\"fr-FR\",\"@id\":\"https:\\\/\\\/www.bellunopress.it\\\/#\\\/schema\\\/logo\\\/image\\\/\",\"url\":\"https:\\\/\\\/www.bellunopress.it\\\/wp-content\\\/uploads\\\/2011\\\/05\\\/cropped-logo-bellunopress-.jpg\",\"contentUrl\":\"https:\\\/\\\/www.bellunopress.it\\\/wp-content\\\/uploads\\\/2011\\\/05\\\/cropped-logo-bellunopress-.jpg\",\"width\":512,\"height\":512,\"caption\":\"Bellunopress\"},\"image\":{\"@id\":\"https:\\\/\\\/www.bellunopress.it\\\/#\\\/schema\\\/logo\\\/image\\\/\"},\"sameAs\":[\"https:\\\/\\\/www.facebook.com\\\/profile.php?id=100008943462799\",\"https:\\\/\\\/x.com\\\/bellunopress\",\"https:\\\/\\\/www.linkedin.com\\\/hp\\\/?dnr=JBzUWaJfMUw8vbXJJ2tVW5-I3jZKvC4wsoxE&amp;amp;amp;amp;amp;amp;trk=nav_responsive_tab_home\",\"https:\\\/\\\/www.youtube.com\\\/channel\\\/UCxL0wu1uN0_3_7hGG0306cw\"]},{\"@type\":\"Person\",\"@id\":\"https:\\\/\\\/www.bellunopress.it\\\/#\\\/schema\\\/person\\\/79bb06722b37ece1c03d3e94beb30d73\",\"name\":\"redazione\",\"image\":{\"@type\":\"ImageObject\",\"inLanguage\":\"fr-FR\",\"@id\":\"https:\\\/\\\/secure.gravatar.com\\\/avatar\\\/37d968a2e67a6fd04c169c4bdef102d0bc5d31b2546345219e348575eb80e9a0?s=96&d=mm&r=g\",\"url\":\"https:\\\/\\\/secure.gravatar.com\\\/avatar\\\/37d968a2e67a6fd04c169c4bdef102d0bc5d31b2546345219e348575eb80e9a0?s=96&d=mm&r=g\",\"contentUrl\":\"https:\\\/\\\/secure.gravatar.com\\\/avatar\\\/37d968a2e67a6fd04c169c4bdef102d0bc5d31b2546345219e348575eb80e9a0?s=96&d=mm&r=g\",\"caption\":\"redazione\"},\"sameAs\":[\"http:\\\/\\\/www.bellunopress.it\",\"https:\\\/\\\/x.com\\\/bellunopress\"],\"url\":\"https:\\\/\\\/www.bellunopress.it\\\/fr\\\/author\\\/redazione\\\/\"}]}<\/script>\n<!-- \/ Yoast SEO plugin. -->","yoast_head_json":{"title":"Una domenica al mese, Yoga & Human Connection al Granaio Buzzati con Annabella Fairtlough - Bellunopress - Dolomiti","robots":{"index":"index","follow":"follow","max-snippet":"max-snippet:-1","max-image-preview":"max-image-preview:large","max-video-preview":"max-video-preview:-1"},"canonical":"https:\/\/www.bellunopress.it\/fr\/2026\/07\/29\/una-domenica-al-mese-yoga-human-connection-al-granaio-buzzati-con-annabella-fairtlough\/","og_locale":"fr_FR","og_type":"article","og_title":"Una domenica al mese, Yoga & Human Connection al Granaio Buzzati con Annabella Fairtlough - Bellunopress - Dolomiti","og_description":"Una domenica al mese, l\u2019insegnante di yoga Annabella Fairtlough &#8211; da 15 anni un riferimento per chi pratica a yoga in Val di Zoldo e dintorni &#8211; organizza un percorso di 8 incontri tematici dedicati alla creazione di connessioni umane, a partire dall\u2019istinto di relazione, invece che da quello di difesa. Gli incontri si terranno [&hellip;]","og_url":"https:\/\/www.bellunopress.it\/fr\/2026\/07\/29\/una-domenica-al-mese-yoga-human-connection-al-granaio-buzzati-con-annabella-fairtlough\/","og_site_name":"Bellunopress - Dolomiti","article_publisher":"https:\/\/www.facebook.com\/profile.php?id=100008943462799","article_published_time":"2026-07-29T05:30:59+00:00","article_modified_time":"2026-07-29T05:31:18+00:00","og_image":[{"width":800,"height":529,"url":"https:\/\/www.bellunopress.it\/wp-content\/uploads\/2025\/10\/riapre-il-granaio-Villa-Buzzati_edited.jpg","type":"image\/jpeg"}],"author":"redazione","twitter_card":"summary_large_image","twitter_creator":"@bellunopress","twitter_site":"@bellunopress","twitter_misc":{"Written by":"redazione","Est. reading time":"3 minutes"},"schema":{"@context":"https:\/\/schema.org","@graph":[{"@type":"Article","@id":"https:\/\/www.bellunopress.it\/2026\/07\/29\/una-domenica-al-mese-yoga-human-connection-al-granaio-buzzati-con-annabella-fairtlough\/#article","isPartOf":{"@id":"https:\/\/www.bellunopress.it\/2026\/07\/29\/una-domenica-al-mese-yoga-human-connection-al-granaio-buzzati-con-annabella-fairtlough\/"},"author":{"name":"redazione","@id":"https:\/\/www.bellunopress.it\/#\/schema\/person\/79bb06722b37ece1c03d3e94beb30d73"},"headline":"Una domenica al mese, Yoga &#038; Human Connection al Granaio Buzzati con Annabella Fairtlough","datePublished":"2026-07-29T05:30:59+00:00","dateModified":"2026-07-29T05:31:18+00:00","mainEntityOfPage":{"@id":"https:\/\/www.bellunopress.it\/2026\/07\/29\/una-domenica-al-mese-yoga-human-connection-al-granaio-buzzati-con-annabella-fairtlough\/"},"wordCount":492,"publisher":{"@id":"https:\/\/www.bellunopress.it\/#organization"},"image":{"@id":"https:\/\/www.bellunopress.it\/2026\/07\/29\/una-domenica-al-mese-yoga-human-connection-al-granaio-buzzati-con-annabella-fairtlough\/#primaryimage"},"thumbnailUrl":"https:\/\/www.bellunopress.it\/wp-content\/uploads\/2025\/10\/riapre-il-granaio-Villa-Buzzati_edited.jpg","articleSection":["Sport, tempo libero"],"inLanguage":"fr-FR"},{"@type":"WebPage","@id":"https:\/\/www.bellunopress.it\/2026\/07\/29\/una-domenica-al-mese-yoga-human-connection-al-granaio-buzzati-con-annabella-fairtlough\/","url":"https:\/\/www.bellunopress.it\/2026\/07\/29\/una-domenica-al-mese-yoga-human-connection-al-granaio-buzzati-con-annabella-fairtlough\/","name":"Una domenica al mese, Yoga & Human Connection al Granaio Buzzati con Annabella Fairtlough - Bellunopress - Dolomiti","isPartOf":{"@id":"https:\/\/www.bellunopress.it\/#website"},"primaryImageOfPage":{"@id":"https:\/\/www.bellunopress.it\/2026\/07\/29\/una-domenica-al-mese-yoga-human-connection-al-granaio-buzzati-con-annabella-fairtlough\/#primaryimage"},"image":{"@id":"https:\/\/www.bellunopress.it\/2026\/07\/29\/una-domenica-al-mese-yoga-human-connection-al-granaio-buzzati-con-annabella-fairtlough\/#primaryimage"},"thumbnailUrl":"https:\/\/www.bellunopress.it\/wp-content\/uploads\/2025\/10\/riapre-il-granaio-Villa-Buzzati_edited.jpg","datePublished":"2026-07-29T05:30:59+00:00","dateModified":"2026-07-29T05:31:18+00:00","breadcrumb":{"@id":"https:\/\/www.bellunopress.it\/2026\/07\/29\/una-domenica-al-mese-yoga-human-connection-al-granaio-buzzati-con-annabella-fairtlough\/#breadcrumb"},"inLanguage":"fr-FR","potentialAction":[{"@type":"ReadAction","target":["https:\/\/www.bellunopress.it\/2026\/07\/29\/una-domenica-al-mese-yoga-human-connection-al-granaio-buzzati-con-annabella-fairtlough\/"]}]},{"@type":"ImageObject","inLanguage":"fr-FR","@id":"https:\/\/www.bellunopress.it\/2026\/07\/29\/una-domenica-al-mese-yoga-human-connection-al-granaio-buzzati-con-annabella-fairtlough\/#primaryimage","url":"https:\/\/www.bellunopress.it\/wp-content\/uploads\/2025\/10\/riapre-il-granaio-Villa-Buzzati_edited.jpg","contentUrl":"https:\/\/www.bellunopress.it\/wp-content\/uploads\/2025\/10\/riapre-il-granaio-Villa-Buzzati_edited.jpg","width":800,"height":529,"caption":"Il Granaio di Villa Buzzati - Belluno"},{"@type":"BreadcrumbList","@id":"https:\/\/www.bellunopress.it\/2026\/07\/29\/una-domenica-al-mese-yoga-human-connection-al-granaio-buzzati-con-annabella-fairtlough\/#breadcrumb","itemListElement":[{"@type":"ListItem","position":1,"name":"Home","item":"https:\/\/www.bellunopress.it\/"},{"@type":"ListItem","position":2,"name":"Una domenica al mese, Yoga &#038; Human Connection al Granaio Buzzati con Annabella Fairtlough"}]},{"@type":"WebSite","@id":"https:\/\/www.bellunopress.it\/#website","url":"https:\/\/www.bellunopress.it\/","name":"Bellunopress - Dolomiti","description":"e-mail: redazione@bellunopress.it","publisher":{"@id":"https:\/\/www.bellunopress.it\/#organization"},"potentialAction":[{"@type":"SearchAction","target":{"@type":"EntryPoint","urlTemplate":"https:\/\/www.bellunopress.it\/?s={search_term_string}"},"query-input":{"@type":"PropertyValueSpecification","valueRequired":true,"valueName":"search_term_string"}}],"inLanguage":"fr-FR"},{"@type":"Organization","@id":"https:\/\/www.bellunopress.it\/#organization","name":"Bellunopress","url":"https:\/\/www.bellunopress.it\/","logo":{"@type":"ImageObject","inLanguage":"fr-FR","@id":"https:\/\/www.bellunopress.it\/#\/schema\/logo\/image\/","url":"https:\/\/www.bellunopress.it\/wp-content\/uploads\/2011\/05\/cropped-logo-bellunopress-.jpg","contentUrl":"https:\/\/www.bellunopress.it\/wp-content\/uploads\/2011\/05\/cropped-logo-bellunopress-.jpg","width":512,"height":512,"caption":"Bellunopress"},"image":{"@id":"https:\/\/www.bellunopress.it\/#\/schema\/logo\/image\/"},"sameAs":["https:\/\/www.facebook.com\/profile.php?id=100008943462799","https:\/\/x.com\/bellunopress","https:\/\/www.linkedin.com\/hp\/?dnr=JBzUWaJfMUw8vbXJJ2tVW5-I3jZKvC4wsoxE&amp;amp;amp;amp;amp;amp;trk=nav_responsive_tab_home","https:\/\/www.youtube.com\/channel\/UCxL0wu1uN0_3_7hGG0306cw"]},{"@type":"Person","@id":"https:\/\/www.bellunopress.it\/#\/schema\/person\/79bb06722b37ece1c03d3e94beb30d73","name":"r\u00e9daction","image":{"@type":"ImageObject","inLanguage":"fr-FR","@id":"https:\/\/secure.gravatar.com\/avatar\/37d968a2e67a6fd04c169c4bdef102d0bc5d31b2546345219e348575eb80e9a0?s=96&d=mm&r=g","url":"https:\/\/secure.gravatar.com\/avatar\/37d968a2e67a6fd04c169c4bdef102d0bc5d31b2546345219e348575eb80e9a0?s=96&d=mm&r=g","contentUrl":"https:\/\/secure.gravatar.com\/avatar\/37d968a2e67a6fd04c169c4bdef102d0bc5d31b2546345219e348575eb80e9a0?s=96&d=mm&r=g","caption":"redazione"},"sameAs":["http:\/\/www.bellunopress.it","https:\/\/x.com\/bellunopress"],"url":"https:\/\/www.bellunopress.it\/fr\/author\/redazione\/"}]}},"_links":{"self":[{"href":"https:\/\/www.bellunopress.it\/fr\/wp-json\/wp\/v2\/posts\/172263","targetHints":{"allow":["GET"]}}],"collection":[{"href":"https:\/\/www.bellunopress.it\/fr\/wp-json\/wp\/v2\/posts"}],"about":[{"href":"https:\/\/www.bellunopress.it\/fr\/wp-json\/wp\/v2\/types\/post"}],"author":[{"embeddable":true,"href":"https:\/\/www.bellunopress.it\/fr\/wp-json\/wp\/v2\/users\/2"}],"replies":[{"embeddable":true,"href":"https:\/\/www.bellunopress.it\/fr\/wp-json\/wp\/v2\/comments?post=172263"}],"version-history":[{"count":1,"href":"https:\/\/www.bellunopress.it\/fr\/wp-json\/wp\/v2\/posts\/172263\/revisions"}],"predecessor-version":[{"id":172264,"href":"https:\/\/www.bellunopress.it\/fr\/wp-json\/wp\/v2\/posts\/172263\/revisions\/172264"}],"wp:featuredmedia":[{"embeddable":true,"href":"https:\/\/www.bellunopress.it\/fr\/wp-json\/wp\/v2\/media\/164240"}],"wp:attachment":[{"href":"https:\/\/www.bellunopress.it\/fr\/wp-json\/wp\/v2\/media?parent=172263"}],"wp:term":[{"taxonomy":"category","embeddable":true,"href":"https:\/\/www.bellunopress.it\/fr\/wp-json\/wp\/v2\/categories?post=172263"},{"taxonomy":"post_tag","embeddable":true,"href":"https:\/\/www.bellunopress.it\/fr\/wp-json\/wp\/v2\/tags?post=172263"}],"curies":[{"name":"wp","href":"https:\/\/api.w.org\/{rel}","templated":true}]}}