{"id":172261,"date":"2026-07-29T07:16:21","date_gmt":"2026-07-29T05:16:21","guid":{"rendered":"https:\/\/www.bellunopress.it\/?p=172261"},"modified":"2026-07-29T07:16:21","modified_gmt":"2026-07-29T05:16:21","slug":"numerosi-interventi-martedi-in-montagna","status":"publish","type":"post","link":"https:\/\/www.bellunopress.it\/fr\/2026\/07\/29\/numerosi-interventi-martedi-in-montagna\/","title":{"rendered":"Numerosi interventi marted\u00ec in montagna"},"content":{"rendered":"<p>Belluno, 28 &#8211; 07 &#8211; 2026\u00a0 \u00a0 \u00a0 Il Soccorso alpino di Auronzo ha ricevuto l&#8217;attivazione per un escursionista austriaco che si era procurato un trauma alla caviglia in cima al Monte Piana, non distante da Capanna Carducci. Il 24enne \u00e8 stato recuperato dai soccorritori della Guardia di finanza e trasportato al Passo Tre Croci per il rendez vous con l&#8217;ambulanza. Una turista polacca di 48 anni ha riportato un trauma al braccio colpita da un sasso nei pressi del Rifugio Giussani. Allertato il Soccorso alpino di Cortina, \u00e8 intervenuta la Guardia di finanza che ha accompagnato l&#8217;infortunata al Codivilla.<\/p>\n<p>Una squadra del Soccorso alpino di Cortina \u00e8 poi stata inviata sopra localit\u00e0 Cian Zopp\u00e8 poich\u00e9, seguendo il giro de Sotecordes, una 75enne di Terracina si era fatta male a un piede. La donna \u00e8 stata portata in jeep all&#8217;ambulanza. Verso le 15.15 l&#8217;elicottero del Suem di Pieve di Cadore \u00e8 volato in Val d&#8217;Orti\u00e8, sempre a Cortina, a seguito della caduta di una 69enne di Mogliano Veneto, che lamentava dolori alla schiena, sul posto anche i soccorritori della Guardia di finanza, che, dopo i controlli sanitari, hanno portato la donna fino all&#8217;ambulanza diretta al Codivilla.<\/p>\n<p>Ancora ad Auronzo, attorno alle 16.40 l&#8217;eliambulanza ha soccorso un sedicenne vicentino, in localit\u00e0 Stabiziane, vicino a Palus San Marco. Il ragazzo, che era ruzzolato nel bosco riportando una ferita alla testa e un probabile politrauma, \u00e8 stato raggiunto dal tecnico di elisoccorso e dall&#8217;equipe medica scesi in hovering nelle vicinanze. Prestate le prime cure, il giovane \u00e8 stato imbarcato e trasportato all&#8217;ospedale di Belluno.<\/p>\n<p>Falco \u00e8 stato poi inviato nuovamente a Cortina, in Val Travenanzes, per un escursionista olandese sfinito dalla stanchezza e bloccato in un tratto ripido, mentre affrontava il giro della Tofana. Recuperato con 10 metri di verricello, l&#8217;equipaggio lo ha lasciato al Rifugio Dibona.<\/p>","protected":false},"excerpt":{"rendered":"<p>Belluno, 28 &#8211; 07 &#8211; 2026\u00a0 \u00a0 \u00a0 Il Soccorso alpino di Auronzo ha ricevuto l&#8217;attivazione per un escursionista austriaco che si era procurato un trauma alla caviglia in cima al Monte Piana, non distante da Capanna Carducci. Il 24enne \u00e8 stato recuperato dai soccorritori della Guardia di finanza e trasportato al Passo Tre Croci [&hellip;]<\/p>\n","protected":false},"author":2,"featured_media":170567,"comment_status":"closed","ping_status":"open","sticky":false,"template":"","format":"standard","meta":{"footnotes":""},"categories":[5],"tags":[],"class_list":["post-172261","post","type-post","status-publish","format-standard","has-post-thumbnail","category-cronaca"],"yoast_head":"<!-- This site is optimized with the Yoast SEO plugin v28.4 - https:\/\/yoast.com\/product\/yoast-seo-wordpress\/ -->\n<title>Numerosi interventi marted\u00ec in montagna - Bellunopress - Dolomiti<\/title>\n<meta name=\"robots\" content=\"index, follow, max-snippet:-1, max-image-preview:large, max-video-preview:-1\" \/>\n<link rel=\"canonical\" href=\"https:\/\/www.bellunopress.it\/fr\/2026\/07\/29\/numerosi-interventi-martedi-in-montagna\/\" \/>\n<meta property=\"og:locale\" content=\"fr_FR\" \/>\n<meta property=\"og:type\" content=\"article\" \/>\n<meta property=\"og:title\" content=\"Numerosi interventi marted\u00ec in montagna - Bellunopress - Dolomiti\" \/>\n<meta property=\"og:description\" content=\"Belluno, 28 &#8211; 07 &#8211; 2026\u00a0 \u00a0 \u00a0 Il Soccorso alpino di Auronzo ha ricevuto l&#8217;attivazione per un escursionista austriaco che si era procurato un trauma alla caviglia in cima al Monte Piana, non distante da Capanna Carducci. Il 24enne \u00e8 stato recuperato dai soccorritori della Guardia di finanza e trasportato al Passo Tre Croci [&hellip;]\" \/>\n<meta property=\"og:url\" content=\"https:\/\/www.bellunopress.it\/fr\/2026\/07\/29\/numerosi-interventi-martedi-in-montagna\/\" \/>\n<meta property=\"og:site_name\" content=\"Bellunopress - Dolomiti\" \/>\n<meta property=\"article:publisher\" content=\"https:\/\/www.facebook.com\/profile.php?id=100008943462799\" \/>\n<meta property=\"article:published_time\" content=\"2026-07-29T05:16:21+00:00\" \/>\n<meta property=\"og:image\" content=\"https:\/\/www.bellunopress.it\/wp-content\/uploads\/2026\/05\/soccorso-118.jpg\" \/>\n\t<meta property=\"og:image:width\" content=\"600\" \/>\n\t<meta property=\"og:image:height\" content=\"269\" \/>\n\t<meta property=\"og:image:type\" content=\"image\/jpeg\" \/>\n<meta name=\"author\" content=\"redazione\" \/>\n<meta name=\"twitter:card\" content=\"summary_large_image\" \/>\n<meta name=\"twitter:creator\" content=\"@bellunopress\" \/>\n<meta name=\"twitter:site\" content=\"@bellunopress\" \/>\n<meta name=\"twitter:label1\" content=\"\u00c9crit par\" \/>\n\t<meta name=\"twitter:data1\" content=\"redazione\" \/>\n\t<meta name=\"twitter:label2\" content=\"Dur\u00e9e de lecture estim\u00e9e\" \/>\n\t<meta name=\"twitter:data2\" content=\"2 minutes\" \/>\n<script type=\"application\/ld+json\" class=\"yoast-schema-graph\">{\"@context\":\"https:\\\/\\\/schema.org\",\"@graph\":[{\"@type\":\"Article\",\"@id\":\"https:\\\/\\\/www.bellunopress.it\\\/2026\\\/07\\\/29\\\/numerosi-interventi-martedi-in-montagna\\\/#article\",\"isPartOf\":{\"@id\":\"https:\\\/\\\/www.bellunopress.it\\\/2026\\\/07\\\/29\\\/numerosi-interventi-martedi-in-montagna\\\/\"},\"author\":{\"name\":\"redazione\",\"@id\":\"https:\\\/\\\/www.bellunopress.it\\\/#\\\/schema\\\/person\\\/79bb06722b37ece1c03d3e94beb30d73\"},\"headline\":\"Numerosi interventi marted\u00ec in montagna\",\"datePublished\":\"2026-07-29T05:16:21+00:00\",\"mainEntityOfPage\":{\"@id\":\"https:\\\/\\\/www.bellunopress.it\\\/2026\\\/07\\\/29\\\/numerosi-interventi-martedi-in-montagna\\\/\"},\"wordCount\":303,\"publisher\":{\"@id\":\"https:\\\/\\\/www.bellunopress.it\\\/#organization\"},\"image\":{\"@id\":\"https:\\\/\\\/www.bellunopress.it\\\/2026\\\/07\\\/29\\\/numerosi-interventi-martedi-in-montagna\\\/#primaryimage\"},\"thumbnailUrl\":\"https:\\\/\\\/www.bellunopress.it\\\/wp-content\\\/uploads\\\/2026\\\/05\\\/soccorso-118.jpg\",\"articleSection\":[\"Cronaca\\\/Politica\"],\"inLanguage\":\"fr-FR\"},{\"@type\":\"WebPage\",\"@id\":\"https:\\\/\\\/www.bellunopress.it\\\/2026\\\/07\\\/29\\\/numerosi-interventi-martedi-in-montagna\\\/\",\"url\":\"https:\\\/\\\/www.bellunopress.it\\\/2026\\\/07\\\/29\\\/numerosi-interventi-martedi-in-montagna\\\/\",\"name\":\"Numerosi interventi marted\u00ec in montagna - Bellunopress - Dolomiti\",\"isPartOf\":{\"@id\":\"https:\\\/\\\/www.bellunopress.it\\\/#website\"},\"primaryImageOfPage\":{\"@id\":\"https:\\\/\\\/www.bellunopress.it\\\/2026\\\/07\\\/29\\\/numerosi-interventi-martedi-in-montagna\\\/#primaryimage\"},\"image\":{\"@id\":\"https:\\\/\\\/www.bellunopress.it\\\/2026\\\/07\\\/29\\\/numerosi-interventi-martedi-in-montagna\\\/#primaryimage\"},\"thumbnailUrl\":\"https:\\\/\\\/www.bellunopress.it\\\/wp-content\\\/uploads\\\/2026\\\/05\\\/soccorso-118.jpg\",\"datePublished\":\"2026-07-29T05:16:21+00:00\",\"breadcrumb\":{\"@id\":\"https:\\\/\\\/www.bellunopress.it\\\/2026\\\/07\\\/29\\\/numerosi-interventi-martedi-in-montagna\\\/#breadcrumb\"},\"inLanguage\":\"fr-FR\",\"potentialAction\":[{\"@type\":\"ReadAction\",\"target\":[\"https:\\\/\\\/www.bellunopress.it\\\/2026\\\/07\\\/29\\\/numerosi-interventi-martedi-in-montagna\\\/\"]}]},{\"@type\":\"ImageObject\",\"inLanguage\":\"fr-FR\",\"@id\":\"https:\\\/\\\/www.bellunopress.it\\\/2026\\\/07\\\/29\\\/numerosi-interventi-martedi-in-montagna\\\/#primaryimage\",\"url\":\"https:\\\/\\\/www.bellunopress.it\\\/wp-content\\\/uploads\\\/2026\\\/05\\\/soccorso-118.jpg\",\"contentUrl\":\"https:\\\/\\\/www.bellunopress.it\\\/wp-content\\\/uploads\\\/2026\\\/05\\\/soccorso-118.jpg\",\"width\":600,\"height\":269},{\"@type\":\"BreadcrumbList\",\"@id\":\"https:\\\/\\\/www.bellunopress.it\\\/2026\\\/07\\\/29\\\/numerosi-interventi-martedi-in-montagna\\\/#breadcrumb\",\"itemListElement\":[{\"@type\":\"ListItem\",\"position\":1,\"name\":\"Home\",\"item\":\"https:\\\/\\\/www.bellunopress.it\\\/\"},{\"@type\":\"ListItem\",\"position\":2,\"name\":\"Numerosi interventi marted\u00ec in montagna\"}]},{\"@type\":\"WebSite\",\"@id\":\"https:\\\/\\\/www.bellunopress.it\\\/#website\",\"url\":\"https:\\\/\\\/www.bellunopress.it\\\/\",\"name\":\"Bellunopress - Dolomiti\",\"description\":\"e-mail: redazione@bellunopress.it\",\"publisher\":{\"@id\":\"https:\\\/\\\/www.bellunopress.it\\\/#organization\"},\"potentialAction\":[{\"@type\":\"SearchAction\",\"target\":{\"@type\":\"EntryPoint\",\"urlTemplate\":\"https:\\\/\\\/www.bellunopress.it\\\/?s={search_term_string}\"},\"query-input\":{\"@type\":\"PropertyValueSpecification\",\"valueRequired\":true,\"valueName\":\"search_term_string\"}}],\"inLanguage\":\"fr-FR\"},{\"@type\":\"Organization\",\"@id\":\"https:\\\/\\\/www.bellunopress.it\\\/#organization\",\"name\":\"Bellunopress\",\"url\":\"https:\\\/\\\/www.bellunopress.it\\\/\",\"logo\":{\"@type\":\"ImageObject\",\"inLanguage\":\"fr-FR\",\"@id\":\"https:\\\/\\\/www.bellunopress.it\\\/#\\\/schema\\\/logo\\\/image\\\/\",\"url\":\"https:\\\/\\\/www.bellunopress.it\\\/wp-content\\\/uploads\\\/2011\\\/05\\\/cropped-logo-bellunopress-.jpg\",\"contentUrl\":\"https:\\\/\\\/www.bellunopress.it\\\/wp-content\\\/uploads\\\/2011\\\/05\\\/cropped-logo-bellunopress-.jpg\",\"width\":512,\"height\":512,\"caption\":\"Bellunopress\"},\"image\":{\"@id\":\"https:\\\/\\\/www.bellunopress.it\\\/#\\\/schema\\\/logo\\\/image\\\/\"},\"sameAs\":[\"https:\\\/\\\/www.facebook.com\\\/profile.php?id=100008943462799\",\"https:\\\/\\\/x.com\\\/bellunopress\",\"https:\\\/\\\/www.linkedin.com\\\/hp\\\/?dnr=JBzUWaJfMUw8vbXJJ2tVW5-I3jZKvC4wsoxE&amp;amp;amp;amp;amp;amp;trk=nav_responsive_tab_home\",\"https:\\\/\\\/www.youtube.com\\\/channel\\\/UCxL0wu1uN0_3_7hGG0306cw\"]},{\"@type\":\"Person\",\"@id\":\"https:\\\/\\\/www.bellunopress.it\\\/#\\\/schema\\\/person\\\/79bb06722b37ece1c03d3e94beb30d73\",\"name\":\"redazione\",\"image\":{\"@type\":\"ImageObject\",\"inLanguage\":\"fr-FR\",\"@id\":\"https:\\\/\\\/secure.gravatar.com\\\/avatar\\\/37d968a2e67a6fd04c169c4bdef102d0bc5d31b2546345219e348575eb80e9a0?s=96&d=mm&r=g\",\"url\":\"https:\\\/\\\/secure.gravatar.com\\\/avatar\\\/37d968a2e67a6fd04c169c4bdef102d0bc5d31b2546345219e348575eb80e9a0?s=96&d=mm&r=g\",\"contentUrl\":\"https:\\\/\\\/secure.gravatar.com\\\/avatar\\\/37d968a2e67a6fd04c169c4bdef102d0bc5d31b2546345219e348575eb80e9a0?s=96&d=mm&r=g\",\"caption\":\"redazione\"},\"sameAs\":[\"http:\\\/\\\/www.bellunopress.it\",\"https:\\\/\\\/x.com\\\/bellunopress\"],\"url\":\"https:\\\/\\\/www.bellunopress.it\\\/fr\\\/author\\\/redazione\\\/\"}]}<\/script>\n<!-- \/ Yoast SEO plugin. -->","yoast_head_json":{"title":"Numerosi interventi marted\u00ec in montagna - Bellunopress - Dolomiti","robots":{"index":"index","follow":"follow","max-snippet":"max-snippet:-1","max-image-preview":"max-image-preview:large","max-video-preview":"max-video-preview:-1"},"canonical":"https:\/\/www.bellunopress.it\/fr\/2026\/07\/29\/numerosi-interventi-martedi-in-montagna\/","og_locale":"fr_FR","og_type":"article","og_title":"Numerosi interventi marted\u00ec in montagna - Bellunopress - Dolomiti","og_description":"Belluno, 28 &#8211; 07 &#8211; 2026\u00a0 \u00a0 \u00a0 Il Soccorso alpino di Auronzo ha ricevuto l&#8217;attivazione per un escursionista austriaco che si era procurato un trauma alla caviglia in cima al Monte Piana, non distante da Capanna Carducci. Il 24enne \u00e8 stato recuperato dai soccorritori della Guardia di finanza e trasportato al Passo Tre Croci [&hellip;]","og_url":"https:\/\/www.bellunopress.it\/fr\/2026\/07\/29\/numerosi-interventi-martedi-in-montagna\/","og_site_name":"Bellunopress - Dolomiti","article_publisher":"https:\/\/www.facebook.com\/profile.php?id=100008943462799","article_published_time":"2026-07-29T05:16:21+00:00","og_image":[{"width":600,"height":269,"url":"https:\/\/www.bellunopress.it\/wp-content\/uploads\/2026\/05\/soccorso-118.jpg","type":"image\/jpeg"}],"author":"redazione","twitter_card":"summary_large_image","twitter_creator":"@bellunopress","twitter_site":"@bellunopress","twitter_misc":{"\u00c9crit par":"redazione","Dur\u00e9e de lecture estim\u00e9e":"2 minutes"},"schema":{"@context":"https:\/\/schema.org","@graph":[{"@type":"Article","@id":"https:\/\/www.bellunopress.it\/2026\/07\/29\/numerosi-interventi-martedi-in-montagna\/#article","isPartOf":{"@id":"https:\/\/www.bellunopress.it\/2026\/07\/29\/numerosi-interventi-martedi-in-montagna\/"},"author":{"name":"redazione","@id":"https:\/\/www.bellunopress.it\/#\/schema\/person\/79bb06722b37ece1c03d3e94beb30d73"},"headline":"Numerosi interventi marted\u00ec in montagna","datePublished":"2026-07-29T05:16:21+00:00","mainEntityOfPage":{"@id":"https:\/\/www.bellunopress.it\/2026\/07\/29\/numerosi-interventi-martedi-in-montagna\/"},"wordCount":303,"publisher":{"@id":"https:\/\/www.bellunopress.it\/#organization"},"image":{"@id":"https:\/\/www.bellunopress.it\/2026\/07\/29\/numerosi-interventi-martedi-in-montagna\/#primaryimage"},"thumbnailUrl":"https:\/\/www.bellunopress.it\/wp-content\/uploads\/2026\/05\/soccorso-118.jpg","articleSection":["Cronaca\/Politica"],"inLanguage":"fr-FR"},{"@type":"WebPage","@id":"https:\/\/www.bellunopress.it\/2026\/07\/29\/numerosi-interventi-martedi-in-montagna\/","url":"https:\/\/www.bellunopress.it\/2026\/07\/29\/numerosi-interventi-martedi-in-montagna\/","name":"Numerosi interventi marted\u00ec in montagna - Bellunopress - Dolomiti","isPartOf":{"@id":"https:\/\/www.bellunopress.it\/#website"},"primaryImageOfPage":{"@id":"https:\/\/www.bellunopress.it\/2026\/07\/29\/numerosi-interventi-martedi-in-montagna\/#primaryimage"},"image":{"@id":"https:\/\/www.bellunopress.it\/2026\/07\/29\/numerosi-interventi-martedi-in-montagna\/#primaryimage"},"thumbnailUrl":"https:\/\/www.bellunopress.it\/wp-content\/uploads\/2026\/05\/soccorso-118.jpg","datePublished":"2026-07-29T05:16:21+00:00","breadcrumb":{"@id":"https:\/\/www.bellunopress.it\/2026\/07\/29\/numerosi-interventi-martedi-in-montagna\/#breadcrumb"},"inLanguage":"fr-FR","potentialAction":[{"@type":"ReadAction","target":["https:\/\/www.bellunopress.it\/2026\/07\/29\/numerosi-interventi-martedi-in-montagna\/"]}]},{"@type":"ImageObject","inLanguage":"fr-FR","@id":"https:\/\/www.bellunopress.it\/2026\/07\/29\/numerosi-interventi-martedi-in-montagna\/#primaryimage","url":"https:\/\/www.bellunopress.it\/wp-content\/uploads\/2026\/05\/soccorso-118.jpg","contentUrl":"https:\/\/www.bellunopress.it\/wp-content\/uploads\/2026\/05\/soccorso-118.jpg","width":600,"height":269},{"@type":"BreadcrumbList","@id":"https:\/\/www.bellunopress.it\/2026\/07\/29\/numerosi-interventi-martedi-in-montagna\/#breadcrumb","itemListElement":[{"@type":"ListItem","position":1,"name":"Home","item":"https:\/\/www.bellunopress.it\/"},{"@type":"ListItem","position":2,"name":"Numerosi interventi marted\u00ec in montagna"}]},{"@type":"WebSite","@id":"https:\/\/www.bellunopress.it\/#website","url":"https:\/\/www.bellunopress.it\/","name":"Bellunopress - Dolomiti","description":"e-mail: redazione@bellunopress.it","publisher":{"@id":"https:\/\/www.bellunopress.it\/#organization"},"potentialAction":[{"@type":"SearchAction","target":{"@type":"EntryPoint","urlTemplate":"https:\/\/www.bellunopress.it\/?s={search_term_string}"},"query-input":{"@type":"PropertyValueSpecification","valueRequired":true,"valueName":"search_term_string"}}],"inLanguage":"fr-FR"},{"@type":"Organization","@id":"https:\/\/www.bellunopress.it\/#organization","name":"Bellunopress","url":"https:\/\/www.bellunopress.it\/","logo":{"@type":"ImageObject","inLanguage":"fr-FR","@id":"https:\/\/www.bellunopress.it\/#\/schema\/logo\/image\/","url":"https:\/\/www.bellunopress.it\/wp-content\/uploads\/2011\/05\/cropped-logo-bellunopress-.jpg","contentUrl":"https:\/\/www.bellunopress.it\/wp-content\/uploads\/2011\/05\/cropped-logo-bellunopress-.jpg","width":512,"height":512,"caption":"Bellunopress"},"image":{"@id":"https:\/\/www.bellunopress.it\/#\/schema\/logo\/image\/"},"sameAs":["https:\/\/www.facebook.com\/profile.php?id=100008943462799","https:\/\/x.com\/bellunopress","https:\/\/www.linkedin.com\/hp\/?dnr=JBzUWaJfMUw8vbXJJ2tVW5-I3jZKvC4wsoxE&amp;amp;amp;amp;amp;amp;trk=nav_responsive_tab_home","https:\/\/www.youtube.com\/channel\/UCxL0wu1uN0_3_7hGG0306cw"]},{"@type":"Person","@id":"https:\/\/www.bellunopress.it\/#\/schema\/person\/79bb06722b37ece1c03d3e94beb30d73","name":"r\u00e9daction","image":{"@type":"ImageObject","inLanguage":"fr-FR","@id":"https:\/\/secure.gravatar.com\/avatar\/37d968a2e67a6fd04c169c4bdef102d0bc5d31b2546345219e348575eb80e9a0?s=96&d=mm&r=g","url":"https:\/\/secure.gravatar.com\/avatar\/37d968a2e67a6fd04c169c4bdef102d0bc5d31b2546345219e348575eb80e9a0?s=96&d=mm&r=g","contentUrl":"https:\/\/secure.gravatar.com\/avatar\/37d968a2e67a6fd04c169c4bdef102d0bc5d31b2546345219e348575eb80e9a0?s=96&d=mm&r=g","caption":"redazione"},"sameAs":["http:\/\/www.bellunopress.it","https:\/\/x.com\/bellunopress"],"url":"https:\/\/www.bellunopress.it\/fr\/author\/redazione\/"}]}},"_links":{"self":[{"href":"https:\/\/www.bellunopress.it\/fr\/wp-json\/wp\/v2\/posts\/172261","targetHints":{"allow":["GET"]}}],"collection":[{"href":"https:\/\/www.bellunopress.it\/fr\/wp-json\/wp\/v2\/posts"}],"about":[{"href":"https:\/\/www.bellunopress.it\/fr\/wp-json\/wp\/v2\/types\/post"}],"author":[{"embeddable":true,"href":"https:\/\/www.bellunopress.it\/fr\/wp-json\/wp\/v2\/users\/2"}],"replies":[{"embeddable":true,"href":"https:\/\/www.bellunopress.it\/fr\/wp-json\/wp\/v2\/comments?post=172261"}],"version-history":[{"count":1,"href":"https:\/\/www.bellunopress.it\/fr\/wp-json\/wp\/v2\/posts\/172261\/revisions"}],"predecessor-version":[{"id":172262,"href":"https:\/\/www.bellunopress.it\/fr\/wp-json\/wp\/v2\/posts\/172261\/revisions\/172262"}],"wp:featuredmedia":[{"embeddable":true,"href":"https:\/\/www.bellunopress.it\/fr\/wp-json\/wp\/v2\/media\/170567"}],"wp:attachment":[{"href":"https:\/\/www.bellunopress.it\/fr\/wp-json\/wp\/v2\/media?parent=172261"}],"wp:term":[{"taxonomy":"category","embeddable":true,"href":"https:\/\/www.bellunopress.it\/fr\/wp-json\/wp\/v2\/categories?post=172261"},{"taxonomy":"post_tag","embeddable":true,"href":"https:\/\/www.bellunopress.it\/fr\/wp-json\/wp\/v2\/tags?post=172261"}],"curies":[{"name":"wp","href":"https:\/\/api.w.org\/{rel}","templated":true}]}}