{"id":172245,"date":"2026-07-28T10:49:06","date_gmt":"2026-07-28T08:49:06","guid":{"rendered":"https:\/\/www.bellunopress.it\/?p=172245"},"modified":"2026-07-28T10:49:06","modified_gmt":"2026-07-28T08:49:06","slug":"la-veronese-azzurra-vittoria-raule-incoronata-a-ponte-nelle-alpi-sara-in-semifinale-miss-mondo-italia-2027","status":"publish","type":"post","link":"https:\/\/www.bellunopress.it\/fr\/2026\/07\/28\/la-veronese-azzurra-vittoria-raule-incoronata-a-ponte-nelle-alpi-sara-in-semifinale-miss-mondo-italia-2027\/","title":{"rendered":"La veronese Azzurra Vittoria Raule incoronata a Ponte nelle Alpi, sar\u00e0 in semifinale Miss Mondo Italia 2027"},"content":{"rendered":"<p><strong>Selezione Provinciale Veneta di Miss Mondo Italia 2027. Tra le fasce di Miss assegnate anche la bellunese Beatrice Collarin di Piaia<\/strong><\/p>\n<p>Ponte nelle Alpi, 28\/07\/2026 &#8211; Ancora una volta il territorio delle Dolomiti si \u00e8 prestato ad essere palcoscenico ideale dei grandi eventi.<br \/>\nLo stadio di Polpet sabato scorso ha ospitato la Selezione provinciale veneta di Miss Mondo Italia edizione 2027, una serata all\u2019insegna della bellezza, femminilit\u00e0, motori e spettacolo.<br \/>\nUn evento voluto dall\u2019Amministrazione Comunale con l\u2019intento di promuovere il territorio pontalpino, e i valori condivisi di due mondi apparentemente lontani ma in fondo cos\u00ec vicini, come il mondo dei motori e quello della moda e spettacolo; infatti disciplina, impegno e rispetto sono fondamentali per ottenere risultati significativi e rappresentano valori da trasmettere alle nuove generazioni.<\/p>\n<p><strong>Lo spettacolo<\/strong><br \/>\nLa serata, condotta con carisma dall\u2019attore Matteo Tosi e dalla copresentatrice Anna Lazzaretti, Miss Mondo Veneto 2026, si \u00e8 aperta con il balletto delle finaliste regionali, sigla di Miss Mondo Veneto 2027, grazie alla coreografia di Davide Martinello.<br \/>\nLe aspiranti miss hanno affrontato la giuria in tre momenti distinti:<br \/>\n\u2022 Prima uscita: in passerella indossando le capsule collection by Antonella Agency<br \/>\n\u2022 Seconda uscita: con i costumi da bagno dell\u2019azienda partner Fabifernandes e gli occhiali di Ottica Zoldan,<br \/>\n\u2022 Terza uscita: in dress code elegante.<\/p>\n<p><strong>Intrattenimento<\/strong><br \/>\nAd arricchire l&#8217;evento, diversi momenti di grande spessore artistico:<br \/>\nAccanto alla passerella delle aspiranti miss, c\u2019erano le rampe, perch\u00e9 durante i cambi tra una sfilata e l\u2019altra, lo stadio Umberto Orzes della frazione di Polpet, si \u00e8 trasformato in una pista di free-style motocross con le due esibizioni adrenaliniche della scuderia di Matteo Botteon, noto campione Fmx rider bellunese, nonch\u00e9 Guinness world record per il numero di pose da \u201cSuperman\u201d (15) eseguite con il suo team in un minuto.<br \/>\nBalletto tributo al Moulin Rouge ideato dal direttore artistico Davide Martinello, con il supporto delle testimonial di Miss Mondo 2026 Anna Lazzaretti, Anna Mariotta, della semifinalista nazionale 2027 Giovanna Zuanazzi e delle finaliste regionali 2027.<\/p>\n<figure id=\"attachment_172246\" aria-describedby=\"caption-attachment-172246\" style=\"width: 399px\" class=\"wp-caption aligncenter\"><img loading=\"lazy\" decoding=\"async\" class=\"size-full wp-image-172246\" src=\"https:\/\/www.bellunopress.it\/wp-content\/uploads\/2026\/07\/Antonella-Marcon-con-Azzurra-Vittoria-Raule-vincitrice.jpeg\" alt=\"\" width=\"399\" height=\"500\" srcset=\"https:\/\/www.bellunopress.it\/wp-content\/uploads\/2026\/07\/Antonella-Marcon-con-Azzurra-Vittoria-Raule-vincitrice.jpeg 399w, https:\/\/www.bellunopress.it\/wp-content\/uploads\/2026\/07\/Antonella-Marcon-con-Azzurra-Vittoria-Raule-vincitrice-335x420.jpeg 335w, https:\/\/www.bellunopress.it\/wp-content\/uploads\/2026\/07\/Antonella-Marcon-con-Azzurra-Vittoria-Raule-vincitrice-150x188.jpeg 150w, https:\/\/www.bellunopress.it\/wp-content\/uploads\/2026\/07\/Antonella-Marcon-con-Azzurra-Vittoria-Raule-vincitrice-300x376.jpeg 300w\" sizes=\"auto, (max-width: 399px) 100vw, 399px\" \/><figcaption id=\"caption-attachment-172246\" class=\"wp-caption-text\">Antonella Marcon con Azzurra Vittoria Raule, vincitrice della selezione di Ponte nelle Alpi<\/figcaption><\/figure>\n<p><strong>Il verdetto<\/strong><br \/>\nIl titolo di Semifinalista nazionale 2027 \u00e8 stato assegnato ad Azzurra Vittoria Raule di Verona. Con la corona e lo scettro Azzurra conquista ufficialmente il pass per la semifinale nazionale di Gallipoli (LE), in programma a giugno 2027, dove rappresenter\u00e0 la bellezza veneta nella sfida per il titolo nazionale.<\/p>\n<p>&nbsp;<\/p>\n<p><strong><img loading=\"lazy\" decoding=\"async\" class=\"aligncenter size-full wp-image-172247\" src=\"https:\/\/www.bellunopress.it\/wp-content\/uploads\/2026\/07\/MIss-Mondo-Ponte-n-Alpi.jpeg\" alt=\"\" width=\"598\" height=\"361\" srcset=\"https:\/\/www.bellunopress.it\/wp-content\/uploads\/2026\/07\/MIss-Mondo-Ponte-n-Alpi.jpeg 598w, https:\/\/www.bellunopress.it\/wp-content\/uploads\/2026\/07\/MIss-Mondo-Ponte-n-Alpi-500x302.jpeg 500w, https:\/\/www.bellunopress.it\/wp-content\/uploads\/2026\/07\/MIss-Mondo-Ponte-n-Alpi-150x91.jpeg 150w, https:\/\/www.bellunopress.it\/wp-content\/uploads\/2026\/07\/MIss-Mondo-Ponte-n-Alpi-300x181.jpeg 300w\" sizes=\"auto, (max-width: 598px) 100vw, 598px\" \/>Le altre vincitrici della Selezione di Ponte nelle Alpi<\/strong><\/p>\n<p>Accesso alla finale regionale per:<br \/>\n2^ Classificata \u2013 FINALISTA REGIONALE: Francesca De Marchi, di Massanzago (PD)<br \/>\n3^ Classificata \u2013 MISS GIL CAGNE\u2019: Amelia Polescicov, di Spinea (VE)<br \/>\n4^ Classificata \u2013 MISS CAROLI HOTELS: Jasmine Voltan, di Piove di Sacco (PD)<br \/>\nPremiazione speciale \u2013 MISS DEL WEB by AGRICOLA \u2013 Anastasia Albarello, di Masi (PD), Premiazione speciale \u2013 MISS PONTE NELLE ALPI \u2013 Tasha Marchioro, di Badia Polesine (RO),<br \/>\n(grazie alla votazione web),<\/p>\n<p>Altre fasce assegnate:<br \/>\nPremiazione speciale \u2013 MISS JUSTE RIDE FM-MOTOCROSS \u2013 Matilde Capra, di Roncade (TV),<br \/>\nPremiazione speciale \u2013 MISS OTTICA ZOLDAN, Colognato Giulia, di Colognola ai Colli (VR).<br \/>\nPremiazione speciale \u2013 MISS DEA DEL LAGO, Jennifer Traverso, di Sovizzo (VI),<br \/>\nPremiazione speciale \u2013 MISS VALERISPORT, Serena Mainenti, di Sant\u2019Anna D\u2019Alfaedo (VR),<br \/>\nPremiazione speciale \u2013 MISS LOGICARE, Asia Bauce, di Arzignano (VI),<br \/>\nPremiazione speciale \u2013 MISS CALDART, Beatrice Collarin, di Piaia (BL),<br \/>\nPremiazione speciale \u2013 MISS DECA DESIGN, Sofia Polato di Valeggio sul Mincio (VR).<\/p>\n<p>Antonella Marcon, organizzatrice dell&#8217;evento, rivolge un sentito ringraziamento ai presentatori Matteo Tosi e Anna Lazzaretti, alla testimonial di Miss Mondo Veneto 2026 Anna Mariotto, alla semifinalista nazionale 2027 Giovanna Zuanazzi, alla giuria, al coreografo Davide Martinello, al regista Aligi Santinello e a tutti i numerosi ospiti. Un grazie va inoltre al fotografo e videomaker Denis Jaxl, al team tecnico, al service audio.<br \/>\nUn doveroso ringraziamento alle aziende sponsor che hanno contribuito alla riuscita dell\u2019evento, all\u2019Amministrazione Comunale di Ponte nelle Alpi in particolare all\u2019assessore Mariangela Sommacal e al campione Fmx rider Matteo Botteon per la preziosa collaborazione.<\/p>\n<p>Segui tutte le selezioni di Miss Mondo Veneto con Antonella!<br \/>\nLink utili: www.missmondo.it | www.accademiamodaspettacolo.it<br \/>\nSocial: Cercaci su Facebook e Instagram come Antonella Agency e Miss Mondo Veneto.<br \/>\nVuoi partecipare? Se hai un&#8217;et\u00e0 compresa tra i 16 e i 26 anni, iscriviti alle selezioni provinciali del Veneto compilando il form su missmondo.it.<br \/>\nAlla prossima selezione provinciale veneta del 02 agosto alla Bahia del Sole di Sottomarina (VE) la prossima MISS potresti essere tu!<\/p>","protected":false},"excerpt":{"rendered":"<p>Selezione Provinciale Veneta di Miss Mondo Italia 2027. Tra le fasce di Miss assegnate anche la bellunese Beatrice Collarin di Piaia Ponte nelle Alpi, 28\/07\/2026 &#8211; Ancora una volta il territorio delle Dolomiti si \u00e8 prestato ad essere palcoscenico ideale dei grandi eventi. Lo stadio di Polpet sabato scorso ha ospitato la Selezione provinciale veneta [&hellip;]<\/p>\n","protected":false},"author":2,"featured_media":172248,"comment_status":"closed","ping_status":"open","sticky":false,"template":"","format":"standard","meta":{"footnotes":""},"categories":[3,26],"tags":[],"class_list":["post-172245","post","type-post","status-publish","format-standard","has-post-thumbnail","category-arte-cultura-spettacoli-scienza-archivi","category-prima-pagina"],"yoast_head":"<!-- This site is optimized with the Yoast SEO plugin v28.4 - https:\/\/yoast.com\/product\/yoast-seo-wordpress\/ -->\n<title>La veronese Azzurra Vittoria Raule incoronata a Ponte nelle Alpi, sar\u00e0 in semifinale Miss Mondo Italia 2027 - Bellunopress - Dolomiti<\/title>\n<meta name=\"robots\" content=\"index, follow, max-snippet:-1, max-image-preview:large, max-video-preview:-1\" \/>\n<link rel=\"canonical\" href=\"https:\/\/www.bellunopress.it\/fr\/2026\/07\/28\/la-veronese-azzurra-vittoria-raule-incoronata-a-ponte-nelle-alpi-sara-in-semifinale-miss-mondo-italia-2027\/\" \/>\n<meta property=\"og:locale\" content=\"fr_FR\" \/>\n<meta property=\"og:type\" content=\"article\" \/>\n<meta property=\"og:title\" content=\"La veronese Azzurra Vittoria Raule incoronata a Ponte nelle Alpi, sar\u00e0 in semifinale Miss Mondo Italia 2027 - Bellunopress - Dolomiti\" \/>\n<meta property=\"og:description\" content=\"Selezione Provinciale Veneta di Miss Mondo Italia 2027. Tra le fasce di Miss assegnate anche la bellunese Beatrice Collarin di Piaia Ponte nelle Alpi, 28\/07\/2026 &#8211; Ancora una volta il territorio delle Dolomiti si \u00e8 prestato ad essere palcoscenico ideale dei grandi eventi. Lo stadio di Polpet sabato scorso ha ospitato la Selezione provinciale veneta [&hellip;]\" \/>\n<meta property=\"og:url\" content=\"https:\/\/www.bellunopress.it\/fr\/2026\/07\/28\/la-veronese-azzurra-vittoria-raule-incoronata-a-ponte-nelle-alpi-sara-in-semifinale-miss-mondo-italia-2027\/\" \/>\n<meta property=\"og:site_name\" content=\"Bellunopress - Dolomiti\" \/>\n<meta property=\"article:publisher\" content=\"https:\/\/www.facebook.com\/profile.php?id=100008943462799\" \/>\n<meta property=\"article:published_time\" content=\"2026-07-28T08:49:06+00:00\" \/>\n<meta property=\"og:image\" content=\"https:\/\/www.bellunopress.it\/wp-content\/uploads\/2026\/07\/Miss-Mondo-Ponte-nelle-Alpi.jpeg\" \/>\n\t<meta property=\"og:image:width\" content=\"583\" \/>\n\t<meta property=\"og:image:height\" content=\"394\" \/>\n\t<meta property=\"og:image:type\" content=\"image\/jpeg\" \/>\n<meta name=\"author\" content=\"redazione\" \/>\n<meta name=\"twitter:card\" content=\"summary_large_image\" \/>\n<meta name=\"twitter:creator\" content=\"@bellunopress\" \/>\n<meta name=\"twitter:site\" content=\"@bellunopress\" \/>\n<meta name=\"twitter:label1\" content=\"\u00c9crit par\" \/>\n\t<meta name=\"twitter:data1\" content=\"redazione\" \/>\n\t<meta name=\"twitter:label2\" content=\"Dur\u00e9e de lecture estim\u00e9e\" \/>\n\t<meta name=\"twitter:data2\" content=\"5 minutes\" \/>\n<script type=\"application\/ld+json\" class=\"yoast-schema-graph\">{\"@context\":\"https:\\\/\\\/schema.org\",\"@graph\":[{\"@type\":\"Article\",\"@id\":\"https:\\\/\\\/www.bellunopress.it\\\/2026\\\/07\\\/28\\\/la-veronese-azzurra-vittoria-raule-incoronata-a-ponte-nelle-alpi-sara-in-semifinale-miss-mondo-italia-2027\\\/#article\",\"isPartOf\":{\"@id\":\"https:\\\/\\\/www.bellunopress.it\\\/2026\\\/07\\\/28\\\/la-veronese-azzurra-vittoria-raule-incoronata-a-ponte-nelle-alpi-sara-in-semifinale-miss-mondo-italia-2027\\\/\"},\"author\":{\"name\":\"redazione\",\"@id\":\"https:\\\/\\\/www.bellunopress.it\\\/#\\\/schema\\\/person\\\/79bb06722b37ece1c03d3e94beb30d73\"},\"headline\":\"La veronese Azzurra Vittoria Raule incoronata a Ponte nelle Alpi, sar\u00e0 in semifinale Miss Mondo Italia 2027\",\"datePublished\":\"2026-07-28T08:49:06+00:00\",\"mainEntityOfPage\":{\"@id\":\"https:\\\/\\\/www.bellunopress.it\\\/2026\\\/07\\\/28\\\/la-veronese-azzurra-vittoria-raule-incoronata-a-ponte-nelle-alpi-sara-in-semifinale-miss-mondo-italia-2027\\\/\"},\"wordCount\":729,\"publisher\":{\"@id\":\"https:\\\/\\\/www.bellunopress.it\\\/#organization\"},\"image\":{\"@id\":\"https:\\\/\\\/www.bellunopress.it\\\/2026\\\/07\\\/28\\\/la-veronese-azzurra-vittoria-raule-incoronata-a-ponte-nelle-alpi-sara-in-semifinale-miss-mondo-italia-2027\\\/#primaryimage\"},\"thumbnailUrl\":\"https:\\\/\\\/www.bellunopress.it\\\/wp-content\\\/uploads\\\/2026\\\/07\\\/Miss-Mondo-Ponte-nelle-Alpi.jpeg\",\"articleSection\":[\"Arte, Cultura, Spettacoli, Scienza\",\"Prima Pagina\"],\"inLanguage\":\"fr-FR\"},{\"@type\":\"WebPage\",\"@id\":\"https:\\\/\\\/www.bellunopress.it\\\/2026\\\/07\\\/28\\\/la-veronese-azzurra-vittoria-raule-incoronata-a-ponte-nelle-alpi-sara-in-semifinale-miss-mondo-italia-2027\\\/\",\"url\":\"https:\\\/\\\/www.bellunopress.it\\\/2026\\\/07\\\/28\\\/la-veronese-azzurra-vittoria-raule-incoronata-a-ponte-nelle-alpi-sara-in-semifinale-miss-mondo-italia-2027\\\/\",\"name\":\"La veronese Azzurra Vittoria Raule incoronata a Ponte nelle Alpi, sar\u00e0 in semifinale Miss Mondo Italia 2027 - Bellunopress - Dolomiti\",\"isPartOf\":{\"@id\":\"https:\\\/\\\/www.bellunopress.it\\\/#website\"},\"primaryImageOfPage\":{\"@id\":\"https:\\\/\\\/www.bellunopress.it\\\/2026\\\/07\\\/28\\\/la-veronese-azzurra-vittoria-raule-incoronata-a-ponte-nelle-alpi-sara-in-semifinale-miss-mondo-italia-2027\\\/#primaryimage\"},\"image\":{\"@id\":\"https:\\\/\\\/www.bellunopress.it\\\/2026\\\/07\\\/28\\\/la-veronese-azzurra-vittoria-raule-incoronata-a-ponte-nelle-alpi-sara-in-semifinale-miss-mondo-italia-2027\\\/#primaryimage\"},\"thumbnailUrl\":\"https:\\\/\\\/www.bellunopress.it\\\/wp-content\\\/uploads\\\/2026\\\/07\\\/Miss-Mondo-Ponte-nelle-Alpi.jpeg\",\"datePublished\":\"2026-07-28T08:49:06+00:00\",\"breadcrumb\":{\"@id\":\"https:\\\/\\\/www.bellunopress.it\\\/2026\\\/07\\\/28\\\/la-veronese-azzurra-vittoria-raule-incoronata-a-ponte-nelle-alpi-sara-in-semifinale-miss-mondo-italia-2027\\\/#breadcrumb\"},\"inLanguage\":\"fr-FR\",\"potentialAction\":[{\"@type\":\"ReadAction\",\"target\":[\"https:\\\/\\\/www.bellunopress.it\\\/2026\\\/07\\\/28\\\/la-veronese-azzurra-vittoria-raule-incoronata-a-ponte-nelle-alpi-sara-in-semifinale-miss-mondo-italia-2027\\\/\"]}]},{\"@type\":\"ImageObject\",\"inLanguage\":\"fr-FR\",\"@id\":\"https:\\\/\\\/www.bellunopress.it\\\/2026\\\/07\\\/28\\\/la-veronese-azzurra-vittoria-raule-incoronata-a-ponte-nelle-alpi-sara-in-semifinale-miss-mondo-italia-2027\\\/#primaryimage\",\"url\":\"https:\\\/\\\/www.bellunopress.it\\\/wp-content\\\/uploads\\\/2026\\\/07\\\/Miss-Mondo-Ponte-nelle-Alpi.jpeg\",\"contentUrl\":\"https:\\\/\\\/www.bellunopress.it\\\/wp-content\\\/uploads\\\/2026\\\/07\\\/Miss-Mondo-Ponte-nelle-Alpi.jpeg\",\"width\":583,\"height\":394},{\"@type\":\"BreadcrumbList\",\"@id\":\"https:\\\/\\\/www.bellunopress.it\\\/2026\\\/07\\\/28\\\/la-veronese-azzurra-vittoria-raule-incoronata-a-ponte-nelle-alpi-sara-in-semifinale-miss-mondo-italia-2027\\\/#breadcrumb\",\"itemListElement\":[{\"@type\":\"ListItem\",\"position\":1,\"name\":\"Home\",\"item\":\"https:\\\/\\\/www.bellunopress.it\\\/\"},{\"@type\":\"ListItem\",\"position\":2,\"name\":\"La veronese Azzurra Vittoria Raule incoronata a Ponte nelle Alpi, sar\u00e0 in semifinale Miss Mondo Italia 2027\"}]},{\"@type\":\"WebSite\",\"@id\":\"https:\\\/\\\/www.bellunopress.it\\\/#website\",\"url\":\"https:\\\/\\\/www.bellunopress.it\\\/\",\"name\":\"Bellunopress - Dolomiti\",\"description\":\"e-mail: redazione@bellunopress.it\",\"publisher\":{\"@id\":\"https:\\\/\\\/www.bellunopress.it\\\/#organization\"},\"potentialAction\":[{\"@type\":\"SearchAction\",\"target\":{\"@type\":\"EntryPoint\",\"urlTemplate\":\"https:\\\/\\\/www.bellunopress.it\\\/?s={search_term_string}\"},\"query-input\":{\"@type\":\"PropertyValueSpecification\",\"valueRequired\":true,\"valueName\":\"search_term_string\"}}],\"inLanguage\":\"fr-FR\"},{\"@type\":\"Organization\",\"@id\":\"https:\\\/\\\/www.bellunopress.it\\\/#organization\",\"name\":\"Bellunopress\",\"url\":\"https:\\\/\\\/www.bellunopress.it\\\/\",\"logo\":{\"@type\":\"ImageObject\",\"inLanguage\":\"fr-FR\",\"@id\":\"https:\\\/\\\/www.bellunopress.it\\\/#\\\/schema\\\/logo\\\/image\\\/\",\"url\":\"https:\\\/\\\/www.bellunopress.it\\\/wp-content\\\/uploads\\\/2011\\\/05\\\/cropped-logo-bellunopress-.jpg\",\"contentUrl\":\"https:\\\/\\\/www.bellunopress.it\\\/wp-content\\\/uploads\\\/2011\\\/05\\\/cropped-logo-bellunopress-.jpg\",\"width\":512,\"height\":512,\"caption\":\"Bellunopress\"},\"image\":{\"@id\":\"https:\\\/\\\/www.bellunopress.it\\\/#\\\/schema\\\/logo\\\/image\\\/\"},\"sameAs\":[\"https:\\\/\\\/www.facebook.com\\\/profile.php?id=100008943462799\",\"https:\\\/\\\/x.com\\\/bellunopress\",\"https:\\\/\\\/www.linkedin.com\\\/hp\\\/?dnr=JBzUWaJfMUw8vbXJJ2tVW5-I3jZKvC4wsoxE&amp;amp;amp;amp;amp;amp;trk=nav_responsive_tab_home\",\"https:\\\/\\\/www.youtube.com\\\/channel\\\/UCxL0wu1uN0_3_7hGG0306cw\"]},{\"@type\":\"Person\",\"@id\":\"https:\\\/\\\/www.bellunopress.it\\\/#\\\/schema\\\/person\\\/79bb06722b37ece1c03d3e94beb30d73\",\"name\":\"redazione\",\"image\":{\"@type\":\"ImageObject\",\"inLanguage\":\"fr-FR\",\"@id\":\"https:\\\/\\\/secure.gravatar.com\\\/avatar\\\/37d968a2e67a6fd04c169c4bdef102d0bc5d31b2546345219e348575eb80e9a0?s=96&d=mm&r=g\",\"url\":\"https:\\\/\\\/secure.gravatar.com\\\/avatar\\\/37d968a2e67a6fd04c169c4bdef102d0bc5d31b2546345219e348575eb80e9a0?s=96&d=mm&r=g\",\"contentUrl\":\"https:\\\/\\\/secure.gravatar.com\\\/avatar\\\/37d968a2e67a6fd04c169c4bdef102d0bc5d31b2546345219e348575eb80e9a0?s=96&d=mm&r=g\",\"caption\":\"redazione\"},\"sameAs\":[\"http:\\\/\\\/www.bellunopress.it\",\"https:\\\/\\\/x.com\\\/bellunopress\"],\"url\":\"https:\\\/\\\/www.bellunopress.it\\\/fr\\\/author\\\/redazione\\\/\"}]}<\/script>\n<!-- \/ Yoast SEO plugin. -->","yoast_head_json":{"title":"La veronese Azzurra Vittoria Raule incoronata a Ponte nelle Alpi, sar\u00e0 in semifinale Miss Mondo Italia 2027 - Bellunopress - Dolomiti","robots":{"index":"index","follow":"follow","max-snippet":"max-snippet:-1","max-image-preview":"max-image-preview:large","max-video-preview":"max-video-preview:-1"},"canonical":"https:\/\/www.bellunopress.it\/fr\/2026\/07\/28\/la-veronese-azzurra-vittoria-raule-incoronata-a-ponte-nelle-alpi-sara-in-semifinale-miss-mondo-italia-2027\/","og_locale":"fr_FR","og_type":"article","og_title":"La veronese Azzurra Vittoria Raule incoronata a Ponte nelle Alpi, sar\u00e0 in semifinale Miss Mondo Italia 2027 - Bellunopress - Dolomiti","og_description":"Selezione Provinciale Veneta di Miss Mondo Italia 2027. Tra le fasce di Miss assegnate anche la bellunese Beatrice Collarin di Piaia Ponte nelle Alpi, 28\/07\/2026 &#8211; Ancora una volta il territorio delle Dolomiti si \u00e8 prestato ad essere palcoscenico ideale dei grandi eventi. Lo stadio di Polpet sabato scorso ha ospitato la Selezione provinciale veneta [&hellip;]","og_url":"https:\/\/www.bellunopress.it\/fr\/2026\/07\/28\/la-veronese-azzurra-vittoria-raule-incoronata-a-ponte-nelle-alpi-sara-in-semifinale-miss-mondo-italia-2027\/","og_site_name":"Bellunopress - Dolomiti","article_publisher":"https:\/\/www.facebook.com\/profile.php?id=100008943462799","article_published_time":"2026-07-28T08:49:06+00:00","og_image":[{"width":583,"height":394,"url":"https:\/\/www.bellunopress.it\/wp-content\/uploads\/2026\/07\/Miss-Mondo-Ponte-nelle-Alpi.jpeg","type":"image\/jpeg"}],"author":"redazione","twitter_card":"summary_large_image","twitter_creator":"@bellunopress","twitter_site":"@bellunopress","twitter_misc":{"\u00c9crit par":"redazione","Dur\u00e9e de lecture estim\u00e9e":"5 minutes"},"schema":{"@context":"https:\/\/schema.org","@graph":[{"@type":"Article","@id":"https:\/\/www.bellunopress.it\/2026\/07\/28\/la-veronese-azzurra-vittoria-raule-incoronata-a-ponte-nelle-alpi-sara-in-semifinale-miss-mondo-italia-2027\/#article","isPartOf":{"@id":"https:\/\/www.bellunopress.it\/2026\/07\/28\/la-veronese-azzurra-vittoria-raule-incoronata-a-ponte-nelle-alpi-sara-in-semifinale-miss-mondo-italia-2027\/"},"author":{"name":"redazione","@id":"https:\/\/www.bellunopress.it\/#\/schema\/person\/79bb06722b37ece1c03d3e94beb30d73"},"headline":"La veronese Azzurra Vittoria Raule incoronata a Ponte nelle Alpi, sar\u00e0 in semifinale Miss Mondo Italia 2027","datePublished":"2026-07-28T08:49:06+00:00","mainEntityOfPage":{"@id":"https:\/\/www.bellunopress.it\/2026\/07\/28\/la-veronese-azzurra-vittoria-raule-incoronata-a-ponte-nelle-alpi-sara-in-semifinale-miss-mondo-italia-2027\/"},"wordCount":729,"publisher":{"@id":"https:\/\/www.bellunopress.it\/#organization"},"image":{"@id":"https:\/\/www.bellunopress.it\/2026\/07\/28\/la-veronese-azzurra-vittoria-raule-incoronata-a-ponte-nelle-alpi-sara-in-semifinale-miss-mondo-italia-2027\/#primaryimage"},"thumbnailUrl":"https:\/\/www.bellunopress.it\/wp-content\/uploads\/2026\/07\/Miss-Mondo-Ponte-nelle-Alpi.jpeg","articleSection":["Arte, Cultura, Spettacoli, Scienza","Prima Pagina"],"inLanguage":"fr-FR"},{"@type":"WebPage","@id":"https:\/\/www.bellunopress.it\/2026\/07\/28\/la-veronese-azzurra-vittoria-raule-incoronata-a-ponte-nelle-alpi-sara-in-semifinale-miss-mondo-italia-2027\/","url":"https:\/\/www.bellunopress.it\/2026\/07\/28\/la-veronese-azzurra-vittoria-raule-incoronata-a-ponte-nelle-alpi-sara-in-semifinale-miss-mondo-italia-2027\/","name":"La veronese Azzurra Vittoria Raule incoronata a Ponte nelle Alpi, sar\u00e0 in semifinale Miss Mondo Italia 2027 - Bellunopress - Dolomiti","isPartOf":{"@id":"https:\/\/www.bellunopress.it\/#website"},"primaryImageOfPage":{"@id":"https:\/\/www.bellunopress.it\/2026\/07\/28\/la-veronese-azzurra-vittoria-raule-incoronata-a-ponte-nelle-alpi-sara-in-semifinale-miss-mondo-italia-2027\/#primaryimage"},"image":{"@id":"https:\/\/www.bellunopress.it\/2026\/07\/28\/la-veronese-azzurra-vittoria-raule-incoronata-a-ponte-nelle-alpi-sara-in-semifinale-miss-mondo-italia-2027\/#primaryimage"},"thumbnailUrl":"https:\/\/www.bellunopress.it\/wp-content\/uploads\/2026\/07\/Miss-Mondo-Ponte-nelle-Alpi.jpeg","datePublished":"2026-07-28T08:49:06+00:00","breadcrumb":{"@id":"https:\/\/www.bellunopress.it\/2026\/07\/28\/la-veronese-azzurra-vittoria-raule-incoronata-a-ponte-nelle-alpi-sara-in-semifinale-miss-mondo-italia-2027\/#breadcrumb"},"inLanguage":"fr-FR","potentialAction":[{"@type":"ReadAction","target":["https:\/\/www.bellunopress.it\/2026\/07\/28\/la-veronese-azzurra-vittoria-raule-incoronata-a-ponte-nelle-alpi-sara-in-semifinale-miss-mondo-italia-2027\/"]}]},{"@type":"ImageObject","inLanguage":"fr-FR","@id":"https:\/\/www.bellunopress.it\/2026\/07\/28\/la-veronese-azzurra-vittoria-raule-incoronata-a-ponte-nelle-alpi-sara-in-semifinale-miss-mondo-italia-2027\/#primaryimage","url":"https:\/\/www.bellunopress.it\/wp-content\/uploads\/2026\/07\/Miss-Mondo-Ponte-nelle-Alpi.jpeg","contentUrl":"https:\/\/www.bellunopress.it\/wp-content\/uploads\/2026\/07\/Miss-Mondo-Ponte-nelle-Alpi.jpeg","width":583,"height":394},{"@type":"BreadcrumbList","@id":"https:\/\/www.bellunopress.it\/2026\/07\/28\/la-veronese-azzurra-vittoria-raule-incoronata-a-ponte-nelle-alpi-sara-in-semifinale-miss-mondo-italia-2027\/#breadcrumb","itemListElement":[{"@type":"ListItem","position":1,"name":"Home","item":"https:\/\/www.bellunopress.it\/"},{"@type":"ListItem","position":2,"name":"La veronese Azzurra Vittoria Raule incoronata a Ponte nelle Alpi, sar\u00e0 in semifinale Miss Mondo Italia 2027"}]},{"@type":"WebSite","@id":"https:\/\/www.bellunopress.it\/#website","url":"https:\/\/www.bellunopress.it\/","name":"Bellunopress - Dolomiti","description":"e-mail: redazione@bellunopress.it","publisher":{"@id":"https:\/\/www.bellunopress.it\/#organization"},"potentialAction":[{"@type":"SearchAction","target":{"@type":"EntryPoint","urlTemplate":"https:\/\/www.bellunopress.it\/?s={search_term_string}"},"query-input":{"@type":"PropertyValueSpecification","valueRequired":true,"valueName":"search_term_string"}}],"inLanguage":"fr-FR"},{"@type":"Organization","@id":"https:\/\/www.bellunopress.it\/#organization","name":"Bellunopress","url":"https:\/\/www.bellunopress.it\/","logo":{"@type":"ImageObject","inLanguage":"fr-FR","@id":"https:\/\/www.bellunopress.it\/#\/schema\/logo\/image\/","url":"https:\/\/www.bellunopress.it\/wp-content\/uploads\/2011\/05\/cropped-logo-bellunopress-.jpg","contentUrl":"https:\/\/www.bellunopress.it\/wp-content\/uploads\/2011\/05\/cropped-logo-bellunopress-.jpg","width":512,"height":512,"caption":"Bellunopress"},"image":{"@id":"https:\/\/www.bellunopress.it\/#\/schema\/logo\/image\/"},"sameAs":["https:\/\/www.facebook.com\/profile.php?id=100008943462799","https:\/\/x.com\/bellunopress","https:\/\/www.linkedin.com\/hp\/?dnr=JBzUWaJfMUw8vbXJJ2tVW5-I3jZKvC4wsoxE&amp;amp;amp;amp;amp;amp;trk=nav_responsive_tab_home","https:\/\/www.youtube.com\/channel\/UCxL0wu1uN0_3_7hGG0306cw"]},{"@type":"Person","@id":"https:\/\/www.bellunopress.it\/#\/schema\/person\/79bb06722b37ece1c03d3e94beb30d73","name":"r\u00e9daction","image":{"@type":"ImageObject","inLanguage":"fr-FR","@id":"https:\/\/secure.gravatar.com\/avatar\/37d968a2e67a6fd04c169c4bdef102d0bc5d31b2546345219e348575eb80e9a0?s=96&d=mm&r=g","url":"https:\/\/secure.gravatar.com\/avatar\/37d968a2e67a6fd04c169c4bdef102d0bc5d31b2546345219e348575eb80e9a0?s=96&d=mm&r=g","contentUrl":"https:\/\/secure.gravatar.com\/avatar\/37d968a2e67a6fd04c169c4bdef102d0bc5d31b2546345219e348575eb80e9a0?s=96&d=mm&r=g","caption":"redazione"},"sameAs":["http:\/\/www.bellunopress.it","https:\/\/x.com\/bellunopress"],"url":"https:\/\/www.bellunopress.it\/fr\/author\/redazione\/"}]}},"_links":{"self":[{"href":"https:\/\/www.bellunopress.it\/fr\/wp-json\/wp\/v2\/posts\/172245","targetHints":{"allow":["GET"]}}],"collection":[{"href":"https:\/\/www.bellunopress.it\/fr\/wp-json\/wp\/v2\/posts"}],"about":[{"href":"https:\/\/www.bellunopress.it\/fr\/wp-json\/wp\/v2\/types\/post"}],"author":[{"embeddable":true,"href":"https:\/\/www.bellunopress.it\/fr\/wp-json\/wp\/v2\/users\/2"}],"replies":[{"embeddable":true,"href":"https:\/\/www.bellunopress.it\/fr\/wp-json\/wp\/v2\/comments?post=172245"}],"version-history":[{"count":1,"href":"https:\/\/www.bellunopress.it\/fr\/wp-json\/wp\/v2\/posts\/172245\/revisions"}],"predecessor-version":[{"id":172249,"href":"https:\/\/www.bellunopress.it\/fr\/wp-json\/wp\/v2\/posts\/172245\/revisions\/172249"}],"wp:featuredmedia":[{"embeddable":true,"href":"https:\/\/www.bellunopress.it\/fr\/wp-json\/wp\/v2\/media\/172248"}],"wp:attachment":[{"href":"https:\/\/www.bellunopress.it\/fr\/wp-json\/wp\/v2\/media?parent=172245"}],"wp:term":[{"taxonomy":"category","embeddable":true,"href":"https:\/\/www.bellunopress.it\/fr\/wp-json\/wp\/v2\/categories?post=172245"},{"taxonomy":"post_tag","embeddable":true,"href":"https:\/\/www.bellunopress.it\/fr\/wp-json\/wp\/v2\/tags?post=172245"}],"curies":[{"name":"wp","href":"https:\/\/api.w.org\/{rel}","templated":true}]}}