{"id":172240,"date":"2026-07-28T08:55:46","date_gmt":"2026-07-28T06:55:46","guid":{"rendered":"https:\/\/www.bellunopress.it\/?p=172240"},"modified":"2026-07-28T08:55:46","modified_gmt":"2026-07-28T06:55:46","slug":"s-pietro-di-cadore-mostra-fotografica-dei-vincitori-del-concorso-scenari","status":"publish","type":"post","link":"https:\/\/www.bellunopress.it\/fr\/2026\/07\/28\/s-pietro-di-cadore-mostra-fotografica-dei-vincitori-del-concorso-scenari\/","title":{"rendered":"S. Pietro di Cadore. Mostra fotografica dei vincitori del Concorso \u201cScenari\u201d"},"content":{"rendered":"<p><strong>Inaugurazione 1 agosto 2026 ore 19.00 a\u00a0Villa Poli De Pol in Piazza Roma 2 &#8211; San Pietro Di Cadore (BL)<\/strong><\/p>\n<p>Sabato 1 agosto 2026 inaugura, negli spazi di Villa Poli de Pol, la Mostra Collettiva dei Vincitori della prima edizione del Concorso Fotografico e Residenza Artistica \u201cSCENARI. Volti e luoghi della Natura\u201d, con le opere di Francesco Capasso &#8211; vincitore Sezione Under 35 &#8211; di Joet Gerardine e Patrizia Riviera, vincitrici Sezione Over 35. In esposizione anche alcune opere fotografiche dei tre artisti che hanno ricevuto le Menzioni Speciali: Vito Vecellio e Giovanni Pomar\u00e8 per la sezione Over 35 e Erika Pezzoli per la sezione Under 35.<\/p>\n<p>La mostra si inserisce all\u2019interno di una Rassegna promossa dal Comune di San Pietro di Cadore (BL), che si svolger\u00e0 il 1 e il 2 agosto 2026 e che coinvolger\u00e0 l\u2019intera cittadinanza.<br \/>\nInfatti sabato 1 agosto, dalla mattina la presenza di stand gastronomici di prodotti tipici locali e d\u2019artigianato in Piazza Roma daranno inizio alle iniziative che entreranno nel vivo alle ore 14:00 con una dimostrazione di balli antichi e racconti delle tradizioni; alle ore 16:00 il programma prosegue con la presentazione del volume su Palazzo Poli &#8220;La Perla del Comelico&#8221; di Viviana Ferrario. A seguire, alle ore 18:00, la prima parte del Concerto, alle ore 19:00 l\u2019inaugurazione della Mostra con la cerimonia di premiazione e alle 19.30 seconda parte del Concerto e apericena di chiusura. Domenica 2 agosto alle ore 11:00 l\u2019inaugurazione del Museo della Latteria di Valle con l\u2019esposizione di fotografie della vita rurale montana; alle ore 16:00 il saggio di ballo tradizionale e alle ore 17:00 lo spettacolo &#8220;Lolita a Teheran\u201d, lettura scenica tratta dal libro di A. Nafisi.<\/p>\n<p>\u00abCome amministratori &#8211; dichiara il sindaco di San Pietro di Cadore, Manuel Casanova Consier &#8211;\u00a0 ma prima ancora come cittadini di San Pietro di Cadore, abbiamo la fortuna di vivere immersi in uno scenario naturale di straordinaria e autentica bellezza. Un privilegio cos\u00ec grande che, a volte ci fa dimenticare lo stupore. \u00c8 proprio per questo motivo che l&#8217;Amministrazione Comunale ha accolto e sostenuto con grande entusiasmo il concorso fotografico ideato in collaborazione con l&#8217;associazione Clematis Cultura. Questa iniziativa nasce con il nobile intento di guardare al nostro territorio con occhi nuovi, o\ufb00rendo a residenti e visitatori una prospettiva inedita e profonda sulle meraviglie che ci circondano. La risposta a questa prima edizione \u00e8 stata straordinaria: numerose e qualificate candidature che ci hanno inorgoglito.\u00bb<\/p>\n<p>\u00abNascere e vivere in un luogo come San Pietro di Cadore \u00e8 un privilegio strano &#8211; sottolinea la curatrice del concorso, Gloria Pradetto Bonvecchio &#8211; circondati da una natura cos\u00ec potente e da una montagna autentica, il rischio \u00e8 quello di abituarsi a tanta meraviglia, dandola quasi per scontata. \u00c8 proprio per rompere questa abitudine dello sguardo che insieme all&#8217;associazione Clematis Cultura, abbiamo voluto ideare questo concorso fotografico. \u00c8 un progetto nato dal cuore, da un&#8217;emozione che \u00e8 proprio la scintilla che ha dato vita a tutto il resto. Unendo il legame profondo con la mia terra e la sensibilit\u00e0 di Valeria Riselli, \u00e8 stato facile tradurre tutto in questo progetto. L\u2019obiettivo era semplice e profondo al tempo stesso: riscoprire e far conoscere le bellezze del nostro territorio attraverso gli occhi e la sensibilit\u00e0 dei fotografi.\u00bb<\/p>\n<p>\u00ab&#8221;SCENARI&#8221; non \u00e8 soltanto una mostra fotografica &#8211; conclude la presidente dell&#8217;Associazione Clematis Cultura, Valeria Riselli &#8211; . Sono sguardi che hanno rubato luce a queste montagne. Silenzi, volti di questa terra che ho sentito subito familiare perch\u00e9 straordinariamente a\ufb00ascinanti nella loro autenticit\u00e0 e semplicit\u00e0. Ogni scatto \u00e8 un frammento di bellezza che, senza fotografia, rischierebbe di sfuggire.\u00bb<\/p>\n<p>La mostra, visitabile a Villa Poli del Pol fino al 31 agosto 2026, verr\u00e0 ospitata successivamente anche nelle sale del Museo DART &#8211; Casa Falconieri di Dolianova (Cagliari), centro d\u2019arte contemporanea e di ricerca visiva che promuove in Sardegna la sperimentazione tra linguaggi artistici, tecnologie e nuovi media, in dialogo con artisti e istituzioni nazionali e internazionali.<\/p>\n<p>INFO<\/p>\n<p>Rassegna SCENARI. Luoghi e Volti della Natura<br \/>\n1 agosto 2026 dalle ore 10.00<br \/>\n2 agosto 2026 dalle ore 11.00<br \/>\nInaugurazione Mostra 1 agosto ore 19.00<br \/>\nMostra fino al 31 agosto 2026<br \/>\nVilla Poli de Pol<br \/>\nPiazza Roma<br \/>\nSan Pietro di Cadore (BL)<\/p>\n<p>Comune di San Pietro di Cadore<br \/>\nwww.comune.sanpietrodicadore.bl.it<\/p>","protected":false},"excerpt":{"rendered":"<p>Inaugurazione 1 agosto 2026 ore 19.00 a\u00a0Villa Poli De Pol in Piazza Roma 2 &#8211; San Pietro Di Cadore (BL) Sabato 1 agosto 2026 inaugura, negli spazi di Villa Poli de Pol, la Mostra Collettiva dei Vincitori della prima edizione del Concorso Fotografico e Residenza Artistica \u201cSCENARI. Volti e luoghi della Natura\u201d, con le opere [&hellip;]<\/p>\n","protected":false},"author":2,"featured_media":172241,"comment_status":"closed","ping_status":"open","sticky":false,"template":"","format":"standard","meta":{"footnotes":""},"categories":[27,3,25],"tags":[],"class_list":["post-172240","post","type-post","status-publish","format-standard","has-post-thumbnail","category-appuntamenti","category-arte-cultura-spettacoli-scienza-archivi","category-pausa-caffe"],"yoast_head":"<!-- This site is optimized with the Yoast SEO plugin v28.4 - https:\/\/yoast.com\/product\/yoast-seo-wordpress\/ -->\n<title>S. Pietro di Cadore. Mostra fotografica dei vincitori del Concorso \u201cScenari\u201d - Bellunopress - Dolomiti<\/title>\n<meta name=\"robots\" content=\"index, follow, max-snippet:-1, max-image-preview:large, max-video-preview:-1\" \/>\n<link rel=\"canonical\" href=\"https:\/\/www.bellunopress.it\/fr\/2026\/07\/28\/s-pietro-di-cadore-mostra-fotografica-dei-vincitori-del-concorso-scenari\/\" \/>\n<meta property=\"og:locale\" content=\"fr_FR\" \/>\n<meta property=\"og:type\" content=\"article\" \/>\n<meta property=\"og:title\" content=\"S. Pietro di Cadore. Mostra fotografica dei vincitori del Concorso \u201cScenari\u201d - Bellunopress - Dolomiti\" \/>\n<meta property=\"og:description\" content=\"Inaugurazione 1 agosto 2026 ore 19.00 a\u00a0Villa Poli De Pol in Piazza Roma 2 &#8211; San Pietro Di Cadore (BL) Sabato 1 agosto 2026 inaugura, negli spazi di Villa Poli de Pol, la Mostra Collettiva dei Vincitori della prima edizione del Concorso Fotografico e Residenza Artistica \u201cSCENARI. Volti e luoghi della Natura\u201d, con le opere [&hellip;]\" \/>\n<meta property=\"og:url\" content=\"https:\/\/www.bellunopress.it\/fr\/2026\/07\/28\/s-pietro-di-cadore-mostra-fotografica-dei-vincitori-del-concorso-scenari\/\" \/>\n<meta property=\"og:site_name\" content=\"Bellunopress - Dolomiti\" \/>\n<meta property=\"article:publisher\" content=\"https:\/\/www.facebook.com\/profile.php?id=100008943462799\" \/>\n<meta property=\"article:published_time\" content=\"2026-07-28T06:55:46+00:00\" \/>\n<meta property=\"og:image\" content=\"https:\/\/www.bellunopress.it\/wp-content\/uploads\/2026\/07\/Villa-Poli-de-Pol-San-Pietro-di-Cadore.jpg\" \/>\n\t<meta property=\"og:image:width\" content=\"500\" \/>\n\t<meta property=\"og:image:height\" content=\"448\" \/>\n\t<meta property=\"og:image:type\" content=\"image\/jpeg\" \/>\n<meta name=\"author\" content=\"redazione\" \/>\n<meta name=\"twitter:card\" content=\"summary_large_image\" \/>\n<meta name=\"twitter:creator\" content=\"@bellunopress\" \/>\n<meta name=\"twitter:site\" content=\"@bellunopress\" \/>\n<meta name=\"twitter:label1\" content=\"\u00c9crit par\" \/>\n\t<meta name=\"twitter:data1\" content=\"redazione\" \/>\n\t<meta name=\"twitter:label2\" content=\"Dur\u00e9e de lecture estim\u00e9e\" \/>\n\t<meta name=\"twitter:data2\" content=\"4 minutes\" \/>\n<script type=\"application\/ld+json\" class=\"yoast-schema-graph\">{\"@context\":\"https:\\\/\\\/schema.org\",\"@graph\":[{\"@type\":\"Article\",\"@id\":\"https:\\\/\\\/www.bellunopress.it\\\/2026\\\/07\\\/28\\\/s-pietro-di-cadore-mostra-fotografica-dei-vincitori-del-concorso-scenari\\\/#article\",\"isPartOf\":{\"@id\":\"https:\\\/\\\/www.bellunopress.it\\\/2026\\\/07\\\/28\\\/s-pietro-di-cadore-mostra-fotografica-dei-vincitori-del-concorso-scenari\\\/\"},\"author\":{\"name\":\"redazione\",\"@id\":\"https:\\\/\\\/www.bellunopress.it\\\/#\\\/schema\\\/person\\\/79bb06722b37ece1c03d3e94beb30d73\"},\"headline\":\"S. Pietro di Cadore. Mostra fotografica dei vincitori del Concorso \u201cScenari\u201d\",\"datePublished\":\"2026-07-28T06:55:46+00:00\",\"mainEntityOfPage\":{\"@id\":\"https:\\\/\\\/www.bellunopress.it\\\/2026\\\/07\\\/28\\\/s-pietro-di-cadore-mostra-fotografica-dei-vincitori-del-concorso-scenari\\\/\"},\"wordCount\":689,\"publisher\":{\"@id\":\"https:\\\/\\\/www.bellunopress.it\\\/#organization\"},\"image\":{\"@id\":\"https:\\\/\\\/www.bellunopress.it\\\/2026\\\/07\\\/28\\\/s-pietro-di-cadore-mostra-fotografica-dei-vincitori-del-concorso-scenari\\\/#primaryimage\"},\"thumbnailUrl\":\"https:\\\/\\\/www.bellunopress.it\\\/wp-content\\\/uploads\\\/2026\\\/07\\\/Villa-Poli-de-Pol-San-Pietro-di-Cadore.jpg\",\"articleSection\":[\"Appuntamenti, Eventi\",\"Arte, Cultura, Spettacoli, Scienza\",\"Pausa Caff\u00e8\"],\"inLanguage\":\"fr-FR\"},{\"@type\":\"WebPage\",\"@id\":\"https:\\\/\\\/www.bellunopress.it\\\/2026\\\/07\\\/28\\\/s-pietro-di-cadore-mostra-fotografica-dei-vincitori-del-concorso-scenari\\\/\",\"url\":\"https:\\\/\\\/www.bellunopress.it\\\/2026\\\/07\\\/28\\\/s-pietro-di-cadore-mostra-fotografica-dei-vincitori-del-concorso-scenari\\\/\",\"name\":\"S. Pietro di Cadore. Mostra fotografica dei vincitori del Concorso \u201cScenari\u201d - Bellunopress - Dolomiti\",\"isPartOf\":{\"@id\":\"https:\\\/\\\/www.bellunopress.it\\\/#website\"},\"primaryImageOfPage\":{\"@id\":\"https:\\\/\\\/www.bellunopress.it\\\/2026\\\/07\\\/28\\\/s-pietro-di-cadore-mostra-fotografica-dei-vincitori-del-concorso-scenari\\\/#primaryimage\"},\"image\":{\"@id\":\"https:\\\/\\\/www.bellunopress.it\\\/2026\\\/07\\\/28\\\/s-pietro-di-cadore-mostra-fotografica-dei-vincitori-del-concorso-scenari\\\/#primaryimage\"},\"thumbnailUrl\":\"https:\\\/\\\/www.bellunopress.it\\\/wp-content\\\/uploads\\\/2026\\\/07\\\/Villa-Poli-de-Pol-San-Pietro-di-Cadore.jpg\",\"datePublished\":\"2026-07-28T06:55:46+00:00\",\"breadcrumb\":{\"@id\":\"https:\\\/\\\/www.bellunopress.it\\\/2026\\\/07\\\/28\\\/s-pietro-di-cadore-mostra-fotografica-dei-vincitori-del-concorso-scenari\\\/#breadcrumb\"},\"inLanguage\":\"fr-FR\",\"potentialAction\":[{\"@type\":\"ReadAction\",\"target\":[\"https:\\\/\\\/www.bellunopress.it\\\/2026\\\/07\\\/28\\\/s-pietro-di-cadore-mostra-fotografica-dei-vincitori-del-concorso-scenari\\\/\"]}]},{\"@type\":\"ImageObject\",\"inLanguage\":\"fr-FR\",\"@id\":\"https:\\\/\\\/www.bellunopress.it\\\/2026\\\/07\\\/28\\\/s-pietro-di-cadore-mostra-fotografica-dei-vincitori-del-concorso-scenari\\\/#primaryimage\",\"url\":\"https:\\\/\\\/www.bellunopress.it\\\/wp-content\\\/uploads\\\/2026\\\/07\\\/Villa-Poli-de-Pol-San-Pietro-di-Cadore.jpg\",\"contentUrl\":\"https:\\\/\\\/www.bellunopress.it\\\/wp-content\\\/uploads\\\/2026\\\/07\\\/Villa-Poli-de-Pol-San-Pietro-di-Cadore.jpg\",\"width\":500,\"height\":448,\"caption\":\"Villa Poli de Pol - San Pietro di Cadore\"},{\"@type\":\"BreadcrumbList\",\"@id\":\"https:\\\/\\\/www.bellunopress.it\\\/2026\\\/07\\\/28\\\/s-pietro-di-cadore-mostra-fotografica-dei-vincitori-del-concorso-scenari\\\/#breadcrumb\",\"itemListElement\":[{\"@type\":\"ListItem\",\"position\":1,\"name\":\"Home\",\"item\":\"https:\\\/\\\/www.bellunopress.it\\\/\"},{\"@type\":\"ListItem\",\"position\":2,\"name\":\"S. Pietro di Cadore. Mostra fotografica dei vincitori del Concorso \u201cScenari\u201d\"}]},{\"@type\":\"WebSite\",\"@id\":\"https:\\\/\\\/www.bellunopress.it\\\/#website\",\"url\":\"https:\\\/\\\/www.bellunopress.it\\\/\",\"name\":\"Bellunopress - Dolomiti\",\"description\":\"e-mail: redazione@bellunopress.it\",\"publisher\":{\"@id\":\"https:\\\/\\\/www.bellunopress.it\\\/#organization\"},\"potentialAction\":[{\"@type\":\"SearchAction\",\"target\":{\"@type\":\"EntryPoint\",\"urlTemplate\":\"https:\\\/\\\/www.bellunopress.it\\\/?s={search_term_string}\"},\"query-input\":{\"@type\":\"PropertyValueSpecification\",\"valueRequired\":true,\"valueName\":\"search_term_string\"}}],\"inLanguage\":\"fr-FR\"},{\"@type\":\"Organization\",\"@id\":\"https:\\\/\\\/www.bellunopress.it\\\/#organization\",\"name\":\"Bellunopress\",\"url\":\"https:\\\/\\\/www.bellunopress.it\\\/\",\"logo\":{\"@type\":\"ImageObject\",\"inLanguage\":\"fr-FR\",\"@id\":\"https:\\\/\\\/www.bellunopress.it\\\/#\\\/schema\\\/logo\\\/image\\\/\",\"url\":\"https:\\\/\\\/www.bellunopress.it\\\/wp-content\\\/uploads\\\/2011\\\/05\\\/cropped-logo-bellunopress-.jpg\",\"contentUrl\":\"https:\\\/\\\/www.bellunopress.it\\\/wp-content\\\/uploads\\\/2011\\\/05\\\/cropped-logo-bellunopress-.jpg\",\"width\":512,\"height\":512,\"caption\":\"Bellunopress\"},\"image\":{\"@id\":\"https:\\\/\\\/www.bellunopress.it\\\/#\\\/schema\\\/logo\\\/image\\\/\"},\"sameAs\":[\"https:\\\/\\\/www.facebook.com\\\/profile.php?id=100008943462799\",\"https:\\\/\\\/x.com\\\/bellunopress\",\"https:\\\/\\\/www.linkedin.com\\\/hp\\\/?dnr=JBzUWaJfMUw8vbXJJ2tVW5-I3jZKvC4wsoxE&amp;amp;amp;amp;amp;amp;trk=nav_responsive_tab_home\",\"https:\\\/\\\/www.youtube.com\\\/channel\\\/UCxL0wu1uN0_3_7hGG0306cw\"]},{\"@type\":\"Person\",\"@id\":\"https:\\\/\\\/www.bellunopress.it\\\/#\\\/schema\\\/person\\\/79bb06722b37ece1c03d3e94beb30d73\",\"name\":\"redazione\",\"image\":{\"@type\":\"ImageObject\",\"inLanguage\":\"fr-FR\",\"@id\":\"https:\\\/\\\/secure.gravatar.com\\\/avatar\\\/37d968a2e67a6fd04c169c4bdef102d0bc5d31b2546345219e348575eb80e9a0?s=96&d=mm&r=g\",\"url\":\"https:\\\/\\\/secure.gravatar.com\\\/avatar\\\/37d968a2e67a6fd04c169c4bdef102d0bc5d31b2546345219e348575eb80e9a0?s=96&d=mm&r=g\",\"contentUrl\":\"https:\\\/\\\/secure.gravatar.com\\\/avatar\\\/37d968a2e67a6fd04c169c4bdef102d0bc5d31b2546345219e348575eb80e9a0?s=96&d=mm&r=g\",\"caption\":\"redazione\"},\"sameAs\":[\"http:\\\/\\\/www.bellunopress.it\",\"https:\\\/\\\/x.com\\\/bellunopress\"],\"url\":\"https:\\\/\\\/www.bellunopress.it\\\/fr\\\/author\\\/redazione\\\/\"}]}<\/script>\n<!-- \/ Yoast SEO plugin. -->","yoast_head_json":{"title":"S. Pietro di Cadore. Mostra fotografica dei vincitori del Concorso \u201cScenari\u201d - Bellunopress - Dolomiti","robots":{"index":"index","follow":"follow","max-snippet":"max-snippet:-1","max-image-preview":"max-image-preview:large","max-video-preview":"max-video-preview:-1"},"canonical":"https:\/\/www.bellunopress.it\/fr\/2026\/07\/28\/s-pietro-di-cadore-mostra-fotografica-dei-vincitori-del-concorso-scenari\/","og_locale":"fr_FR","og_type":"article","og_title":"S. Pietro di Cadore. Mostra fotografica dei vincitori del Concorso \u201cScenari\u201d - Bellunopress - Dolomiti","og_description":"Inaugurazione 1 agosto 2026 ore 19.00 a\u00a0Villa Poli De Pol in Piazza Roma 2 &#8211; San Pietro Di Cadore (BL) Sabato 1 agosto 2026 inaugura, negli spazi di Villa Poli de Pol, la Mostra Collettiva dei Vincitori della prima edizione del Concorso Fotografico e Residenza Artistica \u201cSCENARI. Volti e luoghi della Natura\u201d, con le opere [&hellip;]","og_url":"https:\/\/www.bellunopress.it\/fr\/2026\/07\/28\/s-pietro-di-cadore-mostra-fotografica-dei-vincitori-del-concorso-scenari\/","og_site_name":"Bellunopress - Dolomiti","article_publisher":"https:\/\/www.facebook.com\/profile.php?id=100008943462799","article_published_time":"2026-07-28T06:55:46+00:00","og_image":[{"width":500,"height":448,"url":"https:\/\/www.bellunopress.it\/wp-content\/uploads\/2026\/07\/Villa-Poli-de-Pol-San-Pietro-di-Cadore.jpg","type":"image\/jpeg"}],"author":"redazione","twitter_card":"summary_large_image","twitter_creator":"@bellunopress","twitter_site":"@bellunopress","twitter_misc":{"\u00c9crit par":"redazione","Dur\u00e9e de lecture estim\u00e9e":"4 minutes"},"schema":{"@context":"https:\/\/schema.org","@graph":[{"@type":"Article","@id":"https:\/\/www.bellunopress.it\/2026\/07\/28\/s-pietro-di-cadore-mostra-fotografica-dei-vincitori-del-concorso-scenari\/#article","isPartOf":{"@id":"https:\/\/www.bellunopress.it\/2026\/07\/28\/s-pietro-di-cadore-mostra-fotografica-dei-vincitori-del-concorso-scenari\/"},"author":{"name":"redazione","@id":"https:\/\/www.bellunopress.it\/#\/schema\/person\/79bb06722b37ece1c03d3e94beb30d73"},"headline":"S. Pietro di Cadore. Mostra fotografica dei vincitori del Concorso \u201cScenari\u201d","datePublished":"2026-07-28T06:55:46+00:00","mainEntityOfPage":{"@id":"https:\/\/www.bellunopress.it\/2026\/07\/28\/s-pietro-di-cadore-mostra-fotografica-dei-vincitori-del-concorso-scenari\/"},"wordCount":689,"publisher":{"@id":"https:\/\/www.bellunopress.it\/#organization"},"image":{"@id":"https:\/\/www.bellunopress.it\/2026\/07\/28\/s-pietro-di-cadore-mostra-fotografica-dei-vincitori-del-concorso-scenari\/#primaryimage"},"thumbnailUrl":"https:\/\/www.bellunopress.it\/wp-content\/uploads\/2026\/07\/Villa-Poli-de-Pol-San-Pietro-di-Cadore.jpg","articleSection":["Appuntamenti, Eventi","Arte, Cultura, Spettacoli, Scienza","Pausa Caff\u00e8"],"inLanguage":"fr-FR"},{"@type":"WebPage","@id":"https:\/\/www.bellunopress.it\/2026\/07\/28\/s-pietro-di-cadore-mostra-fotografica-dei-vincitori-del-concorso-scenari\/","url":"https:\/\/www.bellunopress.it\/2026\/07\/28\/s-pietro-di-cadore-mostra-fotografica-dei-vincitori-del-concorso-scenari\/","name":"S. Pietro di Cadore. Mostra fotografica dei vincitori del Concorso \u201cScenari\u201d - Bellunopress - Dolomiti","isPartOf":{"@id":"https:\/\/www.bellunopress.it\/#website"},"primaryImageOfPage":{"@id":"https:\/\/www.bellunopress.it\/2026\/07\/28\/s-pietro-di-cadore-mostra-fotografica-dei-vincitori-del-concorso-scenari\/#primaryimage"},"image":{"@id":"https:\/\/www.bellunopress.it\/2026\/07\/28\/s-pietro-di-cadore-mostra-fotografica-dei-vincitori-del-concorso-scenari\/#primaryimage"},"thumbnailUrl":"https:\/\/www.bellunopress.it\/wp-content\/uploads\/2026\/07\/Villa-Poli-de-Pol-San-Pietro-di-Cadore.jpg","datePublished":"2026-07-28T06:55:46+00:00","breadcrumb":{"@id":"https:\/\/www.bellunopress.it\/2026\/07\/28\/s-pietro-di-cadore-mostra-fotografica-dei-vincitori-del-concorso-scenari\/#breadcrumb"},"inLanguage":"fr-FR","potentialAction":[{"@type":"ReadAction","target":["https:\/\/www.bellunopress.it\/2026\/07\/28\/s-pietro-di-cadore-mostra-fotografica-dei-vincitori-del-concorso-scenari\/"]}]},{"@type":"ImageObject","inLanguage":"fr-FR","@id":"https:\/\/www.bellunopress.it\/2026\/07\/28\/s-pietro-di-cadore-mostra-fotografica-dei-vincitori-del-concorso-scenari\/#primaryimage","url":"https:\/\/www.bellunopress.it\/wp-content\/uploads\/2026\/07\/Villa-Poli-de-Pol-San-Pietro-di-Cadore.jpg","contentUrl":"https:\/\/www.bellunopress.it\/wp-content\/uploads\/2026\/07\/Villa-Poli-de-Pol-San-Pietro-di-Cadore.jpg","width":500,"height":448,"caption":"Villa Poli de Pol - San Pietro di Cadore"},{"@type":"BreadcrumbList","@id":"https:\/\/www.bellunopress.it\/2026\/07\/28\/s-pietro-di-cadore-mostra-fotografica-dei-vincitori-del-concorso-scenari\/#breadcrumb","itemListElement":[{"@type":"ListItem","position":1,"name":"Home","item":"https:\/\/www.bellunopress.it\/"},{"@type":"ListItem","position":2,"name":"S. Pietro di Cadore. Mostra fotografica dei vincitori del Concorso \u201cScenari\u201d"}]},{"@type":"WebSite","@id":"https:\/\/www.bellunopress.it\/#website","url":"https:\/\/www.bellunopress.it\/","name":"Bellunopress - Dolomiti","description":"e-mail: redazione@bellunopress.it","publisher":{"@id":"https:\/\/www.bellunopress.it\/#organization"},"potentialAction":[{"@type":"SearchAction","target":{"@type":"EntryPoint","urlTemplate":"https:\/\/www.bellunopress.it\/?s={search_term_string}"},"query-input":{"@type":"PropertyValueSpecification","valueRequired":true,"valueName":"search_term_string"}}],"inLanguage":"fr-FR"},{"@type":"Organization","@id":"https:\/\/www.bellunopress.it\/#organization","name":"Bellunopress","url":"https:\/\/www.bellunopress.it\/","logo":{"@type":"ImageObject","inLanguage":"fr-FR","@id":"https:\/\/www.bellunopress.it\/#\/schema\/logo\/image\/","url":"https:\/\/www.bellunopress.it\/wp-content\/uploads\/2011\/05\/cropped-logo-bellunopress-.jpg","contentUrl":"https:\/\/www.bellunopress.it\/wp-content\/uploads\/2011\/05\/cropped-logo-bellunopress-.jpg","width":512,"height":512,"caption":"Bellunopress"},"image":{"@id":"https:\/\/www.bellunopress.it\/#\/schema\/logo\/image\/"},"sameAs":["https:\/\/www.facebook.com\/profile.php?id=100008943462799","https:\/\/x.com\/bellunopress","https:\/\/www.linkedin.com\/hp\/?dnr=JBzUWaJfMUw8vbXJJ2tVW5-I3jZKvC4wsoxE&amp;amp;amp;amp;amp;amp;trk=nav_responsive_tab_home","https:\/\/www.youtube.com\/channel\/UCxL0wu1uN0_3_7hGG0306cw"]},{"@type":"Person","@id":"https:\/\/www.bellunopress.it\/#\/schema\/person\/79bb06722b37ece1c03d3e94beb30d73","name":"r\u00e9daction","image":{"@type":"ImageObject","inLanguage":"fr-FR","@id":"https:\/\/secure.gravatar.com\/avatar\/37d968a2e67a6fd04c169c4bdef102d0bc5d31b2546345219e348575eb80e9a0?s=96&d=mm&r=g","url":"https:\/\/secure.gravatar.com\/avatar\/37d968a2e67a6fd04c169c4bdef102d0bc5d31b2546345219e348575eb80e9a0?s=96&d=mm&r=g","contentUrl":"https:\/\/secure.gravatar.com\/avatar\/37d968a2e67a6fd04c169c4bdef102d0bc5d31b2546345219e348575eb80e9a0?s=96&d=mm&r=g","caption":"redazione"},"sameAs":["http:\/\/www.bellunopress.it","https:\/\/x.com\/bellunopress"],"url":"https:\/\/www.bellunopress.it\/fr\/author\/redazione\/"}]}},"_links":{"self":[{"href":"https:\/\/www.bellunopress.it\/fr\/wp-json\/wp\/v2\/posts\/172240","targetHints":{"allow":["GET"]}}],"collection":[{"href":"https:\/\/www.bellunopress.it\/fr\/wp-json\/wp\/v2\/posts"}],"about":[{"href":"https:\/\/www.bellunopress.it\/fr\/wp-json\/wp\/v2\/types\/post"}],"author":[{"embeddable":true,"href":"https:\/\/www.bellunopress.it\/fr\/wp-json\/wp\/v2\/users\/2"}],"replies":[{"embeddable":true,"href":"https:\/\/www.bellunopress.it\/fr\/wp-json\/wp\/v2\/comments?post=172240"}],"version-history":[{"count":1,"href":"https:\/\/www.bellunopress.it\/fr\/wp-json\/wp\/v2\/posts\/172240\/revisions"}],"predecessor-version":[{"id":172242,"href":"https:\/\/www.bellunopress.it\/fr\/wp-json\/wp\/v2\/posts\/172240\/revisions\/172242"}],"wp:featuredmedia":[{"embeddable":true,"href":"https:\/\/www.bellunopress.it\/fr\/wp-json\/wp\/v2\/media\/172241"}],"wp:attachment":[{"href":"https:\/\/www.bellunopress.it\/fr\/wp-json\/wp\/v2\/media?parent=172240"}],"wp:term":[{"taxonomy":"category","embeddable":true,"href":"https:\/\/www.bellunopress.it\/fr\/wp-json\/wp\/v2\/categories?post=172240"},{"taxonomy":"post_tag","embeddable":true,"href":"https:\/\/www.bellunopress.it\/fr\/wp-json\/wp\/v2\/tags?post=172240"}],"curies":[{"name":"wp","href":"https:\/\/api.w.org\/{rel}","templated":true}]}}