{"id":172237,"date":"2026-07-27T19:21:26","date_gmt":"2026-07-27T17:21:26","guid":{"rendered":"https:\/\/www.bellunopress.it\/?p=172237"},"modified":"2026-07-27T19:21:26","modified_gmt":"2026-07-27T17:21:26","slug":"tra-storia-arte-e-cime-dolomitiche-mercoledi-prende-il-via-la-settimana-organistica-nellagordino","status":"publish","type":"post","link":"https:\/\/www.bellunopress.it\/fr\/2026\/07\/27\/tra-storia-arte-e-cime-dolomitiche-mercoledi-prende-il-via-la-settimana-organistica-nellagordino\/","title":{"rendered":"Tra storia, arte e cime dolomitiche: mercoled\u00ec prende il via la Settimana organistica nell&#8217;Agordino"},"content":{"rendered":"<p data-path-to-node=\"9\"><i data-path-to-node=\"9\" data-index-in-node=\"0\">L&#8217;appuntamento inaugurale \u00e8 fissato per mercoled\u00ec 29 luglio con la passeggiata musicale &#8220;Respirando con la musica&#8221;, un itinerario itinerante tra Caprile e Alleghe guidato dal maestro Nicola Lamon alla scoperta di preziosi organi storici.<\/i><\/p>\n<p data-path-to-node=\"10\">\u00a0Un connubio perfetto tra la maestosit\u00e0 delle vette dolomitiche e la raffinata bellezza della musica antica: si alza il sipario sulla rassegna Musica nell&#8217;Agordino, con un appuntamento inaugurale che promette di incantare appassionati, turisti e residenti.<\/p>\n<p data-path-to-node=\"11\">Prender\u00e0 il via mercoled\u00ec 29 luglio la nuova edizione della Settimana Organistica, un progetto culturale che unisce l&#8217;ascolto musicale dal vivo alla scoperta e alla valorizzazione del patrimonio storico e artistico del territorio. Ad aprire la manifestazione sar\u00e0 la suggestiva passeggiata organistica intitolata <i data-path-to-node=\"11\" data-index-in-node=\"313\">&#8220;Respirando con la musica&#8221;<\/i>, un evento itinerante guidato dall&#8217;organista Nicola Lamon che esplorer\u00e0 l&#8217;arte organaria e la tradizione veneziana tra Rinascimento e Barocco.<\/p>\n<p data-path-to-node=\"13\">L&#8217;iniziativa, realizzata in collaborazione con il <i data-path-to-node=\"13\" data-index-in-node=\"50\">Musik\u00e8 Art Project<\/i>, si snoder\u00e0 lungo un percorso che collegher\u00e0 due dei centri pi\u00f9 caratteristici della valle: la partenza \u00e8 fissata a Caprile, per poi raggiungere Alleghe attraverso un cammino che invita a riscoprire i ritmi lenti della montagna, in sintonia con i suoni e le risonanze storiche.<\/p>\n<p data-path-to-node=\"14\">I partecipanti avranno l&#8217;opportunit\u00e0 straordinaria di visitare e ascoltare due autentici gioielli dell&#8217;arte organaria veneta:<\/p>\n<ul data-path-to-node=\"15\">\n<li>\n<p data-path-to-node=\"15,0,0\">La Chiesa di San Bartolomeo Apostolo (Caprile): custodisce gelosamente il pi\u00f9 antico organo funzionante della regione Veneto, un capolavoro di liuteria e ingegneria acustica risalente a epoche remote.<\/p>\n<\/li>\n<li>\n<p data-path-to-node=\"15,1,0\">La Chiesa di San Biagio (Alleghe): ospita un prezioso e raffinato organo settecentesco, testimonianza dell&#8217;altissimo livello raggiunto dalla tradizione organaria tra Sei e Settecento.<\/p>\n<\/li>\n<\/ul>\n<p data-path-to-node=\"17\">A condurre il pubblico in questo viaggio sonoro sar\u00e0 il Maestro Nicola Lamon. Formatosi artisticamente presso il prestigioso Conservatorio &#8220;Benedetto Marcello&#8221; di Venezia, Lamon affianca da anni un&#8217;intensa attivit\u00e0 concertistica a un profondo studio dell&#8217;improvvisazione e dell&#8217;esecuzione storicamente informata su organo e clavicembalo.<\/p>\n<p data-path-to-node=\"18\">La sua profonda competenza accademica \u2013 \u00e8 attualmente titolare della cattedra di <i data-path-to-node=\"18\" data-index-in-node=\"81\">Pratica del Basso Continuo<\/i> presso il Conservatorio &#8220;Arrigo Boito&#8221; di Parma \u2013 garantisce una lettura filologica e appassionante delle partiture, restituendo vigore e timbri originali agli strumenti storici dell&#8217;Agordino.<\/p>\n<p data-path-to-node=\"20\">La rassegna si propone come un&#8217;esperienza inclusiva e trasversale, pensata sia per i villeggianti che scelgono le valli dolomitiche per le vacanze estive, sia per i residenti che desiderano riscoprire con occhi e orecchi nuovi la bellezza nascosta e i tesori d&#8217;arte custoditi dietro l&#8217;angolo. L&#8217;appuntamento con <i data-path-to-node=\"20\" data-index-in-node=\"312\">&#8220;Respirando con la musica&#8221;<\/i> rappresenta cos\u00ec molto pi\u00f9 di un semplice concerto: \u00e8 un invito a vivere il territorio attraverso i sensi, fondendo l&#8217;aria pura della quota con le armonie immortali della tradizione veneta.<\/p>","protected":false},"excerpt":{"rendered":"<p>L&#8217;appuntamento inaugurale \u00e8 fissato per mercoled\u00ec 29 luglio con la passeggiata musicale &#8220;Respirando con la musica&#8221;, un itinerario itinerante tra Caprile e Alleghe guidato dal maestro Nicola Lamon alla scoperta di preziosi organi storici. \u00a0Un connubio perfetto tra la maestosit\u00e0 delle vette dolomitiche e la raffinata bellezza della musica antica: si alza il sipario sulla [&hellip;]<\/p>\n","protected":false},"author":2,"featured_media":172238,"comment_status":"closed","ping_status":"open","sticky":false,"template":"","format":"standard","meta":{"footnotes":""},"categories":[27,3,25],"tags":[],"class_list":["post-172237","post","type-post","status-publish","format-standard","has-post-thumbnail","category-appuntamenti","category-arte-cultura-spettacoli-scienza-archivi","category-pausa-caffe"],"yoast_head":"<!-- This site is optimized with the Yoast SEO plugin v28.4 - https:\/\/yoast.com\/product\/yoast-seo-wordpress\/ -->\n<title>Tra storia, arte e cime dolomitiche: mercoled\u00ec prende il via la Settimana organistica nell&#039;Agordino - Bellunopress - Dolomiti<\/title>\n<meta name=\"robots\" content=\"index, follow, max-snippet:-1, max-image-preview:large, max-video-preview:-1\" \/>\n<link rel=\"canonical\" href=\"https:\/\/www.bellunopress.it\/fr\/2026\/07\/27\/tra-storia-arte-e-cime-dolomitiche-mercoledi-prende-il-via-la-settimana-organistica-nellagordino\/\" \/>\n<meta property=\"og:locale\" content=\"fr_FR\" \/>\n<meta property=\"og:type\" content=\"article\" \/>\n<meta property=\"og:title\" content=\"Tra storia, arte e cime dolomitiche: mercoled\u00ec prende il via la Settimana organistica nell&#039;Agordino - Bellunopress - Dolomiti\" \/>\n<meta property=\"og:description\" content=\"L&#8217;appuntamento inaugurale \u00e8 fissato per mercoled\u00ec 29 luglio con la passeggiata musicale &#8220;Respirando con la musica&#8221;, un itinerario itinerante tra Caprile e Alleghe guidato dal maestro Nicola Lamon alla scoperta di preziosi organi storici. \u00a0Un connubio perfetto tra la maestosit\u00e0 delle vette dolomitiche e la raffinata bellezza della musica antica: si alza il sipario sulla [&hellip;]\" \/>\n<meta property=\"og:url\" content=\"https:\/\/www.bellunopress.it\/fr\/2026\/07\/27\/tra-storia-arte-e-cime-dolomitiche-mercoledi-prende-il-via-la-settimana-organistica-nellagordino\/\" \/>\n<meta property=\"og:site_name\" content=\"Bellunopress - Dolomiti\" \/>\n<meta property=\"article:publisher\" content=\"https:\/\/www.facebook.com\/profile.php?id=100008943462799\" \/>\n<meta property=\"article:published_time\" content=\"2026-07-27T17:21:26+00:00\" \/>\n<meta property=\"og:image\" content=\"https:\/\/www.bellunopress.it\/wp-content\/uploads\/2026\/07\/nicola-lamon-organo-clavicembalo.jpg\" \/>\n\t<meta property=\"og:image:width\" content=\"441\" \/>\n\t<meta property=\"og:image:height\" content=\"500\" \/>\n\t<meta property=\"og:image:type\" content=\"image\/jpeg\" \/>\n<meta name=\"author\" content=\"redazione\" \/>\n<meta name=\"twitter:card\" content=\"summary_large_image\" \/>\n<meta name=\"twitter:creator\" content=\"@bellunopress\" \/>\n<meta name=\"twitter:site\" content=\"@bellunopress\" \/>\n<meta name=\"twitter:label1\" content=\"\u00c9crit par\" \/>\n\t<meta name=\"twitter:data1\" content=\"redazione\" \/>\n\t<meta name=\"twitter:label2\" content=\"Dur\u00e9e de lecture estim\u00e9e\" \/>\n\t<meta name=\"twitter:data2\" content=\"3 minutes\" \/>\n<script type=\"application\/ld+json\" class=\"yoast-schema-graph\">{\"@context\":\"https:\\\/\\\/schema.org\",\"@graph\":[{\"@type\":\"Article\",\"@id\":\"https:\\\/\\\/www.bellunopress.it\\\/2026\\\/07\\\/27\\\/tra-storia-arte-e-cime-dolomitiche-mercoledi-prende-il-via-la-settimana-organistica-nellagordino\\\/#article\",\"isPartOf\":{\"@id\":\"https:\\\/\\\/www.bellunopress.it\\\/2026\\\/07\\\/27\\\/tra-storia-arte-e-cime-dolomitiche-mercoledi-prende-il-via-la-settimana-organistica-nellagordino\\\/\"},\"author\":{\"name\":\"redazione\",\"@id\":\"https:\\\/\\\/www.bellunopress.it\\\/#\\\/schema\\\/person\\\/79bb06722b37ece1c03d3e94beb30d73\"},\"headline\":\"Tra storia, arte e cime dolomitiche: mercoled\u00ec prende il via la Settimana organistica nell&#8217;Agordino\",\"datePublished\":\"2026-07-27T17:21:26+00:00\",\"mainEntityOfPage\":{\"@id\":\"https:\\\/\\\/www.bellunopress.it\\\/2026\\\/07\\\/27\\\/tra-storia-arte-e-cime-dolomitiche-mercoledi-prende-il-via-la-settimana-organistica-nellagordino\\\/\"},\"wordCount\":447,\"publisher\":{\"@id\":\"https:\\\/\\\/www.bellunopress.it\\\/#organization\"},\"image\":{\"@id\":\"https:\\\/\\\/www.bellunopress.it\\\/2026\\\/07\\\/27\\\/tra-storia-arte-e-cime-dolomitiche-mercoledi-prende-il-via-la-settimana-organistica-nellagordino\\\/#primaryimage\"},\"thumbnailUrl\":\"https:\\\/\\\/www.bellunopress.it\\\/wp-content\\\/uploads\\\/2026\\\/07\\\/nicola-lamon-organo-clavicembalo.jpg\",\"articleSection\":[\"Appuntamenti, Eventi\",\"Arte, Cultura, Spettacoli, Scienza\",\"Pausa Caff\u00e8\"],\"inLanguage\":\"fr-FR\"},{\"@type\":\"WebPage\",\"@id\":\"https:\\\/\\\/www.bellunopress.it\\\/2026\\\/07\\\/27\\\/tra-storia-arte-e-cime-dolomitiche-mercoledi-prende-il-via-la-settimana-organistica-nellagordino\\\/\",\"url\":\"https:\\\/\\\/www.bellunopress.it\\\/2026\\\/07\\\/27\\\/tra-storia-arte-e-cime-dolomitiche-mercoledi-prende-il-via-la-settimana-organistica-nellagordino\\\/\",\"name\":\"Tra storia, arte e cime dolomitiche: mercoled\u00ec prende il via la Settimana organistica nell'Agordino - Bellunopress - Dolomiti\",\"isPartOf\":{\"@id\":\"https:\\\/\\\/www.bellunopress.it\\\/#website\"},\"primaryImageOfPage\":{\"@id\":\"https:\\\/\\\/www.bellunopress.it\\\/2026\\\/07\\\/27\\\/tra-storia-arte-e-cime-dolomitiche-mercoledi-prende-il-via-la-settimana-organistica-nellagordino\\\/#primaryimage\"},\"image\":{\"@id\":\"https:\\\/\\\/www.bellunopress.it\\\/2026\\\/07\\\/27\\\/tra-storia-arte-e-cime-dolomitiche-mercoledi-prende-il-via-la-settimana-organistica-nellagordino\\\/#primaryimage\"},\"thumbnailUrl\":\"https:\\\/\\\/www.bellunopress.it\\\/wp-content\\\/uploads\\\/2026\\\/07\\\/nicola-lamon-organo-clavicembalo.jpg\",\"datePublished\":\"2026-07-27T17:21:26+00:00\",\"breadcrumb\":{\"@id\":\"https:\\\/\\\/www.bellunopress.it\\\/2026\\\/07\\\/27\\\/tra-storia-arte-e-cime-dolomitiche-mercoledi-prende-il-via-la-settimana-organistica-nellagordino\\\/#breadcrumb\"},\"inLanguage\":\"fr-FR\",\"potentialAction\":[{\"@type\":\"ReadAction\",\"target\":[\"https:\\\/\\\/www.bellunopress.it\\\/2026\\\/07\\\/27\\\/tra-storia-arte-e-cime-dolomitiche-mercoledi-prende-il-via-la-settimana-organistica-nellagordino\\\/\"]}]},{\"@type\":\"ImageObject\",\"inLanguage\":\"fr-FR\",\"@id\":\"https:\\\/\\\/www.bellunopress.it\\\/2026\\\/07\\\/27\\\/tra-storia-arte-e-cime-dolomitiche-mercoledi-prende-il-via-la-settimana-organistica-nellagordino\\\/#primaryimage\",\"url\":\"https:\\\/\\\/www.bellunopress.it\\\/wp-content\\\/uploads\\\/2026\\\/07\\\/nicola-lamon-organo-clavicembalo.jpg\",\"contentUrl\":\"https:\\\/\\\/www.bellunopress.it\\\/wp-content\\\/uploads\\\/2026\\\/07\\\/nicola-lamon-organo-clavicembalo.jpg\",\"width\":441,\"height\":500,\"caption\":\"Maestro Nicola Lamon, organo e clavicembalo\"},{\"@type\":\"BreadcrumbList\",\"@id\":\"https:\\\/\\\/www.bellunopress.it\\\/2026\\\/07\\\/27\\\/tra-storia-arte-e-cime-dolomitiche-mercoledi-prende-il-via-la-settimana-organistica-nellagordino\\\/#breadcrumb\",\"itemListElement\":[{\"@type\":\"ListItem\",\"position\":1,\"name\":\"Home\",\"item\":\"https:\\\/\\\/www.bellunopress.it\\\/\"},{\"@type\":\"ListItem\",\"position\":2,\"name\":\"Tra storia, arte e cime dolomitiche: mercoled\u00ec prende il via la Settimana organistica nell&#8217;Agordino\"}]},{\"@type\":\"WebSite\",\"@id\":\"https:\\\/\\\/www.bellunopress.it\\\/#website\",\"url\":\"https:\\\/\\\/www.bellunopress.it\\\/\",\"name\":\"Bellunopress - Dolomiti\",\"description\":\"e-mail: redazione@bellunopress.it\",\"publisher\":{\"@id\":\"https:\\\/\\\/www.bellunopress.it\\\/#organization\"},\"potentialAction\":[{\"@type\":\"SearchAction\",\"target\":{\"@type\":\"EntryPoint\",\"urlTemplate\":\"https:\\\/\\\/www.bellunopress.it\\\/?s={search_term_string}\"},\"query-input\":{\"@type\":\"PropertyValueSpecification\",\"valueRequired\":true,\"valueName\":\"search_term_string\"}}],\"inLanguage\":\"fr-FR\"},{\"@type\":\"Organization\",\"@id\":\"https:\\\/\\\/www.bellunopress.it\\\/#organization\",\"name\":\"Bellunopress\",\"url\":\"https:\\\/\\\/www.bellunopress.it\\\/\",\"logo\":{\"@type\":\"ImageObject\",\"inLanguage\":\"fr-FR\",\"@id\":\"https:\\\/\\\/www.bellunopress.it\\\/#\\\/schema\\\/logo\\\/image\\\/\",\"url\":\"https:\\\/\\\/www.bellunopress.it\\\/wp-content\\\/uploads\\\/2011\\\/05\\\/cropped-logo-bellunopress-.jpg\",\"contentUrl\":\"https:\\\/\\\/www.bellunopress.it\\\/wp-content\\\/uploads\\\/2011\\\/05\\\/cropped-logo-bellunopress-.jpg\",\"width\":512,\"height\":512,\"caption\":\"Bellunopress\"},\"image\":{\"@id\":\"https:\\\/\\\/www.bellunopress.it\\\/#\\\/schema\\\/logo\\\/image\\\/\"},\"sameAs\":[\"https:\\\/\\\/www.facebook.com\\\/profile.php?id=100008943462799\",\"https:\\\/\\\/x.com\\\/bellunopress\",\"https:\\\/\\\/www.linkedin.com\\\/hp\\\/?dnr=JBzUWaJfMUw8vbXJJ2tVW5-I3jZKvC4wsoxE&amp;amp;amp;amp;amp;amp;trk=nav_responsive_tab_home\",\"https:\\\/\\\/www.youtube.com\\\/channel\\\/UCxL0wu1uN0_3_7hGG0306cw\"]},{\"@type\":\"Person\",\"@id\":\"https:\\\/\\\/www.bellunopress.it\\\/#\\\/schema\\\/person\\\/79bb06722b37ece1c03d3e94beb30d73\",\"name\":\"redazione\",\"image\":{\"@type\":\"ImageObject\",\"inLanguage\":\"fr-FR\",\"@id\":\"https:\\\/\\\/secure.gravatar.com\\\/avatar\\\/37d968a2e67a6fd04c169c4bdef102d0bc5d31b2546345219e348575eb80e9a0?s=96&d=mm&r=g\",\"url\":\"https:\\\/\\\/secure.gravatar.com\\\/avatar\\\/37d968a2e67a6fd04c169c4bdef102d0bc5d31b2546345219e348575eb80e9a0?s=96&d=mm&r=g\",\"contentUrl\":\"https:\\\/\\\/secure.gravatar.com\\\/avatar\\\/37d968a2e67a6fd04c169c4bdef102d0bc5d31b2546345219e348575eb80e9a0?s=96&d=mm&r=g\",\"caption\":\"redazione\"},\"sameAs\":[\"http:\\\/\\\/www.bellunopress.it\",\"https:\\\/\\\/x.com\\\/bellunopress\"],\"url\":\"https:\\\/\\\/www.bellunopress.it\\\/fr\\\/author\\\/redazione\\\/\"}]}<\/script>\n<!-- \/ Yoast SEO plugin. -->","yoast_head_json":{"title":"Tra storia, arte e cime dolomitiche: mercoled\u00ec prende il via la Settimana organistica nell'Agordino - Bellunopress - Dolomiti","robots":{"index":"index","follow":"follow","max-snippet":"max-snippet:-1","max-image-preview":"max-image-preview:large","max-video-preview":"max-video-preview:-1"},"canonical":"https:\/\/www.bellunopress.it\/fr\/2026\/07\/27\/tra-storia-arte-e-cime-dolomitiche-mercoledi-prende-il-via-la-settimana-organistica-nellagordino\/","og_locale":"fr_FR","og_type":"article","og_title":"Tra storia, arte e cime dolomitiche: mercoled\u00ec prende il via la Settimana organistica nell'Agordino - Bellunopress - Dolomiti","og_description":"L&#8217;appuntamento inaugurale \u00e8 fissato per mercoled\u00ec 29 luglio con la passeggiata musicale &#8220;Respirando con la musica&#8221;, un itinerario itinerante tra Caprile e Alleghe guidato dal maestro Nicola Lamon alla scoperta di preziosi organi storici. \u00a0Un connubio perfetto tra la maestosit\u00e0 delle vette dolomitiche e la raffinata bellezza della musica antica: si alza il sipario sulla [&hellip;]","og_url":"https:\/\/www.bellunopress.it\/fr\/2026\/07\/27\/tra-storia-arte-e-cime-dolomitiche-mercoledi-prende-il-via-la-settimana-organistica-nellagordino\/","og_site_name":"Bellunopress - Dolomiti","article_publisher":"https:\/\/www.facebook.com\/profile.php?id=100008943462799","article_published_time":"2026-07-27T17:21:26+00:00","og_image":[{"width":441,"height":500,"url":"https:\/\/www.bellunopress.it\/wp-content\/uploads\/2026\/07\/nicola-lamon-organo-clavicembalo.jpg","type":"image\/jpeg"}],"author":"redazione","twitter_card":"summary_large_image","twitter_creator":"@bellunopress","twitter_site":"@bellunopress","twitter_misc":{"\u00c9crit par":"redazione","Dur\u00e9e de lecture estim\u00e9e":"3 minutes"},"schema":{"@context":"https:\/\/schema.org","@graph":[{"@type":"Article","@id":"https:\/\/www.bellunopress.it\/2026\/07\/27\/tra-storia-arte-e-cime-dolomitiche-mercoledi-prende-il-via-la-settimana-organistica-nellagordino\/#article","isPartOf":{"@id":"https:\/\/www.bellunopress.it\/2026\/07\/27\/tra-storia-arte-e-cime-dolomitiche-mercoledi-prende-il-via-la-settimana-organistica-nellagordino\/"},"author":{"name":"redazione","@id":"https:\/\/www.bellunopress.it\/#\/schema\/person\/79bb06722b37ece1c03d3e94beb30d73"},"headline":"Tra storia, arte e cime dolomitiche: mercoled\u00ec prende il via la Settimana organistica nell&#8217;Agordino","datePublished":"2026-07-27T17:21:26+00:00","mainEntityOfPage":{"@id":"https:\/\/www.bellunopress.it\/2026\/07\/27\/tra-storia-arte-e-cime-dolomitiche-mercoledi-prende-il-via-la-settimana-organistica-nellagordino\/"},"wordCount":447,"publisher":{"@id":"https:\/\/www.bellunopress.it\/#organization"},"image":{"@id":"https:\/\/www.bellunopress.it\/2026\/07\/27\/tra-storia-arte-e-cime-dolomitiche-mercoledi-prende-il-via-la-settimana-organistica-nellagordino\/#primaryimage"},"thumbnailUrl":"https:\/\/www.bellunopress.it\/wp-content\/uploads\/2026\/07\/nicola-lamon-organo-clavicembalo.jpg","articleSection":["Appuntamenti, Eventi","Arte, Cultura, Spettacoli, Scienza","Pausa Caff\u00e8"],"inLanguage":"fr-FR"},{"@type":"WebPage","@id":"https:\/\/www.bellunopress.it\/2026\/07\/27\/tra-storia-arte-e-cime-dolomitiche-mercoledi-prende-il-via-la-settimana-organistica-nellagordino\/","url":"https:\/\/www.bellunopress.it\/2026\/07\/27\/tra-storia-arte-e-cime-dolomitiche-mercoledi-prende-il-via-la-settimana-organistica-nellagordino\/","name":"Tra storia, arte e cime dolomitiche: mercoled\u00ec prende il via la Settimana organistica nell'Agordino - Bellunopress - Dolomiti","isPartOf":{"@id":"https:\/\/www.bellunopress.it\/#website"},"primaryImageOfPage":{"@id":"https:\/\/www.bellunopress.it\/2026\/07\/27\/tra-storia-arte-e-cime-dolomitiche-mercoledi-prende-il-via-la-settimana-organistica-nellagordino\/#primaryimage"},"image":{"@id":"https:\/\/www.bellunopress.it\/2026\/07\/27\/tra-storia-arte-e-cime-dolomitiche-mercoledi-prende-il-via-la-settimana-organistica-nellagordino\/#primaryimage"},"thumbnailUrl":"https:\/\/www.bellunopress.it\/wp-content\/uploads\/2026\/07\/nicola-lamon-organo-clavicembalo.jpg","datePublished":"2026-07-27T17:21:26+00:00","breadcrumb":{"@id":"https:\/\/www.bellunopress.it\/2026\/07\/27\/tra-storia-arte-e-cime-dolomitiche-mercoledi-prende-il-via-la-settimana-organistica-nellagordino\/#breadcrumb"},"inLanguage":"fr-FR","potentialAction":[{"@type":"ReadAction","target":["https:\/\/www.bellunopress.it\/2026\/07\/27\/tra-storia-arte-e-cime-dolomitiche-mercoledi-prende-il-via-la-settimana-organistica-nellagordino\/"]}]},{"@type":"ImageObject","inLanguage":"fr-FR","@id":"https:\/\/www.bellunopress.it\/2026\/07\/27\/tra-storia-arte-e-cime-dolomitiche-mercoledi-prende-il-via-la-settimana-organistica-nellagordino\/#primaryimage","url":"https:\/\/www.bellunopress.it\/wp-content\/uploads\/2026\/07\/nicola-lamon-organo-clavicembalo.jpg","contentUrl":"https:\/\/www.bellunopress.it\/wp-content\/uploads\/2026\/07\/nicola-lamon-organo-clavicembalo.jpg","width":441,"height":500,"caption":"Maestro Nicola Lamon, organo e clavicembalo"},{"@type":"BreadcrumbList","@id":"https:\/\/www.bellunopress.it\/2026\/07\/27\/tra-storia-arte-e-cime-dolomitiche-mercoledi-prende-il-via-la-settimana-organistica-nellagordino\/#breadcrumb","itemListElement":[{"@type":"ListItem","position":1,"name":"Home","item":"https:\/\/www.bellunopress.it\/"},{"@type":"ListItem","position":2,"name":"Tra storia, arte e cime dolomitiche: mercoled\u00ec prende il via la Settimana organistica nell&#8217;Agordino"}]},{"@type":"WebSite","@id":"https:\/\/www.bellunopress.it\/#website","url":"https:\/\/www.bellunopress.it\/","name":"Bellunopress - Dolomiti","description":"e-mail: redazione@bellunopress.it","publisher":{"@id":"https:\/\/www.bellunopress.it\/#organization"},"potentialAction":[{"@type":"SearchAction","target":{"@type":"EntryPoint","urlTemplate":"https:\/\/www.bellunopress.it\/?s={search_term_string}"},"query-input":{"@type":"PropertyValueSpecification","valueRequired":true,"valueName":"search_term_string"}}],"inLanguage":"fr-FR"},{"@type":"Organization","@id":"https:\/\/www.bellunopress.it\/#organization","name":"Bellunopress","url":"https:\/\/www.bellunopress.it\/","logo":{"@type":"ImageObject","inLanguage":"fr-FR","@id":"https:\/\/www.bellunopress.it\/#\/schema\/logo\/image\/","url":"https:\/\/www.bellunopress.it\/wp-content\/uploads\/2011\/05\/cropped-logo-bellunopress-.jpg","contentUrl":"https:\/\/www.bellunopress.it\/wp-content\/uploads\/2011\/05\/cropped-logo-bellunopress-.jpg","width":512,"height":512,"caption":"Bellunopress"},"image":{"@id":"https:\/\/www.bellunopress.it\/#\/schema\/logo\/image\/"},"sameAs":["https:\/\/www.facebook.com\/profile.php?id=100008943462799","https:\/\/x.com\/bellunopress","https:\/\/www.linkedin.com\/hp\/?dnr=JBzUWaJfMUw8vbXJJ2tVW5-I3jZKvC4wsoxE&amp;amp;amp;amp;amp;amp;trk=nav_responsive_tab_home","https:\/\/www.youtube.com\/channel\/UCxL0wu1uN0_3_7hGG0306cw"]},{"@type":"Person","@id":"https:\/\/www.bellunopress.it\/#\/schema\/person\/79bb06722b37ece1c03d3e94beb30d73","name":"r\u00e9daction","image":{"@type":"ImageObject","inLanguage":"fr-FR","@id":"https:\/\/secure.gravatar.com\/avatar\/37d968a2e67a6fd04c169c4bdef102d0bc5d31b2546345219e348575eb80e9a0?s=96&d=mm&r=g","url":"https:\/\/secure.gravatar.com\/avatar\/37d968a2e67a6fd04c169c4bdef102d0bc5d31b2546345219e348575eb80e9a0?s=96&d=mm&r=g","contentUrl":"https:\/\/secure.gravatar.com\/avatar\/37d968a2e67a6fd04c169c4bdef102d0bc5d31b2546345219e348575eb80e9a0?s=96&d=mm&r=g","caption":"redazione"},"sameAs":["http:\/\/www.bellunopress.it","https:\/\/x.com\/bellunopress"],"url":"https:\/\/www.bellunopress.it\/fr\/author\/redazione\/"}]}},"_links":{"self":[{"href":"https:\/\/www.bellunopress.it\/fr\/wp-json\/wp\/v2\/posts\/172237","targetHints":{"allow":["GET"]}}],"collection":[{"href":"https:\/\/www.bellunopress.it\/fr\/wp-json\/wp\/v2\/posts"}],"about":[{"href":"https:\/\/www.bellunopress.it\/fr\/wp-json\/wp\/v2\/types\/post"}],"author":[{"embeddable":true,"href":"https:\/\/www.bellunopress.it\/fr\/wp-json\/wp\/v2\/users\/2"}],"replies":[{"embeddable":true,"href":"https:\/\/www.bellunopress.it\/fr\/wp-json\/wp\/v2\/comments?post=172237"}],"version-history":[{"count":1,"href":"https:\/\/www.bellunopress.it\/fr\/wp-json\/wp\/v2\/posts\/172237\/revisions"}],"predecessor-version":[{"id":172239,"href":"https:\/\/www.bellunopress.it\/fr\/wp-json\/wp\/v2\/posts\/172237\/revisions\/172239"}],"wp:featuredmedia":[{"embeddable":true,"href":"https:\/\/www.bellunopress.it\/fr\/wp-json\/wp\/v2\/media\/172238"}],"wp:attachment":[{"href":"https:\/\/www.bellunopress.it\/fr\/wp-json\/wp\/v2\/media?parent=172237"}],"wp:term":[{"taxonomy":"category","embeddable":true,"href":"https:\/\/www.bellunopress.it\/fr\/wp-json\/wp\/v2\/categories?post=172237"},{"taxonomy":"post_tag","embeddable":true,"href":"https:\/\/www.bellunopress.it\/fr\/wp-json\/wp\/v2\/tags?post=172237"}],"curies":[{"name":"wp","href":"https:\/\/api.w.org\/{rel}","templated":true}]}}