{"id":172230,"date":"2026-07-27T13:50:33","date_gmt":"2026-07-27T11:50:33","guid":{"rendered":"https:\/\/www.bellunopress.it\/?p=172230"},"modified":"2026-07-27T13:50:33","modified_gmt":"2026-07-27T11:50:33","slug":"lago-di-santa-croce-non-possiamo-restare-senzacqua-in-piena-estate","status":"publish","type":"post","link":"https:\/\/www.bellunopress.it\/fr\/2026\/07\/27\/lago-di-santa-croce-non-possiamo-restare-senzacqua-in-piena-estate\/","title":{"rendered":"Lago di Santa Croce: non possiamo restare senz&#8217;acqua in piena estate"},"content":{"rendered":"<p>Vedere il Lago di Santa Croce con un livello cos\u00ec basso proprio nel cuore della stagione turistica \u00e8 un danno che il nostro territorio non pu\u00f2 permettersi. Il lago \u00e8 una delle principali attrazioni del Bellunese, richiama migliaia di visitatori ed \u00e8 il motore di numerose attivit\u00e0 economiche legate agli sport acquatici, alla ristorazione, all&#8217;ospitalit\u00e0 e al tempo libero.<\/p>\n<p>\u00c8 comprensibile che la gestione della risorsa idrica debba tenere conto anche delle esigenze della produzione idroelettrica. Tuttavia, \u00e8 altrettanto doveroso garantire che, nei mesi estivi, il lago mantenga un livello d&#8217;acqua adeguato, capace di sostenere il turismo, preservare il paesaggio e consentire il regolare svolgimento delle attivit\u00e0 in acqua.<\/p>\n<p>Non si tratta di scegliere tra energia e turismo, ma di trovare un equilibrio. Un equilibrio che valorizzi entrambe le esigenze e che eviti di compromettere una risorsa naturale che rappresenta un patrimonio ambientale ed economico per l&#8217;intero territorio.<\/p>\n<p>Il Lago di Santa Croce merita una gestione che guardi anche al futuro del turismo locale. Lasciarlo con poca acqua proprio nei mesi di maggiore affluenza significa penalizzare imprese, lavoratori e l&#8217;immagine di un territorio che vive anche grazie al suo lago.<\/p>\n<p>Lettera firmata<\/p>","protected":false},"excerpt":{"rendered":"<p>Vedere il Lago di Santa Croce con un livello cos\u00ec basso proprio nel cuore della stagione turistica \u00e8 un danno che il nostro territorio non pu\u00f2 permettersi. Il lago \u00e8 una delle principali attrazioni del Bellunese, richiama migliaia di visitatori ed \u00e8 il motore di numerose attivit\u00e0 economiche legate agli sport acquatici, alla ristorazione, all&#8217;ospitalit\u00e0 [&hellip;]<\/p>\n","protected":false},"author":2,"featured_media":172232,"comment_status":"closed","ping_status":"open","sticky":false,"template":"","format":"standard","meta":{"footnotes":""},"categories":[1],"tags":[],"class_list":["post-172230","post","type-post","status-publish","format-standard","has-post-thumbnail","category-leo"],"yoast_head":"<!-- This site is optimized with the Yoast SEO plugin v28.4 - https:\/\/yoast.com\/product\/yoast-seo-wordpress\/ -->\n<title>Lago di Santa Croce: non possiamo restare senz&#039;acqua in piena estate - Bellunopress - Dolomiti<\/title>\n<meta name=\"robots\" content=\"index, follow, max-snippet:-1, max-image-preview:large, max-video-preview:-1\" \/>\n<link rel=\"canonical\" href=\"https:\/\/www.bellunopress.it\/fr\/2026\/07\/27\/lago-di-santa-croce-non-possiamo-restare-senzacqua-in-piena-estate\/\" \/>\n<meta property=\"og:locale\" content=\"fr_FR\" \/>\n<meta property=\"og:type\" content=\"article\" \/>\n<meta property=\"og:title\" content=\"Lago di Santa Croce: non possiamo restare senz&#039;acqua in piena estate - Bellunopress - Dolomiti\" \/>\n<meta property=\"og:description\" content=\"Vedere il Lago di Santa Croce con un livello cos\u00ec basso proprio nel cuore della stagione turistica \u00e8 un danno che il nostro territorio non pu\u00f2 permettersi. Il lago \u00e8 una delle principali attrazioni del Bellunese, richiama migliaia di visitatori ed \u00e8 il motore di numerose attivit\u00e0 economiche legate agli sport acquatici, alla ristorazione, all&#8217;ospitalit\u00e0 [&hellip;]\" \/>\n<meta property=\"og:url\" content=\"https:\/\/www.bellunopress.it\/fr\/2026\/07\/27\/lago-di-santa-croce-non-possiamo-restare-senzacqua-in-piena-estate\/\" \/>\n<meta property=\"og:site_name\" content=\"Bellunopress - Dolomiti\" \/>\n<meta property=\"article:publisher\" content=\"https:\/\/www.facebook.com\/profile.php?id=100008943462799\" \/>\n<meta property=\"article:published_time\" content=\"2026-07-27T11:50:33+00:00\" \/>\n<meta property=\"og:image\" content=\"https:\/\/www.bellunopress.it\/wp-content\/uploads\/2026\/07\/Lago_Santa_Croce_senzacqua.jpg\" \/>\n\t<meta property=\"og:image:width\" content=\"500\" \/>\n\t<meta property=\"og:image:height\" content=\"312\" \/>\n\t<meta property=\"og:image:type\" content=\"image\/jpeg\" \/>\n<meta name=\"author\" content=\"redazione\" \/>\n<meta name=\"twitter:card\" content=\"summary_large_image\" \/>\n<meta name=\"twitter:creator\" content=\"@bellunopress\" \/>\n<meta name=\"twitter:site\" content=\"@bellunopress\" \/>\n<meta name=\"twitter:label1\" content=\"Written by\" \/>\n\t<meta name=\"twitter:data1\" content=\"redazione\" \/>\n\t<meta name=\"twitter:label2\" content=\"Est. reading time\" \/>\n\t<meta name=\"twitter:data2\" content=\"2 minutes\" \/>\n<script type=\"application\/ld+json\" class=\"yoast-schema-graph\">{\"@context\":\"https:\\\/\\\/schema.org\",\"@graph\":[{\"@type\":\"Article\",\"@id\":\"https:\\\/\\\/www.bellunopress.it\\\/2026\\\/07\\\/27\\\/lago-di-santa-croce-non-possiamo-restare-senzacqua-in-piena-estate\\\/#article\",\"isPartOf\":{\"@id\":\"https:\\\/\\\/www.bellunopress.it\\\/2026\\\/07\\\/27\\\/lago-di-santa-croce-non-possiamo-restare-senzacqua-in-piena-estate\\\/\"},\"author\":{\"name\":\"redazione\",\"@id\":\"https:\\\/\\\/www.bellunopress.it\\\/#\\\/schema\\\/person\\\/79bb06722b37ece1c03d3e94beb30d73\"},\"headline\":\"Lago di Santa Croce: non possiamo restare senz&#8217;acqua in piena estate\",\"datePublished\":\"2026-07-27T11:50:33+00:00\",\"mainEntityOfPage\":{\"@id\":\"https:\\\/\\\/www.bellunopress.it\\\/2026\\\/07\\\/27\\\/lago-di-santa-croce-non-possiamo-restare-senzacqua-in-piena-estate\\\/\"},\"wordCount\":203,\"publisher\":{\"@id\":\"https:\\\/\\\/www.bellunopress.it\\\/#organization\"},\"image\":{\"@id\":\"https:\\\/\\\/www.bellunopress.it\\\/2026\\\/07\\\/27\\\/lago-di-santa-croce-non-possiamo-restare-senzacqua-in-piena-estate\\\/#primaryimage\"},\"thumbnailUrl\":\"https:\\\/\\\/www.bellunopress.it\\\/wp-content\\\/uploads\\\/2026\\\/07\\\/Lago_Santa_Croce_senzacqua.jpg\",\"articleSection\":[\"Lettere Opinioni\"],\"inLanguage\":\"fr-FR\"},{\"@type\":\"WebPage\",\"@id\":\"https:\\\/\\\/www.bellunopress.it\\\/2026\\\/07\\\/27\\\/lago-di-santa-croce-non-possiamo-restare-senzacqua-in-piena-estate\\\/\",\"url\":\"https:\\\/\\\/www.bellunopress.it\\\/2026\\\/07\\\/27\\\/lago-di-santa-croce-non-possiamo-restare-senzacqua-in-piena-estate\\\/\",\"name\":\"Lago di Santa Croce: non possiamo restare senz'acqua in piena estate - Bellunopress - Dolomiti\",\"isPartOf\":{\"@id\":\"https:\\\/\\\/www.bellunopress.it\\\/#website\"},\"primaryImageOfPage\":{\"@id\":\"https:\\\/\\\/www.bellunopress.it\\\/2026\\\/07\\\/27\\\/lago-di-santa-croce-non-possiamo-restare-senzacqua-in-piena-estate\\\/#primaryimage\"},\"image\":{\"@id\":\"https:\\\/\\\/www.bellunopress.it\\\/2026\\\/07\\\/27\\\/lago-di-santa-croce-non-possiamo-restare-senzacqua-in-piena-estate\\\/#primaryimage\"},\"thumbnailUrl\":\"https:\\\/\\\/www.bellunopress.it\\\/wp-content\\\/uploads\\\/2026\\\/07\\\/Lago_Santa_Croce_senzacqua.jpg\",\"datePublished\":\"2026-07-27T11:50:33+00:00\",\"breadcrumb\":{\"@id\":\"https:\\\/\\\/www.bellunopress.it\\\/2026\\\/07\\\/27\\\/lago-di-santa-croce-non-possiamo-restare-senzacqua-in-piena-estate\\\/#breadcrumb\"},\"inLanguage\":\"fr-FR\",\"potentialAction\":[{\"@type\":\"ReadAction\",\"target\":[\"https:\\\/\\\/www.bellunopress.it\\\/2026\\\/07\\\/27\\\/lago-di-santa-croce-non-possiamo-restare-senzacqua-in-piena-estate\\\/\"]}]},{\"@type\":\"ImageObject\",\"inLanguage\":\"fr-FR\",\"@id\":\"https:\\\/\\\/www.bellunopress.it\\\/2026\\\/07\\\/27\\\/lago-di-santa-croce-non-possiamo-restare-senzacqua-in-piena-estate\\\/#primaryimage\",\"url\":\"https:\\\/\\\/www.bellunopress.it\\\/wp-content\\\/uploads\\\/2026\\\/07\\\/Lago_Santa_Croce_senzacqua.jpg\",\"contentUrl\":\"https:\\\/\\\/www.bellunopress.it\\\/wp-content\\\/uploads\\\/2026\\\/07\\\/Lago_Santa_Croce_senzacqua.jpg\",\"width\":500,\"height\":312},{\"@type\":\"BreadcrumbList\",\"@id\":\"https:\\\/\\\/www.bellunopress.it\\\/2026\\\/07\\\/27\\\/lago-di-santa-croce-non-possiamo-restare-senzacqua-in-piena-estate\\\/#breadcrumb\",\"itemListElement\":[{\"@type\":\"ListItem\",\"position\":1,\"name\":\"Home\",\"item\":\"https:\\\/\\\/www.bellunopress.it\\\/\"},{\"@type\":\"ListItem\",\"position\":2,\"name\":\"Lago di Santa Croce: non possiamo restare senz&#8217;acqua in piena estate\"}]},{\"@type\":\"WebSite\",\"@id\":\"https:\\\/\\\/www.bellunopress.it\\\/#website\",\"url\":\"https:\\\/\\\/www.bellunopress.it\\\/\",\"name\":\"Bellunopress - Dolomiti\",\"description\":\"e-mail: redazione@bellunopress.it\",\"publisher\":{\"@id\":\"https:\\\/\\\/www.bellunopress.it\\\/#organization\"},\"potentialAction\":[{\"@type\":\"SearchAction\",\"target\":{\"@type\":\"EntryPoint\",\"urlTemplate\":\"https:\\\/\\\/www.bellunopress.it\\\/?s={search_term_string}\"},\"query-input\":{\"@type\":\"PropertyValueSpecification\",\"valueRequired\":true,\"valueName\":\"search_term_string\"}}],\"inLanguage\":\"fr-FR\"},{\"@type\":\"Organization\",\"@id\":\"https:\\\/\\\/www.bellunopress.it\\\/#organization\",\"name\":\"Bellunopress\",\"url\":\"https:\\\/\\\/www.bellunopress.it\\\/\",\"logo\":{\"@type\":\"ImageObject\",\"inLanguage\":\"fr-FR\",\"@id\":\"https:\\\/\\\/www.bellunopress.it\\\/#\\\/schema\\\/logo\\\/image\\\/\",\"url\":\"https:\\\/\\\/www.bellunopress.it\\\/wp-content\\\/uploads\\\/2011\\\/05\\\/cropped-logo-bellunopress-.jpg\",\"contentUrl\":\"https:\\\/\\\/www.bellunopress.it\\\/wp-content\\\/uploads\\\/2011\\\/05\\\/cropped-logo-bellunopress-.jpg\",\"width\":512,\"height\":512,\"caption\":\"Bellunopress\"},\"image\":{\"@id\":\"https:\\\/\\\/www.bellunopress.it\\\/#\\\/schema\\\/logo\\\/image\\\/\"},\"sameAs\":[\"https:\\\/\\\/www.facebook.com\\\/profile.php?id=100008943462799\",\"https:\\\/\\\/x.com\\\/bellunopress\",\"https:\\\/\\\/www.linkedin.com\\\/hp\\\/?dnr=JBzUWaJfMUw8vbXJJ2tVW5-I3jZKvC4wsoxE&amp;amp;amp;amp;amp;amp;trk=nav_responsive_tab_home\",\"https:\\\/\\\/www.youtube.com\\\/channel\\\/UCxL0wu1uN0_3_7hGG0306cw\"]},{\"@type\":\"Person\",\"@id\":\"https:\\\/\\\/www.bellunopress.it\\\/#\\\/schema\\\/person\\\/79bb06722b37ece1c03d3e94beb30d73\",\"name\":\"redazione\",\"image\":{\"@type\":\"ImageObject\",\"inLanguage\":\"fr-FR\",\"@id\":\"https:\\\/\\\/secure.gravatar.com\\\/avatar\\\/37d968a2e67a6fd04c169c4bdef102d0bc5d31b2546345219e348575eb80e9a0?s=96&d=mm&r=g\",\"url\":\"https:\\\/\\\/secure.gravatar.com\\\/avatar\\\/37d968a2e67a6fd04c169c4bdef102d0bc5d31b2546345219e348575eb80e9a0?s=96&d=mm&r=g\",\"contentUrl\":\"https:\\\/\\\/secure.gravatar.com\\\/avatar\\\/37d968a2e67a6fd04c169c4bdef102d0bc5d31b2546345219e348575eb80e9a0?s=96&d=mm&r=g\",\"caption\":\"redazione\"},\"sameAs\":[\"http:\\\/\\\/www.bellunopress.it\",\"https:\\\/\\\/x.com\\\/bellunopress\"],\"url\":\"https:\\\/\\\/www.bellunopress.it\\\/fr\\\/author\\\/redazione\\\/\"}]}<\/script>\n<!-- \/ Yoast SEO plugin. -->","yoast_head_json":{"title":"Lago di Santa Croce: non possiamo restare senz'acqua in piena estate - Bellunopress - Dolomiti","robots":{"index":"index","follow":"follow","max-snippet":"max-snippet:-1","max-image-preview":"max-image-preview:large","max-video-preview":"max-video-preview:-1"},"canonical":"https:\/\/www.bellunopress.it\/fr\/2026\/07\/27\/lago-di-santa-croce-non-possiamo-restare-senzacqua-in-piena-estate\/","og_locale":"fr_FR","og_type":"article","og_title":"Lago di Santa Croce: non possiamo restare senz'acqua in piena estate - Bellunopress - Dolomiti","og_description":"Vedere il Lago di Santa Croce con un livello cos\u00ec basso proprio nel cuore della stagione turistica \u00e8 un danno che il nostro territorio non pu\u00f2 permettersi. Il lago \u00e8 una delle principali attrazioni del Bellunese, richiama migliaia di visitatori ed \u00e8 il motore di numerose attivit\u00e0 economiche legate agli sport acquatici, alla ristorazione, all&#8217;ospitalit\u00e0 [&hellip;]","og_url":"https:\/\/www.bellunopress.it\/fr\/2026\/07\/27\/lago-di-santa-croce-non-possiamo-restare-senzacqua-in-piena-estate\/","og_site_name":"Bellunopress - Dolomiti","article_publisher":"https:\/\/www.facebook.com\/profile.php?id=100008943462799","article_published_time":"2026-07-27T11:50:33+00:00","og_image":[{"width":500,"height":312,"url":"https:\/\/www.bellunopress.it\/wp-content\/uploads\/2026\/07\/Lago_Santa_Croce_senzacqua.jpg","type":"image\/jpeg"}],"author":"redazione","twitter_card":"summary_large_image","twitter_creator":"@bellunopress","twitter_site":"@bellunopress","twitter_misc":{"Written by":"redazione","Est. reading time":"2 minutes"},"schema":{"@context":"https:\/\/schema.org","@graph":[{"@type":"Article","@id":"https:\/\/www.bellunopress.it\/2026\/07\/27\/lago-di-santa-croce-non-possiamo-restare-senzacqua-in-piena-estate\/#article","isPartOf":{"@id":"https:\/\/www.bellunopress.it\/2026\/07\/27\/lago-di-santa-croce-non-possiamo-restare-senzacqua-in-piena-estate\/"},"author":{"name":"redazione","@id":"https:\/\/www.bellunopress.it\/#\/schema\/person\/79bb06722b37ece1c03d3e94beb30d73"},"headline":"Lago di Santa Croce: non possiamo restare senz&#8217;acqua in piena estate","datePublished":"2026-07-27T11:50:33+00:00","mainEntityOfPage":{"@id":"https:\/\/www.bellunopress.it\/2026\/07\/27\/lago-di-santa-croce-non-possiamo-restare-senzacqua-in-piena-estate\/"},"wordCount":203,"publisher":{"@id":"https:\/\/www.bellunopress.it\/#organization"},"image":{"@id":"https:\/\/www.bellunopress.it\/2026\/07\/27\/lago-di-santa-croce-non-possiamo-restare-senzacqua-in-piena-estate\/#primaryimage"},"thumbnailUrl":"https:\/\/www.bellunopress.it\/wp-content\/uploads\/2026\/07\/Lago_Santa_Croce_senzacqua.jpg","articleSection":["Lettere Opinioni"],"inLanguage":"fr-FR"},{"@type":"WebPage","@id":"https:\/\/www.bellunopress.it\/2026\/07\/27\/lago-di-santa-croce-non-possiamo-restare-senzacqua-in-piena-estate\/","url":"https:\/\/www.bellunopress.it\/2026\/07\/27\/lago-di-santa-croce-non-possiamo-restare-senzacqua-in-piena-estate\/","name":"Lago di Santa Croce: non possiamo restare senz'acqua in piena estate - Bellunopress - Dolomiti","isPartOf":{"@id":"https:\/\/www.bellunopress.it\/#website"},"primaryImageOfPage":{"@id":"https:\/\/www.bellunopress.it\/2026\/07\/27\/lago-di-santa-croce-non-possiamo-restare-senzacqua-in-piena-estate\/#primaryimage"},"image":{"@id":"https:\/\/www.bellunopress.it\/2026\/07\/27\/lago-di-santa-croce-non-possiamo-restare-senzacqua-in-piena-estate\/#primaryimage"},"thumbnailUrl":"https:\/\/www.bellunopress.it\/wp-content\/uploads\/2026\/07\/Lago_Santa_Croce_senzacqua.jpg","datePublished":"2026-07-27T11:50:33+00:00","breadcrumb":{"@id":"https:\/\/www.bellunopress.it\/2026\/07\/27\/lago-di-santa-croce-non-possiamo-restare-senzacqua-in-piena-estate\/#breadcrumb"},"inLanguage":"fr-FR","potentialAction":[{"@type":"ReadAction","target":["https:\/\/www.bellunopress.it\/2026\/07\/27\/lago-di-santa-croce-non-possiamo-restare-senzacqua-in-piena-estate\/"]}]},{"@type":"ImageObject","inLanguage":"fr-FR","@id":"https:\/\/www.bellunopress.it\/2026\/07\/27\/lago-di-santa-croce-non-possiamo-restare-senzacqua-in-piena-estate\/#primaryimage","url":"https:\/\/www.bellunopress.it\/wp-content\/uploads\/2026\/07\/Lago_Santa_Croce_senzacqua.jpg","contentUrl":"https:\/\/www.bellunopress.it\/wp-content\/uploads\/2026\/07\/Lago_Santa_Croce_senzacqua.jpg","width":500,"height":312},{"@type":"BreadcrumbList","@id":"https:\/\/www.bellunopress.it\/2026\/07\/27\/lago-di-santa-croce-non-possiamo-restare-senzacqua-in-piena-estate\/#breadcrumb","itemListElement":[{"@type":"ListItem","position":1,"name":"Home","item":"https:\/\/www.bellunopress.it\/"},{"@type":"ListItem","position":2,"name":"Lago di Santa Croce: non possiamo restare senz&#8217;acqua in piena estate"}]},{"@type":"WebSite","@id":"https:\/\/www.bellunopress.it\/#website","url":"https:\/\/www.bellunopress.it\/","name":"Bellunopress - Dolomiti","description":"e-mail: redazione@bellunopress.it","publisher":{"@id":"https:\/\/www.bellunopress.it\/#organization"},"potentialAction":[{"@type":"SearchAction","target":{"@type":"EntryPoint","urlTemplate":"https:\/\/www.bellunopress.it\/?s={search_term_string}"},"query-input":{"@type":"PropertyValueSpecification","valueRequired":true,"valueName":"search_term_string"}}],"inLanguage":"fr-FR"},{"@type":"Organization","@id":"https:\/\/www.bellunopress.it\/#organization","name":"Bellunopress","url":"https:\/\/www.bellunopress.it\/","logo":{"@type":"ImageObject","inLanguage":"fr-FR","@id":"https:\/\/www.bellunopress.it\/#\/schema\/logo\/image\/","url":"https:\/\/www.bellunopress.it\/wp-content\/uploads\/2011\/05\/cropped-logo-bellunopress-.jpg","contentUrl":"https:\/\/www.bellunopress.it\/wp-content\/uploads\/2011\/05\/cropped-logo-bellunopress-.jpg","width":512,"height":512,"caption":"Bellunopress"},"image":{"@id":"https:\/\/www.bellunopress.it\/#\/schema\/logo\/image\/"},"sameAs":["https:\/\/www.facebook.com\/profile.php?id=100008943462799","https:\/\/x.com\/bellunopress","https:\/\/www.linkedin.com\/hp\/?dnr=JBzUWaJfMUw8vbXJJ2tVW5-I3jZKvC4wsoxE&amp;amp;amp;amp;amp;amp;trk=nav_responsive_tab_home","https:\/\/www.youtube.com\/channel\/UCxL0wu1uN0_3_7hGG0306cw"]},{"@type":"Person","@id":"https:\/\/www.bellunopress.it\/#\/schema\/person\/79bb06722b37ece1c03d3e94beb30d73","name":"r\u00e9daction","image":{"@type":"ImageObject","inLanguage":"fr-FR","@id":"https:\/\/secure.gravatar.com\/avatar\/37d968a2e67a6fd04c169c4bdef102d0bc5d31b2546345219e348575eb80e9a0?s=96&d=mm&r=g","url":"https:\/\/secure.gravatar.com\/avatar\/37d968a2e67a6fd04c169c4bdef102d0bc5d31b2546345219e348575eb80e9a0?s=96&d=mm&r=g","contentUrl":"https:\/\/secure.gravatar.com\/avatar\/37d968a2e67a6fd04c169c4bdef102d0bc5d31b2546345219e348575eb80e9a0?s=96&d=mm&r=g","caption":"redazione"},"sameAs":["http:\/\/www.bellunopress.it","https:\/\/x.com\/bellunopress"],"url":"https:\/\/www.bellunopress.it\/fr\/author\/redazione\/"}]}},"_links":{"self":[{"href":"https:\/\/www.bellunopress.it\/fr\/wp-json\/wp\/v2\/posts\/172230","targetHints":{"allow":["GET"]}}],"collection":[{"href":"https:\/\/www.bellunopress.it\/fr\/wp-json\/wp\/v2\/posts"}],"about":[{"href":"https:\/\/www.bellunopress.it\/fr\/wp-json\/wp\/v2\/types\/post"}],"author":[{"embeddable":true,"href":"https:\/\/www.bellunopress.it\/fr\/wp-json\/wp\/v2\/users\/2"}],"replies":[{"embeddable":true,"href":"https:\/\/www.bellunopress.it\/fr\/wp-json\/wp\/v2\/comments?post=172230"}],"version-history":[{"count":1,"href":"https:\/\/www.bellunopress.it\/fr\/wp-json\/wp\/v2\/posts\/172230\/revisions"}],"predecessor-version":[{"id":172233,"href":"https:\/\/www.bellunopress.it\/fr\/wp-json\/wp\/v2\/posts\/172230\/revisions\/172233"}],"wp:featuredmedia":[{"embeddable":true,"href":"https:\/\/www.bellunopress.it\/fr\/wp-json\/wp\/v2\/media\/172232"}],"wp:attachment":[{"href":"https:\/\/www.bellunopress.it\/fr\/wp-json\/wp\/v2\/media?parent=172230"}],"wp:term":[{"taxonomy":"category","embeddable":true,"href":"https:\/\/www.bellunopress.it\/fr\/wp-json\/wp\/v2\/categories?post=172230"},{"taxonomy":"post_tag","embeddable":true,"href":"https:\/\/www.bellunopress.it\/fr\/wp-json\/wp\/v2\/tags?post=172230"}],"curies":[{"name":"wp","href":"https:\/\/api.w.org\/{rel}","templated":true}]}}