{"id":172227,"date":"2026-07-27T13:16:23","date_gmt":"2026-07-27T11:16:23","guid":{"rendered":"https:\/\/www.bellunopress.it\/?p=172227"},"modified":"2026-07-27T13:16:23","modified_gmt":"2026-07-27T11:16:23","slug":"maria-mottes-succede-ad-angela-de-min-alla-presidenza-della-moda-confcommercio-belluno-dolomiti","status":"publish","type":"post","link":"https:\/\/www.bellunopress.it\/fr\/2026\/07\/27\/maria-mottes-succede-ad-angela-de-min-alla-presidenza-della-moda-confcommercio-belluno-dolomiti\/","title":{"rendered":"Maria Mottes succede ad Angela De Min alla presidenza della Moda Confcommercio Belluno \u2013 Dolomiti"},"content":{"rendered":"<p>I commercianti del settore Moda di Confcommercio Belluno &#8211; Dolomiti si sono riuniti nella serata del 22 luglio scorso per un confronto sullo stato di salute e sulle prospettive del settore e per procedere al rinnovo della presidenza e del consiglio direttivo.<br \/>\nI presenti hanno analizzato il contesto di mercato, sicuramente non particolarmente florido, per un settore \u2013 quello dei piccoli negozi al dettaglio di abbigliamento, calzature ed articoli di moda \u2013 che patisce livelli di concorrenza impari da parte del commercio online in modo particolare. Gli esercenti tradizionali, attraverso le associazioni di categoria, predicano da anni il concetto di \u201cstesso mercato stesse regole\u201d che viene disatteso su vari fronti.<\/p>\n<p>Il Gruppo Moda di Confcommercio Belluno &#8211; Dolomiti, ora guidato da Maria Mottes negoziante nel centro di Belluno, dovr\u00e0 affrontare temi davvero spinosi ed un orizzonte di mercato indecifrabile.<br \/>\n\u201cInnanzitutto \u2013 afferma la neoeletta presidente Maria Mottes \u2013 ringrazio Angela De Min che ha portato avanti con particolare dedizione e passione l\u2019impegno della presidenza negli ultimi due anni. Mi sono messa a disposizione per dare continuit\u00e0 al suo lavoro partendo dall\u2019importanza di promuovere sempre e comunque occasioni di dialogo e di confronto fra colleghi. Solo con la partecipazione attiva riusciremo a trovare delle risposte a questo momento di mercato ed a focalizzare le istanze che da Belluno non mancheremo di riportare ai nostri livelli associativi regionali e nazionali\u201d.<\/p>\n<p>\u201cDal dibattito emerso in riunione \u2013 continua la presidente \u2013 \u00e8 emersa l\u2019importanza di agire su pi\u00f9 fronti. Da un lato \u00e8 necessario che nel nostro mercato di riferimento le regole di ingaggio, l\u2019assetto normativo, il trattamento fiscale siano uguali tanto per chi opera con negozi fisici quanto per i colossi del web; dall\u2019altro lato \u00e8 fondamentale che la politica, gli amministratori regionali e locali lavorino con noi su strategie cruciali: incentivare la residenzialit\u00e0 nei centri storici, sostenere le attivit\u00e0 che vi operano, favorire i processi di animazione e di attrattivit\u00e0 a valenza commerciale. Poi sono convinta che la differenza la faranno professionalit\u00e0 e servizio che i negozianti sanno garantire ai clienti. Ma delle basi di riferimento per un contesto di mercato equo sono necessarie\u201d.<\/p>\n<p>A coadiuvare la presidente Maria Mottes saranno impegnati i consiglieri Christian Marchetti di Belluno, Stefano De Marco di Feltre e Oscar Rampazzo di Ponte nelle Alpi.<\/p>","protected":false},"excerpt":{"rendered":"<p>I commercianti del settore Moda di Confcommercio Belluno &#8211; Dolomiti si sono riuniti nella serata del 22 luglio scorso per un confronto sullo stato di salute e sulle prospettive del settore e per procedere al rinnovo della presidenza e del consiglio direttivo. I presenti hanno analizzato il contesto di mercato, sicuramente non particolarmente florido, per [&hellip;]<\/p>\n","protected":false},"author":2,"featured_media":172228,"comment_status":"closed","ping_status":"open","sticky":false,"template":"","format":"standard","meta":{"footnotes":""},"categories":[36,26],"tags":[],"class_list":["post-172227","post","type-post","status-publish","format-standard","has-post-thumbnail","category-lavoro-economia","category-prima-pagina"],"yoast_head":"<!-- This site is optimized with the Yoast SEO plugin v28.4 - https:\/\/yoast.com\/product\/yoast-seo-wordpress\/ -->\n<title>Maria Mottes succede ad Angela De Min alla presidenza della Moda Confcommercio Belluno \u2013 Dolomiti - Bellunopress - Dolomiti<\/title>\n<meta name=\"robots\" content=\"index, follow, max-snippet:-1, max-image-preview:large, max-video-preview:-1\" \/>\n<link rel=\"canonical\" href=\"https:\/\/www.bellunopress.it\/fr\/2026\/07\/27\/maria-mottes-succede-ad-angela-de-min-alla-presidenza-della-moda-confcommercio-belluno-dolomiti\/\" \/>\n<meta property=\"og:locale\" content=\"fr_FR\" \/>\n<meta property=\"og:type\" content=\"article\" \/>\n<meta property=\"og:title\" content=\"Maria Mottes succede ad Angela De Min alla presidenza della Moda Confcommercio Belluno \u2013 Dolomiti - Bellunopress - Dolomiti\" \/>\n<meta property=\"og:description\" content=\"I commercianti del settore Moda di Confcommercio Belluno &#8211; Dolomiti si sono riuniti nella serata del 22 luglio scorso per un confronto sullo stato di salute e sulle prospettive del settore e per procedere al rinnovo della presidenza e del consiglio direttivo. I presenti hanno analizzato il contesto di mercato, sicuramente non particolarmente florido, per [&hellip;]\" \/>\n<meta property=\"og:url\" content=\"https:\/\/www.bellunopress.it\/fr\/2026\/07\/27\/maria-mottes-succede-ad-angela-de-min-alla-presidenza-della-moda-confcommercio-belluno-dolomiti\/\" \/>\n<meta property=\"og:site_name\" content=\"Bellunopress - Dolomiti\" \/>\n<meta property=\"article:publisher\" content=\"https:\/\/www.facebook.com\/profile.php?id=100008943462799\" \/>\n<meta property=\"article:published_time\" content=\"2026-07-27T11:16:23+00:00\" \/>\n<meta property=\"og:image\" content=\"https:\/\/www.bellunopress.it\/wp-content\/uploads\/2026\/07\/Maria-Mottes.jpg\" \/>\n\t<meta property=\"og:image:width\" content=\"500\" \/>\n\t<meta property=\"og:image:height\" content=\"500\" \/>\n\t<meta property=\"og:image:type\" content=\"image\/jpeg\" \/>\n<meta name=\"author\" content=\"redazione\" \/>\n<meta name=\"twitter:card\" content=\"summary_large_image\" \/>\n<meta name=\"twitter:creator\" content=\"@bellunopress\" \/>\n<meta name=\"twitter:site\" content=\"@bellunopress\" \/>\n<meta name=\"twitter:label1\" content=\"Written by\" \/>\n\t<meta name=\"twitter:data1\" content=\"redazione\" \/>\n\t<meta name=\"twitter:label2\" content=\"Est. reading time\" \/>\n\t<meta name=\"twitter:data2\" content=\"3 minutes\" \/>\n<script type=\"application\/ld+json\" class=\"yoast-schema-graph\">{\"@context\":\"https:\\\/\\\/schema.org\",\"@graph\":[{\"@type\":\"Article\",\"@id\":\"https:\\\/\\\/www.bellunopress.it\\\/2026\\\/07\\\/27\\\/maria-mottes-succede-ad-angela-de-min-alla-presidenza-della-moda-confcommercio-belluno-dolomiti\\\/#article\",\"isPartOf\":{\"@id\":\"https:\\\/\\\/www.bellunopress.it\\\/2026\\\/07\\\/27\\\/maria-mottes-succede-ad-angela-de-min-alla-presidenza-della-moda-confcommercio-belluno-dolomiti\\\/\"},\"author\":{\"name\":\"redazione\",\"@id\":\"https:\\\/\\\/www.bellunopress.it\\\/#\\\/schema\\\/person\\\/79bb06722b37ece1c03d3e94beb30d73\"},\"headline\":\"Maria Mottes succede ad Angela De Min alla presidenza della Moda Confcommercio Belluno \u2013 Dolomiti\",\"datePublished\":\"2026-07-27T11:16:23+00:00\",\"mainEntityOfPage\":{\"@id\":\"https:\\\/\\\/www.bellunopress.it\\\/2026\\\/07\\\/27\\\/maria-mottes-succede-ad-angela-de-min-alla-presidenza-della-moda-confcommercio-belluno-dolomiti\\\/\"},\"wordCount\":388,\"publisher\":{\"@id\":\"https:\\\/\\\/www.bellunopress.it\\\/#organization\"},\"image\":{\"@id\":\"https:\\\/\\\/www.bellunopress.it\\\/2026\\\/07\\\/27\\\/maria-mottes-succede-ad-angela-de-min-alla-presidenza-della-moda-confcommercio-belluno-dolomiti\\\/#primaryimage\"},\"thumbnailUrl\":\"https:\\\/\\\/www.bellunopress.it\\\/wp-content\\\/uploads\\\/2026\\\/07\\\/Maria-Mottes.jpg\",\"articleSection\":[\"Lavoro, Economia, Turismo\",\"Prima Pagina\"],\"inLanguage\":\"fr-FR\"},{\"@type\":\"WebPage\",\"@id\":\"https:\\\/\\\/www.bellunopress.it\\\/2026\\\/07\\\/27\\\/maria-mottes-succede-ad-angela-de-min-alla-presidenza-della-moda-confcommercio-belluno-dolomiti\\\/\",\"url\":\"https:\\\/\\\/www.bellunopress.it\\\/2026\\\/07\\\/27\\\/maria-mottes-succede-ad-angela-de-min-alla-presidenza-della-moda-confcommercio-belluno-dolomiti\\\/\",\"name\":\"Maria Mottes succede ad Angela De Min alla presidenza della Moda Confcommercio Belluno \u2013 Dolomiti - Bellunopress - Dolomiti\",\"isPartOf\":{\"@id\":\"https:\\\/\\\/www.bellunopress.it\\\/#website\"},\"primaryImageOfPage\":{\"@id\":\"https:\\\/\\\/www.bellunopress.it\\\/2026\\\/07\\\/27\\\/maria-mottes-succede-ad-angela-de-min-alla-presidenza-della-moda-confcommercio-belluno-dolomiti\\\/#primaryimage\"},\"image\":{\"@id\":\"https:\\\/\\\/www.bellunopress.it\\\/2026\\\/07\\\/27\\\/maria-mottes-succede-ad-angela-de-min-alla-presidenza-della-moda-confcommercio-belluno-dolomiti\\\/#primaryimage\"},\"thumbnailUrl\":\"https:\\\/\\\/www.bellunopress.it\\\/wp-content\\\/uploads\\\/2026\\\/07\\\/Maria-Mottes.jpg\",\"datePublished\":\"2026-07-27T11:16:23+00:00\",\"breadcrumb\":{\"@id\":\"https:\\\/\\\/www.bellunopress.it\\\/2026\\\/07\\\/27\\\/maria-mottes-succede-ad-angela-de-min-alla-presidenza-della-moda-confcommercio-belluno-dolomiti\\\/#breadcrumb\"},\"inLanguage\":\"fr-FR\",\"potentialAction\":[{\"@type\":\"ReadAction\",\"target\":[\"https:\\\/\\\/www.bellunopress.it\\\/2026\\\/07\\\/27\\\/maria-mottes-succede-ad-angela-de-min-alla-presidenza-della-moda-confcommercio-belluno-dolomiti\\\/\"]}]},{\"@type\":\"ImageObject\",\"inLanguage\":\"fr-FR\",\"@id\":\"https:\\\/\\\/www.bellunopress.it\\\/2026\\\/07\\\/27\\\/maria-mottes-succede-ad-angela-de-min-alla-presidenza-della-moda-confcommercio-belluno-dolomiti\\\/#primaryimage\",\"url\":\"https:\\\/\\\/www.bellunopress.it\\\/wp-content\\\/uploads\\\/2026\\\/07\\\/Maria-Mottes.jpg\",\"contentUrl\":\"https:\\\/\\\/www.bellunopress.it\\\/wp-content\\\/uploads\\\/2026\\\/07\\\/Maria-Mottes.jpg\",\"width\":500,\"height\":500,\"caption\":\"Maria Mottes, presidente del Gruppo Moda di Confcommercio Belluno - Dolomiti\"},{\"@type\":\"BreadcrumbList\",\"@id\":\"https:\\\/\\\/www.bellunopress.it\\\/2026\\\/07\\\/27\\\/maria-mottes-succede-ad-angela-de-min-alla-presidenza-della-moda-confcommercio-belluno-dolomiti\\\/#breadcrumb\",\"itemListElement\":[{\"@type\":\"ListItem\",\"position\":1,\"name\":\"Home\",\"item\":\"https:\\\/\\\/www.bellunopress.it\\\/\"},{\"@type\":\"ListItem\",\"position\":2,\"name\":\"Maria Mottes succede ad Angela De Min alla presidenza della Moda Confcommercio Belluno \u2013 Dolomiti\"}]},{\"@type\":\"WebSite\",\"@id\":\"https:\\\/\\\/www.bellunopress.it\\\/#website\",\"url\":\"https:\\\/\\\/www.bellunopress.it\\\/\",\"name\":\"Bellunopress - Dolomiti\",\"description\":\"e-mail: redazione@bellunopress.it\",\"publisher\":{\"@id\":\"https:\\\/\\\/www.bellunopress.it\\\/#organization\"},\"potentialAction\":[{\"@type\":\"SearchAction\",\"target\":{\"@type\":\"EntryPoint\",\"urlTemplate\":\"https:\\\/\\\/www.bellunopress.it\\\/?s={search_term_string}\"},\"query-input\":{\"@type\":\"PropertyValueSpecification\",\"valueRequired\":true,\"valueName\":\"search_term_string\"}}],\"inLanguage\":\"fr-FR\"},{\"@type\":\"Organization\",\"@id\":\"https:\\\/\\\/www.bellunopress.it\\\/#organization\",\"name\":\"Bellunopress\",\"url\":\"https:\\\/\\\/www.bellunopress.it\\\/\",\"logo\":{\"@type\":\"ImageObject\",\"inLanguage\":\"fr-FR\",\"@id\":\"https:\\\/\\\/www.bellunopress.it\\\/#\\\/schema\\\/logo\\\/image\\\/\",\"url\":\"https:\\\/\\\/www.bellunopress.it\\\/wp-content\\\/uploads\\\/2011\\\/05\\\/cropped-logo-bellunopress-.jpg\",\"contentUrl\":\"https:\\\/\\\/www.bellunopress.it\\\/wp-content\\\/uploads\\\/2011\\\/05\\\/cropped-logo-bellunopress-.jpg\",\"width\":512,\"height\":512,\"caption\":\"Bellunopress\"},\"image\":{\"@id\":\"https:\\\/\\\/www.bellunopress.it\\\/#\\\/schema\\\/logo\\\/image\\\/\"},\"sameAs\":[\"https:\\\/\\\/www.facebook.com\\\/profile.php?id=100008943462799\",\"https:\\\/\\\/x.com\\\/bellunopress\",\"https:\\\/\\\/www.linkedin.com\\\/hp\\\/?dnr=JBzUWaJfMUw8vbXJJ2tVW5-I3jZKvC4wsoxE&amp;amp;amp;amp;amp;amp;trk=nav_responsive_tab_home\",\"https:\\\/\\\/www.youtube.com\\\/channel\\\/UCxL0wu1uN0_3_7hGG0306cw\"]},{\"@type\":\"Person\",\"@id\":\"https:\\\/\\\/www.bellunopress.it\\\/#\\\/schema\\\/person\\\/79bb06722b37ece1c03d3e94beb30d73\",\"name\":\"redazione\",\"image\":{\"@type\":\"ImageObject\",\"inLanguage\":\"fr-FR\",\"@id\":\"https:\\\/\\\/secure.gravatar.com\\\/avatar\\\/37d968a2e67a6fd04c169c4bdef102d0bc5d31b2546345219e348575eb80e9a0?s=96&d=mm&r=g\",\"url\":\"https:\\\/\\\/secure.gravatar.com\\\/avatar\\\/37d968a2e67a6fd04c169c4bdef102d0bc5d31b2546345219e348575eb80e9a0?s=96&d=mm&r=g\",\"contentUrl\":\"https:\\\/\\\/secure.gravatar.com\\\/avatar\\\/37d968a2e67a6fd04c169c4bdef102d0bc5d31b2546345219e348575eb80e9a0?s=96&d=mm&r=g\",\"caption\":\"redazione\"},\"sameAs\":[\"http:\\\/\\\/www.bellunopress.it\",\"https:\\\/\\\/x.com\\\/bellunopress\"],\"url\":\"https:\\\/\\\/www.bellunopress.it\\\/fr\\\/author\\\/redazione\\\/\"}]}<\/script>\n<!-- \/ Yoast SEO plugin. -->","yoast_head_json":{"title":"Maria Mottes succede ad Angela De Min alla presidenza della Moda Confcommercio Belluno \u2013 Dolomiti - Bellunopress - Dolomiti","robots":{"index":"index","follow":"follow","max-snippet":"max-snippet:-1","max-image-preview":"max-image-preview:large","max-video-preview":"max-video-preview:-1"},"canonical":"https:\/\/www.bellunopress.it\/fr\/2026\/07\/27\/maria-mottes-succede-ad-angela-de-min-alla-presidenza-della-moda-confcommercio-belluno-dolomiti\/","og_locale":"fr_FR","og_type":"article","og_title":"Maria Mottes succede ad Angela De Min alla presidenza della Moda Confcommercio Belluno \u2013 Dolomiti - Bellunopress - Dolomiti","og_description":"I commercianti del settore Moda di Confcommercio Belluno &#8211; Dolomiti si sono riuniti nella serata del 22 luglio scorso per un confronto sullo stato di salute e sulle prospettive del settore e per procedere al rinnovo della presidenza e del consiglio direttivo. I presenti hanno analizzato il contesto di mercato, sicuramente non particolarmente florido, per [&hellip;]","og_url":"https:\/\/www.bellunopress.it\/fr\/2026\/07\/27\/maria-mottes-succede-ad-angela-de-min-alla-presidenza-della-moda-confcommercio-belluno-dolomiti\/","og_site_name":"Bellunopress - Dolomiti","article_publisher":"https:\/\/www.facebook.com\/profile.php?id=100008943462799","article_published_time":"2026-07-27T11:16:23+00:00","og_image":[{"width":500,"height":500,"url":"https:\/\/www.bellunopress.it\/wp-content\/uploads\/2026\/07\/Maria-Mottes.jpg","type":"image\/jpeg"}],"author":"redazione","twitter_card":"summary_large_image","twitter_creator":"@bellunopress","twitter_site":"@bellunopress","twitter_misc":{"Written by":"redazione","Est. reading time":"3 minutes"},"schema":{"@context":"https:\/\/schema.org","@graph":[{"@type":"Article","@id":"https:\/\/www.bellunopress.it\/2026\/07\/27\/maria-mottes-succede-ad-angela-de-min-alla-presidenza-della-moda-confcommercio-belluno-dolomiti\/#article","isPartOf":{"@id":"https:\/\/www.bellunopress.it\/2026\/07\/27\/maria-mottes-succede-ad-angela-de-min-alla-presidenza-della-moda-confcommercio-belluno-dolomiti\/"},"author":{"name":"redazione","@id":"https:\/\/www.bellunopress.it\/#\/schema\/person\/79bb06722b37ece1c03d3e94beb30d73"},"headline":"Maria Mottes succede ad Angela De Min alla presidenza della Moda Confcommercio Belluno \u2013 Dolomiti","datePublished":"2026-07-27T11:16:23+00:00","mainEntityOfPage":{"@id":"https:\/\/www.bellunopress.it\/2026\/07\/27\/maria-mottes-succede-ad-angela-de-min-alla-presidenza-della-moda-confcommercio-belluno-dolomiti\/"},"wordCount":388,"publisher":{"@id":"https:\/\/www.bellunopress.it\/#organization"},"image":{"@id":"https:\/\/www.bellunopress.it\/2026\/07\/27\/maria-mottes-succede-ad-angela-de-min-alla-presidenza-della-moda-confcommercio-belluno-dolomiti\/#primaryimage"},"thumbnailUrl":"https:\/\/www.bellunopress.it\/wp-content\/uploads\/2026\/07\/Maria-Mottes.jpg","articleSection":["Lavoro, Economia, Turismo","Prima Pagina"],"inLanguage":"fr-FR"},{"@type":"WebPage","@id":"https:\/\/www.bellunopress.it\/2026\/07\/27\/maria-mottes-succede-ad-angela-de-min-alla-presidenza-della-moda-confcommercio-belluno-dolomiti\/","url":"https:\/\/www.bellunopress.it\/2026\/07\/27\/maria-mottes-succede-ad-angela-de-min-alla-presidenza-della-moda-confcommercio-belluno-dolomiti\/","name":"Maria Mottes succede ad Angela De Min alla presidenza della Moda Confcommercio Belluno \u2013 Dolomiti - Bellunopress - Dolomiti","isPartOf":{"@id":"https:\/\/www.bellunopress.it\/#website"},"primaryImageOfPage":{"@id":"https:\/\/www.bellunopress.it\/2026\/07\/27\/maria-mottes-succede-ad-angela-de-min-alla-presidenza-della-moda-confcommercio-belluno-dolomiti\/#primaryimage"},"image":{"@id":"https:\/\/www.bellunopress.it\/2026\/07\/27\/maria-mottes-succede-ad-angela-de-min-alla-presidenza-della-moda-confcommercio-belluno-dolomiti\/#primaryimage"},"thumbnailUrl":"https:\/\/www.bellunopress.it\/wp-content\/uploads\/2026\/07\/Maria-Mottes.jpg","datePublished":"2026-07-27T11:16:23+00:00","breadcrumb":{"@id":"https:\/\/www.bellunopress.it\/2026\/07\/27\/maria-mottes-succede-ad-angela-de-min-alla-presidenza-della-moda-confcommercio-belluno-dolomiti\/#breadcrumb"},"inLanguage":"fr-FR","potentialAction":[{"@type":"ReadAction","target":["https:\/\/www.bellunopress.it\/2026\/07\/27\/maria-mottes-succede-ad-angela-de-min-alla-presidenza-della-moda-confcommercio-belluno-dolomiti\/"]}]},{"@type":"ImageObject","inLanguage":"fr-FR","@id":"https:\/\/www.bellunopress.it\/2026\/07\/27\/maria-mottes-succede-ad-angela-de-min-alla-presidenza-della-moda-confcommercio-belluno-dolomiti\/#primaryimage","url":"https:\/\/www.bellunopress.it\/wp-content\/uploads\/2026\/07\/Maria-Mottes.jpg","contentUrl":"https:\/\/www.bellunopress.it\/wp-content\/uploads\/2026\/07\/Maria-Mottes.jpg","width":500,"height":500,"caption":"Maria Mottes, presidente del Gruppo Moda di Confcommercio Belluno - Dolomiti"},{"@type":"BreadcrumbList","@id":"https:\/\/www.bellunopress.it\/2026\/07\/27\/maria-mottes-succede-ad-angela-de-min-alla-presidenza-della-moda-confcommercio-belluno-dolomiti\/#breadcrumb","itemListElement":[{"@type":"ListItem","position":1,"name":"Home","item":"https:\/\/www.bellunopress.it\/"},{"@type":"ListItem","position":2,"name":"Maria Mottes succede ad Angela De Min alla presidenza della Moda Confcommercio Belluno \u2013 Dolomiti"}]},{"@type":"WebSite","@id":"https:\/\/www.bellunopress.it\/#website","url":"https:\/\/www.bellunopress.it\/","name":"Bellunopress - Dolomiti","description":"e-mail: redazione@bellunopress.it","publisher":{"@id":"https:\/\/www.bellunopress.it\/#organization"},"potentialAction":[{"@type":"SearchAction","target":{"@type":"EntryPoint","urlTemplate":"https:\/\/www.bellunopress.it\/?s={search_term_string}"},"query-input":{"@type":"PropertyValueSpecification","valueRequired":true,"valueName":"search_term_string"}}],"inLanguage":"fr-FR"},{"@type":"Organization","@id":"https:\/\/www.bellunopress.it\/#organization","name":"Bellunopress","url":"https:\/\/www.bellunopress.it\/","logo":{"@type":"ImageObject","inLanguage":"fr-FR","@id":"https:\/\/www.bellunopress.it\/#\/schema\/logo\/image\/","url":"https:\/\/www.bellunopress.it\/wp-content\/uploads\/2011\/05\/cropped-logo-bellunopress-.jpg","contentUrl":"https:\/\/www.bellunopress.it\/wp-content\/uploads\/2011\/05\/cropped-logo-bellunopress-.jpg","width":512,"height":512,"caption":"Bellunopress"},"image":{"@id":"https:\/\/www.bellunopress.it\/#\/schema\/logo\/image\/"},"sameAs":["https:\/\/www.facebook.com\/profile.php?id=100008943462799","https:\/\/x.com\/bellunopress","https:\/\/www.linkedin.com\/hp\/?dnr=JBzUWaJfMUw8vbXJJ2tVW5-I3jZKvC4wsoxE&amp;amp;amp;amp;amp;amp;trk=nav_responsive_tab_home","https:\/\/www.youtube.com\/channel\/UCxL0wu1uN0_3_7hGG0306cw"]},{"@type":"Person","@id":"https:\/\/www.bellunopress.it\/#\/schema\/person\/79bb06722b37ece1c03d3e94beb30d73","name":"r\u00e9daction","image":{"@type":"ImageObject","inLanguage":"fr-FR","@id":"https:\/\/secure.gravatar.com\/avatar\/37d968a2e67a6fd04c169c4bdef102d0bc5d31b2546345219e348575eb80e9a0?s=96&d=mm&r=g","url":"https:\/\/secure.gravatar.com\/avatar\/37d968a2e67a6fd04c169c4bdef102d0bc5d31b2546345219e348575eb80e9a0?s=96&d=mm&r=g","contentUrl":"https:\/\/secure.gravatar.com\/avatar\/37d968a2e67a6fd04c169c4bdef102d0bc5d31b2546345219e348575eb80e9a0?s=96&d=mm&r=g","caption":"redazione"},"sameAs":["http:\/\/www.bellunopress.it","https:\/\/x.com\/bellunopress"],"url":"https:\/\/www.bellunopress.it\/fr\/author\/redazione\/"}]}},"_links":{"self":[{"href":"https:\/\/www.bellunopress.it\/fr\/wp-json\/wp\/v2\/posts\/172227","targetHints":{"allow":["GET"]}}],"collection":[{"href":"https:\/\/www.bellunopress.it\/fr\/wp-json\/wp\/v2\/posts"}],"about":[{"href":"https:\/\/www.bellunopress.it\/fr\/wp-json\/wp\/v2\/types\/post"}],"author":[{"embeddable":true,"href":"https:\/\/www.bellunopress.it\/fr\/wp-json\/wp\/v2\/users\/2"}],"replies":[{"embeddable":true,"href":"https:\/\/www.bellunopress.it\/fr\/wp-json\/wp\/v2\/comments?post=172227"}],"version-history":[{"count":1,"href":"https:\/\/www.bellunopress.it\/fr\/wp-json\/wp\/v2\/posts\/172227\/revisions"}],"predecessor-version":[{"id":172229,"href":"https:\/\/www.bellunopress.it\/fr\/wp-json\/wp\/v2\/posts\/172227\/revisions\/172229"}],"wp:featuredmedia":[{"embeddable":true,"href":"https:\/\/www.bellunopress.it\/fr\/wp-json\/wp\/v2\/media\/172228"}],"wp:attachment":[{"href":"https:\/\/www.bellunopress.it\/fr\/wp-json\/wp\/v2\/media?parent=172227"}],"wp:term":[{"taxonomy":"category","embeddable":true,"href":"https:\/\/www.bellunopress.it\/fr\/wp-json\/wp\/v2\/categories?post=172227"},{"taxonomy":"post_tag","embeddable":true,"href":"https:\/\/www.bellunopress.it\/fr\/wp-json\/wp\/v2\/tags?post=172227"}],"curies":[{"name":"wp","href":"https:\/\/api.w.org\/{rel}","templated":true}]}}