{"id":172225,"date":"2026-07-27T11:26:57","date_gmt":"2026-07-27T09:26:57","guid":{"rendered":"https:\/\/www.bellunopress.it\/?p=172225"},"modified":"2026-07-27T11:26:57","modified_gmt":"2026-07-27T09:26:57","slug":"cento-anni-della-nascita-di-tina-merlin-al-via-le-celebrazioni","status":"publish","type":"post","link":"https:\/\/www.bellunopress.it\/fr\/2026\/07\/27\/cento-anni-della-nascita-di-tina-merlin-al-via-le-celebrazioni\/","title":{"rendered":"Cento anni della nascita di Tina Merlin: al via le celebrazioni"},"content":{"rendered":"<p>Quest\u2019anno ricorre il centenario della nascita a Trichiana di Tina Merlin (1926-2026).<br \/>\nL\u2019Associazione culturale che ne porta il nome con l&#8217;Amministrazione comunale di Borgo Valbelluna ha programmato tre iniziative nel territorio del Comune.<br \/>\nLa prima \u00e8 una mostra fotografica, in collaborazione con il Centro Internazionale Civilt\u00e0 dell\u2019Acqua e la SOMS Societ\u00e0 Operaia di Mutuo Soccorso di Lentiai, che ricorda Tina Merlin nelle sue molte esistenze e passioni (partigiana, giornalista, moglie, figlia e madre), sempre con la stessa tenacia, con la stessa voglia di migliorare il mondo e prima di ogni altro il mondo delle donne e delle lavoratrici. Un altro modo insomma di raccontare la vita di una protagonista della storia del Veneto e non solo.<\/p>\n<p>Lentiai, 1 agosto, ore 18.00<br \/>\nInaugurazione della mostra fotografica \u201cLe radici del cielo. Tina Merlin: una donna, una voce libera\u201d, con letture dell\u2019attrice e regista Consuelo Ciatti. La mostra rimarr\u00e0 aperta fino al 16 agosto con i seguenti orari:<br \/>\nmercoled\u00ec 10-12, venerd\u00ec 16-18, sabato 10-12 e 16-18, domenica 10-12<\/p>\n<p>Mel, 31 ottobre.<br \/>\nSpettacolo teatrale dell\u2019attrice Patricia Zanco \u201cA perdifiato, ritratto in piedi di Tina Merlin\u201d.<\/p>\n<p>Trichiana, 14 novembre.<br \/>\nMostra dell\u2019artista Graziella Da Gioz: \u201cTina Merlin. Nel paesaggio tra fragilit\u00e0 e forza della natura\u201d.<\/p>\n<p>Si svolger\u00e0 anche quest\u2019anno il Premio giornalistico nazionale \u201cDov&#8217;\u00e8 Tina Merlin oggi?\u201d, a cura della Federazione Nazionale Stampa Italiana in collaborazione con l\u2019Associazione, dedicato al giornalismo d\u2019inchiesta.<br \/>\nL\u2019associazione Tina Merlin parteciper\u00e0 inoltre a numerosi convegni e serate organizzate da enti e associazioni in altre province e regioni.<\/p>\n<p>Tina Merlin &#8211;\u00a0Nacque a Trichiana da una famiglia di contadini ed emigranti. Dopo la IVa elementare, contribu\u00ec, come molte ragazze bellunesi, al magro bilancio familiare facendo la domestica a Milano e in altre citt\u00e0. A 18 anni entr\u00f2 nella Resistenza come staffetta nelle file della brigata \u201cSettimo Alpini\u201d. Dopo la guerra si iscrisse al Pci diventando corrispondente provinciale dell\u2019Unit\u00e0, incarico che ricopr\u00ec fino al 1967. Dopo una breve parentesi di lavoro a Budapest, fu corrispondente da Vicenza e poi redattrice della redazione milanese del giornale. Dal 1975 ricopr\u00ec l\u2019incarico di responsabile delle pagine dell\u2019Unit\u00e0 di Venezia e del Veneto. Scrisse numerosi libri, fra i quali il libroinchiesta sul Vajont \u201cSulla pelle viva. Come si costruisce una catastrofe\u201d, e<br \/>\nl\u2019autobiografico \u201cLa casa sulla Marteniga\u201d. Fu inoltre autrice di molti saggi storici su \u201cProtagonisti\u201d, la rivista dell\u2019Isbrec della quale fu socia fondatrice. Mor\u00ec nel 1991.<\/p>","protected":false},"excerpt":{"rendered":"<p>Quest\u2019anno ricorre il centenario della nascita a Trichiana di Tina Merlin (1926-2026). L\u2019Associazione culturale che ne porta il nome con l&#8217;Amministrazione comunale di Borgo Valbelluna ha programmato tre iniziative nel territorio del Comune. La prima \u00e8 una mostra fotografica, in collaborazione con il Centro Internazionale Civilt\u00e0 dell\u2019Acqua e la SOMS Societ\u00e0 Operaia di Mutuo Soccorso [&hellip;]<\/p>\n","protected":false},"author":2,"featured_media":144953,"comment_status":"closed","ping_status":"open","sticky":false,"template":"","format":"standard","meta":{"footnotes":""},"categories":[27,3,25],"tags":[],"class_list":["post-172225","post","type-post","status-publish","format-standard","has-post-thumbnail","category-appuntamenti","category-arte-cultura-spettacoli-scienza-archivi","category-pausa-caffe"],"yoast_head":"<!-- This site is optimized with the Yoast SEO plugin v28.4 - https:\/\/yoast.com\/product\/yoast-seo-wordpress\/ -->\n<title>Cento anni della nascita di Tina Merlin: al via le celebrazioni - Bellunopress - Dolomiti<\/title>\n<meta name=\"robots\" content=\"index, follow, max-snippet:-1, max-image-preview:large, max-video-preview:-1\" \/>\n<link rel=\"canonical\" href=\"https:\/\/www.bellunopress.it\/fr\/2026\/07\/27\/cento-anni-della-nascita-di-tina-merlin-al-via-le-celebrazioni\/\" \/>\n<meta property=\"og:locale\" content=\"fr_FR\" \/>\n<meta property=\"og:type\" content=\"article\" \/>\n<meta property=\"og:title\" content=\"Cento anni della nascita di Tina Merlin: al via le celebrazioni - Bellunopress - Dolomiti\" \/>\n<meta property=\"og:description\" content=\"Quest\u2019anno ricorre il centenario della nascita a Trichiana di Tina Merlin (1926-2026). L\u2019Associazione culturale che ne porta il nome con l&#8217;Amministrazione comunale di Borgo Valbelluna ha programmato tre iniziative nel territorio del Comune. La prima \u00e8 una mostra fotografica, in collaborazione con il Centro Internazionale Civilt\u00e0 dell\u2019Acqua e la SOMS Societ\u00e0 Operaia di Mutuo Soccorso [&hellip;]\" \/>\n<meta property=\"og:url\" content=\"https:\/\/www.bellunopress.it\/fr\/2026\/07\/27\/cento-anni-della-nascita-di-tina-merlin-al-via-le-celebrazioni\/\" \/>\n<meta property=\"og:site_name\" content=\"Bellunopress - Dolomiti\" \/>\n<meta property=\"article:publisher\" content=\"https:\/\/www.facebook.com\/profile.php?id=100008943462799\" \/>\n<meta property=\"article:published_time\" content=\"2026-07-27T09:26:57+00:00\" \/>\n<meta property=\"og:image\" content=\"https:\/\/www.bellunopress.it\/wp-content\/uploads\/2023\/10\/Tina-Merlin-_edited.jpg\" \/>\n\t<meta property=\"og:image:width\" content=\"588\" \/>\n\t<meta property=\"og:image:height\" content=\"888\" \/>\n\t<meta property=\"og:image:type\" content=\"image\/jpeg\" \/>\n<meta name=\"author\" content=\"redazione\" \/>\n<meta name=\"twitter:card\" content=\"summary_large_image\" \/>\n<meta name=\"twitter:creator\" content=\"@bellunopress\" \/>\n<meta name=\"twitter:site\" content=\"@bellunopress\" \/>\n<meta name=\"twitter:label1\" content=\"Written by\" \/>\n\t<meta name=\"twitter:data1\" content=\"redazione\" \/>\n\t<meta name=\"twitter:label2\" content=\"Est. reading time\" \/>\n\t<meta name=\"twitter:data2\" content=\"3 minutes\" \/>\n<script type=\"application\/ld+json\" class=\"yoast-schema-graph\">{\"@context\":\"https:\\\/\\\/schema.org\",\"@graph\":[{\"@type\":\"Article\",\"@id\":\"https:\\\/\\\/www.bellunopress.it\\\/2026\\\/07\\\/27\\\/cento-anni-della-nascita-di-tina-merlin-al-via-le-celebrazioni\\\/#article\",\"isPartOf\":{\"@id\":\"https:\\\/\\\/www.bellunopress.it\\\/2026\\\/07\\\/27\\\/cento-anni-della-nascita-di-tina-merlin-al-via-le-celebrazioni\\\/\"},\"author\":{\"name\":\"redazione\",\"@id\":\"https:\\\/\\\/www.bellunopress.it\\\/#\\\/schema\\\/person\\\/79bb06722b37ece1c03d3e94beb30d73\"},\"headline\":\"Cento anni della nascita di Tina Merlin: al via le celebrazioni\",\"datePublished\":\"2026-07-27T09:26:57+00:00\",\"mainEntityOfPage\":{\"@id\":\"https:\\\/\\\/www.bellunopress.it\\\/2026\\\/07\\\/27\\\/cento-anni-della-nascita-di-tina-merlin-al-via-le-celebrazioni\\\/\"},\"wordCount\":407,\"publisher\":{\"@id\":\"https:\\\/\\\/www.bellunopress.it\\\/#organization\"},\"image\":{\"@id\":\"https:\\\/\\\/www.bellunopress.it\\\/2026\\\/07\\\/27\\\/cento-anni-della-nascita-di-tina-merlin-al-via-le-celebrazioni\\\/#primaryimage\"},\"thumbnailUrl\":\"https:\\\/\\\/www.bellunopress.it\\\/wp-content\\\/uploads\\\/2023\\\/10\\\/Tina-Merlin-_edited.jpg\",\"articleSection\":[\"Appuntamenti, Eventi\",\"Arte, Cultura, Spettacoli, Scienza\",\"Pausa Caff\u00e8\"],\"inLanguage\":\"fr-FR\"},{\"@type\":\"WebPage\",\"@id\":\"https:\\\/\\\/www.bellunopress.it\\\/2026\\\/07\\\/27\\\/cento-anni-della-nascita-di-tina-merlin-al-via-le-celebrazioni\\\/\",\"url\":\"https:\\\/\\\/www.bellunopress.it\\\/2026\\\/07\\\/27\\\/cento-anni-della-nascita-di-tina-merlin-al-via-le-celebrazioni\\\/\",\"name\":\"Cento anni della nascita di Tina Merlin: al via le celebrazioni - Bellunopress - Dolomiti\",\"isPartOf\":{\"@id\":\"https:\\\/\\\/www.bellunopress.it\\\/#website\"},\"primaryImageOfPage\":{\"@id\":\"https:\\\/\\\/www.bellunopress.it\\\/2026\\\/07\\\/27\\\/cento-anni-della-nascita-di-tina-merlin-al-via-le-celebrazioni\\\/#primaryimage\"},\"image\":{\"@id\":\"https:\\\/\\\/www.bellunopress.it\\\/2026\\\/07\\\/27\\\/cento-anni-della-nascita-di-tina-merlin-al-via-le-celebrazioni\\\/#primaryimage\"},\"thumbnailUrl\":\"https:\\\/\\\/www.bellunopress.it\\\/wp-content\\\/uploads\\\/2023\\\/10\\\/Tina-Merlin-_edited.jpg\",\"datePublished\":\"2026-07-27T09:26:57+00:00\",\"breadcrumb\":{\"@id\":\"https:\\\/\\\/www.bellunopress.it\\\/2026\\\/07\\\/27\\\/cento-anni-della-nascita-di-tina-merlin-al-via-le-celebrazioni\\\/#breadcrumb\"},\"inLanguage\":\"fr-FR\",\"potentialAction\":[{\"@type\":\"ReadAction\",\"target\":[\"https:\\\/\\\/www.bellunopress.it\\\/2026\\\/07\\\/27\\\/cento-anni-della-nascita-di-tina-merlin-al-via-le-celebrazioni\\\/\"]}]},{\"@type\":\"ImageObject\",\"inLanguage\":\"fr-FR\",\"@id\":\"https:\\\/\\\/www.bellunopress.it\\\/2026\\\/07\\\/27\\\/cento-anni-della-nascita-di-tina-merlin-al-via-le-celebrazioni\\\/#primaryimage\",\"url\":\"https:\\\/\\\/www.bellunopress.it\\\/wp-content\\\/uploads\\\/2023\\\/10\\\/Tina-Merlin-_edited.jpg\",\"contentUrl\":\"https:\\\/\\\/www.bellunopress.it\\\/wp-content\\\/uploads\\\/2023\\\/10\\\/Tina-Merlin-_edited.jpg\",\"width\":588,\"height\":888,\"caption\":\"Tina Merlin\"},{\"@type\":\"BreadcrumbList\",\"@id\":\"https:\\\/\\\/www.bellunopress.it\\\/2026\\\/07\\\/27\\\/cento-anni-della-nascita-di-tina-merlin-al-via-le-celebrazioni\\\/#breadcrumb\",\"itemListElement\":[{\"@type\":\"ListItem\",\"position\":1,\"name\":\"Home\",\"item\":\"https:\\\/\\\/www.bellunopress.it\\\/\"},{\"@type\":\"ListItem\",\"position\":2,\"name\":\"Cento anni della nascita di Tina Merlin: al via le celebrazioni\"}]},{\"@type\":\"WebSite\",\"@id\":\"https:\\\/\\\/www.bellunopress.it\\\/#website\",\"url\":\"https:\\\/\\\/www.bellunopress.it\\\/\",\"name\":\"Bellunopress - Dolomiti\",\"description\":\"e-mail: redazione@bellunopress.it\",\"publisher\":{\"@id\":\"https:\\\/\\\/www.bellunopress.it\\\/#organization\"},\"potentialAction\":[{\"@type\":\"SearchAction\",\"target\":{\"@type\":\"EntryPoint\",\"urlTemplate\":\"https:\\\/\\\/www.bellunopress.it\\\/?s={search_term_string}\"},\"query-input\":{\"@type\":\"PropertyValueSpecification\",\"valueRequired\":true,\"valueName\":\"search_term_string\"}}],\"inLanguage\":\"fr-FR\"},{\"@type\":\"Organization\",\"@id\":\"https:\\\/\\\/www.bellunopress.it\\\/#organization\",\"name\":\"Bellunopress\",\"url\":\"https:\\\/\\\/www.bellunopress.it\\\/\",\"logo\":{\"@type\":\"ImageObject\",\"inLanguage\":\"fr-FR\",\"@id\":\"https:\\\/\\\/www.bellunopress.it\\\/#\\\/schema\\\/logo\\\/image\\\/\",\"url\":\"https:\\\/\\\/www.bellunopress.it\\\/wp-content\\\/uploads\\\/2011\\\/05\\\/cropped-logo-bellunopress-.jpg\",\"contentUrl\":\"https:\\\/\\\/www.bellunopress.it\\\/wp-content\\\/uploads\\\/2011\\\/05\\\/cropped-logo-bellunopress-.jpg\",\"width\":512,\"height\":512,\"caption\":\"Bellunopress\"},\"image\":{\"@id\":\"https:\\\/\\\/www.bellunopress.it\\\/#\\\/schema\\\/logo\\\/image\\\/\"},\"sameAs\":[\"https:\\\/\\\/www.facebook.com\\\/profile.php?id=100008943462799\",\"https:\\\/\\\/x.com\\\/bellunopress\",\"https:\\\/\\\/www.linkedin.com\\\/hp\\\/?dnr=JBzUWaJfMUw8vbXJJ2tVW5-I3jZKvC4wsoxE&amp;amp;amp;amp;amp;amp;trk=nav_responsive_tab_home\",\"https:\\\/\\\/www.youtube.com\\\/channel\\\/UCxL0wu1uN0_3_7hGG0306cw\"]},{\"@type\":\"Person\",\"@id\":\"https:\\\/\\\/www.bellunopress.it\\\/#\\\/schema\\\/person\\\/79bb06722b37ece1c03d3e94beb30d73\",\"name\":\"redazione\",\"image\":{\"@type\":\"ImageObject\",\"inLanguage\":\"fr-FR\",\"@id\":\"https:\\\/\\\/secure.gravatar.com\\\/avatar\\\/37d968a2e67a6fd04c169c4bdef102d0bc5d31b2546345219e348575eb80e9a0?s=96&d=mm&r=g\",\"url\":\"https:\\\/\\\/secure.gravatar.com\\\/avatar\\\/37d968a2e67a6fd04c169c4bdef102d0bc5d31b2546345219e348575eb80e9a0?s=96&d=mm&r=g\",\"contentUrl\":\"https:\\\/\\\/secure.gravatar.com\\\/avatar\\\/37d968a2e67a6fd04c169c4bdef102d0bc5d31b2546345219e348575eb80e9a0?s=96&d=mm&r=g\",\"caption\":\"redazione\"},\"sameAs\":[\"http:\\\/\\\/www.bellunopress.it\",\"https:\\\/\\\/x.com\\\/bellunopress\"],\"url\":\"https:\\\/\\\/www.bellunopress.it\\\/fr\\\/author\\\/redazione\\\/\"}]}<\/script>\n<!-- \/ Yoast SEO plugin. -->","yoast_head_json":{"title":"Cento anni della nascita di Tina Merlin: al via le celebrazioni - Bellunopress - Dolomiti","robots":{"index":"index","follow":"follow","max-snippet":"max-snippet:-1","max-image-preview":"max-image-preview:large","max-video-preview":"max-video-preview:-1"},"canonical":"https:\/\/www.bellunopress.it\/fr\/2026\/07\/27\/cento-anni-della-nascita-di-tina-merlin-al-via-le-celebrazioni\/","og_locale":"fr_FR","og_type":"article","og_title":"Cento anni della nascita di Tina Merlin: al via le celebrazioni - Bellunopress - Dolomiti","og_description":"Quest\u2019anno ricorre il centenario della nascita a Trichiana di Tina Merlin (1926-2026). L\u2019Associazione culturale che ne porta il nome con l&#8217;Amministrazione comunale di Borgo Valbelluna ha programmato tre iniziative nel territorio del Comune. La prima \u00e8 una mostra fotografica, in collaborazione con il Centro Internazionale Civilt\u00e0 dell\u2019Acqua e la SOMS Societ\u00e0 Operaia di Mutuo Soccorso [&hellip;]","og_url":"https:\/\/www.bellunopress.it\/fr\/2026\/07\/27\/cento-anni-della-nascita-di-tina-merlin-al-via-le-celebrazioni\/","og_site_name":"Bellunopress - Dolomiti","article_publisher":"https:\/\/www.facebook.com\/profile.php?id=100008943462799","article_published_time":"2026-07-27T09:26:57+00:00","og_image":[{"width":588,"height":888,"url":"https:\/\/www.bellunopress.it\/wp-content\/uploads\/2023\/10\/Tina-Merlin-_edited.jpg","type":"image\/jpeg"}],"author":"redazione","twitter_card":"summary_large_image","twitter_creator":"@bellunopress","twitter_site":"@bellunopress","twitter_misc":{"Written by":"redazione","Est. reading time":"3 minutes"},"schema":{"@context":"https:\/\/schema.org","@graph":[{"@type":"Article","@id":"https:\/\/www.bellunopress.it\/2026\/07\/27\/cento-anni-della-nascita-di-tina-merlin-al-via-le-celebrazioni\/#article","isPartOf":{"@id":"https:\/\/www.bellunopress.it\/2026\/07\/27\/cento-anni-della-nascita-di-tina-merlin-al-via-le-celebrazioni\/"},"author":{"name":"redazione","@id":"https:\/\/www.bellunopress.it\/#\/schema\/person\/79bb06722b37ece1c03d3e94beb30d73"},"headline":"Cento anni della nascita di Tina Merlin: al via le celebrazioni","datePublished":"2026-07-27T09:26:57+00:00","mainEntityOfPage":{"@id":"https:\/\/www.bellunopress.it\/2026\/07\/27\/cento-anni-della-nascita-di-tina-merlin-al-via-le-celebrazioni\/"},"wordCount":407,"publisher":{"@id":"https:\/\/www.bellunopress.it\/#organization"},"image":{"@id":"https:\/\/www.bellunopress.it\/2026\/07\/27\/cento-anni-della-nascita-di-tina-merlin-al-via-le-celebrazioni\/#primaryimage"},"thumbnailUrl":"https:\/\/www.bellunopress.it\/wp-content\/uploads\/2023\/10\/Tina-Merlin-_edited.jpg","articleSection":["Appuntamenti, Eventi","Arte, Cultura, Spettacoli, Scienza","Pausa Caff\u00e8"],"inLanguage":"fr-FR"},{"@type":"WebPage","@id":"https:\/\/www.bellunopress.it\/2026\/07\/27\/cento-anni-della-nascita-di-tina-merlin-al-via-le-celebrazioni\/","url":"https:\/\/www.bellunopress.it\/2026\/07\/27\/cento-anni-della-nascita-di-tina-merlin-al-via-le-celebrazioni\/","name":"Cento anni della nascita di Tina Merlin: al via le celebrazioni - Bellunopress - Dolomiti","isPartOf":{"@id":"https:\/\/www.bellunopress.it\/#website"},"primaryImageOfPage":{"@id":"https:\/\/www.bellunopress.it\/2026\/07\/27\/cento-anni-della-nascita-di-tina-merlin-al-via-le-celebrazioni\/#primaryimage"},"image":{"@id":"https:\/\/www.bellunopress.it\/2026\/07\/27\/cento-anni-della-nascita-di-tina-merlin-al-via-le-celebrazioni\/#primaryimage"},"thumbnailUrl":"https:\/\/www.bellunopress.it\/wp-content\/uploads\/2023\/10\/Tina-Merlin-_edited.jpg","datePublished":"2026-07-27T09:26:57+00:00","breadcrumb":{"@id":"https:\/\/www.bellunopress.it\/2026\/07\/27\/cento-anni-della-nascita-di-tina-merlin-al-via-le-celebrazioni\/#breadcrumb"},"inLanguage":"fr-FR","potentialAction":[{"@type":"ReadAction","target":["https:\/\/www.bellunopress.it\/2026\/07\/27\/cento-anni-della-nascita-di-tina-merlin-al-via-le-celebrazioni\/"]}]},{"@type":"ImageObject","inLanguage":"fr-FR","@id":"https:\/\/www.bellunopress.it\/2026\/07\/27\/cento-anni-della-nascita-di-tina-merlin-al-via-le-celebrazioni\/#primaryimage","url":"https:\/\/www.bellunopress.it\/wp-content\/uploads\/2023\/10\/Tina-Merlin-_edited.jpg","contentUrl":"https:\/\/www.bellunopress.it\/wp-content\/uploads\/2023\/10\/Tina-Merlin-_edited.jpg","width":588,"height":888,"caption":"Tina Merlin"},{"@type":"BreadcrumbList","@id":"https:\/\/www.bellunopress.it\/2026\/07\/27\/cento-anni-della-nascita-di-tina-merlin-al-via-le-celebrazioni\/#breadcrumb","itemListElement":[{"@type":"ListItem","position":1,"name":"Home","item":"https:\/\/www.bellunopress.it\/"},{"@type":"ListItem","position":2,"name":"Cento anni della nascita di Tina Merlin: al via le celebrazioni"}]},{"@type":"WebSite","@id":"https:\/\/www.bellunopress.it\/#website","url":"https:\/\/www.bellunopress.it\/","name":"Bellunopress - Dolomiti","description":"e-mail: redazione@bellunopress.it","publisher":{"@id":"https:\/\/www.bellunopress.it\/#organization"},"potentialAction":[{"@type":"SearchAction","target":{"@type":"EntryPoint","urlTemplate":"https:\/\/www.bellunopress.it\/?s={search_term_string}"},"query-input":{"@type":"PropertyValueSpecification","valueRequired":true,"valueName":"search_term_string"}}],"inLanguage":"fr-FR"},{"@type":"Organization","@id":"https:\/\/www.bellunopress.it\/#organization","name":"Bellunopress","url":"https:\/\/www.bellunopress.it\/","logo":{"@type":"ImageObject","inLanguage":"fr-FR","@id":"https:\/\/www.bellunopress.it\/#\/schema\/logo\/image\/","url":"https:\/\/www.bellunopress.it\/wp-content\/uploads\/2011\/05\/cropped-logo-bellunopress-.jpg","contentUrl":"https:\/\/www.bellunopress.it\/wp-content\/uploads\/2011\/05\/cropped-logo-bellunopress-.jpg","width":512,"height":512,"caption":"Bellunopress"},"image":{"@id":"https:\/\/www.bellunopress.it\/#\/schema\/logo\/image\/"},"sameAs":["https:\/\/www.facebook.com\/profile.php?id=100008943462799","https:\/\/x.com\/bellunopress","https:\/\/www.linkedin.com\/hp\/?dnr=JBzUWaJfMUw8vbXJJ2tVW5-I3jZKvC4wsoxE&amp;amp;amp;amp;amp;amp;trk=nav_responsive_tab_home","https:\/\/www.youtube.com\/channel\/UCxL0wu1uN0_3_7hGG0306cw"]},{"@type":"Person","@id":"https:\/\/www.bellunopress.it\/#\/schema\/person\/79bb06722b37ece1c03d3e94beb30d73","name":"r\u00e9daction","image":{"@type":"ImageObject","inLanguage":"fr-FR","@id":"https:\/\/secure.gravatar.com\/avatar\/37d968a2e67a6fd04c169c4bdef102d0bc5d31b2546345219e348575eb80e9a0?s=96&d=mm&r=g","url":"https:\/\/secure.gravatar.com\/avatar\/37d968a2e67a6fd04c169c4bdef102d0bc5d31b2546345219e348575eb80e9a0?s=96&d=mm&r=g","contentUrl":"https:\/\/secure.gravatar.com\/avatar\/37d968a2e67a6fd04c169c4bdef102d0bc5d31b2546345219e348575eb80e9a0?s=96&d=mm&r=g","caption":"redazione"},"sameAs":["http:\/\/www.bellunopress.it","https:\/\/x.com\/bellunopress"],"url":"https:\/\/www.bellunopress.it\/fr\/author\/redazione\/"}]}},"_links":{"self":[{"href":"https:\/\/www.bellunopress.it\/fr\/wp-json\/wp\/v2\/posts\/172225","targetHints":{"allow":["GET"]}}],"collection":[{"href":"https:\/\/www.bellunopress.it\/fr\/wp-json\/wp\/v2\/posts"}],"about":[{"href":"https:\/\/www.bellunopress.it\/fr\/wp-json\/wp\/v2\/types\/post"}],"author":[{"embeddable":true,"href":"https:\/\/www.bellunopress.it\/fr\/wp-json\/wp\/v2\/users\/2"}],"replies":[{"embeddable":true,"href":"https:\/\/www.bellunopress.it\/fr\/wp-json\/wp\/v2\/comments?post=172225"}],"version-history":[{"count":1,"href":"https:\/\/www.bellunopress.it\/fr\/wp-json\/wp\/v2\/posts\/172225\/revisions"}],"predecessor-version":[{"id":172226,"href":"https:\/\/www.bellunopress.it\/fr\/wp-json\/wp\/v2\/posts\/172225\/revisions\/172226"}],"wp:featuredmedia":[{"embeddable":true,"href":"https:\/\/www.bellunopress.it\/fr\/wp-json\/wp\/v2\/media\/144953"}],"wp:attachment":[{"href":"https:\/\/www.bellunopress.it\/fr\/wp-json\/wp\/v2\/media?parent=172225"}],"wp:term":[{"taxonomy":"category","embeddable":true,"href":"https:\/\/www.bellunopress.it\/fr\/wp-json\/wp\/v2\/categories?post=172225"},{"taxonomy":"post_tag","embeddable":true,"href":"https:\/\/www.bellunopress.it\/fr\/wp-json\/wp\/v2\/tags?post=172225"}],"curies":[{"name":"wp","href":"https:\/\/api.w.org\/{rel}","templated":true}]}}