{"id":172219,"date":"2026-07-27T09:05:28","date_gmt":"2026-07-27T07:05:28","guid":{"rendered":"https:\/\/www.bellunopress.it\/?p=172219"},"modified":"2026-07-27T09:05:28","modified_gmt":"2026-07-27T07:05:28","slug":"la-giustizia-si-inchino-alla-gloria-il-viaggio-senza-fine-di-papillon","status":"publish","type":"post","link":"https:\/\/www.bellunopress.it\/fr\/2026\/07\/27\/la-giustizia-si-inchino-alla-gloria-il-viaggio-senza-fine-di-papillon\/","title":{"rendered":"La giustizia si inchin\u00f2 alla gloria: il viaggio senza fine di Papillon"},"content":{"rendered":"<p><strong>Dopo oltre mezzo secolo dalla sua scomparsa e dal clamoroso trionfo letterario, ripercorriamo la leggenda di Henri Charri\u00e8re, l&#8217;uomo che trasform\u00f2 la disperazione della Caienna in un inno immortale alla libert\u00e0<\/strong><\/p>\n<p>Cinquantotto anni fa, il 29 luglio del 1973 in una clinica di Madrid dopo un&#8217;operazione alla gola moriva Henri Charri\u00e8re, lo scrittore francese, ex forzato, autore di \u00abPapillon\u00bb. Egli ha avuto soltanto quattro anni per godersi\u00a0 il successo che il destino gli aveva dato a ristoro dei tredici anni passati, innocente, nei penitenziari dell&#8217;Isola del Diavolo e di El Dorado.<\/p>\n<p>La sua vita fu un romanzo d&#8217;avventura vissuto sulla propria pelle, marchiato a inchiostro sulla pelle stessa con il celebre tatuaggio di una farfalla sotto il collo \u2014 il papillon che dava il nome a una leggenda. Nato nel 1906 nel sud della Francia da genitori insegnanti, Henri Charri\u00e8re conobbe presto la durezza e l&#8217;inquietudine. Dopo una parentesi nella Marina militare,<br \/>\ntroncata con un gesto autoinflitto (si mozz\u00f2 mezzo pollice) per liberarsi di un vincolo soffocante, la sua esistenza scivol\u00f2 tra i bassifondi di Parigi, il rugby e la malavita minore.<br \/>\nLa svolta tragica e implacabile arriv\u00f2 nella notte del 26 marzo 1930: un macellaio fu ferito a morte e, prima di spirare, fece il nome di un certo &#8220;Papillon Roger&#8221;. Henri fu arrestato, si dichiar\u00f2 sempre fermamente innocente, ma il 28 ottobre 1931 la Corte d&#8217;Assise di Parigi lo condann\u00f2 ai lavori forzati a vita. Fu deportato nel famigerato bagno penale della Guyana Francese, la Caienna, un inferno tropicale dove le celle si allagavano con l&#8217;alta marea e i detenuti dividevano lo spazio angusto con topi e insetti voraci, sottomessi alla brutalit\u00e0 gratuita dei secondini.<\/p>\n<p>In quel microcosmo di disperazione e deprivazione sensoriale, dove ogni contatto umano era bandito e l&#8217;isolamento minacciava la sanit\u00e0 mentale, Charri\u00e8re prese una decisione irremovibile:<br \/>\ndichiarare guerra al sistema penitenziario. Per lui, evadere non era soltanto un modo per riconquistare la superficie, ma l&#8217;unico imperativo morale capace di impedirgli di impazzire. Era animato dalla profonda convinzione che &#8220;chi ha sbagliato, ha pur sempre diritto a sperare di rifarsi una vita&#8221;.<br \/>\nNove tentativi di fuga in tredici anni. Mesi trascorsi in isolamento fingendo la demenza per farsi trasferire in manicomio, fughe rocambolesche, ricattato dalla guerra e infine il leggendario salto nell&#8217;oceano dalla scogliera dell&#8217;Isola del Diavolo, aggrappato a sacchi pieni di noci di cocco. Riusc\u00ec a raggiungere il Venezuela, dove trov\u00f2 rifugio, spos\u00f2 Rita Alcover, divenne cittadino venezuelano e apr\u00ec un night club a Caracas.<\/p>\n<p><strong>\u201cEssere liberi vuol dire saper dire \u00abno\u00bb ed io lo so fare. Ma credo che in generale siamo prigionieri dei nostri modelli, di ci\u00f2 che vogliamo essere. Per essere liberi bisogna conoscersi profondamente e partire da l\u00ec.\u201d <\/strong>(HENRI CHARRI\u00c8RE, INTERVISTA AL CORRIERE D&#8217;INFORMAZIONE, 1970)<\/p>\n<p><strong>Dalla Caienna ai salotti di Parigi: il trionfo e le polemiche<\/strong><br \/>\nNel 1967 un terremoto distrusse il suo locale a Caracas. Charri\u00e8re lesse in quel cataclisma un segno del destino e decise di mettere nero su bianco le sue memorie. Il libro, intitolato semplicemente Papillon, divenne un successo planetario fulminante, vendendo oltre dieci milioni di copie e venendo tradotto in tutto il mondo.<br \/>\nIl 28 ottobre 1970, la giustizia francese sembr\u00f2 quasi inchinarsi di fronte alla gloria letteraria: il ministro della Giustizia Ren\u00e9 Pleven concesse ad Henri la grazia, cancellando gli effetti della condanna del &#8217;31 e permettendogli di rientrare liberamente a Parigi. L&#8217;ex-forzato, trasformatosi in un beniamino del tout Paris, conteso dai salotti mondani e celebrato come un eroe moderno, non smise mai di denunciare la crudelt\u00e0 disumana del sistema penale.<\/p>\n<p>Nonostante le polemiche sulla veridicit\u00e0 di alcuni episodi e le accuse di plagio sollevate da alcuni ex-detenuti nel corso degli anni, l&#8217;opera di Charri\u00e8re rimane un capolavoro insostituibile: non la biografia isolata di un uomo, ma una potente narrazione collettiva dell&#8217;universo concentrazionario, una denuncia inappellabile contro l&#8217;esclusione sociale e la barbarie della<br \/>\npena.<\/p>\n<p>Henri Charri\u00e8re non fece in tempo a vedere sul grande schermo il celebre Papillon, adattamento cinematografico interpretato da Steve McQueen.<\/p>","protected":false},"excerpt":{"rendered":"<p>Dopo oltre mezzo secolo dalla sua scomparsa e dal clamoroso trionfo letterario, ripercorriamo la leggenda di Henri Charri\u00e8re, l&#8217;uomo che trasform\u00f2 la disperazione della Caienna in un inno immortale alla libert\u00e0 Cinquantotto anni fa, il 29 luglio del 1973 in una clinica di Madrid dopo un&#8217;operazione alla gola moriva Henri Charri\u00e8re, lo scrittore francese, ex [&hellip;]<\/p>\n","protected":false},"author":2,"featured_media":172220,"comment_status":"closed","ping_status":"open","sticky":false,"template":"","format":"standard","meta":{"footnotes":""},"categories":[3446,26],"tags":[],"class_list":["post-172219","post","type-post","status-publish","format-standard","has-post-thumbnail","category-featured","category-prima-pagina"],"yoast_head":"<!-- This site is optimized with the Yoast SEO plugin v28.4 - https:\/\/yoast.com\/product\/yoast-seo-wordpress\/ -->\n<title>La giustizia si inchin\u00f2 alla gloria: il viaggio senza fine di Papillon - Bellunopress - Dolomiti<\/title>\n<meta name=\"robots\" content=\"index, follow, max-snippet:-1, max-image-preview:large, max-video-preview:-1\" \/>\n<link rel=\"canonical\" href=\"https:\/\/www.bellunopress.it\/fr\/2026\/07\/27\/la-giustizia-si-inchino-alla-gloria-il-viaggio-senza-fine-di-papillon\/\" \/>\n<meta property=\"og:locale\" content=\"fr_FR\" \/>\n<meta property=\"og:type\" content=\"article\" \/>\n<meta property=\"og:title\" content=\"La giustizia si inchin\u00f2 alla gloria: il viaggio senza fine di Papillon - Bellunopress - Dolomiti\" \/>\n<meta property=\"og:description\" content=\"Dopo oltre mezzo secolo dalla sua scomparsa e dal clamoroso trionfo letterario, ripercorriamo la leggenda di Henri Charri\u00e8re, l&#8217;uomo che trasform\u00f2 la disperazione della Caienna in un inno immortale alla libert\u00e0 Cinquantotto anni fa, il 29 luglio del 1973 in una clinica di Madrid dopo un&#8217;operazione alla gola moriva Henri Charri\u00e8re, lo scrittore francese, ex [&hellip;]\" \/>\n<meta property=\"og:url\" content=\"https:\/\/www.bellunopress.it\/fr\/2026\/07\/27\/la-giustizia-si-inchino-alla-gloria-il-viaggio-senza-fine-di-papillon\/\" \/>\n<meta property=\"og:site_name\" content=\"Bellunopress - Dolomiti\" \/>\n<meta property=\"article:publisher\" content=\"https:\/\/www.facebook.com\/profile.php?id=100008943462799\" \/>\n<meta property=\"article:published_time\" content=\"2026-07-27T07:05:28+00:00\" \/>\n<meta property=\"og:image\" content=\"https:\/\/www.bellunopress.it\/wp-content\/uploads\/2026\/07\/Papillon-leggera-immagine-AI.jpg\" \/>\n\t<meta property=\"og:image:width\" content=\"419\" \/>\n\t<meta property=\"og:image:height\" content=\"600\" \/>\n\t<meta property=\"og:image:type\" content=\"image\/jpeg\" \/>\n<meta name=\"author\" content=\"redazione\" \/>\n<meta name=\"twitter:card\" content=\"summary_large_image\" \/>\n<meta name=\"twitter:creator\" content=\"@bellunopress\" \/>\n<meta name=\"twitter:site\" content=\"@bellunopress\" \/>\n<meta name=\"twitter:label1\" content=\"\u00c9crit par\" \/>\n\t<meta name=\"twitter:data1\" content=\"redazione\" \/>\n\t<meta name=\"twitter:label2\" content=\"Dur\u00e9e de lecture estim\u00e9e\" \/>\n\t<meta name=\"twitter:data2\" content=\"4 minutes\" \/>\n<script type=\"application\/ld+json\" class=\"yoast-schema-graph\">{\"@context\":\"https:\\\/\\\/schema.org\",\"@graph\":[{\"@type\":\"Article\",\"@id\":\"https:\\\/\\\/www.bellunopress.it\\\/2026\\\/07\\\/27\\\/la-giustizia-si-inchino-alla-gloria-il-viaggio-senza-fine-di-papillon\\\/#article\",\"isPartOf\":{\"@id\":\"https:\\\/\\\/www.bellunopress.it\\\/2026\\\/07\\\/27\\\/la-giustizia-si-inchino-alla-gloria-il-viaggio-senza-fine-di-papillon\\\/\"},\"author\":{\"name\":\"redazione\",\"@id\":\"https:\\\/\\\/www.bellunopress.it\\\/#\\\/schema\\\/person\\\/79bb06722b37ece1c03d3e94beb30d73\"},\"headline\":\"La giustizia si inchin\u00f2 alla gloria: il viaggio senza fine di Papillon\",\"datePublished\":\"2026-07-27T07:05:28+00:00\",\"mainEntityOfPage\":{\"@id\":\"https:\\\/\\\/www.bellunopress.it\\\/2026\\\/07\\\/27\\\/la-giustizia-si-inchino-alla-gloria-il-viaggio-senza-fine-di-papillon\\\/\"},\"wordCount\":683,\"publisher\":{\"@id\":\"https:\\\/\\\/www.bellunopress.it\\\/#organization\"},\"image\":{\"@id\":\"https:\\\/\\\/www.bellunopress.it\\\/2026\\\/07\\\/27\\\/la-giustizia-si-inchino-alla-gloria-il-viaggio-senza-fine-di-papillon\\\/#primaryimage\"},\"thumbnailUrl\":\"https:\\\/\\\/www.bellunopress.it\\\/wp-content\\\/uploads\\\/2026\\\/07\\\/Papillon-leggera-immagine-AI.jpg\",\"articleSection\":[\"Featured\",\"Prima Pagina\"],\"inLanguage\":\"fr-FR\"},{\"@type\":\"WebPage\",\"@id\":\"https:\\\/\\\/www.bellunopress.it\\\/2026\\\/07\\\/27\\\/la-giustizia-si-inchino-alla-gloria-il-viaggio-senza-fine-di-papillon\\\/\",\"url\":\"https:\\\/\\\/www.bellunopress.it\\\/2026\\\/07\\\/27\\\/la-giustizia-si-inchino-alla-gloria-il-viaggio-senza-fine-di-papillon\\\/\",\"name\":\"La giustizia si inchin\u00f2 alla gloria: il viaggio senza fine di Papillon - Bellunopress - Dolomiti\",\"isPartOf\":{\"@id\":\"https:\\\/\\\/www.bellunopress.it\\\/#website\"},\"primaryImageOfPage\":{\"@id\":\"https:\\\/\\\/www.bellunopress.it\\\/2026\\\/07\\\/27\\\/la-giustizia-si-inchino-alla-gloria-il-viaggio-senza-fine-di-papillon\\\/#primaryimage\"},\"image\":{\"@id\":\"https:\\\/\\\/www.bellunopress.it\\\/2026\\\/07\\\/27\\\/la-giustizia-si-inchino-alla-gloria-il-viaggio-senza-fine-di-papillon\\\/#primaryimage\"},\"thumbnailUrl\":\"https:\\\/\\\/www.bellunopress.it\\\/wp-content\\\/uploads\\\/2026\\\/07\\\/Papillon-leggera-immagine-AI.jpg\",\"datePublished\":\"2026-07-27T07:05:28+00:00\",\"breadcrumb\":{\"@id\":\"https:\\\/\\\/www.bellunopress.it\\\/2026\\\/07\\\/27\\\/la-giustizia-si-inchino-alla-gloria-il-viaggio-senza-fine-di-papillon\\\/#breadcrumb\"},\"inLanguage\":\"fr-FR\",\"potentialAction\":[{\"@type\":\"ReadAction\",\"target\":[\"https:\\\/\\\/www.bellunopress.it\\\/2026\\\/07\\\/27\\\/la-giustizia-si-inchino-alla-gloria-il-viaggio-senza-fine-di-papillon\\\/\"]}]},{\"@type\":\"ImageObject\",\"inLanguage\":\"fr-FR\",\"@id\":\"https:\\\/\\\/www.bellunopress.it\\\/2026\\\/07\\\/27\\\/la-giustizia-si-inchino-alla-gloria-il-viaggio-senza-fine-di-papillon\\\/#primaryimage\",\"url\":\"https:\\\/\\\/www.bellunopress.it\\\/wp-content\\\/uploads\\\/2026\\\/07\\\/Papillon-leggera-immagine-AI.jpg\",\"contentUrl\":\"https:\\\/\\\/www.bellunopress.it\\\/wp-content\\\/uploads\\\/2026\\\/07\\\/Papillon-leggera-immagine-AI.jpg\",\"width\":419,\"height\":600,\"caption\":\"Henri Charri\u00e8re \\\"Papillon\\\" (Immagine ricostruita con AI)\"},{\"@type\":\"BreadcrumbList\",\"@id\":\"https:\\\/\\\/www.bellunopress.it\\\/2026\\\/07\\\/27\\\/la-giustizia-si-inchino-alla-gloria-il-viaggio-senza-fine-di-papillon\\\/#breadcrumb\",\"itemListElement\":[{\"@type\":\"ListItem\",\"position\":1,\"name\":\"Home\",\"item\":\"https:\\\/\\\/www.bellunopress.it\\\/\"},{\"@type\":\"ListItem\",\"position\":2,\"name\":\"La giustizia si inchin\u00f2 alla gloria: il viaggio senza fine di Papillon\"}]},{\"@type\":\"WebSite\",\"@id\":\"https:\\\/\\\/www.bellunopress.it\\\/#website\",\"url\":\"https:\\\/\\\/www.bellunopress.it\\\/\",\"name\":\"Bellunopress - Dolomiti\",\"description\":\"e-mail: redazione@bellunopress.it\",\"publisher\":{\"@id\":\"https:\\\/\\\/www.bellunopress.it\\\/#organization\"},\"potentialAction\":[{\"@type\":\"SearchAction\",\"target\":{\"@type\":\"EntryPoint\",\"urlTemplate\":\"https:\\\/\\\/www.bellunopress.it\\\/?s={search_term_string}\"},\"query-input\":{\"@type\":\"PropertyValueSpecification\",\"valueRequired\":true,\"valueName\":\"search_term_string\"}}],\"inLanguage\":\"fr-FR\"},{\"@type\":\"Organization\",\"@id\":\"https:\\\/\\\/www.bellunopress.it\\\/#organization\",\"name\":\"Bellunopress\",\"url\":\"https:\\\/\\\/www.bellunopress.it\\\/\",\"logo\":{\"@type\":\"ImageObject\",\"inLanguage\":\"fr-FR\",\"@id\":\"https:\\\/\\\/www.bellunopress.it\\\/#\\\/schema\\\/logo\\\/image\\\/\",\"url\":\"https:\\\/\\\/www.bellunopress.it\\\/wp-content\\\/uploads\\\/2011\\\/05\\\/cropped-logo-bellunopress-.jpg\",\"contentUrl\":\"https:\\\/\\\/www.bellunopress.it\\\/wp-content\\\/uploads\\\/2011\\\/05\\\/cropped-logo-bellunopress-.jpg\",\"width\":512,\"height\":512,\"caption\":\"Bellunopress\"},\"image\":{\"@id\":\"https:\\\/\\\/www.bellunopress.it\\\/#\\\/schema\\\/logo\\\/image\\\/\"},\"sameAs\":[\"https:\\\/\\\/www.facebook.com\\\/profile.php?id=100008943462799\",\"https:\\\/\\\/x.com\\\/bellunopress\",\"https:\\\/\\\/www.linkedin.com\\\/hp\\\/?dnr=JBzUWaJfMUw8vbXJJ2tVW5-I3jZKvC4wsoxE&amp;amp;amp;amp;amp;amp;trk=nav_responsive_tab_home\",\"https:\\\/\\\/www.youtube.com\\\/channel\\\/UCxL0wu1uN0_3_7hGG0306cw\"]},{\"@type\":\"Person\",\"@id\":\"https:\\\/\\\/www.bellunopress.it\\\/#\\\/schema\\\/person\\\/79bb06722b37ece1c03d3e94beb30d73\",\"name\":\"redazione\",\"image\":{\"@type\":\"ImageObject\",\"inLanguage\":\"fr-FR\",\"@id\":\"https:\\\/\\\/secure.gravatar.com\\\/avatar\\\/37d968a2e67a6fd04c169c4bdef102d0bc5d31b2546345219e348575eb80e9a0?s=96&d=mm&r=g\",\"url\":\"https:\\\/\\\/secure.gravatar.com\\\/avatar\\\/37d968a2e67a6fd04c169c4bdef102d0bc5d31b2546345219e348575eb80e9a0?s=96&d=mm&r=g\",\"contentUrl\":\"https:\\\/\\\/secure.gravatar.com\\\/avatar\\\/37d968a2e67a6fd04c169c4bdef102d0bc5d31b2546345219e348575eb80e9a0?s=96&d=mm&r=g\",\"caption\":\"redazione\"},\"sameAs\":[\"http:\\\/\\\/www.bellunopress.it\",\"https:\\\/\\\/x.com\\\/bellunopress\"],\"url\":\"https:\\\/\\\/www.bellunopress.it\\\/fr\\\/author\\\/redazione\\\/\"}]}<\/script>\n<!-- \/ Yoast SEO plugin. -->","yoast_head_json":{"title":"La giustizia si inchin\u00f2 alla gloria: il viaggio senza fine di Papillon - Bellunopress - Dolomiti","robots":{"index":"index","follow":"follow","max-snippet":"max-snippet:-1","max-image-preview":"max-image-preview:large","max-video-preview":"max-video-preview:-1"},"canonical":"https:\/\/www.bellunopress.it\/fr\/2026\/07\/27\/la-giustizia-si-inchino-alla-gloria-il-viaggio-senza-fine-di-papillon\/","og_locale":"fr_FR","og_type":"article","og_title":"La giustizia si inchin\u00f2 alla gloria: il viaggio senza fine di Papillon - Bellunopress - Dolomiti","og_description":"Dopo oltre mezzo secolo dalla sua scomparsa e dal clamoroso trionfo letterario, ripercorriamo la leggenda di Henri Charri\u00e8re, l&#8217;uomo che trasform\u00f2 la disperazione della Caienna in un inno immortale alla libert\u00e0 Cinquantotto anni fa, il 29 luglio del 1973 in una clinica di Madrid dopo un&#8217;operazione alla gola moriva Henri Charri\u00e8re, lo scrittore francese, ex [&hellip;]","og_url":"https:\/\/www.bellunopress.it\/fr\/2026\/07\/27\/la-giustizia-si-inchino-alla-gloria-il-viaggio-senza-fine-di-papillon\/","og_site_name":"Bellunopress - Dolomiti","article_publisher":"https:\/\/www.facebook.com\/profile.php?id=100008943462799","article_published_time":"2026-07-27T07:05:28+00:00","og_image":[{"width":419,"height":600,"url":"https:\/\/www.bellunopress.it\/wp-content\/uploads\/2026\/07\/Papillon-leggera-immagine-AI.jpg","type":"image\/jpeg"}],"author":"redazione","twitter_card":"summary_large_image","twitter_creator":"@bellunopress","twitter_site":"@bellunopress","twitter_misc":{"\u00c9crit par":"redazione","Dur\u00e9e de lecture estim\u00e9e":"4 minutes"},"schema":{"@context":"https:\/\/schema.org","@graph":[{"@type":"Article","@id":"https:\/\/www.bellunopress.it\/2026\/07\/27\/la-giustizia-si-inchino-alla-gloria-il-viaggio-senza-fine-di-papillon\/#article","isPartOf":{"@id":"https:\/\/www.bellunopress.it\/2026\/07\/27\/la-giustizia-si-inchino-alla-gloria-il-viaggio-senza-fine-di-papillon\/"},"author":{"name":"redazione","@id":"https:\/\/www.bellunopress.it\/#\/schema\/person\/79bb06722b37ece1c03d3e94beb30d73"},"headline":"La giustizia si inchin\u00f2 alla gloria: il viaggio senza fine di Papillon","datePublished":"2026-07-27T07:05:28+00:00","mainEntityOfPage":{"@id":"https:\/\/www.bellunopress.it\/2026\/07\/27\/la-giustizia-si-inchino-alla-gloria-il-viaggio-senza-fine-di-papillon\/"},"wordCount":683,"publisher":{"@id":"https:\/\/www.bellunopress.it\/#organization"},"image":{"@id":"https:\/\/www.bellunopress.it\/2026\/07\/27\/la-giustizia-si-inchino-alla-gloria-il-viaggio-senza-fine-di-papillon\/#primaryimage"},"thumbnailUrl":"https:\/\/www.bellunopress.it\/wp-content\/uploads\/2026\/07\/Papillon-leggera-immagine-AI.jpg","articleSection":["Featured","Prima Pagina"],"inLanguage":"fr-FR"},{"@type":"WebPage","@id":"https:\/\/www.bellunopress.it\/2026\/07\/27\/la-giustizia-si-inchino-alla-gloria-il-viaggio-senza-fine-di-papillon\/","url":"https:\/\/www.bellunopress.it\/2026\/07\/27\/la-giustizia-si-inchino-alla-gloria-il-viaggio-senza-fine-di-papillon\/","name":"La giustizia si inchin\u00f2 alla gloria: il viaggio senza fine di Papillon - Bellunopress - Dolomiti","isPartOf":{"@id":"https:\/\/www.bellunopress.it\/#website"},"primaryImageOfPage":{"@id":"https:\/\/www.bellunopress.it\/2026\/07\/27\/la-giustizia-si-inchino-alla-gloria-il-viaggio-senza-fine-di-papillon\/#primaryimage"},"image":{"@id":"https:\/\/www.bellunopress.it\/2026\/07\/27\/la-giustizia-si-inchino-alla-gloria-il-viaggio-senza-fine-di-papillon\/#primaryimage"},"thumbnailUrl":"https:\/\/www.bellunopress.it\/wp-content\/uploads\/2026\/07\/Papillon-leggera-immagine-AI.jpg","datePublished":"2026-07-27T07:05:28+00:00","breadcrumb":{"@id":"https:\/\/www.bellunopress.it\/2026\/07\/27\/la-giustizia-si-inchino-alla-gloria-il-viaggio-senza-fine-di-papillon\/#breadcrumb"},"inLanguage":"fr-FR","potentialAction":[{"@type":"ReadAction","target":["https:\/\/www.bellunopress.it\/2026\/07\/27\/la-giustizia-si-inchino-alla-gloria-il-viaggio-senza-fine-di-papillon\/"]}]},{"@type":"ImageObject","inLanguage":"fr-FR","@id":"https:\/\/www.bellunopress.it\/2026\/07\/27\/la-giustizia-si-inchino-alla-gloria-il-viaggio-senza-fine-di-papillon\/#primaryimage","url":"https:\/\/www.bellunopress.it\/wp-content\/uploads\/2026\/07\/Papillon-leggera-immagine-AI.jpg","contentUrl":"https:\/\/www.bellunopress.it\/wp-content\/uploads\/2026\/07\/Papillon-leggera-immagine-AI.jpg","width":419,"height":600,"caption":"Henri Charri\u00e8re \"Papillon\" (Immagine ricostruita con AI)"},{"@type":"BreadcrumbList","@id":"https:\/\/www.bellunopress.it\/2026\/07\/27\/la-giustizia-si-inchino-alla-gloria-il-viaggio-senza-fine-di-papillon\/#breadcrumb","itemListElement":[{"@type":"ListItem","position":1,"name":"Home","item":"https:\/\/www.bellunopress.it\/"},{"@type":"ListItem","position":2,"name":"La giustizia si inchin\u00f2 alla gloria: il viaggio senza fine di Papillon"}]},{"@type":"WebSite","@id":"https:\/\/www.bellunopress.it\/#website","url":"https:\/\/www.bellunopress.it\/","name":"Bellunopress - Dolomiti","description":"e-mail: redazione@bellunopress.it","publisher":{"@id":"https:\/\/www.bellunopress.it\/#organization"},"potentialAction":[{"@type":"SearchAction","target":{"@type":"EntryPoint","urlTemplate":"https:\/\/www.bellunopress.it\/?s={search_term_string}"},"query-input":{"@type":"PropertyValueSpecification","valueRequired":true,"valueName":"search_term_string"}}],"inLanguage":"fr-FR"},{"@type":"Organization","@id":"https:\/\/www.bellunopress.it\/#organization","name":"Bellunopress","url":"https:\/\/www.bellunopress.it\/","logo":{"@type":"ImageObject","inLanguage":"fr-FR","@id":"https:\/\/www.bellunopress.it\/#\/schema\/logo\/image\/","url":"https:\/\/www.bellunopress.it\/wp-content\/uploads\/2011\/05\/cropped-logo-bellunopress-.jpg","contentUrl":"https:\/\/www.bellunopress.it\/wp-content\/uploads\/2011\/05\/cropped-logo-bellunopress-.jpg","width":512,"height":512,"caption":"Bellunopress"},"image":{"@id":"https:\/\/www.bellunopress.it\/#\/schema\/logo\/image\/"},"sameAs":["https:\/\/www.facebook.com\/profile.php?id=100008943462799","https:\/\/x.com\/bellunopress","https:\/\/www.linkedin.com\/hp\/?dnr=JBzUWaJfMUw8vbXJJ2tVW5-I3jZKvC4wsoxE&amp;amp;amp;amp;amp;amp;trk=nav_responsive_tab_home","https:\/\/www.youtube.com\/channel\/UCxL0wu1uN0_3_7hGG0306cw"]},{"@type":"Person","@id":"https:\/\/www.bellunopress.it\/#\/schema\/person\/79bb06722b37ece1c03d3e94beb30d73","name":"r\u00e9daction","image":{"@type":"ImageObject","inLanguage":"fr-FR","@id":"https:\/\/secure.gravatar.com\/avatar\/37d968a2e67a6fd04c169c4bdef102d0bc5d31b2546345219e348575eb80e9a0?s=96&d=mm&r=g","url":"https:\/\/secure.gravatar.com\/avatar\/37d968a2e67a6fd04c169c4bdef102d0bc5d31b2546345219e348575eb80e9a0?s=96&d=mm&r=g","contentUrl":"https:\/\/secure.gravatar.com\/avatar\/37d968a2e67a6fd04c169c4bdef102d0bc5d31b2546345219e348575eb80e9a0?s=96&d=mm&r=g","caption":"redazione"},"sameAs":["http:\/\/www.bellunopress.it","https:\/\/x.com\/bellunopress"],"url":"https:\/\/www.bellunopress.it\/fr\/author\/redazione\/"}]}},"_links":{"self":[{"href":"https:\/\/www.bellunopress.it\/fr\/wp-json\/wp\/v2\/posts\/172219","targetHints":{"allow":["GET"]}}],"collection":[{"href":"https:\/\/www.bellunopress.it\/fr\/wp-json\/wp\/v2\/posts"}],"about":[{"href":"https:\/\/www.bellunopress.it\/fr\/wp-json\/wp\/v2\/types\/post"}],"author":[{"embeddable":true,"href":"https:\/\/www.bellunopress.it\/fr\/wp-json\/wp\/v2\/users\/2"}],"replies":[{"embeddable":true,"href":"https:\/\/www.bellunopress.it\/fr\/wp-json\/wp\/v2\/comments?post=172219"}],"version-history":[{"count":1,"href":"https:\/\/www.bellunopress.it\/fr\/wp-json\/wp\/v2\/posts\/172219\/revisions"}],"predecessor-version":[{"id":172221,"href":"https:\/\/www.bellunopress.it\/fr\/wp-json\/wp\/v2\/posts\/172219\/revisions\/172221"}],"wp:featuredmedia":[{"embeddable":true,"href":"https:\/\/www.bellunopress.it\/fr\/wp-json\/wp\/v2\/media\/172220"}],"wp:attachment":[{"href":"https:\/\/www.bellunopress.it\/fr\/wp-json\/wp\/v2\/media?parent=172219"}],"wp:term":[{"taxonomy":"category","embeddable":true,"href":"https:\/\/www.bellunopress.it\/fr\/wp-json\/wp\/v2\/categories?post=172219"},{"taxonomy":"post_tag","embeddable":true,"href":"https:\/\/www.bellunopress.it\/fr\/wp-json\/wp\/v2\/tags?post=172219"}],"curies":[{"name":"wp","href":"https:\/\/api.w.org\/{rel}","templated":true}]}}