{"id":172215,"date":"2026-07-27T07:07:30","date_gmt":"2026-07-27T05:07:30","guid":{"rendered":"https:\/\/www.bellunopress.it\/?p=172215"},"modified":"2026-07-27T07:07:30","modified_gmt":"2026-07-27T05:07:30","slug":"stadio-di-rasai-finanziamento-aggiuntivo-di-oltre-73-500-euro-dal-fondo-comuni-confinanti-per-il-completamento-dei-lavori","status":"publish","type":"post","link":"https:\/\/www.bellunopress.it\/fr\/2026\/07\/27\/stadio-di-rasai-finanziamento-aggiuntivo-di-oltre-73-500-euro-dal-fondo-comuni-confinanti-per-il-completamento-dei-lavori\/","title":{"rendered":"Stadio di Rasai: finanziamento aggiuntivo di oltre 73.500 euro dal Fondo Comuni Confinanti per il completamento dei lavori"},"content":{"rendered":"<p>Seren del Grappa, 26 luglio 2026 &#8211;\u00a0Il presidente del Fondo Comuni Confinanti e assessore regionale alla Montagna Dario Bond annuncia l\u2019assegnazione di un rifinanziamento di 73.556,64 euro al Comune di Seren del Grappa per il completamento dell\u2019intervento di riqualificazione dello stadio di Rasai.<\/p>\n<p>L\u2019intervento, attuato dal Comune nell\u2019ambito della programmazione del Fondo Comuni Confinanti, completa il progetto di riqualificazione della struttura sportiva attraverso la realizzazione del nuovo impianto di illuminazione a led, successiva alla posa del manto in erba sintetica. Il progetto raggiunge cos\u00ec un investimento complessivo di 588.556,64 euro, di cui 500.000 euro gi\u00e0 finanziati dal Fondo e 73.556,64 euro quale integrazione per completare l\u2019opera.<\/p>\n<p>\u201cCon questo nuovo contributo completiamo un investimento importante per il territorio bellunese \u2013 dichiara Bond -. Grazie al Fondo Comuni Confinanti andiamo a sostenere interventi che migliorano concretamente la qualit\u00e0 della vita delle comunit\u00e0 di montagna, garantendo infrastrutture efficienti e fruibili durante tutto l\u2019anno, a servizio dei giovani e degli atleti\u201d.<\/p>\n<p>Il progetto nasce dalla consapevolezza delle peculiarit\u00e0 della provincia di Belluno, dove le condizioni climatiche delle vallate alpine limitano fortemente l\u2019utilizzo degli impianti sportivi nei mesi invernali. Nel territorio provinciale sono presenti oltre 5.000 tesserati Figc di cui circa 3.000 appartenenti al settore giovanile e di base, ai quali si aggiungono migliaia di praticanti di altre discipline, dallo sci all\u2019atletica, che utilizzano i campi sportivi per la preparazione atletica.<\/p>\n<p>L\u2019intervento sullo stadio di Rasai si inserisce in una strategia pi\u00f9 ampia a livello provinciale che individua alcuni poli sportivi distribuiti nelle diverse aree del Bellunese, scelti per la loro posizione baricentrica e per la capacit\u00e0 di servire l\u2019intero territorio. La sostituzione del manto erboso con erba sintetica consente di eliminare le interruzioni dell\u2019attivit\u00e0 sportiva nei mesi pi\u00f9 rigidi, aumentare il numero di allenamenti e gare, ridurre i costi di manutenzione e garantire una piena fruibilit\u00e0 dell&#8217;impianto per almeno i prossimi vent\u2019anni. Il completamento dell\u2019illuminazione con nuovi proiettori a led e l&#8217;adeguamento dell\u2019impianto elettrico permetteranno inoltre l\u2019utilizzo della struttura anche nelle ore serali, con maggiore efficienza energetica e minori costi di gestione.<\/p>\n<p>\u201cNelle aree montane un impianto sportivo non \u00e8 soltanto un campo da gioco ma un luogo di aggregazione e di servizio. Rendendo queste strutture utilizzabili dodici mesi l\u2019anno offriamo nuove opportunit\u00e0 ai ragazzi, sostenendo le societ\u00e0 sportive e contribuendo anche al contrasto dello spopolamento, uno degli obiettivi che il Fondo Comuni Confinanti persegue\u201d, aggiunge Bond.<\/p>\n<p>Lo stadio di Rasai \u00e8 gestito dalla Dolomiti Bellunesi in collaborazione con societ\u00e0 sportiva locale Arten Seren, e rappresenta un punto di riferimento non solo per l\u2019attivit\u00e0 calcistica, ma anche per gli istituti scolastici e per numerose discipline sportive che utilizzano l\u2019impianto durante l\u2019anno. L\u2019intervento interesser\u00e0 il completamento dell\u2019illuminazione mediante la sostituzione dei vecchi proiettori con apparecchi a led installati sulle torri faro esistenti, l\u2019adeguamento dei cavi di alimentazione e del quadro elettrico e la predisposizione del sistema per future funzioni di regolazione dell\u2019intensit\u00e0 luminosa.<\/p>\n<p>&nbsp;<\/p>","protected":false},"excerpt":{"rendered":"<p>Seren del Grappa, 26 luglio 2026 &#8211;\u00a0Il presidente del Fondo Comuni Confinanti e assessore regionale alla Montagna Dario Bond annuncia l\u2019assegnazione di un rifinanziamento di 73.556,64 euro al Comune di Seren del Grappa per il completamento dell\u2019intervento di riqualificazione dello stadio di Rasai. L\u2019intervento, attuato dal Comune nell\u2019ambito della programmazione del Fondo Comuni Confinanti, completa [&hellip;]<\/p>\n","protected":false},"author":2,"featured_media":169646,"comment_status":"closed","ping_status":"open","sticky":false,"template":"","format":"standard","meta":{"footnotes":""},"categories":[5,26],"tags":[],"class_list":["post-172215","post","type-post","status-publish","format-standard","has-post-thumbnail","category-cronaca","category-prima-pagina"],"yoast_head":"<!-- This site is optimized with the Yoast SEO plugin v28.4 - https:\/\/yoast.com\/product\/yoast-seo-wordpress\/ -->\n<title>Stadio di Rasai: finanziamento aggiuntivo di oltre 73.500 euro dal Fondo Comuni Confinanti per il completamento dei lavori - Bellunopress - Dolomiti<\/title>\n<meta name=\"robots\" content=\"index, follow, max-snippet:-1, max-image-preview:large, max-video-preview:-1\" \/>\n<link rel=\"canonical\" href=\"https:\/\/www.bellunopress.it\/fr\/2026\/07\/27\/stadio-di-rasai-finanziamento-aggiuntivo-di-oltre-73-500-euro-dal-fondo-comuni-confinanti-per-il-completamento-dei-lavori\/\" \/>\n<meta property=\"og:locale\" content=\"fr_FR\" \/>\n<meta property=\"og:type\" content=\"article\" \/>\n<meta property=\"og:title\" content=\"Stadio di Rasai: finanziamento aggiuntivo di oltre 73.500 euro dal Fondo Comuni Confinanti per il completamento dei lavori - Bellunopress - Dolomiti\" \/>\n<meta property=\"og:description\" content=\"Seren del Grappa, 26 luglio 2026 &#8211;\u00a0Il presidente del Fondo Comuni Confinanti e assessore regionale alla Montagna Dario Bond annuncia l\u2019assegnazione di un rifinanziamento di 73.556,64 euro al Comune di Seren del Grappa per il completamento dell\u2019intervento di riqualificazione dello stadio di Rasai. L\u2019intervento, attuato dal Comune nell\u2019ambito della programmazione del Fondo Comuni Confinanti, completa [&hellip;]\" \/>\n<meta property=\"og:url\" content=\"https:\/\/www.bellunopress.it\/fr\/2026\/07\/27\/stadio-di-rasai-finanziamento-aggiuntivo-di-oltre-73-500-euro-dal-fondo-comuni-confinanti-per-il-completamento-dei-lavori\/\" \/>\n<meta property=\"og:site_name\" content=\"Bellunopress - Dolomiti\" \/>\n<meta property=\"article:publisher\" content=\"https:\/\/www.facebook.com\/profile.php?id=100008943462799\" \/>\n<meta property=\"article:published_time\" content=\"2026-07-27T05:07:30+00:00\" \/>\n<meta property=\"og:image\" content=\"https:\/\/www.bellunopress.it\/wp-content\/uploads\/2026\/04\/dario.png\" \/>\n\t<meta property=\"og:image:width\" content=\"1300\" \/>\n\t<meta property=\"og:image:height\" content=\"700\" \/>\n\t<meta property=\"og:image:type\" content=\"image\/png\" \/>\n<meta name=\"author\" content=\"redazione\" \/>\n<meta name=\"twitter:card\" content=\"summary_large_image\" \/>\n<meta name=\"twitter:creator\" content=\"@bellunopress\" \/>\n<meta name=\"twitter:site\" content=\"@bellunopress\" \/>\n<meta name=\"twitter:label1\" content=\"Written by\" \/>\n\t<meta name=\"twitter:data1\" content=\"redazione\" \/>\n\t<meta name=\"twitter:label2\" content=\"Est. reading time\" \/>\n\t<meta name=\"twitter:data2\" content=\"3 minutes\" \/>\n<script type=\"application\/ld+json\" class=\"yoast-schema-graph\">{\"@context\":\"https:\\\/\\\/schema.org\",\"@graph\":[{\"@type\":\"Article\",\"@id\":\"https:\\\/\\\/www.bellunopress.it\\\/2026\\\/07\\\/27\\\/stadio-di-rasai-finanziamento-aggiuntivo-di-oltre-73-500-euro-dal-fondo-comuni-confinanti-per-il-completamento-dei-lavori\\\/#article\",\"isPartOf\":{\"@id\":\"https:\\\/\\\/www.bellunopress.it\\\/2026\\\/07\\\/27\\\/stadio-di-rasai-finanziamento-aggiuntivo-di-oltre-73-500-euro-dal-fondo-comuni-confinanti-per-il-completamento-dei-lavori\\\/\"},\"author\":{\"name\":\"redazione\",\"@id\":\"https:\\\/\\\/www.bellunopress.it\\\/#\\\/schema\\\/person\\\/79bb06722b37ece1c03d3e94beb30d73\"},\"headline\":\"Stadio di Rasai: finanziamento aggiuntivo di oltre 73.500 euro dal Fondo Comuni Confinanti per il completamento dei lavori\",\"datePublished\":\"2026-07-27T05:07:30+00:00\",\"mainEntityOfPage\":{\"@id\":\"https:\\\/\\\/www.bellunopress.it\\\/2026\\\/07\\\/27\\\/stadio-di-rasai-finanziamento-aggiuntivo-di-oltre-73-500-euro-dal-fondo-comuni-confinanti-per-il-completamento-dei-lavori\\\/\"},\"wordCount\":511,\"publisher\":{\"@id\":\"https:\\\/\\\/www.bellunopress.it\\\/#organization\"},\"image\":{\"@id\":\"https:\\\/\\\/www.bellunopress.it\\\/2026\\\/07\\\/27\\\/stadio-di-rasai-finanziamento-aggiuntivo-di-oltre-73-500-euro-dal-fondo-comuni-confinanti-per-il-completamento-dei-lavori\\\/#primaryimage\"},\"thumbnailUrl\":\"https:\\\/\\\/www.bellunopress.it\\\/wp-content\\\/uploads\\\/2026\\\/04\\\/dario.png\",\"articleSection\":[\"Cronaca\\\/Politica\",\"Prima Pagina\"],\"inLanguage\":\"fr-FR\"},{\"@type\":\"WebPage\",\"@id\":\"https:\\\/\\\/www.bellunopress.it\\\/2026\\\/07\\\/27\\\/stadio-di-rasai-finanziamento-aggiuntivo-di-oltre-73-500-euro-dal-fondo-comuni-confinanti-per-il-completamento-dei-lavori\\\/\",\"url\":\"https:\\\/\\\/www.bellunopress.it\\\/2026\\\/07\\\/27\\\/stadio-di-rasai-finanziamento-aggiuntivo-di-oltre-73-500-euro-dal-fondo-comuni-confinanti-per-il-completamento-dei-lavori\\\/\",\"name\":\"Stadio di Rasai: finanziamento aggiuntivo di oltre 73.500 euro dal Fondo Comuni Confinanti per il completamento dei lavori - Bellunopress - Dolomiti\",\"isPartOf\":{\"@id\":\"https:\\\/\\\/www.bellunopress.it\\\/#website\"},\"primaryImageOfPage\":{\"@id\":\"https:\\\/\\\/www.bellunopress.it\\\/2026\\\/07\\\/27\\\/stadio-di-rasai-finanziamento-aggiuntivo-di-oltre-73-500-euro-dal-fondo-comuni-confinanti-per-il-completamento-dei-lavori\\\/#primaryimage\"},\"image\":{\"@id\":\"https:\\\/\\\/www.bellunopress.it\\\/2026\\\/07\\\/27\\\/stadio-di-rasai-finanziamento-aggiuntivo-di-oltre-73-500-euro-dal-fondo-comuni-confinanti-per-il-completamento-dei-lavori\\\/#primaryimage\"},\"thumbnailUrl\":\"https:\\\/\\\/www.bellunopress.it\\\/wp-content\\\/uploads\\\/2026\\\/04\\\/dario.png\",\"datePublished\":\"2026-07-27T05:07:30+00:00\",\"breadcrumb\":{\"@id\":\"https:\\\/\\\/www.bellunopress.it\\\/2026\\\/07\\\/27\\\/stadio-di-rasai-finanziamento-aggiuntivo-di-oltre-73-500-euro-dal-fondo-comuni-confinanti-per-il-completamento-dei-lavori\\\/#breadcrumb\"},\"inLanguage\":\"fr-FR\",\"potentialAction\":[{\"@type\":\"ReadAction\",\"target\":[\"https:\\\/\\\/www.bellunopress.it\\\/2026\\\/07\\\/27\\\/stadio-di-rasai-finanziamento-aggiuntivo-di-oltre-73-500-euro-dal-fondo-comuni-confinanti-per-il-completamento-dei-lavori\\\/\"]}]},{\"@type\":\"ImageObject\",\"inLanguage\":\"fr-FR\",\"@id\":\"https:\\\/\\\/www.bellunopress.it\\\/2026\\\/07\\\/27\\\/stadio-di-rasai-finanziamento-aggiuntivo-di-oltre-73-500-euro-dal-fondo-comuni-confinanti-per-il-completamento-dei-lavori\\\/#primaryimage\",\"url\":\"https:\\\/\\\/www.bellunopress.it\\\/wp-content\\\/uploads\\\/2026\\\/04\\\/dario.png\",\"contentUrl\":\"https:\\\/\\\/www.bellunopress.it\\\/wp-content\\\/uploads\\\/2026\\\/04\\\/dario.png\",\"width\":1300,\"height\":700},{\"@type\":\"BreadcrumbList\",\"@id\":\"https:\\\/\\\/www.bellunopress.it\\\/2026\\\/07\\\/27\\\/stadio-di-rasai-finanziamento-aggiuntivo-di-oltre-73-500-euro-dal-fondo-comuni-confinanti-per-il-completamento-dei-lavori\\\/#breadcrumb\",\"itemListElement\":[{\"@type\":\"ListItem\",\"position\":1,\"name\":\"Home\",\"item\":\"https:\\\/\\\/www.bellunopress.it\\\/\"},{\"@type\":\"ListItem\",\"position\":2,\"name\":\"Stadio di Rasai: finanziamento aggiuntivo di oltre 73.500 euro dal Fondo Comuni Confinanti per il completamento dei lavori\"}]},{\"@type\":\"WebSite\",\"@id\":\"https:\\\/\\\/www.bellunopress.it\\\/#website\",\"url\":\"https:\\\/\\\/www.bellunopress.it\\\/\",\"name\":\"Bellunopress - Dolomiti\",\"description\":\"e-mail: redazione@bellunopress.it\",\"publisher\":{\"@id\":\"https:\\\/\\\/www.bellunopress.it\\\/#organization\"},\"potentialAction\":[{\"@type\":\"SearchAction\",\"target\":{\"@type\":\"EntryPoint\",\"urlTemplate\":\"https:\\\/\\\/www.bellunopress.it\\\/?s={search_term_string}\"},\"query-input\":{\"@type\":\"PropertyValueSpecification\",\"valueRequired\":true,\"valueName\":\"search_term_string\"}}],\"inLanguage\":\"fr-FR\"},{\"@type\":\"Organization\",\"@id\":\"https:\\\/\\\/www.bellunopress.it\\\/#organization\",\"name\":\"Bellunopress\",\"url\":\"https:\\\/\\\/www.bellunopress.it\\\/\",\"logo\":{\"@type\":\"ImageObject\",\"inLanguage\":\"fr-FR\",\"@id\":\"https:\\\/\\\/www.bellunopress.it\\\/#\\\/schema\\\/logo\\\/image\\\/\",\"url\":\"https:\\\/\\\/www.bellunopress.it\\\/wp-content\\\/uploads\\\/2011\\\/05\\\/cropped-logo-bellunopress-.jpg\",\"contentUrl\":\"https:\\\/\\\/www.bellunopress.it\\\/wp-content\\\/uploads\\\/2011\\\/05\\\/cropped-logo-bellunopress-.jpg\",\"width\":512,\"height\":512,\"caption\":\"Bellunopress\"},\"image\":{\"@id\":\"https:\\\/\\\/www.bellunopress.it\\\/#\\\/schema\\\/logo\\\/image\\\/\"},\"sameAs\":[\"https:\\\/\\\/www.facebook.com\\\/profile.php?id=100008943462799\",\"https:\\\/\\\/x.com\\\/bellunopress\",\"https:\\\/\\\/www.linkedin.com\\\/hp\\\/?dnr=JBzUWaJfMUw8vbXJJ2tVW5-I3jZKvC4wsoxE&amp;amp;amp;amp;amp;amp;trk=nav_responsive_tab_home\",\"https:\\\/\\\/www.youtube.com\\\/channel\\\/UCxL0wu1uN0_3_7hGG0306cw\"]},{\"@type\":\"Person\",\"@id\":\"https:\\\/\\\/www.bellunopress.it\\\/#\\\/schema\\\/person\\\/79bb06722b37ece1c03d3e94beb30d73\",\"name\":\"redazione\",\"image\":{\"@type\":\"ImageObject\",\"inLanguage\":\"fr-FR\",\"@id\":\"https:\\\/\\\/secure.gravatar.com\\\/avatar\\\/37d968a2e67a6fd04c169c4bdef102d0bc5d31b2546345219e348575eb80e9a0?s=96&d=mm&r=g\",\"url\":\"https:\\\/\\\/secure.gravatar.com\\\/avatar\\\/37d968a2e67a6fd04c169c4bdef102d0bc5d31b2546345219e348575eb80e9a0?s=96&d=mm&r=g\",\"contentUrl\":\"https:\\\/\\\/secure.gravatar.com\\\/avatar\\\/37d968a2e67a6fd04c169c4bdef102d0bc5d31b2546345219e348575eb80e9a0?s=96&d=mm&r=g\",\"caption\":\"redazione\"},\"sameAs\":[\"http:\\\/\\\/www.bellunopress.it\",\"https:\\\/\\\/x.com\\\/bellunopress\"],\"url\":\"https:\\\/\\\/www.bellunopress.it\\\/fr\\\/author\\\/redazione\\\/\"}]}<\/script>\n<!-- \/ Yoast SEO plugin. -->","yoast_head_json":{"title":"Stadio di Rasai: finanziamento aggiuntivo di oltre 73.500 euro dal Fondo Comuni Confinanti per il completamento dei lavori - Bellunopress - Dolomiti","robots":{"index":"index","follow":"follow","max-snippet":"max-snippet:-1","max-image-preview":"max-image-preview:large","max-video-preview":"max-video-preview:-1"},"canonical":"https:\/\/www.bellunopress.it\/fr\/2026\/07\/27\/stadio-di-rasai-finanziamento-aggiuntivo-di-oltre-73-500-euro-dal-fondo-comuni-confinanti-per-il-completamento-dei-lavori\/","og_locale":"fr_FR","og_type":"article","og_title":"Stadio di Rasai: finanziamento aggiuntivo di oltre 73.500 euro dal Fondo Comuni Confinanti per il completamento dei lavori - Bellunopress - Dolomiti","og_description":"Seren del Grappa, 26 luglio 2026 &#8211;\u00a0Il presidente del Fondo Comuni Confinanti e assessore regionale alla Montagna Dario Bond annuncia l\u2019assegnazione di un rifinanziamento di 73.556,64 euro al Comune di Seren del Grappa per il completamento dell\u2019intervento di riqualificazione dello stadio di Rasai. L\u2019intervento, attuato dal Comune nell\u2019ambito della programmazione del Fondo Comuni Confinanti, completa [&hellip;]","og_url":"https:\/\/www.bellunopress.it\/fr\/2026\/07\/27\/stadio-di-rasai-finanziamento-aggiuntivo-di-oltre-73-500-euro-dal-fondo-comuni-confinanti-per-il-completamento-dei-lavori\/","og_site_name":"Bellunopress - Dolomiti","article_publisher":"https:\/\/www.facebook.com\/profile.php?id=100008943462799","article_published_time":"2026-07-27T05:07:30+00:00","og_image":[{"width":1300,"height":700,"url":"https:\/\/www.bellunopress.it\/wp-content\/uploads\/2026\/04\/dario.png","type":"image\/png"}],"author":"redazione","twitter_card":"summary_large_image","twitter_creator":"@bellunopress","twitter_site":"@bellunopress","twitter_misc":{"Written by":"redazione","Est. reading time":"3 minutes"},"schema":{"@context":"https:\/\/schema.org","@graph":[{"@type":"Article","@id":"https:\/\/www.bellunopress.it\/2026\/07\/27\/stadio-di-rasai-finanziamento-aggiuntivo-di-oltre-73-500-euro-dal-fondo-comuni-confinanti-per-il-completamento-dei-lavori\/#article","isPartOf":{"@id":"https:\/\/www.bellunopress.it\/2026\/07\/27\/stadio-di-rasai-finanziamento-aggiuntivo-di-oltre-73-500-euro-dal-fondo-comuni-confinanti-per-il-completamento-dei-lavori\/"},"author":{"name":"redazione","@id":"https:\/\/www.bellunopress.it\/#\/schema\/person\/79bb06722b37ece1c03d3e94beb30d73"},"headline":"Stadio di Rasai: finanziamento aggiuntivo di oltre 73.500 euro dal Fondo Comuni Confinanti per il completamento dei lavori","datePublished":"2026-07-27T05:07:30+00:00","mainEntityOfPage":{"@id":"https:\/\/www.bellunopress.it\/2026\/07\/27\/stadio-di-rasai-finanziamento-aggiuntivo-di-oltre-73-500-euro-dal-fondo-comuni-confinanti-per-il-completamento-dei-lavori\/"},"wordCount":511,"publisher":{"@id":"https:\/\/www.bellunopress.it\/#organization"},"image":{"@id":"https:\/\/www.bellunopress.it\/2026\/07\/27\/stadio-di-rasai-finanziamento-aggiuntivo-di-oltre-73-500-euro-dal-fondo-comuni-confinanti-per-il-completamento-dei-lavori\/#primaryimage"},"thumbnailUrl":"https:\/\/www.bellunopress.it\/wp-content\/uploads\/2026\/04\/dario.png","articleSection":["Cronaca\/Politica","Prima Pagina"],"inLanguage":"fr-FR"},{"@type":"WebPage","@id":"https:\/\/www.bellunopress.it\/2026\/07\/27\/stadio-di-rasai-finanziamento-aggiuntivo-di-oltre-73-500-euro-dal-fondo-comuni-confinanti-per-il-completamento-dei-lavori\/","url":"https:\/\/www.bellunopress.it\/2026\/07\/27\/stadio-di-rasai-finanziamento-aggiuntivo-di-oltre-73-500-euro-dal-fondo-comuni-confinanti-per-il-completamento-dei-lavori\/","name":"Stadio di Rasai: finanziamento aggiuntivo di oltre 73.500 euro dal Fondo Comuni Confinanti per il completamento dei lavori - Bellunopress - Dolomiti","isPartOf":{"@id":"https:\/\/www.bellunopress.it\/#website"},"primaryImageOfPage":{"@id":"https:\/\/www.bellunopress.it\/2026\/07\/27\/stadio-di-rasai-finanziamento-aggiuntivo-di-oltre-73-500-euro-dal-fondo-comuni-confinanti-per-il-completamento-dei-lavori\/#primaryimage"},"image":{"@id":"https:\/\/www.bellunopress.it\/2026\/07\/27\/stadio-di-rasai-finanziamento-aggiuntivo-di-oltre-73-500-euro-dal-fondo-comuni-confinanti-per-il-completamento-dei-lavori\/#primaryimage"},"thumbnailUrl":"https:\/\/www.bellunopress.it\/wp-content\/uploads\/2026\/04\/dario.png","datePublished":"2026-07-27T05:07:30+00:00","breadcrumb":{"@id":"https:\/\/www.bellunopress.it\/2026\/07\/27\/stadio-di-rasai-finanziamento-aggiuntivo-di-oltre-73-500-euro-dal-fondo-comuni-confinanti-per-il-completamento-dei-lavori\/#breadcrumb"},"inLanguage":"fr-FR","potentialAction":[{"@type":"ReadAction","target":["https:\/\/www.bellunopress.it\/2026\/07\/27\/stadio-di-rasai-finanziamento-aggiuntivo-di-oltre-73-500-euro-dal-fondo-comuni-confinanti-per-il-completamento-dei-lavori\/"]}]},{"@type":"ImageObject","inLanguage":"fr-FR","@id":"https:\/\/www.bellunopress.it\/2026\/07\/27\/stadio-di-rasai-finanziamento-aggiuntivo-di-oltre-73-500-euro-dal-fondo-comuni-confinanti-per-il-completamento-dei-lavori\/#primaryimage","url":"https:\/\/www.bellunopress.it\/wp-content\/uploads\/2026\/04\/dario.png","contentUrl":"https:\/\/www.bellunopress.it\/wp-content\/uploads\/2026\/04\/dario.png","width":1300,"height":700},{"@type":"BreadcrumbList","@id":"https:\/\/www.bellunopress.it\/2026\/07\/27\/stadio-di-rasai-finanziamento-aggiuntivo-di-oltre-73-500-euro-dal-fondo-comuni-confinanti-per-il-completamento-dei-lavori\/#breadcrumb","itemListElement":[{"@type":"ListItem","position":1,"name":"Home","item":"https:\/\/www.bellunopress.it\/"},{"@type":"ListItem","position":2,"name":"Stadio di Rasai: finanziamento aggiuntivo di oltre 73.500 euro dal Fondo Comuni Confinanti per il completamento dei lavori"}]},{"@type":"WebSite","@id":"https:\/\/www.bellunopress.it\/#website","url":"https:\/\/www.bellunopress.it\/","name":"Bellunopress - Dolomiti","description":"e-mail: redazione@bellunopress.it","publisher":{"@id":"https:\/\/www.bellunopress.it\/#organization"},"potentialAction":[{"@type":"SearchAction","target":{"@type":"EntryPoint","urlTemplate":"https:\/\/www.bellunopress.it\/?s={search_term_string}"},"query-input":{"@type":"PropertyValueSpecification","valueRequired":true,"valueName":"search_term_string"}}],"inLanguage":"fr-FR"},{"@type":"Organization","@id":"https:\/\/www.bellunopress.it\/#organization","name":"Bellunopress","url":"https:\/\/www.bellunopress.it\/","logo":{"@type":"ImageObject","inLanguage":"fr-FR","@id":"https:\/\/www.bellunopress.it\/#\/schema\/logo\/image\/","url":"https:\/\/www.bellunopress.it\/wp-content\/uploads\/2011\/05\/cropped-logo-bellunopress-.jpg","contentUrl":"https:\/\/www.bellunopress.it\/wp-content\/uploads\/2011\/05\/cropped-logo-bellunopress-.jpg","width":512,"height":512,"caption":"Bellunopress"},"image":{"@id":"https:\/\/www.bellunopress.it\/#\/schema\/logo\/image\/"},"sameAs":["https:\/\/www.facebook.com\/profile.php?id=100008943462799","https:\/\/x.com\/bellunopress","https:\/\/www.linkedin.com\/hp\/?dnr=JBzUWaJfMUw8vbXJJ2tVW5-I3jZKvC4wsoxE&amp;amp;amp;amp;amp;amp;trk=nav_responsive_tab_home","https:\/\/www.youtube.com\/channel\/UCxL0wu1uN0_3_7hGG0306cw"]},{"@type":"Person","@id":"https:\/\/www.bellunopress.it\/#\/schema\/person\/79bb06722b37ece1c03d3e94beb30d73","name":"r\u00e9daction","image":{"@type":"ImageObject","inLanguage":"fr-FR","@id":"https:\/\/secure.gravatar.com\/avatar\/37d968a2e67a6fd04c169c4bdef102d0bc5d31b2546345219e348575eb80e9a0?s=96&d=mm&r=g","url":"https:\/\/secure.gravatar.com\/avatar\/37d968a2e67a6fd04c169c4bdef102d0bc5d31b2546345219e348575eb80e9a0?s=96&d=mm&r=g","contentUrl":"https:\/\/secure.gravatar.com\/avatar\/37d968a2e67a6fd04c169c4bdef102d0bc5d31b2546345219e348575eb80e9a0?s=96&d=mm&r=g","caption":"redazione"},"sameAs":["http:\/\/www.bellunopress.it","https:\/\/x.com\/bellunopress"],"url":"https:\/\/www.bellunopress.it\/fr\/author\/redazione\/"}]}},"_links":{"self":[{"href":"https:\/\/www.bellunopress.it\/fr\/wp-json\/wp\/v2\/posts\/172215","targetHints":{"allow":["GET"]}}],"collection":[{"href":"https:\/\/www.bellunopress.it\/fr\/wp-json\/wp\/v2\/posts"}],"about":[{"href":"https:\/\/www.bellunopress.it\/fr\/wp-json\/wp\/v2\/types\/post"}],"author":[{"embeddable":true,"href":"https:\/\/www.bellunopress.it\/fr\/wp-json\/wp\/v2\/users\/2"}],"replies":[{"embeddable":true,"href":"https:\/\/www.bellunopress.it\/fr\/wp-json\/wp\/v2\/comments?post=172215"}],"version-history":[{"count":1,"href":"https:\/\/www.bellunopress.it\/fr\/wp-json\/wp\/v2\/posts\/172215\/revisions"}],"predecessor-version":[{"id":172216,"href":"https:\/\/www.bellunopress.it\/fr\/wp-json\/wp\/v2\/posts\/172215\/revisions\/172216"}],"wp:featuredmedia":[{"embeddable":true,"href":"https:\/\/www.bellunopress.it\/fr\/wp-json\/wp\/v2\/media\/169646"}],"wp:attachment":[{"href":"https:\/\/www.bellunopress.it\/fr\/wp-json\/wp\/v2\/media?parent=172215"}],"wp:term":[{"taxonomy":"category","embeddable":true,"href":"https:\/\/www.bellunopress.it\/fr\/wp-json\/wp\/v2\/categories?post=172215"},{"taxonomy":"post_tag","embeddable":true,"href":"https:\/\/www.bellunopress.it\/fr\/wp-json\/wp\/v2\/tags?post=172215"}],"curies":[{"name":"wp","href":"https:\/\/api.w.org\/{rel}","templated":true}]}}