{"id":172213,"date":"2026-07-26T17:49:51","date_gmt":"2026-07-26T15:49:51","guid":{"rendered":"https:\/\/www.bellunopress.it\/?p=172213"},"modified":"2026-07-26T17:49:51","modified_gmt":"2026-07-26T15:49:51","slug":"domenica-con-vari-interventi-di-soccorso-in-montagna","status":"publish","type":"post","link":"https:\/\/www.bellunopress.it\/fr\/2026\/07\/26\/domenica-con-vari-interventi-di-soccorso-in-montagna\/","title":{"rendered":"Domenica con vari interventi di soccorso in montagna"},"content":{"rendered":"<p>Vallada Agordina (BL), 26 &#8211; 07 &#8211; 2026\u00a0 \u00a0Verso le 14 il Soccorso alpino della Val Biois \u00e8 stato allertato per intervenire in aiuto di due escursionisti, padre e figlio, che, persa la traccia di un sentiero non ben segnalato, erano finiti in un bosco ripido in prossimit\u00e0 di un torrente in Val Vallaraz. Risaliti alle coordinate del punto in cui si trovavano il 70enne e il 23enne di Treviso, una squadra si \u00e8 avvicinata il pi\u00f9 possibile con la jeep da una strada silvopastorale, per poi proseguire a piedi lungo il tracciato in localit\u00e0 Bedoles. Arrivati in prossimit\u00e0 del punto indicato dalle coordinate, i soccorritori hanno iniziato a chiamare e i due escursionisti si sono fatti sentire rispondendo con il fischietto. Arrivati da loro, un centinaio di metri pi\u00f9 in basso, la squadra li ha riportati a monte fino al fuoristrada e da l\u00ec riaccompagnati dove avevano lasciato la macchina.<\/p>\n<p>Belluno, 26 &#8211; 07 &#8211; 2026\u00a0 \u00a0 Passate le 11, tramite i Carabinieri la Centrale del 118 \u00e8 stata allertata per una coppia di escursionisti in difficolt\u00e0 al rientro dal Bivacco Feltre, dove aveva pernottato. I due, un 25enne di Monselice e una 24enne di Valdagno, saliti al Bivacco ieri dal sentiero 806, al momento di ridiscenderne oggi avevano preso una traccia differente, finendo in un punto imprecisato del Troi del Caserin. Contattati telefonicamente, ai ragazzi \u00e8 stato chiesto di provare a tornare sui propri passi fino al bivio, ma loro, preoccupati dall&#8217;ambiente circostante e dall&#8217;arrivo del temporale hanno risposto di non sentirsela. Riusciti a risalire alle loro precise coordinate dopo qualche difficolt\u00e0, la Centrale ha appurato che si trovavano nel tratto intermedio del sentiero puntinato numero 851, tra Forcella dell&#8217;Omo e Casera Cimonega. Richiamati e confermata la loro intenzione di non tornare indietro, la Centrale ha detto loro di non avanzare assolutamente, data la difficolt\u00e0 del tracciato. \u00c8 quindi decollato Falco 2, che ha seguito le coordinate indicate, individuandoli. I due ragazzi, abbastanza impauriti, sono stati issati a bordo dal tecnico di elisoccorso con un verricello di 20 metri e trasportati in Val Canzoi.<\/p>\n<p>Alle 12.15 \u00e8 scattato l&#8217;allarme per una persona colta da malore, 350 metri pi\u00f9 in basso rispetto alla Cima del Col di Lana. L&#8217;elicottero del Suem di Pieve di Cadore \u00e8 quindi intervenuto e ha recuperato un 62enne trentino, all&#8217;altezza del Pian de la Chica, per poi accompagnarlo all&#8217;ospedale di Belluno per i dovuti approfondimenti.<br \/>\nFalco \u00e8 stato di seguito dirottato a Malga Pradalon sul Monte Tomatico, dove si trovava una 61enne di Venezia che si era procurata una ferita al volto cadendo a terra. La donna \u00e8 stata portata all&#8217;ospedale di Feltre.<\/p>\n<p>Falcade (BL), 26 &#8211; 07 &#8211; 2026\u00a0 \u00a0 Attorno alle 9.50 \u00e8 scattato l&#8217;allarme per un&#8217;escursionista, scivolata nella scarpata che costeggia lateralmente la sterrata verso il Rifugio Laresei. La 63enne di Casale sul Sile, che stava percorrendo con altre persone la strada da Passo Valles, era ruzzolata una decina di metri sbattendo la testa. Atterrati nelle vicinanze, equipe medica e tecnico di elisoccorso di Falco 2 hanno raggiunto la donna e le hanno prestato le prime cure. Dopo averla imbarellata, hanno trasportato l&#8217;infortunata, che aveva riportato un sospetto trauma cranico, all&#8217;elicottero e da l\u00ec all&#8217;ospedale di Belluno. Presente anche un&#8217;ambulanza.<\/p>\n<p>&nbsp;<\/p>","protected":false},"excerpt":{"rendered":"<p>Vallada Agordina (BL), 26 &#8211; 07 &#8211; 2026\u00a0 \u00a0Verso le 14 il Soccorso alpino della Val Biois \u00e8 stato allertato per intervenire in aiuto di due escursionisti, padre e figlio, che, persa la traccia di un sentiero non ben segnalato, erano finiti in un bosco ripido in prossimit\u00e0 di un torrente in Val Vallaraz. Risaliti [&hellip;]<\/p>\n","protected":false},"author":2,"featured_media":169783,"comment_status":"closed","ping_status":"open","sticky":false,"template":"","format":"standard","meta":{"footnotes":""},"categories":[1],"tags":[],"class_list":["post-172213","post","type-post","status-publish","format-standard","has-post-thumbnail","category-leo"],"yoast_head":"<!-- This site is optimized with the Yoast SEO plugin v28.4 - https:\/\/yoast.com\/product\/yoast-seo-wordpress\/ -->\n<title>Domenica con vari interventi di soccorso in montagna - Bellunopress - Dolomiti<\/title>\n<meta name=\"robots\" content=\"index, follow, max-snippet:-1, max-image-preview:large, max-video-preview:-1\" \/>\n<link rel=\"canonical\" href=\"https:\/\/www.bellunopress.it\/fr\/2026\/07\/26\/domenica-con-vari-interventi-di-soccorso-in-montagna\/\" \/>\n<meta property=\"og:locale\" content=\"fr_FR\" \/>\n<meta property=\"og:type\" content=\"article\" \/>\n<meta property=\"og:title\" content=\"Domenica con vari interventi di soccorso in montagna - Bellunopress - Dolomiti\" \/>\n<meta property=\"og:description\" content=\"Vallada Agordina (BL), 26 &#8211; 07 &#8211; 2026\u00a0 \u00a0Verso le 14 il Soccorso alpino della Val Biois \u00e8 stato allertato per intervenire in aiuto di due escursionisti, padre e figlio, che, persa la traccia di un sentiero non ben segnalato, erano finiti in un bosco ripido in prossimit\u00e0 di un torrente in Val Vallaraz. Risaliti [&hellip;]\" \/>\n<meta property=\"og:url\" content=\"https:\/\/www.bellunopress.it\/fr\/2026\/07\/26\/domenica-con-vari-interventi-di-soccorso-in-montagna\/\" \/>\n<meta property=\"og:site_name\" content=\"Bellunopress - Dolomiti\" \/>\n<meta property=\"article:publisher\" content=\"https:\/\/www.facebook.com\/profile.php?id=100008943462799\" \/>\n<meta property=\"article:published_time\" content=\"2026-07-26T15:49:51+00:00\" \/>\n<meta property=\"og:image\" content=\"https:\/\/www.bellunopress.it\/wp-content\/uploads\/2026\/05\/soccorso-alpino.jpg\" \/>\n\t<meta property=\"og:image:width\" content=\"500\" \/>\n\t<meta property=\"og:image:height\" content=\"415\" \/>\n\t<meta property=\"og:image:type\" content=\"image\/jpeg\" \/>\n<meta name=\"author\" content=\"redazione\" \/>\n<meta name=\"twitter:card\" content=\"summary_large_image\" \/>\n<meta name=\"twitter:creator\" content=\"@bellunopress\" \/>\n<meta name=\"twitter:site\" content=\"@bellunopress\" \/>\n<meta name=\"twitter:label1\" content=\"Written by\" \/>\n\t<meta name=\"twitter:data1\" content=\"redazione\" \/>\n\t<meta name=\"twitter:label2\" content=\"Est. reading time\" \/>\n\t<meta name=\"twitter:data2\" content=\"4 minutes\" \/>\n<script type=\"application\/ld+json\" class=\"yoast-schema-graph\">{\"@context\":\"https:\\\/\\\/schema.org\",\"@graph\":[{\"@type\":\"Article\",\"@id\":\"https:\\\/\\\/www.bellunopress.it\\\/2026\\\/07\\\/26\\\/domenica-con-vari-interventi-di-soccorso-in-montagna\\\/#article\",\"isPartOf\":{\"@id\":\"https:\\\/\\\/www.bellunopress.it\\\/2026\\\/07\\\/26\\\/domenica-con-vari-interventi-di-soccorso-in-montagna\\\/\"},\"author\":{\"name\":\"redazione\",\"@id\":\"https:\\\/\\\/www.bellunopress.it\\\/#\\\/schema\\\/person\\\/79bb06722b37ece1c03d3e94beb30d73\"},\"headline\":\"Domenica con vari interventi di soccorso in montagna\",\"datePublished\":\"2026-07-26T15:49:51+00:00\",\"mainEntityOfPage\":{\"@id\":\"https:\\\/\\\/www.bellunopress.it\\\/2026\\\/07\\\/26\\\/domenica-con-vari-interventi-di-soccorso-in-montagna\\\/\"},\"wordCount\":530,\"publisher\":{\"@id\":\"https:\\\/\\\/www.bellunopress.it\\\/#organization\"},\"image\":{\"@id\":\"https:\\\/\\\/www.bellunopress.it\\\/2026\\\/07\\\/26\\\/domenica-con-vari-interventi-di-soccorso-in-montagna\\\/#primaryimage\"},\"thumbnailUrl\":\"https:\\\/\\\/www.bellunopress.it\\\/wp-content\\\/uploads\\\/2026\\\/05\\\/soccorso-alpino.jpg\",\"articleSection\":[\"Lettere Opinioni\"],\"inLanguage\":\"fr-FR\"},{\"@type\":\"WebPage\",\"@id\":\"https:\\\/\\\/www.bellunopress.it\\\/2026\\\/07\\\/26\\\/domenica-con-vari-interventi-di-soccorso-in-montagna\\\/\",\"url\":\"https:\\\/\\\/www.bellunopress.it\\\/2026\\\/07\\\/26\\\/domenica-con-vari-interventi-di-soccorso-in-montagna\\\/\",\"name\":\"Domenica con vari interventi di soccorso in montagna - Bellunopress - Dolomiti\",\"isPartOf\":{\"@id\":\"https:\\\/\\\/www.bellunopress.it\\\/#website\"},\"primaryImageOfPage\":{\"@id\":\"https:\\\/\\\/www.bellunopress.it\\\/2026\\\/07\\\/26\\\/domenica-con-vari-interventi-di-soccorso-in-montagna\\\/#primaryimage\"},\"image\":{\"@id\":\"https:\\\/\\\/www.bellunopress.it\\\/2026\\\/07\\\/26\\\/domenica-con-vari-interventi-di-soccorso-in-montagna\\\/#primaryimage\"},\"thumbnailUrl\":\"https:\\\/\\\/www.bellunopress.it\\\/wp-content\\\/uploads\\\/2026\\\/05\\\/soccorso-alpino.jpg\",\"datePublished\":\"2026-07-26T15:49:51+00:00\",\"breadcrumb\":{\"@id\":\"https:\\\/\\\/www.bellunopress.it\\\/2026\\\/07\\\/26\\\/domenica-con-vari-interventi-di-soccorso-in-montagna\\\/#breadcrumb\"},\"inLanguage\":\"fr-FR\",\"potentialAction\":[{\"@type\":\"ReadAction\",\"target\":[\"https:\\\/\\\/www.bellunopress.it\\\/2026\\\/07\\\/26\\\/domenica-con-vari-interventi-di-soccorso-in-montagna\\\/\"]}]},{\"@type\":\"ImageObject\",\"inLanguage\":\"fr-FR\",\"@id\":\"https:\\\/\\\/www.bellunopress.it\\\/2026\\\/07\\\/26\\\/domenica-con-vari-interventi-di-soccorso-in-montagna\\\/#primaryimage\",\"url\":\"https:\\\/\\\/www.bellunopress.it\\\/wp-content\\\/uploads\\\/2026\\\/05\\\/soccorso-alpino.jpg\",\"contentUrl\":\"https:\\\/\\\/www.bellunopress.it\\\/wp-content\\\/uploads\\\/2026\\\/05\\\/soccorso-alpino.jpg\",\"width\":500,\"height\":415},{\"@type\":\"BreadcrumbList\",\"@id\":\"https:\\\/\\\/www.bellunopress.it\\\/2026\\\/07\\\/26\\\/domenica-con-vari-interventi-di-soccorso-in-montagna\\\/#breadcrumb\",\"itemListElement\":[{\"@type\":\"ListItem\",\"position\":1,\"name\":\"Home\",\"item\":\"https:\\\/\\\/www.bellunopress.it\\\/\"},{\"@type\":\"ListItem\",\"position\":2,\"name\":\"Domenica con vari interventi di soccorso in montagna\"}]},{\"@type\":\"WebSite\",\"@id\":\"https:\\\/\\\/www.bellunopress.it\\\/#website\",\"url\":\"https:\\\/\\\/www.bellunopress.it\\\/\",\"name\":\"Bellunopress - Dolomiti\",\"description\":\"e-mail: redazione@bellunopress.it\",\"publisher\":{\"@id\":\"https:\\\/\\\/www.bellunopress.it\\\/#organization\"},\"potentialAction\":[{\"@type\":\"SearchAction\",\"target\":{\"@type\":\"EntryPoint\",\"urlTemplate\":\"https:\\\/\\\/www.bellunopress.it\\\/?s={search_term_string}\"},\"query-input\":{\"@type\":\"PropertyValueSpecification\",\"valueRequired\":true,\"valueName\":\"search_term_string\"}}],\"inLanguage\":\"fr-FR\"},{\"@type\":\"Organization\",\"@id\":\"https:\\\/\\\/www.bellunopress.it\\\/#organization\",\"name\":\"Bellunopress\",\"url\":\"https:\\\/\\\/www.bellunopress.it\\\/\",\"logo\":{\"@type\":\"ImageObject\",\"inLanguage\":\"fr-FR\",\"@id\":\"https:\\\/\\\/www.bellunopress.it\\\/#\\\/schema\\\/logo\\\/image\\\/\",\"url\":\"https:\\\/\\\/www.bellunopress.it\\\/wp-content\\\/uploads\\\/2011\\\/05\\\/cropped-logo-bellunopress-.jpg\",\"contentUrl\":\"https:\\\/\\\/www.bellunopress.it\\\/wp-content\\\/uploads\\\/2011\\\/05\\\/cropped-logo-bellunopress-.jpg\",\"width\":512,\"height\":512,\"caption\":\"Bellunopress\"},\"image\":{\"@id\":\"https:\\\/\\\/www.bellunopress.it\\\/#\\\/schema\\\/logo\\\/image\\\/\"},\"sameAs\":[\"https:\\\/\\\/www.facebook.com\\\/profile.php?id=100008943462799\",\"https:\\\/\\\/x.com\\\/bellunopress\",\"https:\\\/\\\/www.linkedin.com\\\/hp\\\/?dnr=JBzUWaJfMUw8vbXJJ2tVW5-I3jZKvC4wsoxE&amp;amp;amp;amp;amp;amp;trk=nav_responsive_tab_home\",\"https:\\\/\\\/www.youtube.com\\\/channel\\\/UCxL0wu1uN0_3_7hGG0306cw\"]},{\"@type\":\"Person\",\"@id\":\"https:\\\/\\\/www.bellunopress.it\\\/#\\\/schema\\\/person\\\/79bb06722b37ece1c03d3e94beb30d73\",\"name\":\"redazione\",\"image\":{\"@type\":\"ImageObject\",\"inLanguage\":\"fr-FR\",\"@id\":\"https:\\\/\\\/secure.gravatar.com\\\/avatar\\\/37d968a2e67a6fd04c169c4bdef102d0bc5d31b2546345219e348575eb80e9a0?s=96&d=mm&r=g\",\"url\":\"https:\\\/\\\/secure.gravatar.com\\\/avatar\\\/37d968a2e67a6fd04c169c4bdef102d0bc5d31b2546345219e348575eb80e9a0?s=96&d=mm&r=g\",\"contentUrl\":\"https:\\\/\\\/secure.gravatar.com\\\/avatar\\\/37d968a2e67a6fd04c169c4bdef102d0bc5d31b2546345219e348575eb80e9a0?s=96&d=mm&r=g\",\"caption\":\"redazione\"},\"sameAs\":[\"http:\\\/\\\/www.bellunopress.it\",\"https:\\\/\\\/x.com\\\/bellunopress\"],\"url\":\"https:\\\/\\\/www.bellunopress.it\\\/fr\\\/author\\\/redazione\\\/\"}]}<\/script>\n<!-- \/ Yoast SEO plugin. -->","yoast_head_json":{"title":"Domenica con vari interventi di soccorso in montagna - Bellunopress - Dolomiti","robots":{"index":"index","follow":"follow","max-snippet":"max-snippet:-1","max-image-preview":"max-image-preview:large","max-video-preview":"max-video-preview:-1"},"canonical":"https:\/\/www.bellunopress.it\/fr\/2026\/07\/26\/domenica-con-vari-interventi-di-soccorso-in-montagna\/","og_locale":"fr_FR","og_type":"article","og_title":"Domenica con vari interventi di soccorso in montagna - Bellunopress - Dolomiti","og_description":"Vallada Agordina (BL), 26 &#8211; 07 &#8211; 2026\u00a0 \u00a0Verso le 14 il Soccorso alpino della Val Biois \u00e8 stato allertato per intervenire in aiuto di due escursionisti, padre e figlio, che, persa la traccia di un sentiero non ben segnalato, erano finiti in un bosco ripido in prossimit\u00e0 di un torrente in Val Vallaraz. Risaliti [&hellip;]","og_url":"https:\/\/www.bellunopress.it\/fr\/2026\/07\/26\/domenica-con-vari-interventi-di-soccorso-in-montagna\/","og_site_name":"Bellunopress - Dolomiti","article_publisher":"https:\/\/www.facebook.com\/profile.php?id=100008943462799","article_published_time":"2026-07-26T15:49:51+00:00","og_image":[{"width":500,"height":415,"url":"https:\/\/www.bellunopress.it\/wp-content\/uploads\/2026\/05\/soccorso-alpino.jpg","type":"image\/jpeg"}],"author":"redazione","twitter_card":"summary_large_image","twitter_creator":"@bellunopress","twitter_site":"@bellunopress","twitter_misc":{"Written by":"redazione","Est. reading time":"4 minutes"},"schema":{"@context":"https:\/\/schema.org","@graph":[{"@type":"Article","@id":"https:\/\/www.bellunopress.it\/2026\/07\/26\/domenica-con-vari-interventi-di-soccorso-in-montagna\/#article","isPartOf":{"@id":"https:\/\/www.bellunopress.it\/2026\/07\/26\/domenica-con-vari-interventi-di-soccorso-in-montagna\/"},"author":{"name":"redazione","@id":"https:\/\/www.bellunopress.it\/#\/schema\/person\/79bb06722b37ece1c03d3e94beb30d73"},"headline":"Domenica con vari interventi di soccorso in montagna","datePublished":"2026-07-26T15:49:51+00:00","mainEntityOfPage":{"@id":"https:\/\/www.bellunopress.it\/2026\/07\/26\/domenica-con-vari-interventi-di-soccorso-in-montagna\/"},"wordCount":530,"publisher":{"@id":"https:\/\/www.bellunopress.it\/#organization"},"image":{"@id":"https:\/\/www.bellunopress.it\/2026\/07\/26\/domenica-con-vari-interventi-di-soccorso-in-montagna\/#primaryimage"},"thumbnailUrl":"https:\/\/www.bellunopress.it\/wp-content\/uploads\/2026\/05\/soccorso-alpino.jpg","articleSection":["Lettere Opinioni"],"inLanguage":"fr-FR"},{"@type":"WebPage","@id":"https:\/\/www.bellunopress.it\/2026\/07\/26\/domenica-con-vari-interventi-di-soccorso-in-montagna\/","url":"https:\/\/www.bellunopress.it\/2026\/07\/26\/domenica-con-vari-interventi-di-soccorso-in-montagna\/","name":"Domenica con vari interventi di soccorso in montagna - Bellunopress - Dolomiti","isPartOf":{"@id":"https:\/\/www.bellunopress.it\/#website"},"primaryImageOfPage":{"@id":"https:\/\/www.bellunopress.it\/2026\/07\/26\/domenica-con-vari-interventi-di-soccorso-in-montagna\/#primaryimage"},"image":{"@id":"https:\/\/www.bellunopress.it\/2026\/07\/26\/domenica-con-vari-interventi-di-soccorso-in-montagna\/#primaryimage"},"thumbnailUrl":"https:\/\/www.bellunopress.it\/wp-content\/uploads\/2026\/05\/soccorso-alpino.jpg","datePublished":"2026-07-26T15:49:51+00:00","breadcrumb":{"@id":"https:\/\/www.bellunopress.it\/2026\/07\/26\/domenica-con-vari-interventi-di-soccorso-in-montagna\/#breadcrumb"},"inLanguage":"fr-FR","potentialAction":[{"@type":"ReadAction","target":["https:\/\/www.bellunopress.it\/2026\/07\/26\/domenica-con-vari-interventi-di-soccorso-in-montagna\/"]}]},{"@type":"ImageObject","inLanguage":"fr-FR","@id":"https:\/\/www.bellunopress.it\/2026\/07\/26\/domenica-con-vari-interventi-di-soccorso-in-montagna\/#primaryimage","url":"https:\/\/www.bellunopress.it\/wp-content\/uploads\/2026\/05\/soccorso-alpino.jpg","contentUrl":"https:\/\/www.bellunopress.it\/wp-content\/uploads\/2026\/05\/soccorso-alpino.jpg","width":500,"height":415},{"@type":"BreadcrumbList","@id":"https:\/\/www.bellunopress.it\/2026\/07\/26\/domenica-con-vari-interventi-di-soccorso-in-montagna\/#breadcrumb","itemListElement":[{"@type":"ListItem","position":1,"name":"Home","item":"https:\/\/www.bellunopress.it\/"},{"@type":"ListItem","position":2,"name":"Domenica con vari interventi di soccorso in montagna"}]},{"@type":"WebSite","@id":"https:\/\/www.bellunopress.it\/#website","url":"https:\/\/www.bellunopress.it\/","name":"Bellunopress - Dolomiti","description":"e-mail: redazione@bellunopress.it","publisher":{"@id":"https:\/\/www.bellunopress.it\/#organization"},"potentialAction":[{"@type":"SearchAction","target":{"@type":"EntryPoint","urlTemplate":"https:\/\/www.bellunopress.it\/?s={search_term_string}"},"query-input":{"@type":"PropertyValueSpecification","valueRequired":true,"valueName":"search_term_string"}}],"inLanguage":"fr-FR"},{"@type":"Organization","@id":"https:\/\/www.bellunopress.it\/#organization","name":"Bellunopress","url":"https:\/\/www.bellunopress.it\/","logo":{"@type":"ImageObject","inLanguage":"fr-FR","@id":"https:\/\/www.bellunopress.it\/#\/schema\/logo\/image\/","url":"https:\/\/www.bellunopress.it\/wp-content\/uploads\/2011\/05\/cropped-logo-bellunopress-.jpg","contentUrl":"https:\/\/www.bellunopress.it\/wp-content\/uploads\/2011\/05\/cropped-logo-bellunopress-.jpg","width":512,"height":512,"caption":"Bellunopress"},"image":{"@id":"https:\/\/www.bellunopress.it\/#\/schema\/logo\/image\/"},"sameAs":["https:\/\/www.facebook.com\/profile.php?id=100008943462799","https:\/\/x.com\/bellunopress","https:\/\/www.linkedin.com\/hp\/?dnr=JBzUWaJfMUw8vbXJJ2tVW5-I3jZKvC4wsoxE&amp;amp;amp;amp;amp;amp;trk=nav_responsive_tab_home","https:\/\/www.youtube.com\/channel\/UCxL0wu1uN0_3_7hGG0306cw"]},{"@type":"Person","@id":"https:\/\/www.bellunopress.it\/#\/schema\/person\/79bb06722b37ece1c03d3e94beb30d73","name":"r\u00e9daction","image":{"@type":"ImageObject","inLanguage":"fr-FR","@id":"https:\/\/secure.gravatar.com\/avatar\/37d968a2e67a6fd04c169c4bdef102d0bc5d31b2546345219e348575eb80e9a0?s=96&d=mm&r=g","url":"https:\/\/secure.gravatar.com\/avatar\/37d968a2e67a6fd04c169c4bdef102d0bc5d31b2546345219e348575eb80e9a0?s=96&d=mm&r=g","contentUrl":"https:\/\/secure.gravatar.com\/avatar\/37d968a2e67a6fd04c169c4bdef102d0bc5d31b2546345219e348575eb80e9a0?s=96&d=mm&r=g","caption":"redazione"},"sameAs":["http:\/\/www.bellunopress.it","https:\/\/x.com\/bellunopress"],"url":"https:\/\/www.bellunopress.it\/fr\/author\/redazione\/"}]}},"_links":{"self":[{"href":"https:\/\/www.bellunopress.it\/fr\/wp-json\/wp\/v2\/posts\/172213","targetHints":{"allow":["GET"]}}],"collection":[{"href":"https:\/\/www.bellunopress.it\/fr\/wp-json\/wp\/v2\/posts"}],"about":[{"href":"https:\/\/www.bellunopress.it\/fr\/wp-json\/wp\/v2\/types\/post"}],"author":[{"embeddable":true,"href":"https:\/\/www.bellunopress.it\/fr\/wp-json\/wp\/v2\/users\/2"}],"replies":[{"embeddable":true,"href":"https:\/\/www.bellunopress.it\/fr\/wp-json\/wp\/v2\/comments?post=172213"}],"version-history":[{"count":1,"href":"https:\/\/www.bellunopress.it\/fr\/wp-json\/wp\/v2\/posts\/172213\/revisions"}],"predecessor-version":[{"id":172214,"href":"https:\/\/www.bellunopress.it\/fr\/wp-json\/wp\/v2\/posts\/172213\/revisions\/172214"}],"wp:featuredmedia":[{"embeddable":true,"href":"https:\/\/www.bellunopress.it\/fr\/wp-json\/wp\/v2\/media\/169783"}],"wp:attachment":[{"href":"https:\/\/www.bellunopress.it\/fr\/wp-json\/wp\/v2\/media?parent=172213"}],"wp:term":[{"taxonomy":"category","embeddable":true,"href":"https:\/\/www.bellunopress.it\/fr\/wp-json\/wp\/v2\/categories?post=172213"},{"taxonomy":"post_tag","embeddable":true,"href":"https:\/\/www.bellunopress.it\/fr\/wp-json\/wp\/v2\/tags?post=172213"}],"curies":[{"name":"wp","href":"https:\/\/api.w.org\/{rel}","templated":true}]}}