{"id":172207,"date":"2026-07-26T15:40:22","date_gmt":"2026-07-26T13:40:22","guid":{"rendered":"https:\/\/www.bellunopress.it\/?p=172207"},"modified":"2026-07-26T15:40:57","modified_gmt":"2026-07-26T13:40:57","slug":"gastone-breccia-a-cortina-a-patti-con-il-nemico-storia-del-mondo-in-30-trattati-di-pace","status":"publish","type":"post","link":"https:\/\/www.bellunopress.it\/fr\/2026\/07\/26\/gastone-breccia-a-cortina-a-patti-con-il-nemico-storia-del-mondo-in-30-trattati-di-pace\/","title":{"rendered":"Gastone Breccia a Cortina. A patti con il nemico: storia del mondo in 30 trattati di pace"},"content":{"rendered":"<p><strong>Cortina d&#8217;Ampezzo, luned\u00ec 27 Luglio a\u00a0Una Montagna di Libri<\/strong><\/p>\n<p><strong>con Francesco Chiamulera all&#8217;Alexander Girardi Hall, ore 18<\/strong><\/p>\n<p>Cortina d&#8217;Ampezzo. L&#8217;invasione dell&#8217;Ucraina ha segnato il ritorno della guerra di aggressione su larga scala in Europa. Certo il conflitto caratterizza da sempre la vita delle comunit\u00e0: la storia umana non \u00e8 altro che un susseguirsi di guerre intervallate da accordi pi\u00f9 o meno duraturi. Ma quali sono gli ingredienti perch\u00e9 una pace possa reggere per davvero? Ne scrive lo storico Gastone Breccia, uno dei massimi esperti italiani di storia militare, docente all&#8217;Universit\u00e0 di Pavia, nel suo ultimo libro: &#8220;A patti con il nemico&#8221; (Marsilio).<\/p>\n<p>E Breccia sar\u00e0 il protagonista del prossimo incontro di Una Montagna di Libri, la festa internazionale della letteratura di Cortina d&#8217;Ampezzo. Appuntamento luned\u00ec 26 Luglio 2026, alle ore 18, all&#8217;Alexander Girardi Hall di Cortina. Con Francesco Chiamulera. Ingresso libero fino a esaurimento posti.<\/p>\n<p>&nbsp;<\/p>\n<p>L&#8217;incontro<\/p>\n<p>&#8220;Creano un deserto e lo chiamano pace&#8221;. Nonostante siano trascorsi quasi duemila anni da quando Tacito immortalava cos\u00ec l&#8217;aggressiva politica di Roma, ancora oggi assistiamo a scene di devastazione degne del suo aforisma. D&#8217;altronde il conflitto caratterizza da sempre la vita delle comunit\u00e0, e la storia umana non \u00e8 altro che un susseguirsi di guerre intervallate da accordi pi\u00f9 o meno duraturi. Se il primo trattato di pace che ci sia giunto, quello tra Ramses II e il sovrano ittita \u1e2aattu\u0161ili, professava il conseguimento di una &#8220;pace per l&#8217;eternit\u00e0&#8221; \u2013 tanto che il suo testo campeggia nella sala dove si riunisce il Consiglio di Sicurezza dell&#8217;Onu \u2013, gli uomini non hanno mai smesso di incrociare le armi. Parlare di pace significa allora parlare della storia di un miraggio; confrontandosi con la realt\u00e0, significa ripercorrere la vicenda dei trattati che hanno interrotto, temporaneamente, lo stato di belligeranza tra i gruppi umani. Gastone Breccia, uno dei massimi esperti italiani di storia militare, ci ricorda alcune tipologie specifiche nel modo di concludere i conflitti: dalla pace imposta con lo sguardo rivolto a nuove conquiste, al cessate il fuoco in vista di un equilibrio politico e bellico duraturo, dagli accordi tra nemici irriducibili a paci strette per riparare ci\u00f2 che \u00e8 stato distrutto. Fino alla \u00abpace ibrida\u00bb che caratterizza la nostra era di disordine globale. Quale che sia la sua natura, la pace resta tra le pi\u00f9 fragili invenzioni degli esseri umani: chi sar\u00e0 in grado di costruire la prossima farebbe bene a tener conto dei fallimenti di tanti secoli di storia, senza per questo perdere fiducia nella possibilit\u00e0 di dare un ordine meno ingiusto al mondo di domani.<\/p>\n<p>&nbsp;<\/p>\n<p>Gastone Breccia<\/p>\n<p>Gastone Breccia insegna Storia bizantina e Storia militare antica all&#8217;Universit\u00e0 di Pavia. \u00c8 autore di numerose pubblicazioni sul tema bellico, tra cui Trafalgar. La battaglia navale e L&#8217;ultimo inverno di guerra. Vita e morte sul fronte dimenticato (entrambi del 2024).<\/p>\n<p>&nbsp;<\/p>","protected":false},"excerpt":{"rendered":"<p>Cortina d&#8217;Ampezzo, luned\u00ec 27 Luglio a\u00a0Una Montagna di Libri con Francesco Chiamulera all&#8217;Alexander Girardi Hall, ore 18 Cortina d&#8217;Ampezzo. L&#8217;invasione dell&#8217;Ucraina ha segnato il ritorno della guerra di aggressione su larga scala in Europa. Certo il conflitto caratterizza da sempre la vita delle comunit\u00e0: la storia umana non \u00e8 altro che un susseguirsi di guerre [&hellip;]<\/p>\n","protected":false},"author":2,"featured_media":172208,"comment_status":"closed","ping_status":"open","sticky":false,"template":"","format":"standard","meta":{"footnotes":""},"categories":[27,3,25],"tags":[],"class_list":["post-172207","post","type-post","status-publish","format-standard","has-post-thumbnail","category-appuntamenti","category-arte-cultura-spettacoli-scienza-archivi","category-pausa-caffe"],"yoast_head":"<!-- This site is optimized with the Yoast SEO plugin v28.4 - https:\/\/yoast.com\/product\/yoast-seo-wordpress\/ -->\n<title>Gastone Breccia a Cortina. A patti con il nemico: storia del mondo in 30 trattati di pace - Bellunopress - Dolomiti<\/title>\n<meta name=\"robots\" content=\"index, follow, max-snippet:-1, max-image-preview:large, max-video-preview:-1\" \/>\n<link rel=\"canonical\" href=\"https:\/\/www.bellunopress.it\/fr\/2026\/07\/26\/gastone-breccia-a-cortina-a-patti-con-il-nemico-storia-del-mondo-in-30-trattati-di-pace\/\" \/>\n<meta property=\"og:locale\" content=\"fr_FR\" \/>\n<meta property=\"og:type\" content=\"article\" \/>\n<meta property=\"og:title\" content=\"Gastone Breccia a Cortina. A patti con il nemico: storia del mondo in 30 trattati di pace - Bellunopress - Dolomiti\" \/>\n<meta property=\"og:description\" content=\"Cortina d&#8217;Ampezzo, luned\u00ec 27 Luglio a\u00a0Una Montagna di Libri con Francesco Chiamulera all&#8217;Alexander Girardi Hall, ore 18 Cortina d&#8217;Ampezzo. L&#8217;invasione dell&#8217;Ucraina ha segnato il ritorno della guerra di aggressione su larga scala in Europa. Certo il conflitto caratterizza da sempre la vita delle comunit\u00e0: la storia umana non \u00e8 altro che un susseguirsi di guerre [&hellip;]\" \/>\n<meta property=\"og:url\" content=\"https:\/\/www.bellunopress.it\/fr\/2026\/07\/26\/gastone-breccia-a-cortina-a-patti-con-il-nemico-storia-del-mondo-in-30-trattati-di-pace\/\" \/>\n<meta property=\"og:site_name\" content=\"Bellunopress - Dolomiti\" \/>\n<meta property=\"article:publisher\" content=\"https:\/\/www.facebook.com\/profile.php?id=100008943462799\" \/>\n<meta property=\"article:published_time\" content=\"2026-07-26T13:40:22+00:00\" \/>\n<meta property=\"article:modified_time\" content=\"2026-07-26T13:40:57+00:00\" \/>\n<meta property=\"og:image\" content=\"https:\/\/www.bellunopress.it\/wp-content\/uploads\/2026\/07\/Gastone-Breccia-storico.jpeg\" \/>\n\t<meta property=\"og:image:width\" content=\"448\" \/>\n\t<meta property=\"og:image:height\" content=\"446\" \/>\n\t<meta property=\"og:image:type\" content=\"image\/jpeg\" \/>\n<meta name=\"author\" content=\"redazione\" \/>\n<meta name=\"twitter:card\" content=\"summary_large_image\" \/>\n<meta name=\"twitter:creator\" content=\"@bellunopress\" \/>\n<meta name=\"twitter:site\" content=\"@bellunopress\" \/>\n<meta name=\"twitter:label1\" content=\"Written by\" \/>\n\t<meta name=\"twitter:data1\" content=\"redazione\" \/>\n\t<meta name=\"twitter:label2\" content=\"Est. reading time\" \/>\n\t<meta name=\"twitter:data2\" content=\"3 minutes\" \/>\n<script type=\"application\/ld+json\" class=\"yoast-schema-graph\">{\"@context\":\"https:\\\/\\\/schema.org\",\"@graph\":[{\"@type\":\"Article\",\"@id\":\"https:\\\/\\\/www.bellunopress.it\\\/2026\\\/07\\\/26\\\/gastone-breccia-a-cortina-a-patti-con-il-nemico-storia-del-mondo-in-30-trattati-di-pace\\\/#article\",\"isPartOf\":{\"@id\":\"https:\\\/\\\/www.bellunopress.it\\\/2026\\\/07\\\/26\\\/gastone-breccia-a-cortina-a-patti-con-il-nemico-storia-del-mondo-in-30-trattati-di-pace\\\/\"},\"author\":{\"name\":\"redazione\",\"@id\":\"https:\\\/\\\/www.bellunopress.it\\\/#\\\/schema\\\/person\\\/79bb06722b37ece1c03d3e94beb30d73\"},\"headline\":\"Gastone Breccia a Cortina. A patti con il nemico: storia del mondo in 30 trattati di pace\",\"datePublished\":\"2026-07-26T13:40:22+00:00\",\"dateModified\":\"2026-07-26T13:40:57+00:00\",\"mainEntityOfPage\":{\"@id\":\"https:\\\/\\\/www.bellunopress.it\\\/2026\\\/07\\\/26\\\/gastone-breccia-a-cortina-a-patti-con-il-nemico-storia-del-mondo-in-30-trattati-di-pace\\\/\"},\"wordCount\":487,\"publisher\":{\"@id\":\"https:\\\/\\\/www.bellunopress.it\\\/#organization\"},\"image\":{\"@id\":\"https:\\\/\\\/www.bellunopress.it\\\/2026\\\/07\\\/26\\\/gastone-breccia-a-cortina-a-patti-con-il-nemico-storia-del-mondo-in-30-trattati-di-pace\\\/#primaryimage\"},\"thumbnailUrl\":\"https:\\\/\\\/www.bellunopress.it\\\/wp-content\\\/uploads\\\/2026\\\/07\\\/Gastone-Breccia-storico.jpeg\",\"articleSection\":[\"Appuntamenti, Eventi\",\"Arte, Cultura, Spettacoli, Scienza\",\"Pausa Caff\u00e8\"],\"inLanguage\":\"fr-FR\"},{\"@type\":\"WebPage\",\"@id\":\"https:\\\/\\\/www.bellunopress.it\\\/2026\\\/07\\\/26\\\/gastone-breccia-a-cortina-a-patti-con-il-nemico-storia-del-mondo-in-30-trattati-di-pace\\\/\",\"url\":\"https:\\\/\\\/www.bellunopress.it\\\/2026\\\/07\\\/26\\\/gastone-breccia-a-cortina-a-patti-con-il-nemico-storia-del-mondo-in-30-trattati-di-pace\\\/\",\"name\":\"Gastone Breccia a Cortina. A patti con il nemico: storia del mondo in 30 trattati di pace - Bellunopress - Dolomiti\",\"isPartOf\":{\"@id\":\"https:\\\/\\\/www.bellunopress.it\\\/#website\"},\"primaryImageOfPage\":{\"@id\":\"https:\\\/\\\/www.bellunopress.it\\\/2026\\\/07\\\/26\\\/gastone-breccia-a-cortina-a-patti-con-il-nemico-storia-del-mondo-in-30-trattati-di-pace\\\/#primaryimage\"},\"image\":{\"@id\":\"https:\\\/\\\/www.bellunopress.it\\\/2026\\\/07\\\/26\\\/gastone-breccia-a-cortina-a-patti-con-il-nemico-storia-del-mondo-in-30-trattati-di-pace\\\/#primaryimage\"},\"thumbnailUrl\":\"https:\\\/\\\/www.bellunopress.it\\\/wp-content\\\/uploads\\\/2026\\\/07\\\/Gastone-Breccia-storico.jpeg\",\"datePublished\":\"2026-07-26T13:40:22+00:00\",\"dateModified\":\"2026-07-26T13:40:57+00:00\",\"breadcrumb\":{\"@id\":\"https:\\\/\\\/www.bellunopress.it\\\/2026\\\/07\\\/26\\\/gastone-breccia-a-cortina-a-patti-con-il-nemico-storia-del-mondo-in-30-trattati-di-pace\\\/#breadcrumb\"},\"inLanguage\":\"fr-FR\",\"potentialAction\":[{\"@type\":\"ReadAction\",\"target\":[\"https:\\\/\\\/www.bellunopress.it\\\/2026\\\/07\\\/26\\\/gastone-breccia-a-cortina-a-patti-con-il-nemico-storia-del-mondo-in-30-trattati-di-pace\\\/\"]}]},{\"@type\":\"ImageObject\",\"inLanguage\":\"fr-FR\",\"@id\":\"https:\\\/\\\/www.bellunopress.it\\\/2026\\\/07\\\/26\\\/gastone-breccia-a-cortina-a-patti-con-il-nemico-storia-del-mondo-in-30-trattati-di-pace\\\/#primaryimage\",\"url\":\"https:\\\/\\\/www.bellunopress.it\\\/wp-content\\\/uploads\\\/2026\\\/07\\\/Gastone-Breccia-storico.jpeg\",\"contentUrl\":\"https:\\\/\\\/www.bellunopress.it\\\/wp-content\\\/uploads\\\/2026\\\/07\\\/Gastone-Breccia-storico.jpeg\",\"width\":448,\"height\":446,\"caption\":\"Gastone Breccia, storico\"},{\"@type\":\"BreadcrumbList\",\"@id\":\"https:\\\/\\\/www.bellunopress.it\\\/2026\\\/07\\\/26\\\/gastone-breccia-a-cortina-a-patti-con-il-nemico-storia-del-mondo-in-30-trattati-di-pace\\\/#breadcrumb\",\"itemListElement\":[{\"@type\":\"ListItem\",\"position\":1,\"name\":\"Home\",\"item\":\"https:\\\/\\\/www.bellunopress.it\\\/\"},{\"@type\":\"ListItem\",\"position\":2,\"name\":\"Gastone Breccia a Cortina. A patti con il nemico: storia del mondo in 30 trattati di pace\"}]},{\"@type\":\"WebSite\",\"@id\":\"https:\\\/\\\/www.bellunopress.it\\\/#website\",\"url\":\"https:\\\/\\\/www.bellunopress.it\\\/\",\"name\":\"Bellunopress - Dolomiti\",\"description\":\"e-mail: redazione@bellunopress.it\",\"publisher\":{\"@id\":\"https:\\\/\\\/www.bellunopress.it\\\/#organization\"},\"potentialAction\":[{\"@type\":\"SearchAction\",\"target\":{\"@type\":\"EntryPoint\",\"urlTemplate\":\"https:\\\/\\\/www.bellunopress.it\\\/?s={search_term_string}\"},\"query-input\":{\"@type\":\"PropertyValueSpecification\",\"valueRequired\":true,\"valueName\":\"search_term_string\"}}],\"inLanguage\":\"fr-FR\"},{\"@type\":\"Organization\",\"@id\":\"https:\\\/\\\/www.bellunopress.it\\\/#organization\",\"name\":\"Bellunopress\",\"url\":\"https:\\\/\\\/www.bellunopress.it\\\/\",\"logo\":{\"@type\":\"ImageObject\",\"inLanguage\":\"fr-FR\",\"@id\":\"https:\\\/\\\/www.bellunopress.it\\\/#\\\/schema\\\/logo\\\/image\\\/\",\"url\":\"https:\\\/\\\/www.bellunopress.it\\\/wp-content\\\/uploads\\\/2011\\\/05\\\/cropped-logo-bellunopress-.jpg\",\"contentUrl\":\"https:\\\/\\\/www.bellunopress.it\\\/wp-content\\\/uploads\\\/2011\\\/05\\\/cropped-logo-bellunopress-.jpg\",\"width\":512,\"height\":512,\"caption\":\"Bellunopress\"},\"image\":{\"@id\":\"https:\\\/\\\/www.bellunopress.it\\\/#\\\/schema\\\/logo\\\/image\\\/\"},\"sameAs\":[\"https:\\\/\\\/www.facebook.com\\\/profile.php?id=100008943462799\",\"https:\\\/\\\/x.com\\\/bellunopress\",\"https:\\\/\\\/www.linkedin.com\\\/hp\\\/?dnr=JBzUWaJfMUw8vbXJJ2tVW5-I3jZKvC4wsoxE&amp;amp;amp;amp;amp;amp;trk=nav_responsive_tab_home\",\"https:\\\/\\\/www.youtube.com\\\/channel\\\/UCxL0wu1uN0_3_7hGG0306cw\"]},{\"@type\":\"Person\",\"@id\":\"https:\\\/\\\/www.bellunopress.it\\\/#\\\/schema\\\/person\\\/79bb06722b37ece1c03d3e94beb30d73\",\"name\":\"redazione\",\"image\":{\"@type\":\"ImageObject\",\"inLanguage\":\"fr-FR\",\"@id\":\"https:\\\/\\\/secure.gravatar.com\\\/avatar\\\/37d968a2e67a6fd04c169c4bdef102d0bc5d31b2546345219e348575eb80e9a0?s=96&d=mm&r=g\",\"url\":\"https:\\\/\\\/secure.gravatar.com\\\/avatar\\\/37d968a2e67a6fd04c169c4bdef102d0bc5d31b2546345219e348575eb80e9a0?s=96&d=mm&r=g\",\"contentUrl\":\"https:\\\/\\\/secure.gravatar.com\\\/avatar\\\/37d968a2e67a6fd04c169c4bdef102d0bc5d31b2546345219e348575eb80e9a0?s=96&d=mm&r=g\",\"caption\":\"redazione\"},\"sameAs\":[\"http:\\\/\\\/www.bellunopress.it\",\"https:\\\/\\\/x.com\\\/bellunopress\"],\"url\":\"https:\\\/\\\/www.bellunopress.it\\\/fr\\\/author\\\/redazione\\\/\"}]}<\/script>\n<!-- \/ Yoast SEO plugin. -->","yoast_head_json":{"title":"Gastone Breccia a Cortina. A patti con il nemico: storia del mondo in 30 trattati di pace - Bellunopress - Dolomiti","robots":{"index":"index","follow":"follow","max-snippet":"max-snippet:-1","max-image-preview":"max-image-preview:large","max-video-preview":"max-video-preview:-1"},"canonical":"https:\/\/www.bellunopress.it\/fr\/2026\/07\/26\/gastone-breccia-a-cortina-a-patti-con-il-nemico-storia-del-mondo-in-30-trattati-di-pace\/","og_locale":"fr_FR","og_type":"article","og_title":"Gastone Breccia a Cortina. A patti con il nemico: storia del mondo in 30 trattati di pace - Bellunopress - Dolomiti","og_description":"Cortina d&#8217;Ampezzo, luned\u00ec 27 Luglio a\u00a0Una Montagna di Libri con Francesco Chiamulera all&#8217;Alexander Girardi Hall, ore 18 Cortina d&#8217;Ampezzo. L&#8217;invasione dell&#8217;Ucraina ha segnato il ritorno della guerra di aggressione su larga scala in Europa. Certo il conflitto caratterizza da sempre la vita delle comunit\u00e0: la storia umana non \u00e8 altro che un susseguirsi di guerre [&hellip;]","og_url":"https:\/\/www.bellunopress.it\/fr\/2026\/07\/26\/gastone-breccia-a-cortina-a-patti-con-il-nemico-storia-del-mondo-in-30-trattati-di-pace\/","og_site_name":"Bellunopress - Dolomiti","article_publisher":"https:\/\/www.facebook.com\/profile.php?id=100008943462799","article_published_time":"2026-07-26T13:40:22+00:00","article_modified_time":"2026-07-26T13:40:57+00:00","og_image":[{"width":448,"height":446,"url":"https:\/\/www.bellunopress.it\/wp-content\/uploads\/2026\/07\/Gastone-Breccia-storico.jpeg","type":"image\/jpeg"}],"author":"redazione","twitter_card":"summary_large_image","twitter_creator":"@bellunopress","twitter_site":"@bellunopress","twitter_misc":{"Written by":"redazione","Est. reading time":"3 minutes"},"schema":{"@context":"https:\/\/schema.org","@graph":[{"@type":"Article","@id":"https:\/\/www.bellunopress.it\/2026\/07\/26\/gastone-breccia-a-cortina-a-patti-con-il-nemico-storia-del-mondo-in-30-trattati-di-pace\/#article","isPartOf":{"@id":"https:\/\/www.bellunopress.it\/2026\/07\/26\/gastone-breccia-a-cortina-a-patti-con-il-nemico-storia-del-mondo-in-30-trattati-di-pace\/"},"author":{"name":"redazione","@id":"https:\/\/www.bellunopress.it\/#\/schema\/person\/79bb06722b37ece1c03d3e94beb30d73"},"headline":"Gastone Breccia a Cortina. A patti con il nemico: storia del mondo in 30 trattati di pace","datePublished":"2026-07-26T13:40:22+00:00","dateModified":"2026-07-26T13:40:57+00:00","mainEntityOfPage":{"@id":"https:\/\/www.bellunopress.it\/2026\/07\/26\/gastone-breccia-a-cortina-a-patti-con-il-nemico-storia-del-mondo-in-30-trattati-di-pace\/"},"wordCount":487,"publisher":{"@id":"https:\/\/www.bellunopress.it\/#organization"},"image":{"@id":"https:\/\/www.bellunopress.it\/2026\/07\/26\/gastone-breccia-a-cortina-a-patti-con-il-nemico-storia-del-mondo-in-30-trattati-di-pace\/#primaryimage"},"thumbnailUrl":"https:\/\/www.bellunopress.it\/wp-content\/uploads\/2026\/07\/Gastone-Breccia-storico.jpeg","articleSection":["Appuntamenti, Eventi","Arte, Cultura, Spettacoli, Scienza","Pausa Caff\u00e8"],"inLanguage":"fr-FR"},{"@type":"WebPage","@id":"https:\/\/www.bellunopress.it\/2026\/07\/26\/gastone-breccia-a-cortina-a-patti-con-il-nemico-storia-del-mondo-in-30-trattati-di-pace\/","url":"https:\/\/www.bellunopress.it\/2026\/07\/26\/gastone-breccia-a-cortina-a-patti-con-il-nemico-storia-del-mondo-in-30-trattati-di-pace\/","name":"Gastone Breccia a Cortina. A patti con il nemico: storia del mondo in 30 trattati di pace - Bellunopress - Dolomiti","isPartOf":{"@id":"https:\/\/www.bellunopress.it\/#website"},"primaryImageOfPage":{"@id":"https:\/\/www.bellunopress.it\/2026\/07\/26\/gastone-breccia-a-cortina-a-patti-con-il-nemico-storia-del-mondo-in-30-trattati-di-pace\/#primaryimage"},"image":{"@id":"https:\/\/www.bellunopress.it\/2026\/07\/26\/gastone-breccia-a-cortina-a-patti-con-il-nemico-storia-del-mondo-in-30-trattati-di-pace\/#primaryimage"},"thumbnailUrl":"https:\/\/www.bellunopress.it\/wp-content\/uploads\/2026\/07\/Gastone-Breccia-storico.jpeg","datePublished":"2026-07-26T13:40:22+00:00","dateModified":"2026-07-26T13:40:57+00:00","breadcrumb":{"@id":"https:\/\/www.bellunopress.it\/2026\/07\/26\/gastone-breccia-a-cortina-a-patti-con-il-nemico-storia-del-mondo-in-30-trattati-di-pace\/#breadcrumb"},"inLanguage":"fr-FR","potentialAction":[{"@type":"ReadAction","target":["https:\/\/www.bellunopress.it\/2026\/07\/26\/gastone-breccia-a-cortina-a-patti-con-il-nemico-storia-del-mondo-in-30-trattati-di-pace\/"]}]},{"@type":"ImageObject","inLanguage":"fr-FR","@id":"https:\/\/www.bellunopress.it\/2026\/07\/26\/gastone-breccia-a-cortina-a-patti-con-il-nemico-storia-del-mondo-in-30-trattati-di-pace\/#primaryimage","url":"https:\/\/www.bellunopress.it\/wp-content\/uploads\/2026\/07\/Gastone-Breccia-storico.jpeg","contentUrl":"https:\/\/www.bellunopress.it\/wp-content\/uploads\/2026\/07\/Gastone-Breccia-storico.jpeg","width":448,"height":446,"caption":"Gastone Breccia, storico"},{"@type":"BreadcrumbList","@id":"https:\/\/www.bellunopress.it\/2026\/07\/26\/gastone-breccia-a-cortina-a-patti-con-il-nemico-storia-del-mondo-in-30-trattati-di-pace\/#breadcrumb","itemListElement":[{"@type":"ListItem","position":1,"name":"Home","item":"https:\/\/www.bellunopress.it\/"},{"@type":"ListItem","position":2,"name":"Gastone Breccia a Cortina. A patti con il nemico: storia del mondo in 30 trattati di pace"}]},{"@type":"WebSite","@id":"https:\/\/www.bellunopress.it\/#website","url":"https:\/\/www.bellunopress.it\/","name":"Bellunopress - Dolomiti","description":"e-mail: redazione@bellunopress.it","publisher":{"@id":"https:\/\/www.bellunopress.it\/#organization"},"potentialAction":[{"@type":"SearchAction","target":{"@type":"EntryPoint","urlTemplate":"https:\/\/www.bellunopress.it\/?s={search_term_string}"},"query-input":{"@type":"PropertyValueSpecification","valueRequired":true,"valueName":"search_term_string"}}],"inLanguage":"fr-FR"},{"@type":"Organization","@id":"https:\/\/www.bellunopress.it\/#organization","name":"Bellunopress","url":"https:\/\/www.bellunopress.it\/","logo":{"@type":"ImageObject","inLanguage":"fr-FR","@id":"https:\/\/www.bellunopress.it\/#\/schema\/logo\/image\/","url":"https:\/\/www.bellunopress.it\/wp-content\/uploads\/2011\/05\/cropped-logo-bellunopress-.jpg","contentUrl":"https:\/\/www.bellunopress.it\/wp-content\/uploads\/2011\/05\/cropped-logo-bellunopress-.jpg","width":512,"height":512,"caption":"Bellunopress"},"image":{"@id":"https:\/\/www.bellunopress.it\/#\/schema\/logo\/image\/"},"sameAs":["https:\/\/www.facebook.com\/profile.php?id=100008943462799","https:\/\/x.com\/bellunopress","https:\/\/www.linkedin.com\/hp\/?dnr=JBzUWaJfMUw8vbXJJ2tVW5-I3jZKvC4wsoxE&amp;amp;amp;amp;amp;amp;trk=nav_responsive_tab_home","https:\/\/www.youtube.com\/channel\/UCxL0wu1uN0_3_7hGG0306cw"]},{"@type":"Person","@id":"https:\/\/www.bellunopress.it\/#\/schema\/person\/79bb06722b37ece1c03d3e94beb30d73","name":"r\u00e9daction","image":{"@type":"ImageObject","inLanguage":"fr-FR","@id":"https:\/\/secure.gravatar.com\/avatar\/37d968a2e67a6fd04c169c4bdef102d0bc5d31b2546345219e348575eb80e9a0?s=96&d=mm&r=g","url":"https:\/\/secure.gravatar.com\/avatar\/37d968a2e67a6fd04c169c4bdef102d0bc5d31b2546345219e348575eb80e9a0?s=96&d=mm&r=g","contentUrl":"https:\/\/secure.gravatar.com\/avatar\/37d968a2e67a6fd04c169c4bdef102d0bc5d31b2546345219e348575eb80e9a0?s=96&d=mm&r=g","caption":"redazione"},"sameAs":["http:\/\/www.bellunopress.it","https:\/\/x.com\/bellunopress"],"url":"https:\/\/www.bellunopress.it\/fr\/author\/redazione\/"}]}},"_links":{"self":[{"href":"https:\/\/www.bellunopress.it\/fr\/wp-json\/wp\/v2\/posts\/172207","targetHints":{"allow":["GET"]}}],"collection":[{"href":"https:\/\/www.bellunopress.it\/fr\/wp-json\/wp\/v2\/posts"}],"about":[{"href":"https:\/\/www.bellunopress.it\/fr\/wp-json\/wp\/v2\/types\/post"}],"author":[{"embeddable":true,"href":"https:\/\/www.bellunopress.it\/fr\/wp-json\/wp\/v2\/users\/2"}],"replies":[{"embeddable":true,"href":"https:\/\/www.bellunopress.it\/fr\/wp-json\/wp\/v2\/comments?post=172207"}],"version-history":[{"count":2,"href":"https:\/\/www.bellunopress.it\/fr\/wp-json\/wp\/v2\/posts\/172207\/revisions"}],"predecessor-version":[{"id":172210,"href":"https:\/\/www.bellunopress.it\/fr\/wp-json\/wp\/v2\/posts\/172207\/revisions\/172210"}],"wp:featuredmedia":[{"embeddable":true,"href":"https:\/\/www.bellunopress.it\/fr\/wp-json\/wp\/v2\/media\/172208"}],"wp:attachment":[{"href":"https:\/\/www.bellunopress.it\/fr\/wp-json\/wp\/v2\/media?parent=172207"}],"wp:term":[{"taxonomy":"category","embeddable":true,"href":"https:\/\/www.bellunopress.it\/fr\/wp-json\/wp\/v2\/categories?post=172207"},{"taxonomy":"post_tag","embeddable":true,"href":"https:\/\/www.bellunopress.it\/fr\/wp-json\/wp\/v2\/tags?post=172207"}],"curies":[{"name":"wp","href":"https:\/\/api.w.org\/{rel}","templated":true}]}}