{"id":172204,"date":"2026-07-26T15:33:52","date_gmt":"2026-07-26T13:33:52","guid":{"rendered":"https:\/\/www.bellunopress.it\/?p=172204"},"modified":"2026-07-26T15:33:52","modified_gmt":"2026-07-26T13:33:52","slug":"test-estivo-per-dolomiti-bellunesi-calcio","status":"publish","type":"post","link":"https:\/\/www.bellunopress.it\/fr\/2026\/07\/26\/test-estivo-per-dolomiti-bellunesi-calcio\/","title":{"rendered":"Test estivo per Dolomiti Bellunesi calcio."},"content":{"rendered":"<p><strong>Gobetti e il suo passato: \u00abRitrovare il Verona \u00e8 stato bellissimo\u00bb<\/strong><\/p>\n<p>Il presente veste i colori della Dolomiti Bellunesi, ma una parte importante del passato ha le tinte giallobl\u00f9. Per Nicol\u00f2 Gobetti, il test amichevole di Folgaria contro l&#8217;Hellas Verona non \u00e8 stato un semplice appuntamento estivo, bens\u00ec un ritorno alle origini: nel club in cui \u00e8 cresciuto calcisticamente, prima di intraprendere il proprio cammino tra i professionisti.<\/p>\n<p>Il difensore, classe 2004, ha vissuto da protagonista la sfida conclusa con una sconfitta di misura (1-0), ma ricca di indicazioni positive per il gruppo allenato da Andrea Bonatti. \u00abRitrovare l&#8217;Hellas Verona \u00e8 stato bellissimo &#8211; racconta Gobetti -. Ci tenevo tanto a giocare l&#8217;intera partita e non nascondo che un po&#8217; mi sia dispiaciuto uscire attorno alla mezz&#8217;ora. \u00c8 stata un&#8217;emozione esibirmi davanti a tanto pubblico e rivedere parecchie persone che conosco e sono venute ad assistere alla gara\u00bb.<\/p>\n<p>Al di l\u00e0 dell&#8217;aspetto personale, il ventunenne di Legnago si concentra sulla prestazione della squadra. Dopo aver ben figurato contro il Venezia, la Dolomiti Bellunesi ha avuto il merito di tenere testa a un&#8217;altra avversaria di categoria superiore, confermando i progressi evidenziati nella prima fase della preparazione. \u00abLa partita ha offerto tanti aspetti positivi. Rispetto alla scorsa settimana siamo riusciti a trovare una migliore continuit\u00e0 di gioco. \u00c8 la conferma che stiamo lavorando bene durante gli allenamenti. Iniziamo a vedere i primi risultati, pur sapendo che ci sono ancora dettagli da sistemare\u00bb.<\/p>\n<p>Tra le novit\u00e0 di questo avvio, spicca il sistema difensivo con la linea a quattro: \u00abLo abbiamo proposto qualche volta anche in passato. Sar\u00e0 il tempo a dirci se \u00e8 l&#8217;assetto migliore per il nostro percorso, ma lavoriamo per assimilare i meccanismi\u00bb. Gobetti, infine, rassicura sulle proprie condizioni, in seguito all&#8217;uscita anticipata a un quarto d&#8217;ora dall&#8217;intervallo: \u00abNulla di preoccupante. Ho preso soltanto una botta all&#8217;altezza dell fianco\u00bb.<\/p>\n<p>Il cammino dolomitico prosegue senza soste. Tanto \u00e8 vero che il prossimo appuntamento \u00e8 fissato per mercoled\u00ec 29 luglio (ore 17.30), al Centro sportivo di Rasai, dove andr\u00e0 in scena il test contro la Virtus Verona, in un&#8217;altra tappa significativa nell&#8217;avvicinamento al campionato di Serie C. E all&#8217;interno di una settimana in cui verr\u00e0 svelato pure il girone, oltre al calendario.<\/p>","protected":false},"excerpt":{"rendered":"<p>Gobetti e il suo passato: \u00abRitrovare il Verona \u00e8 stato bellissimo\u00bb Il presente veste i colori della Dolomiti Bellunesi, ma una parte importante del passato ha le tinte giallobl\u00f9. Per Nicol\u00f2 Gobetti, il test amichevole di Folgaria contro l&#8217;Hellas Verona non \u00e8 stato un semplice appuntamento estivo, bens\u00ec un ritorno alle origini: nel club in [&hellip;]<\/p>\n","protected":false},"author":2,"featured_media":172205,"comment_status":"closed","ping_status":"open","sticky":false,"template":"","format":"standard","meta":{"footnotes":""},"categories":[4],"tags":[],"class_list":["post-172204","post","type-post","status-publish","format-standard","has-post-thumbnail","category-sport"],"yoast_head":"<!-- This site is optimized with the Yoast SEO plugin v28.4 - https:\/\/yoast.com\/product\/yoast-seo-wordpress\/ -->\n<title>Test estivo per Dolomiti Bellunesi calcio. - Bellunopress - Dolomiti<\/title>\n<meta name=\"robots\" content=\"index, follow, max-snippet:-1, max-image-preview:large, max-video-preview:-1\" \/>\n<link rel=\"canonical\" href=\"https:\/\/www.bellunopress.it\/fr\/2026\/07\/26\/test-estivo-per-dolomiti-bellunesi-calcio\/\" \/>\n<meta property=\"og:locale\" content=\"fr_FR\" \/>\n<meta property=\"og:type\" content=\"article\" \/>\n<meta property=\"og:title\" content=\"Test estivo per Dolomiti Bellunesi calcio. - Bellunopress - Dolomiti\" \/>\n<meta property=\"og:description\" content=\"Gobetti e il suo passato: \u00abRitrovare il Verona \u00e8 stato bellissimo\u00bb Il presente veste i colori della Dolomiti Bellunesi, ma una parte importante del passato ha le tinte giallobl\u00f9. Per Nicol\u00f2 Gobetti, il test amichevole di Folgaria contro l&#8217;Hellas Verona non \u00e8 stato un semplice appuntamento estivo, bens\u00ec un ritorno alle origini: nel club in [&hellip;]\" \/>\n<meta property=\"og:url\" content=\"https:\/\/www.bellunopress.it\/fr\/2026\/07\/26\/test-estivo-per-dolomiti-bellunesi-calcio\/\" \/>\n<meta property=\"og:site_name\" content=\"Bellunopress - Dolomiti\" \/>\n<meta property=\"article:publisher\" content=\"https:\/\/www.facebook.com\/profile.php?id=100008943462799\" \/>\n<meta property=\"article:published_time\" content=\"2026-07-26T13:33:52+00:00\" \/>\n<meta property=\"og:image\" content=\"https:\/\/www.bellunopress.it\/wp-content\/uploads\/2026\/07\/Dolomiti-Bellunesi-calcio-Gobetti.jpg\" \/>\n\t<meta property=\"og:image:width\" content=\"600\" \/>\n\t<meta property=\"og:image:height\" content=\"400\" \/>\n\t<meta property=\"og:image:type\" content=\"image\/jpeg\" \/>\n<meta name=\"author\" content=\"redazione\" \/>\n<meta name=\"twitter:card\" content=\"summary_large_image\" \/>\n<meta name=\"twitter:creator\" content=\"@bellunopress\" \/>\n<meta name=\"twitter:site\" content=\"@bellunopress\" \/>\n<meta name=\"twitter:label1\" content=\"Written by\" \/>\n\t<meta name=\"twitter:data1\" content=\"redazione\" \/>\n\t<meta name=\"twitter:label2\" content=\"Est. reading time\" \/>\n\t<meta name=\"twitter:data2\" content=\"3 minutes\" \/>\n<script type=\"application\/ld+json\" class=\"yoast-schema-graph\">{\"@context\":\"https:\\\/\\\/schema.org\",\"@graph\":[{\"@type\":\"Article\",\"@id\":\"https:\\\/\\\/www.bellunopress.it\\\/2026\\\/07\\\/26\\\/test-estivo-per-dolomiti-bellunesi-calcio\\\/#article\",\"isPartOf\":{\"@id\":\"https:\\\/\\\/www.bellunopress.it\\\/2026\\\/07\\\/26\\\/test-estivo-per-dolomiti-bellunesi-calcio\\\/\"},\"author\":{\"name\":\"redazione\",\"@id\":\"https:\\\/\\\/www.bellunopress.it\\\/#\\\/schema\\\/person\\\/79bb06722b37ece1c03d3e94beb30d73\"},\"headline\":\"Test estivo per Dolomiti Bellunesi calcio.\",\"datePublished\":\"2026-07-26T13:33:52+00:00\",\"mainEntityOfPage\":{\"@id\":\"https:\\\/\\\/www.bellunopress.it\\\/2026\\\/07\\\/26\\\/test-estivo-per-dolomiti-bellunesi-calcio\\\/\"},\"wordCount\":378,\"publisher\":{\"@id\":\"https:\\\/\\\/www.bellunopress.it\\\/#organization\"},\"image\":{\"@id\":\"https:\\\/\\\/www.bellunopress.it\\\/2026\\\/07\\\/26\\\/test-estivo-per-dolomiti-bellunesi-calcio\\\/#primaryimage\"},\"thumbnailUrl\":\"https:\\\/\\\/www.bellunopress.it\\\/wp-content\\\/uploads\\\/2026\\\/07\\\/Dolomiti-Bellunesi-calcio-Gobetti.jpg\",\"articleSection\":[\"Sport, tempo libero\"],\"inLanguage\":\"fr-FR\"},{\"@type\":\"WebPage\",\"@id\":\"https:\\\/\\\/www.bellunopress.it\\\/2026\\\/07\\\/26\\\/test-estivo-per-dolomiti-bellunesi-calcio\\\/\",\"url\":\"https:\\\/\\\/www.bellunopress.it\\\/2026\\\/07\\\/26\\\/test-estivo-per-dolomiti-bellunesi-calcio\\\/\",\"name\":\"Test estivo per Dolomiti Bellunesi calcio. - Bellunopress - Dolomiti\",\"isPartOf\":{\"@id\":\"https:\\\/\\\/www.bellunopress.it\\\/#website\"},\"primaryImageOfPage\":{\"@id\":\"https:\\\/\\\/www.bellunopress.it\\\/2026\\\/07\\\/26\\\/test-estivo-per-dolomiti-bellunesi-calcio\\\/#primaryimage\"},\"image\":{\"@id\":\"https:\\\/\\\/www.bellunopress.it\\\/2026\\\/07\\\/26\\\/test-estivo-per-dolomiti-bellunesi-calcio\\\/#primaryimage\"},\"thumbnailUrl\":\"https:\\\/\\\/www.bellunopress.it\\\/wp-content\\\/uploads\\\/2026\\\/07\\\/Dolomiti-Bellunesi-calcio-Gobetti.jpg\",\"datePublished\":\"2026-07-26T13:33:52+00:00\",\"breadcrumb\":{\"@id\":\"https:\\\/\\\/www.bellunopress.it\\\/2026\\\/07\\\/26\\\/test-estivo-per-dolomiti-bellunesi-calcio\\\/#breadcrumb\"},\"inLanguage\":\"fr-FR\",\"potentialAction\":[{\"@type\":\"ReadAction\",\"target\":[\"https:\\\/\\\/www.bellunopress.it\\\/2026\\\/07\\\/26\\\/test-estivo-per-dolomiti-bellunesi-calcio\\\/\"]}]},{\"@type\":\"ImageObject\",\"inLanguage\":\"fr-FR\",\"@id\":\"https:\\\/\\\/www.bellunopress.it\\\/2026\\\/07\\\/26\\\/test-estivo-per-dolomiti-bellunesi-calcio\\\/#primaryimage\",\"url\":\"https:\\\/\\\/www.bellunopress.it\\\/wp-content\\\/uploads\\\/2026\\\/07\\\/Dolomiti-Bellunesi-calcio-Gobetti.jpg\",\"contentUrl\":\"https:\\\/\\\/www.bellunopress.it\\\/wp-content\\\/uploads\\\/2026\\\/07\\\/Dolomiti-Bellunesi-calcio-Gobetti.jpg\",\"width\":600,\"height\":400,\"caption\":\"Dolomiti Bellunesi: Gobetti\"},{\"@type\":\"BreadcrumbList\",\"@id\":\"https:\\\/\\\/www.bellunopress.it\\\/2026\\\/07\\\/26\\\/test-estivo-per-dolomiti-bellunesi-calcio\\\/#breadcrumb\",\"itemListElement\":[{\"@type\":\"ListItem\",\"position\":1,\"name\":\"Home\",\"item\":\"https:\\\/\\\/www.bellunopress.it\\\/\"},{\"@type\":\"ListItem\",\"position\":2,\"name\":\"Test estivo per Dolomiti Bellunesi calcio.\"}]},{\"@type\":\"WebSite\",\"@id\":\"https:\\\/\\\/www.bellunopress.it\\\/#website\",\"url\":\"https:\\\/\\\/www.bellunopress.it\\\/\",\"name\":\"Bellunopress - Dolomiti\",\"description\":\"e-mail: redazione@bellunopress.it\",\"publisher\":{\"@id\":\"https:\\\/\\\/www.bellunopress.it\\\/#organization\"},\"potentialAction\":[{\"@type\":\"SearchAction\",\"target\":{\"@type\":\"EntryPoint\",\"urlTemplate\":\"https:\\\/\\\/www.bellunopress.it\\\/?s={search_term_string}\"},\"query-input\":{\"@type\":\"PropertyValueSpecification\",\"valueRequired\":true,\"valueName\":\"search_term_string\"}}],\"inLanguage\":\"fr-FR\"},{\"@type\":\"Organization\",\"@id\":\"https:\\\/\\\/www.bellunopress.it\\\/#organization\",\"name\":\"Bellunopress\",\"url\":\"https:\\\/\\\/www.bellunopress.it\\\/\",\"logo\":{\"@type\":\"ImageObject\",\"inLanguage\":\"fr-FR\",\"@id\":\"https:\\\/\\\/www.bellunopress.it\\\/#\\\/schema\\\/logo\\\/image\\\/\",\"url\":\"https:\\\/\\\/www.bellunopress.it\\\/wp-content\\\/uploads\\\/2011\\\/05\\\/cropped-logo-bellunopress-.jpg\",\"contentUrl\":\"https:\\\/\\\/www.bellunopress.it\\\/wp-content\\\/uploads\\\/2011\\\/05\\\/cropped-logo-bellunopress-.jpg\",\"width\":512,\"height\":512,\"caption\":\"Bellunopress\"},\"image\":{\"@id\":\"https:\\\/\\\/www.bellunopress.it\\\/#\\\/schema\\\/logo\\\/image\\\/\"},\"sameAs\":[\"https:\\\/\\\/www.facebook.com\\\/profile.php?id=100008943462799\",\"https:\\\/\\\/x.com\\\/bellunopress\",\"https:\\\/\\\/www.linkedin.com\\\/hp\\\/?dnr=JBzUWaJfMUw8vbXJJ2tVW5-I3jZKvC4wsoxE&amp;amp;amp;amp;amp;amp;trk=nav_responsive_tab_home\",\"https:\\\/\\\/www.youtube.com\\\/channel\\\/UCxL0wu1uN0_3_7hGG0306cw\"]},{\"@type\":\"Person\",\"@id\":\"https:\\\/\\\/www.bellunopress.it\\\/#\\\/schema\\\/person\\\/79bb06722b37ece1c03d3e94beb30d73\",\"name\":\"redazione\",\"image\":{\"@type\":\"ImageObject\",\"inLanguage\":\"fr-FR\",\"@id\":\"https:\\\/\\\/secure.gravatar.com\\\/avatar\\\/37d968a2e67a6fd04c169c4bdef102d0bc5d31b2546345219e348575eb80e9a0?s=96&d=mm&r=g\",\"url\":\"https:\\\/\\\/secure.gravatar.com\\\/avatar\\\/37d968a2e67a6fd04c169c4bdef102d0bc5d31b2546345219e348575eb80e9a0?s=96&d=mm&r=g\",\"contentUrl\":\"https:\\\/\\\/secure.gravatar.com\\\/avatar\\\/37d968a2e67a6fd04c169c4bdef102d0bc5d31b2546345219e348575eb80e9a0?s=96&d=mm&r=g\",\"caption\":\"redazione\"},\"sameAs\":[\"http:\\\/\\\/www.bellunopress.it\",\"https:\\\/\\\/x.com\\\/bellunopress\"],\"url\":\"https:\\\/\\\/www.bellunopress.it\\\/fr\\\/author\\\/redazione\\\/\"}]}<\/script>\n<!-- \/ Yoast SEO plugin. -->","yoast_head_json":{"title":"Test estivo per Dolomiti Bellunesi calcio. - Bellunopress - Dolomiti","robots":{"index":"index","follow":"follow","max-snippet":"max-snippet:-1","max-image-preview":"max-image-preview:large","max-video-preview":"max-video-preview:-1"},"canonical":"https:\/\/www.bellunopress.it\/fr\/2026\/07\/26\/test-estivo-per-dolomiti-bellunesi-calcio\/","og_locale":"fr_FR","og_type":"article","og_title":"Test estivo per Dolomiti Bellunesi calcio. - Bellunopress - Dolomiti","og_description":"Gobetti e il suo passato: \u00abRitrovare il Verona \u00e8 stato bellissimo\u00bb Il presente veste i colori della Dolomiti Bellunesi, ma una parte importante del passato ha le tinte giallobl\u00f9. Per Nicol\u00f2 Gobetti, il test amichevole di Folgaria contro l&#8217;Hellas Verona non \u00e8 stato un semplice appuntamento estivo, bens\u00ec un ritorno alle origini: nel club in [&hellip;]","og_url":"https:\/\/www.bellunopress.it\/fr\/2026\/07\/26\/test-estivo-per-dolomiti-bellunesi-calcio\/","og_site_name":"Bellunopress - Dolomiti","article_publisher":"https:\/\/www.facebook.com\/profile.php?id=100008943462799","article_published_time":"2026-07-26T13:33:52+00:00","og_image":[{"width":600,"height":400,"url":"https:\/\/www.bellunopress.it\/wp-content\/uploads\/2026\/07\/Dolomiti-Bellunesi-calcio-Gobetti.jpg","type":"image\/jpeg"}],"author":"redazione","twitter_card":"summary_large_image","twitter_creator":"@bellunopress","twitter_site":"@bellunopress","twitter_misc":{"Written by":"redazione","Est. reading time":"3 minutes"},"schema":{"@context":"https:\/\/schema.org","@graph":[{"@type":"Article","@id":"https:\/\/www.bellunopress.it\/2026\/07\/26\/test-estivo-per-dolomiti-bellunesi-calcio\/#article","isPartOf":{"@id":"https:\/\/www.bellunopress.it\/2026\/07\/26\/test-estivo-per-dolomiti-bellunesi-calcio\/"},"author":{"name":"redazione","@id":"https:\/\/www.bellunopress.it\/#\/schema\/person\/79bb06722b37ece1c03d3e94beb30d73"},"headline":"Test estivo per Dolomiti Bellunesi calcio.","datePublished":"2026-07-26T13:33:52+00:00","mainEntityOfPage":{"@id":"https:\/\/www.bellunopress.it\/2026\/07\/26\/test-estivo-per-dolomiti-bellunesi-calcio\/"},"wordCount":378,"publisher":{"@id":"https:\/\/www.bellunopress.it\/#organization"},"image":{"@id":"https:\/\/www.bellunopress.it\/2026\/07\/26\/test-estivo-per-dolomiti-bellunesi-calcio\/#primaryimage"},"thumbnailUrl":"https:\/\/www.bellunopress.it\/wp-content\/uploads\/2026\/07\/Dolomiti-Bellunesi-calcio-Gobetti.jpg","articleSection":["Sport, tempo libero"],"inLanguage":"fr-FR"},{"@type":"WebPage","@id":"https:\/\/www.bellunopress.it\/2026\/07\/26\/test-estivo-per-dolomiti-bellunesi-calcio\/","url":"https:\/\/www.bellunopress.it\/2026\/07\/26\/test-estivo-per-dolomiti-bellunesi-calcio\/","name":"Test estivo per Dolomiti Bellunesi calcio. - Bellunopress - Dolomiti","isPartOf":{"@id":"https:\/\/www.bellunopress.it\/#website"},"primaryImageOfPage":{"@id":"https:\/\/www.bellunopress.it\/2026\/07\/26\/test-estivo-per-dolomiti-bellunesi-calcio\/#primaryimage"},"image":{"@id":"https:\/\/www.bellunopress.it\/2026\/07\/26\/test-estivo-per-dolomiti-bellunesi-calcio\/#primaryimage"},"thumbnailUrl":"https:\/\/www.bellunopress.it\/wp-content\/uploads\/2026\/07\/Dolomiti-Bellunesi-calcio-Gobetti.jpg","datePublished":"2026-07-26T13:33:52+00:00","breadcrumb":{"@id":"https:\/\/www.bellunopress.it\/2026\/07\/26\/test-estivo-per-dolomiti-bellunesi-calcio\/#breadcrumb"},"inLanguage":"fr-FR","potentialAction":[{"@type":"ReadAction","target":["https:\/\/www.bellunopress.it\/2026\/07\/26\/test-estivo-per-dolomiti-bellunesi-calcio\/"]}]},{"@type":"ImageObject","inLanguage":"fr-FR","@id":"https:\/\/www.bellunopress.it\/2026\/07\/26\/test-estivo-per-dolomiti-bellunesi-calcio\/#primaryimage","url":"https:\/\/www.bellunopress.it\/wp-content\/uploads\/2026\/07\/Dolomiti-Bellunesi-calcio-Gobetti.jpg","contentUrl":"https:\/\/www.bellunopress.it\/wp-content\/uploads\/2026\/07\/Dolomiti-Bellunesi-calcio-Gobetti.jpg","width":600,"height":400,"caption":"Dolomiti Bellunesi: Gobetti"},{"@type":"BreadcrumbList","@id":"https:\/\/www.bellunopress.it\/2026\/07\/26\/test-estivo-per-dolomiti-bellunesi-calcio\/#breadcrumb","itemListElement":[{"@type":"ListItem","position":1,"name":"Home","item":"https:\/\/www.bellunopress.it\/"},{"@type":"ListItem","position":2,"name":"Test estivo per Dolomiti Bellunesi calcio."}]},{"@type":"WebSite","@id":"https:\/\/www.bellunopress.it\/#website","url":"https:\/\/www.bellunopress.it\/","name":"Bellunopress - Dolomiti","description":"e-mail: redazione@bellunopress.it","publisher":{"@id":"https:\/\/www.bellunopress.it\/#organization"},"potentialAction":[{"@type":"SearchAction","target":{"@type":"EntryPoint","urlTemplate":"https:\/\/www.bellunopress.it\/?s={search_term_string}"},"query-input":{"@type":"PropertyValueSpecification","valueRequired":true,"valueName":"search_term_string"}}],"inLanguage":"fr-FR"},{"@type":"Organization","@id":"https:\/\/www.bellunopress.it\/#organization","name":"Bellunopress","url":"https:\/\/www.bellunopress.it\/","logo":{"@type":"ImageObject","inLanguage":"fr-FR","@id":"https:\/\/www.bellunopress.it\/#\/schema\/logo\/image\/","url":"https:\/\/www.bellunopress.it\/wp-content\/uploads\/2011\/05\/cropped-logo-bellunopress-.jpg","contentUrl":"https:\/\/www.bellunopress.it\/wp-content\/uploads\/2011\/05\/cropped-logo-bellunopress-.jpg","width":512,"height":512,"caption":"Bellunopress"},"image":{"@id":"https:\/\/www.bellunopress.it\/#\/schema\/logo\/image\/"},"sameAs":["https:\/\/www.facebook.com\/profile.php?id=100008943462799","https:\/\/x.com\/bellunopress","https:\/\/www.linkedin.com\/hp\/?dnr=JBzUWaJfMUw8vbXJJ2tVW5-I3jZKvC4wsoxE&amp;amp;amp;amp;amp;amp;trk=nav_responsive_tab_home","https:\/\/www.youtube.com\/channel\/UCxL0wu1uN0_3_7hGG0306cw"]},{"@type":"Person","@id":"https:\/\/www.bellunopress.it\/#\/schema\/person\/79bb06722b37ece1c03d3e94beb30d73","name":"r\u00e9daction","image":{"@type":"ImageObject","inLanguage":"fr-FR","@id":"https:\/\/secure.gravatar.com\/avatar\/37d968a2e67a6fd04c169c4bdef102d0bc5d31b2546345219e348575eb80e9a0?s=96&d=mm&r=g","url":"https:\/\/secure.gravatar.com\/avatar\/37d968a2e67a6fd04c169c4bdef102d0bc5d31b2546345219e348575eb80e9a0?s=96&d=mm&r=g","contentUrl":"https:\/\/secure.gravatar.com\/avatar\/37d968a2e67a6fd04c169c4bdef102d0bc5d31b2546345219e348575eb80e9a0?s=96&d=mm&r=g","caption":"redazione"},"sameAs":["http:\/\/www.bellunopress.it","https:\/\/x.com\/bellunopress"],"url":"https:\/\/www.bellunopress.it\/fr\/author\/redazione\/"}]}},"_links":{"self":[{"href":"https:\/\/www.bellunopress.it\/fr\/wp-json\/wp\/v2\/posts\/172204","targetHints":{"allow":["GET"]}}],"collection":[{"href":"https:\/\/www.bellunopress.it\/fr\/wp-json\/wp\/v2\/posts"}],"about":[{"href":"https:\/\/www.bellunopress.it\/fr\/wp-json\/wp\/v2\/types\/post"}],"author":[{"embeddable":true,"href":"https:\/\/www.bellunopress.it\/fr\/wp-json\/wp\/v2\/users\/2"}],"replies":[{"embeddable":true,"href":"https:\/\/www.bellunopress.it\/fr\/wp-json\/wp\/v2\/comments?post=172204"}],"version-history":[{"count":1,"href":"https:\/\/www.bellunopress.it\/fr\/wp-json\/wp\/v2\/posts\/172204\/revisions"}],"predecessor-version":[{"id":172206,"href":"https:\/\/www.bellunopress.it\/fr\/wp-json\/wp\/v2\/posts\/172204\/revisions\/172206"}],"wp:featuredmedia":[{"embeddable":true,"href":"https:\/\/www.bellunopress.it\/fr\/wp-json\/wp\/v2\/media\/172205"}],"wp:attachment":[{"href":"https:\/\/www.bellunopress.it\/fr\/wp-json\/wp\/v2\/media?parent=172204"}],"wp:term":[{"taxonomy":"category","embeddable":true,"href":"https:\/\/www.bellunopress.it\/fr\/wp-json\/wp\/v2\/categories?post=172204"},{"taxonomy":"post_tag","embeddable":true,"href":"https:\/\/www.bellunopress.it\/fr\/wp-json\/wp\/v2\/tags?post=172204"}],"curies":[{"name":"wp","href":"https:\/\/api.w.org\/{rel}","templated":true}]}}