{"id":172196,"date":"2026-07-25T23:01:36","date_gmt":"2026-07-25T21:01:36","guid":{"rendered":"https:\/\/www.bellunopress.it\/?p=172196"},"modified":"2026-07-25T23:01:36","modified_gmt":"2026-07-25T21:01:36","slug":"interventi-di-soccorso-sulle-montagne-bellunesi-3","status":"publish","type":"post","link":"https:\/\/www.bellunopress.it\/fr\/2026\/07\/25\/interventi-di-soccorso-sulle-montagne-bellunesi-3\/","title":{"rendered":"Interventi di soccorso sulle montagne bellunesi"},"content":{"rendered":"<p>Belluno, 25 &#8211; 07 &#8211; 2026\u00a0 \u00a0 \u00a0Alle 18.15 circa il Soccorso alpino di Alleghe &#8211; Val Fiorentina \u00e8 stato attivato per intervenire lungo il sentiero numero 452, Masarei de Pieza, a Colle Santa Lucia, dove un&#8217;escursionista era inciampata riportando un profondo taglio sotto il ginocchio. La 50enne di Bologna, che stava scendendo assieme a un&#8217;amica verso Passo Giau, aveva ricevuto una prima medicazione da alcuni passanti, che le avevano poi consigliato di non muoversi e chiedere aiuto. Una squadra \u00e8 salita il pi\u00f9 possibile in jeep, per poi proseguire a piedi. Una volta da lei, i soccorritori le hanno controllato la ferita e la hanno nuovamente medicata. Caricata in barella, l&#8217;infortunata \u00e8 stata portata al mezzo e da l\u00ec accompagnata in localit\u00e0 Fedare al rendez vous con l&#8217;ambulanza, diretta all&#8217;ospedale di Agordo.<\/p>\n<p>Subito dopo \u00e8 scattato l&#8217;allarme per due escursioniste di Bolzano bloccate sulla Ferrata Eterna, nel comune di Rocca Pietore, poich\u00e9 una di loro &#8211; una 44enne di Ultimo &#8211; si era fatta male alla caviglia e non era pi\u00f9 in grado di proseguire. Mentre una squadra del Soccorso alpino della Val Pettorina si preparava, nel caso in cui Falco non fosse riuscito ad avvicinarsi per la presenza di nuvole basse, l&#8217;elicottero \u00e8 riuscito invece ad effettuare il recupero, imbarcando entrambe le donne in hovering in cresta. Le due amiche sono state lasciate a Malga Ciapela, in quanto hanno rifiutato il trasporto in ospedale.<\/p>\n<p>Di seguito Falco \u00e8 volato sul primo Spigolo della Tofana di Rozes, dove una cordata si era fermata sul penultimo tiro della Via Pompanin &#8211; Alver\u00e0. Prima di cordata, una 37enne di Bologna si era infatti procurata un trauma al piede. L&#8217;elicottero del Suem di Pieve di Cadore ha issato a bordo con un verricello di 60 metri sia lei, che il compagno. Entrambi sono stati lasciati in piazzola al Rifugio Dibona, perch\u00e9 anche in questo caso hanno rifiutato l&#8217;ospedalizzazione. Una squadra del Soccorso alpino di Cortina era pronta in piazzola per eventuale supporto.<\/p>\n<p>Passate le 13 una squadra del Soccorso alpino di Livinallongo \u00e8 stata inviata sul sentiero che scende dal Rifugio Bec de Roces, per un&#8217;escursionista di 52 anni che si era fatta male a un piede. La donna \u00e8 stata affidata dai soccorritori all&#8217;ambulanza. Alle 14.40 circa \u00e8 scattato l&#8217;allarme per un incidente sotto la Croda Negra. Al rientro da una via alpinistica, una 60enne di Vidor si era infatti procurata un sospetto trauma alla caviglia. Falco 1 ha recuperato l&#8217;infortunata e l&#8217;ha accompagnata al Codivilla. Una squadra del Soccorso alpino della Guardia di finanza di Cortina \u00e8 stata mandata lungo la Pista Toffanina, sul Col Taron, dove un&#8217;escursionista aveva perso i sensi. La donna \u00e8 stata trasferita sull&#8217;ambulanza e portata per i dovuti accertamenti all&#8217;ospedale.<\/p>\n<p>Falco 2 \u00e8 volato a Sovramonte nei pressi del Rifugio Dal Piaz. Percorrendo il sentiero 817 nelle immediate vicinanze dell&#8217;edificio, una 46enne di Nanto si era fatta male alla caviglia. Sbarcati in hovering, tecnico di elisoccorso e medico hanno prestato le prime cure alla donna immobilizzandole il piede. Issata a bordo con 10 metri di verricello, l&#8217;escursionista \u00e8 stata portata all&#8217;ospedale di Feltre. Falco 1 ha infine recuperato un&#8217;altra donna con trauma al piede sul sentiero 435 del Vallon di Formin a San Vito di Cadore.<\/p>\n<p>&nbsp;<\/p>","protected":false},"excerpt":{"rendered":"<p>Belluno, 25 &#8211; 07 &#8211; 2026\u00a0 \u00a0 \u00a0Alle 18.15 circa il Soccorso alpino di Alleghe &#8211; Val Fiorentina \u00e8 stato attivato per intervenire lungo il sentiero numero 452, Masarei de Pieza, a Colle Santa Lucia, dove un&#8217;escursionista era inciampata riportando un profondo taglio sotto il ginocchio. La 50enne di Bologna, che stava scendendo assieme a [&hellip;]<\/p>\n","protected":false},"author":2,"featured_media":125428,"comment_status":"closed","ping_status":"open","sticky":false,"template":"","format":"standard","meta":{"footnotes":""},"categories":[5,26],"tags":[],"class_list":["post-172196","post","type-post","status-publish","format-standard","has-post-thumbnail","category-cronaca","category-prima-pagina"],"yoast_head":"<!-- This site is optimized with the Yoast SEO plugin v28.4 - https:\/\/yoast.com\/product\/yoast-seo-wordpress\/ -->\n<title>Interventi di soccorso sulle montagne bellunesi - Bellunopress - Dolomiti<\/title>\n<meta name=\"robots\" content=\"index, follow, max-snippet:-1, max-image-preview:large, max-video-preview:-1\" \/>\n<link rel=\"canonical\" href=\"https:\/\/www.bellunopress.it\/fr\/2026\/07\/25\/interventi-di-soccorso-sulle-montagne-bellunesi-3\/\" \/>\n<meta property=\"og:locale\" content=\"fr_FR\" \/>\n<meta property=\"og:type\" content=\"article\" \/>\n<meta property=\"og:title\" content=\"Interventi di soccorso sulle montagne bellunesi - Bellunopress - Dolomiti\" \/>\n<meta property=\"og:description\" content=\"Belluno, 25 &#8211; 07 &#8211; 2026\u00a0 \u00a0 \u00a0Alle 18.15 circa il Soccorso alpino di Alleghe &#8211; Val Fiorentina \u00e8 stato attivato per intervenire lungo il sentiero numero 452, Masarei de Pieza, a Colle Santa Lucia, dove un&#8217;escursionista era inciampata riportando un profondo taglio sotto il ginocchio. La 50enne di Bologna, che stava scendendo assieme a [&hellip;]\" \/>\n<meta property=\"og:url\" content=\"https:\/\/www.bellunopress.it\/fr\/2026\/07\/25\/interventi-di-soccorso-sulle-montagne-bellunesi-3\/\" \/>\n<meta property=\"og:site_name\" content=\"Bellunopress - Dolomiti\" \/>\n<meta property=\"article:publisher\" content=\"https:\/\/www.facebook.com\/profile.php?id=100008943462799\" \/>\n<meta property=\"article:published_time\" content=\"2026-07-25T21:01:36+00:00\" \/>\n<meta property=\"og:image\" content=\"https:\/\/www.bellunopress.it\/wp-content\/uploads\/2021\/06\/soccorso-118.jpg\" \/>\n\t<meta property=\"og:image:width\" content=\"800\" \/>\n\t<meta property=\"og:image:height\" content=\"613\" \/>\n\t<meta property=\"og:image:type\" content=\"image\/jpeg\" \/>\n<meta name=\"author\" content=\"redazione\" \/>\n<meta name=\"twitter:card\" content=\"summary_large_image\" \/>\n<meta name=\"twitter:creator\" content=\"@bellunopress\" \/>\n<meta name=\"twitter:site\" content=\"@bellunopress\" \/>\n<meta name=\"twitter:label1\" content=\"Written by\" \/>\n\t<meta name=\"twitter:data1\" content=\"redazione\" \/>\n\t<meta name=\"twitter:label2\" content=\"Est. reading time\" \/>\n\t<meta name=\"twitter:data2\" content=\"4 minutes\" \/>\n<script type=\"application\/ld+json\" class=\"yoast-schema-graph\">{\"@context\":\"https:\\\/\\\/schema.org\",\"@graph\":[{\"@type\":\"Article\",\"@id\":\"https:\\\/\\\/www.bellunopress.it\\\/2026\\\/07\\\/25\\\/interventi-di-soccorso-sulle-montagne-bellunesi-3\\\/#article\",\"isPartOf\":{\"@id\":\"https:\\\/\\\/www.bellunopress.it\\\/2026\\\/07\\\/25\\\/interventi-di-soccorso-sulle-montagne-bellunesi-3\\\/\"},\"author\":{\"name\":\"redazione\",\"@id\":\"https:\\\/\\\/www.bellunopress.it\\\/#\\\/schema\\\/person\\\/79bb06722b37ece1c03d3e94beb30d73\"},\"headline\":\"Interventi di soccorso sulle montagne bellunesi\",\"datePublished\":\"2026-07-25T21:01:36+00:00\",\"mainEntityOfPage\":{\"@id\":\"https:\\\/\\\/www.bellunopress.it\\\/2026\\\/07\\\/25\\\/interventi-di-soccorso-sulle-montagne-bellunesi-3\\\/\"},\"wordCount\":540,\"publisher\":{\"@id\":\"https:\\\/\\\/www.bellunopress.it\\\/#organization\"},\"image\":{\"@id\":\"https:\\\/\\\/www.bellunopress.it\\\/2026\\\/07\\\/25\\\/interventi-di-soccorso-sulle-montagne-bellunesi-3\\\/#primaryimage\"},\"thumbnailUrl\":\"https:\\\/\\\/www.bellunopress.it\\\/wp-content\\\/uploads\\\/2021\\\/06\\\/soccorso-118.jpg\",\"articleSection\":[\"Cronaca\\\/Politica\",\"Prima Pagina\"],\"inLanguage\":\"fr-FR\"},{\"@type\":\"WebPage\",\"@id\":\"https:\\\/\\\/www.bellunopress.it\\\/2026\\\/07\\\/25\\\/interventi-di-soccorso-sulle-montagne-bellunesi-3\\\/\",\"url\":\"https:\\\/\\\/www.bellunopress.it\\\/2026\\\/07\\\/25\\\/interventi-di-soccorso-sulle-montagne-bellunesi-3\\\/\",\"name\":\"Interventi di soccorso sulle montagne bellunesi - Bellunopress - Dolomiti\",\"isPartOf\":{\"@id\":\"https:\\\/\\\/www.bellunopress.it\\\/#website\"},\"primaryImageOfPage\":{\"@id\":\"https:\\\/\\\/www.bellunopress.it\\\/2026\\\/07\\\/25\\\/interventi-di-soccorso-sulle-montagne-bellunesi-3\\\/#primaryimage\"},\"image\":{\"@id\":\"https:\\\/\\\/www.bellunopress.it\\\/2026\\\/07\\\/25\\\/interventi-di-soccorso-sulle-montagne-bellunesi-3\\\/#primaryimage\"},\"thumbnailUrl\":\"https:\\\/\\\/www.bellunopress.it\\\/wp-content\\\/uploads\\\/2021\\\/06\\\/soccorso-118.jpg\",\"datePublished\":\"2026-07-25T21:01:36+00:00\",\"breadcrumb\":{\"@id\":\"https:\\\/\\\/www.bellunopress.it\\\/2026\\\/07\\\/25\\\/interventi-di-soccorso-sulle-montagne-bellunesi-3\\\/#breadcrumb\"},\"inLanguage\":\"fr-FR\",\"potentialAction\":[{\"@type\":\"ReadAction\",\"target\":[\"https:\\\/\\\/www.bellunopress.it\\\/2026\\\/07\\\/25\\\/interventi-di-soccorso-sulle-montagne-bellunesi-3\\\/\"]}]},{\"@type\":\"ImageObject\",\"inLanguage\":\"fr-FR\",\"@id\":\"https:\\\/\\\/www.bellunopress.it\\\/2026\\\/07\\\/25\\\/interventi-di-soccorso-sulle-montagne-bellunesi-3\\\/#primaryimage\",\"url\":\"https:\\\/\\\/www.bellunopress.it\\\/wp-content\\\/uploads\\\/2021\\\/06\\\/soccorso-118.jpg\",\"contentUrl\":\"https:\\\/\\\/www.bellunopress.it\\\/wp-content\\\/uploads\\\/2021\\\/06\\\/soccorso-118.jpg\",\"width\":800,\"height\":613},{\"@type\":\"BreadcrumbList\",\"@id\":\"https:\\\/\\\/www.bellunopress.it\\\/2026\\\/07\\\/25\\\/interventi-di-soccorso-sulle-montagne-bellunesi-3\\\/#breadcrumb\",\"itemListElement\":[{\"@type\":\"ListItem\",\"position\":1,\"name\":\"Home\",\"item\":\"https:\\\/\\\/www.bellunopress.it\\\/\"},{\"@type\":\"ListItem\",\"position\":2,\"name\":\"Interventi di soccorso sulle montagne bellunesi\"}]},{\"@type\":\"WebSite\",\"@id\":\"https:\\\/\\\/www.bellunopress.it\\\/#website\",\"url\":\"https:\\\/\\\/www.bellunopress.it\\\/\",\"name\":\"Bellunopress - Dolomiti\",\"description\":\"e-mail: redazione@bellunopress.it\",\"publisher\":{\"@id\":\"https:\\\/\\\/www.bellunopress.it\\\/#organization\"},\"potentialAction\":[{\"@type\":\"SearchAction\",\"target\":{\"@type\":\"EntryPoint\",\"urlTemplate\":\"https:\\\/\\\/www.bellunopress.it\\\/?s={search_term_string}\"},\"query-input\":{\"@type\":\"PropertyValueSpecification\",\"valueRequired\":true,\"valueName\":\"search_term_string\"}}],\"inLanguage\":\"fr-FR\"},{\"@type\":\"Organization\",\"@id\":\"https:\\\/\\\/www.bellunopress.it\\\/#organization\",\"name\":\"Bellunopress\",\"url\":\"https:\\\/\\\/www.bellunopress.it\\\/\",\"logo\":{\"@type\":\"ImageObject\",\"inLanguage\":\"fr-FR\",\"@id\":\"https:\\\/\\\/www.bellunopress.it\\\/#\\\/schema\\\/logo\\\/image\\\/\",\"url\":\"https:\\\/\\\/www.bellunopress.it\\\/wp-content\\\/uploads\\\/2011\\\/05\\\/cropped-logo-bellunopress-.jpg\",\"contentUrl\":\"https:\\\/\\\/www.bellunopress.it\\\/wp-content\\\/uploads\\\/2011\\\/05\\\/cropped-logo-bellunopress-.jpg\",\"width\":512,\"height\":512,\"caption\":\"Bellunopress\"},\"image\":{\"@id\":\"https:\\\/\\\/www.bellunopress.it\\\/#\\\/schema\\\/logo\\\/image\\\/\"},\"sameAs\":[\"https:\\\/\\\/www.facebook.com\\\/profile.php?id=100008943462799\",\"https:\\\/\\\/x.com\\\/bellunopress\",\"https:\\\/\\\/www.linkedin.com\\\/hp\\\/?dnr=JBzUWaJfMUw8vbXJJ2tVW5-I3jZKvC4wsoxE&amp;amp;amp;amp;amp;amp;trk=nav_responsive_tab_home\",\"https:\\\/\\\/www.youtube.com\\\/channel\\\/UCxL0wu1uN0_3_7hGG0306cw\"]},{\"@type\":\"Person\",\"@id\":\"https:\\\/\\\/www.bellunopress.it\\\/#\\\/schema\\\/person\\\/79bb06722b37ece1c03d3e94beb30d73\",\"name\":\"redazione\",\"image\":{\"@type\":\"ImageObject\",\"inLanguage\":\"fr-FR\",\"@id\":\"https:\\\/\\\/secure.gravatar.com\\\/avatar\\\/37d968a2e67a6fd04c169c4bdef102d0bc5d31b2546345219e348575eb80e9a0?s=96&d=mm&r=g\",\"url\":\"https:\\\/\\\/secure.gravatar.com\\\/avatar\\\/37d968a2e67a6fd04c169c4bdef102d0bc5d31b2546345219e348575eb80e9a0?s=96&d=mm&r=g\",\"contentUrl\":\"https:\\\/\\\/secure.gravatar.com\\\/avatar\\\/37d968a2e67a6fd04c169c4bdef102d0bc5d31b2546345219e348575eb80e9a0?s=96&d=mm&r=g\",\"caption\":\"redazione\"},\"sameAs\":[\"http:\\\/\\\/www.bellunopress.it\",\"https:\\\/\\\/x.com\\\/bellunopress\"],\"url\":\"https:\\\/\\\/www.bellunopress.it\\\/fr\\\/author\\\/redazione\\\/\"}]}<\/script>\n<!-- \/ Yoast SEO plugin. -->","yoast_head_json":{"title":"Interventi di soccorso sulle montagne bellunesi - Bellunopress - Dolomiti","robots":{"index":"index","follow":"follow","max-snippet":"max-snippet:-1","max-image-preview":"max-image-preview:large","max-video-preview":"max-video-preview:-1"},"canonical":"https:\/\/www.bellunopress.it\/fr\/2026\/07\/25\/interventi-di-soccorso-sulle-montagne-bellunesi-3\/","og_locale":"fr_FR","og_type":"article","og_title":"Interventi di soccorso sulle montagne bellunesi - Bellunopress - Dolomiti","og_description":"Belluno, 25 &#8211; 07 &#8211; 2026\u00a0 \u00a0 \u00a0Alle 18.15 circa il Soccorso alpino di Alleghe &#8211; Val Fiorentina \u00e8 stato attivato per intervenire lungo il sentiero numero 452, Masarei de Pieza, a Colle Santa Lucia, dove un&#8217;escursionista era inciampata riportando un profondo taglio sotto il ginocchio. La 50enne di Bologna, che stava scendendo assieme a [&hellip;]","og_url":"https:\/\/www.bellunopress.it\/fr\/2026\/07\/25\/interventi-di-soccorso-sulle-montagne-bellunesi-3\/","og_site_name":"Bellunopress - Dolomiti","article_publisher":"https:\/\/www.facebook.com\/profile.php?id=100008943462799","article_published_time":"2026-07-25T21:01:36+00:00","og_image":[{"width":800,"height":613,"url":"https:\/\/www.bellunopress.it\/wp-content\/uploads\/2021\/06\/soccorso-118.jpg","type":"image\/jpeg"}],"author":"redazione","twitter_card":"summary_large_image","twitter_creator":"@bellunopress","twitter_site":"@bellunopress","twitter_misc":{"Written by":"redazione","Est. reading time":"4 minutes"},"schema":{"@context":"https:\/\/schema.org","@graph":[{"@type":"Article","@id":"https:\/\/www.bellunopress.it\/2026\/07\/25\/interventi-di-soccorso-sulle-montagne-bellunesi-3\/#article","isPartOf":{"@id":"https:\/\/www.bellunopress.it\/2026\/07\/25\/interventi-di-soccorso-sulle-montagne-bellunesi-3\/"},"author":{"name":"redazione","@id":"https:\/\/www.bellunopress.it\/#\/schema\/person\/79bb06722b37ece1c03d3e94beb30d73"},"headline":"Interventi di soccorso sulle montagne bellunesi","datePublished":"2026-07-25T21:01:36+00:00","mainEntityOfPage":{"@id":"https:\/\/www.bellunopress.it\/2026\/07\/25\/interventi-di-soccorso-sulle-montagne-bellunesi-3\/"},"wordCount":540,"publisher":{"@id":"https:\/\/www.bellunopress.it\/#organization"},"image":{"@id":"https:\/\/www.bellunopress.it\/2026\/07\/25\/interventi-di-soccorso-sulle-montagne-bellunesi-3\/#primaryimage"},"thumbnailUrl":"https:\/\/www.bellunopress.it\/wp-content\/uploads\/2021\/06\/soccorso-118.jpg","articleSection":["Cronaca\/Politica","Prima Pagina"],"inLanguage":"fr-FR"},{"@type":"WebPage","@id":"https:\/\/www.bellunopress.it\/2026\/07\/25\/interventi-di-soccorso-sulle-montagne-bellunesi-3\/","url":"https:\/\/www.bellunopress.it\/2026\/07\/25\/interventi-di-soccorso-sulle-montagne-bellunesi-3\/","name":"Interventi di soccorso sulle montagne bellunesi - Bellunopress - Dolomiti","isPartOf":{"@id":"https:\/\/www.bellunopress.it\/#website"},"primaryImageOfPage":{"@id":"https:\/\/www.bellunopress.it\/2026\/07\/25\/interventi-di-soccorso-sulle-montagne-bellunesi-3\/#primaryimage"},"image":{"@id":"https:\/\/www.bellunopress.it\/2026\/07\/25\/interventi-di-soccorso-sulle-montagne-bellunesi-3\/#primaryimage"},"thumbnailUrl":"https:\/\/www.bellunopress.it\/wp-content\/uploads\/2021\/06\/soccorso-118.jpg","datePublished":"2026-07-25T21:01:36+00:00","breadcrumb":{"@id":"https:\/\/www.bellunopress.it\/2026\/07\/25\/interventi-di-soccorso-sulle-montagne-bellunesi-3\/#breadcrumb"},"inLanguage":"fr-FR","potentialAction":[{"@type":"ReadAction","target":["https:\/\/www.bellunopress.it\/2026\/07\/25\/interventi-di-soccorso-sulle-montagne-bellunesi-3\/"]}]},{"@type":"ImageObject","inLanguage":"fr-FR","@id":"https:\/\/www.bellunopress.it\/2026\/07\/25\/interventi-di-soccorso-sulle-montagne-bellunesi-3\/#primaryimage","url":"https:\/\/www.bellunopress.it\/wp-content\/uploads\/2021\/06\/soccorso-118.jpg","contentUrl":"https:\/\/www.bellunopress.it\/wp-content\/uploads\/2021\/06\/soccorso-118.jpg","width":800,"height":613},{"@type":"BreadcrumbList","@id":"https:\/\/www.bellunopress.it\/2026\/07\/25\/interventi-di-soccorso-sulle-montagne-bellunesi-3\/#breadcrumb","itemListElement":[{"@type":"ListItem","position":1,"name":"Home","item":"https:\/\/www.bellunopress.it\/"},{"@type":"ListItem","position":2,"name":"Interventi di soccorso sulle montagne bellunesi"}]},{"@type":"WebSite","@id":"https:\/\/www.bellunopress.it\/#website","url":"https:\/\/www.bellunopress.it\/","name":"Bellunopress - Dolomiti","description":"e-mail: redazione@bellunopress.it","publisher":{"@id":"https:\/\/www.bellunopress.it\/#organization"},"potentialAction":[{"@type":"SearchAction","target":{"@type":"EntryPoint","urlTemplate":"https:\/\/www.bellunopress.it\/?s={search_term_string}"},"query-input":{"@type":"PropertyValueSpecification","valueRequired":true,"valueName":"search_term_string"}}],"inLanguage":"fr-FR"},{"@type":"Organization","@id":"https:\/\/www.bellunopress.it\/#organization","name":"Bellunopress","url":"https:\/\/www.bellunopress.it\/","logo":{"@type":"ImageObject","inLanguage":"fr-FR","@id":"https:\/\/www.bellunopress.it\/#\/schema\/logo\/image\/","url":"https:\/\/www.bellunopress.it\/wp-content\/uploads\/2011\/05\/cropped-logo-bellunopress-.jpg","contentUrl":"https:\/\/www.bellunopress.it\/wp-content\/uploads\/2011\/05\/cropped-logo-bellunopress-.jpg","width":512,"height":512,"caption":"Bellunopress"},"image":{"@id":"https:\/\/www.bellunopress.it\/#\/schema\/logo\/image\/"},"sameAs":["https:\/\/www.facebook.com\/profile.php?id=100008943462799","https:\/\/x.com\/bellunopress","https:\/\/www.linkedin.com\/hp\/?dnr=JBzUWaJfMUw8vbXJJ2tVW5-I3jZKvC4wsoxE&amp;amp;amp;amp;amp;amp;trk=nav_responsive_tab_home","https:\/\/www.youtube.com\/channel\/UCxL0wu1uN0_3_7hGG0306cw"]},{"@type":"Person","@id":"https:\/\/www.bellunopress.it\/#\/schema\/person\/79bb06722b37ece1c03d3e94beb30d73","name":"r\u00e9daction","image":{"@type":"ImageObject","inLanguage":"fr-FR","@id":"https:\/\/secure.gravatar.com\/avatar\/37d968a2e67a6fd04c169c4bdef102d0bc5d31b2546345219e348575eb80e9a0?s=96&d=mm&r=g","url":"https:\/\/secure.gravatar.com\/avatar\/37d968a2e67a6fd04c169c4bdef102d0bc5d31b2546345219e348575eb80e9a0?s=96&d=mm&r=g","contentUrl":"https:\/\/secure.gravatar.com\/avatar\/37d968a2e67a6fd04c169c4bdef102d0bc5d31b2546345219e348575eb80e9a0?s=96&d=mm&r=g","caption":"redazione"},"sameAs":["http:\/\/www.bellunopress.it","https:\/\/x.com\/bellunopress"],"url":"https:\/\/www.bellunopress.it\/fr\/author\/redazione\/"}]}},"_links":{"self":[{"href":"https:\/\/www.bellunopress.it\/fr\/wp-json\/wp\/v2\/posts\/172196","targetHints":{"allow":["GET"]}}],"collection":[{"href":"https:\/\/www.bellunopress.it\/fr\/wp-json\/wp\/v2\/posts"}],"about":[{"href":"https:\/\/www.bellunopress.it\/fr\/wp-json\/wp\/v2\/types\/post"}],"author":[{"embeddable":true,"href":"https:\/\/www.bellunopress.it\/fr\/wp-json\/wp\/v2\/users\/2"}],"replies":[{"embeddable":true,"href":"https:\/\/www.bellunopress.it\/fr\/wp-json\/wp\/v2\/comments?post=172196"}],"version-history":[{"count":1,"href":"https:\/\/www.bellunopress.it\/fr\/wp-json\/wp\/v2\/posts\/172196\/revisions"}],"predecessor-version":[{"id":172197,"href":"https:\/\/www.bellunopress.it\/fr\/wp-json\/wp\/v2\/posts\/172196\/revisions\/172197"}],"wp:featuredmedia":[{"embeddable":true,"href":"https:\/\/www.bellunopress.it\/fr\/wp-json\/wp\/v2\/media\/125428"}],"wp:attachment":[{"href":"https:\/\/www.bellunopress.it\/fr\/wp-json\/wp\/v2\/media?parent=172196"}],"wp:term":[{"taxonomy":"category","embeddable":true,"href":"https:\/\/www.bellunopress.it\/fr\/wp-json\/wp\/v2\/categories?post=172196"},{"taxonomy":"post_tag","embeddable":true,"href":"https:\/\/www.bellunopress.it\/fr\/wp-json\/wp\/v2\/tags?post=172196"}],"curies":[{"name":"wp","href":"https:\/\/api.w.org\/{rel}","templated":true}]}}