{"id":172173,"date":"2026-07-25T10:38:51","date_gmt":"2026-07-25T08:38:51","guid":{"rendered":"https:\/\/www.bellunopress.it\/?p=172173"},"modified":"2026-07-26T15:52:43","modified_gmt":"2026-07-26T13:52:43","slug":"skunk-anansie-protagonisti-al-pordenone-blues-co-festival-lunedi-27-luglio-lenergia-rock-di-skin-e-della-band-al-parco-san-valentino","status":"publish","type":"post","link":"https:\/\/www.bellunopress.it\/fr\/2026\/07\/25\/skunk-anansie-protagonisti-al-pordenone-blues-co-festival-lunedi-27-luglio-lenergia-rock-di-skin-e-della-band-al-parco-san-valentino\/","title":{"rendered":"Skunk Anansie protagonisti al Pordenone Blues &#038; Co. Festival: luned\u00ec 27 luglio l&#8217;energia rock di Skin e della band al Parco San Valentino"},"content":{"rendered":"<h3 data-path-to-node=\"2\">Un imperdibile appuntamento con la storia del rock internazionale<\/h3>\n<p data-path-to-node=\"3\">Il conto alla rovescia \u00e8 ufficialmente iniziato. Luned\u00ec 27 luglio, il Parco San Valentino di Pordenone si prepara a vibrare al ritmo inconfondibile degli Skunk Anansie. La celebre band britannica guidata dall&#8217;iconica Skin sar\u00e0 la grande protagonista della 35\u00aa edizione del Pordenone Blues &amp; Co. Festival, portando dal vivo oltre trent&#8217;anni di carriera, successi planetari e nuovi orizzonti sonori.<\/p>\n<p data-path-to-node=\"4\">L&#8217;evento si inserisce nel prestigioso cartellone di VERSO PORDENONE 2027, il ricco programma culturale e musicale nato con l&#8217;obiettivo di valorizzare il territorio e traghettare la citt\u00e0 verso il prestigioso riconoscimento di Capitale Italiana della Cultura per il 2027.<\/p>\n<h3 data-path-to-node=\"6\">La potenza sonora e lo stile inconfondibile di Skin<\/h3>\n<p data-path-to-node=\"7\">Formatisi negli anni Novanta, gli Skunk Anansie hanno segnato in modo indelebile la storia della musica grazie a un sound unico e ruvido, capace di fondere con maestria metal, psichedelia e soul.<\/p>\n<p data-path-to-node=\"8\">Sul palco, l&#8217;irresistibile combinazione di riff taglienti e la presenza scenica magnetica della frontwoman Skin \u2013 vera e propria pantera del rock, attivista e icona globale \u2013 promette uno show ad altissimo tasso emotivo. Il pubblico del Parco San Valentino potr\u00e0 scatenarsi sulle note delle hit che hanno consacrato la band a livello mondiale, tra cui:<\/p>\n<ul data-path-to-node=\"9\">\n<li>\n<p data-path-to-node=\"9,0,0\">&#8220;Hedonism&#8221;<\/p>\n<\/li>\n<li>\n<p data-path-to-node=\"9,1,0\">&#8220;Secretly&#8221;<\/p>\n<\/li>\n<li>\n<p data-path-to-node=\"9,2,0\">&#8220;Charlie Big Potato&#8221;<\/p>\n<\/li>\n<li>\n<p data-path-to-node=\"9,3,0\">&#8220;Little Baby Swastikkka&#8221;<\/p>\n<\/li>\n<li>\n<p data-path-to-node=\"9,4,0\">&#8220;Intellectualise My Blackness&#8221;<\/p>\n<\/li>\n<\/ul>\n<h3 data-path-to-node=\"11\">Nuovi brani e una produzione rinnovata<\/h3>\n<p data-path-to-node=\"12\">Con oltre tre decenni di musica alle spalle, la band non si guarda solo indietro, ma inaugura una nuova fase del proprio percorso artistico. Oltre ai grandi classici, il live ospiter\u00e0 diversi brani inediti e tracce recenti come <i data-path-to-node=\"12\" data-index-in-node=\"228\">&#8220;Piggy&#8221;<\/i> e <i data-path-to-node=\"12\" data-index-in-node=\"238\">&#8220;This Means War&#8221;<\/i>.<\/p>\n<p data-path-to-node=\"13\">Come sottolineato dalla stessa Skin, la band \u00e8 entusiasta di questo ritorno live e ha promesso una produzione completamente rinnovata, pensata per riflettere la forza creativa e la carica innovativa che da sempre li contraddistinguono.<\/p>\n<h3 data-path-to-node=\"15\">In apertura: l&#8217;energia elettronica e militante di Grove<\/h3>\n<p data-path-to-node=\"16\">La grande musica dal vivo al festival inizier\u00e0 a scaldare i motori gi\u00e0 a partire dalle prime note. Prima degli Skunk Anansie, il 27 luglio 2026 (nota: <i data-path-to-node=\"16\" data-index-in-node=\"151\">verificare disponibilit\u00e0 artistica in base al calendario ufficiale del festival<\/i>), salir\u00e0 sul palco Grove, producer e vocalist tra le voci pi\u00f9 radicali e potenti della scena underground di Bristol.<\/p>\n<p data-path-to-node=\"17\">Con il nuovo progetto HYDRA, Grove porter\u00e0 in scena un live ad alto impatto: un mix esplosivo di bassi profondi, attitudine DIY, punk, dubstep e jungle, guidato da una visione artistica che unisce urgenza politica e potenza sonora.<\/p>\n<h3 data-path-to-node=\"19\">Informazioni sui biglietti e partner<\/h3>\n<p data-path-to-node=\"20\">I biglietti per l&#8217;imperdibile concerto degli Skunk Anansie sono disponibili in prevendita sulle piattaforme ufficiali Vivaticket.com, Ticketone.it e in tutti i punti vendita autorizzati.<\/p>\n<p data-path-to-node=\"21\">L&#8217;evento gode del supporto e della media partnership di Virgin Radio, radio partner ufficiale del live.<\/p>","protected":false},"excerpt":{"rendered":"<p>Un imperdibile appuntamento con la storia del rock internazionale Il conto alla rovescia \u00e8 ufficialmente iniziato. Luned\u00ec 27 luglio, il Parco San Valentino di Pordenone si prepara a vibrare al ritmo inconfondibile degli Skunk Anansie. La celebre band britannica guidata dall&#8217;iconica Skin sar\u00e0 la grande protagonista della 35\u00aa edizione del Pordenone Blues &amp; Co. Festival, [&hellip;]<\/p>\n","protected":false},"author":2,"featured_media":172174,"comment_status":"closed","ping_status":"open","sticky":false,"template":"","format":"standard","meta":{"footnotes":""},"categories":[3,3394,25],"tags":[],"class_list":["post-172173","post","type-post","status-publish","format-standard","has-post-thumbnail","category-arte-cultura-spettacoli-scienza-archivi","category-cultura-e-spettacoli-fuori-provincia","category-pausa-caffe"],"yoast_head":"<!-- This site is optimized with the Yoast SEO plugin v28.4 - https:\/\/yoast.com\/product\/yoast-seo-wordpress\/ -->\n<title>Skunk Anansie protagonisti al Pordenone Blues &amp; Co. Festival: luned\u00ec 27 luglio l&#039;energia rock di Skin e della band al Parco San Valentino - Bellunopress - Dolomiti<\/title>\n<meta name=\"robots\" content=\"index, follow, max-snippet:-1, max-image-preview:large, max-video-preview:-1\" \/>\n<link rel=\"canonical\" href=\"https:\/\/www.bellunopress.it\/fr\/2026\/07\/25\/skunk-anansie-protagonisti-al-pordenone-blues-co-festival-lunedi-27-luglio-lenergia-rock-di-skin-e-della-band-al-parco-san-valentino\/\" \/>\n<meta property=\"og:locale\" content=\"fr_FR\" \/>\n<meta property=\"og:type\" content=\"article\" \/>\n<meta property=\"og:title\" content=\"Skunk Anansie protagonisti al Pordenone Blues &amp; Co. Festival: luned\u00ec 27 luglio l&#039;energia rock di Skin e della band al Parco San Valentino - Bellunopress - Dolomiti\" \/>\n<meta property=\"og:description\" content=\"Un imperdibile appuntamento con la storia del rock internazionale Il conto alla rovescia \u00e8 ufficialmente iniziato. Luned\u00ec 27 luglio, il Parco San Valentino di Pordenone si prepara a vibrare al ritmo inconfondibile degli Skunk Anansie. La celebre band britannica guidata dall&#8217;iconica Skin sar\u00e0 la grande protagonista della 35\u00aa edizione del Pordenone Blues &amp; Co. Festival, [&hellip;]\" \/>\n<meta property=\"og:url\" content=\"https:\/\/www.bellunopress.it\/fr\/2026\/07\/25\/skunk-anansie-protagonisti-al-pordenone-blues-co-festival-lunedi-27-luglio-lenergia-rock-di-skin-e-della-band-al-parco-san-valentino\/\" \/>\n<meta property=\"og:site_name\" content=\"Bellunopress - Dolomiti\" \/>\n<meta property=\"article:publisher\" content=\"https:\/\/www.facebook.com\/profile.php?id=100008943462799\" \/>\n<meta property=\"article:published_time\" content=\"2026-07-25T08:38:51+00:00\" \/>\n<meta property=\"article:modified_time\" content=\"2026-07-26T13:52:43+00:00\" \/>\n<meta property=\"og:image\" content=\"https:\/\/www.bellunopress.it\/wp-content\/uploads\/2026\/07\/SKUNK-ANANSIE.jpg\" \/>\n\t<meta property=\"og:image:width\" content=\"500\" \/>\n\t<meta property=\"og:image:height\" content=\"470\" \/>\n\t<meta property=\"og:image:type\" content=\"image\/jpeg\" \/>\n<meta name=\"author\" content=\"redazione\" \/>\n<meta name=\"twitter:card\" content=\"summary_large_image\" \/>\n<meta name=\"twitter:creator\" content=\"@bellunopress\" \/>\n<meta name=\"twitter:site\" content=\"@bellunopress\" \/>\n<meta name=\"twitter:label1\" content=\"\u00c9crit par\" \/>\n\t<meta name=\"twitter:data1\" content=\"redazione\" \/>\n\t<meta name=\"twitter:label2\" content=\"Dur\u00e9e de lecture estim\u00e9e\" \/>\n\t<meta name=\"twitter:data2\" content=\"3 minutes\" \/>\n<script type=\"application\/ld+json\" class=\"yoast-schema-graph\">{\"@context\":\"https:\\\/\\\/schema.org\",\"@graph\":[{\"@type\":\"Article\",\"@id\":\"https:\\\/\\\/www.bellunopress.it\\\/2026\\\/07\\\/25\\\/skunk-anansie-protagonisti-al-pordenone-blues-co-festival-lunedi-27-luglio-lenergia-rock-di-skin-e-della-band-al-parco-san-valentino\\\/#article\",\"isPartOf\":{\"@id\":\"https:\\\/\\\/www.bellunopress.it\\\/2026\\\/07\\\/25\\\/skunk-anansie-protagonisti-al-pordenone-blues-co-festival-lunedi-27-luglio-lenergia-rock-di-skin-e-della-band-al-parco-san-valentino\\\/\"},\"author\":{\"name\":\"redazione\",\"@id\":\"https:\\\/\\\/www.bellunopress.it\\\/#\\\/schema\\\/person\\\/79bb06722b37ece1c03d3e94beb30d73\"},\"headline\":\"Skunk Anansie protagonisti al Pordenone Blues &#038; Co. Festival: luned\u00ec 27 luglio l&#8217;energia rock di Skin e della band al Parco San Valentino\",\"datePublished\":\"2026-07-25T08:38:51+00:00\",\"dateModified\":\"2026-07-26T13:52:43+00:00\",\"mainEntityOfPage\":{\"@id\":\"https:\\\/\\\/www.bellunopress.it\\\/2026\\\/07\\\/25\\\/skunk-anansie-protagonisti-al-pordenone-blues-co-festival-lunedi-27-luglio-lenergia-rock-di-skin-e-della-band-al-parco-san-valentino\\\/\"},\"wordCount\":468,\"publisher\":{\"@id\":\"https:\\\/\\\/www.bellunopress.it\\\/#organization\"},\"image\":{\"@id\":\"https:\\\/\\\/www.bellunopress.it\\\/2026\\\/07\\\/25\\\/skunk-anansie-protagonisti-al-pordenone-blues-co-festival-lunedi-27-luglio-lenergia-rock-di-skin-e-della-band-al-parco-san-valentino\\\/#primaryimage\"},\"thumbnailUrl\":\"https:\\\/\\\/www.bellunopress.it\\\/wp-content\\\/uploads\\\/2026\\\/07\\\/SKUNK-ANANSIE.jpg\",\"articleSection\":[\"Arte, Cultura, Spettacoli, Scienza\",\"Cultura e spettacoli, tempo libero, benessere, fuori provincia\",\"Pausa Caff\u00e8\"],\"inLanguage\":\"fr-FR\"},{\"@type\":\"WebPage\",\"@id\":\"https:\\\/\\\/www.bellunopress.it\\\/2026\\\/07\\\/25\\\/skunk-anansie-protagonisti-al-pordenone-blues-co-festival-lunedi-27-luglio-lenergia-rock-di-skin-e-della-band-al-parco-san-valentino\\\/\",\"url\":\"https:\\\/\\\/www.bellunopress.it\\\/2026\\\/07\\\/25\\\/skunk-anansie-protagonisti-al-pordenone-blues-co-festival-lunedi-27-luglio-lenergia-rock-di-skin-e-della-band-al-parco-san-valentino\\\/\",\"name\":\"Skunk Anansie protagonisti al Pordenone Blues & Co. Festival: luned\u00ec 27 luglio l'energia rock di Skin e della band al Parco San Valentino - Bellunopress - Dolomiti\",\"isPartOf\":{\"@id\":\"https:\\\/\\\/www.bellunopress.it\\\/#website\"},\"primaryImageOfPage\":{\"@id\":\"https:\\\/\\\/www.bellunopress.it\\\/2026\\\/07\\\/25\\\/skunk-anansie-protagonisti-al-pordenone-blues-co-festival-lunedi-27-luglio-lenergia-rock-di-skin-e-della-band-al-parco-san-valentino\\\/#primaryimage\"},\"image\":{\"@id\":\"https:\\\/\\\/www.bellunopress.it\\\/2026\\\/07\\\/25\\\/skunk-anansie-protagonisti-al-pordenone-blues-co-festival-lunedi-27-luglio-lenergia-rock-di-skin-e-della-band-al-parco-san-valentino\\\/#primaryimage\"},\"thumbnailUrl\":\"https:\\\/\\\/www.bellunopress.it\\\/wp-content\\\/uploads\\\/2026\\\/07\\\/SKUNK-ANANSIE.jpg\",\"datePublished\":\"2026-07-25T08:38:51+00:00\",\"dateModified\":\"2026-07-26T13:52:43+00:00\",\"breadcrumb\":{\"@id\":\"https:\\\/\\\/www.bellunopress.it\\\/2026\\\/07\\\/25\\\/skunk-anansie-protagonisti-al-pordenone-blues-co-festival-lunedi-27-luglio-lenergia-rock-di-skin-e-della-band-al-parco-san-valentino\\\/#breadcrumb\"},\"inLanguage\":\"fr-FR\",\"potentialAction\":[{\"@type\":\"ReadAction\",\"target\":[\"https:\\\/\\\/www.bellunopress.it\\\/2026\\\/07\\\/25\\\/skunk-anansie-protagonisti-al-pordenone-blues-co-festival-lunedi-27-luglio-lenergia-rock-di-skin-e-della-band-al-parco-san-valentino\\\/\"]}]},{\"@type\":\"ImageObject\",\"inLanguage\":\"fr-FR\",\"@id\":\"https:\\\/\\\/www.bellunopress.it\\\/2026\\\/07\\\/25\\\/skunk-anansie-protagonisti-al-pordenone-blues-co-festival-lunedi-27-luglio-lenergia-rock-di-skin-e-della-band-al-parco-san-valentino\\\/#primaryimage\",\"url\":\"https:\\\/\\\/www.bellunopress.it\\\/wp-content\\\/uploads\\\/2026\\\/07\\\/SKUNK-ANANSIE.jpg\",\"contentUrl\":\"https:\\\/\\\/www.bellunopress.it\\\/wp-content\\\/uploads\\\/2026\\\/07\\\/SKUNK-ANANSIE.jpg\",\"width\":500,\"height\":470},{\"@type\":\"BreadcrumbList\",\"@id\":\"https:\\\/\\\/www.bellunopress.it\\\/2026\\\/07\\\/25\\\/skunk-anansie-protagonisti-al-pordenone-blues-co-festival-lunedi-27-luglio-lenergia-rock-di-skin-e-della-band-al-parco-san-valentino\\\/#breadcrumb\",\"itemListElement\":[{\"@type\":\"ListItem\",\"position\":1,\"name\":\"Home\",\"item\":\"https:\\\/\\\/www.bellunopress.it\\\/\"},{\"@type\":\"ListItem\",\"position\":2,\"name\":\"Skunk Anansie protagonisti al Pordenone Blues &#038; Co. Festival: luned\u00ec 27 luglio l&#8217;energia rock di Skin e della band al Parco San Valentino\"}]},{\"@type\":\"WebSite\",\"@id\":\"https:\\\/\\\/www.bellunopress.it\\\/#website\",\"url\":\"https:\\\/\\\/www.bellunopress.it\\\/\",\"name\":\"Bellunopress - Dolomiti\",\"description\":\"e-mail: redazione@bellunopress.it\",\"publisher\":{\"@id\":\"https:\\\/\\\/www.bellunopress.it\\\/#organization\"},\"potentialAction\":[{\"@type\":\"SearchAction\",\"target\":{\"@type\":\"EntryPoint\",\"urlTemplate\":\"https:\\\/\\\/www.bellunopress.it\\\/?s={search_term_string}\"},\"query-input\":{\"@type\":\"PropertyValueSpecification\",\"valueRequired\":true,\"valueName\":\"search_term_string\"}}],\"inLanguage\":\"fr-FR\"},{\"@type\":\"Organization\",\"@id\":\"https:\\\/\\\/www.bellunopress.it\\\/#organization\",\"name\":\"Bellunopress\",\"url\":\"https:\\\/\\\/www.bellunopress.it\\\/\",\"logo\":{\"@type\":\"ImageObject\",\"inLanguage\":\"fr-FR\",\"@id\":\"https:\\\/\\\/www.bellunopress.it\\\/#\\\/schema\\\/logo\\\/image\\\/\",\"url\":\"https:\\\/\\\/www.bellunopress.it\\\/wp-content\\\/uploads\\\/2011\\\/05\\\/cropped-logo-bellunopress-.jpg\",\"contentUrl\":\"https:\\\/\\\/www.bellunopress.it\\\/wp-content\\\/uploads\\\/2011\\\/05\\\/cropped-logo-bellunopress-.jpg\",\"width\":512,\"height\":512,\"caption\":\"Bellunopress\"},\"image\":{\"@id\":\"https:\\\/\\\/www.bellunopress.it\\\/#\\\/schema\\\/logo\\\/image\\\/\"},\"sameAs\":[\"https:\\\/\\\/www.facebook.com\\\/profile.php?id=100008943462799\",\"https:\\\/\\\/x.com\\\/bellunopress\",\"https:\\\/\\\/www.linkedin.com\\\/hp\\\/?dnr=JBzUWaJfMUw8vbXJJ2tVW5-I3jZKvC4wsoxE&amp;amp;amp;amp;amp;amp;trk=nav_responsive_tab_home\",\"https:\\\/\\\/www.youtube.com\\\/channel\\\/UCxL0wu1uN0_3_7hGG0306cw\"]},{\"@type\":\"Person\",\"@id\":\"https:\\\/\\\/www.bellunopress.it\\\/#\\\/schema\\\/person\\\/79bb06722b37ece1c03d3e94beb30d73\",\"name\":\"redazione\",\"image\":{\"@type\":\"ImageObject\",\"inLanguage\":\"fr-FR\",\"@id\":\"https:\\\/\\\/secure.gravatar.com\\\/avatar\\\/37d968a2e67a6fd04c169c4bdef102d0bc5d31b2546345219e348575eb80e9a0?s=96&d=mm&r=g\",\"url\":\"https:\\\/\\\/secure.gravatar.com\\\/avatar\\\/37d968a2e67a6fd04c169c4bdef102d0bc5d31b2546345219e348575eb80e9a0?s=96&d=mm&r=g\",\"contentUrl\":\"https:\\\/\\\/secure.gravatar.com\\\/avatar\\\/37d968a2e67a6fd04c169c4bdef102d0bc5d31b2546345219e348575eb80e9a0?s=96&d=mm&r=g\",\"caption\":\"redazione\"},\"sameAs\":[\"http:\\\/\\\/www.bellunopress.it\",\"https:\\\/\\\/x.com\\\/bellunopress\"],\"url\":\"https:\\\/\\\/www.bellunopress.it\\\/fr\\\/author\\\/redazione\\\/\"}]}<\/script>\n<!-- \/ Yoast SEO plugin. -->","yoast_head_json":{"title":"Skunk Anansie protagonisti al Pordenone Blues & Co. Festival: luned\u00ec 27 luglio l'energia rock di Skin e della band al Parco San Valentino - Bellunopress - Dolomiti","robots":{"index":"index","follow":"follow","max-snippet":"max-snippet:-1","max-image-preview":"max-image-preview:large","max-video-preview":"max-video-preview:-1"},"canonical":"https:\/\/www.bellunopress.it\/fr\/2026\/07\/25\/skunk-anansie-protagonisti-al-pordenone-blues-co-festival-lunedi-27-luglio-lenergia-rock-di-skin-e-della-band-al-parco-san-valentino\/","og_locale":"fr_FR","og_type":"article","og_title":"Skunk Anansie protagonisti al Pordenone Blues & Co. Festival: luned\u00ec 27 luglio l'energia rock di Skin e della band al Parco San Valentino - Bellunopress - Dolomiti","og_description":"Un imperdibile appuntamento con la storia del rock internazionale Il conto alla rovescia \u00e8 ufficialmente iniziato. Luned\u00ec 27 luglio, il Parco San Valentino di Pordenone si prepara a vibrare al ritmo inconfondibile degli Skunk Anansie. La celebre band britannica guidata dall&#8217;iconica Skin sar\u00e0 la grande protagonista della 35\u00aa edizione del Pordenone Blues &amp; Co. Festival, [&hellip;]","og_url":"https:\/\/www.bellunopress.it\/fr\/2026\/07\/25\/skunk-anansie-protagonisti-al-pordenone-blues-co-festival-lunedi-27-luglio-lenergia-rock-di-skin-e-della-band-al-parco-san-valentino\/","og_site_name":"Bellunopress - Dolomiti","article_publisher":"https:\/\/www.facebook.com\/profile.php?id=100008943462799","article_published_time":"2026-07-25T08:38:51+00:00","article_modified_time":"2026-07-26T13:52:43+00:00","og_image":[{"width":500,"height":470,"url":"https:\/\/www.bellunopress.it\/wp-content\/uploads\/2026\/07\/SKUNK-ANANSIE.jpg","type":"image\/jpeg"}],"author":"redazione","twitter_card":"summary_large_image","twitter_creator":"@bellunopress","twitter_site":"@bellunopress","twitter_misc":{"\u00c9crit par":"redazione","Dur\u00e9e de lecture estim\u00e9e":"3 minutes"},"schema":{"@context":"https:\/\/schema.org","@graph":[{"@type":"Article","@id":"https:\/\/www.bellunopress.it\/2026\/07\/25\/skunk-anansie-protagonisti-al-pordenone-blues-co-festival-lunedi-27-luglio-lenergia-rock-di-skin-e-della-band-al-parco-san-valentino\/#article","isPartOf":{"@id":"https:\/\/www.bellunopress.it\/2026\/07\/25\/skunk-anansie-protagonisti-al-pordenone-blues-co-festival-lunedi-27-luglio-lenergia-rock-di-skin-e-della-band-al-parco-san-valentino\/"},"author":{"name":"redazione","@id":"https:\/\/www.bellunopress.it\/#\/schema\/person\/79bb06722b37ece1c03d3e94beb30d73"},"headline":"Skunk Anansie protagonisti al Pordenone Blues &#038; Co. Festival: luned\u00ec 27 luglio l&#8217;energia rock di Skin e della band al Parco San Valentino","datePublished":"2026-07-25T08:38:51+00:00","dateModified":"2026-07-26T13:52:43+00:00","mainEntityOfPage":{"@id":"https:\/\/www.bellunopress.it\/2026\/07\/25\/skunk-anansie-protagonisti-al-pordenone-blues-co-festival-lunedi-27-luglio-lenergia-rock-di-skin-e-della-band-al-parco-san-valentino\/"},"wordCount":468,"publisher":{"@id":"https:\/\/www.bellunopress.it\/#organization"},"image":{"@id":"https:\/\/www.bellunopress.it\/2026\/07\/25\/skunk-anansie-protagonisti-al-pordenone-blues-co-festival-lunedi-27-luglio-lenergia-rock-di-skin-e-della-band-al-parco-san-valentino\/#primaryimage"},"thumbnailUrl":"https:\/\/www.bellunopress.it\/wp-content\/uploads\/2026\/07\/SKUNK-ANANSIE.jpg","articleSection":["Arte, Cultura, Spettacoli, Scienza","Cultura e spettacoli, tempo libero, benessere, fuori provincia","Pausa Caff\u00e8"],"inLanguage":"fr-FR"},{"@type":"WebPage","@id":"https:\/\/www.bellunopress.it\/2026\/07\/25\/skunk-anansie-protagonisti-al-pordenone-blues-co-festival-lunedi-27-luglio-lenergia-rock-di-skin-e-della-band-al-parco-san-valentino\/","url":"https:\/\/www.bellunopress.it\/2026\/07\/25\/skunk-anansie-protagonisti-al-pordenone-blues-co-festival-lunedi-27-luglio-lenergia-rock-di-skin-e-della-band-al-parco-san-valentino\/","name":"Skunk Anansie protagonisti al Pordenone Blues & Co. Festival: luned\u00ec 27 luglio l'energia rock di Skin e della band al Parco San Valentino - Bellunopress - Dolomiti","isPartOf":{"@id":"https:\/\/www.bellunopress.it\/#website"},"primaryImageOfPage":{"@id":"https:\/\/www.bellunopress.it\/2026\/07\/25\/skunk-anansie-protagonisti-al-pordenone-blues-co-festival-lunedi-27-luglio-lenergia-rock-di-skin-e-della-band-al-parco-san-valentino\/#primaryimage"},"image":{"@id":"https:\/\/www.bellunopress.it\/2026\/07\/25\/skunk-anansie-protagonisti-al-pordenone-blues-co-festival-lunedi-27-luglio-lenergia-rock-di-skin-e-della-band-al-parco-san-valentino\/#primaryimage"},"thumbnailUrl":"https:\/\/www.bellunopress.it\/wp-content\/uploads\/2026\/07\/SKUNK-ANANSIE.jpg","datePublished":"2026-07-25T08:38:51+00:00","dateModified":"2026-07-26T13:52:43+00:00","breadcrumb":{"@id":"https:\/\/www.bellunopress.it\/2026\/07\/25\/skunk-anansie-protagonisti-al-pordenone-blues-co-festival-lunedi-27-luglio-lenergia-rock-di-skin-e-della-band-al-parco-san-valentino\/#breadcrumb"},"inLanguage":"fr-FR","potentialAction":[{"@type":"ReadAction","target":["https:\/\/www.bellunopress.it\/2026\/07\/25\/skunk-anansie-protagonisti-al-pordenone-blues-co-festival-lunedi-27-luglio-lenergia-rock-di-skin-e-della-band-al-parco-san-valentino\/"]}]},{"@type":"ImageObject","inLanguage":"fr-FR","@id":"https:\/\/www.bellunopress.it\/2026\/07\/25\/skunk-anansie-protagonisti-al-pordenone-blues-co-festival-lunedi-27-luglio-lenergia-rock-di-skin-e-della-band-al-parco-san-valentino\/#primaryimage","url":"https:\/\/www.bellunopress.it\/wp-content\/uploads\/2026\/07\/SKUNK-ANANSIE.jpg","contentUrl":"https:\/\/www.bellunopress.it\/wp-content\/uploads\/2026\/07\/SKUNK-ANANSIE.jpg","width":500,"height":470},{"@type":"BreadcrumbList","@id":"https:\/\/www.bellunopress.it\/2026\/07\/25\/skunk-anansie-protagonisti-al-pordenone-blues-co-festival-lunedi-27-luglio-lenergia-rock-di-skin-e-della-band-al-parco-san-valentino\/#breadcrumb","itemListElement":[{"@type":"ListItem","position":1,"name":"Home","item":"https:\/\/www.bellunopress.it\/"},{"@type":"ListItem","position":2,"name":"Skunk Anansie protagonisti al Pordenone Blues &#038; Co. Festival: luned\u00ec 27 luglio l&#8217;energia rock di Skin e della band al Parco San Valentino"}]},{"@type":"WebSite","@id":"https:\/\/www.bellunopress.it\/#website","url":"https:\/\/www.bellunopress.it\/","name":"Bellunopress - Dolomiti","description":"e-mail: redazione@bellunopress.it","publisher":{"@id":"https:\/\/www.bellunopress.it\/#organization"},"potentialAction":[{"@type":"SearchAction","target":{"@type":"EntryPoint","urlTemplate":"https:\/\/www.bellunopress.it\/?s={search_term_string}"},"query-input":{"@type":"PropertyValueSpecification","valueRequired":true,"valueName":"search_term_string"}}],"inLanguage":"fr-FR"},{"@type":"Organization","@id":"https:\/\/www.bellunopress.it\/#organization","name":"Bellunopress","url":"https:\/\/www.bellunopress.it\/","logo":{"@type":"ImageObject","inLanguage":"fr-FR","@id":"https:\/\/www.bellunopress.it\/#\/schema\/logo\/image\/","url":"https:\/\/www.bellunopress.it\/wp-content\/uploads\/2011\/05\/cropped-logo-bellunopress-.jpg","contentUrl":"https:\/\/www.bellunopress.it\/wp-content\/uploads\/2011\/05\/cropped-logo-bellunopress-.jpg","width":512,"height":512,"caption":"Bellunopress"},"image":{"@id":"https:\/\/www.bellunopress.it\/#\/schema\/logo\/image\/"},"sameAs":["https:\/\/www.facebook.com\/profile.php?id=100008943462799","https:\/\/x.com\/bellunopress","https:\/\/www.linkedin.com\/hp\/?dnr=JBzUWaJfMUw8vbXJJ2tVW5-I3jZKvC4wsoxE&amp;amp;amp;amp;amp;amp;trk=nav_responsive_tab_home","https:\/\/www.youtube.com\/channel\/UCxL0wu1uN0_3_7hGG0306cw"]},{"@type":"Person","@id":"https:\/\/www.bellunopress.it\/#\/schema\/person\/79bb06722b37ece1c03d3e94beb30d73","name":"r\u00e9daction","image":{"@type":"ImageObject","inLanguage":"fr-FR","@id":"https:\/\/secure.gravatar.com\/avatar\/37d968a2e67a6fd04c169c4bdef102d0bc5d31b2546345219e348575eb80e9a0?s=96&d=mm&r=g","url":"https:\/\/secure.gravatar.com\/avatar\/37d968a2e67a6fd04c169c4bdef102d0bc5d31b2546345219e348575eb80e9a0?s=96&d=mm&r=g","contentUrl":"https:\/\/secure.gravatar.com\/avatar\/37d968a2e67a6fd04c169c4bdef102d0bc5d31b2546345219e348575eb80e9a0?s=96&d=mm&r=g","caption":"redazione"},"sameAs":["http:\/\/www.bellunopress.it","https:\/\/x.com\/bellunopress"],"url":"https:\/\/www.bellunopress.it\/fr\/author\/redazione\/"}]}},"_links":{"self":[{"href":"https:\/\/www.bellunopress.it\/fr\/wp-json\/wp\/v2\/posts\/172173","targetHints":{"allow":["GET"]}}],"collection":[{"href":"https:\/\/www.bellunopress.it\/fr\/wp-json\/wp\/v2\/posts"}],"about":[{"href":"https:\/\/www.bellunopress.it\/fr\/wp-json\/wp\/v2\/types\/post"}],"author":[{"embeddable":true,"href":"https:\/\/www.bellunopress.it\/fr\/wp-json\/wp\/v2\/users\/2"}],"replies":[{"embeddable":true,"href":"https:\/\/www.bellunopress.it\/fr\/wp-json\/wp\/v2\/comments?post=172173"}],"version-history":[{"count":3,"href":"https:\/\/www.bellunopress.it\/fr\/wp-json\/wp\/v2\/posts\/172173\/revisions"}],"predecessor-version":[{"id":172212,"href":"https:\/\/www.bellunopress.it\/fr\/wp-json\/wp\/v2\/posts\/172173\/revisions\/172212"}],"wp:featuredmedia":[{"embeddable":true,"href":"https:\/\/www.bellunopress.it\/fr\/wp-json\/wp\/v2\/media\/172174"}],"wp:attachment":[{"href":"https:\/\/www.bellunopress.it\/fr\/wp-json\/wp\/v2\/media?parent=172173"}],"wp:term":[{"taxonomy":"category","embeddable":true,"href":"https:\/\/www.bellunopress.it\/fr\/wp-json\/wp\/v2\/categories?post=172173"},{"taxonomy":"post_tag","embeddable":true,"href":"https:\/\/www.bellunopress.it\/fr\/wp-json\/wp\/v2\/tags?post=172173"}],"curies":[{"name":"wp","href":"https:\/\/api.w.org\/{rel}","templated":true}]}}