{"id":172170,"date":"2026-07-25T08:18:35","date_gmt":"2026-07-25T06:18:35","guid":{"rendered":"https:\/\/www.bellunopress.it\/?p=172170"},"modified":"2026-07-25T08:18:35","modified_gmt":"2026-07-25T06:18:35","slug":"spazi-pubblici-palpitanti-larte-contemporanea-ridisegna-il-borgo-di-fratta-di-tarzo","status":"publish","type":"post","link":"https:\/\/www.bellunopress.it\/fr\/2026\/07\/25\/spazi-pubblici-palpitanti-larte-contemporanea-ridisegna-il-borgo-di-fratta-di-tarzo\/","title":{"rendered":"Spazi Pubblici Palpitanti: l&#8217;arte contemporanea ridisegna il borgo di Fratta di Tarzo"},"content":{"rendered":"<p data-path-to-node=\"1\">Torna per la sua quarta edizione nel 2026 &#8220;Spazi Pubblici Palpitanti&#8221;, il progetto di riqualificazione sociale e culturale dedicato ai piccoli borghi storici. Nato per restituire nuova vita e centralit\u00e0 ai luoghi attraverso i linguaggi del contemporaneo, l&#8217;appuntamento quest&#8217;anno fa tappa a Fratta di Tarzo (TV), trasformando il borgo in un vivace laboratorio a cielo aperto.<\/p>\n<p data-path-to-node=\"2\">L&#8217;iniziativa \u00e8 promossa dal Comune di Tarzo e coordinata da Arte Laguna, grazie ai fondi del NextGenerationEU, in collaborazione con Cor.<\/p>\n<h3 data-path-to-node=\"4\">Il cuore dell&#8217;evento: il talk con gli artisti<\/h3>\n<p data-path-to-node=\"5\">Uno degli appuntamenti pi\u00f9 attesi \u00e8 la tavola rotonda in programma venerd\u00ec 1 agosto 2026 alle ore 18:00 presso la suggestiva Chiesa di Fratta.<\/p>\n<p data-path-to-node=\"6\">Un momento di confronto aperto al pubblico in cui i protagonisti si racconteranno e dialogheranno sul valore dell&#8217;arte come strumento di rigenerazione urbana e sociale. I tre artisti internazionali selezionati da Arte Laguna World stanno infatti vivendo un&#8217;intensa esperienza di residenza artistica nel territorio, culminata nella creazione di tre opere inedite.<\/p>\n<h4 data-path-to-node=\"7\">Gli artisti e le opere in mostra<\/h4>\n<ul data-path-to-node=\"8\">\n<li>\n<p data-path-to-node=\"8,0,0\">Gabriele Mundula (ECO) \u2013 <i data-path-to-node=\"8,0,0\" data-index-in-node=\"25\">Italia<\/i><\/p>\n<ul data-path-to-node=\"8,0,1\">\n<li>\n<p data-path-to-node=\"8,0,1,0,0\"><i data-path-to-node=\"8,0,1,0,0\" data-index-in-node=\"0\">Opere in residenza:<\/i> Stella del Mattino, Spina Dorsale<\/p>\n<\/li>\n<\/ul>\n<\/li>\n<li>\n<p data-path-to-node=\"8,1,0\">Alice Serafino \u2013 <i data-path-to-node=\"8,1,0\" data-index-in-node=\"17\">Italia<\/i><\/p>\n<ul data-path-to-node=\"8,1,1\">\n<li>\n<p data-path-to-node=\"8,1,1,0,0\"><i data-path-to-node=\"8,1,1,0,0\" data-index-in-node=\"0\">Opera in residenza:<\/i> Seeds &amp; Weeds \u2013 RPF, Raccolta di Piante Fotogeniche<\/p>\n<\/li>\n<\/ul>\n<\/li>\n<li>\n<p data-path-to-node=\"8,2,0\">Yseult D. \u2013 <i data-path-to-node=\"8,2,0\" data-index-in-node=\"12\">Belgio<\/i><\/p>\n<ul data-path-to-node=\"8,2,1\">\n<li>\n<p data-path-to-node=\"8,2,1,0,0\"><i data-path-to-node=\"8,2,1,0,0\" data-index-in-node=\"0\">Opera in residenza:<\/i> 7 minutes<\/p>\n<\/li>\n<\/ul>\n<\/li>\n<\/ul>\n<h3 data-path-to-node=\"10\">Un fine settimana tra arte e tradizione<\/h3>\n<p data-path-to-node=\"11\">Le creazioni nate durante la residenza saranno svelate e aperte al pubblico dal 31 luglio al 2 agosto 2026 a Fratta (TV).<\/p>\n<p data-path-to-node=\"12\">L&#8217;esposizione si inserisce all&#8217;interno del ricco weekend culturale de &#8220;I Cortili dell&#8217;Arte&#8221;, un evento promosso dal Comune e dalla Pro Loco di Tarzo che unisce la scoperta del patrimonio storico locale alle espressioni artistiche pi\u00f9 innovative.<\/p>\n<blockquote data-path-to-node=\"13\">\n<h6 style=\"text-align: left;\" data-path-to-node=\"13,0\">Informazioni Utili<\/h6>\n<ul data-path-to-node=\"13,1\">\n<li style=\"text-align: left;\">\n<h6 data-path-to-node=\"13,1,0,0\">Evento: Talk con gli artisti di Arte Laguna World<\/h6>\n<\/li>\n<li style=\"text-align: left;\">\n<h6 data-path-to-node=\"13,1,1,0\">Data Talk: 1 Agosto 2026, ore 18:00<\/h6>\n<\/li>\n<li style=\"text-align: left;\">\n<h6 data-path-to-node=\"13,1,2,0\">Luogo Talk: Chiesa di Fratta, Fratta di Tarzo (TV)<\/h6>\n<\/li>\n<li>\n<h6 style=\"text-align: left;\" data-path-to-node=\"13,1,3,0\">Mostra delle Opere: Dal 31 Luglio al 2 Agosto 2026<\/h6>\n<\/li>\n<\/ul>\n<\/blockquote>","protected":false},"excerpt":{"rendered":"<p>Torna per la sua quarta edizione nel 2026 &#8220;Spazi Pubblici Palpitanti&#8221;, il progetto di riqualificazione sociale e culturale dedicato ai piccoli borghi storici. Nato per restituire nuova vita e centralit\u00e0 ai luoghi attraverso i linguaggi del contemporaneo, l&#8217;appuntamento quest&#8217;anno fa tappa a Fratta di Tarzo (TV), trasformando il borgo in un vivace laboratorio a cielo [&hellip;]<\/p>\n","protected":false},"author":2,"featured_media":172171,"comment_status":"closed","ping_status":"open","sticky":false,"template":"","format":"standard","meta":{"footnotes":""},"categories":[3,3394,25],"tags":[],"class_list":["post-172170","post","type-post","status-publish","format-standard","has-post-thumbnail","category-arte-cultura-spettacoli-scienza-archivi","category-cultura-e-spettacoli-fuori-provincia","category-pausa-caffe"],"yoast_head":"<!-- This site is optimized with the Yoast SEO plugin v28.4 - https:\/\/yoast.com\/product\/yoast-seo-wordpress\/ -->\n<title>Spazi Pubblici Palpitanti: l&#039;arte contemporanea ridisegna il borgo di Fratta di Tarzo - Bellunopress - Dolomiti<\/title>\n<meta name=\"robots\" content=\"index, follow, max-snippet:-1, max-image-preview:large, max-video-preview:-1\" \/>\n<link rel=\"canonical\" href=\"https:\/\/www.bellunopress.it\/fr\/2026\/07\/25\/spazi-pubblici-palpitanti-larte-contemporanea-ridisegna-il-borgo-di-fratta-di-tarzo\/\" \/>\n<meta property=\"og:locale\" content=\"fr_FR\" \/>\n<meta property=\"og:type\" content=\"article\" \/>\n<meta property=\"og:title\" content=\"Spazi Pubblici Palpitanti: l&#039;arte contemporanea ridisegna il borgo di Fratta di Tarzo - Bellunopress - Dolomiti\" \/>\n<meta property=\"og:description\" content=\"Torna per la sua quarta edizione nel 2026 &#8220;Spazi Pubblici Palpitanti&#8221;, il progetto di riqualificazione sociale e culturale dedicato ai piccoli borghi storici. Nato per restituire nuova vita e centralit\u00e0 ai luoghi attraverso i linguaggi del contemporaneo, l&#8217;appuntamento quest&#8217;anno fa tappa a Fratta di Tarzo (TV), trasformando il borgo in un vivace laboratorio a cielo [&hellip;]\" \/>\n<meta property=\"og:url\" content=\"https:\/\/www.bellunopress.it\/fr\/2026\/07\/25\/spazi-pubblici-palpitanti-larte-contemporanea-ridisegna-il-borgo-di-fratta-di-tarzo\/\" \/>\n<meta property=\"og:site_name\" content=\"Bellunopress - Dolomiti\" \/>\n<meta property=\"article:publisher\" content=\"https:\/\/www.facebook.com\/profile.php?id=100008943462799\" \/>\n<meta property=\"article:published_time\" content=\"2026-07-25T06:18:35+00:00\" \/>\n<meta property=\"og:image\" content=\"https:\/\/www.bellunopress.it\/wp-content\/uploads\/2026\/07\/Fratta-di-Tarzo.jpg\" \/>\n\t<meta property=\"og:image:width\" content=\"500\" \/>\n\t<meta property=\"og:image:height\" content=\"333\" \/>\n\t<meta property=\"og:image:type\" content=\"image\/jpeg\" \/>\n<meta name=\"author\" content=\"redazione\" \/>\n<meta name=\"twitter:card\" content=\"summary_large_image\" \/>\n<meta name=\"twitter:creator\" content=\"@bellunopress\" \/>\n<meta name=\"twitter:site\" content=\"@bellunopress\" \/>\n<meta name=\"twitter:label1\" content=\"\u00c9crit par\" \/>\n\t<meta name=\"twitter:data1\" content=\"redazione\" \/>\n\t<meta name=\"twitter:label2\" content=\"Dur\u00e9e de lecture estim\u00e9e\" \/>\n\t<meta name=\"twitter:data2\" content=\"2 minutes\" \/>\n<script type=\"application\/ld+json\" class=\"yoast-schema-graph\">{\"@context\":\"https:\\\/\\\/schema.org\",\"@graph\":[{\"@type\":\"Article\",\"@id\":\"https:\\\/\\\/www.bellunopress.it\\\/2026\\\/07\\\/25\\\/spazi-pubblici-palpitanti-larte-contemporanea-ridisegna-il-borgo-di-fratta-di-tarzo\\\/#article\",\"isPartOf\":{\"@id\":\"https:\\\/\\\/www.bellunopress.it\\\/2026\\\/07\\\/25\\\/spazi-pubblici-palpitanti-larte-contemporanea-ridisegna-il-borgo-di-fratta-di-tarzo\\\/\"},\"author\":{\"name\":\"redazione\",\"@id\":\"https:\\\/\\\/www.bellunopress.it\\\/#\\\/schema\\\/person\\\/79bb06722b37ece1c03d3e94beb30d73\"},\"headline\":\"Spazi Pubblici Palpitanti: l&#8217;arte contemporanea ridisegna il borgo di Fratta di Tarzo\",\"datePublished\":\"2026-07-25T06:18:35+00:00\",\"mainEntityOfPage\":{\"@id\":\"https:\\\/\\\/www.bellunopress.it\\\/2026\\\/07\\\/25\\\/spazi-pubblici-palpitanti-larte-contemporanea-ridisegna-il-borgo-di-fratta-di-tarzo\\\/\"},\"wordCount\":309,\"publisher\":{\"@id\":\"https:\\\/\\\/www.bellunopress.it\\\/#organization\"},\"image\":{\"@id\":\"https:\\\/\\\/www.bellunopress.it\\\/2026\\\/07\\\/25\\\/spazi-pubblici-palpitanti-larte-contemporanea-ridisegna-il-borgo-di-fratta-di-tarzo\\\/#primaryimage\"},\"thumbnailUrl\":\"https:\\\/\\\/www.bellunopress.it\\\/wp-content\\\/uploads\\\/2026\\\/07\\\/Fratta-di-Tarzo.jpg\",\"articleSection\":[\"Arte, Cultura, Spettacoli, Scienza\",\"Cultura e spettacoli, tempo libero, benessere, fuori provincia\",\"Pausa Caff\u00e8\"],\"inLanguage\":\"fr-FR\"},{\"@type\":\"WebPage\",\"@id\":\"https:\\\/\\\/www.bellunopress.it\\\/2026\\\/07\\\/25\\\/spazi-pubblici-palpitanti-larte-contemporanea-ridisegna-il-borgo-di-fratta-di-tarzo\\\/\",\"url\":\"https:\\\/\\\/www.bellunopress.it\\\/2026\\\/07\\\/25\\\/spazi-pubblici-palpitanti-larte-contemporanea-ridisegna-il-borgo-di-fratta-di-tarzo\\\/\",\"name\":\"Spazi Pubblici Palpitanti: l'arte contemporanea ridisegna il borgo di Fratta di Tarzo - Bellunopress - Dolomiti\",\"isPartOf\":{\"@id\":\"https:\\\/\\\/www.bellunopress.it\\\/#website\"},\"primaryImageOfPage\":{\"@id\":\"https:\\\/\\\/www.bellunopress.it\\\/2026\\\/07\\\/25\\\/spazi-pubblici-palpitanti-larte-contemporanea-ridisegna-il-borgo-di-fratta-di-tarzo\\\/#primaryimage\"},\"image\":{\"@id\":\"https:\\\/\\\/www.bellunopress.it\\\/2026\\\/07\\\/25\\\/spazi-pubblici-palpitanti-larte-contemporanea-ridisegna-il-borgo-di-fratta-di-tarzo\\\/#primaryimage\"},\"thumbnailUrl\":\"https:\\\/\\\/www.bellunopress.it\\\/wp-content\\\/uploads\\\/2026\\\/07\\\/Fratta-di-Tarzo.jpg\",\"datePublished\":\"2026-07-25T06:18:35+00:00\",\"breadcrumb\":{\"@id\":\"https:\\\/\\\/www.bellunopress.it\\\/2026\\\/07\\\/25\\\/spazi-pubblici-palpitanti-larte-contemporanea-ridisegna-il-borgo-di-fratta-di-tarzo\\\/#breadcrumb\"},\"inLanguage\":\"fr-FR\",\"potentialAction\":[{\"@type\":\"ReadAction\",\"target\":[\"https:\\\/\\\/www.bellunopress.it\\\/2026\\\/07\\\/25\\\/spazi-pubblici-palpitanti-larte-contemporanea-ridisegna-il-borgo-di-fratta-di-tarzo\\\/\"]}]},{\"@type\":\"ImageObject\",\"inLanguage\":\"fr-FR\",\"@id\":\"https:\\\/\\\/www.bellunopress.it\\\/2026\\\/07\\\/25\\\/spazi-pubblici-palpitanti-larte-contemporanea-ridisegna-il-borgo-di-fratta-di-tarzo\\\/#primaryimage\",\"url\":\"https:\\\/\\\/www.bellunopress.it\\\/wp-content\\\/uploads\\\/2026\\\/07\\\/Fratta-di-Tarzo.jpg\",\"contentUrl\":\"https:\\\/\\\/www.bellunopress.it\\\/wp-content\\\/uploads\\\/2026\\\/07\\\/Fratta-di-Tarzo.jpg\",\"width\":500,\"height\":333,\"caption\":\"Fratta di Tarzo\"},{\"@type\":\"BreadcrumbList\",\"@id\":\"https:\\\/\\\/www.bellunopress.it\\\/2026\\\/07\\\/25\\\/spazi-pubblici-palpitanti-larte-contemporanea-ridisegna-il-borgo-di-fratta-di-tarzo\\\/#breadcrumb\",\"itemListElement\":[{\"@type\":\"ListItem\",\"position\":1,\"name\":\"Home\",\"item\":\"https:\\\/\\\/www.bellunopress.it\\\/\"},{\"@type\":\"ListItem\",\"position\":2,\"name\":\"Spazi Pubblici Palpitanti: l&#8217;arte contemporanea ridisegna il borgo di Fratta di Tarzo\"}]},{\"@type\":\"WebSite\",\"@id\":\"https:\\\/\\\/www.bellunopress.it\\\/#website\",\"url\":\"https:\\\/\\\/www.bellunopress.it\\\/\",\"name\":\"Bellunopress - Dolomiti\",\"description\":\"e-mail: redazione@bellunopress.it\",\"publisher\":{\"@id\":\"https:\\\/\\\/www.bellunopress.it\\\/#organization\"},\"potentialAction\":[{\"@type\":\"SearchAction\",\"target\":{\"@type\":\"EntryPoint\",\"urlTemplate\":\"https:\\\/\\\/www.bellunopress.it\\\/?s={search_term_string}\"},\"query-input\":{\"@type\":\"PropertyValueSpecification\",\"valueRequired\":true,\"valueName\":\"search_term_string\"}}],\"inLanguage\":\"fr-FR\"},{\"@type\":\"Organization\",\"@id\":\"https:\\\/\\\/www.bellunopress.it\\\/#organization\",\"name\":\"Bellunopress\",\"url\":\"https:\\\/\\\/www.bellunopress.it\\\/\",\"logo\":{\"@type\":\"ImageObject\",\"inLanguage\":\"fr-FR\",\"@id\":\"https:\\\/\\\/www.bellunopress.it\\\/#\\\/schema\\\/logo\\\/image\\\/\",\"url\":\"https:\\\/\\\/www.bellunopress.it\\\/wp-content\\\/uploads\\\/2011\\\/05\\\/cropped-logo-bellunopress-.jpg\",\"contentUrl\":\"https:\\\/\\\/www.bellunopress.it\\\/wp-content\\\/uploads\\\/2011\\\/05\\\/cropped-logo-bellunopress-.jpg\",\"width\":512,\"height\":512,\"caption\":\"Bellunopress\"},\"image\":{\"@id\":\"https:\\\/\\\/www.bellunopress.it\\\/#\\\/schema\\\/logo\\\/image\\\/\"},\"sameAs\":[\"https:\\\/\\\/www.facebook.com\\\/profile.php?id=100008943462799\",\"https:\\\/\\\/x.com\\\/bellunopress\",\"https:\\\/\\\/www.linkedin.com\\\/hp\\\/?dnr=JBzUWaJfMUw8vbXJJ2tVW5-I3jZKvC4wsoxE&amp;amp;amp;amp;amp;amp;trk=nav_responsive_tab_home\",\"https:\\\/\\\/www.youtube.com\\\/channel\\\/UCxL0wu1uN0_3_7hGG0306cw\"]},{\"@type\":\"Person\",\"@id\":\"https:\\\/\\\/www.bellunopress.it\\\/#\\\/schema\\\/person\\\/79bb06722b37ece1c03d3e94beb30d73\",\"name\":\"redazione\",\"image\":{\"@type\":\"ImageObject\",\"inLanguage\":\"fr-FR\",\"@id\":\"https:\\\/\\\/secure.gravatar.com\\\/avatar\\\/37d968a2e67a6fd04c169c4bdef102d0bc5d31b2546345219e348575eb80e9a0?s=96&d=mm&r=g\",\"url\":\"https:\\\/\\\/secure.gravatar.com\\\/avatar\\\/37d968a2e67a6fd04c169c4bdef102d0bc5d31b2546345219e348575eb80e9a0?s=96&d=mm&r=g\",\"contentUrl\":\"https:\\\/\\\/secure.gravatar.com\\\/avatar\\\/37d968a2e67a6fd04c169c4bdef102d0bc5d31b2546345219e348575eb80e9a0?s=96&d=mm&r=g\",\"caption\":\"redazione\"},\"sameAs\":[\"http:\\\/\\\/www.bellunopress.it\",\"https:\\\/\\\/x.com\\\/bellunopress\"],\"url\":\"https:\\\/\\\/www.bellunopress.it\\\/fr\\\/author\\\/redazione\\\/\"}]}<\/script>\n<!-- \/ Yoast SEO plugin. -->","yoast_head_json":{"title":"Spazi Pubblici Palpitanti: l'arte contemporanea ridisegna il borgo di Fratta di Tarzo - Bellunopress - Dolomiti","robots":{"index":"index","follow":"follow","max-snippet":"max-snippet:-1","max-image-preview":"max-image-preview:large","max-video-preview":"max-video-preview:-1"},"canonical":"https:\/\/www.bellunopress.it\/fr\/2026\/07\/25\/spazi-pubblici-palpitanti-larte-contemporanea-ridisegna-il-borgo-di-fratta-di-tarzo\/","og_locale":"fr_FR","og_type":"article","og_title":"Spazi Pubblici Palpitanti: l'arte contemporanea ridisegna il borgo di Fratta di Tarzo - Bellunopress - Dolomiti","og_description":"Torna per la sua quarta edizione nel 2026 &#8220;Spazi Pubblici Palpitanti&#8221;, il progetto di riqualificazione sociale e culturale dedicato ai piccoli borghi storici. Nato per restituire nuova vita e centralit\u00e0 ai luoghi attraverso i linguaggi del contemporaneo, l&#8217;appuntamento quest&#8217;anno fa tappa a Fratta di Tarzo (TV), trasformando il borgo in un vivace laboratorio a cielo [&hellip;]","og_url":"https:\/\/www.bellunopress.it\/fr\/2026\/07\/25\/spazi-pubblici-palpitanti-larte-contemporanea-ridisegna-il-borgo-di-fratta-di-tarzo\/","og_site_name":"Bellunopress - Dolomiti","article_publisher":"https:\/\/www.facebook.com\/profile.php?id=100008943462799","article_published_time":"2026-07-25T06:18:35+00:00","og_image":[{"width":500,"height":333,"url":"https:\/\/www.bellunopress.it\/wp-content\/uploads\/2026\/07\/Fratta-di-Tarzo.jpg","type":"image\/jpeg"}],"author":"redazione","twitter_card":"summary_large_image","twitter_creator":"@bellunopress","twitter_site":"@bellunopress","twitter_misc":{"\u00c9crit par":"redazione","Dur\u00e9e de lecture estim\u00e9e":"2 minutes"},"schema":{"@context":"https:\/\/schema.org","@graph":[{"@type":"Article","@id":"https:\/\/www.bellunopress.it\/2026\/07\/25\/spazi-pubblici-palpitanti-larte-contemporanea-ridisegna-il-borgo-di-fratta-di-tarzo\/#article","isPartOf":{"@id":"https:\/\/www.bellunopress.it\/2026\/07\/25\/spazi-pubblici-palpitanti-larte-contemporanea-ridisegna-il-borgo-di-fratta-di-tarzo\/"},"author":{"name":"redazione","@id":"https:\/\/www.bellunopress.it\/#\/schema\/person\/79bb06722b37ece1c03d3e94beb30d73"},"headline":"Spazi Pubblici Palpitanti: l&#8217;arte contemporanea ridisegna il borgo di Fratta di Tarzo","datePublished":"2026-07-25T06:18:35+00:00","mainEntityOfPage":{"@id":"https:\/\/www.bellunopress.it\/2026\/07\/25\/spazi-pubblici-palpitanti-larte-contemporanea-ridisegna-il-borgo-di-fratta-di-tarzo\/"},"wordCount":309,"publisher":{"@id":"https:\/\/www.bellunopress.it\/#organization"},"image":{"@id":"https:\/\/www.bellunopress.it\/2026\/07\/25\/spazi-pubblici-palpitanti-larte-contemporanea-ridisegna-il-borgo-di-fratta-di-tarzo\/#primaryimage"},"thumbnailUrl":"https:\/\/www.bellunopress.it\/wp-content\/uploads\/2026\/07\/Fratta-di-Tarzo.jpg","articleSection":["Arte, Cultura, Spettacoli, Scienza","Cultura e spettacoli, tempo libero, benessere, fuori provincia","Pausa Caff\u00e8"],"inLanguage":"fr-FR"},{"@type":"WebPage","@id":"https:\/\/www.bellunopress.it\/2026\/07\/25\/spazi-pubblici-palpitanti-larte-contemporanea-ridisegna-il-borgo-di-fratta-di-tarzo\/","url":"https:\/\/www.bellunopress.it\/2026\/07\/25\/spazi-pubblici-palpitanti-larte-contemporanea-ridisegna-il-borgo-di-fratta-di-tarzo\/","name":"Spazi Pubblici Palpitanti: l'arte contemporanea ridisegna il borgo di Fratta di Tarzo - Bellunopress - Dolomiti","isPartOf":{"@id":"https:\/\/www.bellunopress.it\/#website"},"primaryImageOfPage":{"@id":"https:\/\/www.bellunopress.it\/2026\/07\/25\/spazi-pubblici-palpitanti-larte-contemporanea-ridisegna-il-borgo-di-fratta-di-tarzo\/#primaryimage"},"image":{"@id":"https:\/\/www.bellunopress.it\/2026\/07\/25\/spazi-pubblici-palpitanti-larte-contemporanea-ridisegna-il-borgo-di-fratta-di-tarzo\/#primaryimage"},"thumbnailUrl":"https:\/\/www.bellunopress.it\/wp-content\/uploads\/2026\/07\/Fratta-di-Tarzo.jpg","datePublished":"2026-07-25T06:18:35+00:00","breadcrumb":{"@id":"https:\/\/www.bellunopress.it\/2026\/07\/25\/spazi-pubblici-palpitanti-larte-contemporanea-ridisegna-il-borgo-di-fratta-di-tarzo\/#breadcrumb"},"inLanguage":"fr-FR","potentialAction":[{"@type":"ReadAction","target":["https:\/\/www.bellunopress.it\/2026\/07\/25\/spazi-pubblici-palpitanti-larte-contemporanea-ridisegna-il-borgo-di-fratta-di-tarzo\/"]}]},{"@type":"ImageObject","inLanguage":"fr-FR","@id":"https:\/\/www.bellunopress.it\/2026\/07\/25\/spazi-pubblici-palpitanti-larte-contemporanea-ridisegna-il-borgo-di-fratta-di-tarzo\/#primaryimage","url":"https:\/\/www.bellunopress.it\/wp-content\/uploads\/2026\/07\/Fratta-di-Tarzo.jpg","contentUrl":"https:\/\/www.bellunopress.it\/wp-content\/uploads\/2026\/07\/Fratta-di-Tarzo.jpg","width":500,"height":333,"caption":"Fratta di Tarzo"},{"@type":"BreadcrumbList","@id":"https:\/\/www.bellunopress.it\/2026\/07\/25\/spazi-pubblici-palpitanti-larte-contemporanea-ridisegna-il-borgo-di-fratta-di-tarzo\/#breadcrumb","itemListElement":[{"@type":"ListItem","position":1,"name":"Home","item":"https:\/\/www.bellunopress.it\/"},{"@type":"ListItem","position":2,"name":"Spazi Pubblici Palpitanti: l&#8217;arte contemporanea ridisegna il borgo di Fratta di Tarzo"}]},{"@type":"WebSite","@id":"https:\/\/www.bellunopress.it\/#website","url":"https:\/\/www.bellunopress.it\/","name":"Bellunopress - Dolomiti","description":"e-mail: redazione@bellunopress.it","publisher":{"@id":"https:\/\/www.bellunopress.it\/#organization"},"potentialAction":[{"@type":"SearchAction","target":{"@type":"EntryPoint","urlTemplate":"https:\/\/www.bellunopress.it\/?s={search_term_string}"},"query-input":{"@type":"PropertyValueSpecification","valueRequired":true,"valueName":"search_term_string"}}],"inLanguage":"fr-FR"},{"@type":"Organization","@id":"https:\/\/www.bellunopress.it\/#organization","name":"Bellunopress","url":"https:\/\/www.bellunopress.it\/","logo":{"@type":"ImageObject","inLanguage":"fr-FR","@id":"https:\/\/www.bellunopress.it\/#\/schema\/logo\/image\/","url":"https:\/\/www.bellunopress.it\/wp-content\/uploads\/2011\/05\/cropped-logo-bellunopress-.jpg","contentUrl":"https:\/\/www.bellunopress.it\/wp-content\/uploads\/2011\/05\/cropped-logo-bellunopress-.jpg","width":512,"height":512,"caption":"Bellunopress"},"image":{"@id":"https:\/\/www.bellunopress.it\/#\/schema\/logo\/image\/"},"sameAs":["https:\/\/www.facebook.com\/profile.php?id=100008943462799","https:\/\/x.com\/bellunopress","https:\/\/www.linkedin.com\/hp\/?dnr=JBzUWaJfMUw8vbXJJ2tVW5-I3jZKvC4wsoxE&amp;amp;amp;amp;amp;amp;trk=nav_responsive_tab_home","https:\/\/www.youtube.com\/channel\/UCxL0wu1uN0_3_7hGG0306cw"]},{"@type":"Person","@id":"https:\/\/www.bellunopress.it\/#\/schema\/person\/79bb06722b37ece1c03d3e94beb30d73","name":"r\u00e9daction","image":{"@type":"ImageObject","inLanguage":"fr-FR","@id":"https:\/\/secure.gravatar.com\/avatar\/37d968a2e67a6fd04c169c4bdef102d0bc5d31b2546345219e348575eb80e9a0?s=96&d=mm&r=g","url":"https:\/\/secure.gravatar.com\/avatar\/37d968a2e67a6fd04c169c4bdef102d0bc5d31b2546345219e348575eb80e9a0?s=96&d=mm&r=g","contentUrl":"https:\/\/secure.gravatar.com\/avatar\/37d968a2e67a6fd04c169c4bdef102d0bc5d31b2546345219e348575eb80e9a0?s=96&d=mm&r=g","caption":"redazione"},"sameAs":["http:\/\/www.bellunopress.it","https:\/\/x.com\/bellunopress"],"url":"https:\/\/www.bellunopress.it\/fr\/author\/redazione\/"}]}},"_links":{"self":[{"href":"https:\/\/www.bellunopress.it\/fr\/wp-json\/wp\/v2\/posts\/172170","targetHints":{"allow":["GET"]}}],"collection":[{"href":"https:\/\/www.bellunopress.it\/fr\/wp-json\/wp\/v2\/posts"}],"about":[{"href":"https:\/\/www.bellunopress.it\/fr\/wp-json\/wp\/v2\/types\/post"}],"author":[{"embeddable":true,"href":"https:\/\/www.bellunopress.it\/fr\/wp-json\/wp\/v2\/users\/2"}],"replies":[{"embeddable":true,"href":"https:\/\/www.bellunopress.it\/fr\/wp-json\/wp\/v2\/comments?post=172170"}],"version-history":[{"count":1,"href":"https:\/\/www.bellunopress.it\/fr\/wp-json\/wp\/v2\/posts\/172170\/revisions"}],"predecessor-version":[{"id":172172,"href":"https:\/\/www.bellunopress.it\/fr\/wp-json\/wp\/v2\/posts\/172170\/revisions\/172172"}],"wp:featuredmedia":[{"embeddable":true,"href":"https:\/\/www.bellunopress.it\/fr\/wp-json\/wp\/v2\/media\/172171"}],"wp:attachment":[{"href":"https:\/\/www.bellunopress.it\/fr\/wp-json\/wp\/v2\/media?parent=172170"}],"wp:term":[{"taxonomy":"category","embeddable":true,"href":"https:\/\/www.bellunopress.it\/fr\/wp-json\/wp\/v2\/categories?post=172170"},{"taxonomy":"post_tag","embeddable":true,"href":"https:\/\/www.bellunopress.it\/fr\/wp-json\/wp\/v2\/tags?post=172170"}],"curies":[{"name":"wp","href":"https:\/\/api.w.org\/{rel}","templated":true}]}}