{"id":172167,"date":"2026-07-25T08:01:09","date_gmt":"2026-07-25T06:01:09","guid":{"rendered":"https:\/\/www.bellunopress.it\/?p=172167"},"modified":"2026-07-25T08:01:09","modified_gmt":"2026-07-25T06:01:09","slug":"max-pechstein-espressionismo-dellanima","status":"publish","type":"post","link":"https:\/\/www.bellunopress.it\/fr\/2026\/07\/25\/max-pechstein-espressionismo-dellanima\/","title":{"rendered":"Max Pechstein. Espressionismo dell&#8217;anima"},"content":{"rendered":"<p><strong>La prima grande retrospettiva italiana dedicata al maestro di Die Br\u00fccke a Palazzo Zabarella<\/strong><\/p>\n<p>Padova si prepara ad accogliere uno degli eventi espositivi pi\u00f9 importanti della stagione culturale europea. Dal 24 ottobre 2026 al 14 marzo 2027, le sale storiche di Palazzo Zabarella ospitano \u201cMax Pechstein. Espressionismo dell&#8217;anima\u201d, un&#8217;ampia e imperdibile retrospettiva che per la prima volta nel nostro Paese ricostruisce l&#8217;intera parabola creativa di uno dei massimi esponenti dell&#8217;avanguardia tedesca del Novecento.<\/p>\n<p>Nato a Zwickau nel 1881, Max Pechstein fu una delle figure di punta del leggendario gruppo Die Br\u00fccke (&#8220;Il Ponte&#8221;), fondato a Dresda nel 1905 insieme ad artisti del calibro di Ernst Ludwig Kirchner, Erich Heckel e Karl Schmidt-Rottluff. Il movimento impresse una svolta radicale nella storia dell&#8217;arte moderna, scardinando i rigidi canoni accademici per dare voce alla forza prorompente del colore, all&#8217;immediatezza del segno e all&#8217;intensit\u00e0 emotiva pi\u00f9 profonda.<\/p>\n<p><strong>L&#8217;armonia tra uomo e natura<\/strong><br \/>\nCi\u00f2 che rende l&#8217;opera di Pechstein di un&#8217;attualit\u00e0 folgorante \u00e8 il suo costante e viscerale tentativo di ristabilire un contatto autentico e primigenio tra l&#8217;essere umano e il mondo naturale. Dalle spiagge ventose del Mar Baltico fino ai luminosi paesaggi dei Mari del Sud \u2014 immortalati durante il celebre viaggio a Palau nel 1914 \u2014, la pittura di Pechstein esplode in tonalit\u00e0 incandescenti e vitali, offrendo un antidoto poetico alle tensioni della modernit\u00e0.<\/p>\n<p><strong>Oltre 120 opere in un percorso espositivo inedito<\/strong><br \/>\nLa mostra padovana riunisce oltre 120 opere provenienti da prestigiosi musei internazionali e collezioni private, offrendo uno sguardo completo su oltre cinque decenni di attivit\u00e0 artistica. Accanto ai celebri dipinti a olio, il pubblico potr\u00e0 ammirare straordinari acquerelli, disegni, una raffinata selezione di opere grafiche e incisioni \u2014 in cui Pechstein espresse una maestria tecnica eccezionale \u2014 oltre a fotografie e materiali d&#8217;archivio inediti.<\/p>\n<p><strong>Promozione Open Early Bird<\/strong><br \/>\n\u00c8 il momento perfetto per programmare la tua visita a Palazzo Zabarella: acquista ora il biglietto e decidi la data in seguito con la massima flessibilit\u00e0.<\/p>\n<p>Tariffa speciale Open Early Bird: \u20ac 14,50 al posto di \u20ac 18,50.<\/p>\n<p>Accesso flessibile: Entra in qualsiasi giorno di apertura, senza necessit\u00e0 di prenotare in anticipo giorno e orario.<\/p>\n<p>Salta la fila: Accedi direttamente all&#8217;ingresso dedicato.<\/p>\n<p>I biglietti a tariffa Early Bird sono disponibili in quantit\u00e0 limitata e solo per un periodo circoscritto.<\/p>\n<p>Palazzo Zabarella<\/p>\n<p>Via degli Zabarella 14, Padova<\/p>\n<p>Per consultare tutte le tariffe e acquistare il biglietto visita il sito ufficiale: www.zabarella.it<\/p>","protected":false},"excerpt":{"rendered":"<p>La prima grande retrospettiva italiana dedicata al maestro di Die Br\u00fccke a Palazzo Zabarella Padova si prepara ad accogliere uno degli eventi espositivi pi\u00f9 importanti della stagione culturale europea. Dal 24 ottobre 2026 al 14 marzo 2027, le sale storiche di Palazzo Zabarella ospitano \u201cMax Pechstein. Espressionismo dell&#8217;anima\u201d, un&#8217;ampia e imperdibile retrospettiva che per la [&hellip;]<\/p>\n","protected":false},"author":2,"featured_media":172168,"comment_status":"closed","ping_status":"open","sticky":false,"template":"","format":"standard","meta":{"footnotes":""},"categories":[3,3394,25],"tags":[],"class_list":["post-172167","post","type-post","status-publish","format-standard","has-post-thumbnail","category-arte-cultura-spettacoli-scienza-archivi","category-cultura-e-spettacoli-fuori-provincia","category-pausa-caffe"],"yoast_head":"<!-- This site is optimized with the Yoast SEO plugin v28.4 - https:\/\/yoast.com\/product\/yoast-seo-wordpress\/ -->\n<title>Max Pechstein. Espressionismo dell&#039;anima - Bellunopress - Dolomiti<\/title>\n<meta name=\"robots\" content=\"index, follow, max-snippet:-1, max-image-preview:large, max-video-preview:-1\" \/>\n<link rel=\"canonical\" href=\"https:\/\/www.bellunopress.it\/fr\/2026\/07\/25\/max-pechstein-espressionismo-dellanima\/\" \/>\n<meta property=\"og:locale\" content=\"fr_FR\" \/>\n<meta property=\"og:type\" content=\"article\" \/>\n<meta property=\"og:title\" content=\"Max Pechstein. Espressionismo dell&#039;anima - Bellunopress - Dolomiti\" \/>\n<meta property=\"og:description\" content=\"La prima grande retrospettiva italiana dedicata al maestro di Die Br\u00fccke a Palazzo Zabarella Padova si prepara ad accogliere uno degli eventi espositivi pi\u00f9 importanti della stagione culturale europea. Dal 24 ottobre 2026 al 14 marzo 2027, le sale storiche di Palazzo Zabarella ospitano \u201cMax Pechstein. Espressionismo dell&#8217;anima\u201d, un&#8217;ampia e imperdibile retrospettiva che per la [&hellip;]\" \/>\n<meta property=\"og:url\" content=\"https:\/\/www.bellunopress.it\/fr\/2026\/07\/25\/max-pechstein-espressionismo-dellanima\/\" \/>\n<meta property=\"og:site_name\" content=\"Bellunopress - Dolomiti\" \/>\n<meta property=\"article:publisher\" content=\"https:\/\/www.facebook.com\/profile.php?id=100008943462799\" \/>\n<meta property=\"article:published_time\" content=\"2026-07-25T06:01:09+00:00\" \/>\n<meta property=\"og:image\" content=\"https:\/\/www.bellunopress.it\/wp-content\/uploads\/2026\/07\/MAX-PECHSTEIN.jpg\" \/>\n\t<meta property=\"og:image:width\" content=\"600\" \/>\n\t<meta property=\"og:image:height\" content=\"395\" \/>\n\t<meta property=\"og:image:type\" content=\"image\/jpeg\" \/>\n<meta name=\"author\" content=\"redazione\" \/>\n<meta name=\"twitter:card\" content=\"summary_large_image\" \/>\n<meta name=\"twitter:creator\" content=\"@bellunopress\" \/>\n<meta name=\"twitter:site\" content=\"@bellunopress\" \/>\n<meta name=\"twitter:label1\" content=\"\u00c9crit par\" \/>\n\t<meta name=\"twitter:data1\" content=\"redazione\" \/>\n\t<meta name=\"twitter:label2\" content=\"Dur\u00e9e de lecture estim\u00e9e\" \/>\n\t<meta name=\"twitter:data2\" content=\"3 minutes\" \/>\n<script type=\"application\/ld+json\" class=\"yoast-schema-graph\">{\"@context\":\"https:\\\/\\\/schema.org\",\"@graph\":[{\"@type\":\"Article\",\"@id\":\"https:\\\/\\\/www.bellunopress.it\\\/2026\\\/07\\\/25\\\/max-pechstein-espressionismo-dellanima\\\/#article\",\"isPartOf\":{\"@id\":\"https:\\\/\\\/www.bellunopress.it\\\/2026\\\/07\\\/25\\\/max-pechstein-espressionismo-dellanima\\\/\"},\"author\":{\"name\":\"redazione\",\"@id\":\"https:\\\/\\\/www.bellunopress.it\\\/#\\\/schema\\\/person\\\/79bb06722b37ece1c03d3e94beb30d73\"},\"headline\":\"Max Pechstein. Espressionismo dell&#8217;anima\",\"datePublished\":\"2026-07-25T06:01:09+00:00\",\"mainEntityOfPage\":{\"@id\":\"https:\\\/\\\/www.bellunopress.it\\\/2026\\\/07\\\/25\\\/max-pechstein-espressionismo-dellanima\\\/\"},\"wordCount\":399,\"publisher\":{\"@id\":\"https:\\\/\\\/www.bellunopress.it\\\/#organization\"},\"image\":{\"@id\":\"https:\\\/\\\/www.bellunopress.it\\\/2026\\\/07\\\/25\\\/max-pechstein-espressionismo-dellanima\\\/#primaryimage\"},\"thumbnailUrl\":\"https:\\\/\\\/www.bellunopress.it\\\/wp-content\\\/uploads\\\/2026\\\/07\\\/MAX-PECHSTEIN.jpg\",\"articleSection\":[\"Arte, Cultura, Spettacoli, Scienza\",\"Cultura e spettacoli, tempo libero, benessere, fuori provincia\",\"Pausa Caff\u00e8\"],\"inLanguage\":\"fr-FR\"},{\"@type\":\"WebPage\",\"@id\":\"https:\\\/\\\/www.bellunopress.it\\\/2026\\\/07\\\/25\\\/max-pechstein-espressionismo-dellanima\\\/\",\"url\":\"https:\\\/\\\/www.bellunopress.it\\\/2026\\\/07\\\/25\\\/max-pechstein-espressionismo-dellanima\\\/\",\"name\":\"Max Pechstein. Espressionismo dell'anima - Bellunopress - Dolomiti\",\"isPartOf\":{\"@id\":\"https:\\\/\\\/www.bellunopress.it\\\/#website\"},\"primaryImageOfPage\":{\"@id\":\"https:\\\/\\\/www.bellunopress.it\\\/2026\\\/07\\\/25\\\/max-pechstein-espressionismo-dellanima\\\/#primaryimage\"},\"image\":{\"@id\":\"https:\\\/\\\/www.bellunopress.it\\\/2026\\\/07\\\/25\\\/max-pechstein-espressionismo-dellanima\\\/#primaryimage\"},\"thumbnailUrl\":\"https:\\\/\\\/www.bellunopress.it\\\/wp-content\\\/uploads\\\/2026\\\/07\\\/MAX-PECHSTEIN.jpg\",\"datePublished\":\"2026-07-25T06:01:09+00:00\",\"breadcrumb\":{\"@id\":\"https:\\\/\\\/www.bellunopress.it\\\/2026\\\/07\\\/25\\\/max-pechstein-espressionismo-dellanima\\\/#breadcrumb\"},\"inLanguage\":\"fr-FR\",\"potentialAction\":[{\"@type\":\"ReadAction\",\"target\":[\"https:\\\/\\\/www.bellunopress.it\\\/2026\\\/07\\\/25\\\/max-pechstein-espressionismo-dellanima\\\/\"]}]},{\"@type\":\"ImageObject\",\"inLanguage\":\"fr-FR\",\"@id\":\"https:\\\/\\\/www.bellunopress.it\\\/2026\\\/07\\\/25\\\/max-pechstein-espressionismo-dellanima\\\/#primaryimage\",\"url\":\"https:\\\/\\\/www.bellunopress.it\\\/wp-content\\\/uploads\\\/2026\\\/07\\\/MAX-PECHSTEIN.jpg\",\"contentUrl\":\"https:\\\/\\\/www.bellunopress.it\\\/wp-content\\\/uploads\\\/2026\\\/07\\\/MAX-PECHSTEIN.jpg\",\"width\":600,\"height\":395},{\"@type\":\"BreadcrumbList\",\"@id\":\"https:\\\/\\\/www.bellunopress.it\\\/2026\\\/07\\\/25\\\/max-pechstein-espressionismo-dellanima\\\/#breadcrumb\",\"itemListElement\":[{\"@type\":\"ListItem\",\"position\":1,\"name\":\"Home\",\"item\":\"https:\\\/\\\/www.bellunopress.it\\\/\"},{\"@type\":\"ListItem\",\"position\":2,\"name\":\"Max Pechstein. Espressionismo dell&#8217;anima\"}]},{\"@type\":\"WebSite\",\"@id\":\"https:\\\/\\\/www.bellunopress.it\\\/#website\",\"url\":\"https:\\\/\\\/www.bellunopress.it\\\/\",\"name\":\"Bellunopress - Dolomiti\",\"description\":\"e-mail: redazione@bellunopress.it\",\"publisher\":{\"@id\":\"https:\\\/\\\/www.bellunopress.it\\\/#organization\"},\"potentialAction\":[{\"@type\":\"SearchAction\",\"target\":{\"@type\":\"EntryPoint\",\"urlTemplate\":\"https:\\\/\\\/www.bellunopress.it\\\/?s={search_term_string}\"},\"query-input\":{\"@type\":\"PropertyValueSpecification\",\"valueRequired\":true,\"valueName\":\"search_term_string\"}}],\"inLanguage\":\"fr-FR\"},{\"@type\":\"Organization\",\"@id\":\"https:\\\/\\\/www.bellunopress.it\\\/#organization\",\"name\":\"Bellunopress\",\"url\":\"https:\\\/\\\/www.bellunopress.it\\\/\",\"logo\":{\"@type\":\"ImageObject\",\"inLanguage\":\"fr-FR\",\"@id\":\"https:\\\/\\\/www.bellunopress.it\\\/#\\\/schema\\\/logo\\\/image\\\/\",\"url\":\"https:\\\/\\\/www.bellunopress.it\\\/wp-content\\\/uploads\\\/2011\\\/05\\\/cropped-logo-bellunopress-.jpg\",\"contentUrl\":\"https:\\\/\\\/www.bellunopress.it\\\/wp-content\\\/uploads\\\/2011\\\/05\\\/cropped-logo-bellunopress-.jpg\",\"width\":512,\"height\":512,\"caption\":\"Bellunopress\"},\"image\":{\"@id\":\"https:\\\/\\\/www.bellunopress.it\\\/#\\\/schema\\\/logo\\\/image\\\/\"},\"sameAs\":[\"https:\\\/\\\/www.facebook.com\\\/profile.php?id=100008943462799\",\"https:\\\/\\\/x.com\\\/bellunopress\",\"https:\\\/\\\/www.linkedin.com\\\/hp\\\/?dnr=JBzUWaJfMUw8vbXJJ2tVW5-I3jZKvC4wsoxE&amp;amp;amp;amp;amp;amp;trk=nav_responsive_tab_home\",\"https:\\\/\\\/www.youtube.com\\\/channel\\\/UCxL0wu1uN0_3_7hGG0306cw\"]},{\"@type\":\"Person\",\"@id\":\"https:\\\/\\\/www.bellunopress.it\\\/#\\\/schema\\\/person\\\/79bb06722b37ece1c03d3e94beb30d73\",\"name\":\"redazione\",\"image\":{\"@type\":\"ImageObject\",\"inLanguage\":\"fr-FR\",\"@id\":\"https:\\\/\\\/secure.gravatar.com\\\/avatar\\\/37d968a2e67a6fd04c169c4bdef102d0bc5d31b2546345219e348575eb80e9a0?s=96&d=mm&r=g\",\"url\":\"https:\\\/\\\/secure.gravatar.com\\\/avatar\\\/37d968a2e67a6fd04c169c4bdef102d0bc5d31b2546345219e348575eb80e9a0?s=96&d=mm&r=g\",\"contentUrl\":\"https:\\\/\\\/secure.gravatar.com\\\/avatar\\\/37d968a2e67a6fd04c169c4bdef102d0bc5d31b2546345219e348575eb80e9a0?s=96&d=mm&r=g\",\"caption\":\"redazione\"},\"sameAs\":[\"http:\\\/\\\/www.bellunopress.it\",\"https:\\\/\\\/x.com\\\/bellunopress\"],\"url\":\"https:\\\/\\\/www.bellunopress.it\\\/fr\\\/author\\\/redazione\\\/\"}]}<\/script>\n<!-- \/ Yoast SEO plugin. -->","yoast_head_json":{"title":"Max Pechstein. Espressionismo dell'anima - Bellunopress - Dolomiti","robots":{"index":"index","follow":"follow","max-snippet":"max-snippet:-1","max-image-preview":"max-image-preview:large","max-video-preview":"max-video-preview:-1"},"canonical":"https:\/\/www.bellunopress.it\/fr\/2026\/07\/25\/max-pechstein-espressionismo-dellanima\/","og_locale":"fr_FR","og_type":"article","og_title":"Max Pechstein. Espressionismo dell'anima - Bellunopress - Dolomiti","og_description":"La prima grande retrospettiva italiana dedicata al maestro di Die Br\u00fccke a Palazzo Zabarella Padova si prepara ad accogliere uno degli eventi espositivi pi\u00f9 importanti della stagione culturale europea. Dal 24 ottobre 2026 al 14 marzo 2027, le sale storiche di Palazzo Zabarella ospitano \u201cMax Pechstein. Espressionismo dell&#8217;anima\u201d, un&#8217;ampia e imperdibile retrospettiva che per la [&hellip;]","og_url":"https:\/\/www.bellunopress.it\/fr\/2026\/07\/25\/max-pechstein-espressionismo-dellanima\/","og_site_name":"Bellunopress - Dolomiti","article_publisher":"https:\/\/www.facebook.com\/profile.php?id=100008943462799","article_published_time":"2026-07-25T06:01:09+00:00","og_image":[{"width":600,"height":395,"url":"https:\/\/www.bellunopress.it\/wp-content\/uploads\/2026\/07\/MAX-PECHSTEIN.jpg","type":"image\/jpeg"}],"author":"redazione","twitter_card":"summary_large_image","twitter_creator":"@bellunopress","twitter_site":"@bellunopress","twitter_misc":{"\u00c9crit par":"redazione","Dur\u00e9e de lecture estim\u00e9e":"3 minutes"},"schema":{"@context":"https:\/\/schema.org","@graph":[{"@type":"Article","@id":"https:\/\/www.bellunopress.it\/2026\/07\/25\/max-pechstein-espressionismo-dellanima\/#article","isPartOf":{"@id":"https:\/\/www.bellunopress.it\/2026\/07\/25\/max-pechstein-espressionismo-dellanima\/"},"author":{"name":"redazione","@id":"https:\/\/www.bellunopress.it\/#\/schema\/person\/79bb06722b37ece1c03d3e94beb30d73"},"headline":"Max Pechstein. Espressionismo dell&#8217;anima","datePublished":"2026-07-25T06:01:09+00:00","mainEntityOfPage":{"@id":"https:\/\/www.bellunopress.it\/2026\/07\/25\/max-pechstein-espressionismo-dellanima\/"},"wordCount":399,"publisher":{"@id":"https:\/\/www.bellunopress.it\/#organization"},"image":{"@id":"https:\/\/www.bellunopress.it\/2026\/07\/25\/max-pechstein-espressionismo-dellanima\/#primaryimage"},"thumbnailUrl":"https:\/\/www.bellunopress.it\/wp-content\/uploads\/2026\/07\/MAX-PECHSTEIN.jpg","articleSection":["Arte, Cultura, Spettacoli, Scienza","Cultura e spettacoli, tempo libero, benessere, fuori provincia","Pausa Caff\u00e8"],"inLanguage":"fr-FR"},{"@type":"WebPage","@id":"https:\/\/www.bellunopress.it\/2026\/07\/25\/max-pechstein-espressionismo-dellanima\/","url":"https:\/\/www.bellunopress.it\/2026\/07\/25\/max-pechstein-espressionismo-dellanima\/","name":"Max Pechstein. Espressionismo dell'anima - Bellunopress - Dolomiti","isPartOf":{"@id":"https:\/\/www.bellunopress.it\/#website"},"primaryImageOfPage":{"@id":"https:\/\/www.bellunopress.it\/2026\/07\/25\/max-pechstein-espressionismo-dellanima\/#primaryimage"},"image":{"@id":"https:\/\/www.bellunopress.it\/2026\/07\/25\/max-pechstein-espressionismo-dellanima\/#primaryimage"},"thumbnailUrl":"https:\/\/www.bellunopress.it\/wp-content\/uploads\/2026\/07\/MAX-PECHSTEIN.jpg","datePublished":"2026-07-25T06:01:09+00:00","breadcrumb":{"@id":"https:\/\/www.bellunopress.it\/2026\/07\/25\/max-pechstein-espressionismo-dellanima\/#breadcrumb"},"inLanguage":"fr-FR","potentialAction":[{"@type":"ReadAction","target":["https:\/\/www.bellunopress.it\/2026\/07\/25\/max-pechstein-espressionismo-dellanima\/"]}]},{"@type":"ImageObject","inLanguage":"fr-FR","@id":"https:\/\/www.bellunopress.it\/2026\/07\/25\/max-pechstein-espressionismo-dellanima\/#primaryimage","url":"https:\/\/www.bellunopress.it\/wp-content\/uploads\/2026\/07\/MAX-PECHSTEIN.jpg","contentUrl":"https:\/\/www.bellunopress.it\/wp-content\/uploads\/2026\/07\/MAX-PECHSTEIN.jpg","width":600,"height":395},{"@type":"BreadcrumbList","@id":"https:\/\/www.bellunopress.it\/2026\/07\/25\/max-pechstein-espressionismo-dellanima\/#breadcrumb","itemListElement":[{"@type":"ListItem","position":1,"name":"Home","item":"https:\/\/www.bellunopress.it\/"},{"@type":"ListItem","position":2,"name":"Max Pechstein. Espressionismo dell&#8217;anima"}]},{"@type":"WebSite","@id":"https:\/\/www.bellunopress.it\/#website","url":"https:\/\/www.bellunopress.it\/","name":"Bellunopress - Dolomiti","description":"e-mail: redazione@bellunopress.it","publisher":{"@id":"https:\/\/www.bellunopress.it\/#organization"},"potentialAction":[{"@type":"SearchAction","target":{"@type":"EntryPoint","urlTemplate":"https:\/\/www.bellunopress.it\/?s={search_term_string}"},"query-input":{"@type":"PropertyValueSpecification","valueRequired":true,"valueName":"search_term_string"}}],"inLanguage":"fr-FR"},{"@type":"Organization","@id":"https:\/\/www.bellunopress.it\/#organization","name":"Bellunopress","url":"https:\/\/www.bellunopress.it\/","logo":{"@type":"ImageObject","inLanguage":"fr-FR","@id":"https:\/\/www.bellunopress.it\/#\/schema\/logo\/image\/","url":"https:\/\/www.bellunopress.it\/wp-content\/uploads\/2011\/05\/cropped-logo-bellunopress-.jpg","contentUrl":"https:\/\/www.bellunopress.it\/wp-content\/uploads\/2011\/05\/cropped-logo-bellunopress-.jpg","width":512,"height":512,"caption":"Bellunopress"},"image":{"@id":"https:\/\/www.bellunopress.it\/#\/schema\/logo\/image\/"},"sameAs":["https:\/\/www.facebook.com\/profile.php?id=100008943462799","https:\/\/x.com\/bellunopress","https:\/\/www.linkedin.com\/hp\/?dnr=JBzUWaJfMUw8vbXJJ2tVW5-I3jZKvC4wsoxE&amp;amp;amp;amp;amp;amp;trk=nav_responsive_tab_home","https:\/\/www.youtube.com\/channel\/UCxL0wu1uN0_3_7hGG0306cw"]},{"@type":"Person","@id":"https:\/\/www.bellunopress.it\/#\/schema\/person\/79bb06722b37ece1c03d3e94beb30d73","name":"r\u00e9daction","image":{"@type":"ImageObject","inLanguage":"fr-FR","@id":"https:\/\/secure.gravatar.com\/avatar\/37d968a2e67a6fd04c169c4bdef102d0bc5d31b2546345219e348575eb80e9a0?s=96&d=mm&r=g","url":"https:\/\/secure.gravatar.com\/avatar\/37d968a2e67a6fd04c169c4bdef102d0bc5d31b2546345219e348575eb80e9a0?s=96&d=mm&r=g","contentUrl":"https:\/\/secure.gravatar.com\/avatar\/37d968a2e67a6fd04c169c4bdef102d0bc5d31b2546345219e348575eb80e9a0?s=96&d=mm&r=g","caption":"redazione"},"sameAs":["http:\/\/www.bellunopress.it","https:\/\/x.com\/bellunopress"],"url":"https:\/\/www.bellunopress.it\/fr\/author\/redazione\/"}]}},"_links":{"self":[{"href":"https:\/\/www.bellunopress.it\/fr\/wp-json\/wp\/v2\/posts\/172167","targetHints":{"allow":["GET"]}}],"collection":[{"href":"https:\/\/www.bellunopress.it\/fr\/wp-json\/wp\/v2\/posts"}],"about":[{"href":"https:\/\/www.bellunopress.it\/fr\/wp-json\/wp\/v2\/types\/post"}],"author":[{"embeddable":true,"href":"https:\/\/www.bellunopress.it\/fr\/wp-json\/wp\/v2\/users\/2"}],"replies":[{"embeddable":true,"href":"https:\/\/www.bellunopress.it\/fr\/wp-json\/wp\/v2\/comments?post=172167"}],"version-history":[{"count":1,"href":"https:\/\/www.bellunopress.it\/fr\/wp-json\/wp\/v2\/posts\/172167\/revisions"}],"predecessor-version":[{"id":172169,"href":"https:\/\/www.bellunopress.it\/fr\/wp-json\/wp\/v2\/posts\/172167\/revisions\/172169"}],"wp:featuredmedia":[{"embeddable":true,"href":"https:\/\/www.bellunopress.it\/fr\/wp-json\/wp\/v2\/media\/172168"}],"wp:attachment":[{"href":"https:\/\/www.bellunopress.it\/fr\/wp-json\/wp\/v2\/media?parent=172167"}],"wp:term":[{"taxonomy":"category","embeddable":true,"href":"https:\/\/www.bellunopress.it\/fr\/wp-json\/wp\/v2\/categories?post=172167"},{"taxonomy":"post_tag","embeddable":true,"href":"https:\/\/www.bellunopress.it\/fr\/wp-json\/wp\/v2\/tags?post=172167"}],"curies":[{"name":"wp","href":"https:\/\/api.w.org\/{rel}","templated":true}]}}