{"id":172155,"date":"2026-07-24T13:39:04","date_gmt":"2026-07-24T11:39:04","guid":{"rendered":"https:\/\/www.bellunopress.it\/?p=172155"},"modified":"2026-07-24T13:40:51","modified_gmt":"2026-07-24T11:40:51","slug":"172155","status":"publish","type":"post","link":"https:\/\/www.bellunopress.it\/fr\/2026\/07\/24\/172155\/","title":{"rendered":"AC Milan femminile a Belluno: Allenamento a porte aperte luned\u00ec 27 ore 17.00"},"content":{"rendered":"<h2 class=\"subject\">Mercoled\u00ec 29 ore 10.00 e Tavola Rotonda con le giocatrici e le altete locali presso Clivet SpA<\/h2>\n<p>Dal 27 al 31 luglio, le atlete della prima squadra femminile del Milan saranno nel Bellunese per il ritiro estivo. Un\u2019operazione di marketing territoriale nata dal \u201cgioco di squadra\u201d tra Clivet, Confindustria Belluno Dolomiti e il tessuto associativo e istituzionale locale.<\/p>\n<p>Ecco il programma degli eventi gratuiti aperti al pubblico della prossima settimana nel nostro territorio, resi possibili grazie alla collaborazione tra Clivet e Confindustria Belluno Dolomiti.<\/p>\n<p>&#8211; Luned\u00ec 27 luglio alle ore 17.00 &#8211; Allenamento Prima squadra AC Milan femminile a porte aperte al campo da calcio &#8220;Umberto Orzes&#8221; di Ponte nelle Alpi &#8211; Entrata libera fino a esaurimento posti<\/p>\n<p>&#8211; Mercoled\u00ec 29 luglio alle ore 10.00 &#8211; Allenamento Prima squadra AC Milan femminile a porte aperte al campo da calcio &#8220;Umberto Orzes&#8221; di Ponte nelle Alpi &#8211; Entrata libera fino a esaurimento posti<\/p>\n<p>&#8211; Mercoled\u00ec 29 luglio alle 16.00 presso Clivet Spa (Via Camp Lonc 25, Z.I. Villapaiera &#8211; Feltre) tavola rotonda riservata alle atlete\/dirigenti\/allenatori delle societ\u00e0 sportive femminili &#8220;FUORI CAMPO QUANDO IL GIOCO \u00c8 CAMBIARE LE REGOLE&#8221; con la presenza di Denise Dal Zotto &#8211; Pilota di motociclismo, Laura Fusetti &#8211; Team Manager Prima Squadra femminile AC Milan, Christy Grimshaw &#8211; Capitano Prima Squadra femminile AC Milan, Marta Mascarello &#8211; Calciatrice Prima Squadra femminile AC Milan, Mimosa Miari Fulcis &#8211; Sportiva, Atletica Dolomiti Belluno, Nadine Sorelli \u2013 Calciatrice Prima Squadra femminile AC Milan.<\/p>\n<p>La tavola rotonda vedr\u00e0 anche la presentazione in anteprima dell&#8217;indagine sulla parit\u00e0 di genere e la conciliazione aziendale nel NordEst e sar\u00e0 un momento di confronto sul valore del talento e della squadra sia nello sport che nelle imprese.<\/p>\n<p>Per iscrizioni all&#8217;evento da parte delle societ\u00e0 sportive, alle quali l&#8217;evento \u00e8 riservato, chiediamo di scrivere a eventi@confindustria.bl.it o a marketing@clivet.it<\/p>\n<p>&nbsp;<\/p>","protected":false},"excerpt":{"rendered":"<p>Mercoled\u00ec 29 ore 10.00 e Tavola Rotonda con le giocatrici e le altete locali presso Clivet SpA Dal 27 al 31 luglio, le atlete della prima squadra femminile del Milan saranno nel Bellunese per il ritiro estivo. Un\u2019operazione di marketing territoriale nata dal \u201cgioco di squadra\u201d tra Clivet, Confindustria Belluno Dolomiti e il tessuto associativo [&hellip;]<\/p>\n","protected":false},"author":2,"featured_media":172156,"comment_status":"closed","ping_status":"open","sticky":false,"template":"","format":"standard","meta":{"footnotes":""},"categories":[25,4],"tags":[],"class_list":["post-172155","post","type-post","status-publish","format-standard","has-post-thumbnail","category-pausa-caffe","category-sport"],"yoast_head":"<!-- This site is optimized with the Yoast SEO plugin v28.4 - https:\/\/yoast.com\/product\/yoast-seo-wordpress\/ -->\n<title>AC Milan femminile a Belluno: Allenamento a porte aperte luned\u00ec 27 ore 17.00 - Bellunopress - Dolomiti<\/title>\n<meta name=\"robots\" content=\"index, follow, max-snippet:-1, max-image-preview:large, max-video-preview:-1\" \/>\n<link rel=\"canonical\" href=\"https:\/\/www.bellunopress.it\/fr\/2026\/07\/24\/172155\/\" \/>\n<meta property=\"og:locale\" content=\"fr_FR\" \/>\n<meta property=\"og:type\" content=\"article\" \/>\n<meta property=\"og:title\" content=\"AC Milan femminile a Belluno: Allenamento a porte aperte luned\u00ec 27 ore 17.00 - Bellunopress - Dolomiti\" \/>\n<meta property=\"og:description\" content=\"Mercoled\u00ec 29 ore 10.00 e Tavola Rotonda con le giocatrici e le altete locali presso Clivet SpA Dal 27 al 31 luglio, le atlete della prima squadra femminile del Milan saranno nel Bellunese per il ritiro estivo. Un\u2019operazione di marketing territoriale nata dal \u201cgioco di squadra\u201d tra Clivet, Confindustria Belluno Dolomiti e il tessuto associativo [&hellip;]\" \/>\n<meta property=\"og:url\" content=\"https:\/\/www.bellunopress.it\/fr\/2026\/07\/24\/172155\/\" \/>\n<meta property=\"og:site_name\" content=\"Bellunopress - Dolomiti\" \/>\n<meta property=\"article:publisher\" content=\"https:\/\/www.facebook.com\/profile.php?id=100008943462799\" \/>\n<meta property=\"article:published_time\" content=\"2026-07-24T11:39:04+00:00\" \/>\n<meta property=\"article:modified_time\" content=\"2026-07-24T11:40:51+00:00\" \/>\n<meta property=\"og:image\" content=\"https:\/\/www.bellunopress.it\/wp-content\/uploads\/2026\/07\/SUZANNE-BAKKER.jpg\" \/>\n\t<meta property=\"og:image:width\" content=\"500\" \/>\n\t<meta property=\"og:image:height\" content=\"500\" \/>\n\t<meta property=\"og:image:type\" content=\"image\/jpeg\" \/>\n<meta name=\"author\" content=\"redazione\" \/>\n<meta name=\"twitter:card\" content=\"summary_large_image\" \/>\n<meta name=\"twitter:creator\" content=\"@bellunopress\" \/>\n<meta name=\"twitter:site\" content=\"@bellunopress\" \/>\n<meta name=\"twitter:label1\" content=\"\u00c9crit par\" \/>\n\t<meta name=\"twitter:data1\" content=\"redazione\" \/>\n\t<meta name=\"twitter:label2\" content=\"Dur\u00e9e de lecture estim\u00e9e\" \/>\n\t<meta name=\"twitter:data2\" content=\"2 minutes\" \/>\n<script type=\"application\/ld+json\" class=\"yoast-schema-graph\">{\"@context\":\"https:\\\/\\\/schema.org\",\"@graph\":[{\"@type\":\"Article\",\"@id\":\"https:\\\/\\\/www.bellunopress.it\\\/2026\\\/07\\\/24\\\/172155\\\/#article\",\"isPartOf\":{\"@id\":\"https:\\\/\\\/www.bellunopress.it\\\/2026\\\/07\\\/24\\\/172155\\\/\"},\"author\":{\"name\":\"redazione\",\"@id\":\"https:\\\/\\\/www.bellunopress.it\\\/#\\\/schema\\\/person\\\/79bb06722b37ece1c03d3e94beb30d73\"},\"headline\":\"AC Milan femminile a Belluno: Allenamento a porte aperte luned\u00ec 27 ore 17.00\",\"datePublished\":\"2026-07-24T11:39:04+00:00\",\"dateModified\":\"2026-07-24T11:40:51+00:00\",\"mainEntityOfPage\":{\"@id\":\"https:\\\/\\\/www.bellunopress.it\\\/2026\\\/07\\\/24\\\/172155\\\/\"},\"wordCount\":313,\"publisher\":{\"@id\":\"https:\\\/\\\/www.bellunopress.it\\\/#organization\"},\"image\":{\"@id\":\"https:\\\/\\\/www.bellunopress.it\\\/2026\\\/07\\\/24\\\/172155\\\/#primaryimage\"},\"thumbnailUrl\":\"https:\\\/\\\/www.bellunopress.it\\\/wp-content\\\/uploads\\\/2026\\\/07\\\/SUZANNE-BAKKER.jpg\",\"articleSection\":[\"Pausa Caff\u00e8\",\"Sport, tempo libero\"],\"inLanguage\":\"fr-FR\"},{\"@type\":\"WebPage\",\"@id\":\"https:\\\/\\\/www.bellunopress.it\\\/2026\\\/07\\\/24\\\/172155\\\/\",\"url\":\"https:\\\/\\\/www.bellunopress.it\\\/2026\\\/07\\\/24\\\/172155\\\/\",\"name\":\"AC Milan femminile a Belluno: Allenamento a porte aperte luned\u00ec 27 ore 17.00 - Bellunopress - Dolomiti\",\"isPartOf\":{\"@id\":\"https:\\\/\\\/www.bellunopress.it\\\/#website\"},\"primaryImageOfPage\":{\"@id\":\"https:\\\/\\\/www.bellunopress.it\\\/2026\\\/07\\\/24\\\/172155\\\/#primaryimage\"},\"image\":{\"@id\":\"https:\\\/\\\/www.bellunopress.it\\\/2026\\\/07\\\/24\\\/172155\\\/#primaryimage\"},\"thumbnailUrl\":\"https:\\\/\\\/www.bellunopress.it\\\/wp-content\\\/uploads\\\/2026\\\/07\\\/SUZANNE-BAKKER.jpg\",\"datePublished\":\"2026-07-24T11:39:04+00:00\",\"dateModified\":\"2026-07-24T11:40:51+00:00\",\"breadcrumb\":{\"@id\":\"https:\\\/\\\/www.bellunopress.it\\\/2026\\\/07\\\/24\\\/172155\\\/#breadcrumb\"},\"inLanguage\":\"fr-FR\",\"potentialAction\":[{\"@type\":\"ReadAction\",\"target\":[\"https:\\\/\\\/www.bellunopress.it\\\/2026\\\/07\\\/24\\\/172155\\\/\"]}]},{\"@type\":\"ImageObject\",\"inLanguage\":\"fr-FR\",\"@id\":\"https:\\\/\\\/www.bellunopress.it\\\/2026\\\/07\\\/24\\\/172155\\\/#primaryimage\",\"url\":\"https:\\\/\\\/www.bellunopress.it\\\/wp-content\\\/uploads\\\/2026\\\/07\\\/SUZANNE-BAKKER.jpg\",\"contentUrl\":\"https:\\\/\\\/www.bellunopress.it\\\/wp-content\\\/uploads\\\/2026\\\/07\\\/SUZANNE-BAKKER.jpg\",\"width\":500,\"height\":500,\"caption\":\"Suzanne Bakker\"},{\"@type\":\"BreadcrumbList\",\"@id\":\"https:\\\/\\\/www.bellunopress.it\\\/2026\\\/07\\\/24\\\/172155\\\/#breadcrumb\",\"itemListElement\":[{\"@type\":\"ListItem\",\"position\":1,\"name\":\"Home\",\"item\":\"https:\\\/\\\/www.bellunopress.it\\\/\"},{\"@type\":\"ListItem\",\"position\":2,\"name\":\"AC Milan femminile a Belluno: Allenamento a porte aperte luned\u00ec 27 ore 17.00\"}]},{\"@type\":\"WebSite\",\"@id\":\"https:\\\/\\\/www.bellunopress.it\\\/#website\",\"url\":\"https:\\\/\\\/www.bellunopress.it\\\/\",\"name\":\"Bellunopress - Dolomiti\",\"description\":\"e-mail: redazione@bellunopress.it\",\"publisher\":{\"@id\":\"https:\\\/\\\/www.bellunopress.it\\\/#organization\"},\"potentialAction\":[{\"@type\":\"SearchAction\",\"target\":{\"@type\":\"EntryPoint\",\"urlTemplate\":\"https:\\\/\\\/www.bellunopress.it\\\/?s={search_term_string}\"},\"query-input\":{\"@type\":\"PropertyValueSpecification\",\"valueRequired\":true,\"valueName\":\"search_term_string\"}}],\"inLanguage\":\"fr-FR\"},{\"@type\":\"Organization\",\"@id\":\"https:\\\/\\\/www.bellunopress.it\\\/#organization\",\"name\":\"Bellunopress\",\"url\":\"https:\\\/\\\/www.bellunopress.it\\\/\",\"logo\":{\"@type\":\"ImageObject\",\"inLanguage\":\"fr-FR\",\"@id\":\"https:\\\/\\\/www.bellunopress.it\\\/#\\\/schema\\\/logo\\\/image\\\/\",\"url\":\"https:\\\/\\\/www.bellunopress.it\\\/wp-content\\\/uploads\\\/2011\\\/05\\\/cropped-logo-bellunopress-.jpg\",\"contentUrl\":\"https:\\\/\\\/www.bellunopress.it\\\/wp-content\\\/uploads\\\/2011\\\/05\\\/cropped-logo-bellunopress-.jpg\",\"width\":512,\"height\":512,\"caption\":\"Bellunopress\"},\"image\":{\"@id\":\"https:\\\/\\\/www.bellunopress.it\\\/#\\\/schema\\\/logo\\\/image\\\/\"},\"sameAs\":[\"https:\\\/\\\/www.facebook.com\\\/profile.php?id=100008943462799\",\"https:\\\/\\\/x.com\\\/bellunopress\",\"https:\\\/\\\/www.linkedin.com\\\/hp\\\/?dnr=JBzUWaJfMUw8vbXJJ2tVW5-I3jZKvC4wsoxE&amp;amp;amp;amp;amp;amp;trk=nav_responsive_tab_home\",\"https:\\\/\\\/www.youtube.com\\\/channel\\\/UCxL0wu1uN0_3_7hGG0306cw\"]},{\"@type\":\"Person\",\"@id\":\"https:\\\/\\\/www.bellunopress.it\\\/#\\\/schema\\\/person\\\/79bb06722b37ece1c03d3e94beb30d73\",\"name\":\"redazione\",\"image\":{\"@type\":\"ImageObject\",\"inLanguage\":\"fr-FR\",\"@id\":\"https:\\\/\\\/secure.gravatar.com\\\/avatar\\\/37d968a2e67a6fd04c169c4bdef102d0bc5d31b2546345219e348575eb80e9a0?s=96&d=mm&r=g\",\"url\":\"https:\\\/\\\/secure.gravatar.com\\\/avatar\\\/37d968a2e67a6fd04c169c4bdef102d0bc5d31b2546345219e348575eb80e9a0?s=96&d=mm&r=g\",\"contentUrl\":\"https:\\\/\\\/secure.gravatar.com\\\/avatar\\\/37d968a2e67a6fd04c169c4bdef102d0bc5d31b2546345219e348575eb80e9a0?s=96&d=mm&r=g\",\"caption\":\"redazione\"},\"sameAs\":[\"http:\\\/\\\/www.bellunopress.it\",\"https:\\\/\\\/x.com\\\/bellunopress\"],\"url\":\"https:\\\/\\\/www.bellunopress.it\\\/fr\\\/author\\\/redazione\\\/\"}]}<\/script>\n<!-- \/ Yoast SEO plugin. -->","yoast_head_json":{"title":"AC Milan femminile a Belluno: Allenamento a porte aperte luned\u00ec 27 ore 17.00 - Bellunopress - Dolomiti","robots":{"index":"index","follow":"follow","max-snippet":"max-snippet:-1","max-image-preview":"max-image-preview:large","max-video-preview":"max-video-preview:-1"},"canonical":"https:\/\/www.bellunopress.it\/fr\/2026\/07\/24\/172155\/","og_locale":"fr_FR","og_type":"article","og_title":"AC Milan femminile a Belluno: Allenamento a porte aperte luned\u00ec 27 ore 17.00 - Bellunopress - Dolomiti","og_description":"Mercoled\u00ec 29 ore 10.00 e Tavola Rotonda con le giocatrici e le altete locali presso Clivet SpA Dal 27 al 31 luglio, le atlete della prima squadra femminile del Milan saranno nel Bellunese per il ritiro estivo. Un\u2019operazione di marketing territoriale nata dal \u201cgioco di squadra\u201d tra Clivet, Confindustria Belluno Dolomiti e il tessuto associativo [&hellip;]","og_url":"https:\/\/www.bellunopress.it\/fr\/2026\/07\/24\/172155\/","og_site_name":"Bellunopress - Dolomiti","article_publisher":"https:\/\/www.facebook.com\/profile.php?id=100008943462799","article_published_time":"2026-07-24T11:39:04+00:00","article_modified_time":"2026-07-24T11:40:51+00:00","og_image":[{"width":500,"height":500,"url":"https:\/\/www.bellunopress.it\/wp-content\/uploads\/2026\/07\/SUZANNE-BAKKER.jpg","type":"image\/jpeg"}],"author":"redazione","twitter_card":"summary_large_image","twitter_creator":"@bellunopress","twitter_site":"@bellunopress","twitter_misc":{"\u00c9crit par":"redazione","Dur\u00e9e de lecture estim\u00e9e":"2 minutes"},"schema":{"@context":"https:\/\/schema.org","@graph":[{"@type":"Article","@id":"https:\/\/www.bellunopress.it\/2026\/07\/24\/172155\/#article","isPartOf":{"@id":"https:\/\/www.bellunopress.it\/2026\/07\/24\/172155\/"},"author":{"name":"redazione","@id":"https:\/\/www.bellunopress.it\/#\/schema\/person\/79bb06722b37ece1c03d3e94beb30d73"},"headline":"AC Milan femminile a Belluno: Allenamento a porte aperte luned\u00ec 27 ore 17.00","datePublished":"2026-07-24T11:39:04+00:00","dateModified":"2026-07-24T11:40:51+00:00","mainEntityOfPage":{"@id":"https:\/\/www.bellunopress.it\/2026\/07\/24\/172155\/"},"wordCount":313,"publisher":{"@id":"https:\/\/www.bellunopress.it\/#organization"},"image":{"@id":"https:\/\/www.bellunopress.it\/2026\/07\/24\/172155\/#primaryimage"},"thumbnailUrl":"https:\/\/www.bellunopress.it\/wp-content\/uploads\/2026\/07\/SUZANNE-BAKKER.jpg","articleSection":["Pausa Caff\u00e8","Sport, tempo libero"],"inLanguage":"fr-FR"},{"@type":"WebPage","@id":"https:\/\/www.bellunopress.it\/2026\/07\/24\/172155\/","url":"https:\/\/www.bellunopress.it\/2026\/07\/24\/172155\/","name":"AC Milan femminile a Belluno: Allenamento a porte aperte luned\u00ec 27 ore 17.00 - Bellunopress - Dolomiti","isPartOf":{"@id":"https:\/\/www.bellunopress.it\/#website"},"primaryImageOfPage":{"@id":"https:\/\/www.bellunopress.it\/2026\/07\/24\/172155\/#primaryimage"},"image":{"@id":"https:\/\/www.bellunopress.it\/2026\/07\/24\/172155\/#primaryimage"},"thumbnailUrl":"https:\/\/www.bellunopress.it\/wp-content\/uploads\/2026\/07\/SUZANNE-BAKKER.jpg","datePublished":"2026-07-24T11:39:04+00:00","dateModified":"2026-07-24T11:40:51+00:00","breadcrumb":{"@id":"https:\/\/www.bellunopress.it\/2026\/07\/24\/172155\/#breadcrumb"},"inLanguage":"fr-FR","potentialAction":[{"@type":"ReadAction","target":["https:\/\/www.bellunopress.it\/2026\/07\/24\/172155\/"]}]},{"@type":"ImageObject","inLanguage":"fr-FR","@id":"https:\/\/www.bellunopress.it\/2026\/07\/24\/172155\/#primaryimage","url":"https:\/\/www.bellunopress.it\/wp-content\/uploads\/2026\/07\/SUZANNE-BAKKER.jpg","contentUrl":"https:\/\/www.bellunopress.it\/wp-content\/uploads\/2026\/07\/SUZANNE-BAKKER.jpg","width":500,"height":500,"caption":"Suzanne Bakker"},{"@type":"BreadcrumbList","@id":"https:\/\/www.bellunopress.it\/2026\/07\/24\/172155\/#breadcrumb","itemListElement":[{"@type":"ListItem","position":1,"name":"Home","item":"https:\/\/www.bellunopress.it\/"},{"@type":"ListItem","position":2,"name":"AC Milan femminile a Belluno: Allenamento a porte aperte luned\u00ec 27 ore 17.00"}]},{"@type":"WebSite","@id":"https:\/\/www.bellunopress.it\/#website","url":"https:\/\/www.bellunopress.it\/","name":"Bellunopress - Dolomiti","description":"e-mail: redazione@bellunopress.it","publisher":{"@id":"https:\/\/www.bellunopress.it\/#organization"},"potentialAction":[{"@type":"SearchAction","target":{"@type":"EntryPoint","urlTemplate":"https:\/\/www.bellunopress.it\/?s={search_term_string}"},"query-input":{"@type":"PropertyValueSpecification","valueRequired":true,"valueName":"search_term_string"}}],"inLanguage":"fr-FR"},{"@type":"Organization","@id":"https:\/\/www.bellunopress.it\/#organization","name":"Bellunopress","url":"https:\/\/www.bellunopress.it\/","logo":{"@type":"ImageObject","inLanguage":"fr-FR","@id":"https:\/\/www.bellunopress.it\/#\/schema\/logo\/image\/","url":"https:\/\/www.bellunopress.it\/wp-content\/uploads\/2011\/05\/cropped-logo-bellunopress-.jpg","contentUrl":"https:\/\/www.bellunopress.it\/wp-content\/uploads\/2011\/05\/cropped-logo-bellunopress-.jpg","width":512,"height":512,"caption":"Bellunopress"},"image":{"@id":"https:\/\/www.bellunopress.it\/#\/schema\/logo\/image\/"},"sameAs":["https:\/\/www.facebook.com\/profile.php?id=100008943462799","https:\/\/x.com\/bellunopress","https:\/\/www.linkedin.com\/hp\/?dnr=JBzUWaJfMUw8vbXJJ2tVW5-I3jZKvC4wsoxE&amp;amp;amp;amp;amp;amp;trk=nav_responsive_tab_home","https:\/\/www.youtube.com\/channel\/UCxL0wu1uN0_3_7hGG0306cw"]},{"@type":"Person","@id":"https:\/\/www.bellunopress.it\/#\/schema\/person\/79bb06722b37ece1c03d3e94beb30d73","name":"r\u00e9daction","image":{"@type":"ImageObject","inLanguage":"fr-FR","@id":"https:\/\/secure.gravatar.com\/avatar\/37d968a2e67a6fd04c169c4bdef102d0bc5d31b2546345219e348575eb80e9a0?s=96&d=mm&r=g","url":"https:\/\/secure.gravatar.com\/avatar\/37d968a2e67a6fd04c169c4bdef102d0bc5d31b2546345219e348575eb80e9a0?s=96&d=mm&r=g","contentUrl":"https:\/\/secure.gravatar.com\/avatar\/37d968a2e67a6fd04c169c4bdef102d0bc5d31b2546345219e348575eb80e9a0?s=96&d=mm&r=g","caption":"redazione"},"sameAs":["http:\/\/www.bellunopress.it","https:\/\/x.com\/bellunopress"],"url":"https:\/\/www.bellunopress.it\/fr\/author\/redazione\/"}]}},"_links":{"self":[{"href":"https:\/\/www.bellunopress.it\/fr\/wp-json\/wp\/v2\/posts\/172155","targetHints":{"allow":["GET"]}}],"collection":[{"href":"https:\/\/www.bellunopress.it\/fr\/wp-json\/wp\/v2\/posts"}],"about":[{"href":"https:\/\/www.bellunopress.it\/fr\/wp-json\/wp\/v2\/types\/post"}],"author":[{"embeddable":true,"href":"https:\/\/www.bellunopress.it\/fr\/wp-json\/wp\/v2\/users\/2"}],"replies":[{"embeddable":true,"href":"https:\/\/www.bellunopress.it\/fr\/wp-json\/wp\/v2\/comments?post=172155"}],"version-history":[{"count":4,"href":"https:\/\/www.bellunopress.it\/fr\/wp-json\/wp\/v2\/posts\/172155\/revisions"}],"predecessor-version":[{"id":172160,"href":"https:\/\/www.bellunopress.it\/fr\/wp-json\/wp\/v2\/posts\/172155\/revisions\/172160"}],"wp:featuredmedia":[{"embeddable":true,"href":"https:\/\/www.bellunopress.it\/fr\/wp-json\/wp\/v2\/media\/172156"}],"wp:attachment":[{"href":"https:\/\/www.bellunopress.it\/fr\/wp-json\/wp\/v2\/media?parent=172155"}],"wp:term":[{"taxonomy":"category","embeddable":true,"href":"https:\/\/www.bellunopress.it\/fr\/wp-json\/wp\/v2\/categories?post=172155"},{"taxonomy":"post_tag","embeddable":true,"href":"https:\/\/www.bellunopress.it\/fr\/wp-json\/wp\/v2\/tags?post=172155"}],"curies":[{"name":"wp","href":"https:\/\/api.w.org\/{rel}","templated":true}]}}