{"id":172152,"date":"2026-07-24T12:03:02","date_gmt":"2026-07-24T10:03:02","guid":{"rendered":"https:\/\/www.bellunopress.it\/?p=172152"},"modified":"2026-07-24T12:03:02","modified_gmt":"2026-07-24T10:03:02","slug":"presentata-a-palazzo-balbi-la-rassegna-abitare-la-musica","status":"publish","type":"post","link":"https:\/\/www.bellunopress.it\/fr\/2026\/07\/24\/presentata-a-palazzo-balbi-la-rassegna-abitare-la-musica\/","title":{"rendered":"Presentata a Palazzo Balbi la rassegna Abitare la Musica"},"content":{"rendered":"<p><strong>Mantovan: &#8220;Per una sera il palcoscenico \u00e8 il salotto di casa: dal 27 luglio al 25 ottobre concerti e residenze d&#8217;artista nelle abitazioni di Cortina d&#8217;Ampezzo e nei luoghi della provincia di Belluno&#8221;<\/strong><\/p>\n<p>Venezia, 24 luglio 2026 &#8211;\u00a0\u201cQuando un musicista suona a due metri da chi ascolta cambia tutto: cambia il suono, cambia il modo di stare seduti, cambia soprattutto il rapporto tra chi la cultura la produce e chi la riceve. Abitare la Musica parte esattamente da qui, e lo fa scegliendo la porta di casa invece del grande palco\u201d, ha dichiarato l\u2019assessore regionale alla Cultura Valeria Mantovan in occasione della presentazione di Abitare la Musica, avvenuta il 23 luglio a Palazzo Balbi, sede della Regione del Veneto.<\/p>\n<p>Il progetto di concerti e residenze artistiche diffuse, in programma dal 27 luglio al 25 ottobre 2026, attraverser\u00e0 Cortina d\u2019Ampezzo, Belluno e diversi luoghi della provincia, portando la musica all\u2019interno di case, giardini, musei, chiese, auditorium e spazi particolarmente significativi del territorio dolomitico.<\/p>\n<p>La formula \u00e8 insolita e merita di essere spiegata. Gli artisti non raggiungono il territorio soltanto per esibirsi, ma sono invitati ad abitarlo: condividono gli spazi delle residenze, studiano, provano, compongono e costruiscono relazioni con le persone e con i luoghi che li accolgono. Il concerto non rappresenta quindi un momento isolato, ma il risultato visibile di un percorso fatto di ospitalit\u00e0, lavoro artistico, incontri e condivisione.<\/p>\n<p>I luoghi scelti sono case private, salotti, giardini e cortili, ma anche musei, chiese e spazi pubblici. Ambienti quotidiani e luoghi del patrimonio culturale diventano cos\u00ec laboratori musicali nei quali si riduce la distanza tra chi produce cultura e chi la riceve.<\/p>\n<p>Il calendario comprende nove appuntamenti distribuiti tra Cortina d\u2019Ampezzo, Cesio Maggiore, Belluno, Auronzo di Cadore, Santa Giustina, Borca di Cadore e Rivamonte Agordino. Tra le sedi figurano il Museo Etnografico delle Dolomiti, Palazzo Fulcis \u2013 Museo Civico di Belluno, alcune chiese del territorio grazie alla collaborazione con la diocesi di Feltre e Belluno, e l\u2019Auditorium di Belluno, dove il 25 ottobre si svolger\u00e0 il concerto conclusivo nell\u2019ambito della rassegna Tracce di Foliage.<\/p>\n<p>Fiamma Velo, pianista e compositrice cresciuta a Cortina, \u00e8 l\u2019artista residente del progetto. Il progetto \u00e8 un\u2019iniziativa IXDeae APS (Novae DeaE) e curato da Mirko Gragnato, vincitore del Premio Carlo Magno del Parlamento europeo.<\/p>\n<p>Abitare la Musica ha ottenuto il patrocinio della Commissione europea, del consolato generale del Giappone, della regione Veneto e della provincia di Belluno ed \u00e8 realizzato in co-organizzazione con il Comune di Belluno, in dialogo con istituzioni culturali, territoriali e sociosanitarie.<\/p>\n<p>Due sono gli elementi particolarmente qualificanti. Il primo \u00e8 la scelta di dare spazio alla produzione contemporanea e alle nuove composizioni. Accanto al titolo di alcuni brani potr\u00e0 comparire la dicitura \u201cPrima esecuzione a \u2026\u201d a testimonianza della volont\u00e0 di fare del territorio anche uno spazio nel quale la musica possa essere elaborata e presentata per la prima volta.<\/p>\n<p>Il secondo elemento \u00e8 il filo che lega la rassegna al centenario della riscoperta del patrimonio musicale di Antonio Vivaldi, avvenuta nel 1926. Nei diversi appuntamenti sar\u00e0 inserita una citazione, un richiamo o una suggestione legata alla musica del compositore veneziano, posta in dialogo con la creazione contemporanea, con altri repertori e con le differenti identit\u00e0 dei luoghi.<\/p>\n<p>La proposta performativa che da luglio procede fino a fine ottobre privilegia strumenti prevalentemente acustici e non amplificati, in coerenza con la dimensione raccolta degli spazi e con l\u2019impostazione di sostenibilit\u00e0 culturale ed ecologica della rassegna. La vicinanza tra interpreti e pubblico consente un ascolto diretto, capace di valorizzare il suono naturale degli strumenti e il rapporto tra musica, architettura e paesaggio.<\/p>\n<p>Il concerto inaugurale del 29 luglio sar\u00e0 dedicato alla memoria di Marta Marzotto, nel decimo anniversario della scomparsa. L\u2019intero progetto coinvolge artisti provenienti da esperienze musicali differenti, comprese importanti istituzioni liriche e sinfoniche italiane come il Teatro San Carlo di Napoli, Fondazione Arena di Verona, Teatro la Fenice di Venezia, Maggio Musicale Fiorentino e Teatro Alla Scala accanto a interpreti che esplorano la musica attraverso linguaggi contemporanei, interdisciplinari e orientati alla dimensione dell\u2019ascolto.<\/p>\n<p>Una parte rilevante del progetto riguarda inoltre la collaborazione con l\u2019Azienda ULSS 1 Dolomiti, la CTRP San Gervasio, il Centro Diurno di Belluno e i servizi territoriali impegnati nei percorsi di cura, inclusione e riabilitazione.<\/p>\n<p>\u201cMi interessa molto la scommessa che c&#8217;\u00e8 dietro questa rassegna: chiedere ai cittadini di non fare gli spettatori. Chi apre la propria casa a un quartetto d&#8217;archi non compra un biglietto, entra nel progetto\u201d, ha concluso Mantovan. \u201cSe funziona, e credo che possa funzionare, il Veneto avr\u00e0 in mano un modello leggero e replicabile ovunque ci sia una comunit\u00e0 disposta ad ascoltare\u201d.<\/p>","protected":false},"excerpt":{"rendered":"<p>Mantovan: &#8220;Per una sera il palcoscenico \u00e8 il salotto di casa: dal 27 luglio al 25 ottobre concerti e residenze d&#8217;artista nelle abitazioni di Cortina d&#8217;Ampezzo e nei luoghi della provincia di Belluno&#8221; Venezia, 24 luglio 2026 &#8211;\u00a0\u201cQuando un musicista suona a due metri da chi ascolta cambia tutto: cambia il suono, cambia il modo [&hellip;]<\/p>\n","protected":false},"author":2,"featured_media":172153,"comment_status":"closed","ping_status":"open","sticky":false,"template":"","format":"standard","meta":{"footnotes":""},"categories":[27,25],"tags":[],"class_list":["post-172152","post","type-post","status-publish","format-standard","has-post-thumbnail","category-appuntamenti","category-pausa-caffe"],"yoast_head":"<!-- This site is optimized with the Yoast SEO plugin v28.4 - https:\/\/yoast.com\/product\/yoast-seo-wordpress\/ -->\n<title>Presentata a Palazzo Balbi la rassegna Abitare la Musica - Bellunopress - Dolomiti<\/title>\n<meta name=\"robots\" content=\"index, follow, max-snippet:-1, max-image-preview:large, max-video-preview:-1\" \/>\n<link rel=\"canonical\" href=\"https:\/\/www.bellunopress.it\/fr\/2026\/07\/24\/presentata-a-palazzo-balbi-la-rassegna-abitare-la-musica\/\" \/>\n<meta property=\"og:locale\" content=\"fr_FR\" \/>\n<meta property=\"og:type\" content=\"article\" \/>\n<meta property=\"og:title\" content=\"Presentata a Palazzo Balbi la rassegna Abitare la Musica - Bellunopress - Dolomiti\" \/>\n<meta property=\"og:description\" content=\"Mantovan: &#8220;Per una sera il palcoscenico \u00e8 il salotto di casa: dal 27 luglio al 25 ottobre concerti e residenze d&#8217;artista nelle abitazioni di Cortina d&#8217;Ampezzo e nei luoghi della provincia di Belluno&#8221; Venezia, 24 luglio 2026 &#8211;\u00a0\u201cQuando un musicista suona a due metri da chi ascolta cambia tutto: cambia il suono, cambia il modo [&hellip;]\" \/>\n<meta property=\"og:url\" content=\"https:\/\/www.bellunopress.it\/fr\/2026\/07\/24\/presentata-a-palazzo-balbi-la-rassegna-abitare-la-musica\/\" \/>\n<meta property=\"og:site_name\" content=\"Bellunopress - Dolomiti\" \/>\n<meta property=\"article:publisher\" content=\"https:\/\/www.facebook.com\/profile.php?id=100008943462799\" \/>\n<meta property=\"article:published_time\" content=\"2026-07-24T10:03:02+00:00\" \/>\n<meta property=\"og:image\" content=\"https:\/\/www.bellunopress.it\/wp-content\/uploads\/2026\/07\/Abitare-la-musica-presentazione.jpg\" \/>\n\t<meta property=\"og:image:width\" content=\"500\" \/>\n\t<meta property=\"og:image:height\" content=\"375\" \/>\n\t<meta property=\"og:image:type\" content=\"image\/jpeg\" \/>\n<meta name=\"author\" content=\"redazione\" \/>\n<meta name=\"twitter:card\" content=\"summary_large_image\" \/>\n<meta name=\"twitter:creator\" content=\"@bellunopress\" \/>\n<meta name=\"twitter:site\" content=\"@bellunopress\" \/>\n<meta name=\"twitter:label1\" content=\"\u00c9crit par\" \/>\n\t<meta name=\"twitter:data1\" content=\"redazione\" \/>\n\t<meta name=\"twitter:label2\" content=\"Dur\u00e9e de lecture estim\u00e9e\" \/>\n\t<meta name=\"twitter:data2\" content=\"5 minutes\" \/>\n<script type=\"application\/ld+json\" class=\"yoast-schema-graph\">{\"@context\":\"https:\\\/\\\/schema.org\",\"@graph\":[{\"@type\":\"Article\",\"@id\":\"https:\\\/\\\/www.bellunopress.it\\\/2026\\\/07\\\/24\\\/presentata-a-palazzo-balbi-la-rassegna-abitare-la-musica\\\/#article\",\"isPartOf\":{\"@id\":\"https:\\\/\\\/www.bellunopress.it\\\/2026\\\/07\\\/24\\\/presentata-a-palazzo-balbi-la-rassegna-abitare-la-musica\\\/\"},\"author\":{\"name\":\"redazione\",\"@id\":\"https:\\\/\\\/www.bellunopress.it\\\/#\\\/schema\\\/person\\\/79bb06722b37ece1c03d3e94beb30d73\"},\"headline\":\"Presentata a Palazzo Balbi la rassegna Abitare la Musica\",\"datePublished\":\"2026-07-24T10:03:02+00:00\",\"mainEntityOfPage\":{\"@id\":\"https:\\\/\\\/www.bellunopress.it\\\/2026\\\/07\\\/24\\\/presentata-a-palazzo-balbi-la-rassegna-abitare-la-musica\\\/\"},\"wordCount\":771,\"publisher\":{\"@id\":\"https:\\\/\\\/www.bellunopress.it\\\/#organization\"},\"image\":{\"@id\":\"https:\\\/\\\/www.bellunopress.it\\\/2026\\\/07\\\/24\\\/presentata-a-palazzo-balbi-la-rassegna-abitare-la-musica\\\/#primaryimage\"},\"thumbnailUrl\":\"https:\\\/\\\/www.bellunopress.it\\\/wp-content\\\/uploads\\\/2026\\\/07\\\/Abitare-la-musica-presentazione.jpg\",\"articleSection\":[\"Appuntamenti, Eventi\",\"Pausa Caff\u00e8\"],\"inLanguage\":\"fr-FR\"},{\"@type\":\"WebPage\",\"@id\":\"https:\\\/\\\/www.bellunopress.it\\\/2026\\\/07\\\/24\\\/presentata-a-palazzo-balbi-la-rassegna-abitare-la-musica\\\/\",\"url\":\"https:\\\/\\\/www.bellunopress.it\\\/2026\\\/07\\\/24\\\/presentata-a-palazzo-balbi-la-rassegna-abitare-la-musica\\\/\",\"name\":\"Presentata a Palazzo Balbi la rassegna Abitare la Musica - Bellunopress - Dolomiti\",\"isPartOf\":{\"@id\":\"https:\\\/\\\/www.bellunopress.it\\\/#website\"},\"primaryImageOfPage\":{\"@id\":\"https:\\\/\\\/www.bellunopress.it\\\/2026\\\/07\\\/24\\\/presentata-a-palazzo-balbi-la-rassegna-abitare-la-musica\\\/#primaryimage\"},\"image\":{\"@id\":\"https:\\\/\\\/www.bellunopress.it\\\/2026\\\/07\\\/24\\\/presentata-a-palazzo-balbi-la-rassegna-abitare-la-musica\\\/#primaryimage\"},\"thumbnailUrl\":\"https:\\\/\\\/www.bellunopress.it\\\/wp-content\\\/uploads\\\/2026\\\/07\\\/Abitare-la-musica-presentazione.jpg\",\"datePublished\":\"2026-07-24T10:03:02+00:00\",\"breadcrumb\":{\"@id\":\"https:\\\/\\\/www.bellunopress.it\\\/2026\\\/07\\\/24\\\/presentata-a-palazzo-balbi-la-rassegna-abitare-la-musica\\\/#breadcrumb\"},\"inLanguage\":\"fr-FR\",\"potentialAction\":[{\"@type\":\"ReadAction\",\"target\":[\"https:\\\/\\\/www.bellunopress.it\\\/2026\\\/07\\\/24\\\/presentata-a-palazzo-balbi-la-rassegna-abitare-la-musica\\\/\"]}]},{\"@type\":\"ImageObject\",\"inLanguage\":\"fr-FR\",\"@id\":\"https:\\\/\\\/www.bellunopress.it\\\/2026\\\/07\\\/24\\\/presentata-a-palazzo-balbi-la-rassegna-abitare-la-musica\\\/#primaryimage\",\"url\":\"https:\\\/\\\/www.bellunopress.it\\\/wp-content\\\/uploads\\\/2026\\\/07\\\/Abitare-la-musica-presentazione.jpg\",\"contentUrl\":\"https:\\\/\\\/www.bellunopress.it\\\/wp-content\\\/uploads\\\/2026\\\/07\\\/Abitare-la-musica-presentazione.jpg\",\"width\":500,\"height\":375},{\"@type\":\"BreadcrumbList\",\"@id\":\"https:\\\/\\\/www.bellunopress.it\\\/2026\\\/07\\\/24\\\/presentata-a-palazzo-balbi-la-rassegna-abitare-la-musica\\\/#breadcrumb\",\"itemListElement\":[{\"@type\":\"ListItem\",\"position\":1,\"name\":\"Home\",\"item\":\"https:\\\/\\\/www.bellunopress.it\\\/\"},{\"@type\":\"ListItem\",\"position\":2,\"name\":\"Presentata a Palazzo Balbi la rassegna Abitare la Musica\"}]},{\"@type\":\"WebSite\",\"@id\":\"https:\\\/\\\/www.bellunopress.it\\\/#website\",\"url\":\"https:\\\/\\\/www.bellunopress.it\\\/\",\"name\":\"Bellunopress - Dolomiti\",\"description\":\"e-mail: redazione@bellunopress.it\",\"publisher\":{\"@id\":\"https:\\\/\\\/www.bellunopress.it\\\/#organization\"},\"potentialAction\":[{\"@type\":\"SearchAction\",\"target\":{\"@type\":\"EntryPoint\",\"urlTemplate\":\"https:\\\/\\\/www.bellunopress.it\\\/?s={search_term_string}\"},\"query-input\":{\"@type\":\"PropertyValueSpecification\",\"valueRequired\":true,\"valueName\":\"search_term_string\"}}],\"inLanguage\":\"fr-FR\"},{\"@type\":\"Organization\",\"@id\":\"https:\\\/\\\/www.bellunopress.it\\\/#organization\",\"name\":\"Bellunopress\",\"url\":\"https:\\\/\\\/www.bellunopress.it\\\/\",\"logo\":{\"@type\":\"ImageObject\",\"inLanguage\":\"fr-FR\",\"@id\":\"https:\\\/\\\/www.bellunopress.it\\\/#\\\/schema\\\/logo\\\/image\\\/\",\"url\":\"https:\\\/\\\/www.bellunopress.it\\\/wp-content\\\/uploads\\\/2011\\\/05\\\/cropped-logo-bellunopress-.jpg\",\"contentUrl\":\"https:\\\/\\\/www.bellunopress.it\\\/wp-content\\\/uploads\\\/2011\\\/05\\\/cropped-logo-bellunopress-.jpg\",\"width\":512,\"height\":512,\"caption\":\"Bellunopress\"},\"image\":{\"@id\":\"https:\\\/\\\/www.bellunopress.it\\\/#\\\/schema\\\/logo\\\/image\\\/\"},\"sameAs\":[\"https:\\\/\\\/www.facebook.com\\\/profile.php?id=100008943462799\",\"https:\\\/\\\/x.com\\\/bellunopress\",\"https:\\\/\\\/www.linkedin.com\\\/hp\\\/?dnr=JBzUWaJfMUw8vbXJJ2tVW5-I3jZKvC4wsoxE&amp;amp;amp;amp;amp;amp;trk=nav_responsive_tab_home\",\"https:\\\/\\\/www.youtube.com\\\/channel\\\/UCxL0wu1uN0_3_7hGG0306cw\"]},{\"@type\":\"Person\",\"@id\":\"https:\\\/\\\/www.bellunopress.it\\\/#\\\/schema\\\/person\\\/79bb06722b37ece1c03d3e94beb30d73\",\"name\":\"redazione\",\"image\":{\"@type\":\"ImageObject\",\"inLanguage\":\"fr-FR\",\"@id\":\"https:\\\/\\\/secure.gravatar.com\\\/avatar\\\/37d968a2e67a6fd04c169c4bdef102d0bc5d31b2546345219e348575eb80e9a0?s=96&d=mm&r=g\",\"url\":\"https:\\\/\\\/secure.gravatar.com\\\/avatar\\\/37d968a2e67a6fd04c169c4bdef102d0bc5d31b2546345219e348575eb80e9a0?s=96&d=mm&r=g\",\"contentUrl\":\"https:\\\/\\\/secure.gravatar.com\\\/avatar\\\/37d968a2e67a6fd04c169c4bdef102d0bc5d31b2546345219e348575eb80e9a0?s=96&d=mm&r=g\",\"caption\":\"redazione\"},\"sameAs\":[\"http:\\\/\\\/www.bellunopress.it\",\"https:\\\/\\\/x.com\\\/bellunopress\"],\"url\":\"https:\\\/\\\/www.bellunopress.it\\\/fr\\\/author\\\/redazione\\\/\"}]}<\/script>\n<!-- \/ Yoast SEO plugin. -->","yoast_head_json":{"title":"Presentata a Palazzo Balbi la rassegna Abitare la Musica - Bellunopress - Dolomiti","robots":{"index":"index","follow":"follow","max-snippet":"max-snippet:-1","max-image-preview":"max-image-preview:large","max-video-preview":"max-video-preview:-1"},"canonical":"https:\/\/www.bellunopress.it\/fr\/2026\/07\/24\/presentata-a-palazzo-balbi-la-rassegna-abitare-la-musica\/","og_locale":"fr_FR","og_type":"article","og_title":"Presentata a Palazzo Balbi la rassegna Abitare la Musica - Bellunopress - Dolomiti","og_description":"Mantovan: &#8220;Per una sera il palcoscenico \u00e8 il salotto di casa: dal 27 luglio al 25 ottobre concerti e residenze d&#8217;artista nelle abitazioni di Cortina d&#8217;Ampezzo e nei luoghi della provincia di Belluno&#8221; Venezia, 24 luglio 2026 &#8211;\u00a0\u201cQuando un musicista suona a due metri da chi ascolta cambia tutto: cambia il suono, cambia il modo [&hellip;]","og_url":"https:\/\/www.bellunopress.it\/fr\/2026\/07\/24\/presentata-a-palazzo-balbi-la-rassegna-abitare-la-musica\/","og_site_name":"Bellunopress - Dolomiti","article_publisher":"https:\/\/www.facebook.com\/profile.php?id=100008943462799","article_published_time":"2026-07-24T10:03:02+00:00","og_image":[{"width":500,"height":375,"url":"https:\/\/www.bellunopress.it\/wp-content\/uploads\/2026\/07\/Abitare-la-musica-presentazione.jpg","type":"image\/jpeg"}],"author":"redazione","twitter_card":"summary_large_image","twitter_creator":"@bellunopress","twitter_site":"@bellunopress","twitter_misc":{"\u00c9crit par":"redazione","Dur\u00e9e de lecture estim\u00e9e":"5 minutes"},"schema":{"@context":"https:\/\/schema.org","@graph":[{"@type":"Article","@id":"https:\/\/www.bellunopress.it\/2026\/07\/24\/presentata-a-palazzo-balbi-la-rassegna-abitare-la-musica\/#article","isPartOf":{"@id":"https:\/\/www.bellunopress.it\/2026\/07\/24\/presentata-a-palazzo-balbi-la-rassegna-abitare-la-musica\/"},"author":{"name":"redazione","@id":"https:\/\/www.bellunopress.it\/#\/schema\/person\/79bb06722b37ece1c03d3e94beb30d73"},"headline":"Presentata a Palazzo Balbi la rassegna Abitare la Musica","datePublished":"2026-07-24T10:03:02+00:00","mainEntityOfPage":{"@id":"https:\/\/www.bellunopress.it\/2026\/07\/24\/presentata-a-palazzo-balbi-la-rassegna-abitare-la-musica\/"},"wordCount":771,"publisher":{"@id":"https:\/\/www.bellunopress.it\/#organization"},"image":{"@id":"https:\/\/www.bellunopress.it\/2026\/07\/24\/presentata-a-palazzo-balbi-la-rassegna-abitare-la-musica\/#primaryimage"},"thumbnailUrl":"https:\/\/www.bellunopress.it\/wp-content\/uploads\/2026\/07\/Abitare-la-musica-presentazione.jpg","articleSection":["Appuntamenti, Eventi","Pausa Caff\u00e8"],"inLanguage":"fr-FR"},{"@type":"WebPage","@id":"https:\/\/www.bellunopress.it\/2026\/07\/24\/presentata-a-palazzo-balbi-la-rassegna-abitare-la-musica\/","url":"https:\/\/www.bellunopress.it\/2026\/07\/24\/presentata-a-palazzo-balbi-la-rassegna-abitare-la-musica\/","name":"Presentata a Palazzo Balbi la rassegna Abitare la Musica - Bellunopress - Dolomiti","isPartOf":{"@id":"https:\/\/www.bellunopress.it\/#website"},"primaryImageOfPage":{"@id":"https:\/\/www.bellunopress.it\/2026\/07\/24\/presentata-a-palazzo-balbi-la-rassegna-abitare-la-musica\/#primaryimage"},"image":{"@id":"https:\/\/www.bellunopress.it\/2026\/07\/24\/presentata-a-palazzo-balbi-la-rassegna-abitare-la-musica\/#primaryimage"},"thumbnailUrl":"https:\/\/www.bellunopress.it\/wp-content\/uploads\/2026\/07\/Abitare-la-musica-presentazione.jpg","datePublished":"2026-07-24T10:03:02+00:00","breadcrumb":{"@id":"https:\/\/www.bellunopress.it\/2026\/07\/24\/presentata-a-palazzo-balbi-la-rassegna-abitare-la-musica\/#breadcrumb"},"inLanguage":"fr-FR","potentialAction":[{"@type":"ReadAction","target":["https:\/\/www.bellunopress.it\/2026\/07\/24\/presentata-a-palazzo-balbi-la-rassegna-abitare-la-musica\/"]}]},{"@type":"ImageObject","inLanguage":"fr-FR","@id":"https:\/\/www.bellunopress.it\/2026\/07\/24\/presentata-a-palazzo-balbi-la-rassegna-abitare-la-musica\/#primaryimage","url":"https:\/\/www.bellunopress.it\/wp-content\/uploads\/2026\/07\/Abitare-la-musica-presentazione.jpg","contentUrl":"https:\/\/www.bellunopress.it\/wp-content\/uploads\/2026\/07\/Abitare-la-musica-presentazione.jpg","width":500,"height":375},{"@type":"BreadcrumbList","@id":"https:\/\/www.bellunopress.it\/2026\/07\/24\/presentata-a-palazzo-balbi-la-rassegna-abitare-la-musica\/#breadcrumb","itemListElement":[{"@type":"ListItem","position":1,"name":"Home","item":"https:\/\/www.bellunopress.it\/"},{"@type":"ListItem","position":2,"name":"Presentata a Palazzo Balbi la rassegna Abitare la Musica"}]},{"@type":"WebSite","@id":"https:\/\/www.bellunopress.it\/#website","url":"https:\/\/www.bellunopress.it\/","name":"Bellunopress - Dolomiti","description":"e-mail: redazione@bellunopress.it","publisher":{"@id":"https:\/\/www.bellunopress.it\/#organization"},"potentialAction":[{"@type":"SearchAction","target":{"@type":"EntryPoint","urlTemplate":"https:\/\/www.bellunopress.it\/?s={search_term_string}"},"query-input":{"@type":"PropertyValueSpecification","valueRequired":true,"valueName":"search_term_string"}}],"inLanguage":"fr-FR"},{"@type":"Organization","@id":"https:\/\/www.bellunopress.it\/#organization","name":"Bellunopress","url":"https:\/\/www.bellunopress.it\/","logo":{"@type":"ImageObject","inLanguage":"fr-FR","@id":"https:\/\/www.bellunopress.it\/#\/schema\/logo\/image\/","url":"https:\/\/www.bellunopress.it\/wp-content\/uploads\/2011\/05\/cropped-logo-bellunopress-.jpg","contentUrl":"https:\/\/www.bellunopress.it\/wp-content\/uploads\/2011\/05\/cropped-logo-bellunopress-.jpg","width":512,"height":512,"caption":"Bellunopress"},"image":{"@id":"https:\/\/www.bellunopress.it\/#\/schema\/logo\/image\/"},"sameAs":["https:\/\/www.facebook.com\/profile.php?id=100008943462799","https:\/\/x.com\/bellunopress","https:\/\/www.linkedin.com\/hp\/?dnr=JBzUWaJfMUw8vbXJJ2tVW5-I3jZKvC4wsoxE&amp;amp;amp;amp;amp;amp;trk=nav_responsive_tab_home","https:\/\/www.youtube.com\/channel\/UCxL0wu1uN0_3_7hGG0306cw"]},{"@type":"Person","@id":"https:\/\/www.bellunopress.it\/#\/schema\/person\/79bb06722b37ece1c03d3e94beb30d73","name":"r\u00e9daction","image":{"@type":"ImageObject","inLanguage":"fr-FR","@id":"https:\/\/secure.gravatar.com\/avatar\/37d968a2e67a6fd04c169c4bdef102d0bc5d31b2546345219e348575eb80e9a0?s=96&d=mm&r=g","url":"https:\/\/secure.gravatar.com\/avatar\/37d968a2e67a6fd04c169c4bdef102d0bc5d31b2546345219e348575eb80e9a0?s=96&d=mm&r=g","contentUrl":"https:\/\/secure.gravatar.com\/avatar\/37d968a2e67a6fd04c169c4bdef102d0bc5d31b2546345219e348575eb80e9a0?s=96&d=mm&r=g","caption":"redazione"},"sameAs":["http:\/\/www.bellunopress.it","https:\/\/x.com\/bellunopress"],"url":"https:\/\/www.bellunopress.it\/fr\/author\/redazione\/"}]}},"_links":{"self":[{"href":"https:\/\/www.bellunopress.it\/fr\/wp-json\/wp\/v2\/posts\/172152","targetHints":{"allow":["GET"]}}],"collection":[{"href":"https:\/\/www.bellunopress.it\/fr\/wp-json\/wp\/v2\/posts"}],"about":[{"href":"https:\/\/www.bellunopress.it\/fr\/wp-json\/wp\/v2\/types\/post"}],"author":[{"embeddable":true,"href":"https:\/\/www.bellunopress.it\/fr\/wp-json\/wp\/v2\/users\/2"}],"replies":[{"embeddable":true,"href":"https:\/\/www.bellunopress.it\/fr\/wp-json\/wp\/v2\/comments?post=172152"}],"version-history":[{"count":1,"href":"https:\/\/www.bellunopress.it\/fr\/wp-json\/wp\/v2\/posts\/172152\/revisions"}],"predecessor-version":[{"id":172154,"href":"https:\/\/www.bellunopress.it\/fr\/wp-json\/wp\/v2\/posts\/172152\/revisions\/172154"}],"wp:featuredmedia":[{"embeddable":true,"href":"https:\/\/www.bellunopress.it\/fr\/wp-json\/wp\/v2\/media\/172153"}],"wp:attachment":[{"href":"https:\/\/www.bellunopress.it\/fr\/wp-json\/wp\/v2\/media?parent=172152"}],"wp:term":[{"taxonomy":"category","embeddable":true,"href":"https:\/\/www.bellunopress.it\/fr\/wp-json\/wp\/v2\/categories?post=172152"},{"taxonomy":"post_tag","embeddable":true,"href":"https:\/\/www.bellunopress.it\/fr\/wp-json\/wp\/v2\/tags?post=172152"}],"curies":[{"name":"wp","href":"https:\/\/api.w.org\/{rel}","templated":true}]}}