{"id":172149,"date":"2026-07-24T11:34:42","date_gmt":"2026-07-24T09:34:42","guid":{"rendered":"https:\/\/www.bellunopress.it\/?p=172149"},"modified":"2026-07-24T11:34:42","modified_gmt":"2026-07-24T09:34:42","slug":"cortina-56-26-domani-il-debutto","status":"publish","type":"post","link":"https:\/\/www.bellunopress.it\/fr\/2026\/07\/24\/cortina-56-26-domani-il-debutto\/","title":{"rendered":"Cortina 56-26: domani il debutto"},"content":{"rendered":"<p><strong>Tutto pronto per il nuovo evento di trail running firmato Fondazione Cortina, che unisce i luoghi simbolo dei Giochi del 1956 e del 2026<\/strong><br \/>\n<strong>Partenza da Piazza Dibona: alle 8.00 il via della 56 km, alle 9.00 della 26 km. Premiazioni alle 17.30<\/strong><br \/>\n<strong>Giornata di intrattenimento e animazione per la comunit\u00e0 al Villaggio di Zuel, luogo dell&#8217;arrivo. Dalle 19.00 la Festa del Sestiere<\/strong><\/p>\n<p>Cortina d&#8217;Ampezzo, 24 luglio 2026 \u2013 \u00c8 tutto pronto per il debutto di Cortina 56-26 \u2013 The Legacy Trail, il nuovo evento di trail running organizzato da Fondazione Cortina che domani, sabato 25 luglio, porter\u00e0 centinaia di runner a vivere un percorso capace di unire, in un&#8217;unica esperienza sportiva, i luoghi simbolo dei Giochi Olimpici di Cortina 1956 e quelli dei Giochi Olimpici e Paralimpici di Milano Cortina 2026.<\/p>\n<p>La giornata prender\u00e0 il via nel centro del paese, in Piazza Dibona, con la partenza della 56 km alle ore 8.00 e della 26 km alle ore 9.00. I due tracciati accompagneranno gli atleti attraverso alcune delle venue che hanno segnato la storia olimpica della Regina delle Dolomiti, valorizzando, al contempo il patrimonio naturale e paesaggistico della localit\u00e0.<\/p>\n<p>La cerimonia di premiazione, in programma alle 17.30, vedr\u00e0 la partecipazione del Sindaco di Cortina d&#8217;Ampezzo, Gianluca Lorenzi, dell&#8217;Assessore comunale allo Sport e Grandi Eventi, Giorgio Da Rin, e di alcuni protagonisti dei Giochi di Milano Cortina 2026: Lucia Dalmasso, medaglia di bronzo olimpica nello snowboard, Mattia Gaspari, atleta della Nazionale italiana di skeleton, Anna Comarella, fondista, gi\u00e0 presente a Pyeongchang 2018 e Pechino 2022, e Luca Palla, sciatore alpino paralimpico, tutti testimoni dell&#8217;eredit\u00e0 sportiva che l&#8217;evento intende celebrare. I premi per i primi di ogni classifica saranno messi a disposizione da Karpos e La Cooperativa di Cortina.<\/p>\n<p>Punto di ritrovo per accompagnatori e pubblico sar\u00e0 il Villaggio di Zuel, punto di arrivo della competizione. Per tutta la giornata il villaggio ospiter\u00e0 attivit\u00e0 di intrattenimento e animazione aperte alla comunit\u00e0. Spazio anche ai pi\u00f9 piccoli con i Corty Summer Games, organizzati in collaborazione con i centri estivi de La Rossa Cortina. Dalle ore 19.00 la giornata si concluder\u00e0 con la Festa del Sestiere di Zuel.<\/p>\n<p>&#8220;Cortina 56-26 nasce con un&#8217;idea semplice: trasformare l&#8217;eredit\u00e0 olimpica in un&#8217;esperienza da vivere. Correre significa attraversare un territorio, scoprirlo e crearne un ricordo. Con questo evento vogliamo offrire a ogni partecipante la possibilit\u00e0 di percorrere i luoghi che hanno fatto la storia dello sport e che continueranno a rappresentarne il futuro. \u00c8 un nuovo appuntamento che arricchisce il calendario sportivo di Cortina e che vogliamo diventi un appuntamento fisso e, auspichiamo, un riferimento per gli appassionati di trail running&#8221; dichiara Stefano Longo, Presidente di Fondazione Cortina.<\/p>\n<p>Ogni partecipante ricever\u00e0 un ricco pacco gara pensato per raccontare l&#8217;identit\u00e0 dell&#8217;evento e del territorio, con materiali tecnici, prodotti di partner locali e nazionali e gadget dedicati, tra cui la maglietta ufficiale della gara, una sacca evento e altri omaggi. La manifestazione \u00e8 resa possibile grazie al contributo dell&#8217;Amministrazione comunale di Cortina d&#8217;Ampezzo e al sostegno dei partner Karpos, Forno d&#8217;Asolo, La Cooperativa di Cortina, Cortinabanca, PwC, Almaviva, Coca-Cola e Birra FORST.<\/p>","protected":false},"excerpt":{"rendered":"<p>Tutto pronto per il nuovo evento di trail running firmato Fondazione Cortina, che unisce i luoghi simbolo dei Giochi del 1956 e del 2026 Partenza da Piazza Dibona: alle 8.00 il via della 56 km, alle 9.00 della 26 km. Premiazioni alle 17.30 Giornata di intrattenimento e animazione per la comunit\u00e0 al Villaggio di Zuel, [&hellip;]<\/p>\n","protected":false},"author":2,"featured_media":172150,"comment_status":"closed","ping_status":"open","sticky":false,"template":"","format":"standard","meta":{"footnotes":""},"categories":[25,4],"tags":[],"class_list":["post-172149","post","type-post","status-publish","format-standard","has-post-thumbnail","category-pausa-caffe","category-sport"],"yoast_head":"<!-- This site is optimized with the Yoast SEO plugin v28.4 - https:\/\/yoast.com\/product\/yoast-seo-wordpress\/ -->\n<title>Cortina 56-26: domani il debutto - Bellunopress - Dolomiti<\/title>\n<meta name=\"robots\" content=\"index, follow, max-snippet:-1, max-image-preview:large, max-video-preview:-1\" \/>\n<link rel=\"canonical\" href=\"https:\/\/www.bellunopress.it\/fr\/2026\/07\/24\/cortina-56-26-domani-il-debutto\/\" \/>\n<meta property=\"og:locale\" content=\"fr_FR\" \/>\n<meta property=\"og:type\" content=\"article\" \/>\n<meta property=\"og:title\" content=\"Cortina 56-26: domani il debutto - Bellunopress - Dolomiti\" \/>\n<meta property=\"og:description\" content=\"Tutto pronto per il nuovo evento di trail running firmato Fondazione Cortina, che unisce i luoghi simbolo dei Giochi del 1956 e del 2026 Partenza da Piazza Dibona: alle 8.00 il via della 56 km, alle 9.00 della 26 km. Premiazioni alle 17.30 Giornata di intrattenimento e animazione per la comunit\u00e0 al Villaggio di Zuel, [&hellip;]\" \/>\n<meta property=\"og:url\" content=\"https:\/\/www.bellunopress.it\/fr\/2026\/07\/24\/cortina-56-26-domani-il-debutto\/\" \/>\n<meta property=\"og:site_name\" content=\"Bellunopress - Dolomiti\" \/>\n<meta property=\"article:publisher\" content=\"https:\/\/www.facebook.com\/profile.php?id=100008943462799\" \/>\n<meta property=\"article:published_time\" content=\"2026-07-24T09:34:42+00:00\" \/>\n<meta property=\"og:image\" content=\"https:\/\/www.bellunopress.it\/wp-content\/uploads\/2026\/07\/cortina-56-26.jpg\" \/>\n\t<meta property=\"og:image:width\" content=\"500\" \/>\n\t<meta property=\"og:image:height\" content=\"333\" \/>\n\t<meta property=\"og:image:type\" content=\"image\/jpeg\" \/>\n<meta name=\"author\" content=\"redazione\" \/>\n<meta name=\"twitter:card\" content=\"summary_large_image\" \/>\n<meta name=\"twitter:creator\" content=\"@bellunopress\" \/>\n<meta name=\"twitter:site\" content=\"@bellunopress\" \/>\n<meta name=\"twitter:label1\" content=\"\u00c9crit par\" \/>\n\t<meta name=\"twitter:data1\" content=\"redazione\" \/>\n\t<meta name=\"twitter:label2\" content=\"Dur\u00e9e de lecture estim\u00e9e\" \/>\n\t<meta name=\"twitter:data2\" content=\"3 minutes\" \/>\n<script type=\"application\/ld+json\" class=\"yoast-schema-graph\">{\"@context\":\"https:\\\/\\\/schema.org\",\"@graph\":[{\"@type\":\"Article\",\"@id\":\"https:\\\/\\\/www.bellunopress.it\\\/2026\\\/07\\\/24\\\/cortina-56-26-domani-il-debutto\\\/#article\",\"isPartOf\":{\"@id\":\"https:\\\/\\\/www.bellunopress.it\\\/2026\\\/07\\\/24\\\/cortina-56-26-domani-il-debutto\\\/\"},\"author\":{\"name\":\"redazione\",\"@id\":\"https:\\\/\\\/www.bellunopress.it\\\/#\\\/schema\\\/person\\\/79bb06722b37ece1c03d3e94beb30d73\"},\"headline\":\"Cortina 56-26: domani il debutto\",\"datePublished\":\"2026-07-24T09:34:42+00:00\",\"mainEntityOfPage\":{\"@id\":\"https:\\\/\\\/www.bellunopress.it\\\/2026\\\/07\\\/24\\\/cortina-56-26-domani-il-debutto\\\/\"},\"wordCount\":506,\"publisher\":{\"@id\":\"https:\\\/\\\/www.bellunopress.it\\\/#organization\"},\"image\":{\"@id\":\"https:\\\/\\\/www.bellunopress.it\\\/2026\\\/07\\\/24\\\/cortina-56-26-domani-il-debutto\\\/#primaryimage\"},\"thumbnailUrl\":\"https:\\\/\\\/www.bellunopress.it\\\/wp-content\\\/uploads\\\/2026\\\/07\\\/cortina-56-26.jpg\",\"articleSection\":[\"Pausa Caff\u00e8\",\"Sport, tempo libero\"],\"inLanguage\":\"fr-FR\"},{\"@type\":\"WebPage\",\"@id\":\"https:\\\/\\\/www.bellunopress.it\\\/2026\\\/07\\\/24\\\/cortina-56-26-domani-il-debutto\\\/\",\"url\":\"https:\\\/\\\/www.bellunopress.it\\\/2026\\\/07\\\/24\\\/cortina-56-26-domani-il-debutto\\\/\",\"name\":\"Cortina 56-26: domani il debutto - Bellunopress - Dolomiti\",\"isPartOf\":{\"@id\":\"https:\\\/\\\/www.bellunopress.it\\\/#website\"},\"primaryImageOfPage\":{\"@id\":\"https:\\\/\\\/www.bellunopress.it\\\/2026\\\/07\\\/24\\\/cortina-56-26-domani-il-debutto\\\/#primaryimage\"},\"image\":{\"@id\":\"https:\\\/\\\/www.bellunopress.it\\\/2026\\\/07\\\/24\\\/cortina-56-26-domani-il-debutto\\\/#primaryimage\"},\"thumbnailUrl\":\"https:\\\/\\\/www.bellunopress.it\\\/wp-content\\\/uploads\\\/2026\\\/07\\\/cortina-56-26.jpg\",\"datePublished\":\"2026-07-24T09:34:42+00:00\",\"breadcrumb\":{\"@id\":\"https:\\\/\\\/www.bellunopress.it\\\/2026\\\/07\\\/24\\\/cortina-56-26-domani-il-debutto\\\/#breadcrumb\"},\"inLanguage\":\"fr-FR\",\"potentialAction\":[{\"@type\":\"ReadAction\",\"target\":[\"https:\\\/\\\/www.bellunopress.it\\\/2026\\\/07\\\/24\\\/cortina-56-26-domani-il-debutto\\\/\"]}]},{\"@type\":\"ImageObject\",\"inLanguage\":\"fr-FR\",\"@id\":\"https:\\\/\\\/www.bellunopress.it\\\/2026\\\/07\\\/24\\\/cortina-56-26-domani-il-debutto\\\/#primaryimage\",\"url\":\"https:\\\/\\\/www.bellunopress.it\\\/wp-content\\\/uploads\\\/2026\\\/07\\\/cortina-56-26.jpg\",\"contentUrl\":\"https:\\\/\\\/www.bellunopress.it\\\/wp-content\\\/uploads\\\/2026\\\/07\\\/cortina-56-26.jpg\",\"width\":500,\"height\":333},{\"@type\":\"BreadcrumbList\",\"@id\":\"https:\\\/\\\/www.bellunopress.it\\\/2026\\\/07\\\/24\\\/cortina-56-26-domani-il-debutto\\\/#breadcrumb\",\"itemListElement\":[{\"@type\":\"ListItem\",\"position\":1,\"name\":\"Home\",\"item\":\"https:\\\/\\\/www.bellunopress.it\\\/\"},{\"@type\":\"ListItem\",\"position\":2,\"name\":\"Cortina 56-26: domani il debutto\"}]},{\"@type\":\"WebSite\",\"@id\":\"https:\\\/\\\/www.bellunopress.it\\\/#website\",\"url\":\"https:\\\/\\\/www.bellunopress.it\\\/\",\"name\":\"Bellunopress - Dolomiti\",\"description\":\"e-mail: redazione@bellunopress.it\",\"publisher\":{\"@id\":\"https:\\\/\\\/www.bellunopress.it\\\/#organization\"},\"potentialAction\":[{\"@type\":\"SearchAction\",\"target\":{\"@type\":\"EntryPoint\",\"urlTemplate\":\"https:\\\/\\\/www.bellunopress.it\\\/?s={search_term_string}\"},\"query-input\":{\"@type\":\"PropertyValueSpecification\",\"valueRequired\":true,\"valueName\":\"search_term_string\"}}],\"inLanguage\":\"fr-FR\"},{\"@type\":\"Organization\",\"@id\":\"https:\\\/\\\/www.bellunopress.it\\\/#organization\",\"name\":\"Bellunopress\",\"url\":\"https:\\\/\\\/www.bellunopress.it\\\/\",\"logo\":{\"@type\":\"ImageObject\",\"inLanguage\":\"fr-FR\",\"@id\":\"https:\\\/\\\/www.bellunopress.it\\\/#\\\/schema\\\/logo\\\/image\\\/\",\"url\":\"https:\\\/\\\/www.bellunopress.it\\\/wp-content\\\/uploads\\\/2011\\\/05\\\/cropped-logo-bellunopress-.jpg\",\"contentUrl\":\"https:\\\/\\\/www.bellunopress.it\\\/wp-content\\\/uploads\\\/2011\\\/05\\\/cropped-logo-bellunopress-.jpg\",\"width\":512,\"height\":512,\"caption\":\"Bellunopress\"},\"image\":{\"@id\":\"https:\\\/\\\/www.bellunopress.it\\\/#\\\/schema\\\/logo\\\/image\\\/\"},\"sameAs\":[\"https:\\\/\\\/www.facebook.com\\\/profile.php?id=100008943462799\",\"https:\\\/\\\/x.com\\\/bellunopress\",\"https:\\\/\\\/www.linkedin.com\\\/hp\\\/?dnr=JBzUWaJfMUw8vbXJJ2tVW5-I3jZKvC4wsoxE&amp;amp;amp;amp;amp;amp;trk=nav_responsive_tab_home\",\"https:\\\/\\\/www.youtube.com\\\/channel\\\/UCxL0wu1uN0_3_7hGG0306cw\"]},{\"@type\":\"Person\",\"@id\":\"https:\\\/\\\/www.bellunopress.it\\\/#\\\/schema\\\/person\\\/79bb06722b37ece1c03d3e94beb30d73\",\"name\":\"redazione\",\"image\":{\"@type\":\"ImageObject\",\"inLanguage\":\"fr-FR\",\"@id\":\"https:\\\/\\\/secure.gravatar.com\\\/avatar\\\/37d968a2e67a6fd04c169c4bdef102d0bc5d31b2546345219e348575eb80e9a0?s=96&d=mm&r=g\",\"url\":\"https:\\\/\\\/secure.gravatar.com\\\/avatar\\\/37d968a2e67a6fd04c169c4bdef102d0bc5d31b2546345219e348575eb80e9a0?s=96&d=mm&r=g\",\"contentUrl\":\"https:\\\/\\\/secure.gravatar.com\\\/avatar\\\/37d968a2e67a6fd04c169c4bdef102d0bc5d31b2546345219e348575eb80e9a0?s=96&d=mm&r=g\",\"caption\":\"redazione\"},\"sameAs\":[\"http:\\\/\\\/www.bellunopress.it\",\"https:\\\/\\\/x.com\\\/bellunopress\"],\"url\":\"https:\\\/\\\/www.bellunopress.it\\\/fr\\\/author\\\/redazione\\\/\"}]}<\/script>\n<!-- \/ Yoast SEO plugin. -->","yoast_head_json":{"title":"Cortina 56-26: domani il debutto - Bellunopress - Dolomiti","robots":{"index":"index","follow":"follow","max-snippet":"max-snippet:-1","max-image-preview":"max-image-preview:large","max-video-preview":"max-video-preview:-1"},"canonical":"https:\/\/www.bellunopress.it\/fr\/2026\/07\/24\/cortina-56-26-domani-il-debutto\/","og_locale":"fr_FR","og_type":"article","og_title":"Cortina 56-26: domani il debutto - Bellunopress - Dolomiti","og_description":"Tutto pronto per il nuovo evento di trail running firmato Fondazione Cortina, che unisce i luoghi simbolo dei Giochi del 1956 e del 2026 Partenza da Piazza Dibona: alle 8.00 il via della 56 km, alle 9.00 della 26 km. Premiazioni alle 17.30 Giornata di intrattenimento e animazione per la comunit\u00e0 al Villaggio di Zuel, [&hellip;]","og_url":"https:\/\/www.bellunopress.it\/fr\/2026\/07\/24\/cortina-56-26-domani-il-debutto\/","og_site_name":"Bellunopress - Dolomiti","article_publisher":"https:\/\/www.facebook.com\/profile.php?id=100008943462799","article_published_time":"2026-07-24T09:34:42+00:00","og_image":[{"width":500,"height":333,"url":"https:\/\/www.bellunopress.it\/wp-content\/uploads\/2026\/07\/cortina-56-26.jpg","type":"image\/jpeg"}],"author":"redazione","twitter_card":"summary_large_image","twitter_creator":"@bellunopress","twitter_site":"@bellunopress","twitter_misc":{"\u00c9crit par":"redazione","Dur\u00e9e de lecture estim\u00e9e":"3 minutes"},"schema":{"@context":"https:\/\/schema.org","@graph":[{"@type":"Article","@id":"https:\/\/www.bellunopress.it\/2026\/07\/24\/cortina-56-26-domani-il-debutto\/#article","isPartOf":{"@id":"https:\/\/www.bellunopress.it\/2026\/07\/24\/cortina-56-26-domani-il-debutto\/"},"author":{"name":"redazione","@id":"https:\/\/www.bellunopress.it\/#\/schema\/person\/79bb06722b37ece1c03d3e94beb30d73"},"headline":"Cortina 56-26: domani il debutto","datePublished":"2026-07-24T09:34:42+00:00","mainEntityOfPage":{"@id":"https:\/\/www.bellunopress.it\/2026\/07\/24\/cortina-56-26-domani-il-debutto\/"},"wordCount":506,"publisher":{"@id":"https:\/\/www.bellunopress.it\/#organization"},"image":{"@id":"https:\/\/www.bellunopress.it\/2026\/07\/24\/cortina-56-26-domani-il-debutto\/#primaryimage"},"thumbnailUrl":"https:\/\/www.bellunopress.it\/wp-content\/uploads\/2026\/07\/cortina-56-26.jpg","articleSection":["Pausa Caff\u00e8","Sport, tempo libero"],"inLanguage":"fr-FR"},{"@type":"WebPage","@id":"https:\/\/www.bellunopress.it\/2026\/07\/24\/cortina-56-26-domani-il-debutto\/","url":"https:\/\/www.bellunopress.it\/2026\/07\/24\/cortina-56-26-domani-il-debutto\/","name":"Cortina 56-26: domani il debutto - Bellunopress - Dolomiti","isPartOf":{"@id":"https:\/\/www.bellunopress.it\/#website"},"primaryImageOfPage":{"@id":"https:\/\/www.bellunopress.it\/2026\/07\/24\/cortina-56-26-domani-il-debutto\/#primaryimage"},"image":{"@id":"https:\/\/www.bellunopress.it\/2026\/07\/24\/cortina-56-26-domani-il-debutto\/#primaryimage"},"thumbnailUrl":"https:\/\/www.bellunopress.it\/wp-content\/uploads\/2026\/07\/cortina-56-26.jpg","datePublished":"2026-07-24T09:34:42+00:00","breadcrumb":{"@id":"https:\/\/www.bellunopress.it\/2026\/07\/24\/cortina-56-26-domani-il-debutto\/#breadcrumb"},"inLanguage":"fr-FR","potentialAction":[{"@type":"ReadAction","target":["https:\/\/www.bellunopress.it\/2026\/07\/24\/cortina-56-26-domani-il-debutto\/"]}]},{"@type":"ImageObject","inLanguage":"fr-FR","@id":"https:\/\/www.bellunopress.it\/2026\/07\/24\/cortina-56-26-domani-il-debutto\/#primaryimage","url":"https:\/\/www.bellunopress.it\/wp-content\/uploads\/2026\/07\/cortina-56-26.jpg","contentUrl":"https:\/\/www.bellunopress.it\/wp-content\/uploads\/2026\/07\/cortina-56-26.jpg","width":500,"height":333},{"@type":"BreadcrumbList","@id":"https:\/\/www.bellunopress.it\/2026\/07\/24\/cortina-56-26-domani-il-debutto\/#breadcrumb","itemListElement":[{"@type":"ListItem","position":1,"name":"Home","item":"https:\/\/www.bellunopress.it\/"},{"@type":"ListItem","position":2,"name":"Cortina 56-26: domani il debutto"}]},{"@type":"WebSite","@id":"https:\/\/www.bellunopress.it\/#website","url":"https:\/\/www.bellunopress.it\/","name":"Bellunopress - Dolomiti","description":"e-mail: redazione@bellunopress.it","publisher":{"@id":"https:\/\/www.bellunopress.it\/#organization"},"potentialAction":[{"@type":"SearchAction","target":{"@type":"EntryPoint","urlTemplate":"https:\/\/www.bellunopress.it\/?s={search_term_string}"},"query-input":{"@type":"PropertyValueSpecification","valueRequired":true,"valueName":"search_term_string"}}],"inLanguage":"fr-FR"},{"@type":"Organization","@id":"https:\/\/www.bellunopress.it\/#organization","name":"Bellunopress","url":"https:\/\/www.bellunopress.it\/","logo":{"@type":"ImageObject","inLanguage":"fr-FR","@id":"https:\/\/www.bellunopress.it\/#\/schema\/logo\/image\/","url":"https:\/\/www.bellunopress.it\/wp-content\/uploads\/2011\/05\/cropped-logo-bellunopress-.jpg","contentUrl":"https:\/\/www.bellunopress.it\/wp-content\/uploads\/2011\/05\/cropped-logo-bellunopress-.jpg","width":512,"height":512,"caption":"Bellunopress"},"image":{"@id":"https:\/\/www.bellunopress.it\/#\/schema\/logo\/image\/"},"sameAs":["https:\/\/www.facebook.com\/profile.php?id=100008943462799","https:\/\/x.com\/bellunopress","https:\/\/www.linkedin.com\/hp\/?dnr=JBzUWaJfMUw8vbXJJ2tVW5-I3jZKvC4wsoxE&amp;amp;amp;amp;amp;amp;trk=nav_responsive_tab_home","https:\/\/www.youtube.com\/channel\/UCxL0wu1uN0_3_7hGG0306cw"]},{"@type":"Person","@id":"https:\/\/www.bellunopress.it\/#\/schema\/person\/79bb06722b37ece1c03d3e94beb30d73","name":"r\u00e9daction","image":{"@type":"ImageObject","inLanguage":"fr-FR","@id":"https:\/\/secure.gravatar.com\/avatar\/37d968a2e67a6fd04c169c4bdef102d0bc5d31b2546345219e348575eb80e9a0?s=96&d=mm&r=g","url":"https:\/\/secure.gravatar.com\/avatar\/37d968a2e67a6fd04c169c4bdef102d0bc5d31b2546345219e348575eb80e9a0?s=96&d=mm&r=g","contentUrl":"https:\/\/secure.gravatar.com\/avatar\/37d968a2e67a6fd04c169c4bdef102d0bc5d31b2546345219e348575eb80e9a0?s=96&d=mm&r=g","caption":"redazione"},"sameAs":["http:\/\/www.bellunopress.it","https:\/\/x.com\/bellunopress"],"url":"https:\/\/www.bellunopress.it\/fr\/author\/redazione\/"}]}},"_links":{"self":[{"href":"https:\/\/www.bellunopress.it\/fr\/wp-json\/wp\/v2\/posts\/172149","targetHints":{"allow":["GET"]}}],"collection":[{"href":"https:\/\/www.bellunopress.it\/fr\/wp-json\/wp\/v2\/posts"}],"about":[{"href":"https:\/\/www.bellunopress.it\/fr\/wp-json\/wp\/v2\/types\/post"}],"author":[{"embeddable":true,"href":"https:\/\/www.bellunopress.it\/fr\/wp-json\/wp\/v2\/users\/2"}],"replies":[{"embeddable":true,"href":"https:\/\/www.bellunopress.it\/fr\/wp-json\/wp\/v2\/comments?post=172149"}],"version-history":[{"count":1,"href":"https:\/\/www.bellunopress.it\/fr\/wp-json\/wp\/v2\/posts\/172149\/revisions"}],"predecessor-version":[{"id":172151,"href":"https:\/\/www.bellunopress.it\/fr\/wp-json\/wp\/v2\/posts\/172149\/revisions\/172151"}],"wp:featuredmedia":[{"embeddable":true,"href":"https:\/\/www.bellunopress.it\/fr\/wp-json\/wp\/v2\/media\/172150"}],"wp:attachment":[{"href":"https:\/\/www.bellunopress.it\/fr\/wp-json\/wp\/v2\/media?parent=172149"}],"wp:term":[{"taxonomy":"category","embeddable":true,"href":"https:\/\/www.bellunopress.it\/fr\/wp-json\/wp\/v2\/categories?post=172149"},{"taxonomy":"post_tag","embeddable":true,"href":"https:\/\/www.bellunopress.it\/fr\/wp-json\/wp\/v2\/tags?post=172149"}],"curies":[{"name":"wp","href":"https:\/\/api.w.org\/{rel}","templated":true}]}}