{"id":172140,"date":"2026-07-24T10:27:15","date_gmt":"2026-07-24T08:27:15","guid":{"rendered":"https:\/\/www.bellunopress.it\/?p=172140"},"modified":"2026-07-24T10:27:15","modified_gmt":"2026-07-24T08:27:15","slug":"radio-cortina-celebra-50-anni-di-informazione-musica-passione-al-servizio-del-territorio","status":"publish","type":"post","link":"https:\/\/www.bellunopress.it\/fr\/2026\/07\/24\/radio-cortina-celebra-50-anni-di-informazione-musica-passione-al-servizio-del-territorio\/","title":{"rendered":"Radio Cortina celebra 50 anni di informazione. Musica, passione al servizio del territorio"},"content":{"rendered":"<p><strong>Il 29 luglio la storica emittente festeggia il cinquantesimo anniversario con una diretta speciale in piazza Angelo Dibona. Dal 1976 a oggi Radio Cortina continua a raccontare la vita della comunit\u00e0 ampezzana, accompagnando il territorio nei suoi momenti pi\u00f9 significativi, dai grandi eventi sportivi fino ai Giochi Olimpici e Paralimpici di Milano Cortina 2026<\/strong><\/p>\n<p>Cortina d&#8217;Ampezzo, 24 luglio 2026_ C&#8217;\u00e8 chi la ascolta ogni mattina per conoscere le notizie del territorio, chi l&#8217;ha seguita durante le partite di hockey, chi l&#8217;ha scoperta grazie ai grandi eventi internazionali e chi continua a sceglierla semplicemente perch\u00e9 racconta Cortina con la voce di chi la vive ogni giorno. Il 29 luglio Radio Cortina festeggia cinquant&#8217;anni di attivit\u00e0, un traguardo che coincide con mezzo secolo di informazione, musica e servizio alla comunit\u00e0.<\/p>\n<p>Per celebrare questo importante anniversario, dalle 9.30 piazza Angelo Dibona si trasformer\u00e0 in uno studio radiofonico a cielo aperto. La diretta speciale sar\u00e0 presentata da Antonio Colli e vedr\u00e0 salire sul palco Nives Milani, lo staff dell&#8217;emittente, numerosi ospiti e alcuni di coloro che nell&#8217;estate del 1976 diedero vita alle prime trasmissioni in FM. Sar\u00e0 una giornata di festa aperta a tutta la cittadinanza, per ripercorrere insieme una storia lunga cinquant&#8217;anni e celebrare una radio che continua a rappresentare una presenza quotidiana per Cortina e le Dolomiti.<\/p>\n<p><strong>Da 50 anni la voce della Regina delle Dolomiti<\/strong><\/p>\n<p>Radio Cortina nasce il 29 luglio 1976 dall&#8217;entusiasmo di una decina di ragazzi e ragazze che, con pochi mezzi ma una grande passione, decidono di dare vita a una radio privata, proprio negli anni in cui le prime emittenti libere stavano cambiando il modo di fare comunicazione in Italia. La prima sede \u00e8 in centro a Cortina. \u00c8 da l\u00ec che prende il via un&#8217;avventura destinata a diventare un punto di riferimento per il territorio. Fin dagli esordi la programmazione propone musica scelta dagli ascoltatori, informazione e interviste, ma introduce anche una novit\u00e0 assoluta per quel periodo: le radiocronache sportive. Tra i primi grandi successi dell&#8217;emittente c&#8217;\u00e8 l&#8217;intervista allo scrittore Saul Bellow, che nell&#8217;estate del 1976 trascorre due mesi a Cortina d&#8217;Ampezzo. Soltanto tre mesi dopo gli verr\u00e0 conferito il Premio Nobel per la Letteratura, regalando a Radio Cortina uno dei primi grandi risultati giornalistici della sua storia.<\/p>\n<p>Lo sport diventa presto uno dei tratti distintivi della radio. Negli anni successivi Radio Cortina segue infatti il campionato di hockey su ghiaccio e Gianni Milani diventa il primo cronista radiofonico del settore privato a raccontare le partite disputate allo Stadio Olimpico utilizzando un baracchino CB. Alla guida dell&#8217;emittente ci sono Renato Zanolli, direttore responsabile, e Nives Milani, direttrice dei programmi.<\/p>\n<p>Nel 1978 Radio Cortina viene rilevata da Gianni Milani, che dal 1981 assume anche il ruolo di direttore responsabile. Tra i primi conduttori figurano Marco Lorenzi, Rudi Zanettin e Barbara Paolazzi. Sono anni in cui tutta la programmazione viene trasmessa rigorosamente in diretta, anche durante la notte, perch\u00e9 non esistono ancora registratori a bobina in grado di automatizzare la messa in onda. La radio vive grazie alla presenza costante dei suoi conduttori e alla passione di chi sceglie di stare davanti al microfono giorno e notte.<\/p>\n<p>Il 13 settembre 1981 Radio Cortina compie un&#8217;altra scelta pionieristica. \u00c8 infatti la prima radio italiana a trasmettere in diretta le sedute del Consiglio comunale, offrendo un servizio che continua ancora oggi e che testimonia il profondo legame dell&#8217;emittente con la vita pubblica della comunit\u00e0. Sempre dagli anni Ottanta, ogni domenica, Radio Cortina trasmette inoltre la diretta della Santa Messa, mantenendo vivo un servizio particolarmente apprezzato dagli ascoltatori che non possono seguire in presenza la funzione. Profondamente radicata nel territorio e molto seguita anche dai turisti, Radio Cortina conserva negli anni una formula che continua ancora oggi a rappresentarne il punto di forza: informazione, musica e intrattenimento.<\/p>\n<p>Gli studi dell&#8217;emittente diventano cos\u00ec un luogo di incontro per protagonisti della cultura, della politica, dello spettacolo e dello sport. Ai microfoni di Radio Cortina intervengono, tra gli altri, politici come Giovanni Spadolini e Giulio Andreotti, lo scrittore Luciano De Crescenzo, l&#8217;imprenditore Luca Cordero di Montezemolo, l&#8217;artista Fiorello, lo sciatore Kristian Ghedina, i recenti medagliati olimpici Stefania Constantini, Lucia Dalmasso e Ren\u00e9 De Silvestro e numerosi altri ospiti che, nel corso degli anni, contribuiscono ad arricchire la programmazione dell&#8217;emittente.<\/p>\n<p>La capacit\u00e0 di innovare accompagna Radio Cortina anche sul piano tecnologico. Nel gennaio 1998, grazie a un&#8217;intuizione di Gianni Milani, diventa infatti una delle prime emittenti radiofoniche italiane a trasmettere in streaming su Internet, anticipando una trasformazione destinata a rivoluzionare il mondo della radio e permettendo agli ascoltatori di seguire la programmazione ben oltre i confini della valle.<\/p>\n<p>Nel 2006, in occasione del cinquantesimo anniversario delle Olimpiadi Invernali di Cortina del 1956, Radio Cortina celebra quello storico appuntamento con una serie di iniziative speciali, confermando ancora una volta la volont\u00e0 di accompagnare i momenti pi\u00f9 significativi della storia della localit\u00e0.<\/p>\n<p>Settant&#8217;anni dopo le Olimpiadi Invernali del 1956, Radio Cortina si \u00e8 trovata ancora una volta a raccontare un appuntamento destinato a entrare nella storia del territorio. In occasione dei Giochi Olimpici e Paralimpici di Milano Cortina 2026, l&#8217;emittente \u00e8 stata infatti in prima linea con collegamenti quotidiani, interviste ad atleti, tecnici, volontari, istituzioni e protagonisti dei Giochi, oltre a servizi, approfondimenti e cronache dal territorio. Un racconto continuo che ha accompagnato gli ascoltatori durante tutta la manifestazione, confermando Radio Cortina come punto di riferimento dell&#8217;informazione locale e voce della comunit\u00e0 ampezzana in uno dei momenti pi\u00f9 importanti della sua storia recente.<\/p>\n<p>Questo ruolo affonda le proprie radici nella quotidianit\u00e0. Oggi Radio Cortina continua, infatti, a essere una presenza autorevole e familiare per la comunit\u00e0 ampezzana e per i tanti ascoltatori che la seguono anche da fuori valle. Il palinsesto \u00e8 dinamico e mantiene vivo quello spirito che ha sempre caratterizzato l&#8217;emittente: informare, raccontare il territorio, accompagnare gli ascoltatori e dare spazio alle persone.<\/p>\n<p>Tra le sue voci storiche c&#8217;\u00e8 Nives Milani, che continua ancora oggi a rappresentare uno dei punti di riferimento della radio. Simona Rattini, in arte Mos\u00ec, \u00e8 da anni una delle speaker pi\u00f9 conosciute dell&#8217;emittente e conduce ogni pomeriggio Internavigando tra il topo e l&#8217;elefante, programma dedicato alla musica, all&#8217;attualit\u00e0 e all&#8217;intrattenimento. La giornalista Alessandra Segafreddo segue l&#8217;informazione locale con il Giornale delle Dolomiti e conduce diverse trasmissioni di approfondimento, mentre il giornalista Ilario Tancon collabora al Giornale delle Dolomiti, garantendo un&#8217;informazione puntuale e costante su ci\u00f2 che accade a Cortina e nelle vallate dolomitiche. Lo sport continua a occupare uno spazio importante nella programmazione dell&#8217;emittente. Luca Zardini Lacedelli \u00e8 stato per anni la storica voce delle radiocronache dedicate alla Sportivi Ghiaccio Cortina, facendo vivere ai radioascoltatori le emozioni delle partite di Serie A. Un racconto che proseguiva ogni luned\u00ec con Spin-O-Rama, programma interamente dedicato all&#8217;hockey e ai suoi protagonisti, diventato un appuntamento fisso per gli appassionati. La musica ha sempre rappresentato un&#8217;altra componente fondamentale dell&#8217;identit\u00e0 di Radio Cortina, grazie a Mos\u00ec, con interviste a cantanti, produttori, musicisti ed etichette musicali nazionali ed internazionali, proposte nel pomeriggio.<\/p>\n<p>Nel corso degli anni numerose voci si sono alternate davanti al microfono e tanti giovani dj hanno animato la programmazione serale dell&#8217;emittente, capitanati da Dj Daido (Davide Siorpaes), contribuendo a coinvolgere nuove generazioni di ascoltatori.<\/p>\n<p>Accanto alla programmazione quotidiana, Radio Cortina continua inoltre a essere media partner di numerosi eventi organizzati a Cortina d&#8217;Ampezzo e sulle Dolomiti, affiancando manifestazioni sportive, culturali e turistiche e contribuendo, attraverso il proprio lavoro, alla promozione del territorio e delle sue eccellenze.<\/p>\n<p>Negli ultimi anni l&#8217;emittente ha raccontato da vicino anche i grandi appuntamenti internazionali che hanno riportato Cortina al centro della scena mondiale. Durante i Campionati del Mondo di Sci Alpino Cortina 2021, Radio Cortina ha seguito quotidianamente l&#8217;evento con servizi, interviste e approfondimenti, accompagnando la comunit\u00e0 e i tanti appassionati durante una manifestazione che ha rappresentato una tappa fondamentale nel percorso che ha portato la localit\u00e0 verso i Giochi Olimpici e Paralimpici del 2026.<\/p>\n<p>Il traguardo dei cinquant&#8217;anni \u00e8 stato celebrato anche a livello nazionale. In occasione dell&#8217;anniversario, Aeranti-Corallo ha premiato a Roma Radio Cortina tra le emittenti radiofoniche italiane che hanno raggiunto il prestigioso traguardo dei cinquant&#8217;anni di attivit\u00e0, riconoscendone la continuit\u00e0, la professionalit\u00e0 e il servizio svolto ininterrottamente a favore del territorio e dei suoi ascoltatori. Il riconoscimento \u00e8 stato ritirato dall&#8217;amministratore delegato Stefano Della Bona, a testimonianza di un percorso costruito giorno dopo giorno grazie all&#8217;impegno di tante persone.<\/p>\n<p><strong>&#8220;50 Volti per Cortina&#8221;, mostra diffusa dell&#8217;artista Renato Missaglia<\/strong><\/p>\n<p>Le celebrazioni del cinquantesimo anniversario saranno accompagnate anche dalla mostra diffusa &#8220;50 Volti per Cortina&#8221;, firmata dal fotografo Renato Missaglia. L&#8217;iniziativa rende omaggio a cinquanta protagonisti che, con il loro lavoro, il loro talento e il loro impegno, hanno contribuito a scrivere la storia, la cultura e l&#8217;identit\u00e0 di Cortina d&#8217;Ampezzo. I ritratti saranno ospitati in diverse sedi espositive della localit\u00e0 \u2013 Hotel de la Poste, Granocchia Fine Art, Cris Contini Contemporary, La Ruotellina \u2013 Claudio Zanettin Galleria d&#8217;Antiquariato, Libreria Sovilla e Grand Hotel Savoia Cortina d&#8217;Ampezzo\/Yacht Club Cortina d&#8217;Ampezzo \u2013 trasformando il centro di Cortina in un percorso espositivo che durer\u00e0 per l&#8217;intero anno delle celebrazioni e che invita residenti e visitatori a riscoprire i volti di chi ha contribuito a costruire la storia della Regina delle Dolomiti.<\/p>\n<p>Cinquant&#8217;anni dopo quella prima trasmissione Radio Cortina continua a guardare al futuro con lo stesso entusiasmo che ne ha accompagnato la nascita. Il 29 luglio sar\u00e0 dunque l&#8217;occasione per ritrovarsi insieme in piazza Angelo Dibona e festeggiare una storia costruita giorno dopo giorno grazie al lavoro, alla passione e alla professionalit\u00e0 di chi ha animato l&#8217;emittente in questi cinquant&#8217;anni e di chi, ancora oggi, ogni giorno accende quei microfoni per raccontare Cortina e le Dolomiti.<\/p>\n<p>*Nell&#8217;immagine la consegna del riconoscimento dell&#8217;Associazione Aeranti-Corallo a Stefano Della Bona, Amministratore delegato di Radio Cortina.<\/p>","protected":false},"excerpt":{"rendered":"<p>Il 29 luglio la storica emittente festeggia il cinquantesimo anniversario con una diretta speciale in piazza Angelo Dibona. Dal 1976 a oggi Radio Cortina continua a raccontare la vita della comunit\u00e0 ampezzana, accompagnando il territorio nei suoi momenti pi\u00f9 significativi, dai grandi eventi sportivi fino ai Giochi Olimpici e Paralimpici di Milano Cortina 2026 Cortina [&hellip;]<\/p>\n","protected":false},"author":2,"featured_media":172141,"comment_status":"closed","ping_status":"open","sticky":false,"template":"","format":"standard","meta":{"footnotes":""},"categories":[27,25],"tags":[],"class_list":["post-172140","post","type-post","status-publish","format-standard","has-post-thumbnail","category-appuntamenti","category-pausa-caffe"],"yoast_head":"<!-- This site is optimized with the Yoast SEO plugin v28.4 - https:\/\/yoast.com\/product\/yoast-seo-wordpress\/ -->\n<title>Radio Cortina celebra 50 anni di informazione. Musica, passione al servizio del territorio - Bellunopress - Dolomiti<\/title>\n<meta name=\"robots\" content=\"index, follow, max-snippet:-1, max-image-preview:large, max-video-preview:-1\" \/>\n<link rel=\"canonical\" href=\"https:\/\/www.bellunopress.it\/fr\/2026\/07\/24\/radio-cortina-celebra-50-anni-di-informazione-musica-passione-al-servizio-del-territorio\/\" \/>\n<meta property=\"og:locale\" content=\"fr_FR\" \/>\n<meta property=\"og:type\" content=\"article\" \/>\n<meta property=\"og:title\" content=\"Radio Cortina celebra 50 anni di informazione. Musica, passione al servizio del territorio - Bellunopress - Dolomiti\" \/>\n<meta property=\"og:description\" content=\"Il 29 luglio la storica emittente festeggia il cinquantesimo anniversario con una diretta speciale in piazza Angelo Dibona. Dal 1976 a oggi Radio Cortina continua a raccontare la vita della comunit\u00e0 ampezzana, accompagnando il territorio nei suoi momenti pi\u00f9 significativi, dai grandi eventi sportivi fino ai Giochi Olimpici e Paralimpici di Milano Cortina 2026 Cortina [&hellip;]\" \/>\n<meta property=\"og:url\" content=\"https:\/\/www.bellunopress.it\/fr\/2026\/07\/24\/radio-cortina-celebra-50-anni-di-informazione-musica-passione-al-servizio-del-territorio\/\" \/>\n<meta property=\"og:site_name\" content=\"Bellunopress - Dolomiti\" \/>\n<meta property=\"article:publisher\" content=\"https:\/\/www.facebook.com\/profile.php?id=100008943462799\" \/>\n<meta property=\"article:published_time\" content=\"2026-07-24T08:27:15+00:00\" \/>\n<meta property=\"og:image\" content=\"https:\/\/www.bellunopress.it\/wp-content\/uploads\/2026\/07\/radio-cortina.jpg\" \/>\n\t<meta property=\"og:image:width\" content=\"600\" \/>\n\t<meta property=\"og:image:height\" content=\"400\" \/>\n\t<meta property=\"og:image:type\" content=\"image\/jpeg\" \/>\n<meta name=\"author\" content=\"redazione\" \/>\n<meta name=\"twitter:card\" content=\"summary_large_image\" \/>\n<meta name=\"twitter:creator\" content=\"@bellunopress\" \/>\n<meta name=\"twitter:site\" content=\"@bellunopress\" \/>\n<meta name=\"twitter:label1\" content=\"\u00c9crit par\" \/>\n\t<meta name=\"twitter:data1\" content=\"redazione\" \/>\n\t<meta name=\"twitter:label2\" content=\"Dur\u00e9e de lecture estim\u00e9e\" \/>\n\t<meta name=\"twitter:data2\" content=\"9 minutes\" \/>\n<script type=\"application\/ld+json\" class=\"yoast-schema-graph\">{\"@context\":\"https:\\\/\\\/schema.org\",\"@graph\":[{\"@type\":\"Article\",\"@id\":\"https:\\\/\\\/www.bellunopress.it\\\/2026\\\/07\\\/24\\\/radio-cortina-celebra-50-anni-di-informazione-musica-passione-al-servizio-del-territorio\\\/#article\",\"isPartOf\":{\"@id\":\"https:\\\/\\\/www.bellunopress.it\\\/2026\\\/07\\\/24\\\/radio-cortina-celebra-50-anni-di-informazione-musica-passione-al-servizio-del-territorio\\\/\"},\"author\":{\"name\":\"redazione\",\"@id\":\"https:\\\/\\\/www.bellunopress.it\\\/#\\\/schema\\\/person\\\/79bb06722b37ece1c03d3e94beb30d73\"},\"headline\":\"Radio Cortina celebra 50 anni di informazione. Musica, passione al servizio del territorio\",\"datePublished\":\"2026-07-24T08:27:15+00:00\",\"mainEntityOfPage\":{\"@id\":\"https:\\\/\\\/www.bellunopress.it\\\/2026\\\/07\\\/24\\\/radio-cortina-celebra-50-anni-di-informazione-musica-passione-al-servizio-del-territorio\\\/\"},\"wordCount\":1645,\"publisher\":{\"@id\":\"https:\\\/\\\/www.bellunopress.it\\\/#organization\"},\"image\":{\"@id\":\"https:\\\/\\\/www.bellunopress.it\\\/2026\\\/07\\\/24\\\/radio-cortina-celebra-50-anni-di-informazione-musica-passione-al-servizio-del-territorio\\\/#primaryimage\"},\"thumbnailUrl\":\"https:\\\/\\\/www.bellunopress.it\\\/wp-content\\\/uploads\\\/2026\\\/07\\\/radio-cortina.jpg\",\"articleSection\":[\"Appuntamenti, Eventi\",\"Pausa Caff\u00e8\"],\"inLanguage\":\"fr-FR\"},{\"@type\":\"WebPage\",\"@id\":\"https:\\\/\\\/www.bellunopress.it\\\/2026\\\/07\\\/24\\\/radio-cortina-celebra-50-anni-di-informazione-musica-passione-al-servizio-del-territorio\\\/\",\"url\":\"https:\\\/\\\/www.bellunopress.it\\\/2026\\\/07\\\/24\\\/radio-cortina-celebra-50-anni-di-informazione-musica-passione-al-servizio-del-territorio\\\/\",\"name\":\"Radio Cortina celebra 50 anni di informazione. Musica, passione al servizio del territorio - Bellunopress - Dolomiti\",\"isPartOf\":{\"@id\":\"https:\\\/\\\/www.bellunopress.it\\\/#website\"},\"primaryImageOfPage\":{\"@id\":\"https:\\\/\\\/www.bellunopress.it\\\/2026\\\/07\\\/24\\\/radio-cortina-celebra-50-anni-di-informazione-musica-passione-al-servizio-del-territorio\\\/#primaryimage\"},\"image\":{\"@id\":\"https:\\\/\\\/www.bellunopress.it\\\/2026\\\/07\\\/24\\\/radio-cortina-celebra-50-anni-di-informazione-musica-passione-al-servizio-del-territorio\\\/#primaryimage\"},\"thumbnailUrl\":\"https:\\\/\\\/www.bellunopress.it\\\/wp-content\\\/uploads\\\/2026\\\/07\\\/radio-cortina.jpg\",\"datePublished\":\"2026-07-24T08:27:15+00:00\",\"breadcrumb\":{\"@id\":\"https:\\\/\\\/www.bellunopress.it\\\/2026\\\/07\\\/24\\\/radio-cortina-celebra-50-anni-di-informazione-musica-passione-al-servizio-del-territorio\\\/#breadcrumb\"},\"inLanguage\":\"fr-FR\",\"potentialAction\":[{\"@type\":\"ReadAction\",\"target\":[\"https:\\\/\\\/www.bellunopress.it\\\/2026\\\/07\\\/24\\\/radio-cortina-celebra-50-anni-di-informazione-musica-passione-al-servizio-del-territorio\\\/\"]}]},{\"@type\":\"ImageObject\",\"inLanguage\":\"fr-FR\",\"@id\":\"https:\\\/\\\/www.bellunopress.it\\\/2026\\\/07\\\/24\\\/radio-cortina-celebra-50-anni-di-informazione-musica-passione-al-servizio-del-territorio\\\/#primaryimage\",\"url\":\"https:\\\/\\\/www.bellunopress.it\\\/wp-content\\\/uploads\\\/2026\\\/07\\\/radio-cortina.jpg\",\"contentUrl\":\"https:\\\/\\\/www.bellunopress.it\\\/wp-content\\\/uploads\\\/2026\\\/07\\\/radio-cortina.jpg\",\"width\":600,\"height\":400,\"caption\":\"La consegna del riconoscimento dell'Associazione Aeranti-Corallo a Stefano Della Bona, Amministratore delegato di Radio Cortina\"},{\"@type\":\"BreadcrumbList\",\"@id\":\"https:\\\/\\\/www.bellunopress.it\\\/2026\\\/07\\\/24\\\/radio-cortina-celebra-50-anni-di-informazione-musica-passione-al-servizio-del-territorio\\\/#breadcrumb\",\"itemListElement\":[{\"@type\":\"ListItem\",\"position\":1,\"name\":\"Home\",\"item\":\"https:\\\/\\\/www.bellunopress.it\\\/\"},{\"@type\":\"ListItem\",\"position\":2,\"name\":\"Radio Cortina celebra 50 anni di informazione. Musica, passione al servizio del territorio\"}]},{\"@type\":\"WebSite\",\"@id\":\"https:\\\/\\\/www.bellunopress.it\\\/#website\",\"url\":\"https:\\\/\\\/www.bellunopress.it\\\/\",\"name\":\"Bellunopress - Dolomiti\",\"description\":\"e-mail: redazione@bellunopress.it\",\"publisher\":{\"@id\":\"https:\\\/\\\/www.bellunopress.it\\\/#organization\"},\"potentialAction\":[{\"@type\":\"SearchAction\",\"target\":{\"@type\":\"EntryPoint\",\"urlTemplate\":\"https:\\\/\\\/www.bellunopress.it\\\/?s={search_term_string}\"},\"query-input\":{\"@type\":\"PropertyValueSpecification\",\"valueRequired\":true,\"valueName\":\"search_term_string\"}}],\"inLanguage\":\"fr-FR\"},{\"@type\":\"Organization\",\"@id\":\"https:\\\/\\\/www.bellunopress.it\\\/#organization\",\"name\":\"Bellunopress\",\"url\":\"https:\\\/\\\/www.bellunopress.it\\\/\",\"logo\":{\"@type\":\"ImageObject\",\"inLanguage\":\"fr-FR\",\"@id\":\"https:\\\/\\\/www.bellunopress.it\\\/#\\\/schema\\\/logo\\\/image\\\/\",\"url\":\"https:\\\/\\\/www.bellunopress.it\\\/wp-content\\\/uploads\\\/2011\\\/05\\\/cropped-logo-bellunopress-.jpg\",\"contentUrl\":\"https:\\\/\\\/www.bellunopress.it\\\/wp-content\\\/uploads\\\/2011\\\/05\\\/cropped-logo-bellunopress-.jpg\",\"width\":512,\"height\":512,\"caption\":\"Bellunopress\"},\"image\":{\"@id\":\"https:\\\/\\\/www.bellunopress.it\\\/#\\\/schema\\\/logo\\\/image\\\/\"},\"sameAs\":[\"https:\\\/\\\/www.facebook.com\\\/profile.php?id=100008943462799\",\"https:\\\/\\\/x.com\\\/bellunopress\",\"https:\\\/\\\/www.linkedin.com\\\/hp\\\/?dnr=JBzUWaJfMUw8vbXJJ2tVW5-I3jZKvC4wsoxE&amp;amp;amp;amp;amp;amp;trk=nav_responsive_tab_home\",\"https:\\\/\\\/www.youtube.com\\\/channel\\\/UCxL0wu1uN0_3_7hGG0306cw\"]},{\"@type\":\"Person\",\"@id\":\"https:\\\/\\\/www.bellunopress.it\\\/#\\\/schema\\\/person\\\/79bb06722b37ece1c03d3e94beb30d73\",\"name\":\"redazione\",\"image\":{\"@type\":\"ImageObject\",\"inLanguage\":\"fr-FR\",\"@id\":\"https:\\\/\\\/secure.gravatar.com\\\/avatar\\\/37d968a2e67a6fd04c169c4bdef102d0bc5d31b2546345219e348575eb80e9a0?s=96&d=mm&r=g\",\"url\":\"https:\\\/\\\/secure.gravatar.com\\\/avatar\\\/37d968a2e67a6fd04c169c4bdef102d0bc5d31b2546345219e348575eb80e9a0?s=96&d=mm&r=g\",\"contentUrl\":\"https:\\\/\\\/secure.gravatar.com\\\/avatar\\\/37d968a2e67a6fd04c169c4bdef102d0bc5d31b2546345219e348575eb80e9a0?s=96&d=mm&r=g\",\"caption\":\"redazione\"},\"sameAs\":[\"http:\\\/\\\/www.bellunopress.it\",\"https:\\\/\\\/x.com\\\/bellunopress\"],\"url\":\"https:\\\/\\\/www.bellunopress.it\\\/fr\\\/author\\\/redazione\\\/\"}]}<\/script>\n<!-- \/ Yoast SEO plugin. -->","yoast_head_json":{"title":"Radio Cortina celebra 50 anni di informazione. Musica, passione al servizio del territorio - Bellunopress - Dolomiti","robots":{"index":"index","follow":"follow","max-snippet":"max-snippet:-1","max-image-preview":"max-image-preview:large","max-video-preview":"max-video-preview:-1"},"canonical":"https:\/\/www.bellunopress.it\/fr\/2026\/07\/24\/radio-cortina-celebra-50-anni-di-informazione-musica-passione-al-servizio-del-territorio\/","og_locale":"fr_FR","og_type":"article","og_title":"Radio Cortina celebra 50 anni di informazione. Musica, passione al servizio del territorio - Bellunopress - Dolomiti","og_description":"Il 29 luglio la storica emittente festeggia il cinquantesimo anniversario con una diretta speciale in piazza Angelo Dibona. Dal 1976 a oggi Radio Cortina continua a raccontare la vita della comunit\u00e0 ampezzana, accompagnando il territorio nei suoi momenti pi\u00f9 significativi, dai grandi eventi sportivi fino ai Giochi Olimpici e Paralimpici di Milano Cortina 2026 Cortina [&hellip;]","og_url":"https:\/\/www.bellunopress.it\/fr\/2026\/07\/24\/radio-cortina-celebra-50-anni-di-informazione-musica-passione-al-servizio-del-territorio\/","og_site_name":"Bellunopress - Dolomiti","article_publisher":"https:\/\/www.facebook.com\/profile.php?id=100008943462799","article_published_time":"2026-07-24T08:27:15+00:00","og_image":[{"width":600,"height":400,"url":"https:\/\/www.bellunopress.it\/wp-content\/uploads\/2026\/07\/radio-cortina.jpg","type":"image\/jpeg"}],"author":"redazione","twitter_card":"summary_large_image","twitter_creator":"@bellunopress","twitter_site":"@bellunopress","twitter_misc":{"\u00c9crit par":"redazione","Dur\u00e9e de lecture estim\u00e9e":"9 minutes"},"schema":{"@context":"https:\/\/schema.org","@graph":[{"@type":"Article","@id":"https:\/\/www.bellunopress.it\/2026\/07\/24\/radio-cortina-celebra-50-anni-di-informazione-musica-passione-al-servizio-del-territorio\/#article","isPartOf":{"@id":"https:\/\/www.bellunopress.it\/2026\/07\/24\/radio-cortina-celebra-50-anni-di-informazione-musica-passione-al-servizio-del-territorio\/"},"author":{"name":"redazione","@id":"https:\/\/www.bellunopress.it\/#\/schema\/person\/79bb06722b37ece1c03d3e94beb30d73"},"headline":"Radio Cortina celebra 50 anni di informazione. Musica, passione al servizio del territorio","datePublished":"2026-07-24T08:27:15+00:00","mainEntityOfPage":{"@id":"https:\/\/www.bellunopress.it\/2026\/07\/24\/radio-cortina-celebra-50-anni-di-informazione-musica-passione-al-servizio-del-territorio\/"},"wordCount":1645,"publisher":{"@id":"https:\/\/www.bellunopress.it\/#organization"},"image":{"@id":"https:\/\/www.bellunopress.it\/2026\/07\/24\/radio-cortina-celebra-50-anni-di-informazione-musica-passione-al-servizio-del-territorio\/#primaryimage"},"thumbnailUrl":"https:\/\/www.bellunopress.it\/wp-content\/uploads\/2026\/07\/radio-cortina.jpg","articleSection":["Appuntamenti, Eventi","Pausa Caff\u00e8"],"inLanguage":"fr-FR"},{"@type":"WebPage","@id":"https:\/\/www.bellunopress.it\/2026\/07\/24\/radio-cortina-celebra-50-anni-di-informazione-musica-passione-al-servizio-del-territorio\/","url":"https:\/\/www.bellunopress.it\/2026\/07\/24\/radio-cortina-celebra-50-anni-di-informazione-musica-passione-al-servizio-del-territorio\/","name":"Radio Cortina celebra 50 anni di informazione. Musica, passione al servizio del territorio - Bellunopress - Dolomiti","isPartOf":{"@id":"https:\/\/www.bellunopress.it\/#website"},"primaryImageOfPage":{"@id":"https:\/\/www.bellunopress.it\/2026\/07\/24\/radio-cortina-celebra-50-anni-di-informazione-musica-passione-al-servizio-del-territorio\/#primaryimage"},"image":{"@id":"https:\/\/www.bellunopress.it\/2026\/07\/24\/radio-cortina-celebra-50-anni-di-informazione-musica-passione-al-servizio-del-territorio\/#primaryimage"},"thumbnailUrl":"https:\/\/www.bellunopress.it\/wp-content\/uploads\/2026\/07\/radio-cortina.jpg","datePublished":"2026-07-24T08:27:15+00:00","breadcrumb":{"@id":"https:\/\/www.bellunopress.it\/2026\/07\/24\/radio-cortina-celebra-50-anni-di-informazione-musica-passione-al-servizio-del-territorio\/#breadcrumb"},"inLanguage":"fr-FR","potentialAction":[{"@type":"ReadAction","target":["https:\/\/www.bellunopress.it\/2026\/07\/24\/radio-cortina-celebra-50-anni-di-informazione-musica-passione-al-servizio-del-territorio\/"]}]},{"@type":"ImageObject","inLanguage":"fr-FR","@id":"https:\/\/www.bellunopress.it\/2026\/07\/24\/radio-cortina-celebra-50-anni-di-informazione-musica-passione-al-servizio-del-territorio\/#primaryimage","url":"https:\/\/www.bellunopress.it\/wp-content\/uploads\/2026\/07\/radio-cortina.jpg","contentUrl":"https:\/\/www.bellunopress.it\/wp-content\/uploads\/2026\/07\/radio-cortina.jpg","width":600,"height":400,"caption":"La consegna del riconoscimento dell'Associazione Aeranti-Corallo a Stefano Della Bona, Amministratore delegato di Radio Cortina"},{"@type":"BreadcrumbList","@id":"https:\/\/www.bellunopress.it\/2026\/07\/24\/radio-cortina-celebra-50-anni-di-informazione-musica-passione-al-servizio-del-territorio\/#breadcrumb","itemListElement":[{"@type":"ListItem","position":1,"name":"Home","item":"https:\/\/www.bellunopress.it\/"},{"@type":"ListItem","position":2,"name":"Radio Cortina celebra 50 anni di informazione. Musica, passione al servizio del territorio"}]},{"@type":"WebSite","@id":"https:\/\/www.bellunopress.it\/#website","url":"https:\/\/www.bellunopress.it\/","name":"Bellunopress - Dolomiti","description":"e-mail: redazione@bellunopress.it","publisher":{"@id":"https:\/\/www.bellunopress.it\/#organization"},"potentialAction":[{"@type":"SearchAction","target":{"@type":"EntryPoint","urlTemplate":"https:\/\/www.bellunopress.it\/?s={search_term_string}"},"query-input":{"@type":"PropertyValueSpecification","valueRequired":true,"valueName":"search_term_string"}}],"inLanguage":"fr-FR"},{"@type":"Organization","@id":"https:\/\/www.bellunopress.it\/#organization","name":"Bellunopress","url":"https:\/\/www.bellunopress.it\/","logo":{"@type":"ImageObject","inLanguage":"fr-FR","@id":"https:\/\/www.bellunopress.it\/#\/schema\/logo\/image\/","url":"https:\/\/www.bellunopress.it\/wp-content\/uploads\/2011\/05\/cropped-logo-bellunopress-.jpg","contentUrl":"https:\/\/www.bellunopress.it\/wp-content\/uploads\/2011\/05\/cropped-logo-bellunopress-.jpg","width":512,"height":512,"caption":"Bellunopress"},"image":{"@id":"https:\/\/www.bellunopress.it\/#\/schema\/logo\/image\/"},"sameAs":["https:\/\/www.facebook.com\/profile.php?id=100008943462799","https:\/\/x.com\/bellunopress","https:\/\/www.linkedin.com\/hp\/?dnr=JBzUWaJfMUw8vbXJJ2tVW5-I3jZKvC4wsoxE&amp;amp;amp;amp;amp;amp;trk=nav_responsive_tab_home","https:\/\/www.youtube.com\/channel\/UCxL0wu1uN0_3_7hGG0306cw"]},{"@type":"Person","@id":"https:\/\/www.bellunopress.it\/#\/schema\/person\/79bb06722b37ece1c03d3e94beb30d73","name":"r\u00e9daction","image":{"@type":"ImageObject","inLanguage":"fr-FR","@id":"https:\/\/secure.gravatar.com\/avatar\/37d968a2e67a6fd04c169c4bdef102d0bc5d31b2546345219e348575eb80e9a0?s=96&d=mm&r=g","url":"https:\/\/secure.gravatar.com\/avatar\/37d968a2e67a6fd04c169c4bdef102d0bc5d31b2546345219e348575eb80e9a0?s=96&d=mm&r=g","contentUrl":"https:\/\/secure.gravatar.com\/avatar\/37d968a2e67a6fd04c169c4bdef102d0bc5d31b2546345219e348575eb80e9a0?s=96&d=mm&r=g","caption":"redazione"},"sameAs":["http:\/\/www.bellunopress.it","https:\/\/x.com\/bellunopress"],"url":"https:\/\/www.bellunopress.it\/fr\/author\/redazione\/"}]}},"_links":{"self":[{"href":"https:\/\/www.bellunopress.it\/fr\/wp-json\/wp\/v2\/posts\/172140","targetHints":{"allow":["GET"]}}],"collection":[{"href":"https:\/\/www.bellunopress.it\/fr\/wp-json\/wp\/v2\/posts"}],"about":[{"href":"https:\/\/www.bellunopress.it\/fr\/wp-json\/wp\/v2\/types\/post"}],"author":[{"embeddable":true,"href":"https:\/\/www.bellunopress.it\/fr\/wp-json\/wp\/v2\/users\/2"}],"replies":[{"embeddable":true,"href":"https:\/\/www.bellunopress.it\/fr\/wp-json\/wp\/v2\/comments?post=172140"}],"version-history":[{"count":1,"href":"https:\/\/www.bellunopress.it\/fr\/wp-json\/wp\/v2\/posts\/172140\/revisions"}],"predecessor-version":[{"id":172142,"href":"https:\/\/www.bellunopress.it\/fr\/wp-json\/wp\/v2\/posts\/172140\/revisions\/172142"}],"wp:featuredmedia":[{"embeddable":true,"href":"https:\/\/www.bellunopress.it\/fr\/wp-json\/wp\/v2\/media\/172141"}],"wp:attachment":[{"href":"https:\/\/www.bellunopress.it\/fr\/wp-json\/wp\/v2\/media?parent=172140"}],"wp:term":[{"taxonomy":"category","embeddable":true,"href":"https:\/\/www.bellunopress.it\/fr\/wp-json\/wp\/v2\/categories?post=172140"},{"taxonomy":"post_tag","embeddable":true,"href":"https:\/\/www.bellunopress.it\/fr\/wp-json\/wp\/v2\/tags?post=172140"}],"curies":[{"name":"wp","href":"https:\/\/api.w.org\/{rel}","templated":true}]}}