{"id":172138,"date":"2026-07-24T06:18:32","date_gmt":"2026-07-24T04:18:32","guid":{"rendered":"https:\/\/www.bellunopress.it\/?p=172138"},"modified":"2026-07-24T06:18:32","modified_gmt":"2026-07-24T04:18:32","slug":"scuola-e-pluralismo-il-cnddu-il-confronto-istituzionale-si-fondi-sulla-costituzione-e-sui-dati-reali-evitiamo-generalizzazioni","status":"publish","type":"post","link":"https:\/\/www.bellunopress.it\/fr\/2026\/07\/24\/scuola-e-pluralismo-il-cnddu-il-confronto-istituzionale-si-fondi-sulla-costituzione-e-sui-dati-reali-evitiamo-generalizzazioni\/","title":{"rendered":"Scuola e pluralismo, il CNDDU: &#8220;Il confronto istituzionale si fondi sulla Costituzione e sui dati reali, evitiamo generalizzazioni&#8221;"},"content":{"rendered":"<p data-path-to-node=\"1\">Il Coordinamento Nazionale Docenti della disciplina dei Diritti Umani (CNDDU), attraverso il suo presidente prof. Romano Pesavento, \u00e8 intervenuto in merito al dibattito sulle politiche educative e sulla recente approvazione, da parte della VII Commissione (Cultura, Scienza e Istruzione) della Camera dei Deputati, della risoluzione sul contrasto ai fenomeni di indottrinamento nelle scuole.<\/p>\n<p data-path-to-node=\"2\">Secondo il Coordinamento, il confronto tra le istituzioni deve svilupparsi nel pieno rispetto dei principi costituzionali, dell&#8217;autonomia scolastica e dell&#8217;ordinamento vigente, rifuggendo da semplificazioni che rischiano di distorcere la percezione della scuola nella societ\u00e0 democratica. Qualsiasi intervento di indirizzo politico in materia di istruzione in uno Stato di diritto deve necessariamente confrontarsi con gli articoli 3, 33, 34 e 97 della Costituzione, con l&#8217;autonomia delle istituzioni scolastiche (D.P.R. n. 275\/1999) e con le disposizioni che regolano la funzione docente.<\/p>\n<p data-path-to-node=\"3\"><b data-path-to-node=\"3\" data-index-in-node=\"0\">Il richiamo alla Cisl Scuola e la difesa della professionalit\u00e0 docente<\/b><\/p>\n<p data-path-to-node=\"4\">Il CNDDU esprime condivisione per le posizioni espresse dalla segretaria generale della CISL Scuola, Ivana Barbacci, sottolineando l&#8217;importanza di respingere letture generalizzanti prive di evidenze oggettive. L&#8217;obiettivo primario resta quello di preservare la scuola quale istituzione repubblicana deputata all&#8217;inclusione, al pluralismo culturale e alla promozione del pensiero critico, rafforzando la fiducia collettiva mediante l&#8217;applicazione delle norme e un dibattito pubblico basato su dati verificabili, anzich\u00e9 su narrazioni divisive o delegittimanti per il personale docente.<\/p>\n<p data-path-to-node=\"5\"><b data-path-to-node=\"5\" data-index-in-node=\"0\">Gli strumenti normativi sono gi\u00e0 vigenti<\/b><\/p>\n<p data-path-to-node=\"6\">Il comunicato evidenzia come l&#8217;ordinamento disponga gi\u00e0 di tutti gli strumenti necessari per fronteggiare eventuali condotte scorrette o incompatibili con le finalit\u00e0 educative. Il Testo Unico sull&#8217;istruzione (D.Lgs. n. 297\/1994), il CCNL del comparto Istruzione e Ricerca, il Codice di comportamento dei dipendenti pubblici (D.P.R. n. 62\/2013) e i poteri di vigilanza dei dirigenti scolastici e dell&#8217;Amministrazione offrono gi\u00e0 un quadro chiaro di responsabilit\u00e0 e sanzioni disciplinari per comportamenti contrari all&#8217;imparzialit\u00e0 e alla correttezza d&#8217;ufficio.<\/p>\n<p data-path-to-node=\"7\">Sul versante della sicurezza e dell&#8217;ordine pubblico, inoltre, la normativa esistente \u2014 come l&#8217;articolo 5 della legge n. 152\/1975 che vieta l&#8217;uso di indumenti ostativi all&#8217;identificazione della persona \u2014 risulta gi\u00e0 applicabile in modo generale, a prescindere dall&#8217;appartenenza religiosa o culturale.<\/p>\n<p data-path-to-node=\"8\"><b data-path-to-node=\"8\" data-index-in-node=\"0\">Libert\u00e0 di insegnamento e priorit\u00e0 reali della scuola<\/b><\/p>\n<p data-path-to-node=\"9\">La libert\u00e0 di insegnamento, sancita dall&#8217;articolo 33 della Costituzione, tutela l&#8217;autonomia culturale e professionale del docente per garantire un&#8217;azione educativa fondata sul rigore e sul pluralismo, senza tuttavia trasformarsi in una copertura per forme di propaganda politica, ideologica o religiosa, n\u00e9 subire compressioni arbitrarie. Eventuali violazioni, precisa il CNDDU, vanno accertate nelle sedi competenti secondo criteri di legalit\u00e0 e proporzionalit\u00e0, evitando che singoli episodi vengano generalizzati a danno dell&#8217;intero sistema.<\/p>\n<p data-path-to-node=\"10\">Il richiamo conclusivo del prof. Pesavento riporta l&#8217;attenzione sulle vere priorit\u00e0 su cui le istituzioni dovrebbero concentrare gli sforzi: la dispersione scolastica, i divari territoriali e sociali nell&#8217;apprendimento, il disagio giovanile, la carenza di organico e il rafforzamento del patto educativo con le famiglie, salvaguardando l&#8217;equilibrio e la credibilit\u00e0 della comunit\u00e0 scolastica.<\/p>","protected":false},"excerpt":{"rendered":"<p>Il Coordinamento Nazionale Docenti della disciplina dei Diritti Umani (CNDDU), attraverso il suo presidente prof. Romano Pesavento, \u00e8 intervenuto in merito al dibattito sulle politiche educative e sulla recente approvazione, da parte della VII Commissione (Cultura, Scienza e Istruzione) della Camera dei Deputati, della risoluzione sul contrasto ai fenomeni di indottrinamento nelle scuole. Secondo il [&hellip;]<\/p>\n","protected":false},"author":2,"featured_media":168764,"comment_status":"closed","ping_status":"open","sticky":false,"template":"","format":"standard","meta":{"footnotes":""},"categories":[15],"tags":[],"class_list":["post-172138","post","type-post","status-publish","format-standard","has-post-thumbnail","category-scuola"],"yoast_head":"<!-- This site is optimized with the Yoast SEO plugin v28.4 - https:\/\/yoast.com\/product\/yoast-seo-wordpress\/ -->\n<title>Scuola e pluralismo, il CNDDU: &quot;Il confronto istituzionale si fondi sulla Costituzione e sui dati reali, evitiamo generalizzazioni&quot; - Bellunopress - Dolomiti<\/title>\n<meta name=\"robots\" content=\"index, follow, max-snippet:-1, max-image-preview:large, max-video-preview:-1\" \/>\n<link rel=\"canonical\" href=\"https:\/\/www.bellunopress.it\/fr\/2026\/07\/24\/scuola-e-pluralismo-il-cnddu-il-confronto-istituzionale-si-fondi-sulla-costituzione-e-sui-dati-reali-evitiamo-generalizzazioni\/\" \/>\n<meta property=\"og:locale\" content=\"fr_FR\" \/>\n<meta property=\"og:type\" content=\"article\" \/>\n<meta property=\"og:title\" content=\"Scuola e pluralismo, il CNDDU: &quot;Il confronto istituzionale si fondi sulla Costituzione e sui dati reali, evitiamo generalizzazioni&quot; - Bellunopress - Dolomiti\" \/>\n<meta property=\"og:description\" content=\"Il Coordinamento Nazionale Docenti della disciplina dei Diritti Umani (CNDDU), attraverso il suo presidente prof. Romano Pesavento, \u00e8 intervenuto in merito al dibattito sulle politiche educative e sulla recente approvazione, da parte della VII Commissione (Cultura, Scienza e Istruzione) della Camera dei Deputati, della risoluzione sul contrasto ai fenomeni di indottrinamento nelle scuole. Secondo il [&hellip;]\" \/>\n<meta property=\"og:url\" content=\"https:\/\/www.bellunopress.it\/fr\/2026\/07\/24\/scuola-e-pluralismo-il-cnddu-il-confronto-istituzionale-si-fondi-sulla-costituzione-e-sui-dati-reali-evitiamo-generalizzazioni\/\" \/>\n<meta property=\"og:site_name\" content=\"Bellunopress - Dolomiti\" \/>\n<meta property=\"article:publisher\" content=\"https:\/\/www.facebook.com\/profile.php?id=100008943462799\" \/>\n<meta property=\"article:published_time\" content=\"2026-07-24T04:18:32+00:00\" \/>\n<meta property=\"og:image\" content=\"https:\/\/www.bellunopress.it\/wp-content\/uploads\/2026\/04\/prof.-Romano-Pesavento-presidente-CNDDU.jpg\" \/>\n\t<meta property=\"og:image:width\" content=\"500\" \/>\n\t<meta property=\"og:image:height\" content=\"360\" \/>\n\t<meta property=\"og:image:type\" content=\"image\/jpeg\" \/>\n<meta name=\"author\" content=\"redazione\" \/>\n<meta name=\"twitter:card\" content=\"summary_large_image\" \/>\n<meta name=\"twitter:creator\" content=\"@bellunopress\" \/>\n<meta name=\"twitter:site\" content=\"@bellunopress\" \/>\n<meta name=\"twitter:label1\" content=\"Written by\" \/>\n\t<meta name=\"twitter:data1\" content=\"redazione\" \/>\n\t<meta name=\"twitter:label2\" content=\"Est. reading time\" \/>\n\t<meta name=\"twitter:data2\" content=\"3 minutes\" \/>\n<script type=\"application\/ld+json\" class=\"yoast-schema-graph\">{\"@context\":\"https:\\\/\\\/schema.org\",\"@graph\":[{\"@type\":\"Article\",\"@id\":\"https:\\\/\\\/www.bellunopress.it\\\/2026\\\/07\\\/24\\\/scuola-e-pluralismo-il-cnddu-il-confronto-istituzionale-si-fondi-sulla-costituzione-e-sui-dati-reali-evitiamo-generalizzazioni\\\/#article\",\"isPartOf\":{\"@id\":\"https:\\\/\\\/www.bellunopress.it\\\/2026\\\/07\\\/24\\\/scuola-e-pluralismo-il-cnddu-il-confronto-istituzionale-si-fondi-sulla-costituzione-e-sui-dati-reali-evitiamo-generalizzazioni\\\/\"},\"author\":{\"name\":\"redazione\",\"@id\":\"https:\\\/\\\/www.bellunopress.it\\\/#\\\/schema\\\/person\\\/79bb06722b37ece1c03d3e94beb30d73\"},\"headline\":\"Scuola e pluralismo, il CNDDU: &#8220;Il confronto istituzionale si fondi sulla Costituzione e sui dati reali, evitiamo generalizzazioni&#8221;\",\"datePublished\":\"2026-07-24T04:18:32+00:00\",\"mainEntityOfPage\":{\"@id\":\"https:\\\/\\\/www.bellunopress.it\\\/2026\\\/07\\\/24\\\/scuola-e-pluralismo-il-cnddu-il-confronto-istituzionale-si-fondi-sulla-costituzione-e-sui-dati-reali-evitiamo-generalizzazioni\\\/\"},\"wordCount\":503,\"publisher\":{\"@id\":\"https:\\\/\\\/www.bellunopress.it\\\/#organization\"},\"image\":{\"@id\":\"https:\\\/\\\/www.bellunopress.it\\\/2026\\\/07\\\/24\\\/scuola-e-pluralismo-il-cnddu-il-confronto-istituzionale-si-fondi-sulla-costituzione-e-sui-dati-reali-evitiamo-generalizzazioni\\\/#primaryimage\"},\"thumbnailUrl\":\"https:\\\/\\\/www.bellunopress.it\\\/wp-content\\\/uploads\\\/2026\\\/04\\\/prof.-Romano-Pesavento-presidente-CNDDU.jpg\",\"articleSection\":[\"Scuola\"],\"inLanguage\":\"fr-FR\"},{\"@type\":\"WebPage\",\"@id\":\"https:\\\/\\\/www.bellunopress.it\\\/2026\\\/07\\\/24\\\/scuola-e-pluralismo-il-cnddu-il-confronto-istituzionale-si-fondi-sulla-costituzione-e-sui-dati-reali-evitiamo-generalizzazioni\\\/\",\"url\":\"https:\\\/\\\/www.bellunopress.it\\\/2026\\\/07\\\/24\\\/scuola-e-pluralismo-il-cnddu-il-confronto-istituzionale-si-fondi-sulla-costituzione-e-sui-dati-reali-evitiamo-generalizzazioni\\\/\",\"name\":\"Scuola e pluralismo, il CNDDU: \\\"Il confronto istituzionale si fondi sulla Costituzione e sui dati reali, evitiamo generalizzazioni\\\" - Bellunopress - Dolomiti\",\"isPartOf\":{\"@id\":\"https:\\\/\\\/www.bellunopress.it\\\/#website\"},\"primaryImageOfPage\":{\"@id\":\"https:\\\/\\\/www.bellunopress.it\\\/2026\\\/07\\\/24\\\/scuola-e-pluralismo-il-cnddu-il-confronto-istituzionale-si-fondi-sulla-costituzione-e-sui-dati-reali-evitiamo-generalizzazioni\\\/#primaryimage\"},\"image\":{\"@id\":\"https:\\\/\\\/www.bellunopress.it\\\/2026\\\/07\\\/24\\\/scuola-e-pluralismo-il-cnddu-il-confronto-istituzionale-si-fondi-sulla-costituzione-e-sui-dati-reali-evitiamo-generalizzazioni\\\/#primaryimage\"},\"thumbnailUrl\":\"https:\\\/\\\/www.bellunopress.it\\\/wp-content\\\/uploads\\\/2026\\\/04\\\/prof.-Romano-Pesavento-presidente-CNDDU.jpg\",\"datePublished\":\"2026-07-24T04:18:32+00:00\",\"breadcrumb\":{\"@id\":\"https:\\\/\\\/www.bellunopress.it\\\/2026\\\/07\\\/24\\\/scuola-e-pluralismo-il-cnddu-il-confronto-istituzionale-si-fondi-sulla-costituzione-e-sui-dati-reali-evitiamo-generalizzazioni\\\/#breadcrumb\"},\"inLanguage\":\"fr-FR\",\"potentialAction\":[{\"@type\":\"ReadAction\",\"target\":[\"https:\\\/\\\/www.bellunopress.it\\\/2026\\\/07\\\/24\\\/scuola-e-pluralismo-il-cnddu-il-confronto-istituzionale-si-fondi-sulla-costituzione-e-sui-dati-reali-evitiamo-generalizzazioni\\\/\"]}]},{\"@type\":\"ImageObject\",\"inLanguage\":\"fr-FR\",\"@id\":\"https:\\\/\\\/www.bellunopress.it\\\/2026\\\/07\\\/24\\\/scuola-e-pluralismo-il-cnddu-il-confronto-istituzionale-si-fondi-sulla-costituzione-e-sui-dati-reali-evitiamo-generalizzazioni\\\/#primaryimage\",\"url\":\"https:\\\/\\\/www.bellunopress.it\\\/wp-content\\\/uploads\\\/2026\\\/04\\\/prof.-Romano-Pesavento-presidente-CNDDU.jpg\",\"contentUrl\":\"https:\\\/\\\/www.bellunopress.it\\\/wp-content\\\/uploads\\\/2026\\\/04\\\/prof.-Romano-Pesavento-presidente-CNDDU.jpg\",\"width\":500,\"height\":360,\"caption\":\"Prof. Romano Pesavento - presidente CNDDU\"},{\"@type\":\"BreadcrumbList\",\"@id\":\"https:\\\/\\\/www.bellunopress.it\\\/2026\\\/07\\\/24\\\/scuola-e-pluralismo-il-cnddu-il-confronto-istituzionale-si-fondi-sulla-costituzione-e-sui-dati-reali-evitiamo-generalizzazioni\\\/#breadcrumb\",\"itemListElement\":[{\"@type\":\"ListItem\",\"position\":1,\"name\":\"Home\",\"item\":\"https:\\\/\\\/www.bellunopress.it\\\/\"},{\"@type\":\"ListItem\",\"position\":2,\"name\":\"Scuola e pluralismo, il CNDDU: &#8220;Il confronto istituzionale si fondi sulla Costituzione e sui dati reali, evitiamo generalizzazioni&#8221;\"}]},{\"@type\":\"WebSite\",\"@id\":\"https:\\\/\\\/www.bellunopress.it\\\/#website\",\"url\":\"https:\\\/\\\/www.bellunopress.it\\\/\",\"name\":\"Bellunopress - Dolomiti\",\"description\":\"e-mail: redazione@bellunopress.it\",\"publisher\":{\"@id\":\"https:\\\/\\\/www.bellunopress.it\\\/#organization\"},\"potentialAction\":[{\"@type\":\"SearchAction\",\"target\":{\"@type\":\"EntryPoint\",\"urlTemplate\":\"https:\\\/\\\/www.bellunopress.it\\\/?s={search_term_string}\"},\"query-input\":{\"@type\":\"PropertyValueSpecification\",\"valueRequired\":true,\"valueName\":\"search_term_string\"}}],\"inLanguage\":\"fr-FR\"},{\"@type\":\"Organization\",\"@id\":\"https:\\\/\\\/www.bellunopress.it\\\/#organization\",\"name\":\"Bellunopress\",\"url\":\"https:\\\/\\\/www.bellunopress.it\\\/\",\"logo\":{\"@type\":\"ImageObject\",\"inLanguage\":\"fr-FR\",\"@id\":\"https:\\\/\\\/www.bellunopress.it\\\/#\\\/schema\\\/logo\\\/image\\\/\",\"url\":\"https:\\\/\\\/www.bellunopress.it\\\/wp-content\\\/uploads\\\/2011\\\/05\\\/cropped-logo-bellunopress-.jpg\",\"contentUrl\":\"https:\\\/\\\/www.bellunopress.it\\\/wp-content\\\/uploads\\\/2011\\\/05\\\/cropped-logo-bellunopress-.jpg\",\"width\":512,\"height\":512,\"caption\":\"Bellunopress\"},\"image\":{\"@id\":\"https:\\\/\\\/www.bellunopress.it\\\/#\\\/schema\\\/logo\\\/image\\\/\"},\"sameAs\":[\"https:\\\/\\\/www.facebook.com\\\/profile.php?id=100008943462799\",\"https:\\\/\\\/x.com\\\/bellunopress\",\"https:\\\/\\\/www.linkedin.com\\\/hp\\\/?dnr=JBzUWaJfMUw8vbXJJ2tVW5-I3jZKvC4wsoxE&amp;amp;amp;amp;amp;amp;trk=nav_responsive_tab_home\",\"https:\\\/\\\/www.youtube.com\\\/channel\\\/UCxL0wu1uN0_3_7hGG0306cw\"]},{\"@type\":\"Person\",\"@id\":\"https:\\\/\\\/www.bellunopress.it\\\/#\\\/schema\\\/person\\\/79bb06722b37ece1c03d3e94beb30d73\",\"name\":\"redazione\",\"image\":{\"@type\":\"ImageObject\",\"inLanguage\":\"fr-FR\",\"@id\":\"https:\\\/\\\/secure.gravatar.com\\\/avatar\\\/37d968a2e67a6fd04c169c4bdef102d0bc5d31b2546345219e348575eb80e9a0?s=96&d=mm&r=g\",\"url\":\"https:\\\/\\\/secure.gravatar.com\\\/avatar\\\/37d968a2e67a6fd04c169c4bdef102d0bc5d31b2546345219e348575eb80e9a0?s=96&d=mm&r=g\",\"contentUrl\":\"https:\\\/\\\/secure.gravatar.com\\\/avatar\\\/37d968a2e67a6fd04c169c4bdef102d0bc5d31b2546345219e348575eb80e9a0?s=96&d=mm&r=g\",\"caption\":\"redazione\"},\"sameAs\":[\"http:\\\/\\\/www.bellunopress.it\",\"https:\\\/\\\/x.com\\\/bellunopress\"],\"url\":\"https:\\\/\\\/www.bellunopress.it\\\/fr\\\/author\\\/redazione\\\/\"}]}<\/script>\n<!-- \/ Yoast SEO plugin. -->","yoast_head_json":{"title":"Scuola e pluralismo, il CNDDU: \"Il confronto istituzionale si fondi sulla Costituzione e sui dati reali, evitiamo generalizzazioni\" - Bellunopress - Dolomiti","robots":{"index":"index","follow":"follow","max-snippet":"max-snippet:-1","max-image-preview":"max-image-preview:large","max-video-preview":"max-video-preview:-1"},"canonical":"https:\/\/www.bellunopress.it\/fr\/2026\/07\/24\/scuola-e-pluralismo-il-cnddu-il-confronto-istituzionale-si-fondi-sulla-costituzione-e-sui-dati-reali-evitiamo-generalizzazioni\/","og_locale":"fr_FR","og_type":"article","og_title":"Scuola e pluralismo, il CNDDU: \"Il confronto istituzionale si fondi sulla Costituzione e sui dati reali, evitiamo generalizzazioni\" - Bellunopress - Dolomiti","og_description":"Il Coordinamento Nazionale Docenti della disciplina dei Diritti Umani (CNDDU), attraverso il suo presidente prof. Romano Pesavento, \u00e8 intervenuto in merito al dibattito sulle politiche educative e sulla recente approvazione, da parte della VII Commissione (Cultura, Scienza e Istruzione) della Camera dei Deputati, della risoluzione sul contrasto ai fenomeni di indottrinamento nelle scuole. Secondo il [&hellip;]","og_url":"https:\/\/www.bellunopress.it\/fr\/2026\/07\/24\/scuola-e-pluralismo-il-cnddu-il-confronto-istituzionale-si-fondi-sulla-costituzione-e-sui-dati-reali-evitiamo-generalizzazioni\/","og_site_name":"Bellunopress - Dolomiti","article_publisher":"https:\/\/www.facebook.com\/profile.php?id=100008943462799","article_published_time":"2026-07-24T04:18:32+00:00","og_image":[{"width":500,"height":360,"url":"https:\/\/www.bellunopress.it\/wp-content\/uploads\/2026\/04\/prof.-Romano-Pesavento-presidente-CNDDU.jpg","type":"image\/jpeg"}],"author":"redazione","twitter_card":"summary_large_image","twitter_creator":"@bellunopress","twitter_site":"@bellunopress","twitter_misc":{"Written by":"redazione","Est. reading time":"3 minutes"},"schema":{"@context":"https:\/\/schema.org","@graph":[{"@type":"Article","@id":"https:\/\/www.bellunopress.it\/2026\/07\/24\/scuola-e-pluralismo-il-cnddu-il-confronto-istituzionale-si-fondi-sulla-costituzione-e-sui-dati-reali-evitiamo-generalizzazioni\/#article","isPartOf":{"@id":"https:\/\/www.bellunopress.it\/2026\/07\/24\/scuola-e-pluralismo-il-cnddu-il-confronto-istituzionale-si-fondi-sulla-costituzione-e-sui-dati-reali-evitiamo-generalizzazioni\/"},"author":{"name":"redazione","@id":"https:\/\/www.bellunopress.it\/#\/schema\/person\/79bb06722b37ece1c03d3e94beb30d73"},"headline":"Scuola e pluralismo, il CNDDU: &#8220;Il confronto istituzionale si fondi sulla Costituzione e sui dati reali, evitiamo generalizzazioni&#8221;","datePublished":"2026-07-24T04:18:32+00:00","mainEntityOfPage":{"@id":"https:\/\/www.bellunopress.it\/2026\/07\/24\/scuola-e-pluralismo-il-cnddu-il-confronto-istituzionale-si-fondi-sulla-costituzione-e-sui-dati-reali-evitiamo-generalizzazioni\/"},"wordCount":503,"publisher":{"@id":"https:\/\/www.bellunopress.it\/#organization"},"image":{"@id":"https:\/\/www.bellunopress.it\/2026\/07\/24\/scuola-e-pluralismo-il-cnddu-il-confronto-istituzionale-si-fondi-sulla-costituzione-e-sui-dati-reali-evitiamo-generalizzazioni\/#primaryimage"},"thumbnailUrl":"https:\/\/www.bellunopress.it\/wp-content\/uploads\/2026\/04\/prof.-Romano-Pesavento-presidente-CNDDU.jpg","articleSection":["Scuola"],"inLanguage":"fr-FR"},{"@type":"WebPage","@id":"https:\/\/www.bellunopress.it\/2026\/07\/24\/scuola-e-pluralismo-il-cnddu-il-confronto-istituzionale-si-fondi-sulla-costituzione-e-sui-dati-reali-evitiamo-generalizzazioni\/","url":"https:\/\/www.bellunopress.it\/2026\/07\/24\/scuola-e-pluralismo-il-cnddu-il-confronto-istituzionale-si-fondi-sulla-costituzione-e-sui-dati-reali-evitiamo-generalizzazioni\/","name":"Scuola e pluralismo, il CNDDU: \"Il confronto istituzionale si fondi sulla Costituzione e sui dati reali, evitiamo generalizzazioni\" - Bellunopress - Dolomiti","isPartOf":{"@id":"https:\/\/www.bellunopress.it\/#website"},"primaryImageOfPage":{"@id":"https:\/\/www.bellunopress.it\/2026\/07\/24\/scuola-e-pluralismo-il-cnddu-il-confronto-istituzionale-si-fondi-sulla-costituzione-e-sui-dati-reali-evitiamo-generalizzazioni\/#primaryimage"},"image":{"@id":"https:\/\/www.bellunopress.it\/2026\/07\/24\/scuola-e-pluralismo-il-cnddu-il-confronto-istituzionale-si-fondi-sulla-costituzione-e-sui-dati-reali-evitiamo-generalizzazioni\/#primaryimage"},"thumbnailUrl":"https:\/\/www.bellunopress.it\/wp-content\/uploads\/2026\/04\/prof.-Romano-Pesavento-presidente-CNDDU.jpg","datePublished":"2026-07-24T04:18:32+00:00","breadcrumb":{"@id":"https:\/\/www.bellunopress.it\/2026\/07\/24\/scuola-e-pluralismo-il-cnddu-il-confronto-istituzionale-si-fondi-sulla-costituzione-e-sui-dati-reali-evitiamo-generalizzazioni\/#breadcrumb"},"inLanguage":"fr-FR","potentialAction":[{"@type":"ReadAction","target":["https:\/\/www.bellunopress.it\/2026\/07\/24\/scuola-e-pluralismo-il-cnddu-il-confronto-istituzionale-si-fondi-sulla-costituzione-e-sui-dati-reali-evitiamo-generalizzazioni\/"]}]},{"@type":"ImageObject","inLanguage":"fr-FR","@id":"https:\/\/www.bellunopress.it\/2026\/07\/24\/scuola-e-pluralismo-il-cnddu-il-confronto-istituzionale-si-fondi-sulla-costituzione-e-sui-dati-reali-evitiamo-generalizzazioni\/#primaryimage","url":"https:\/\/www.bellunopress.it\/wp-content\/uploads\/2026\/04\/prof.-Romano-Pesavento-presidente-CNDDU.jpg","contentUrl":"https:\/\/www.bellunopress.it\/wp-content\/uploads\/2026\/04\/prof.-Romano-Pesavento-presidente-CNDDU.jpg","width":500,"height":360,"caption":"Prof. Romano Pesavento - presidente CNDDU"},{"@type":"BreadcrumbList","@id":"https:\/\/www.bellunopress.it\/2026\/07\/24\/scuola-e-pluralismo-il-cnddu-il-confronto-istituzionale-si-fondi-sulla-costituzione-e-sui-dati-reali-evitiamo-generalizzazioni\/#breadcrumb","itemListElement":[{"@type":"ListItem","position":1,"name":"Home","item":"https:\/\/www.bellunopress.it\/"},{"@type":"ListItem","position":2,"name":"Scuola e pluralismo, il CNDDU: &#8220;Il confronto istituzionale si fondi sulla Costituzione e sui dati reali, evitiamo generalizzazioni&#8221;"}]},{"@type":"WebSite","@id":"https:\/\/www.bellunopress.it\/#website","url":"https:\/\/www.bellunopress.it\/","name":"Bellunopress - Dolomiti","description":"e-mail: redazione@bellunopress.it","publisher":{"@id":"https:\/\/www.bellunopress.it\/#organization"},"potentialAction":[{"@type":"SearchAction","target":{"@type":"EntryPoint","urlTemplate":"https:\/\/www.bellunopress.it\/?s={search_term_string}"},"query-input":{"@type":"PropertyValueSpecification","valueRequired":true,"valueName":"search_term_string"}}],"inLanguage":"fr-FR"},{"@type":"Organization","@id":"https:\/\/www.bellunopress.it\/#organization","name":"Bellunopress","url":"https:\/\/www.bellunopress.it\/","logo":{"@type":"ImageObject","inLanguage":"fr-FR","@id":"https:\/\/www.bellunopress.it\/#\/schema\/logo\/image\/","url":"https:\/\/www.bellunopress.it\/wp-content\/uploads\/2011\/05\/cropped-logo-bellunopress-.jpg","contentUrl":"https:\/\/www.bellunopress.it\/wp-content\/uploads\/2011\/05\/cropped-logo-bellunopress-.jpg","width":512,"height":512,"caption":"Bellunopress"},"image":{"@id":"https:\/\/www.bellunopress.it\/#\/schema\/logo\/image\/"},"sameAs":["https:\/\/www.facebook.com\/profile.php?id=100008943462799","https:\/\/x.com\/bellunopress","https:\/\/www.linkedin.com\/hp\/?dnr=JBzUWaJfMUw8vbXJJ2tVW5-I3jZKvC4wsoxE&amp;amp;amp;amp;amp;amp;trk=nav_responsive_tab_home","https:\/\/www.youtube.com\/channel\/UCxL0wu1uN0_3_7hGG0306cw"]},{"@type":"Person","@id":"https:\/\/www.bellunopress.it\/#\/schema\/person\/79bb06722b37ece1c03d3e94beb30d73","name":"r\u00e9daction","image":{"@type":"ImageObject","inLanguage":"fr-FR","@id":"https:\/\/secure.gravatar.com\/avatar\/37d968a2e67a6fd04c169c4bdef102d0bc5d31b2546345219e348575eb80e9a0?s=96&d=mm&r=g","url":"https:\/\/secure.gravatar.com\/avatar\/37d968a2e67a6fd04c169c4bdef102d0bc5d31b2546345219e348575eb80e9a0?s=96&d=mm&r=g","contentUrl":"https:\/\/secure.gravatar.com\/avatar\/37d968a2e67a6fd04c169c4bdef102d0bc5d31b2546345219e348575eb80e9a0?s=96&d=mm&r=g","caption":"redazione"},"sameAs":["http:\/\/www.bellunopress.it","https:\/\/x.com\/bellunopress"],"url":"https:\/\/www.bellunopress.it\/fr\/author\/redazione\/"}]}},"_links":{"self":[{"href":"https:\/\/www.bellunopress.it\/fr\/wp-json\/wp\/v2\/posts\/172138","targetHints":{"allow":["GET"]}}],"collection":[{"href":"https:\/\/www.bellunopress.it\/fr\/wp-json\/wp\/v2\/posts"}],"about":[{"href":"https:\/\/www.bellunopress.it\/fr\/wp-json\/wp\/v2\/types\/post"}],"author":[{"embeddable":true,"href":"https:\/\/www.bellunopress.it\/fr\/wp-json\/wp\/v2\/users\/2"}],"replies":[{"embeddable":true,"href":"https:\/\/www.bellunopress.it\/fr\/wp-json\/wp\/v2\/comments?post=172138"}],"version-history":[{"count":1,"href":"https:\/\/www.bellunopress.it\/fr\/wp-json\/wp\/v2\/posts\/172138\/revisions"}],"predecessor-version":[{"id":172139,"href":"https:\/\/www.bellunopress.it\/fr\/wp-json\/wp\/v2\/posts\/172138\/revisions\/172139"}],"wp:featuredmedia":[{"embeddable":true,"href":"https:\/\/www.bellunopress.it\/fr\/wp-json\/wp\/v2\/media\/168764"}],"wp:attachment":[{"href":"https:\/\/www.bellunopress.it\/fr\/wp-json\/wp\/v2\/media?parent=172138"}],"wp:term":[{"taxonomy":"category","embeddable":true,"href":"https:\/\/www.bellunopress.it\/fr\/wp-json\/wp\/v2\/categories?post=172138"},{"taxonomy":"post_tag","embeddable":true,"href":"https:\/\/www.bellunopress.it\/fr\/wp-json\/wp\/v2\/tags?post=172138"}],"curies":[{"name":"wp","href":"https:\/\/api.w.org\/{rel}","templated":true}]}}