{"id":172135,"date":"2026-07-23T19:04:21","date_gmt":"2026-07-23T17:04:21","guid":{"rendered":"https:\/\/www.bellunopress.it\/?p=172135"},"modified":"2026-07-23T19:04:21","modified_gmt":"2026-07-23T17:04:21","slug":"val-di-zoldo-un-cammino-tra-le-pagine-della-storia-e-del-paesaggio-dolomitico-per-mantenere-viva-la-voce-di-uno-dei-grandi-maestri-della-letteratura-italiana-contemporanea","status":"publish","type":"post","link":"https:\/\/www.bellunopress.it\/fr\/2026\/07\/23\/val-di-zoldo-un-cammino-tra-le-pagine-della-storia-e-del-paesaggio-dolomitico-per-mantenere-viva-la-voce-di-uno-dei-grandi-maestri-della-letteratura-italiana-contemporanea\/","title":{"rendered":"Val di Zoldo: un cammino tra le pagine della storia e del paesaggio dolomitico per mantenere viva la voce di uno dei grandi maestri della letteratura italiana contemporanea"},"content":{"rendered":"<p>Domenica prossima, 26 luglio, la Val di Zoldo rinnova il suo legame profondo con Sebastiano Vassalli attraverso una giornata speciale dedicata alla riscoperta del Percorso paesaggistico-letterario, arricchita dalla presenza d&#8217;eccezione della<br \/>\nsignora Paola Todeschino Vassalli.<\/p>\n<p>L&#8217;appuntamento, promosso dal Comune di Val di Zoldo insieme agli Amici e lettori di Vassalli, \u00e8 fissato per le ore 9:00 di domenica mattina davanti al palazzo comunale di Forno. Da qui prender\u00e0 il via la visita guidata lungo il tracciato letterario, condotta proprio dalla moglie dello scrittore, che dalla scomparsa dell&#8217;autore di Novara si dedica a tempo pieno a custodirne e<br \/>\ndiffonderne la memoria, confermandosi presenza costante in tutti gli eventi organizzati in valle in suo onore.<\/p>\n<p>Sebastiano Vassalli \u00e8 cittadino onorario della Val di Zoldo dal 3 gennaio 2015, data in cui l&#8217;onorificenza fu conferita congiuntamente dai due comuni in cui allora si articolava la valle, Forno e Zoldo Alto. Un riconoscimento fortemente voluto per tributargli il merito straordinario, attraverso il capolavoro Marco e Mattio, di aver tratto dall&#8217;oblio una storia potente del territorio zoldano, consegnando al contempo la valle alla grande storia della Letteratura italiana. Un tributo arrivato appena in tempo, poich\u00e9 di l\u00ec a pochi mesi l&#8217;autore de La Chimera e de La notte della Cometa si sarebbe spinto oltre il sipario della vita terrena.<br \/>\nDa allora la comunit\u00e0 zoldana non ha mai smesso di coltivare la memoria di Vassalli, promuovendo anno dopo anno convegni scientifici, mostre documentarie, maratone di lettura di Marco e Mattio e rassegne concertistiche.<\/p>\n<p>\u00abLa valle di Zoldo ha saputo stringere un patto d&#8217;amore eterno con la letteratura di Vassalli, trasformando le parole del romanzo in pietre miliari del paesaggio e della coscienza civile.\u00bb<\/p>\n<p>Val di Zoldo \u2014 Speciale Letteratura<\/p>\n<p>Il Percorso paesaggistico-letterario e la nuova tappa veneziana Il culmine di questo omaggio permanente si \u00e8 concretizzato con l&#8217;inaugurazione, avvenuta il 26\u00a0luglio 2025 a dieci anni esatti dalla scomparsa dello scrittore, del Percorso paesaggistico-<br \/>\nletterario ad anello. L&#8217;itinerario si snoda attraverso dodici stele complessive \u2014 di cui dieci in\u00a0vetro temperato dislocate tra i paesi della valle \u2014 che riportano altrettanti passaggi significativi di Marco e Mattio, ambientati tra le montagne zoldane e la laguna di Venezia.<br \/>\nL&#8217;iniziativa della visita guidata del 26 luglio diverr\u00e0 un appuntamento fisso di ogni ricorrenza annuale della scomparsa dello scrittore, ospitando ogni volta un autorevole esperto o una figura vicina a Vassalli.<\/p>\n<p>L&#8217;approdo a San Servolo<br \/>\nIl progetto ha trovato il suo suggello ideale il 15 maggio scorso con l&#8217;inaugurazione di un&#8217;ulteriore stele, collocata sull&#8217;isola di San Servolo a Venezia, sede dell&#8217;ospedale psichiatrico fino al 1978 e luogo in cui Mattio Lovat concluse la sua esistenza, nella narrazione di Vassalli e nella realt\u00e0 storica. Un traguardo che suggella il coronamento del Percorso e sancisce in via<br \/>\ndefinitiva il legame indissolubile tra la Val di Zoldo e la citt\u00e0 di Venezia.<\/p>","protected":false},"excerpt":{"rendered":"<p>Domenica prossima, 26 luglio, la Val di Zoldo rinnova il suo legame profondo con Sebastiano Vassalli attraverso una giornata speciale dedicata alla riscoperta del Percorso paesaggistico-letterario, arricchita dalla presenza d&#8217;eccezione della signora Paola Todeschino Vassalli. L&#8217;appuntamento, promosso dal Comune di Val di Zoldo insieme agli Amici e lettori di Vassalli, \u00e8 fissato per le ore [&hellip;]<\/p>\n","protected":false},"author":2,"featured_media":172136,"comment_status":"closed","ping_status":"open","sticky":false,"template":"","format":"standard","meta":{"footnotes":""},"categories":[27,3],"tags":[],"class_list":["post-172135","post","type-post","status-publish","format-standard","has-post-thumbnail","category-appuntamenti","category-arte-cultura-spettacoli-scienza-archivi"],"yoast_head":"<!-- This site is optimized with the Yoast SEO plugin v28.4 - https:\/\/yoast.com\/product\/yoast-seo-wordpress\/ -->\n<title>Val di Zoldo: un cammino tra le pagine della storia e del paesaggio dolomitico per mantenere viva la voce di uno dei grandi maestri della letteratura italiana contemporanea - Bellunopress - Dolomiti<\/title>\n<meta name=\"robots\" content=\"index, follow, max-snippet:-1, max-image-preview:large, max-video-preview:-1\" \/>\n<link rel=\"canonical\" href=\"https:\/\/www.bellunopress.it\/fr\/2026\/07\/23\/val-di-zoldo-un-cammino-tra-le-pagine-della-storia-e-del-paesaggio-dolomitico-per-mantenere-viva-la-voce-di-uno-dei-grandi-maestri-della-letteratura-italiana-contemporanea\/\" \/>\n<meta property=\"og:locale\" content=\"fr_FR\" \/>\n<meta property=\"og:type\" content=\"article\" \/>\n<meta property=\"og:title\" content=\"Val di Zoldo: un cammino tra le pagine della storia e del paesaggio dolomitico per mantenere viva la voce di uno dei grandi maestri della letteratura italiana contemporanea - Bellunopress - Dolomiti\" \/>\n<meta property=\"og:description\" content=\"Domenica prossima, 26 luglio, la Val di Zoldo rinnova il suo legame profondo con Sebastiano Vassalli attraverso una giornata speciale dedicata alla riscoperta del Percorso paesaggistico-letterario, arricchita dalla presenza d&#8217;eccezione della signora Paola Todeschino Vassalli. L&#8217;appuntamento, promosso dal Comune di Val di Zoldo insieme agli Amici e lettori di Vassalli, \u00e8 fissato per le ore [&hellip;]\" \/>\n<meta property=\"og:url\" content=\"https:\/\/www.bellunopress.it\/fr\/2026\/07\/23\/val-di-zoldo-un-cammino-tra-le-pagine-della-storia-e-del-paesaggio-dolomitico-per-mantenere-viva-la-voce-di-uno-dei-grandi-maestri-della-letteratura-italiana-contemporanea\/\" \/>\n<meta property=\"og:site_name\" content=\"Bellunopress - Dolomiti\" \/>\n<meta property=\"article:publisher\" content=\"https:\/\/www.facebook.com\/profile.php?id=100008943462799\" \/>\n<meta property=\"article:published_time\" content=\"2026-07-23T17:04:21+00:00\" \/>\n<meta property=\"og:image\" content=\"https:\/\/www.bellunopress.it\/wp-content\/uploads\/2026\/07\/Sebastiano-Vassalli-Marco-e-Mattio.jpg\" \/>\n\t<meta property=\"og:image:width\" content=\"536\" \/>\n\t<meta property=\"og:image:height\" content=\"841\" \/>\n\t<meta property=\"og:image:type\" content=\"image\/jpeg\" \/>\n<meta name=\"author\" content=\"redazione\" \/>\n<meta name=\"twitter:card\" content=\"summary_large_image\" \/>\n<meta name=\"twitter:creator\" content=\"@bellunopress\" \/>\n<meta name=\"twitter:site\" content=\"@bellunopress\" \/>\n<meta name=\"twitter:label1\" content=\"\u00c9crit par\" \/>\n\t<meta name=\"twitter:data1\" content=\"redazione\" \/>\n\t<meta name=\"twitter:label2\" content=\"Dur\u00e9e de lecture estim\u00e9e\" \/>\n\t<meta name=\"twitter:data2\" content=\"3 minutes\" \/>\n<script type=\"application\/ld+json\" class=\"yoast-schema-graph\">{\"@context\":\"https:\\\/\\\/schema.org\",\"@graph\":[{\"@type\":\"Article\",\"@id\":\"https:\\\/\\\/www.bellunopress.it\\\/2026\\\/07\\\/23\\\/val-di-zoldo-un-cammino-tra-le-pagine-della-storia-e-del-paesaggio-dolomitico-per-mantenere-viva-la-voce-di-uno-dei-grandi-maestri-della-letteratura-italiana-contemporanea\\\/#article\",\"isPartOf\":{\"@id\":\"https:\\\/\\\/www.bellunopress.it\\\/2026\\\/07\\\/23\\\/val-di-zoldo-un-cammino-tra-le-pagine-della-storia-e-del-paesaggio-dolomitico-per-mantenere-viva-la-voce-di-uno-dei-grandi-maestri-della-letteratura-italiana-contemporanea\\\/\"},\"author\":{\"name\":\"redazione\",\"@id\":\"https:\\\/\\\/www.bellunopress.it\\\/#\\\/schema\\\/person\\\/79bb06722b37ece1c03d3e94beb30d73\"},\"headline\":\"Val di Zoldo: un cammino tra le pagine della storia e del paesaggio dolomitico per mantenere viva la voce di uno dei grandi maestri della letteratura italiana contemporanea\",\"datePublished\":\"2026-07-23T17:04:21+00:00\",\"mainEntityOfPage\":{\"@id\":\"https:\\\/\\\/www.bellunopress.it\\\/2026\\\/07\\\/23\\\/val-di-zoldo-un-cammino-tra-le-pagine-della-storia-e-del-paesaggio-dolomitico-per-mantenere-viva-la-voce-di-uno-dei-grandi-maestri-della-letteratura-italiana-contemporanea\\\/\"},\"wordCount\":498,\"publisher\":{\"@id\":\"https:\\\/\\\/www.bellunopress.it\\\/#organization\"},\"image\":{\"@id\":\"https:\\\/\\\/www.bellunopress.it\\\/2026\\\/07\\\/23\\\/val-di-zoldo-un-cammino-tra-le-pagine-della-storia-e-del-paesaggio-dolomitico-per-mantenere-viva-la-voce-di-uno-dei-grandi-maestri-della-letteratura-italiana-contemporanea\\\/#primaryimage\"},\"thumbnailUrl\":\"https:\\\/\\\/www.bellunopress.it\\\/wp-content\\\/uploads\\\/2026\\\/07\\\/Sebastiano-Vassalli-Marco-e-Mattio.jpg\",\"articleSection\":[\"Appuntamenti, Eventi\",\"Arte, Cultura, Spettacoli, Scienza\"],\"inLanguage\":\"fr-FR\"},{\"@type\":\"WebPage\",\"@id\":\"https:\\\/\\\/www.bellunopress.it\\\/2026\\\/07\\\/23\\\/val-di-zoldo-un-cammino-tra-le-pagine-della-storia-e-del-paesaggio-dolomitico-per-mantenere-viva-la-voce-di-uno-dei-grandi-maestri-della-letteratura-italiana-contemporanea\\\/\",\"url\":\"https:\\\/\\\/www.bellunopress.it\\\/2026\\\/07\\\/23\\\/val-di-zoldo-un-cammino-tra-le-pagine-della-storia-e-del-paesaggio-dolomitico-per-mantenere-viva-la-voce-di-uno-dei-grandi-maestri-della-letteratura-italiana-contemporanea\\\/\",\"name\":\"Val di Zoldo: un cammino tra le pagine della storia e del paesaggio dolomitico per mantenere viva la voce di uno dei grandi maestri della letteratura italiana contemporanea - Bellunopress - Dolomiti\",\"isPartOf\":{\"@id\":\"https:\\\/\\\/www.bellunopress.it\\\/#website\"},\"primaryImageOfPage\":{\"@id\":\"https:\\\/\\\/www.bellunopress.it\\\/2026\\\/07\\\/23\\\/val-di-zoldo-un-cammino-tra-le-pagine-della-storia-e-del-paesaggio-dolomitico-per-mantenere-viva-la-voce-di-uno-dei-grandi-maestri-della-letteratura-italiana-contemporanea\\\/#primaryimage\"},\"image\":{\"@id\":\"https:\\\/\\\/www.bellunopress.it\\\/2026\\\/07\\\/23\\\/val-di-zoldo-un-cammino-tra-le-pagine-della-storia-e-del-paesaggio-dolomitico-per-mantenere-viva-la-voce-di-uno-dei-grandi-maestri-della-letteratura-italiana-contemporanea\\\/#primaryimage\"},\"thumbnailUrl\":\"https:\\\/\\\/www.bellunopress.it\\\/wp-content\\\/uploads\\\/2026\\\/07\\\/Sebastiano-Vassalli-Marco-e-Mattio.jpg\",\"datePublished\":\"2026-07-23T17:04:21+00:00\",\"breadcrumb\":{\"@id\":\"https:\\\/\\\/www.bellunopress.it\\\/2026\\\/07\\\/23\\\/val-di-zoldo-un-cammino-tra-le-pagine-della-storia-e-del-paesaggio-dolomitico-per-mantenere-viva-la-voce-di-uno-dei-grandi-maestri-della-letteratura-italiana-contemporanea\\\/#breadcrumb\"},\"inLanguage\":\"fr-FR\",\"potentialAction\":[{\"@type\":\"ReadAction\",\"target\":[\"https:\\\/\\\/www.bellunopress.it\\\/2026\\\/07\\\/23\\\/val-di-zoldo-un-cammino-tra-le-pagine-della-storia-e-del-paesaggio-dolomitico-per-mantenere-viva-la-voce-di-uno-dei-grandi-maestri-della-letteratura-italiana-contemporanea\\\/\"]}]},{\"@type\":\"ImageObject\",\"inLanguage\":\"fr-FR\",\"@id\":\"https:\\\/\\\/www.bellunopress.it\\\/2026\\\/07\\\/23\\\/val-di-zoldo-un-cammino-tra-le-pagine-della-storia-e-del-paesaggio-dolomitico-per-mantenere-viva-la-voce-di-uno-dei-grandi-maestri-della-letteratura-italiana-contemporanea\\\/#primaryimage\",\"url\":\"https:\\\/\\\/www.bellunopress.it\\\/wp-content\\\/uploads\\\/2026\\\/07\\\/Sebastiano-Vassalli-Marco-e-Mattio.jpg\",\"contentUrl\":\"https:\\\/\\\/www.bellunopress.it\\\/wp-content\\\/uploads\\\/2026\\\/07\\\/Sebastiano-Vassalli-Marco-e-Mattio.jpg\",\"width\":536,\"height\":841},{\"@type\":\"BreadcrumbList\",\"@id\":\"https:\\\/\\\/www.bellunopress.it\\\/2026\\\/07\\\/23\\\/val-di-zoldo-un-cammino-tra-le-pagine-della-storia-e-del-paesaggio-dolomitico-per-mantenere-viva-la-voce-di-uno-dei-grandi-maestri-della-letteratura-italiana-contemporanea\\\/#breadcrumb\",\"itemListElement\":[{\"@type\":\"ListItem\",\"position\":1,\"name\":\"Home\",\"item\":\"https:\\\/\\\/www.bellunopress.it\\\/\"},{\"@type\":\"ListItem\",\"position\":2,\"name\":\"Val di Zoldo: un cammino tra le pagine della storia e del paesaggio dolomitico per mantenere viva la voce di uno dei grandi maestri della letteratura italiana contemporanea\"}]},{\"@type\":\"WebSite\",\"@id\":\"https:\\\/\\\/www.bellunopress.it\\\/#website\",\"url\":\"https:\\\/\\\/www.bellunopress.it\\\/\",\"name\":\"Bellunopress - Dolomiti\",\"description\":\"e-mail: redazione@bellunopress.it\",\"publisher\":{\"@id\":\"https:\\\/\\\/www.bellunopress.it\\\/#organization\"},\"potentialAction\":[{\"@type\":\"SearchAction\",\"target\":{\"@type\":\"EntryPoint\",\"urlTemplate\":\"https:\\\/\\\/www.bellunopress.it\\\/?s={search_term_string}\"},\"query-input\":{\"@type\":\"PropertyValueSpecification\",\"valueRequired\":true,\"valueName\":\"search_term_string\"}}],\"inLanguage\":\"fr-FR\"},{\"@type\":\"Organization\",\"@id\":\"https:\\\/\\\/www.bellunopress.it\\\/#organization\",\"name\":\"Bellunopress\",\"url\":\"https:\\\/\\\/www.bellunopress.it\\\/\",\"logo\":{\"@type\":\"ImageObject\",\"inLanguage\":\"fr-FR\",\"@id\":\"https:\\\/\\\/www.bellunopress.it\\\/#\\\/schema\\\/logo\\\/image\\\/\",\"url\":\"https:\\\/\\\/www.bellunopress.it\\\/wp-content\\\/uploads\\\/2011\\\/05\\\/cropped-logo-bellunopress-.jpg\",\"contentUrl\":\"https:\\\/\\\/www.bellunopress.it\\\/wp-content\\\/uploads\\\/2011\\\/05\\\/cropped-logo-bellunopress-.jpg\",\"width\":512,\"height\":512,\"caption\":\"Bellunopress\"},\"image\":{\"@id\":\"https:\\\/\\\/www.bellunopress.it\\\/#\\\/schema\\\/logo\\\/image\\\/\"},\"sameAs\":[\"https:\\\/\\\/www.facebook.com\\\/profile.php?id=100008943462799\",\"https:\\\/\\\/x.com\\\/bellunopress\",\"https:\\\/\\\/www.linkedin.com\\\/hp\\\/?dnr=JBzUWaJfMUw8vbXJJ2tVW5-I3jZKvC4wsoxE&amp;amp;amp;amp;amp;amp;trk=nav_responsive_tab_home\",\"https:\\\/\\\/www.youtube.com\\\/channel\\\/UCxL0wu1uN0_3_7hGG0306cw\"]},{\"@type\":\"Person\",\"@id\":\"https:\\\/\\\/www.bellunopress.it\\\/#\\\/schema\\\/person\\\/79bb06722b37ece1c03d3e94beb30d73\",\"name\":\"redazione\",\"image\":{\"@type\":\"ImageObject\",\"inLanguage\":\"fr-FR\",\"@id\":\"https:\\\/\\\/secure.gravatar.com\\\/avatar\\\/37d968a2e67a6fd04c169c4bdef102d0bc5d31b2546345219e348575eb80e9a0?s=96&d=mm&r=g\",\"url\":\"https:\\\/\\\/secure.gravatar.com\\\/avatar\\\/37d968a2e67a6fd04c169c4bdef102d0bc5d31b2546345219e348575eb80e9a0?s=96&d=mm&r=g\",\"contentUrl\":\"https:\\\/\\\/secure.gravatar.com\\\/avatar\\\/37d968a2e67a6fd04c169c4bdef102d0bc5d31b2546345219e348575eb80e9a0?s=96&d=mm&r=g\",\"caption\":\"redazione\"},\"sameAs\":[\"http:\\\/\\\/www.bellunopress.it\",\"https:\\\/\\\/x.com\\\/bellunopress\"],\"url\":\"https:\\\/\\\/www.bellunopress.it\\\/fr\\\/author\\\/redazione\\\/\"}]}<\/script>\n<!-- \/ Yoast SEO plugin. -->","yoast_head_json":{"title":"Val di Zoldo: un cammino tra le pagine della storia e del paesaggio dolomitico per mantenere viva la voce di uno dei grandi maestri della letteratura italiana contemporanea - Bellunopress - Dolomiti","robots":{"index":"index","follow":"follow","max-snippet":"max-snippet:-1","max-image-preview":"max-image-preview:large","max-video-preview":"max-video-preview:-1"},"canonical":"https:\/\/www.bellunopress.it\/fr\/2026\/07\/23\/val-di-zoldo-un-cammino-tra-le-pagine-della-storia-e-del-paesaggio-dolomitico-per-mantenere-viva-la-voce-di-uno-dei-grandi-maestri-della-letteratura-italiana-contemporanea\/","og_locale":"fr_FR","og_type":"article","og_title":"Val di Zoldo: un cammino tra le pagine della storia e del paesaggio dolomitico per mantenere viva la voce di uno dei grandi maestri della letteratura italiana contemporanea - Bellunopress - Dolomiti","og_description":"Domenica prossima, 26 luglio, la Val di Zoldo rinnova il suo legame profondo con Sebastiano Vassalli attraverso una giornata speciale dedicata alla riscoperta del Percorso paesaggistico-letterario, arricchita dalla presenza d&#8217;eccezione della signora Paola Todeschino Vassalli. L&#8217;appuntamento, promosso dal Comune di Val di Zoldo insieme agli Amici e lettori di Vassalli, \u00e8 fissato per le ore [&hellip;]","og_url":"https:\/\/www.bellunopress.it\/fr\/2026\/07\/23\/val-di-zoldo-un-cammino-tra-le-pagine-della-storia-e-del-paesaggio-dolomitico-per-mantenere-viva-la-voce-di-uno-dei-grandi-maestri-della-letteratura-italiana-contemporanea\/","og_site_name":"Bellunopress - Dolomiti","article_publisher":"https:\/\/www.facebook.com\/profile.php?id=100008943462799","article_published_time":"2026-07-23T17:04:21+00:00","og_image":[{"width":536,"height":841,"url":"https:\/\/www.bellunopress.it\/wp-content\/uploads\/2026\/07\/Sebastiano-Vassalli-Marco-e-Mattio.jpg","type":"image\/jpeg"}],"author":"redazione","twitter_card":"summary_large_image","twitter_creator":"@bellunopress","twitter_site":"@bellunopress","twitter_misc":{"\u00c9crit par":"redazione","Dur\u00e9e de lecture estim\u00e9e":"3 minutes"},"schema":{"@context":"https:\/\/schema.org","@graph":[{"@type":"Article","@id":"https:\/\/www.bellunopress.it\/2026\/07\/23\/val-di-zoldo-un-cammino-tra-le-pagine-della-storia-e-del-paesaggio-dolomitico-per-mantenere-viva-la-voce-di-uno-dei-grandi-maestri-della-letteratura-italiana-contemporanea\/#article","isPartOf":{"@id":"https:\/\/www.bellunopress.it\/2026\/07\/23\/val-di-zoldo-un-cammino-tra-le-pagine-della-storia-e-del-paesaggio-dolomitico-per-mantenere-viva-la-voce-di-uno-dei-grandi-maestri-della-letteratura-italiana-contemporanea\/"},"author":{"name":"redazione","@id":"https:\/\/www.bellunopress.it\/#\/schema\/person\/79bb06722b37ece1c03d3e94beb30d73"},"headline":"Val di Zoldo: un cammino tra le pagine della storia e del paesaggio dolomitico per mantenere viva la voce di uno dei grandi maestri della letteratura italiana contemporanea","datePublished":"2026-07-23T17:04:21+00:00","mainEntityOfPage":{"@id":"https:\/\/www.bellunopress.it\/2026\/07\/23\/val-di-zoldo-un-cammino-tra-le-pagine-della-storia-e-del-paesaggio-dolomitico-per-mantenere-viva-la-voce-di-uno-dei-grandi-maestri-della-letteratura-italiana-contemporanea\/"},"wordCount":498,"publisher":{"@id":"https:\/\/www.bellunopress.it\/#organization"},"image":{"@id":"https:\/\/www.bellunopress.it\/2026\/07\/23\/val-di-zoldo-un-cammino-tra-le-pagine-della-storia-e-del-paesaggio-dolomitico-per-mantenere-viva-la-voce-di-uno-dei-grandi-maestri-della-letteratura-italiana-contemporanea\/#primaryimage"},"thumbnailUrl":"https:\/\/www.bellunopress.it\/wp-content\/uploads\/2026\/07\/Sebastiano-Vassalli-Marco-e-Mattio.jpg","articleSection":["Appuntamenti, Eventi","Arte, Cultura, Spettacoli, Scienza"],"inLanguage":"fr-FR"},{"@type":"WebPage","@id":"https:\/\/www.bellunopress.it\/2026\/07\/23\/val-di-zoldo-un-cammino-tra-le-pagine-della-storia-e-del-paesaggio-dolomitico-per-mantenere-viva-la-voce-di-uno-dei-grandi-maestri-della-letteratura-italiana-contemporanea\/","url":"https:\/\/www.bellunopress.it\/2026\/07\/23\/val-di-zoldo-un-cammino-tra-le-pagine-della-storia-e-del-paesaggio-dolomitico-per-mantenere-viva-la-voce-di-uno-dei-grandi-maestri-della-letteratura-italiana-contemporanea\/","name":"Val di Zoldo: un cammino tra le pagine della storia e del paesaggio dolomitico per mantenere viva la voce di uno dei grandi maestri della letteratura italiana contemporanea - Bellunopress - Dolomiti","isPartOf":{"@id":"https:\/\/www.bellunopress.it\/#website"},"primaryImageOfPage":{"@id":"https:\/\/www.bellunopress.it\/2026\/07\/23\/val-di-zoldo-un-cammino-tra-le-pagine-della-storia-e-del-paesaggio-dolomitico-per-mantenere-viva-la-voce-di-uno-dei-grandi-maestri-della-letteratura-italiana-contemporanea\/#primaryimage"},"image":{"@id":"https:\/\/www.bellunopress.it\/2026\/07\/23\/val-di-zoldo-un-cammino-tra-le-pagine-della-storia-e-del-paesaggio-dolomitico-per-mantenere-viva-la-voce-di-uno-dei-grandi-maestri-della-letteratura-italiana-contemporanea\/#primaryimage"},"thumbnailUrl":"https:\/\/www.bellunopress.it\/wp-content\/uploads\/2026\/07\/Sebastiano-Vassalli-Marco-e-Mattio.jpg","datePublished":"2026-07-23T17:04:21+00:00","breadcrumb":{"@id":"https:\/\/www.bellunopress.it\/2026\/07\/23\/val-di-zoldo-un-cammino-tra-le-pagine-della-storia-e-del-paesaggio-dolomitico-per-mantenere-viva-la-voce-di-uno-dei-grandi-maestri-della-letteratura-italiana-contemporanea\/#breadcrumb"},"inLanguage":"fr-FR","potentialAction":[{"@type":"ReadAction","target":["https:\/\/www.bellunopress.it\/2026\/07\/23\/val-di-zoldo-un-cammino-tra-le-pagine-della-storia-e-del-paesaggio-dolomitico-per-mantenere-viva-la-voce-di-uno-dei-grandi-maestri-della-letteratura-italiana-contemporanea\/"]}]},{"@type":"ImageObject","inLanguage":"fr-FR","@id":"https:\/\/www.bellunopress.it\/2026\/07\/23\/val-di-zoldo-un-cammino-tra-le-pagine-della-storia-e-del-paesaggio-dolomitico-per-mantenere-viva-la-voce-di-uno-dei-grandi-maestri-della-letteratura-italiana-contemporanea\/#primaryimage","url":"https:\/\/www.bellunopress.it\/wp-content\/uploads\/2026\/07\/Sebastiano-Vassalli-Marco-e-Mattio.jpg","contentUrl":"https:\/\/www.bellunopress.it\/wp-content\/uploads\/2026\/07\/Sebastiano-Vassalli-Marco-e-Mattio.jpg","width":536,"height":841},{"@type":"BreadcrumbList","@id":"https:\/\/www.bellunopress.it\/2026\/07\/23\/val-di-zoldo-un-cammino-tra-le-pagine-della-storia-e-del-paesaggio-dolomitico-per-mantenere-viva-la-voce-di-uno-dei-grandi-maestri-della-letteratura-italiana-contemporanea\/#breadcrumb","itemListElement":[{"@type":"ListItem","position":1,"name":"Home","item":"https:\/\/www.bellunopress.it\/"},{"@type":"ListItem","position":2,"name":"Val di Zoldo: un cammino tra le pagine della storia e del paesaggio dolomitico per mantenere viva la voce di uno dei grandi maestri della letteratura italiana contemporanea"}]},{"@type":"WebSite","@id":"https:\/\/www.bellunopress.it\/#website","url":"https:\/\/www.bellunopress.it\/","name":"Bellunopress - Dolomiti","description":"e-mail: redazione@bellunopress.it","publisher":{"@id":"https:\/\/www.bellunopress.it\/#organization"},"potentialAction":[{"@type":"SearchAction","target":{"@type":"EntryPoint","urlTemplate":"https:\/\/www.bellunopress.it\/?s={search_term_string}"},"query-input":{"@type":"PropertyValueSpecification","valueRequired":true,"valueName":"search_term_string"}}],"inLanguage":"fr-FR"},{"@type":"Organization","@id":"https:\/\/www.bellunopress.it\/#organization","name":"Bellunopress","url":"https:\/\/www.bellunopress.it\/","logo":{"@type":"ImageObject","inLanguage":"fr-FR","@id":"https:\/\/www.bellunopress.it\/#\/schema\/logo\/image\/","url":"https:\/\/www.bellunopress.it\/wp-content\/uploads\/2011\/05\/cropped-logo-bellunopress-.jpg","contentUrl":"https:\/\/www.bellunopress.it\/wp-content\/uploads\/2011\/05\/cropped-logo-bellunopress-.jpg","width":512,"height":512,"caption":"Bellunopress"},"image":{"@id":"https:\/\/www.bellunopress.it\/#\/schema\/logo\/image\/"},"sameAs":["https:\/\/www.facebook.com\/profile.php?id=100008943462799","https:\/\/x.com\/bellunopress","https:\/\/www.linkedin.com\/hp\/?dnr=JBzUWaJfMUw8vbXJJ2tVW5-I3jZKvC4wsoxE&amp;amp;amp;amp;amp;amp;trk=nav_responsive_tab_home","https:\/\/www.youtube.com\/channel\/UCxL0wu1uN0_3_7hGG0306cw"]},{"@type":"Person","@id":"https:\/\/www.bellunopress.it\/#\/schema\/person\/79bb06722b37ece1c03d3e94beb30d73","name":"r\u00e9daction","image":{"@type":"ImageObject","inLanguage":"fr-FR","@id":"https:\/\/secure.gravatar.com\/avatar\/37d968a2e67a6fd04c169c4bdef102d0bc5d31b2546345219e348575eb80e9a0?s=96&d=mm&r=g","url":"https:\/\/secure.gravatar.com\/avatar\/37d968a2e67a6fd04c169c4bdef102d0bc5d31b2546345219e348575eb80e9a0?s=96&d=mm&r=g","contentUrl":"https:\/\/secure.gravatar.com\/avatar\/37d968a2e67a6fd04c169c4bdef102d0bc5d31b2546345219e348575eb80e9a0?s=96&d=mm&r=g","caption":"redazione"},"sameAs":["http:\/\/www.bellunopress.it","https:\/\/x.com\/bellunopress"],"url":"https:\/\/www.bellunopress.it\/fr\/author\/redazione\/"}]}},"_links":{"self":[{"href":"https:\/\/www.bellunopress.it\/fr\/wp-json\/wp\/v2\/posts\/172135","targetHints":{"allow":["GET"]}}],"collection":[{"href":"https:\/\/www.bellunopress.it\/fr\/wp-json\/wp\/v2\/posts"}],"about":[{"href":"https:\/\/www.bellunopress.it\/fr\/wp-json\/wp\/v2\/types\/post"}],"author":[{"embeddable":true,"href":"https:\/\/www.bellunopress.it\/fr\/wp-json\/wp\/v2\/users\/2"}],"replies":[{"embeddable":true,"href":"https:\/\/www.bellunopress.it\/fr\/wp-json\/wp\/v2\/comments?post=172135"}],"version-history":[{"count":1,"href":"https:\/\/www.bellunopress.it\/fr\/wp-json\/wp\/v2\/posts\/172135\/revisions"}],"predecessor-version":[{"id":172137,"href":"https:\/\/www.bellunopress.it\/fr\/wp-json\/wp\/v2\/posts\/172135\/revisions\/172137"}],"wp:featuredmedia":[{"embeddable":true,"href":"https:\/\/www.bellunopress.it\/fr\/wp-json\/wp\/v2\/media\/172136"}],"wp:attachment":[{"href":"https:\/\/www.bellunopress.it\/fr\/wp-json\/wp\/v2\/media?parent=172135"}],"wp:term":[{"taxonomy":"category","embeddable":true,"href":"https:\/\/www.bellunopress.it\/fr\/wp-json\/wp\/v2\/categories?post=172135"},{"taxonomy":"post_tag","embeddable":true,"href":"https:\/\/www.bellunopress.it\/fr\/wp-json\/wp\/v2\/tags?post=172135"}],"curies":[{"name":"wp","href":"https:\/\/api.w.org\/{rel}","templated":true}]}}