{"id":172132,"date":"2026-07-23T18:51:38","date_gmt":"2026-07-23T16:51:38","guid":{"rendered":"https:\/\/www.bellunopress.it\/?p=172132"},"modified":"2026-07-23T18:51:38","modified_gmt":"2026-07-23T16:51:38","slug":"soverzene-al-via-i-lavori-di-riqualificazione-agli-spogliatoi-del-campo-sportivo-in-localita-salet","status":"publish","type":"post","link":"https:\/\/www.bellunopress.it\/fr\/2026\/07\/23\/soverzene-al-via-i-lavori-di-riqualificazione-agli-spogliatoi-del-campo-sportivo-in-localita-salet\/","title":{"rendered":"Soverzene, al via i lavori di riqualificazione agli spogliatoi del campo sportivo in localit\u00e0 Salet"},"content":{"rendered":"<p data-path-to-node=\"1\">Soverzene. 23\/07\/2026 &#8211; \u00a0Sono partiti in questa settimana gli interventi di manutenzione straordinaria presso l&#8217;impianto sportivo comunale in localit\u00e0 Salet, gestito dall&#8217;Associazione Sportiva Dilettantistica Calcio Ponte nelle Alpi. Il cantiere ha l&#8217;obiettivo di rinnovare e rendere pi\u00f9 funzionale la struttura, con la conclusione dei lavori prevista entro la met\u00e0 del mese di agosto, in coincidenza con l&#8217;avvio della preparazione atletica delle squadre di calcio giovanili e della prima squadra.<\/p>\n<h3 data-path-to-node=\"2\">Il piano degli interventi e i dettagli economici<\/h3>\n<p data-path-to-node=\"3\">L&#8217;operazione, che rientra nel pi\u00f9 ampio programma di valorizzazione del patrimonio pubblico del Comune di Soverzene, comporta un investimento complessivo di 140 mila euro. Il progetto \u00e8 finanziato per la maggior parte grazie a un contributo di 100 mila euro concesso dal Consorzio BIM Piave, a cui si aggiungono 40 mila euro stanziati direttamente dall&#8217;Amministrazione comunale.<\/p>\n<p data-path-to-node=\"4\">Il progetto di riqualificazione interessa in modo mirato diverse aree dello spogliatoio, inaugurato nei primi anni Novanta:<\/p>\n<ul data-path-to-node=\"5\">\n<li>\n<p data-path-to-node=\"5,0,0\">Riqualificazione impiantistica e finiture: \u00c8 previsto il rifacimento completo dell&#8217;impianto idraulico, con miglioramenti significativi per le docce degli spogliatoi principali, dell&#8217;infermeria e dello spazio riservato all&#8217;arbitro. Al termine delle opere idrauliche si proceder\u00e0 alla nuova piastrellatura delle superfici coinvolte.<\/p>\n<\/li>\n<li>\n<p data-path-to-node=\"5,1,0\">Accessibilit\u00e0 e inclusione: Saranno adeguati i bagni esterni per garantire la piena fruibilit\u00e0 da parte delle persone a mobilit\u00e0 ridotta (PMR).<\/p>\n<\/li>\n<li>\n<p data-path-to-node=\"5,2,0\">Efficienza energetica e decoro: Il piano comprende la sostituzione integrale di tutti i serramenti, sia interni che esterni, per ottimizzare l&#8217;isolamento termico dell&#8217;edificio.<\/p>\n<\/li>\n<\/ul>\n<h3 data-path-to-node=\"6\">Un percorso di costante ammodernamento<\/h3>\n<p data-path-to-node=\"7\">La nuova opera si inserisce in una strategia pluriennale di efficientamento energetico e potenziamento delle strutture comunali portata avanti dall&#8217;Amministrazione. Tra i progetti gi\u00e0 completati in passato figurano il potenziamento del fotovoltaico al municipio e al magazzino comunale, la sostituzione degli infissi della sede municipale, l&#8217;installazione di impianti fotovoltaici e solari termici proprio presso gli spogliatoi di localit\u00e0 Salet, oltre all&#8217;ammodernamento dell&#8217;illuminazione del campo da tennis con tecnologia a LED e del campo da calcio.<\/p>\n<p data-path-to-node=\"8\">A fare il punto sugli interventi \u00e8 il vicesindaco e assessore all&#8217;ambiente, Luca Balbinot:<\/p>\n<blockquote data-path-to-node=\"9\"><p><i data-path-to-node=\"9,0\" data-index-in-node=\"0\">\u00abLa struttura, inaugurata nei primi anni 90, necessitava di questi adeguamenti per offrire agli atleti e ai visitatori uno spazio sicuro, confortevole e inclusivo. Il miglioramento delle docce, dei servizi igienici e l&#8217;adeguamento per le persone a mobilit\u00e0 ridotta sono priorit\u00e0 che abbiamo voluto concretizzare per rendere l&#8217;impianto di localit\u00e0 Salet un fiore all&#8217;occhiello del nostro territorio\u00bb<\/i>.<\/p><\/blockquote>\n<h3 data-path-to-node=\"10\">Novit\u00e0 anche per il tennis<\/h3>\n<p data-path-to-node=\"11\">L&#8217;Amministrazione comunale ricorda inoltre che, dallo scorso mese di luglio, \u00e8 attiva la nuova gestione del campo da tennis comunale affidata all&#8217;ASD Tennis Dolomitico. Per consultare tutte le informazioni relative agli orari e alle modalit\u00e0 di prenotazione \u00e8 possibile fare riferimento alla pagina dedicata sul sito istituzionale del Comune.<\/p>","protected":false},"excerpt":{"rendered":"<p>Soverzene. 23\/07\/2026 &#8211; \u00a0Sono partiti in questa settimana gli interventi di manutenzione straordinaria presso l&#8217;impianto sportivo comunale in localit\u00e0 Salet, gestito dall&#8217;Associazione Sportiva Dilettantistica Calcio Ponte nelle Alpi. Il cantiere ha l&#8217;obiettivo di rinnovare e rendere pi\u00f9 funzionale la struttura, con la conclusione dei lavori prevista entro la met\u00e0 del mese di agosto, in coincidenza [&hellip;]<\/p>\n","protected":false},"author":2,"featured_media":172133,"comment_status":"closed","ping_status":"open","sticky":false,"template":"","format":"standard","meta":{"footnotes":""},"categories":[25,8,4],"tags":[],"class_list":["post-172132","post","type-post","status-publish","format-standard","has-post-thumbnail","category-pausa-caffe","category-societa-istituzioni","category-sport"],"yoast_head":"<!-- This site is optimized with the Yoast SEO plugin v28.4 - https:\/\/yoast.com\/product\/yoast-seo-wordpress\/ -->\n<title>Soverzene, al via i lavori di riqualificazione agli spogliatoi del campo sportivo in localit\u00e0 Salet - Bellunopress - Dolomiti<\/title>\n<meta name=\"robots\" content=\"index, follow, max-snippet:-1, max-image-preview:large, max-video-preview:-1\" \/>\n<link rel=\"canonical\" href=\"https:\/\/www.bellunopress.it\/fr\/2026\/07\/23\/soverzene-al-via-i-lavori-di-riqualificazione-agli-spogliatoi-del-campo-sportivo-in-localita-salet\/\" \/>\n<meta property=\"og:locale\" content=\"fr_FR\" \/>\n<meta property=\"og:type\" content=\"article\" \/>\n<meta property=\"og:title\" content=\"Soverzene, al via i lavori di riqualificazione agli spogliatoi del campo sportivo in localit\u00e0 Salet - Bellunopress - Dolomiti\" \/>\n<meta property=\"og:description\" content=\"Soverzene. 23\/07\/2026 &#8211; \u00a0Sono partiti in questa settimana gli interventi di manutenzione straordinaria presso l&#8217;impianto sportivo comunale in localit\u00e0 Salet, gestito dall&#8217;Associazione Sportiva Dilettantistica Calcio Ponte nelle Alpi. Il cantiere ha l&#8217;obiettivo di rinnovare e rendere pi\u00f9 funzionale la struttura, con la conclusione dei lavori prevista entro la met\u00e0 del mese di agosto, in coincidenza [&hellip;]\" \/>\n<meta property=\"og:url\" content=\"https:\/\/www.bellunopress.it\/fr\/2026\/07\/23\/soverzene-al-via-i-lavori-di-riqualificazione-agli-spogliatoi-del-campo-sportivo-in-localita-salet\/\" \/>\n<meta property=\"og:site_name\" content=\"Bellunopress - Dolomiti\" \/>\n<meta property=\"article:publisher\" content=\"https:\/\/www.facebook.com\/profile.php?id=100008943462799\" \/>\n<meta property=\"article:published_time\" content=\"2026-07-23T16:51:38+00:00\" \/>\n<meta property=\"og:image\" content=\"https:\/\/www.bellunopress.it\/wp-content\/uploads\/2026\/07\/Soverzene-campo-sportivo-loc.-Salet.jpeg\" \/>\n\t<meta property=\"og:image:width\" content=\"500\" \/>\n\t<meta property=\"og:image:height\" content=\"375\" \/>\n\t<meta property=\"og:image:type\" content=\"image\/jpeg\" \/>\n<meta name=\"author\" content=\"redazione\" \/>\n<meta name=\"twitter:card\" content=\"summary_large_image\" \/>\n<meta name=\"twitter:creator\" content=\"@bellunopress\" \/>\n<meta name=\"twitter:site\" content=\"@bellunopress\" \/>\n<meta name=\"twitter:label1\" content=\"\u00c9crit par\" \/>\n\t<meta name=\"twitter:data1\" content=\"redazione\" \/>\n\t<meta name=\"twitter:label2\" content=\"Dur\u00e9e de lecture estim\u00e9e\" \/>\n\t<meta name=\"twitter:data2\" content=\"3 minutes\" \/>\n<script type=\"application\/ld+json\" class=\"yoast-schema-graph\">{\"@context\":\"https:\\\/\\\/schema.org\",\"@graph\":[{\"@type\":\"Article\",\"@id\":\"https:\\\/\\\/www.bellunopress.it\\\/2026\\\/07\\\/23\\\/soverzene-al-via-i-lavori-di-riqualificazione-agli-spogliatoi-del-campo-sportivo-in-localita-salet\\\/#article\",\"isPartOf\":{\"@id\":\"https:\\\/\\\/www.bellunopress.it\\\/2026\\\/07\\\/23\\\/soverzene-al-via-i-lavori-di-riqualificazione-agli-spogliatoi-del-campo-sportivo-in-localita-salet\\\/\"},\"author\":{\"name\":\"redazione\",\"@id\":\"https:\\\/\\\/www.bellunopress.it\\\/#\\\/schema\\\/person\\\/79bb06722b37ece1c03d3e94beb30d73\"},\"headline\":\"Soverzene, al via i lavori di riqualificazione agli spogliatoi del campo sportivo in localit\u00e0 Salet\",\"datePublished\":\"2026-07-23T16:51:38+00:00\",\"mainEntityOfPage\":{\"@id\":\"https:\\\/\\\/www.bellunopress.it\\\/2026\\\/07\\\/23\\\/soverzene-al-via-i-lavori-di-riqualificazione-agli-spogliatoi-del-campo-sportivo-in-localita-salet\\\/\"},\"wordCount\":464,\"publisher\":{\"@id\":\"https:\\\/\\\/www.bellunopress.it\\\/#organization\"},\"image\":{\"@id\":\"https:\\\/\\\/www.bellunopress.it\\\/2026\\\/07\\\/23\\\/soverzene-al-via-i-lavori-di-riqualificazione-agli-spogliatoi-del-campo-sportivo-in-localita-salet\\\/#primaryimage\"},\"thumbnailUrl\":\"https:\\\/\\\/www.bellunopress.it\\\/wp-content\\\/uploads\\\/2026\\\/07\\\/Soverzene-campo-sportivo-loc.-Salet.jpeg\",\"articleSection\":[\"Pausa Caff\u00e8\",\"Societ\u00e0, Associazioni, Istituzioni\",\"Sport, tempo libero\"],\"inLanguage\":\"fr-FR\"},{\"@type\":\"WebPage\",\"@id\":\"https:\\\/\\\/www.bellunopress.it\\\/2026\\\/07\\\/23\\\/soverzene-al-via-i-lavori-di-riqualificazione-agli-spogliatoi-del-campo-sportivo-in-localita-salet\\\/\",\"url\":\"https:\\\/\\\/www.bellunopress.it\\\/2026\\\/07\\\/23\\\/soverzene-al-via-i-lavori-di-riqualificazione-agli-spogliatoi-del-campo-sportivo-in-localita-salet\\\/\",\"name\":\"Soverzene, al via i lavori di riqualificazione agli spogliatoi del campo sportivo in localit\u00e0 Salet - Bellunopress - Dolomiti\",\"isPartOf\":{\"@id\":\"https:\\\/\\\/www.bellunopress.it\\\/#website\"},\"primaryImageOfPage\":{\"@id\":\"https:\\\/\\\/www.bellunopress.it\\\/2026\\\/07\\\/23\\\/soverzene-al-via-i-lavori-di-riqualificazione-agli-spogliatoi-del-campo-sportivo-in-localita-salet\\\/#primaryimage\"},\"image\":{\"@id\":\"https:\\\/\\\/www.bellunopress.it\\\/2026\\\/07\\\/23\\\/soverzene-al-via-i-lavori-di-riqualificazione-agli-spogliatoi-del-campo-sportivo-in-localita-salet\\\/#primaryimage\"},\"thumbnailUrl\":\"https:\\\/\\\/www.bellunopress.it\\\/wp-content\\\/uploads\\\/2026\\\/07\\\/Soverzene-campo-sportivo-loc.-Salet.jpeg\",\"datePublished\":\"2026-07-23T16:51:38+00:00\",\"breadcrumb\":{\"@id\":\"https:\\\/\\\/www.bellunopress.it\\\/2026\\\/07\\\/23\\\/soverzene-al-via-i-lavori-di-riqualificazione-agli-spogliatoi-del-campo-sportivo-in-localita-salet\\\/#breadcrumb\"},\"inLanguage\":\"fr-FR\",\"potentialAction\":[{\"@type\":\"ReadAction\",\"target\":[\"https:\\\/\\\/www.bellunopress.it\\\/2026\\\/07\\\/23\\\/soverzene-al-via-i-lavori-di-riqualificazione-agli-spogliatoi-del-campo-sportivo-in-localita-salet\\\/\"]}]},{\"@type\":\"ImageObject\",\"inLanguage\":\"fr-FR\",\"@id\":\"https:\\\/\\\/www.bellunopress.it\\\/2026\\\/07\\\/23\\\/soverzene-al-via-i-lavori-di-riqualificazione-agli-spogliatoi-del-campo-sportivo-in-localita-salet\\\/#primaryimage\",\"url\":\"https:\\\/\\\/www.bellunopress.it\\\/wp-content\\\/uploads\\\/2026\\\/07\\\/Soverzene-campo-sportivo-loc.-Salet.jpeg\",\"contentUrl\":\"https:\\\/\\\/www.bellunopress.it\\\/wp-content\\\/uploads\\\/2026\\\/07\\\/Soverzene-campo-sportivo-loc.-Salet.jpeg\",\"width\":500,\"height\":375},{\"@type\":\"BreadcrumbList\",\"@id\":\"https:\\\/\\\/www.bellunopress.it\\\/2026\\\/07\\\/23\\\/soverzene-al-via-i-lavori-di-riqualificazione-agli-spogliatoi-del-campo-sportivo-in-localita-salet\\\/#breadcrumb\",\"itemListElement\":[{\"@type\":\"ListItem\",\"position\":1,\"name\":\"Home\",\"item\":\"https:\\\/\\\/www.bellunopress.it\\\/\"},{\"@type\":\"ListItem\",\"position\":2,\"name\":\"Soverzene, al via i lavori di riqualificazione agli spogliatoi del campo sportivo in localit\u00e0 Salet\"}]},{\"@type\":\"WebSite\",\"@id\":\"https:\\\/\\\/www.bellunopress.it\\\/#website\",\"url\":\"https:\\\/\\\/www.bellunopress.it\\\/\",\"name\":\"Bellunopress - Dolomiti\",\"description\":\"e-mail: redazione@bellunopress.it\",\"publisher\":{\"@id\":\"https:\\\/\\\/www.bellunopress.it\\\/#organization\"},\"potentialAction\":[{\"@type\":\"SearchAction\",\"target\":{\"@type\":\"EntryPoint\",\"urlTemplate\":\"https:\\\/\\\/www.bellunopress.it\\\/?s={search_term_string}\"},\"query-input\":{\"@type\":\"PropertyValueSpecification\",\"valueRequired\":true,\"valueName\":\"search_term_string\"}}],\"inLanguage\":\"fr-FR\"},{\"@type\":\"Organization\",\"@id\":\"https:\\\/\\\/www.bellunopress.it\\\/#organization\",\"name\":\"Bellunopress\",\"url\":\"https:\\\/\\\/www.bellunopress.it\\\/\",\"logo\":{\"@type\":\"ImageObject\",\"inLanguage\":\"fr-FR\",\"@id\":\"https:\\\/\\\/www.bellunopress.it\\\/#\\\/schema\\\/logo\\\/image\\\/\",\"url\":\"https:\\\/\\\/www.bellunopress.it\\\/wp-content\\\/uploads\\\/2011\\\/05\\\/cropped-logo-bellunopress-.jpg\",\"contentUrl\":\"https:\\\/\\\/www.bellunopress.it\\\/wp-content\\\/uploads\\\/2011\\\/05\\\/cropped-logo-bellunopress-.jpg\",\"width\":512,\"height\":512,\"caption\":\"Bellunopress\"},\"image\":{\"@id\":\"https:\\\/\\\/www.bellunopress.it\\\/#\\\/schema\\\/logo\\\/image\\\/\"},\"sameAs\":[\"https:\\\/\\\/www.facebook.com\\\/profile.php?id=100008943462799\",\"https:\\\/\\\/x.com\\\/bellunopress\",\"https:\\\/\\\/www.linkedin.com\\\/hp\\\/?dnr=JBzUWaJfMUw8vbXJJ2tVW5-I3jZKvC4wsoxE&amp;amp;amp;amp;amp;amp;trk=nav_responsive_tab_home\",\"https:\\\/\\\/www.youtube.com\\\/channel\\\/UCxL0wu1uN0_3_7hGG0306cw\"]},{\"@type\":\"Person\",\"@id\":\"https:\\\/\\\/www.bellunopress.it\\\/#\\\/schema\\\/person\\\/79bb06722b37ece1c03d3e94beb30d73\",\"name\":\"redazione\",\"image\":{\"@type\":\"ImageObject\",\"inLanguage\":\"fr-FR\",\"@id\":\"https:\\\/\\\/secure.gravatar.com\\\/avatar\\\/37d968a2e67a6fd04c169c4bdef102d0bc5d31b2546345219e348575eb80e9a0?s=96&d=mm&r=g\",\"url\":\"https:\\\/\\\/secure.gravatar.com\\\/avatar\\\/37d968a2e67a6fd04c169c4bdef102d0bc5d31b2546345219e348575eb80e9a0?s=96&d=mm&r=g\",\"contentUrl\":\"https:\\\/\\\/secure.gravatar.com\\\/avatar\\\/37d968a2e67a6fd04c169c4bdef102d0bc5d31b2546345219e348575eb80e9a0?s=96&d=mm&r=g\",\"caption\":\"redazione\"},\"sameAs\":[\"http:\\\/\\\/www.bellunopress.it\",\"https:\\\/\\\/x.com\\\/bellunopress\"],\"url\":\"https:\\\/\\\/www.bellunopress.it\\\/fr\\\/author\\\/redazione\\\/\"}]}<\/script>\n<!-- \/ Yoast SEO plugin. -->","yoast_head_json":{"title":"Soverzene, al via i lavori di riqualificazione agli spogliatoi del campo sportivo in localit\u00e0 Salet - Bellunopress - Dolomiti","robots":{"index":"index","follow":"follow","max-snippet":"max-snippet:-1","max-image-preview":"max-image-preview:large","max-video-preview":"max-video-preview:-1"},"canonical":"https:\/\/www.bellunopress.it\/fr\/2026\/07\/23\/soverzene-al-via-i-lavori-di-riqualificazione-agli-spogliatoi-del-campo-sportivo-in-localita-salet\/","og_locale":"fr_FR","og_type":"article","og_title":"Soverzene, al via i lavori di riqualificazione agli spogliatoi del campo sportivo in localit\u00e0 Salet - Bellunopress - Dolomiti","og_description":"Soverzene. 23\/07\/2026 &#8211; \u00a0Sono partiti in questa settimana gli interventi di manutenzione straordinaria presso l&#8217;impianto sportivo comunale in localit\u00e0 Salet, gestito dall&#8217;Associazione Sportiva Dilettantistica Calcio Ponte nelle Alpi. Il cantiere ha l&#8217;obiettivo di rinnovare e rendere pi\u00f9 funzionale la struttura, con la conclusione dei lavori prevista entro la met\u00e0 del mese di agosto, in coincidenza [&hellip;]","og_url":"https:\/\/www.bellunopress.it\/fr\/2026\/07\/23\/soverzene-al-via-i-lavori-di-riqualificazione-agli-spogliatoi-del-campo-sportivo-in-localita-salet\/","og_site_name":"Bellunopress - Dolomiti","article_publisher":"https:\/\/www.facebook.com\/profile.php?id=100008943462799","article_published_time":"2026-07-23T16:51:38+00:00","og_image":[{"width":500,"height":375,"url":"https:\/\/www.bellunopress.it\/wp-content\/uploads\/2026\/07\/Soverzene-campo-sportivo-loc.-Salet.jpeg","type":"image\/jpeg"}],"author":"redazione","twitter_card":"summary_large_image","twitter_creator":"@bellunopress","twitter_site":"@bellunopress","twitter_misc":{"\u00c9crit par":"redazione","Dur\u00e9e de lecture estim\u00e9e":"3 minutes"},"schema":{"@context":"https:\/\/schema.org","@graph":[{"@type":"Article","@id":"https:\/\/www.bellunopress.it\/2026\/07\/23\/soverzene-al-via-i-lavori-di-riqualificazione-agli-spogliatoi-del-campo-sportivo-in-localita-salet\/#article","isPartOf":{"@id":"https:\/\/www.bellunopress.it\/2026\/07\/23\/soverzene-al-via-i-lavori-di-riqualificazione-agli-spogliatoi-del-campo-sportivo-in-localita-salet\/"},"author":{"name":"redazione","@id":"https:\/\/www.bellunopress.it\/#\/schema\/person\/79bb06722b37ece1c03d3e94beb30d73"},"headline":"Soverzene, al via i lavori di riqualificazione agli spogliatoi del campo sportivo in localit\u00e0 Salet","datePublished":"2026-07-23T16:51:38+00:00","mainEntityOfPage":{"@id":"https:\/\/www.bellunopress.it\/2026\/07\/23\/soverzene-al-via-i-lavori-di-riqualificazione-agli-spogliatoi-del-campo-sportivo-in-localita-salet\/"},"wordCount":464,"publisher":{"@id":"https:\/\/www.bellunopress.it\/#organization"},"image":{"@id":"https:\/\/www.bellunopress.it\/2026\/07\/23\/soverzene-al-via-i-lavori-di-riqualificazione-agli-spogliatoi-del-campo-sportivo-in-localita-salet\/#primaryimage"},"thumbnailUrl":"https:\/\/www.bellunopress.it\/wp-content\/uploads\/2026\/07\/Soverzene-campo-sportivo-loc.-Salet.jpeg","articleSection":["Pausa Caff\u00e8","Societ\u00e0, Associazioni, Istituzioni","Sport, tempo libero"],"inLanguage":"fr-FR"},{"@type":"WebPage","@id":"https:\/\/www.bellunopress.it\/2026\/07\/23\/soverzene-al-via-i-lavori-di-riqualificazione-agli-spogliatoi-del-campo-sportivo-in-localita-salet\/","url":"https:\/\/www.bellunopress.it\/2026\/07\/23\/soverzene-al-via-i-lavori-di-riqualificazione-agli-spogliatoi-del-campo-sportivo-in-localita-salet\/","name":"Soverzene, al via i lavori di riqualificazione agli spogliatoi del campo sportivo in localit\u00e0 Salet - Bellunopress - Dolomiti","isPartOf":{"@id":"https:\/\/www.bellunopress.it\/#website"},"primaryImageOfPage":{"@id":"https:\/\/www.bellunopress.it\/2026\/07\/23\/soverzene-al-via-i-lavori-di-riqualificazione-agli-spogliatoi-del-campo-sportivo-in-localita-salet\/#primaryimage"},"image":{"@id":"https:\/\/www.bellunopress.it\/2026\/07\/23\/soverzene-al-via-i-lavori-di-riqualificazione-agli-spogliatoi-del-campo-sportivo-in-localita-salet\/#primaryimage"},"thumbnailUrl":"https:\/\/www.bellunopress.it\/wp-content\/uploads\/2026\/07\/Soverzene-campo-sportivo-loc.-Salet.jpeg","datePublished":"2026-07-23T16:51:38+00:00","breadcrumb":{"@id":"https:\/\/www.bellunopress.it\/2026\/07\/23\/soverzene-al-via-i-lavori-di-riqualificazione-agli-spogliatoi-del-campo-sportivo-in-localita-salet\/#breadcrumb"},"inLanguage":"fr-FR","potentialAction":[{"@type":"ReadAction","target":["https:\/\/www.bellunopress.it\/2026\/07\/23\/soverzene-al-via-i-lavori-di-riqualificazione-agli-spogliatoi-del-campo-sportivo-in-localita-salet\/"]}]},{"@type":"ImageObject","inLanguage":"fr-FR","@id":"https:\/\/www.bellunopress.it\/2026\/07\/23\/soverzene-al-via-i-lavori-di-riqualificazione-agli-spogliatoi-del-campo-sportivo-in-localita-salet\/#primaryimage","url":"https:\/\/www.bellunopress.it\/wp-content\/uploads\/2026\/07\/Soverzene-campo-sportivo-loc.-Salet.jpeg","contentUrl":"https:\/\/www.bellunopress.it\/wp-content\/uploads\/2026\/07\/Soverzene-campo-sportivo-loc.-Salet.jpeg","width":500,"height":375},{"@type":"BreadcrumbList","@id":"https:\/\/www.bellunopress.it\/2026\/07\/23\/soverzene-al-via-i-lavori-di-riqualificazione-agli-spogliatoi-del-campo-sportivo-in-localita-salet\/#breadcrumb","itemListElement":[{"@type":"ListItem","position":1,"name":"Home","item":"https:\/\/www.bellunopress.it\/"},{"@type":"ListItem","position":2,"name":"Soverzene, al via i lavori di riqualificazione agli spogliatoi del campo sportivo in localit\u00e0 Salet"}]},{"@type":"WebSite","@id":"https:\/\/www.bellunopress.it\/#website","url":"https:\/\/www.bellunopress.it\/","name":"Bellunopress - Dolomiti","description":"e-mail: redazione@bellunopress.it","publisher":{"@id":"https:\/\/www.bellunopress.it\/#organization"},"potentialAction":[{"@type":"SearchAction","target":{"@type":"EntryPoint","urlTemplate":"https:\/\/www.bellunopress.it\/?s={search_term_string}"},"query-input":{"@type":"PropertyValueSpecification","valueRequired":true,"valueName":"search_term_string"}}],"inLanguage":"fr-FR"},{"@type":"Organization","@id":"https:\/\/www.bellunopress.it\/#organization","name":"Bellunopress","url":"https:\/\/www.bellunopress.it\/","logo":{"@type":"ImageObject","inLanguage":"fr-FR","@id":"https:\/\/www.bellunopress.it\/#\/schema\/logo\/image\/","url":"https:\/\/www.bellunopress.it\/wp-content\/uploads\/2011\/05\/cropped-logo-bellunopress-.jpg","contentUrl":"https:\/\/www.bellunopress.it\/wp-content\/uploads\/2011\/05\/cropped-logo-bellunopress-.jpg","width":512,"height":512,"caption":"Bellunopress"},"image":{"@id":"https:\/\/www.bellunopress.it\/#\/schema\/logo\/image\/"},"sameAs":["https:\/\/www.facebook.com\/profile.php?id=100008943462799","https:\/\/x.com\/bellunopress","https:\/\/www.linkedin.com\/hp\/?dnr=JBzUWaJfMUw8vbXJJ2tVW5-I3jZKvC4wsoxE&amp;amp;amp;amp;amp;amp;trk=nav_responsive_tab_home","https:\/\/www.youtube.com\/channel\/UCxL0wu1uN0_3_7hGG0306cw"]},{"@type":"Person","@id":"https:\/\/www.bellunopress.it\/#\/schema\/person\/79bb06722b37ece1c03d3e94beb30d73","name":"r\u00e9daction","image":{"@type":"ImageObject","inLanguage":"fr-FR","@id":"https:\/\/secure.gravatar.com\/avatar\/37d968a2e67a6fd04c169c4bdef102d0bc5d31b2546345219e348575eb80e9a0?s=96&d=mm&r=g","url":"https:\/\/secure.gravatar.com\/avatar\/37d968a2e67a6fd04c169c4bdef102d0bc5d31b2546345219e348575eb80e9a0?s=96&d=mm&r=g","contentUrl":"https:\/\/secure.gravatar.com\/avatar\/37d968a2e67a6fd04c169c4bdef102d0bc5d31b2546345219e348575eb80e9a0?s=96&d=mm&r=g","caption":"redazione"},"sameAs":["http:\/\/www.bellunopress.it","https:\/\/x.com\/bellunopress"],"url":"https:\/\/www.bellunopress.it\/fr\/author\/redazione\/"}]}},"_links":{"self":[{"href":"https:\/\/www.bellunopress.it\/fr\/wp-json\/wp\/v2\/posts\/172132","targetHints":{"allow":["GET"]}}],"collection":[{"href":"https:\/\/www.bellunopress.it\/fr\/wp-json\/wp\/v2\/posts"}],"about":[{"href":"https:\/\/www.bellunopress.it\/fr\/wp-json\/wp\/v2\/types\/post"}],"author":[{"embeddable":true,"href":"https:\/\/www.bellunopress.it\/fr\/wp-json\/wp\/v2\/users\/2"}],"replies":[{"embeddable":true,"href":"https:\/\/www.bellunopress.it\/fr\/wp-json\/wp\/v2\/comments?post=172132"}],"version-history":[{"count":1,"href":"https:\/\/www.bellunopress.it\/fr\/wp-json\/wp\/v2\/posts\/172132\/revisions"}],"predecessor-version":[{"id":172134,"href":"https:\/\/www.bellunopress.it\/fr\/wp-json\/wp\/v2\/posts\/172132\/revisions\/172134"}],"wp:featuredmedia":[{"embeddable":true,"href":"https:\/\/www.bellunopress.it\/fr\/wp-json\/wp\/v2\/media\/172133"}],"wp:attachment":[{"href":"https:\/\/www.bellunopress.it\/fr\/wp-json\/wp\/v2\/media?parent=172132"}],"wp:term":[{"taxonomy":"category","embeddable":true,"href":"https:\/\/www.bellunopress.it\/fr\/wp-json\/wp\/v2\/categories?post=172132"},{"taxonomy":"post_tag","embeddable":true,"href":"https:\/\/www.bellunopress.it\/fr\/wp-json\/wp\/v2\/tags?post=172132"}],"curies":[{"name":"wp","href":"https:\/\/api.w.org\/{rel}","templated":true}]}}