{"id":172129,"date":"2026-07-23T16:52:58","date_gmt":"2026-07-23T14:52:58","guid":{"rendered":"https:\/\/www.bellunopress.it\/?p=172129"},"modified":"2026-07-23T16:52:58","modified_gmt":"2026-07-23T14:52:58","slug":"premio-architettura-citta-di-oderzo-pubblicato-il-bando-della-xx-edizione","status":"publish","type":"post","link":"https:\/\/www.bellunopress.it\/fr\/2026\/07\/23\/premio-architettura-citta-di-oderzo-pubblicato-il-bando-della-xx-edizione\/","title":{"rendered":"Premio Architettura Citt\u00e0 di Oderzo: pubblicato il bando della XX edizione"},"content":{"rendered":"<p><strong>Il concorso biennale dedicato alle architetture significative di Veneto, Friuli\u2013Venezia Giulia e Trentino-Alto Adige, rafforza la filiera del costruito e introduce una nuova menzione dedicata al restauro. La Giuria sar\u00e0 presieduta dal professor Massimo Carmassi.<\/strong><\/p>\n<p>Con la pubblicazione del bando venerd\u00ec 24 luglio 2026 prende il via la XX edizione del Premio Architettura Citt\u00e0 di Oderzo (PAO), il riconoscimento biennale dedicato alle opere realizzate in Veneto, Friuli-Venezia Giulia e Trentino-Alto Adige.<br \/>\nQuesta edizione rappresenta un momento di evoluzione per il Premio che rafforza la rete dei soggetti promotori, amplia i riconoscimenti e introduce nuovi strumenti di narrazione per condividere il valore dell&#8217;architettura nei territori e nella qualit\u00e0 della vita delle persone che li abitano.<\/p>\n<p>Al nuovo bando possono partecipare Architetti, Paesaggisti, Pianificatori, Conservatori e Ingegneri iscritti agli Ordini professionali italiani o dei Paesi dell&#8217;Unione Europea, a titolo individuale o in gruppo, con opere realizzate e completate tra il 15 luglio 2021 e il 15 luglio 2026 nel Triveneto. Le candidature sono aperte dal 24 luglio al 28 settembre 2026.<\/p>\n<p>L\u2019iniziativa \u00e8 promossa dal Comune di Oderzo, dalla Provincia di Treviso, dall&#8217;Ordine degli Architetti Pianificatori Paesaggisti Conservatori della Provincia di Treviso, dalla Fondazione Oderzo Cultura, da Confindustria Veneto Est, ai quali si affiancano da quest\u2019anno ANCE Rovigo Treviso e Ordine degli Ingegneri della Provincia di Treviso. Una novit\u00e0 che amplia lo sguardo del Premio all\u2019intera filiera del costruito e sottolinea il valore di un approccio interdisciplinare: la qualit\u00e0 delle opere nasce infatti dall\u2019incontro tra competenze diverse, responsabilit\u00e0 condivise e un dialogo costante tra progettisti, imprese e committenza.<\/p>\n<p><strong>Un osservatorio sull&#8217;architettura del Triveneto<\/strong><br \/>\nIstituito nel 1997 e presieduto quest\u2019anno da Maria Scardellato, Sindaca del Comune di Oderzo, il Premio nel corso delle sue edizioni ha saputo raccontare i grandi cambiamenti negli stili e negli ambiti di sviluppo della produzione architettonica, promuovendo opere &#8211; edifici pubblici, spazi per la cultura, scuole, strutture per il lavoro, interventi di recupero, riuso e rigenerazione urbana &#8211; con un\u2019idea comune di progetto: un&#8217;architettura capace di dialogare con il paesaggio, di valorizzare il patrimonio esistente e generare benefici duraturi per le comunit\u00e0. Tra i vincitori delle ultime edizioni figurano la Nuova Scuola Secondaria di Primo Grado di Puos d&#8217;Alpago, la Biblioteca Universitaria di Mesiano e il Congress and Exhibition Center \u2013 Palaluxottica, tre opere molto diverse tra loro ma capaci di interpretare l&#8217;architettura come motore di innovazione e sviluppo per i territori.<\/p>\n<p>Ma sono state oltre 1000 le partecipazioni alle 19 edizioni del concorso che si propone di promuovere una pi\u00f9 ampia cultura dell&#8217;architettura e del suo impatto nelle trasformazioni sociali, offrendo stimoli culturali e educativi alle nuove generazioni. Una vocazione culturale che si traduce nelle attivit\u00e0 di divulgazione dell\u2019Archivio del Premio, parte dell\u2019Archivio Storico della Biennale di Venezia, a disposizione di studiosi e ricercatori. Un patrimonio documentale dal quale \u00e8 possibile attingere informazioni preziose sul passato recente del Triveneto e generare nuove idee, prospettive e modelli capaci di incidere sul futuro delle professioni, dell\u2019imprenditoria e delle comunit\u00e0.<\/p>\n<p><strong>Un nuovo riconoscimento per il restauro<\/strong><br \/>\nQuesta visione trova piena continuit\u00e0 anche nell&#8217;edizione 2026, pronta a interpretare le esigenze contemporanee dell&#8217;abitare, tenendo alta l\u2019attenzione sui luoghi fragili o degradati e sulla qualificazione lo spazio pubblico, contribuendo a costruire territori pi\u00f9 vivibili, sostenibili e inclusivi.<br \/>\nAccanto al progetto vincitore che ricever\u00e0 il Primo Premio, saranno assegnate la menzione dedicata all&#8217;Architettura dei luoghi del lavoro; la menzione alle Architetture per la comunit\u00e0 rivolta alle opere di iniziativa pubblica, esempio di buone pratiche di intervento rigenerativo; la menzione per i Progettisti Under 40, intitolata a Marco Gottardi e Gloria Trevisan, i due giovani architetti scomparsi il 14 giugno 2017 nell&#8217;incendio della Grenfell Tower di Londra, per promuovere le professionalit\u00e0 e le progettualit\u00e0 giovanili, nel segno dell&#8217;impegno portato avanti dalla Fondazione Grenfellove.<br \/>\nA queste si aggiunge, per la XX edizione, la nuova Menzione speciale per il restauro e la cura del patrimonio costruito, un riconoscimento che pone l&#8217;accento sul valore della conservazione come pratica progettuale capace di coniugare memoria, innovazione e nuove esigenze dell&#8217;abitare.<\/p>\n<p>Presidente della Giuria della XX edizione sar\u00e0 Massimo Carmassi, architetto, accademico e progettista, tra i protagonisti italiani del restauro, del progetto urbano e dell\u2019architettura civile e Medaglia d\u2019Oro all\u2019Architettura Italiana, che sar\u00e0 alla guida del gruppo di lavoro composto dall&#8217;Ing. Luigi Chiappini, dall&#8217;Arch. Matteo Corazza, dall&#8217;Arch. Giulia de Appolonia, dalla prof.ssa Arch. Elena Granata e dall&#8217;Arch. Silvia Minutolo.<\/p>\n<p><strong>Raccontare l\u2019architettura come patrimonio comune<\/strong><br \/>\nAl vincitore del Premio e a ciascuna delle opere insignite della menzione speciale, sar\u00e0 dedicata quest\u2019anno una rilettura narrativa, un racconto originale che accompagner\u00e0 ogni progetto, offrendo uno sguardo capace di restituire non solo il valore tecnico e architettonico dell&#8217;opera, ma anche la sua dimensione umana, culturale e il suo impatto sulla vita delle persone e delle comunit\u00e0.<\/p>\n<p>In attesa della cerimonia di premiazione che si terr\u00e0 il 28 novembre 2026 a Oderzo, il PAO rinnova il proprio impegno nel promuovere un&#8217;architettura intesa come bene pubblico e responsabilit\u00e0 collettiva: non solo edifici di qualit\u00e0, ma luoghi migliori, inclusivi e durevoli, in cui vivere, lavorare e costruire il futuro delle comunit\u00e0.<\/p>\n<p>&nbsp;<\/p>\n<p>Per informazioni:<br \/>\npremioarchitetturaoderzo.it<br \/>\npao@premioarchitetturaoderzo.it<\/p>","protected":false},"excerpt":{"rendered":"<p>Il concorso biennale dedicato alle architetture significative di Veneto, Friuli\u2013Venezia Giulia e Trentino-Alto Adige, rafforza la filiera del costruito e introduce una nuova menzione dedicata al restauro. La Giuria sar\u00e0 presieduta dal professor Massimo Carmassi. Con la pubblicazione del bando venerd\u00ec 24 luglio 2026 prende il via la XX edizione del Premio Architettura Citt\u00e0 di [&hellip;]<\/p>\n","protected":false},"author":2,"featured_media":172130,"comment_status":"closed","ping_status":"open","sticky":false,"template":"","format":"standard","meta":{"footnotes":""},"categories":[36,26],"tags":[],"class_list":["post-172129","post","type-post","status-publish","format-standard","has-post-thumbnail","category-lavoro-economia","category-prima-pagina"],"yoast_head":"<!-- This site is optimized with the Yoast SEO plugin v28.4 - https:\/\/yoast.com\/product\/yoast-seo-wordpress\/ -->\n<title>Premio Architettura Citt\u00e0 di Oderzo: pubblicato il bando della XX edizione - Bellunopress - Dolomiti<\/title>\n<meta name=\"robots\" content=\"index, follow, max-snippet:-1, max-image-preview:large, max-video-preview:-1\" \/>\n<link rel=\"canonical\" href=\"https:\/\/www.bellunopress.it\/fr\/2026\/07\/23\/premio-architettura-citta-di-oderzo-pubblicato-il-bando-della-xx-edizione\/\" \/>\n<meta property=\"og:locale\" content=\"fr_FR\" \/>\n<meta property=\"og:type\" content=\"article\" \/>\n<meta property=\"og:title\" content=\"Premio Architettura Citt\u00e0 di Oderzo: pubblicato il bando della XX edizione - Bellunopress - Dolomiti\" \/>\n<meta property=\"og:description\" content=\"Il concorso biennale dedicato alle architetture significative di Veneto, Friuli\u2013Venezia Giulia e Trentino-Alto Adige, rafforza la filiera del costruito e introduce una nuova menzione dedicata al restauro. La Giuria sar\u00e0 presieduta dal professor Massimo Carmassi. Con la pubblicazione del bando venerd\u00ec 24 luglio 2026 prende il via la XX edizione del Premio Architettura Citt\u00e0 di [&hellip;]\" \/>\n<meta property=\"og:url\" content=\"https:\/\/www.bellunopress.it\/fr\/2026\/07\/23\/premio-architettura-citta-di-oderzo-pubblicato-il-bando-della-xx-edizione\/\" \/>\n<meta property=\"og:site_name\" content=\"Bellunopress - Dolomiti\" \/>\n<meta property=\"article:publisher\" content=\"https:\/\/www.facebook.com\/profile.php?id=100008943462799\" \/>\n<meta property=\"article:published_time\" content=\"2026-07-23T14:52:58+00:00\" \/>\n<meta property=\"og:image\" content=\"https:\/\/www.bellunopress.it\/wp-content\/uploads\/2026\/07\/Nuova-Scuola-Secondaria-di-Primo-Grado_Puos-Alpago-premiata-a-Oderzo.jpg\" \/>\n\t<meta property=\"og:image:width\" content=\"600\" \/>\n\t<meta property=\"og:image:height\" content=\"400\" \/>\n\t<meta property=\"og:image:type\" content=\"image\/jpeg\" \/>\n<meta name=\"author\" content=\"redazione\" \/>\n<meta name=\"twitter:card\" content=\"summary_large_image\" \/>\n<meta name=\"twitter:creator\" content=\"@bellunopress\" \/>\n<meta name=\"twitter:site\" content=\"@bellunopress\" \/>\n<meta name=\"twitter:label1\" content=\"\u00c9crit par\" \/>\n\t<meta name=\"twitter:data1\" content=\"redazione\" \/>\n\t<meta name=\"twitter:label2\" content=\"Dur\u00e9e de lecture estim\u00e9e\" \/>\n\t<meta name=\"twitter:data2\" content=\"5 minutes\" \/>\n<script type=\"application\/ld+json\" class=\"yoast-schema-graph\">{\"@context\":\"https:\\\/\\\/schema.org\",\"@graph\":[{\"@type\":\"Article\",\"@id\":\"https:\\\/\\\/www.bellunopress.it\\\/2026\\\/07\\\/23\\\/premio-architettura-citta-di-oderzo-pubblicato-il-bando-della-xx-edizione\\\/#article\",\"isPartOf\":{\"@id\":\"https:\\\/\\\/www.bellunopress.it\\\/2026\\\/07\\\/23\\\/premio-architettura-citta-di-oderzo-pubblicato-il-bando-della-xx-edizione\\\/\"},\"author\":{\"name\":\"redazione\",\"@id\":\"https:\\\/\\\/www.bellunopress.it\\\/#\\\/schema\\\/person\\\/79bb06722b37ece1c03d3e94beb30d73\"},\"headline\":\"Premio Architettura Citt\u00e0 di Oderzo: pubblicato il bando della XX edizione\",\"datePublished\":\"2026-07-23T14:52:58+00:00\",\"mainEntityOfPage\":{\"@id\":\"https:\\\/\\\/www.bellunopress.it\\\/2026\\\/07\\\/23\\\/premio-architettura-citta-di-oderzo-pubblicato-il-bando-della-xx-edizione\\\/\"},\"wordCount\":869,\"publisher\":{\"@id\":\"https:\\\/\\\/www.bellunopress.it\\\/#organization\"},\"image\":{\"@id\":\"https:\\\/\\\/www.bellunopress.it\\\/2026\\\/07\\\/23\\\/premio-architettura-citta-di-oderzo-pubblicato-il-bando-della-xx-edizione\\\/#primaryimage\"},\"thumbnailUrl\":\"https:\\\/\\\/www.bellunopress.it\\\/wp-content\\\/uploads\\\/2026\\\/07\\\/Nuova-Scuola-Secondaria-di-Primo-Grado_Puos-Alpago-premiata-a-Oderzo.jpg\",\"articleSection\":[\"Lavoro, Economia, Turismo\",\"Prima Pagina\"],\"inLanguage\":\"fr-FR\"},{\"@type\":\"WebPage\",\"@id\":\"https:\\\/\\\/www.bellunopress.it\\\/2026\\\/07\\\/23\\\/premio-architettura-citta-di-oderzo-pubblicato-il-bando-della-xx-edizione\\\/\",\"url\":\"https:\\\/\\\/www.bellunopress.it\\\/2026\\\/07\\\/23\\\/premio-architettura-citta-di-oderzo-pubblicato-il-bando-della-xx-edizione\\\/\",\"name\":\"Premio Architettura Citt\u00e0 di Oderzo: pubblicato il bando della XX edizione - Bellunopress - Dolomiti\",\"isPartOf\":{\"@id\":\"https:\\\/\\\/www.bellunopress.it\\\/#website\"},\"primaryImageOfPage\":{\"@id\":\"https:\\\/\\\/www.bellunopress.it\\\/2026\\\/07\\\/23\\\/premio-architettura-citta-di-oderzo-pubblicato-il-bando-della-xx-edizione\\\/#primaryimage\"},\"image\":{\"@id\":\"https:\\\/\\\/www.bellunopress.it\\\/2026\\\/07\\\/23\\\/premio-architettura-citta-di-oderzo-pubblicato-il-bando-della-xx-edizione\\\/#primaryimage\"},\"thumbnailUrl\":\"https:\\\/\\\/www.bellunopress.it\\\/wp-content\\\/uploads\\\/2026\\\/07\\\/Nuova-Scuola-Secondaria-di-Primo-Grado_Puos-Alpago-premiata-a-Oderzo.jpg\",\"datePublished\":\"2026-07-23T14:52:58+00:00\",\"breadcrumb\":{\"@id\":\"https:\\\/\\\/www.bellunopress.it\\\/2026\\\/07\\\/23\\\/premio-architettura-citta-di-oderzo-pubblicato-il-bando-della-xx-edizione\\\/#breadcrumb\"},\"inLanguage\":\"fr-FR\",\"potentialAction\":[{\"@type\":\"ReadAction\",\"target\":[\"https:\\\/\\\/www.bellunopress.it\\\/2026\\\/07\\\/23\\\/premio-architettura-citta-di-oderzo-pubblicato-il-bando-della-xx-edizione\\\/\"]}]},{\"@type\":\"ImageObject\",\"inLanguage\":\"fr-FR\",\"@id\":\"https:\\\/\\\/www.bellunopress.it\\\/2026\\\/07\\\/23\\\/premio-architettura-citta-di-oderzo-pubblicato-il-bando-della-xx-edizione\\\/#primaryimage\",\"url\":\"https:\\\/\\\/www.bellunopress.it\\\/wp-content\\\/uploads\\\/2026\\\/07\\\/Nuova-Scuola-Secondaria-di-Primo-Grado_Puos-Alpago-premiata-a-Oderzo.jpg\",\"contentUrl\":\"https:\\\/\\\/www.bellunopress.it\\\/wp-content\\\/uploads\\\/2026\\\/07\\\/Nuova-Scuola-Secondaria-di-Primo-Grado_Puos-Alpago-premiata-a-Oderzo.jpg\",\"width\":600,\"height\":400,\"caption\":\"Nuova Scuola Secondaria di Primo Grado Progetto vincitore: Nuova Scuola Secondaria di Primo Grado, Puos d'Alpago (BL) Facchinelli Daboit Saviane - (Fotografia Gustav Willeit)\"},{\"@type\":\"BreadcrumbList\",\"@id\":\"https:\\\/\\\/www.bellunopress.it\\\/2026\\\/07\\\/23\\\/premio-architettura-citta-di-oderzo-pubblicato-il-bando-della-xx-edizione\\\/#breadcrumb\",\"itemListElement\":[{\"@type\":\"ListItem\",\"position\":1,\"name\":\"Home\",\"item\":\"https:\\\/\\\/www.bellunopress.it\\\/\"},{\"@type\":\"ListItem\",\"position\":2,\"name\":\"Premio Architettura Citt\u00e0 di Oderzo: pubblicato il bando della XX edizione\"}]},{\"@type\":\"WebSite\",\"@id\":\"https:\\\/\\\/www.bellunopress.it\\\/#website\",\"url\":\"https:\\\/\\\/www.bellunopress.it\\\/\",\"name\":\"Bellunopress - Dolomiti\",\"description\":\"e-mail: redazione@bellunopress.it\",\"publisher\":{\"@id\":\"https:\\\/\\\/www.bellunopress.it\\\/#organization\"},\"potentialAction\":[{\"@type\":\"SearchAction\",\"target\":{\"@type\":\"EntryPoint\",\"urlTemplate\":\"https:\\\/\\\/www.bellunopress.it\\\/?s={search_term_string}\"},\"query-input\":{\"@type\":\"PropertyValueSpecification\",\"valueRequired\":true,\"valueName\":\"search_term_string\"}}],\"inLanguage\":\"fr-FR\"},{\"@type\":\"Organization\",\"@id\":\"https:\\\/\\\/www.bellunopress.it\\\/#organization\",\"name\":\"Bellunopress\",\"url\":\"https:\\\/\\\/www.bellunopress.it\\\/\",\"logo\":{\"@type\":\"ImageObject\",\"inLanguage\":\"fr-FR\",\"@id\":\"https:\\\/\\\/www.bellunopress.it\\\/#\\\/schema\\\/logo\\\/image\\\/\",\"url\":\"https:\\\/\\\/www.bellunopress.it\\\/wp-content\\\/uploads\\\/2011\\\/05\\\/cropped-logo-bellunopress-.jpg\",\"contentUrl\":\"https:\\\/\\\/www.bellunopress.it\\\/wp-content\\\/uploads\\\/2011\\\/05\\\/cropped-logo-bellunopress-.jpg\",\"width\":512,\"height\":512,\"caption\":\"Bellunopress\"},\"image\":{\"@id\":\"https:\\\/\\\/www.bellunopress.it\\\/#\\\/schema\\\/logo\\\/image\\\/\"},\"sameAs\":[\"https:\\\/\\\/www.facebook.com\\\/profile.php?id=100008943462799\",\"https:\\\/\\\/x.com\\\/bellunopress\",\"https:\\\/\\\/www.linkedin.com\\\/hp\\\/?dnr=JBzUWaJfMUw8vbXJJ2tVW5-I3jZKvC4wsoxE&amp;amp;amp;amp;amp;amp;trk=nav_responsive_tab_home\",\"https:\\\/\\\/www.youtube.com\\\/channel\\\/UCxL0wu1uN0_3_7hGG0306cw\"]},{\"@type\":\"Person\",\"@id\":\"https:\\\/\\\/www.bellunopress.it\\\/#\\\/schema\\\/person\\\/79bb06722b37ece1c03d3e94beb30d73\",\"name\":\"redazione\",\"image\":{\"@type\":\"ImageObject\",\"inLanguage\":\"fr-FR\",\"@id\":\"https:\\\/\\\/secure.gravatar.com\\\/avatar\\\/37d968a2e67a6fd04c169c4bdef102d0bc5d31b2546345219e348575eb80e9a0?s=96&d=mm&r=g\",\"url\":\"https:\\\/\\\/secure.gravatar.com\\\/avatar\\\/37d968a2e67a6fd04c169c4bdef102d0bc5d31b2546345219e348575eb80e9a0?s=96&d=mm&r=g\",\"contentUrl\":\"https:\\\/\\\/secure.gravatar.com\\\/avatar\\\/37d968a2e67a6fd04c169c4bdef102d0bc5d31b2546345219e348575eb80e9a0?s=96&d=mm&r=g\",\"caption\":\"redazione\"},\"sameAs\":[\"http:\\\/\\\/www.bellunopress.it\",\"https:\\\/\\\/x.com\\\/bellunopress\"],\"url\":\"https:\\\/\\\/www.bellunopress.it\\\/fr\\\/author\\\/redazione\\\/\"}]}<\/script>\n<!-- \/ Yoast SEO plugin. -->","yoast_head_json":{"title":"Premio Architettura Citt\u00e0 di Oderzo: pubblicato il bando della XX edizione - Bellunopress - Dolomiti","robots":{"index":"index","follow":"follow","max-snippet":"max-snippet:-1","max-image-preview":"max-image-preview:large","max-video-preview":"max-video-preview:-1"},"canonical":"https:\/\/www.bellunopress.it\/fr\/2026\/07\/23\/premio-architettura-citta-di-oderzo-pubblicato-il-bando-della-xx-edizione\/","og_locale":"fr_FR","og_type":"article","og_title":"Premio Architettura Citt\u00e0 di Oderzo: pubblicato il bando della XX edizione - Bellunopress - Dolomiti","og_description":"Il concorso biennale dedicato alle architetture significative di Veneto, Friuli\u2013Venezia Giulia e Trentino-Alto Adige, rafforza la filiera del costruito e introduce una nuova menzione dedicata al restauro. La Giuria sar\u00e0 presieduta dal professor Massimo Carmassi. Con la pubblicazione del bando venerd\u00ec 24 luglio 2026 prende il via la XX edizione del Premio Architettura Citt\u00e0 di [&hellip;]","og_url":"https:\/\/www.bellunopress.it\/fr\/2026\/07\/23\/premio-architettura-citta-di-oderzo-pubblicato-il-bando-della-xx-edizione\/","og_site_name":"Bellunopress - Dolomiti","article_publisher":"https:\/\/www.facebook.com\/profile.php?id=100008943462799","article_published_time":"2026-07-23T14:52:58+00:00","og_image":[{"width":600,"height":400,"url":"https:\/\/www.bellunopress.it\/wp-content\/uploads\/2026\/07\/Nuova-Scuola-Secondaria-di-Primo-Grado_Puos-Alpago-premiata-a-Oderzo.jpg","type":"image\/jpeg"}],"author":"redazione","twitter_card":"summary_large_image","twitter_creator":"@bellunopress","twitter_site":"@bellunopress","twitter_misc":{"\u00c9crit par":"redazione","Dur\u00e9e de lecture estim\u00e9e":"5 minutes"},"schema":{"@context":"https:\/\/schema.org","@graph":[{"@type":"Article","@id":"https:\/\/www.bellunopress.it\/2026\/07\/23\/premio-architettura-citta-di-oderzo-pubblicato-il-bando-della-xx-edizione\/#article","isPartOf":{"@id":"https:\/\/www.bellunopress.it\/2026\/07\/23\/premio-architettura-citta-di-oderzo-pubblicato-il-bando-della-xx-edizione\/"},"author":{"name":"redazione","@id":"https:\/\/www.bellunopress.it\/#\/schema\/person\/79bb06722b37ece1c03d3e94beb30d73"},"headline":"Premio Architettura Citt\u00e0 di Oderzo: pubblicato il bando della XX edizione","datePublished":"2026-07-23T14:52:58+00:00","mainEntityOfPage":{"@id":"https:\/\/www.bellunopress.it\/2026\/07\/23\/premio-architettura-citta-di-oderzo-pubblicato-il-bando-della-xx-edizione\/"},"wordCount":869,"publisher":{"@id":"https:\/\/www.bellunopress.it\/#organization"},"image":{"@id":"https:\/\/www.bellunopress.it\/2026\/07\/23\/premio-architettura-citta-di-oderzo-pubblicato-il-bando-della-xx-edizione\/#primaryimage"},"thumbnailUrl":"https:\/\/www.bellunopress.it\/wp-content\/uploads\/2026\/07\/Nuova-Scuola-Secondaria-di-Primo-Grado_Puos-Alpago-premiata-a-Oderzo.jpg","articleSection":["Lavoro, Economia, Turismo","Prima Pagina"],"inLanguage":"fr-FR"},{"@type":"WebPage","@id":"https:\/\/www.bellunopress.it\/2026\/07\/23\/premio-architettura-citta-di-oderzo-pubblicato-il-bando-della-xx-edizione\/","url":"https:\/\/www.bellunopress.it\/2026\/07\/23\/premio-architettura-citta-di-oderzo-pubblicato-il-bando-della-xx-edizione\/","name":"Premio Architettura Citt\u00e0 di Oderzo: pubblicato il bando della XX edizione - Bellunopress - Dolomiti","isPartOf":{"@id":"https:\/\/www.bellunopress.it\/#website"},"primaryImageOfPage":{"@id":"https:\/\/www.bellunopress.it\/2026\/07\/23\/premio-architettura-citta-di-oderzo-pubblicato-il-bando-della-xx-edizione\/#primaryimage"},"image":{"@id":"https:\/\/www.bellunopress.it\/2026\/07\/23\/premio-architettura-citta-di-oderzo-pubblicato-il-bando-della-xx-edizione\/#primaryimage"},"thumbnailUrl":"https:\/\/www.bellunopress.it\/wp-content\/uploads\/2026\/07\/Nuova-Scuola-Secondaria-di-Primo-Grado_Puos-Alpago-premiata-a-Oderzo.jpg","datePublished":"2026-07-23T14:52:58+00:00","breadcrumb":{"@id":"https:\/\/www.bellunopress.it\/2026\/07\/23\/premio-architettura-citta-di-oderzo-pubblicato-il-bando-della-xx-edizione\/#breadcrumb"},"inLanguage":"fr-FR","potentialAction":[{"@type":"ReadAction","target":["https:\/\/www.bellunopress.it\/2026\/07\/23\/premio-architettura-citta-di-oderzo-pubblicato-il-bando-della-xx-edizione\/"]}]},{"@type":"ImageObject","inLanguage":"fr-FR","@id":"https:\/\/www.bellunopress.it\/2026\/07\/23\/premio-architettura-citta-di-oderzo-pubblicato-il-bando-della-xx-edizione\/#primaryimage","url":"https:\/\/www.bellunopress.it\/wp-content\/uploads\/2026\/07\/Nuova-Scuola-Secondaria-di-Primo-Grado_Puos-Alpago-premiata-a-Oderzo.jpg","contentUrl":"https:\/\/www.bellunopress.it\/wp-content\/uploads\/2026\/07\/Nuova-Scuola-Secondaria-di-Primo-Grado_Puos-Alpago-premiata-a-Oderzo.jpg","width":600,"height":400,"caption":"Nuova Scuola Secondaria di Primo Grado Progetto vincitore: Nuova Scuola Secondaria di Primo Grado, Puos d'Alpago (BL) Facchinelli Daboit Saviane - (Fotografia Gustav Willeit)"},{"@type":"BreadcrumbList","@id":"https:\/\/www.bellunopress.it\/2026\/07\/23\/premio-architettura-citta-di-oderzo-pubblicato-il-bando-della-xx-edizione\/#breadcrumb","itemListElement":[{"@type":"ListItem","position":1,"name":"Home","item":"https:\/\/www.bellunopress.it\/"},{"@type":"ListItem","position":2,"name":"Premio Architettura Citt\u00e0 di Oderzo: pubblicato il bando della XX edizione"}]},{"@type":"WebSite","@id":"https:\/\/www.bellunopress.it\/#website","url":"https:\/\/www.bellunopress.it\/","name":"Bellunopress - Dolomiti","description":"e-mail: redazione@bellunopress.it","publisher":{"@id":"https:\/\/www.bellunopress.it\/#organization"},"potentialAction":[{"@type":"SearchAction","target":{"@type":"EntryPoint","urlTemplate":"https:\/\/www.bellunopress.it\/?s={search_term_string}"},"query-input":{"@type":"PropertyValueSpecification","valueRequired":true,"valueName":"search_term_string"}}],"inLanguage":"fr-FR"},{"@type":"Organization","@id":"https:\/\/www.bellunopress.it\/#organization","name":"Bellunopress","url":"https:\/\/www.bellunopress.it\/","logo":{"@type":"ImageObject","inLanguage":"fr-FR","@id":"https:\/\/www.bellunopress.it\/#\/schema\/logo\/image\/","url":"https:\/\/www.bellunopress.it\/wp-content\/uploads\/2011\/05\/cropped-logo-bellunopress-.jpg","contentUrl":"https:\/\/www.bellunopress.it\/wp-content\/uploads\/2011\/05\/cropped-logo-bellunopress-.jpg","width":512,"height":512,"caption":"Bellunopress"},"image":{"@id":"https:\/\/www.bellunopress.it\/#\/schema\/logo\/image\/"},"sameAs":["https:\/\/www.facebook.com\/profile.php?id=100008943462799","https:\/\/x.com\/bellunopress","https:\/\/www.linkedin.com\/hp\/?dnr=JBzUWaJfMUw8vbXJJ2tVW5-I3jZKvC4wsoxE&amp;amp;amp;amp;amp;amp;trk=nav_responsive_tab_home","https:\/\/www.youtube.com\/channel\/UCxL0wu1uN0_3_7hGG0306cw"]},{"@type":"Person","@id":"https:\/\/www.bellunopress.it\/#\/schema\/person\/79bb06722b37ece1c03d3e94beb30d73","name":"r\u00e9daction","image":{"@type":"ImageObject","inLanguage":"fr-FR","@id":"https:\/\/secure.gravatar.com\/avatar\/37d968a2e67a6fd04c169c4bdef102d0bc5d31b2546345219e348575eb80e9a0?s=96&d=mm&r=g","url":"https:\/\/secure.gravatar.com\/avatar\/37d968a2e67a6fd04c169c4bdef102d0bc5d31b2546345219e348575eb80e9a0?s=96&d=mm&r=g","contentUrl":"https:\/\/secure.gravatar.com\/avatar\/37d968a2e67a6fd04c169c4bdef102d0bc5d31b2546345219e348575eb80e9a0?s=96&d=mm&r=g","caption":"redazione"},"sameAs":["http:\/\/www.bellunopress.it","https:\/\/x.com\/bellunopress"],"url":"https:\/\/www.bellunopress.it\/fr\/author\/redazione\/"}]}},"_links":{"self":[{"href":"https:\/\/www.bellunopress.it\/fr\/wp-json\/wp\/v2\/posts\/172129","targetHints":{"allow":["GET"]}}],"collection":[{"href":"https:\/\/www.bellunopress.it\/fr\/wp-json\/wp\/v2\/posts"}],"about":[{"href":"https:\/\/www.bellunopress.it\/fr\/wp-json\/wp\/v2\/types\/post"}],"author":[{"embeddable":true,"href":"https:\/\/www.bellunopress.it\/fr\/wp-json\/wp\/v2\/users\/2"}],"replies":[{"embeddable":true,"href":"https:\/\/www.bellunopress.it\/fr\/wp-json\/wp\/v2\/comments?post=172129"}],"version-history":[{"count":1,"href":"https:\/\/www.bellunopress.it\/fr\/wp-json\/wp\/v2\/posts\/172129\/revisions"}],"predecessor-version":[{"id":172131,"href":"https:\/\/www.bellunopress.it\/fr\/wp-json\/wp\/v2\/posts\/172129\/revisions\/172131"}],"wp:featuredmedia":[{"embeddable":true,"href":"https:\/\/www.bellunopress.it\/fr\/wp-json\/wp\/v2\/media\/172130"}],"wp:attachment":[{"href":"https:\/\/www.bellunopress.it\/fr\/wp-json\/wp\/v2\/media?parent=172129"}],"wp:term":[{"taxonomy":"category","embeddable":true,"href":"https:\/\/www.bellunopress.it\/fr\/wp-json\/wp\/v2\/categories?post=172129"},{"taxonomy":"post_tag","embeddable":true,"href":"https:\/\/www.bellunopress.it\/fr\/wp-json\/wp\/v2\/tags?post=172129"}],"curies":[{"name":"wp","href":"https:\/\/api.w.org\/{rel}","templated":true}]}}