{"id":172126,"date":"2026-08-17T06:36:42","date_gmt":"2026-08-17T04:36:42","guid":{"rendered":"https:\/\/www.bellunopress.it\/?p=172126"},"modified":"2026-07-23T16:39:23","modified_gmt":"2026-07-23T14:39:23","slug":"in-montagna-il-riscaldamento-pesa-di-piu-come-affrontare-i-costi-energetici","status":"publish","type":"post","link":"https:\/\/www.bellunopress.it\/fr\/2026\/08\/17\/in-montagna-il-riscaldamento-pesa-di-piu-come-affrontare-i-costi-energetici\/","title":{"rendered":"In montagna il riscaldamento pesa di pi\u00f9: come affrontare i costi energetici"},"content":{"rendered":"<p>Vivere in un ambiente montano offre indubbi vantaggi legati alla qualit\u00e0 dell&#8217;aria e alla bellezza del paesaggio, ma comporta anche una serie di sfide pratiche e gestionali molto diverse rispetto a quelle delle pianure o delle aree costiere. Nelle zone alpine i consumi legati al riscaldamento incidono in misura significativa sul bilancio familiare, imponendo una spesa fissa per molti mesi dell&#8217;anno a causa di un clima rigido che richiede l&#8217;accensione degli impianti per lunghi periodi consecutivi. In questo contesto territoriale cos\u00ec specifico, analizzare le offerte presenti sul mercato libero per individuare il <a href=\"https:\/\/www.altroconsumo.it\/casa-energia\/elettricita-e-gas\/calcola-risparmia\/bolletta-della-luce-trova-la-tariffa-meno-cara\">miglior gestore luce e gas<\/a> rappresenta un passaggio fondamentale per alleggerire le bollette invernali e ottimizzare la gestione delle risorse destinate al comfort della propria abitazione. Spesso si tende a sottovalutare l&#8217;importanza della scelta tariffaria, concentrandosi solo sull&#8217;efficienza della caldaia, senza considerare che anche la migliore tecnologia perde valore se abbinata a una tariffa energetica non in linea con i propri reali profili di consumo.<\/p>\n<h2>Le particolarit\u00e0 climatiche dei territori montani e l&#8217;impatto sui consumi<\/h2>\n<p>Le <strong>temperature<\/strong> <strong>rigide<\/strong> che caratterizzano le vallate alpine si prolungano ben oltre la stagione invernale classica, costringendo i residenti a mantenere attivi i riscaldamenti persino durante i mesi autunnali o all&#8217;inizio della primavera. Questa <strong>costante richiesta termica<\/strong> determina un volume di consumo di combustibile e di energia elettrica molto elevato, che non trova riscontro nelle aree a clima temperato dove i riscaldamenti rimangono spenti per gran parte dell&#8217;anno. Inoltre, la conformazione stessa di molte abitazioni montane, spesso isolate o disposte su pi\u00f9 livelli con ampie superfici esposte ai venti freddi, <strong>amplifica la dispersione del calore<\/strong>, costringendo gli impianti tecnologici a lavorare a pieno regime per garantire temperature interne confortevoli e sicure per la salute degli abitanti.<\/p>\n<h2>Come valutare e confrontare le tariffe energetiche per la propria casa<\/h2>\n<p>Per trovare una soluzione efficace che permetta di <strong>ridurre gli esborsi monetari annuali <\/strong>senza dover rinunciare al caldo domestico, \u00e8 essenziale saper analizzare le diverse voci di spesa che compongono le fatture mensili. Al di l\u00e0 dei costi fissi di commercializzazione imposti da ciascuna azienda, la quota che incide maggiormente sul totale finale \u00e8 il prezzo della materia prima, espresso in costo per metro cubo per il metano e in costo per chilovattora per l&#8217;energia elettrica. Confrontare attentamente le <strong>opzioni a prezzo fisso<\/strong>, che mettono al riparo dalle fluttuazioni improvvise del mercato all&#8217;ingrosso durante i mesi di picco della richiesta, alle <strong>tariffe a prezzo indicizzato<\/strong>, che seguono l&#8217;andamento dei mercati nazionali, consente di pianificare le spese con maggiore sicurezza e serenit\u00e0.<\/p>\n<h2>Soluzioni integrate per migliorare l&#8217;efficienza e ridurre gli sprechi<\/h2>\n<p>La <strong>tutela del bilancio familiare<\/strong> passa inevitabilmente attraverso una strategia combinata che unisce la scelta di un partner energetico conveniente all&#8217;adozione di comportamenti orientati al risparmio e all&#8217;efficienza tecnologica. Installare<strong> valvole termostatiche intelligenti <\/strong>su ogni termosifone e impostare una programmazione oraria precisa permette di riscaldare solo gli ambienti effettivamente utilizzati, evitando inutili sprechi di calore nelle ore in cui la casa rimane vuota o durante la notte. Al contempo, verificare periodicamente lo stato di isolamento degli infissi e procedere alla manutenzione regolare dei generatori di calore assicura che ogni singola unit\u00e0 di energia acquistata venga trasformata in calore utile, stabilizzando i consumi e garantendo una protezione economica duratura contro i rincari stagionali.<\/p>","protected":false},"excerpt":{"rendered":"<p>Vivere in un ambiente montano offre indubbi vantaggi legati alla qualit\u00e0 dell&#8217;aria e alla bellezza del paesaggio, ma comporta anche una serie di sfide pratiche e gestionali molto diverse rispetto a quelle delle pianure o delle aree costiere. Nelle zone alpine i consumi legati al riscaldamento incidono in misura significativa sul bilancio familiare, imponendo una [&hellip;]<\/p>\n","protected":false},"author":2,"featured_media":172127,"comment_status":"closed","ping_status":"open","sticky":false,"template":"","format":"standard","meta":{"footnotes":""},"categories":[4],"tags":[],"class_list":["post-172126","post","type-post","status-publish","format-standard","has-post-thumbnail","category-sport"],"yoast_head":"<!-- This site is optimized with the Yoast SEO plugin v28.4 - https:\/\/yoast.com\/product\/yoast-seo-wordpress\/ -->\n<title>In montagna il riscaldamento pesa di pi\u00f9: come affrontare i costi energetici - Bellunopress - Dolomiti<\/title>\n<meta name=\"robots\" content=\"index, follow, max-snippet:-1, max-image-preview:large, max-video-preview:-1\" \/>\n<link rel=\"canonical\" href=\"https:\/\/www.bellunopress.it\/fr\/2026\/08\/17\/in-montagna-il-riscaldamento-pesa-di-piu-come-affrontare-i-costi-energetici\/\" \/>\n<meta property=\"og:locale\" content=\"fr_FR\" \/>\n<meta property=\"og:type\" content=\"article\" \/>\n<meta property=\"og:title\" content=\"In montagna il riscaldamento pesa di pi\u00f9: come affrontare i costi energetici - Bellunopress - Dolomiti\" \/>\n<meta property=\"og:description\" content=\"Vivere in un ambiente montano offre indubbi vantaggi legati alla qualit\u00e0 dell&#8217;aria e alla bellezza del paesaggio, ma comporta anche una serie di sfide pratiche e gestionali molto diverse rispetto a quelle delle pianure o delle aree costiere. Nelle zone alpine i consumi legati al riscaldamento incidono in misura significativa sul bilancio familiare, imponendo una [&hellip;]\" \/>\n<meta property=\"og:url\" content=\"https:\/\/www.bellunopress.it\/fr\/2026\/08\/17\/in-montagna-il-riscaldamento-pesa-di-piu-come-affrontare-i-costi-energetici\/\" \/>\n<meta property=\"og:site_name\" content=\"Bellunopress - Dolomiti\" \/>\n<meta property=\"article:publisher\" content=\"https:\/\/www.facebook.com\/profile.php?id=100008943462799\" \/>\n<meta property=\"article:published_time\" content=\"2026-08-17T04:36:42+00:00\" \/>\n<meta property=\"og:image\" content=\"https:\/\/www.bellunopress.it\/wp-content\/uploads\/2026\/07\/luce-e-gas.jpg\" \/>\n\t<meta property=\"og:image:width\" content=\"540\" \/>\n\t<meta property=\"og:image:height\" content=\"284\" \/>\n\t<meta property=\"og:image:type\" content=\"image\/jpeg\" \/>\n<meta name=\"author\" content=\"redazione\" \/>\n<meta name=\"twitter:card\" content=\"summary_large_image\" \/>\n<meta name=\"twitter:creator\" content=\"@bellunopress\" \/>\n<meta name=\"twitter:site\" content=\"@bellunopress\" \/>\n<meta name=\"twitter:label1\" content=\"\u00c9crit par\" \/>\n\t<meta name=\"twitter:data1\" content=\"redazione\" \/>\n\t<meta name=\"twitter:label2\" content=\"Dur\u00e9e de lecture estim\u00e9e\" \/>\n\t<meta name=\"twitter:data2\" content=\"4 minutes\" \/>\n<script type=\"application\/ld+json\" class=\"yoast-schema-graph\">{\"@context\":\"https:\\\/\\\/schema.org\",\"@graph\":[{\"@type\":\"Article\",\"@id\":\"https:\\\/\\\/www.bellunopress.it\\\/2026\\\/08\\\/17\\\/in-montagna-il-riscaldamento-pesa-di-piu-come-affrontare-i-costi-energetici\\\/#article\",\"isPartOf\":{\"@id\":\"https:\\\/\\\/www.bellunopress.it\\\/2026\\\/08\\\/17\\\/in-montagna-il-riscaldamento-pesa-di-piu-come-affrontare-i-costi-energetici\\\/\"},\"author\":{\"name\":\"redazione\",\"@id\":\"https:\\\/\\\/www.bellunopress.it\\\/#\\\/schema\\\/person\\\/79bb06722b37ece1c03d3e94beb30d73\"},\"headline\":\"In montagna il riscaldamento pesa di pi\u00f9: come affrontare i costi energetici\",\"datePublished\":\"2026-08-17T04:36:42+00:00\",\"mainEntityOfPage\":{\"@id\":\"https:\\\/\\\/www.bellunopress.it\\\/2026\\\/08\\\/17\\\/in-montagna-il-riscaldamento-pesa-di-piu-come-affrontare-i-costi-energetici\\\/\"},\"wordCount\":560,\"publisher\":{\"@id\":\"https:\\\/\\\/www.bellunopress.it\\\/#organization\"},\"image\":{\"@id\":\"https:\\\/\\\/www.bellunopress.it\\\/2026\\\/08\\\/17\\\/in-montagna-il-riscaldamento-pesa-di-piu-come-affrontare-i-costi-energetici\\\/#primaryimage\"},\"thumbnailUrl\":\"https:\\\/\\\/www.bellunopress.it\\\/wp-content\\\/uploads\\\/2026\\\/07\\\/luce-e-gas.jpg\",\"articleSection\":[\"Sport, tempo libero\"],\"inLanguage\":\"fr-FR\"},{\"@type\":\"WebPage\",\"@id\":\"https:\\\/\\\/www.bellunopress.it\\\/2026\\\/08\\\/17\\\/in-montagna-il-riscaldamento-pesa-di-piu-come-affrontare-i-costi-energetici\\\/\",\"url\":\"https:\\\/\\\/www.bellunopress.it\\\/2026\\\/08\\\/17\\\/in-montagna-il-riscaldamento-pesa-di-piu-come-affrontare-i-costi-energetici\\\/\",\"name\":\"In montagna il riscaldamento pesa di pi\u00f9: come affrontare i costi energetici - Bellunopress - Dolomiti\",\"isPartOf\":{\"@id\":\"https:\\\/\\\/www.bellunopress.it\\\/#website\"},\"primaryImageOfPage\":{\"@id\":\"https:\\\/\\\/www.bellunopress.it\\\/2026\\\/08\\\/17\\\/in-montagna-il-riscaldamento-pesa-di-piu-come-affrontare-i-costi-energetici\\\/#primaryimage\"},\"image\":{\"@id\":\"https:\\\/\\\/www.bellunopress.it\\\/2026\\\/08\\\/17\\\/in-montagna-il-riscaldamento-pesa-di-piu-come-affrontare-i-costi-energetici\\\/#primaryimage\"},\"thumbnailUrl\":\"https:\\\/\\\/www.bellunopress.it\\\/wp-content\\\/uploads\\\/2026\\\/07\\\/luce-e-gas.jpg\",\"datePublished\":\"2026-08-17T04:36:42+00:00\",\"breadcrumb\":{\"@id\":\"https:\\\/\\\/www.bellunopress.it\\\/2026\\\/08\\\/17\\\/in-montagna-il-riscaldamento-pesa-di-piu-come-affrontare-i-costi-energetici\\\/#breadcrumb\"},\"inLanguage\":\"fr-FR\",\"potentialAction\":[{\"@type\":\"ReadAction\",\"target\":[\"https:\\\/\\\/www.bellunopress.it\\\/2026\\\/08\\\/17\\\/in-montagna-il-riscaldamento-pesa-di-piu-come-affrontare-i-costi-energetici\\\/\"]}]},{\"@type\":\"ImageObject\",\"inLanguage\":\"fr-FR\",\"@id\":\"https:\\\/\\\/www.bellunopress.it\\\/2026\\\/08\\\/17\\\/in-montagna-il-riscaldamento-pesa-di-piu-come-affrontare-i-costi-energetici\\\/#primaryimage\",\"url\":\"https:\\\/\\\/www.bellunopress.it\\\/wp-content\\\/uploads\\\/2026\\\/07\\\/luce-e-gas.jpg\",\"contentUrl\":\"https:\\\/\\\/www.bellunopress.it\\\/wp-content\\\/uploads\\\/2026\\\/07\\\/luce-e-gas.jpg\",\"width\":540,\"height\":284},{\"@type\":\"BreadcrumbList\",\"@id\":\"https:\\\/\\\/www.bellunopress.it\\\/2026\\\/08\\\/17\\\/in-montagna-il-riscaldamento-pesa-di-piu-come-affrontare-i-costi-energetici\\\/#breadcrumb\",\"itemListElement\":[{\"@type\":\"ListItem\",\"position\":1,\"name\":\"Home\",\"item\":\"https:\\\/\\\/www.bellunopress.it\\\/\"},{\"@type\":\"ListItem\",\"position\":2,\"name\":\"In montagna il riscaldamento pesa di pi\u00f9: come affrontare i costi energetici\"}]},{\"@type\":\"WebSite\",\"@id\":\"https:\\\/\\\/www.bellunopress.it\\\/#website\",\"url\":\"https:\\\/\\\/www.bellunopress.it\\\/\",\"name\":\"Bellunopress - Dolomiti\",\"description\":\"e-mail: redazione@bellunopress.it\",\"publisher\":{\"@id\":\"https:\\\/\\\/www.bellunopress.it\\\/#organization\"},\"potentialAction\":[{\"@type\":\"SearchAction\",\"target\":{\"@type\":\"EntryPoint\",\"urlTemplate\":\"https:\\\/\\\/www.bellunopress.it\\\/?s={search_term_string}\"},\"query-input\":{\"@type\":\"PropertyValueSpecification\",\"valueRequired\":true,\"valueName\":\"search_term_string\"}}],\"inLanguage\":\"fr-FR\"},{\"@type\":\"Organization\",\"@id\":\"https:\\\/\\\/www.bellunopress.it\\\/#organization\",\"name\":\"Bellunopress\",\"url\":\"https:\\\/\\\/www.bellunopress.it\\\/\",\"logo\":{\"@type\":\"ImageObject\",\"inLanguage\":\"fr-FR\",\"@id\":\"https:\\\/\\\/www.bellunopress.it\\\/#\\\/schema\\\/logo\\\/image\\\/\",\"url\":\"https:\\\/\\\/www.bellunopress.it\\\/wp-content\\\/uploads\\\/2011\\\/05\\\/cropped-logo-bellunopress-.jpg\",\"contentUrl\":\"https:\\\/\\\/www.bellunopress.it\\\/wp-content\\\/uploads\\\/2011\\\/05\\\/cropped-logo-bellunopress-.jpg\",\"width\":512,\"height\":512,\"caption\":\"Bellunopress\"},\"image\":{\"@id\":\"https:\\\/\\\/www.bellunopress.it\\\/#\\\/schema\\\/logo\\\/image\\\/\"},\"sameAs\":[\"https:\\\/\\\/www.facebook.com\\\/profile.php?id=100008943462799\",\"https:\\\/\\\/x.com\\\/bellunopress\",\"https:\\\/\\\/www.linkedin.com\\\/hp\\\/?dnr=JBzUWaJfMUw8vbXJJ2tVW5-I3jZKvC4wsoxE&amp;amp;amp;amp;amp;amp;trk=nav_responsive_tab_home\",\"https:\\\/\\\/www.youtube.com\\\/channel\\\/UCxL0wu1uN0_3_7hGG0306cw\"]},{\"@type\":\"Person\",\"@id\":\"https:\\\/\\\/www.bellunopress.it\\\/#\\\/schema\\\/person\\\/79bb06722b37ece1c03d3e94beb30d73\",\"name\":\"redazione\",\"image\":{\"@type\":\"ImageObject\",\"inLanguage\":\"fr-FR\",\"@id\":\"https:\\\/\\\/secure.gravatar.com\\\/avatar\\\/37d968a2e67a6fd04c169c4bdef102d0bc5d31b2546345219e348575eb80e9a0?s=96&d=mm&r=g\",\"url\":\"https:\\\/\\\/secure.gravatar.com\\\/avatar\\\/37d968a2e67a6fd04c169c4bdef102d0bc5d31b2546345219e348575eb80e9a0?s=96&d=mm&r=g\",\"contentUrl\":\"https:\\\/\\\/secure.gravatar.com\\\/avatar\\\/37d968a2e67a6fd04c169c4bdef102d0bc5d31b2546345219e348575eb80e9a0?s=96&d=mm&r=g\",\"caption\":\"redazione\"},\"sameAs\":[\"http:\\\/\\\/www.bellunopress.it\",\"https:\\\/\\\/x.com\\\/bellunopress\"],\"url\":\"https:\\\/\\\/www.bellunopress.it\\\/fr\\\/author\\\/redazione\\\/\"}]}<\/script>\n<!-- \/ Yoast SEO plugin. -->","yoast_head_json":{"title":"In montagna il riscaldamento pesa di pi\u00f9: come affrontare i costi energetici - Bellunopress - Dolomiti","robots":{"index":"index","follow":"follow","max-snippet":"max-snippet:-1","max-image-preview":"max-image-preview:large","max-video-preview":"max-video-preview:-1"},"canonical":"https:\/\/www.bellunopress.it\/fr\/2026\/08\/17\/in-montagna-il-riscaldamento-pesa-di-piu-come-affrontare-i-costi-energetici\/","og_locale":"fr_FR","og_type":"article","og_title":"In montagna il riscaldamento pesa di pi\u00f9: come affrontare i costi energetici - Bellunopress - Dolomiti","og_description":"Vivere in un ambiente montano offre indubbi vantaggi legati alla qualit\u00e0 dell&#8217;aria e alla bellezza del paesaggio, ma comporta anche una serie di sfide pratiche e gestionali molto diverse rispetto a quelle delle pianure o delle aree costiere. Nelle zone alpine i consumi legati al riscaldamento incidono in misura significativa sul bilancio familiare, imponendo una [&hellip;]","og_url":"https:\/\/www.bellunopress.it\/fr\/2026\/08\/17\/in-montagna-il-riscaldamento-pesa-di-piu-come-affrontare-i-costi-energetici\/","og_site_name":"Bellunopress - Dolomiti","article_publisher":"https:\/\/www.facebook.com\/profile.php?id=100008943462799","article_published_time":"2026-08-17T04:36:42+00:00","og_image":[{"width":540,"height":284,"url":"https:\/\/www.bellunopress.it\/wp-content\/uploads\/2026\/07\/luce-e-gas.jpg","type":"image\/jpeg"}],"author":"redazione","twitter_card":"summary_large_image","twitter_creator":"@bellunopress","twitter_site":"@bellunopress","twitter_misc":{"\u00c9crit par":"redazione","Dur\u00e9e de lecture estim\u00e9e":"4 minutes"},"schema":{"@context":"https:\/\/schema.org","@graph":[{"@type":"Article","@id":"https:\/\/www.bellunopress.it\/2026\/08\/17\/in-montagna-il-riscaldamento-pesa-di-piu-come-affrontare-i-costi-energetici\/#article","isPartOf":{"@id":"https:\/\/www.bellunopress.it\/2026\/08\/17\/in-montagna-il-riscaldamento-pesa-di-piu-come-affrontare-i-costi-energetici\/"},"author":{"name":"redazione","@id":"https:\/\/www.bellunopress.it\/#\/schema\/person\/79bb06722b37ece1c03d3e94beb30d73"},"headline":"In montagna il riscaldamento pesa di pi\u00f9: come affrontare i costi energetici","datePublished":"2026-08-17T04:36:42+00:00","mainEntityOfPage":{"@id":"https:\/\/www.bellunopress.it\/2026\/08\/17\/in-montagna-il-riscaldamento-pesa-di-piu-come-affrontare-i-costi-energetici\/"},"wordCount":560,"publisher":{"@id":"https:\/\/www.bellunopress.it\/#organization"},"image":{"@id":"https:\/\/www.bellunopress.it\/2026\/08\/17\/in-montagna-il-riscaldamento-pesa-di-piu-come-affrontare-i-costi-energetici\/#primaryimage"},"thumbnailUrl":"https:\/\/www.bellunopress.it\/wp-content\/uploads\/2026\/07\/luce-e-gas.jpg","articleSection":["Sport, tempo libero"],"inLanguage":"fr-FR"},{"@type":"WebPage","@id":"https:\/\/www.bellunopress.it\/2026\/08\/17\/in-montagna-il-riscaldamento-pesa-di-piu-come-affrontare-i-costi-energetici\/","url":"https:\/\/www.bellunopress.it\/2026\/08\/17\/in-montagna-il-riscaldamento-pesa-di-piu-come-affrontare-i-costi-energetici\/","name":"In montagna il riscaldamento pesa di pi\u00f9: come affrontare i costi energetici - Bellunopress - Dolomiti","isPartOf":{"@id":"https:\/\/www.bellunopress.it\/#website"},"primaryImageOfPage":{"@id":"https:\/\/www.bellunopress.it\/2026\/08\/17\/in-montagna-il-riscaldamento-pesa-di-piu-come-affrontare-i-costi-energetici\/#primaryimage"},"image":{"@id":"https:\/\/www.bellunopress.it\/2026\/08\/17\/in-montagna-il-riscaldamento-pesa-di-piu-come-affrontare-i-costi-energetici\/#primaryimage"},"thumbnailUrl":"https:\/\/www.bellunopress.it\/wp-content\/uploads\/2026\/07\/luce-e-gas.jpg","datePublished":"2026-08-17T04:36:42+00:00","breadcrumb":{"@id":"https:\/\/www.bellunopress.it\/2026\/08\/17\/in-montagna-il-riscaldamento-pesa-di-piu-come-affrontare-i-costi-energetici\/#breadcrumb"},"inLanguage":"fr-FR","potentialAction":[{"@type":"ReadAction","target":["https:\/\/www.bellunopress.it\/2026\/08\/17\/in-montagna-il-riscaldamento-pesa-di-piu-come-affrontare-i-costi-energetici\/"]}]},{"@type":"ImageObject","inLanguage":"fr-FR","@id":"https:\/\/www.bellunopress.it\/2026\/08\/17\/in-montagna-il-riscaldamento-pesa-di-piu-come-affrontare-i-costi-energetici\/#primaryimage","url":"https:\/\/www.bellunopress.it\/wp-content\/uploads\/2026\/07\/luce-e-gas.jpg","contentUrl":"https:\/\/www.bellunopress.it\/wp-content\/uploads\/2026\/07\/luce-e-gas.jpg","width":540,"height":284},{"@type":"BreadcrumbList","@id":"https:\/\/www.bellunopress.it\/2026\/08\/17\/in-montagna-il-riscaldamento-pesa-di-piu-come-affrontare-i-costi-energetici\/#breadcrumb","itemListElement":[{"@type":"ListItem","position":1,"name":"Home","item":"https:\/\/www.bellunopress.it\/"},{"@type":"ListItem","position":2,"name":"In montagna il riscaldamento pesa di pi\u00f9: come affrontare i costi energetici"}]},{"@type":"WebSite","@id":"https:\/\/www.bellunopress.it\/#website","url":"https:\/\/www.bellunopress.it\/","name":"Bellunopress - Dolomiti","description":"e-mail: redazione@bellunopress.it","publisher":{"@id":"https:\/\/www.bellunopress.it\/#organization"},"potentialAction":[{"@type":"SearchAction","target":{"@type":"EntryPoint","urlTemplate":"https:\/\/www.bellunopress.it\/?s={search_term_string}"},"query-input":{"@type":"PropertyValueSpecification","valueRequired":true,"valueName":"search_term_string"}}],"inLanguage":"fr-FR"},{"@type":"Organization","@id":"https:\/\/www.bellunopress.it\/#organization","name":"Bellunopress","url":"https:\/\/www.bellunopress.it\/","logo":{"@type":"ImageObject","inLanguage":"fr-FR","@id":"https:\/\/www.bellunopress.it\/#\/schema\/logo\/image\/","url":"https:\/\/www.bellunopress.it\/wp-content\/uploads\/2011\/05\/cropped-logo-bellunopress-.jpg","contentUrl":"https:\/\/www.bellunopress.it\/wp-content\/uploads\/2011\/05\/cropped-logo-bellunopress-.jpg","width":512,"height":512,"caption":"Bellunopress"},"image":{"@id":"https:\/\/www.bellunopress.it\/#\/schema\/logo\/image\/"},"sameAs":["https:\/\/www.facebook.com\/profile.php?id=100008943462799","https:\/\/x.com\/bellunopress","https:\/\/www.linkedin.com\/hp\/?dnr=JBzUWaJfMUw8vbXJJ2tVW5-I3jZKvC4wsoxE&amp;amp;amp;amp;amp;amp;trk=nav_responsive_tab_home","https:\/\/www.youtube.com\/channel\/UCxL0wu1uN0_3_7hGG0306cw"]},{"@type":"Person","@id":"https:\/\/www.bellunopress.it\/#\/schema\/person\/79bb06722b37ece1c03d3e94beb30d73","name":"r\u00e9daction","image":{"@type":"ImageObject","inLanguage":"fr-FR","@id":"https:\/\/secure.gravatar.com\/avatar\/37d968a2e67a6fd04c169c4bdef102d0bc5d31b2546345219e348575eb80e9a0?s=96&d=mm&r=g","url":"https:\/\/secure.gravatar.com\/avatar\/37d968a2e67a6fd04c169c4bdef102d0bc5d31b2546345219e348575eb80e9a0?s=96&d=mm&r=g","contentUrl":"https:\/\/secure.gravatar.com\/avatar\/37d968a2e67a6fd04c169c4bdef102d0bc5d31b2546345219e348575eb80e9a0?s=96&d=mm&r=g","caption":"redazione"},"sameAs":["http:\/\/www.bellunopress.it","https:\/\/x.com\/bellunopress"],"url":"https:\/\/www.bellunopress.it\/fr\/author\/redazione\/"}]}},"_links":{"self":[{"href":"https:\/\/www.bellunopress.it\/fr\/wp-json\/wp\/v2\/posts\/172126","targetHints":{"allow":["GET"]}}],"collection":[{"href":"https:\/\/www.bellunopress.it\/fr\/wp-json\/wp\/v2\/posts"}],"about":[{"href":"https:\/\/www.bellunopress.it\/fr\/wp-json\/wp\/v2\/types\/post"}],"author":[{"embeddable":true,"href":"https:\/\/www.bellunopress.it\/fr\/wp-json\/wp\/v2\/users\/2"}],"replies":[{"embeddable":true,"href":"https:\/\/www.bellunopress.it\/fr\/wp-json\/wp\/v2\/comments?post=172126"}],"version-history":[{"count":1,"href":"https:\/\/www.bellunopress.it\/fr\/wp-json\/wp\/v2\/posts\/172126\/revisions"}],"predecessor-version":[{"id":172128,"href":"https:\/\/www.bellunopress.it\/fr\/wp-json\/wp\/v2\/posts\/172126\/revisions\/172128"}],"wp:featuredmedia":[{"embeddable":true,"href":"https:\/\/www.bellunopress.it\/fr\/wp-json\/wp\/v2\/media\/172127"}],"wp:attachment":[{"href":"https:\/\/www.bellunopress.it\/fr\/wp-json\/wp\/v2\/media?parent=172126"}],"wp:term":[{"taxonomy":"category","embeddable":true,"href":"https:\/\/www.bellunopress.it\/fr\/wp-json\/wp\/v2\/categories?post=172126"},{"taxonomy":"post_tag","embeddable":true,"href":"https:\/\/www.bellunopress.it\/fr\/wp-json\/wp\/v2\/tags?post=172126"}],"curies":[{"name":"wp","href":"https:\/\/api.w.org\/{rel}","templated":true}]}}