{"id":172117,"date":"2026-07-23T15:00:38","date_gmt":"2026-07-23T13:00:38","guid":{"rendered":"https:\/\/www.bellunopress.it\/?p=172117"},"modified":"2026-07-23T15:00:38","modified_gmt":"2026-07-23T13:00:38","slug":"59a-festa-de-lunita-del-pus-torna-lo-storico-appuntamento-tra-politica-cultura-e-convivialita","status":"publish","type":"post","link":"https:\/\/www.bellunopress.it\/fr\/2026\/07\/23\/59a-festa-de-lunita-del-pus-torna-lo-storico-appuntamento-tra-politica-cultura-e-convivialita\/","title":{"rendered":"59\u00aa Festa de l&#8217;Unit\u00e0 del Pus: torna lo storico appuntamento tra politica, cultura e convivialit\u00e0"},"content":{"rendered":"<p><strong>Torna anche quest&#8217;anno la Festa de l&#8217;Unit\u00e0 del Pus \u2013 Pian Longhi, giunta alla sua 59\u00aa edizione, appuntamento che da quasi sessant&#8217;anni propone politica, cultura e convivialit\u00e0 nella cornice del Nevegal.<\/strong><\/p>\n<p>Promossa dal Circolo del Partito Democratico di Ponte nelle Alpi e Soverzene insieme alla Fondazione Societ\u00e0 Bellunese, in collaborazione con il Partito Democratico provinciale, le Donne Democratiche e i Giovani Democratici, la festa si svolger\u00e0 in cinque giornate: domenica 26 luglio, domenica 2 agosto, domenica 9 agosto, sabato 15 agosto e domenica 16 agosto.<\/p>\n<p>Ad anticipare l&#8217;avvio della manifestazione sar\u00e0 sabato 25 luglio, alle ore 18.45, il quarto appuntamento della rassegna &#8220;Quale Democrazia?&#8221;, promossa dal PD Belluno Dolomiti in collaborazione con tutte le forze del centrosinistra provinciale. Ospite della serata sar\u00e0 Sara Pennicino, costituzionalista e docente universitaria, protagonista dell&#8217;incontro &#8220;Nel vuoto dello Stato. La fase di transizione di regime tra l&#8217;8 settembre 1943 e il 2 giugno 1946&#8221;.<\/p>\n<p>La Festa entrer\u00e0 nel vivo domenica 26 luglio con l&#8217;apertura delle cucine alle ore 12.00, che saranno operative a pranzo in tutte le giornate della manifestazione.<\/p>\n<p>Le prime giornate saranno accompagnate anche da momenti di incontro, approfondimento e confronto sui temi dell&#8217;attualit\u00e0.<\/p>\n<p>Domenica 26 luglio, alle ore 14.00, l&#8217;eurodeputata e componente della commissione per la sanit\u00e0 pubblica Alessandra Moretti presenter\u00e0 la campagna di prevenzione &#8220;Non lasciarci la pelle!&#8221;, dedicata alla sensibilizzazione sui rischi del tumore cutaneo e all&#8217;importanza della prevenzione.<\/p>\n<p>Domenica 2 agosto la giornata sar\u00e0 dedicata al ricordo di Gianclaudio Bressa, figura di spicco della politica e delle istituzioni bellunesi, scomparso nei mesi scorsi. L&#8217;incontro &#8220;La politica tra mediazione e concretezza&#8221; vedr\u00e0 dialogare Giovanni Crema, Marco Perale e Roger De Menech, coordinati da Francesco Orzes, per riflettere sul valore della politica come capacit\u00e0 di ascolto, mediazione e costruzione delle comunit\u00e0.<\/p>\n<p>Domenica 9 agosto spazio alla cultura e alla memoria locale con la presentazione del libro &#8220;Le fontane raccontano&#8221; di Maria Vignante e Manuela Pierobon, seguita dall&#8217;incontro con il costituzionalista Stefano Ceccanti, dedicato alla proposta di riforma della legge elettorale, oggi al centro del dibattito parlamentare, con un approfondimento sui contenuti, sulle opportunit\u00e0 e sulle criticit\u00e0.<\/p>\n<p>Le giornate di Ferragosto, 15 e 16 agosto saranno dedicate alla dimensione pi\u00f9 conviviale della Festa: buon cibo, relax e socialit\u00e0, per trascorrere una giornata in compagnia nella splendida cornice del Nevegal.<\/p>\n<p>Tutti gli aggiornamenti sul programma della Festa saranno disponibili sui canali social della Festa de l&#8217;Unit\u00e0 del Pus. Per informazioni \u00e8 inoltre possibile contattare il numero dedicato 320 878 8017.<\/p>\n<p>\u00abLa Festa de l&#8217;Unit\u00e0 del Pus \u2013 dichiara Monica Lotto, organizzatrice della manifestazione \u2013 rappresenta da quasi sessant&#8217;anni un patrimonio di comunit\u00e0 per il nostro territorio. \u00c8 un luogo dove si incontrano persone, idee e generazioni diverse, in un clima semplice e informale. Anche quest&#8217;anno vogliamo proporre momenti di confronto su temi importanti, mantenendo per\u00f2 quella dimensione di incontro e amicizia che da sempre caratterizza questa festa. Un ringraziamento particolare va ai tanti volontari che, con passione e impegno, rendono possibile ogni edizione e continuano a custodire una tradizione che appartiene a tutta la comunit\u00e0\u00bb.<\/p>","protected":false},"excerpt":{"rendered":"<p>Torna anche quest&#8217;anno la Festa de l&#8217;Unit\u00e0 del Pus \u2013 Pian Longhi, giunta alla sua 59\u00aa edizione, appuntamento che da quasi sessant&#8217;anni propone politica, cultura e convivialit\u00e0 nella cornice del Nevegal. Promossa dal Circolo del Partito Democratico di Ponte nelle Alpi e Soverzene insieme alla Fondazione Societ\u00e0 Bellunese, in collaborazione con il Partito Democratico provinciale, [&hellip;]<\/p>\n","protected":false},"author":2,"featured_media":172118,"comment_status":"closed","ping_status":"open","sticky":false,"template":"","format":"standard","meta":{"footnotes":""},"categories":[27,5,26],"tags":[],"class_list":["post-172117","post","type-post","status-publish","format-standard","has-post-thumbnail","category-appuntamenti","category-cronaca","category-prima-pagina"],"yoast_head":"<!-- This site is optimized with the Yoast SEO plugin v28.4 - https:\/\/yoast.com\/product\/yoast-seo-wordpress\/ -->\n<title>59\u00aa Festa de l&#039;Unit\u00e0 del Pus: torna lo storico appuntamento tra politica, cultura e convivialit\u00e0 - Bellunopress - Dolomiti<\/title>\n<meta name=\"robots\" content=\"index, follow, max-snippet:-1, max-image-preview:large, max-video-preview:-1\" \/>\n<link rel=\"canonical\" href=\"https:\/\/www.bellunopress.it\/fr\/2026\/07\/23\/59a-festa-de-lunita-del-pus-torna-lo-storico-appuntamento-tra-politica-cultura-e-convivialita\/\" \/>\n<meta property=\"og:locale\" content=\"fr_FR\" \/>\n<meta property=\"og:type\" content=\"article\" \/>\n<meta property=\"og:title\" content=\"59\u00aa Festa de l&#039;Unit\u00e0 del Pus: torna lo storico appuntamento tra politica, cultura e convivialit\u00e0 - Bellunopress - Dolomiti\" \/>\n<meta property=\"og:description\" content=\"Torna anche quest&#8217;anno la Festa de l&#8217;Unit\u00e0 del Pus \u2013 Pian Longhi, giunta alla sua 59\u00aa edizione, appuntamento che da quasi sessant&#8217;anni propone politica, cultura e convivialit\u00e0 nella cornice del Nevegal. Promossa dal Circolo del Partito Democratico di Ponte nelle Alpi e Soverzene insieme alla Fondazione Societ\u00e0 Bellunese, in collaborazione con il Partito Democratico provinciale, [&hellip;]\" \/>\n<meta property=\"og:url\" content=\"https:\/\/www.bellunopress.it\/fr\/2026\/07\/23\/59a-festa-de-lunita-del-pus-torna-lo-storico-appuntamento-tra-politica-cultura-e-convivialita\/\" \/>\n<meta property=\"og:site_name\" content=\"Bellunopress - Dolomiti\" \/>\n<meta property=\"article:publisher\" content=\"https:\/\/www.facebook.com\/profile.php?id=100008943462799\" \/>\n<meta property=\"article:published_time\" content=\"2026-07-23T13:00:38+00:00\" \/>\n<meta property=\"og:image\" content=\"https:\/\/www.bellunopress.it\/wp-content\/uploads\/2026\/07\/59-festa-Unita.jpeg\" \/>\n\t<meta property=\"og:image:width\" content=\"350\" \/>\n\t<meta property=\"og:image:height\" content=\"500\" \/>\n\t<meta property=\"og:image:type\" content=\"image\/jpeg\" \/>\n<meta name=\"author\" content=\"redazione\" \/>\n<meta name=\"twitter:card\" content=\"summary_large_image\" \/>\n<meta name=\"twitter:creator\" content=\"@bellunopress\" \/>\n<meta name=\"twitter:site\" content=\"@bellunopress\" \/>\n<meta name=\"twitter:label1\" content=\"\u00c9crit par\" \/>\n\t<meta name=\"twitter:data1\" content=\"redazione\" \/>\n\t<meta name=\"twitter:label2\" content=\"Dur\u00e9e de lecture estim\u00e9e\" \/>\n\t<meta name=\"twitter:data2\" content=\"3 minutes\" \/>\n<script type=\"application\/ld+json\" class=\"yoast-schema-graph\">{\"@context\":\"https:\\\/\\\/schema.org\",\"@graph\":[{\"@type\":\"Article\",\"@id\":\"https:\\\/\\\/www.bellunopress.it\\\/2026\\\/07\\\/23\\\/59a-festa-de-lunita-del-pus-torna-lo-storico-appuntamento-tra-politica-cultura-e-convivialita\\\/#article\",\"isPartOf\":{\"@id\":\"https:\\\/\\\/www.bellunopress.it\\\/2026\\\/07\\\/23\\\/59a-festa-de-lunita-del-pus-torna-lo-storico-appuntamento-tra-politica-cultura-e-convivialita\\\/\"},\"author\":{\"name\":\"redazione\",\"@id\":\"https:\\\/\\\/www.bellunopress.it\\\/#\\\/schema\\\/person\\\/79bb06722b37ece1c03d3e94beb30d73\"},\"headline\":\"59\u00aa Festa de l&#8217;Unit\u00e0 del Pus: torna lo storico appuntamento tra politica, cultura e convivialit\u00e0\",\"datePublished\":\"2026-07-23T13:00:38+00:00\",\"mainEntityOfPage\":{\"@id\":\"https:\\\/\\\/www.bellunopress.it\\\/2026\\\/07\\\/23\\\/59a-festa-de-lunita-del-pus-torna-lo-storico-appuntamento-tra-politica-cultura-e-convivialita\\\/\"},\"wordCount\":505,\"publisher\":{\"@id\":\"https:\\\/\\\/www.bellunopress.it\\\/#organization\"},\"image\":{\"@id\":\"https:\\\/\\\/www.bellunopress.it\\\/2026\\\/07\\\/23\\\/59a-festa-de-lunita-del-pus-torna-lo-storico-appuntamento-tra-politica-cultura-e-convivialita\\\/#primaryimage\"},\"thumbnailUrl\":\"https:\\\/\\\/www.bellunopress.it\\\/wp-content\\\/uploads\\\/2026\\\/07\\\/59-festa-Unita.jpeg\",\"articleSection\":[\"Appuntamenti, Eventi\",\"Cronaca\\\/Politica\",\"Prima Pagina\"],\"inLanguage\":\"fr-FR\"},{\"@type\":\"WebPage\",\"@id\":\"https:\\\/\\\/www.bellunopress.it\\\/2026\\\/07\\\/23\\\/59a-festa-de-lunita-del-pus-torna-lo-storico-appuntamento-tra-politica-cultura-e-convivialita\\\/\",\"url\":\"https:\\\/\\\/www.bellunopress.it\\\/2026\\\/07\\\/23\\\/59a-festa-de-lunita-del-pus-torna-lo-storico-appuntamento-tra-politica-cultura-e-convivialita\\\/\",\"name\":\"59\u00aa Festa de l'Unit\u00e0 del Pus: torna lo storico appuntamento tra politica, cultura e convivialit\u00e0 - Bellunopress - Dolomiti\",\"isPartOf\":{\"@id\":\"https:\\\/\\\/www.bellunopress.it\\\/#website\"},\"primaryImageOfPage\":{\"@id\":\"https:\\\/\\\/www.bellunopress.it\\\/2026\\\/07\\\/23\\\/59a-festa-de-lunita-del-pus-torna-lo-storico-appuntamento-tra-politica-cultura-e-convivialita\\\/#primaryimage\"},\"image\":{\"@id\":\"https:\\\/\\\/www.bellunopress.it\\\/2026\\\/07\\\/23\\\/59a-festa-de-lunita-del-pus-torna-lo-storico-appuntamento-tra-politica-cultura-e-convivialita\\\/#primaryimage\"},\"thumbnailUrl\":\"https:\\\/\\\/www.bellunopress.it\\\/wp-content\\\/uploads\\\/2026\\\/07\\\/59-festa-Unita.jpeg\",\"datePublished\":\"2026-07-23T13:00:38+00:00\",\"breadcrumb\":{\"@id\":\"https:\\\/\\\/www.bellunopress.it\\\/2026\\\/07\\\/23\\\/59a-festa-de-lunita-del-pus-torna-lo-storico-appuntamento-tra-politica-cultura-e-convivialita\\\/#breadcrumb\"},\"inLanguage\":\"fr-FR\",\"potentialAction\":[{\"@type\":\"ReadAction\",\"target\":[\"https:\\\/\\\/www.bellunopress.it\\\/2026\\\/07\\\/23\\\/59a-festa-de-lunita-del-pus-torna-lo-storico-appuntamento-tra-politica-cultura-e-convivialita\\\/\"]}]},{\"@type\":\"ImageObject\",\"inLanguage\":\"fr-FR\",\"@id\":\"https:\\\/\\\/www.bellunopress.it\\\/2026\\\/07\\\/23\\\/59a-festa-de-lunita-del-pus-torna-lo-storico-appuntamento-tra-politica-cultura-e-convivialita\\\/#primaryimage\",\"url\":\"https:\\\/\\\/www.bellunopress.it\\\/wp-content\\\/uploads\\\/2026\\\/07\\\/59-festa-Unita.jpeg\",\"contentUrl\":\"https:\\\/\\\/www.bellunopress.it\\\/wp-content\\\/uploads\\\/2026\\\/07\\\/59-festa-Unita.jpeg\",\"width\":350,\"height\":500},{\"@type\":\"BreadcrumbList\",\"@id\":\"https:\\\/\\\/www.bellunopress.it\\\/2026\\\/07\\\/23\\\/59a-festa-de-lunita-del-pus-torna-lo-storico-appuntamento-tra-politica-cultura-e-convivialita\\\/#breadcrumb\",\"itemListElement\":[{\"@type\":\"ListItem\",\"position\":1,\"name\":\"Home\",\"item\":\"https:\\\/\\\/www.bellunopress.it\\\/\"},{\"@type\":\"ListItem\",\"position\":2,\"name\":\"59\u00aa Festa de l&#8217;Unit\u00e0 del Pus: torna lo storico appuntamento tra politica, cultura e convivialit\u00e0\"}]},{\"@type\":\"WebSite\",\"@id\":\"https:\\\/\\\/www.bellunopress.it\\\/#website\",\"url\":\"https:\\\/\\\/www.bellunopress.it\\\/\",\"name\":\"Bellunopress - Dolomiti\",\"description\":\"e-mail: redazione@bellunopress.it\",\"publisher\":{\"@id\":\"https:\\\/\\\/www.bellunopress.it\\\/#organization\"},\"potentialAction\":[{\"@type\":\"SearchAction\",\"target\":{\"@type\":\"EntryPoint\",\"urlTemplate\":\"https:\\\/\\\/www.bellunopress.it\\\/?s={search_term_string}\"},\"query-input\":{\"@type\":\"PropertyValueSpecification\",\"valueRequired\":true,\"valueName\":\"search_term_string\"}}],\"inLanguage\":\"fr-FR\"},{\"@type\":\"Organization\",\"@id\":\"https:\\\/\\\/www.bellunopress.it\\\/#organization\",\"name\":\"Bellunopress\",\"url\":\"https:\\\/\\\/www.bellunopress.it\\\/\",\"logo\":{\"@type\":\"ImageObject\",\"inLanguage\":\"fr-FR\",\"@id\":\"https:\\\/\\\/www.bellunopress.it\\\/#\\\/schema\\\/logo\\\/image\\\/\",\"url\":\"https:\\\/\\\/www.bellunopress.it\\\/wp-content\\\/uploads\\\/2011\\\/05\\\/cropped-logo-bellunopress-.jpg\",\"contentUrl\":\"https:\\\/\\\/www.bellunopress.it\\\/wp-content\\\/uploads\\\/2011\\\/05\\\/cropped-logo-bellunopress-.jpg\",\"width\":512,\"height\":512,\"caption\":\"Bellunopress\"},\"image\":{\"@id\":\"https:\\\/\\\/www.bellunopress.it\\\/#\\\/schema\\\/logo\\\/image\\\/\"},\"sameAs\":[\"https:\\\/\\\/www.facebook.com\\\/profile.php?id=100008943462799\",\"https:\\\/\\\/x.com\\\/bellunopress\",\"https:\\\/\\\/www.linkedin.com\\\/hp\\\/?dnr=JBzUWaJfMUw8vbXJJ2tVW5-I3jZKvC4wsoxE&amp;amp;amp;amp;amp;amp;trk=nav_responsive_tab_home\",\"https:\\\/\\\/www.youtube.com\\\/channel\\\/UCxL0wu1uN0_3_7hGG0306cw\"]},{\"@type\":\"Person\",\"@id\":\"https:\\\/\\\/www.bellunopress.it\\\/#\\\/schema\\\/person\\\/79bb06722b37ece1c03d3e94beb30d73\",\"name\":\"redazione\",\"image\":{\"@type\":\"ImageObject\",\"inLanguage\":\"fr-FR\",\"@id\":\"https:\\\/\\\/secure.gravatar.com\\\/avatar\\\/37d968a2e67a6fd04c169c4bdef102d0bc5d31b2546345219e348575eb80e9a0?s=96&d=mm&r=g\",\"url\":\"https:\\\/\\\/secure.gravatar.com\\\/avatar\\\/37d968a2e67a6fd04c169c4bdef102d0bc5d31b2546345219e348575eb80e9a0?s=96&d=mm&r=g\",\"contentUrl\":\"https:\\\/\\\/secure.gravatar.com\\\/avatar\\\/37d968a2e67a6fd04c169c4bdef102d0bc5d31b2546345219e348575eb80e9a0?s=96&d=mm&r=g\",\"caption\":\"redazione\"},\"sameAs\":[\"http:\\\/\\\/www.bellunopress.it\",\"https:\\\/\\\/x.com\\\/bellunopress\"],\"url\":\"https:\\\/\\\/www.bellunopress.it\\\/fr\\\/author\\\/redazione\\\/\"}]}<\/script>\n<!-- \/ Yoast SEO plugin. -->","yoast_head_json":{"title":"59\u00aa Festa de l'Unit\u00e0 del Pus: torna lo storico appuntamento tra politica, cultura e convivialit\u00e0 - Bellunopress - Dolomiti","robots":{"index":"index","follow":"follow","max-snippet":"max-snippet:-1","max-image-preview":"max-image-preview:large","max-video-preview":"max-video-preview:-1"},"canonical":"https:\/\/www.bellunopress.it\/fr\/2026\/07\/23\/59a-festa-de-lunita-del-pus-torna-lo-storico-appuntamento-tra-politica-cultura-e-convivialita\/","og_locale":"fr_FR","og_type":"article","og_title":"59\u00aa Festa de l'Unit\u00e0 del Pus: torna lo storico appuntamento tra politica, cultura e convivialit\u00e0 - Bellunopress - Dolomiti","og_description":"Torna anche quest&#8217;anno la Festa de l&#8217;Unit\u00e0 del Pus \u2013 Pian Longhi, giunta alla sua 59\u00aa edizione, appuntamento che da quasi sessant&#8217;anni propone politica, cultura e convivialit\u00e0 nella cornice del Nevegal. Promossa dal Circolo del Partito Democratico di Ponte nelle Alpi e Soverzene insieme alla Fondazione Societ\u00e0 Bellunese, in collaborazione con il Partito Democratico provinciale, [&hellip;]","og_url":"https:\/\/www.bellunopress.it\/fr\/2026\/07\/23\/59a-festa-de-lunita-del-pus-torna-lo-storico-appuntamento-tra-politica-cultura-e-convivialita\/","og_site_name":"Bellunopress - Dolomiti","article_publisher":"https:\/\/www.facebook.com\/profile.php?id=100008943462799","article_published_time":"2026-07-23T13:00:38+00:00","og_image":[{"width":350,"height":500,"url":"https:\/\/www.bellunopress.it\/wp-content\/uploads\/2026\/07\/59-festa-Unita.jpeg","type":"image\/jpeg"}],"author":"redazione","twitter_card":"summary_large_image","twitter_creator":"@bellunopress","twitter_site":"@bellunopress","twitter_misc":{"\u00c9crit par":"redazione","Dur\u00e9e de lecture estim\u00e9e":"3 minutes"},"schema":{"@context":"https:\/\/schema.org","@graph":[{"@type":"Article","@id":"https:\/\/www.bellunopress.it\/2026\/07\/23\/59a-festa-de-lunita-del-pus-torna-lo-storico-appuntamento-tra-politica-cultura-e-convivialita\/#article","isPartOf":{"@id":"https:\/\/www.bellunopress.it\/2026\/07\/23\/59a-festa-de-lunita-del-pus-torna-lo-storico-appuntamento-tra-politica-cultura-e-convivialita\/"},"author":{"name":"redazione","@id":"https:\/\/www.bellunopress.it\/#\/schema\/person\/79bb06722b37ece1c03d3e94beb30d73"},"headline":"59\u00aa Festa de l&#8217;Unit\u00e0 del Pus: torna lo storico appuntamento tra politica, cultura e convivialit\u00e0","datePublished":"2026-07-23T13:00:38+00:00","mainEntityOfPage":{"@id":"https:\/\/www.bellunopress.it\/2026\/07\/23\/59a-festa-de-lunita-del-pus-torna-lo-storico-appuntamento-tra-politica-cultura-e-convivialita\/"},"wordCount":505,"publisher":{"@id":"https:\/\/www.bellunopress.it\/#organization"},"image":{"@id":"https:\/\/www.bellunopress.it\/2026\/07\/23\/59a-festa-de-lunita-del-pus-torna-lo-storico-appuntamento-tra-politica-cultura-e-convivialita\/#primaryimage"},"thumbnailUrl":"https:\/\/www.bellunopress.it\/wp-content\/uploads\/2026\/07\/59-festa-Unita.jpeg","articleSection":["Appuntamenti, Eventi","Cronaca\/Politica","Prima Pagina"],"inLanguage":"fr-FR"},{"@type":"WebPage","@id":"https:\/\/www.bellunopress.it\/2026\/07\/23\/59a-festa-de-lunita-del-pus-torna-lo-storico-appuntamento-tra-politica-cultura-e-convivialita\/","url":"https:\/\/www.bellunopress.it\/2026\/07\/23\/59a-festa-de-lunita-del-pus-torna-lo-storico-appuntamento-tra-politica-cultura-e-convivialita\/","name":"59\u00aa Festa de l'Unit\u00e0 del Pus: torna lo storico appuntamento tra politica, cultura e convivialit\u00e0 - Bellunopress - Dolomiti","isPartOf":{"@id":"https:\/\/www.bellunopress.it\/#website"},"primaryImageOfPage":{"@id":"https:\/\/www.bellunopress.it\/2026\/07\/23\/59a-festa-de-lunita-del-pus-torna-lo-storico-appuntamento-tra-politica-cultura-e-convivialita\/#primaryimage"},"image":{"@id":"https:\/\/www.bellunopress.it\/2026\/07\/23\/59a-festa-de-lunita-del-pus-torna-lo-storico-appuntamento-tra-politica-cultura-e-convivialita\/#primaryimage"},"thumbnailUrl":"https:\/\/www.bellunopress.it\/wp-content\/uploads\/2026\/07\/59-festa-Unita.jpeg","datePublished":"2026-07-23T13:00:38+00:00","breadcrumb":{"@id":"https:\/\/www.bellunopress.it\/2026\/07\/23\/59a-festa-de-lunita-del-pus-torna-lo-storico-appuntamento-tra-politica-cultura-e-convivialita\/#breadcrumb"},"inLanguage":"fr-FR","potentialAction":[{"@type":"ReadAction","target":["https:\/\/www.bellunopress.it\/2026\/07\/23\/59a-festa-de-lunita-del-pus-torna-lo-storico-appuntamento-tra-politica-cultura-e-convivialita\/"]}]},{"@type":"ImageObject","inLanguage":"fr-FR","@id":"https:\/\/www.bellunopress.it\/2026\/07\/23\/59a-festa-de-lunita-del-pus-torna-lo-storico-appuntamento-tra-politica-cultura-e-convivialita\/#primaryimage","url":"https:\/\/www.bellunopress.it\/wp-content\/uploads\/2026\/07\/59-festa-Unita.jpeg","contentUrl":"https:\/\/www.bellunopress.it\/wp-content\/uploads\/2026\/07\/59-festa-Unita.jpeg","width":350,"height":500},{"@type":"BreadcrumbList","@id":"https:\/\/www.bellunopress.it\/2026\/07\/23\/59a-festa-de-lunita-del-pus-torna-lo-storico-appuntamento-tra-politica-cultura-e-convivialita\/#breadcrumb","itemListElement":[{"@type":"ListItem","position":1,"name":"Home","item":"https:\/\/www.bellunopress.it\/"},{"@type":"ListItem","position":2,"name":"59\u00aa Festa de l&#8217;Unit\u00e0 del Pus: torna lo storico appuntamento tra politica, cultura e convivialit\u00e0"}]},{"@type":"WebSite","@id":"https:\/\/www.bellunopress.it\/#website","url":"https:\/\/www.bellunopress.it\/","name":"Bellunopress - Dolomiti","description":"e-mail: redazione@bellunopress.it","publisher":{"@id":"https:\/\/www.bellunopress.it\/#organization"},"potentialAction":[{"@type":"SearchAction","target":{"@type":"EntryPoint","urlTemplate":"https:\/\/www.bellunopress.it\/?s={search_term_string}"},"query-input":{"@type":"PropertyValueSpecification","valueRequired":true,"valueName":"search_term_string"}}],"inLanguage":"fr-FR"},{"@type":"Organization","@id":"https:\/\/www.bellunopress.it\/#organization","name":"Bellunopress","url":"https:\/\/www.bellunopress.it\/","logo":{"@type":"ImageObject","inLanguage":"fr-FR","@id":"https:\/\/www.bellunopress.it\/#\/schema\/logo\/image\/","url":"https:\/\/www.bellunopress.it\/wp-content\/uploads\/2011\/05\/cropped-logo-bellunopress-.jpg","contentUrl":"https:\/\/www.bellunopress.it\/wp-content\/uploads\/2011\/05\/cropped-logo-bellunopress-.jpg","width":512,"height":512,"caption":"Bellunopress"},"image":{"@id":"https:\/\/www.bellunopress.it\/#\/schema\/logo\/image\/"},"sameAs":["https:\/\/www.facebook.com\/profile.php?id=100008943462799","https:\/\/x.com\/bellunopress","https:\/\/www.linkedin.com\/hp\/?dnr=JBzUWaJfMUw8vbXJJ2tVW5-I3jZKvC4wsoxE&amp;amp;amp;amp;amp;amp;trk=nav_responsive_tab_home","https:\/\/www.youtube.com\/channel\/UCxL0wu1uN0_3_7hGG0306cw"]},{"@type":"Person","@id":"https:\/\/www.bellunopress.it\/#\/schema\/person\/79bb06722b37ece1c03d3e94beb30d73","name":"r\u00e9daction","image":{"@type":"ImageObject","inLanguage":"fr-FR","@id":"https:\/\/secure.gravatar.com\/avatar\/37d968a2e67a6fd04c169c4bdef102d0bc5d31b2546345219e348575eb80e9a0?s=96&d=mm&r=g","url":"https:\/\/secure.gravatar.com\/avatar\/37d968a2e67a6fd04c169c4bdef102d0bc5d31b2546345219e348575eb80e9a0?s=96&d=mm&r=g","contentUrl":"https:\/\/secure.gravatar.com\/avatar\/37d968a2e67a6fd04c169c4bdef102d0bc5d31b2546345219e348575eb80e9a0?s=96&d=mm&r=g","caption":"redazione"},"sameAs":["http:\/\/www.bellunopress.it","https:\/\/x.com\/bellunopress"],"url":"https:\/\/www.bellunopress.it\/fr\/author\/redazione\/"}]}},"_links":{"self":[{"href":"https:\/\/www.bellunopress.it\/fr\/wp-json\/wp\/v2\/posts\/172117","targetHints":{"allow":["GET"]}}],"collection":[{"href":"https:\/\/www.bellunopress.it\/fr\/wp-json\/wp\/v2\/posts"}],"about":[{"href":"https:\/\/www.bellunopress.it\/fr\/wp-json\/wp\/v2\/types\/post"}],"author":[{"embeddable":true,"href":"https:\/\/www.bellunopress.it\/fr\/wp-json\/wp\/v2\/users\/2"}],"replies":[{"embeddable":true,"href":"https:\/\/www.bellunopress.it\/fr\/wp-json\/wp\/v2\/comments?post=172117"}],"version-history":[{"count":1,"href":"https:\/\/www.bellunopress.it\/fr\/wp-json\/wp\/v2\/posts\/172117\/revisions"}],"predecessor-version":[{"id":172119,"href":"https:\/\/www.bellunopress.it\/fr\/wp-json\/wp\/v2\/posts\/172117\/revisions\/172119"}],"wp:featuredmedia":[{"embeddable":true,"href":"https:\/\/www.bellunopress.it\/fr\/wp-json\/wp\/v2\/media\/172118"}],"wp:attachment":[{"href":"https:\/\/www.bellunopress.it\/fr\/wp-json\/wp\/v2\/media?parent=172117"}],"wp:term":[{"taxonomy":"category","embeddable":true,"href":"https:\/\/www.bellunopress.it\/fr\/wp-json\/wp\/v2\/categories?post=172117"},{"taxonomy":"post_tag","embeddable":true,"href":"https:\/\/www.bellunopress.it\/fr\/wp-json\/wp\/v2\/tags?post=172117"}],"curies":[{"name":"wp","href":"https:\/\/api.w.org\/{rel}","templated":true}]}}