{"id":172115,"date":"2026-07-23T13:05:21","date_gmt":"2026-07-23T11:05:21","guid":{"rendered":"https:\/\/www.bellunopress.it\/?p=172115"},"modified":"2026-07-23T13:05:21","modified_gmt":"2026-07-23T11:05:21","slug":"lago-film-fest-entra-nel-vivo-200-registi-e-professionisti-del-settore-al-primo-weekend","status":"publish","type":"post","link":"https:\/\/www.bellunopress.it\/fr\/2026\/07\/23\/lago-film-fest-entra-nel-vivo-200-registi-e-professionisti-del-settore-al-primo-weekend\/","title":{"rendered":"Lago Film Fest entra nel vivo. 200 registi e professionisti del settore al primo weekend"},"content":{"rendered":"<p>Revine Lago (TV), 23 luglio 2026 &#8211; Il meteo incerto non ha scoraggiato il pubblico di Lago Film Fest. La XXII edizione del festival internazionale di cinema indipendente \u00e8 partita con un fine settimana che ha visto migliaia di spettatori raggiungere il piccolo borgo sulle rive del lago (grazie anche alla linea speciale creata in collaborazione con MOM), confermando ancora una volta la forza di una manifestazione capace di trasformare un paese di poche centinaia di abitanti in un punto di riferimento internazionale per il cinema contemporaneo.<\/p>\n<p>&#8220;\u00c8 stato un inizio incredibile &#8211; commenta Viviana Carlet, fondatrice e direttrice del festival &#8211; Abbiamo aperto venerd\u00ec sera con una serata pensata non per le autorit\u00e0 ma per la nostra comunit\u00e0, perch\u00e9 \u00e8 da qui che tutto \u00e8 nato ventidue anni fa. Sabato abbiamo inaugurato ufficialmente il festival, acceso gli schermi e consegnato il primo riconoscimento di questa edizione, il Premio Federico Savina dedicato alla migliore colonna sonora originale. Vedere il borgo riempirsi ancora una volta di persone provenienti da tutta Italia e dall&#8217;estero \u00e8 la conferma che Lago Film Fest continua a essere, prima di tutto, una comunit\u00e0.&#8221;<\/p>\n<p>Tra i primi riconoscimenti assegnati, da segnalare la Menzione Speciale conferita a Only Lina, il documentario dedicato alla content creator per adulti diretto dal vittoriese Filippo Da Ros, che ha conquistato la giuria per la capacit\u00e0 di affrontare con sensibilit\u00e0 e intelligenza un tema profondamente contemporaneo.<\/p>\n<p>Marted\u00ec e mercoled\u00ec sono arrivati i Barefoot Industry Days &#8211; professionisti a piedi scalzi<\/p>\n<p>Marted\u00ec 21 e mercoled\u00ec 22 luglio si sono tenuti i Barefoot Industry Days, le giornate dedicate ai professionisti del cinema che negli anni sono diventate uno degli appuntamenti pi\u00f9 riconoscibili di Lago Film Fest.<\/p>\n<p>Oltre centotrenta gli accreditati tra registi, produttori, distributori, musicisti, creativi, direttori di festival e professionisti provenienti dall&#8217;Italia e dall&#8217;estero che si sono ritrovati a Revine Lago per un evento costruito attorno a un&#8217;idea semplice: eliminare le gerarchie e favorire relazioni autentiche.<\/p>\n<p>Qui non esistono lounge esclusive n\u00e9 sale riservate. I produttori incontrano i registi seduti sui prati, gli autori condividono il pranzo con i selezionatori dei festival internazionali e gli ormai celebri incontri one-to-one, che normalmente si svolgono attorno a piccoli tavolini, a Lago Film Fest si tengono sui pedal\u00f2 in mezzo al lago.<\/p>\n<p>Un format che negli anni ha trasformato i Barefoot Industry Days in uno degli appuntamenti pi\u00f9 apprezzati del settore per la capacit\u00e0 di mettere davvero le persone nelle condizioni di incontrarsi.<\/p>\n<p>&nbsp;<\/p>\n<p>VENERD\u00cc 24 &#8211; DA NON PERDERE<\/p>\n<p>Viv Li arriva a Lago Film Fest. La giovane regista nuova protagonista assoluta del cinema cinese. Gi\u00e0 stata a Lago in residenza a scrivere il film presentato a Berlino il febbraio scorso.<\/p>\n<p>Mainam666 live. Il personaggio social del momento arriva a Lago con uno spettacolo di stand-up comedy che mescola ironia, linguaggio digitale e osservazione del presente.<\/p>\n<p>Premiazione della Giuria UNICEF. I pi\u00f9 piccoli diventano protagonisti annunciando i vincitori del premio assegnato dalla giuria UNICEF, uno dei momenti pi\u00f9 emozionanti del festival.<\/p>\n<p>Incontri con la Giuria Internazionale. Un&#8217;occasione per conoscere da vicino i professionisti chiamati a valutare i film in concorso e dialogare con alcuni dei protagonisti del cinema contemporaneo.<\/p>\n<p>LAGO FILM EDU &#8211; Attivare comunit\u00e0. Un appuntamento dedicato alle esperienze di media education e partecipazione culturale, per riflettere su come il cinema possa diventare strumento di cittadinanza attiva e costruzione di comunit\u00e0.<\/p>\n<p>Grande partecipazione sta registrando anche la nuova Lago Cine Summer School, il progetto educativo dedicato a bambini e ragazzi che ha debuttato quest&#8217;anno e che gli organizzatori considerano gi\u00e0 uno degli investimenti pi\u00f9 importanti per il futuro del festival.<\/p>\n<p>Le giornate iniziano alle 11 con le colazioni del festival, proseguono con workshop, incontri e laboratori, continuano con le lezioni gratuite di ginnastica al tramonto sulle rive del lago e si concludono tra concerti, installazioni e proiezioni fino a notte inoltrata.<\/p>\n<p>Kevin Bacon? &#8220;La partita \u00e8 ancora aperta&#8221;<\/p>\n<p>Prosegue intanto anche la campagna che ha fatto parlare del festival ben prima dell&#8217;inaugurazione.<\/p>\n<p>Dopo la lettera aperta inviata a Kevin Bacon e il coinvolgimento di centinaia di persone in tutto il mondo nel tentativo di raggiungere l&#8217;attore attraverso la teoria dei sei gradi di separazione, gli organizzatori mantengono il massimo riserbo.<\/p>\n<p>&#8220;Non possiamo ancora dire nulla &#8211; spiegano sorridendo &#8211; ma possiamo assicurare una cosa: continueremo a provarci fino al 25 luglio. La partita \u00e8 ancora aperta. Se qualcuno ha un&#8217;idea, un contatto o semplicemente vuole unirsi a questa folle impresa, ci scriva. In fondo \u00e8 proprio questo il senso della nostra campagna: dimostrare che il cinema indipendente continua a vivere grazie alle relazioni tra le persone.&#8221;<\/p>","protected":false},"excerpt":{"rendered":"<p>Revine Lago (TV), 23 luglio 2026 &#8211; Il meteo incerto non ha scoraggiato il pubblico di Lago Film Fest. La XXII edizione del festival internazionale di cinema indipendente \u00e8 partita con un fine settimana che ha visto migliaia di spettatori raggiungere il piccolo borgo sulle rive del lago (grazie anche alla linea speciale creata in [&hellip;]<\/p>\n","protected":false},"author":2,"featured_media":133192,"comment_status":"closed","ping_status":"open","sticky":false,"template":"","format":"standard","meta":{"footnotes":""},"categories":[27,3,25],"tags":[],"class_list":["post-172115","post","type-post","status-publish","format-standard","has-post-thumbnail","category-appuntamenti","category-arte-cultura-spettacoli-scienza-archivi","category-pausa-caffe"],"yoast_head":"<!-- This site is optimized with the Yoast SEO plugin v28.4 - https:\/\/yoast.com\/product\/yoast-seo-wordpress\/ -->\n<title>Lago Film Fest entra nel vivo. 200 registi e professionisti del settore al primo weekend - Bellunopress - Dolomiti<\/title>\n<meta name=\"robots\" content=\"index, follow, max-snippet:-1, max-image-preview:large, max-video-preview:-1\" \/>\n<link rel=\"canonical\" href=\"https:\/\/www.bellunopress.it\/fr\/2026\/07\/23\/lago-film-fest-entra-nel-vivo-200-registi-e-professionisti-del-settore-al-primo-weekend\/\" \/>\n<meta property=\"og:locale\" content=\"fr_FR\" \/>\n<meta property=\"og:type\" content=\"article\" \/>\n<meta property=\"og:title\" content=\"Lago Film Fest entra nel vivo. 200 registi e professionisti del settore al primo weekend - Bellunopress - Dolomiti\" \/>\n<meta property=\"og:description\" content=\"Revine Lago (TV), 23 luglio 2026 &#8211; Il meteo incerto non ha scoraggiato il pubblico di Lago Film Fest. La XXII edizione del festival internazionale di cinema indipendente \u00e8 partita con un fine settimana che ha visto migliaia di spettatori raggiungere il piccolo borgo sulle rive del lago (grazie anche alla linea speciale creata in [&hellip;]\" \/>\n<meta property=\"og:url\" content=\"https:\/\/www.bellunopress.it\/fr\/2026\/07\/23\/lago-film-fest-entra-nel-vivo-200-registi-e-professionisti-del-settore-al-primo-weekend\/\" \/>\n<meta property=\"og:site_name\" content=\"Bellunopress - Dolomiti\" \/>\n<meta property=\"article:publisher\" content=\"https:\/\/www.facebook.com\/profile.php?id=100008943462799\" \/>\n<meta property=\"article:published_time\" content=\"2026-07-23T11:05:21+00:00\" \/>\n<meta property=\"og:image\" content=\"https:\/\/www.bellunopress.it\/wp-content\/uploads\/2022\/05\/Viviana-Carlet-Revine-Lago_edited.jpg\" \/>\n\t<meta property=\"og:image:width\" content=\"1000\" \/>\n\t<meta property=\"og:image:height\" content=\"664\" \/>\n\t<meta property=\"og:image:type\" content=\"image\/jpeg\" \/>\n<meta name=\"author\" content=\"redazione\" \/>\n<meta name=\"twitter:card\" content=\"summary_large_image\" \/>\n<meta name=\"twitter:creator\" content=\"@bellunopress\" \/>\n<meta name=\"twitter:site\" content=\"@bellunopress\" \/>\n<meta name=\"twitter:label1\" content=\"Written by\" \/>\n\t<meta name=\"twitter:data1\" content=\"redazione\" \/>\n\t<meta name=\"twitter:label2\" content=\"Est. reading time\" \/>\n\t<meta name=\"twitter:data2\" content=\"5 minutes\" \/>\n<script type=\"application\/ld+json\" class=\"yoast-schema-graph\">{\"@context\":\"https:\\\/\\\/schema.org\",\"@graph\":[{\"@type\":\"Article\",\"@id\":\"https:\\\/\\\/www.bellunopress.it\\\/2026\\\/07\\\/23\\\/lago-film-fest-entra-nel-vivo-200-registi-e-professionisti-del-settore-al-primo-weekend\\\/#article\",\"isPartOf\":{\"@id\":\"https:\\\/\\\/www.bellunopress.it\\\/2026\\\/07\\\/23\\\/lago-film-fest-entra-nel-vivo-200-registi-e-professionisti-del-settore-al-primo-weekend\\\/\"},\"author\":{\"name\":\"redazione\",\"@id\":\"https:\\\/\\\/www.bellunopress.it\\\/#\\\/schema\\\/person\\\/79bb06722b37ece1c03d3e94beb30d73\"},\"headline\":\"Lago Film Fest entra nel vivo. 200 registi e professionisti del settore al primo weekend\",\"datePublished\":\"2026-07-23T11:05:21+00:00\",\"mainEntityOfPage\":{\"@id\":\"https:\\\/\\\/www.bellunopress.it\\\/2026\\\/07\\\/23\\\/lago-film-fest-entra-nel-vivo-200-registi-e-professionisti-del-settore-al-primo-weekend\\\/\"},\"wordCount\":769,\"publisher\":{\"@id\":\"https:\\\/\\\/www.bellunopress.it\\\/#organization\"},\"image\":{\"@id\":\"https:\\\/\\\/www.bellunopress.it\\\/2026\\\/07\\\/23\\\/lago-film-fest-entra-nel-vivo-200-registi-e-professionisti-del-settore-al-primo-weekend\\\/#primaryimage\"},\"thumbnailUrl\":\"https:\\\/\\\/www.bellunopress.it\\\/wp-content\\\/uploads\\\/2022\\\/05\\\/Viviana-Carlet-Revine-Lago_edited.jpg\",\"articleSection\":[\"Appuntamenti, Eventi\",\"Arte, Cultura, Spettacoli, Scienza\",\"Pausa Caff\u00e8\"],\"inLanguage\":\"fr-FR\"},{\"@type\":\"WebPage\",\"@id\":\"https:\\\/\\\/www.bellunopress.it\\\/2026\\\/07\\\/23\\\/lago-film-fest-entra-nel-vivo-200-registi-e-professionisti-del-settore-al-primo-weekend\\\/\",\"url\":\"https:\\\/\\\/www.bellunopress.it\\\/2026\\\/07\\\/23\\\/lago-film-fest-entra-nel-vivo-200-registi-e-professionisti-del-settore-al-primo-weekend\\\/\",\"name\":\"Lago Film Fest entra nel vivo. 200 registi e professionisti del settore al primo weekend - Bellunopress - Dolomiti\",\"isPartOf\":{\"@id\":\"https:\\\/\\\/www.bellunopress.it\\\/#website\"},\"primaryImageOfPage\":{\"@id\":\"https:\\\/\\\/www.bellunopress.it\\\/2026\\\/07\\\/23\\\/lago-film-fest-entra-nel-vivo-200-registi-e-professionisti-del-settore-al-primo-weekend\\\/#primaryimage\"},\"image\":{\"@id\":\"https:\\\/\\\/www.bellunopress.it\\\/2026\\\/07\\\/23\\\/lago-film-fest-entra-nel-vivo-200-registi-e-professionisti-del-settore-al-primo-weekend\\\/#primaryimage\"},\"thumbnailUrl\":\"https:\\\/\\\/www.bellunopress.it\\\/wp-content\\\/uploads\\\/2022\\\/05\\\/Viviana-Carlet-Revine-Lago_edited.jpg\",\"datePublished\":\"2026-07-23T11:05:21+00:00\",\"breadcrumb\":{\"@id\":\"https:\\\/\\\/www.bellunopress.it\\\/2026\\\/07\\\/23\\\/lago-film-fest-entra-nel-vivo-200-registi-e-professionisti-del-settore-al-primo-weekend\\\/#breadcrumb\"},\"inLanguage\":\"fr-FR\",\"potentialAction\":[{\"@type\":\"ReadAction\",\"target\":[\"https:\\\/\\\/www.bellunopress.it\\\/2026\\\/07\\\/23\\\/lago-film-fest-entra-nel-vivo-200-registi-e-professionisti-del-settore-al-primo-weekend\\\/\"]}]},{\"@type\":\"ImageObject\",\"inLanguage\":\"fr-FR\",\"@id\":\"https:\\\/\\\/www.bellunopress.it\\\/2026\\\/07\\\/23\\\/lago-film-fest-entra-nel-vivo-200-registi-e-professionisti-del-settore-al-primo-weekend\\\/#primaryimage\",\"url\":\"https:\\\/\\\/www.bellunopress.it\\\/wp-content\\\/uploads\\\/2022\\\/05\\\/Viviana-Carlet-Revine-Lago_edited.jpg\",\"contentUrl\":\"https:\\\/\\\/www.bellunopress.it\\\/wp-content\\\/uploads\\\/2022\\\/05\\\/Viviana-Carlet-Revine-Lago_edited.jpg\",\"width\":1000,\"height\":664,\"caption\":\"Viviana Carlet - Lago Film Fest Revine Lago\"},{\"@type\":\"BreadcrumbList\",\"@id\":\"https:\\\/\\\/www.bellunopress.it\\\/2026\\\/07\\\/23\\\/lago-film-fest-entra-nel-vivo-200-registi-e-professionisti-del-settore-al-primo-weekend\\\/#breadcrumb\",\"itemListElement\":[{\"@type\":\"ListItem\",\"position\":1,\"name\":\"Home\",\"item\":\"https:\\\/\\\/www.bellunopress.it\\\/\"},{\"@type\":\"ListItem\",\"position\":2,\"name\":\"Lago Film Fest entra nel vivo. 200 registi e professionisti del settore al primo weekend\"}]},{\"@type\":\"WebSite\",\"@id\":\"https:\\\/\\\/www.bellunopress.it\\\/#website\",\"url\":\"https:\\\/\\\/www.bellunopress.it\\\/\",\"name\":\"Bellunopress - Dolomiti\",\"description\":\"e-mail: redazione@bellunopress.it\",\"publisher\":{\"@id\":\"https:\\\/\\\/www.bellunopress.it\\\/#organization\"},\"potentialAction\":[{\"@type\":\"SearchAction\",\"target\":{\"@type\":\"EntryPoint\",\"urlTemplate\":\"https:\\\/\\\/www.bellunopress.it\\\/?s={search_term_string}\"},\"query-input\":{\"@type\":\"PropertyValueSpecification\",\"valueRequired\":true,\"valueName\":\"search_term_string\"}}],\"inLanguage\":\"fr-FR\"},{\"@type\":\"Organization\",\"@id\":\"https:\\\/\\\/www.bellunopress.it\\\/#organization\",\"name\":\"Bellunopress\",\"url\":\"https:\\\/\\\/www.bellunopress.it\\\/\",\"logo\":{\"@type\":\"ImageObject\",\"inLanguage\":\"fr-FR\",\"@id\":\"https:\\\/\\\/www.bellunopress.it\\\/#\\\/schema\\\/logo\\\/image\\\/\",\"url\":\"https:\\\/\\\/www.bellunopress.it\\\/wp-content\\\/uploads\\\/2011\\\/05\\\/cropped-logo-bellunopress-.jpg\",\"contentUrl\":\"https:\\\/\\\/www.bellunopress.it\\\/wp-content\\\/uploads\\\/2011\\\/05\\\/cropped-logo-bellunopress-.jpg\",\"width\":512,\"height\":512,\"caption\":\"Bellunopress\"},\"image\":{\"@id\":\"https:\\\/\\\/www.bellunopress.it\\\/#\\\/schema\\\/logo\\\/image\\\/\"},\"sameAs\":[\"https:\\\/\\\/www.facebook.com\\\/profile.php?id=100008943462799\",\"https:\\\/\\\/x.com\\\/bellunopress\",\"https:\\\/\\\/www.linkedin.com\\\/hp\\\/?dnr=JBzUWaJfMUw8vbXJJ2tVW5-I3jZKvC4wsoxE&amp;amp;amp;amp;amp;amp;trk=nav_responsive_tab_home\",\"https:\\\/\\\/www.youtube.com\\\/channel\\\/UCxL0wu1uN0_3_7hGG0306cw\"]},{\"@type\":\"Person\",\"@id\":\"https:\\\/\\\/www.bellunopress.it\\\/#\\\/schema\\\/person\\\/79bb06722b37ece1c03d3e94beb30d73\",\"name\":\"redazione\",\"image\":{\"@type\":\"ImageObject\",\"inLanguage\":\"fr-FR\",\"@id\":\"https:\\\/\\\/secure.gravatar.com\\\/avatar\\\/37d968a2e67a6fd04c169c4bdef102d0bc5d31b2546345219e348575eb80e9a0?s=96&d=mm&r=g\",\"url\":\"https:\\\/\\\/secure.gravatar.com\\\/avatar\\\/37d968a2e67a6fd04c169c4bdef102d0bc5d31b2546345219e348575eb80e9a0?s=96&d=mm&r=g\",\"contentUrl\":\"https:\\\/\\\/secure.gravatar.com\\\/avatar\\\/37d968a2e67a6fd04c169c4bdef102d0bc5d31b2546345219e348575eb80e9a0?s=96&d=mm&r=g\",\"caption\":\"redazione\"},\"sameAs\":[\"http:\\\/\\\/www.bellunopress.it\",\"https:\\\/\\\/x.com\\\/bellunopress\"],\"url\":\"https:\\\/\\\/www.bellunopress.it\\\/fr\\\/author\\\/redazione\\\/\"}]}<\/script>\n<!-- \/ Yoast SEO plugin. -->","yoast_head_json":{"title":"Lago Film Fest entra nel vivo. 200 registi e professionisti del settore al primo weekend - Bellunopress - Dolomiti","robots":{"index":"index","follow":"follow","max-snippet":"max-snippet:-1","max-image-preview":"max-image-preview:large","max-video-preview":"max-video-preview:-1"},"canonical":"https:\/\/www.bellunopress.it\/fr\/2026\/07\/23\/lago-film-fest-entra-nel-vivo-200-registi-e-professionisti-del-settore-al-primo-weekend\/","og_locale":"fr_FR","og_type":"article","og_title":"Lago Film Fest entra nel vivo. 200 registi e professionisti del settore al primo weekend - Bellunopress - Dolomiti","og_description":"Revine Lago (TV), 23 luglio 2026 &#8211; Il meteo incerto non ha scoraggiato il pubblico di Lago Film Fest. La XXII edizione del festival internazionale di cinema indipendente \u00e8 partita con un fine settimana che ha visto migliaia di spettatori raggiungere il piccolo borgo sulle rive del lago (grazie anche alla linea speciale creata in [&hellip;]","og_url":"https:\/\/www.bellunopress.it\/fr\/2026\/07\/23\/lago-film-fest-entra-nel-vivo-200-registi-e-professionisti-del-settore-al-primo-weekend\/","og_site_name":"Bellunopress - Dolomiti","article_publisher":"https:\/\/www.facebook.com\/profile.php?id=100008943462799","article_published_time":"2026-07-23T11:05:21+00:00","og_image":[{"width":1000,"height":664,"url":"https:\/\/www.bellunopress.it\/wp-content\/uploads\/2022\/05\/Viviana-Carlet-Revine-Lago_edited.jpg","type":"image\/jpeg"}],"author":"redazione","twitter_card":"summary_large_image","twitter_creator":"@bellunopress","twitter_site":"@bellunopress","twitter_misc":{"Written by":"redazione","Est. reading time":"5 minutes"},"schema":{"@context":"https:\/\/schema.org","@graph":[{"@type":"Article","@id":"https:\/\/www.bellunopress.it\/2026\/07\/23\/lago-film-fest-entra-nel-vivo-200-registi-e-professionisti-del-settore-al-primo-weekend\/#article","isPartOf":{"@id":"https:\/\/www.bellunopress.it\/2026\/07\/23\/lago-film-fest-entra-nel-vivo-200-registi-e-professionisti-del-settore-al-primo-weekend\/"},"author":{"name":"redazione","@id":"https:\/\/www.bellunopress.it\/#\/schema\/person\/79bb06722b37ece1c03d3e94beb30d73"},"headline":"Lago Film Fest entra nel vivo. 200 registi e professionisti del settore al primo weekend","datePublished":"2026-07-23T11:05:21+00:00","mainEntityOfPage":{"@id":"https:\/\/www.bellunopress.it\/2026\/07\/23\/lago-film-fest-entra-nel-vivo-200-registi-e-professionisti-del-settore-al-primo-weekend\/"},"wordCount":769,"publisher":{"@id":"https:\/\/www.bellunopress.it\/#organization"},"image":{"@id":"https:\/\/www.bellunopress.it\/2026\/07\/23\/lago-film-fest-entra-nel-vivo-200-registi-e-professionisti-del-settore-al-primo-weekend\/#primaryimage"},"thumbnailUrl":"https:\/\/www.bellunopress.it\/wp-content\/uploads\/2022\/05\/Viviana-Carlet-Revine-Lago_edited.jpg","articleSection":["Appuntamenti, Eventi","Arte, Cultura, Spettacoli, Scienza","Pausa Caff\u00e8"],"inLanguage":"fr-FR"},{"@type":"WebPage","@id":"https:\/\/www.bellunopress.it\/2026\/07\/23\/lago-film-fest-entra-nel-vivo-200-registi-e-professionisti-del-settore-al-primo-weekend\/","url":"https:\/\/www.bellunopress.it\/2026\/07\/23\/lago-film-fest-entra-nel-vivo-200-registi-e-professionisti-del-settore-al-primo-weekend\/","name":"Lago Film Fest entra nel vivo. 200 registi e professionisti del settore al primo weekend - Bellunopress - Dolomiti","isPartOf":{"@id":"https:\/\/www.bellunopress.it\/#website"},"primaryImageOfPage":{"@id":"https:\/\/www.bellunopress.it\/2026\/07\/23\/lago-film-fest-entra-nel-vivo-200-registi-e-professionisti-del-settore-al-primo-weekend\/#primaryimage"},"image":{"@id":"https:\/\/www.bellunopress.it\/2026\/07\/23\/lago-film-fest-entra-nel-vivo-200-registi-e-professionisti-del-settore-al-primo-weekend\/#primaryimage"},"thumbnailUrl":"https:\/\/www.bellunopress.it\/wp-content\/uploads\/2022\/05\/Viviana-Carlet-Revine-Lago_edited.jpg","datePublished":"2026-07-23T11:05:21+00:00","breadcrumb":{"@id":"https:\/\/www.bellunopress.it\/2026\/07\/23\/lago-film-fest-entra-nel-vivo-200-registi-e-professionisti-del-settore-al-primo-weekend\/#breadcrumb"},"inLanguage":"fr-FR","potentialAction":[{"@type":"ReadAction","target":["https:\/\/www.bellunopress.it\/2026\/07\/23\/lago-film-fest-entra-nel-vivo-200-registi-e-professionisti-del-settore-al-primo-weekend\/"]}]},{"@type":"ImageObject","inLanguage":"fr-FR","@id":"https:\/\/www.bellunopress.it\/2026\/07\/23\/lago-film-fest-entra-nel-vivo-200-registi-e-professionisti-del-settore-al-primo-weekend\/#primaryimage","url":"https:\/\/www.bellunopress.it\/wp-content\/uploads\/2022\/05\/Viviana-Carlet-Revine-Lago_edited.jpg","contentUrl":"https:\/\/www.bellunopress.it\/wp-content\/uploads\/2022\/05\/Viviana-Carlet-Revine-Lago_edited.jpg","width":1000,"height":664,"caption":"Viviana Carlet - Lago Film Fest Revine Lago"},{"@type":"BreadcrumbList","@id":"https:\/\/www.bellunopress.it\/2026\/07\/23\/lago-film-fest-entra-nel-vivo-200-registi-e-professionisti-del-settore-al-primo-weekend\/#breadcrumb","itemListElement":[{"@type":"ListItem","position":1,"name":"Home","item":"https:\/\/www.bellunopress.it\/"},{"@type":"ListItem","position":2,"name":"Lago Film Fest entra nel vivo. 200 registi e professionisti del settore al primo weekend"}]},{"@type":"WebSite","@id":"https:\/\/www.bellunopress.it\/#website","url":"https:\/\/www.bellunopress.it\/","name":"Bellunopress - Dolomiti","description":"e-mail: redazione@bellunopress.it","publisher":{"@id":"https:\/\/www.bellunopress.it\/#organization"},"potentialAction":[{"@type":"SearchAction","target":{"@type":"EntryPoint","urlTemplate":"https:\/\/www.bellunopress.it\/?s={search_term_string}"},"query-input":{"@type":"PropertyValueSpecification","valueRequired":true,"valueName":"search_term_string"}}],"inLanguage":"fr-FR"},{"@type":"Organization","@id":"https:\/\/www.bellunopress.it\/#organization","name":"Bellunopress","url":"https:\/\/www.bellunopress.it\/","logo":{"@type":"ImageObject","inLanguage":"fr-FR","@id":"https:\/\/www.bellunopress.it\/#\/schema\/logo\/image\/","url":"https:\/\/www.bellunopress.it\/wp-content\/uploads\/2011\/05\/cropped-logo-bellunopress-.jpg","contentUrl":"https:\/\/www.bellunopress.it\/wp-content\/uploads\/2011\/05\/cropped-logo-bellunopress-.jpg","width":512,"height":512,"caption":"Bellunopress"},"image":{"@id":"https:\/\/www.bellunopress.it\/#\/schema\/logo\/image\/"},"sameAs":["https:\/\/www.facebook.com\/profile.php?id=100008943462799","https:\/\/x.com\/bellunopress","https:\/\/www.linkedin.com\/hp\/?dnr=JBzUWaJfMUw8vbXJJ2tVW5-I3jZKvC4wsoxE&amp;amp;amp;amp;amp;amp;trk=nav_responsive_tab_home","https:\/\/www.youtube.com\/channel\/UCxL0wu1uN0_3_7hGG0306cw"]},{"@type":"Person","@id":"https:\/\/www.bellunopress.it\/#\/schema\/person\/79bb06722b37ece1c03d3e94beb30d73","name":"r\u00e9daction","image":{"@type":"ImageObject","inLanguage":"fr-FR","@id":"https:\/\/secure.gravatar.com\/avatar\/37d968a2e67a6fd04c169c4bdef102d0bc5d31b2546345219e348575eb80e9a0?s=96&d=mm&r=g","url":"https:\/\/secure.gravatar.com\/avatar\/37d968a2e67a6fd04c169c4bdef102d0bc5d31b2546345219e348575eb80e9a0?s=96&d=mm&r=g","contentUrl":"https:\/\/secure.gravatar.com\/avatar\/37d968a2e67a6fd04c169c4bdef102d0bc5d31b2546345219e348575eb80e9a0?s=96&d=mm&r=g","caption":"redazione"},"sameAs":["http:\/\/www.bellunopress.it","https:\/\/x.com\/bellunopress"],"url":"https:\/\/www.bellunopress.it\/fr\/author\/redazione\/"}]}},"_links":{"self":[{"href":"https:\/\/www.bellunopress.it\/fr\/wp-json\/wp\/v2\/posts\/172115","targetHints":{"allow":["GET"]}}],"collection":[{"href":"https:\/\/www.bellunopress.it\/fr\/wp-json\/wp\/v2\/posts"}],"about":[{"href":"https:\/\/www.bellunopress.it\/fr\/wp-json\/wp\/v2\/types\/post"}],"author":[{"embeddable":true,"href":"https:\/\/www.bellunopress.it\/fr\/wp-json\/wp\/v2\/users\/2"}],"replies":[{"embeddable":true,"href":"https:\/\/www.bellunopress.it\/fr\/wp-json\/wp\/v2\/comments?post=172115"}],"version-history":[{"count":1,"href":"https:\/\/www.bellunopress.it\/fr\/wp-json\/wp\/v2\/posts\/172115\/revisions"}],"predecessor-version":[{"id":172116,"href":"https:\/\/www.bellunopress.it\/fr\/wp-json\/wp\/v2\/posts\/172115\/revisions\/172116"}],"wp:featuredmedia":[{"embeddable":true,"href":"https:\/\/www.bellunopress.it\/fr\/wp-json\/wp\/v2\/media\/133192"}],"wp:attachment":[{"href":"https:\/\/www.bellunopress.it\/fr\/wp-json\/wp\/v2\/media?parent=172115"}],"wp:term":[{"taxonomy":"category","embeddable":true,"href":"https:\/\/www.bellunopress.it\/fr\/wp-json\/wp\/v2\/categories?post=172115"},{"taxonomy":"post_tag","embeddable":true,"href":"https:\/\/www.bellunopress.it\/fr\/wp-json\/wp\/v2\/tags?post=172115"}],"curies":[{"name":"wp","href":"https:\/\/api.w.org\/{rel}","templated":true}]}}