{"id":172113,"date":"2026-07-23T12:50:19","date_gmt":"2026-07-23T10:50:19","guid":{"rendered":"https:\/\/www.bellunopress.it\/?p=172113"},"modified":"2026-07-23T12:50:19","modified_gmt":"2026-07-23T10:50:19","slug":"feltre-prosegue-la-riqualificazione-dello-stadio-zugni-tauro","status":"publish","type":"post","link":"https:\/\/www.bellunopress.it\/fr\/2026\/07\/23\/feltre-prosegue-la-riqualificazione-dello-stadio-zugni-tauro\/","title":{"rendered":"Feltre. Prosegue la riqualificazione dello stadio Zugni Tauro"},"content":{"rendered":"<p><strong>Affidati i lavori per la nuova palazzina dell\u2019atletica <\/strong><\/p>\n<p>Feltre, 23\/07\/2026 &#8211; Prosegue il percorso di riqualificazione dello stadio comunale Zugni Tauro: affidati nei giorni scorsi i lavori per la demolizione e la ricostruzione dell&#8217;ex edificio spogliatoi, ormai inutilizzato, che lascer\u00e0 spazio a una nuova struttura<br \/>\ndestinata all&#8217;atletica leggera. L&#8217;intervento, del valore complessivo di oltre 240 mila euro, rappresenta un ulteriore tassello del progetto che negli ultimi mesi ha profondamente rinnovato l&#8217;intero impianto sportivo cittadino.<\/p>\n<p>\u201cCon questo nuovo intervento continuiamo a investire sullo Zugni Tauro, dando continuit\u00e0 a un progetto di riqualificazione che ha cambiato volto a uno degli impianti sportivi pi\u00f9 importanti della Citt\u00e0 &#8211; commenta il sindaco Viviana Fusaro -.<br \/>\nDopo gli importanti lavori che hanno consentito di adeguare lo stadio agli standard richiesti dal calcio professionistico, proseguiamo nel percorso di valorizzazione dell&#8217;intero complesso con un&#8217;opera dedicata all&#8217;atletica leggera, migliorando servizi e funzionalit\u00e0 per tutte le realt\u00e0 sportive che ogni giorno vivono questo impianto\u201d.<\/p>\n<p>IL PROGETTO<br \/>\nL&#8217;edificio esistente, realizzato negli anni Sessanta e ormai in stato di abbandono, sar\u00e0 completamente demolito e ricostruito. Al suo posto sorger\u00e0 una nuova palazzina progettata per rispondere alle esigenze dell&#8217;atletica leggera, con un ampio deposito per le attrezzature sportive, dotato di doppio accesso, nuovi servizi igienici separati per uomini e donne, uno dei quali<br \/>\naccessibile alle persone con disabilit\u00e0, e un portico destinato al ricovero dei mezzi utilizzati per la manutenzione dell&#8217;impianto.<br \/>\nL&#8217;intervento comprender\u00e0 anche la realizzazione di un nuovo accesso carrabile da via Venture, che consentir\u00e0 ai mezzi di raggiungere l&#8217;area senza attraversare la pista di atletica, il rifacimento del marciapiede lungo la strada, una nuova rampa carrabile e un collegamento diretto con la pista. Saranno inoltre completamente rinnovati gli impianti elettrici e idrotermosanitari e sistemate le aree esterne.<\/p>\n<p>\u201cNon si tratta semplicemente di sostituire un edificio ormai obsoleto &#8211; sottolinea l&#8217;assessore allo Sport Maurizio Zatta -. Con questa nuova struttura mettiamo a disposizione dell&#8217;atletica spazi finalmente adeguati alle esigenze delle societ\u00e0 e degli atleti. Lo Zugni Tauro sta diventando sempre pi\u00f9 un impianto polifunzionale, capace di rispondere alle necessit\u00e0 del calcio,<br \/>\ndell&#8217;atletica e dello sport cittadino nel suo complesso. \u00c8 un percorso che stiamo portando avanti passo dopo passo e che guarda al futuro dello sport feltrino\u201d.<\/p>\n<p>L&#8217;intervento si inserisce infatti nel pi\u00f9 ampio progetto di riqualificazione dello Zugni Tauro, concluso nei mesi scorsi, che ha interessato il rifacimento dell&#8217;illuminazione a LED, l&#8217;adeguamento del terreno di gioco agli standard della Serie C, la riqualificazione delle tribune, i nuovi impianti tecnologici, la videosorveglianza, gli impianti di sicurezza e la riorganizzazione complessiva degli accessi, restituendo alla citt\u00e0 uno stadio moderno, pi\u00f9 efficiente e pienamente fruibile anche per altre discipline sportive.<\/p>","protected":false},"excerpt":{"rendered":"<p>Affidati i lavori per la nuova palazzina dell\u2019atletica Feltre, 23\/07\/2026 &#8211; Prosegue il percorso di riqualificazione dello stadio comunale Zugni Tauro: affidati nei giorni scorsi i lavori per la demolizione e la ricostruzione dell&#8217;ex edificio spogliatoi, ormai inutilizzato, che lascer\u00e0 spazio a una nuova struttura destinata all&#8217;atletica leggera. L&#8217;intervento, del valore complessivo di oltre 240 [&hellip;]<\/p>\n","protected":false},"author":2,"featured_media":169486,"comment_status":"closed","ping_status":"open","sticky":false,"template":"","format":"standard","meta":{"footnotes":""},"categories":[26,8],"tags":[],"class_list":["post-172113","post","type-post","status-publish","format-standard","has-post-thumbnail","category-prima-pagina","category-societa-istituzioni"],"yoast_head":"<!-- This site is optimized with the Yoast SEO plugin v28.4 - https:\/\/yoast.com\/product\/yoast-seo-wordpress\/ -->\n<title>Feltre. Prosegue la riqualificazione dello stadio Zugni Tauro - Bellunopress - Dolomiti<\/title>\n<meta name=\"robots\" content=\"index, follow, max-snippet:-1, max-image-preview:large, max-video-preview:-1\" \/>\n<link rel=\"canonical\" href=\"https:\/\/www.bellunopress.it\/fr\/2026\/07\/23\/feltre-prosegue-la-riqualificazione-dello-stadio-zugni-tauro\/\" \/>\n<meta property=\"og:locale\" content=\"fr_FR\" \/>\n<meta property=\"og:type\" content=\"article\" \/>\n<meta property=\"og:title\" content=\"Feltre. Prosegue la riqualificazione dello stadio Zugni Tauro - Bellunopress - Dolomiti\" \/>\n<meta property=\"og:description\" content=\"Affidati i lavori per la nuova palazzina dell\u2019atletica Feltre, 23\/07\/2026 &#8211; Prosegue il percorso di riqualificazione dello stadio comunale Zugni Tauro: affidati nei giorni scorsi i lavori per la demolizione e la ricostruzione dell&#8217;ex edificio spogliatoi, ormai inutilizzato, che lascer\u00e0 spazio a una nuova struttura destinata all&#8217;atletica leggera. L&#8217;intervento, del valore complessivo di oltre 240 [&hellip;]\" \/>\n<meta property=\"og:url\" content=\"https:\/\/www.bellunopress.it\/fr\/2026\/07\/23\/feltre-prosegue-la-riqualificazione-dello-stadio-zugni-tauro\/\" \/>\n<meta property=\"og:site_name\" content=\"Bellunopress - Dolomiti\" \/>\n<meta property=\"article:publisher\" content=\"https:\/\/www.facebook.com\/profile.php?id=100008943462799\" \/>\n<meta property=\"article:published_time\" content=\"2026-07-23T10:50:19+00:00\" \/>\n<meta property=\"og:image\" content=\"https:\/\/www.bellunopress.it\/wp-content\/uploads\/2026\/04\/Ex-spogliatoi-stadio-Zugni-Tauro-Feltre.jpeg\" \/>\n\t<meta property=\"og:image:width\" content=\"600\" \/>\n\t<meta property=\"og:image:height\" content=\"337\" \/>\n\t<meta property=\"og:image:type\" content=\"image\/jpeg\" \/>\n<meta name=\"author\" content=\"redazione\" \/>\n<meta name=\"twitter:card\" content=\"summary_large_image\" \/>\n<meta name=\"twitter:creator\" content=\"@bellunopress\" \/>\n<meta name=\"twitter:site\" content=\"@bellunopress\" \/>\n<meta name=\"twitter:label1\" content=\"Written by\" \/>\n\t<meta name=\"twitter:data1\" content=\"redazione\" \/>\n\t<meta name=\"twitter:label2\" content=\"Est. reading time\" \/>\n\t<meta name=\"twitter:data2\" content=\"3 minutes\" \/>\n<script type=\"application\/ld+json\" class=\"yoast-schema-graph\">{\"@context\":\"https:\\\/\\\/schema.org\",\"@graph\":[{\"@type\":\"Article\",\"@id\":\"https:\\\/\\\/www.bellunopress.it\\\/2026\\\/07\\\/23\\\/feltre-prosegue-la-riqualificazione-dello-stadio-zugni-tauro\\\/#article\",\"isPartOf\":{\"@id\":\"https:\\\/\\\/www.bellunopress.it\\\/2026\\\/07\\\/23\\\/feltre-prosegue-la-riqualificazione-dello-stadio-zugni-tauro\\\/\"},\"author\":{\"name\":\"redazione\",\"@id\":\"https:\\\/\\\/www.bellunopress.it\\\/#\\\/schema\\\/person\\\/79bb06722b37ece1c03d3e94beb30d73\"},\"headline\":\"Feltre. Prosegue la riqualificazione dello stadio Zugni Tauro\",\"datePublished\":\"2026-07-23T10:50:19+00:00\",\"mainEntityOfPage\":{\"@id\":\"https:\\\/\\\/www.bellunopress.it\\\/2026\\\/07\\\/23\\\/feltre-prosegue-la-riqualificazione-dello-stadio-zugni-tauro\\\/\"},\"wordCount\":461,\"publisher\":{\"@id\":\"https:\\\/\\\/www.bellunopress.it\\\/#organization\"},\"image\":{\"@id\":\"https:\\\/\\\/www.bellunopress.it\\\/2026\\\/07\\\/23\\\/feltre-prosegue-la-riqualificazione-dello-stadio-zugni-tauro\\\/#primaryimage\"},\"thumbnailUrl\":\"https:\\\/\\\/www.bellunopress.it\\\/wp-content\\\/uploads\\\/2026\\\/04\\\/Ex-spogliatoi-stadio-Zugni-Tauro-Feltre.jpeg\",\"articleSection\":[\"Prima Pagina\",\"Societ\u00e0, Associazioni, Istituzioni\"],\"inLanguage\":\"fr-FR\"},{\"@type\":\"WebPage\",\"@id\":\"https:\\\/\\\/www.bellunopress.it\\\/2026\\\/07\\\/23\\\/feltre-prosegue-la-riqualificazione-dello-stadio-zugni-tauro\\\/\",\"url\":\"https:\\\/\\\/www.bellunopress.it\\\/2026\\\/07\\\/23\\\/feltre-prosegue-la-riqualificazione-dello-stadio-zugni-tauro\\\/\",\"name\":\"Feltre. Prosegue la riqualificazione dello stadio Zugni Tauro - Bellunopress - Dolomiti\",\"isPartOf\":{\"@id\":\"https:\\\/\\\/www.bellunopress.it\\\/#website\"},\"primaryImageOfPage\":{\"@id\":\"https:\\\/\\\/www.bellunopress.it\\\/2026\\\/07\\\/23\\\/feltre-prosegue-la-riqualificazione-dello-stadio-zugni-tauro\\\/#primaryimage\"},\"image\":{\"@id\":\"https:\\\/\\\/www.bellunopress.it\\\/2026\\\/07\\\/23\\\/feltre-prosegue-la-riqualificazione-dello-stadio-zugni-tauro\\\/#primaryimage\"},\"thumbnailUrl\":\"https:\\\/\\\/www.bellunopress.it\\\/wp-content\\\/uploads\\\/2026\\\/04\\\/Ex-spogliatoi-stadio-Zugni-Tauro-Feltre.jpeg\",\"datePublished\":\"2026-07-23T10:50:19+00:00\",\"breadcrumb\":{\"@id\":\"https:\\\/\\\/www.bellunopress.it\\\/2026\\\/07\\\/23\\\/feltre-prosegue-la-riqualificazione-dello-stadio-zugni-tauro\\\/#breadcrumb\"},\"inLanguage\":\"fr-FR\",\"potentialAction\":[{\"@type\":\"ReadAction\",\"target\":[\"https:\\\/\\\/www.bellunopress.it\\\/2026\\\/07\\\/23\\\/feltre-prosegue-la-riqualificazione-dello-stadio-zugni-tauro\\\/\"]}]},{\"@type\":\"ImageObject\",\"inLanguage\":\"fr-FR\",\"@id\":\"https:\\\/\\\/www.bellunopress.it\\\/2026\\\/07\\\/23\\\/feltre-prosegue-la-riqualificazione-dello-stadio-zugni-tauro\\\/#primaryimage\",\"url\":\"https:\\\/\\\/www.bellunopress.it\\\/wp-content\\\/uploads\\\/2026\\\/04\\\/Ex-spogliatoi-stadio-Zugni-Tauro-Feltre.jpeg\",\"contentUrl\":\"https:\\\/\\\/www.bellunopress.it\\\/wp-content\\\/uploads\\\/2026\\\/04\\\/Ex-spogliatoi-stadio-Zugni-Tauro-Feltre.jpeg\",\"width\":600,\"height\":337,\"caption\":\"Stato attuale degli spogliatoi dello stadio Zugni Tauro a Feltre\"},{\"@type\":\"BreadcrumbList\",\"@id\":\"https:\\\/\\\/www.bellunopress.it\\\/2026\\\/07\\\/23\\\/feltre-prosegue-la-riqualificazione-dello-stadio-zugni-tauro\\\/#breadcrumb\",\"itemListElement\":[{\"@type\":\"ListItem\",\"position\":1,\"name\":\"Home\",\"item\":\"https:\\\/\\\/www.bellunopress.it\\\/\"},{\"@type\":\"ListItem\",\"position\":2,\"name\":\"Feltre. Prosegue la riqualificazione dello stadio Zugni Tauro\"}]},{\"@type\":\"WebSite\",\"@id\":\"https:\\\/\\\/www.bellunopress.it\\\/#website\",\"url\":\"https:\\\/\\\/www.bellunopress.it\\\/\",\"name\":\"Bellunopress - Dolomiti\",\"description\":\"e-mail: redazione@bellunopress.it\",\"publisher\":{\"@id\":\"https:\\\/\\\/www.bellunopress.it\\\/#organization\"},\"potentialAction\":[{\"@type\":\"SearchAction\",\"target\":{\"@type\":\"EntryPoint\",\"urlTemplate\":\"https:\\\/\\\/www.bellunopress.it\\\/?s={search_term_string}\"},\"query-input\":{\"@type\":\"PropertyValueSpecification\",\"valueRequired\":true,\"valueName\":\"search_term_string\"}}],\"inLanguage\":\"fr-FR\"},{\"@type\":\"Organization\",\"@id\":\"https:\\\/\\\/www.bellunopress.it\\\/#organization\",\"name\":\"Bellunopress\",\"url\":\"https:\\\/\\\/www.bellunopress.it\\\/\",\"logo\":{\"@type\":\"ImageObject\",\"inLanguage\":\"fr-FR\",\"@id\":\"https:\\\/\\\/www.bellunopress.it\\\/#\\\/schema\\\/logo\\\/image\\\/\",\"url\":\"https:\\\/\\\/www.bellunopress.it\\\/wp-content\\\/uploads\\\/2011\\\/05\\\/cropped-logo-bellunopress-.jpg\",\"contentUrl\":\"https:\\\/\\\/www.bellunopress.it\\\/wp-content\\\/uploads\\\/2011\\\/05\\\/cropped-logo-bellunopress-.jpg\",\"width\":512,\"height\":512,\"caption\":\"Bellunopress\"},\"image\":{\"@id\":\"https:\\\/\\\/www.bellunopress.it\\\/#\\\/schema\\\/logo\\\/image\\\/\"},\"sameAs\":[\"https:\\\/\\\/www.facebook.com\\\/profile.php?id=100008943462799\",\"https:\\\/\\\/x.com\\\/bellunopress\",\"https:\\\/\\\/www.linkedin.com\\\/hp\\\/?dnr=JBzUWaJfMUw8vbXJJ2tVW5-I3jZKvC4wsoxE&amp;amp;amp;amp;amp;amp;trk=nav_responsive_tab_home\",\"https:\\\/\\\/www.youtube.com\\\/channel\\\/UCxL0wu1uN0_3_7hGG0306cw\"]},{\"@type\":\"Person\",\"@id\":\"https:\\\/\\\/www.bellunopress.it\\\/#\\\/schema\\\/person\\\/79bb06722b37ece1c03d3e94beb30d73\",\"name\":\"redazione\",\"image\":{\"@type\":\"ImageObject\",\"inLanguage\":\"fr-FR\",\"@id\":\"https:\\\/\\\/secure.gravatar.com\\\/avatar\\\/37d968a2e67a6fd04c169c4bdef102d0bc5d31b2546345219e348575eb80e9a0?s=96&d=mm&r=g\",\"url\":\"https:\\\/\\\/secure.gravatar.com\\\/avatar\\\/37d968a2e67a6fd04c169c4bdef102d0bc5d31b2546345219e348575eb80e9a0?s=96&d=mm&r=g\",\"contentUrl\":\"https:\\\/\\\/secure.gravatar.com\\\/avatar\\\/37d968a2e67a6fd04c169c4bdef102d0bc5d31b2546345219e348575eb80e9a0?s=96&d=mm&r=g\",\"caption\":\"redazione\"},\"sameAs\":[\"http:\\\/\\\/www.bellunopress.it\",\"https:\\\/\\\/x.com\\\/bellunopress\"],\"url\":\"https:\\\/\\\/www.bellunopress.it\\\/fr\\\/author\\\/redazione\\\/\"}]}<\/script>\n<!-- \/ Yoast SEO plugin. -->","yoast_head_json":{"title":"Feltre. Prosegue la riqualificazione dello stadio Zugni Tauro - Bellunopress - Dolomiti","robots":{"index":"index","follow":"follow","max-snippet":"max-snippet:-1","max-image-preview":"max-image-preview:large","max-video-preview":"max-video-preview:-1"},"canonical":"https:\/\/www.bellunopress.it\/fr\/2026\/07\/23\/feltre-prosegue-la-riqualificazione-dello-stadio-zugni-tauro\/","og_locale":"fr_FR","og_type":"article","og_title":"Feltre. Prosegue la riqualificazione dello stadio Zugni Tauro - Bellunopress - Dolomiti","og_description":"Affidati i lavori per la nuova palazzina dell\u2019atletica Feltre, 23\/07\/2026 &#8211; Prosegue il percorso di riqualificazione dello stadio comunale Zugni Tauro: affidati nei giorni scorsi i lavori per la demolizione e la ricostruzione dell&#8217;ex edificio spogliatoi, ormai inutilizzato, che lascer\u00e0 spazio a una nuova struttura destinata all&#8217;atletica leggera. L&#8217;intervento, del valore complessivo di oltre 240 [&hellip;]","og_url":"https:\/\/www.bellunopress.it\/fr\/2026\/07\/23\/feltre-prosegue-la-riqualificazione-dello-stadio-zugni-tauro\/","og_site_name":"Bellunopress - Dolomiti","article_publisher":"https:\/\/www.facebook.com\/profile.php?id=100008943462799","article_published_time":"2026-07-23T10:50:19+00:00","og_image":[{"width":600,"height":337,"url":"https:\/\/www.bellunopress.it\/wp-content\/uploads\/2026\/04\/Ex-spogliatoi-stadio-Zugni-Tauro-Feltre.jpeg","type":"image\/jpeg"}],"author":"redazione","twitter_card":"summary_large_image","twitter_creator":"@bellunopress","twitter_site":"@bellunopress","twitter_misc":{"Written by":"redazione","Est. reading time":"3 minutes"},"schema":{"@context":"https:\/\/schema.org","@graph":[{"@type":"Article","@id":"https:\/\/www.bellunopress.it\/2026\/07\/23\/feltre-prosegue-la-riqualificazione-dello-stadio-zugni-tauro\/#article","isPartOf":{"@id":"https:\/\/www.bellunopress.it\/2026\/07\/23\/feltre-prosegue-la-riqualificazione-dello-stadio-zugni-tauro\/"},"author":{"name":"redazione","@id":"https:\/\/www.bellunopress.it\/#\/schema\/person\/79bb06722b37ece1c03d3e94beb30d73"},"headline":"Feltre. Prosegue la riqualificazione dello stadio Zugni Tauro","datePublished":"2026-07-23T10:50:19+00:00","mainEntityOfPage":{"@id":"https:\/\/www.bellunopress.it\/2026\/07\/23\/feltre-prosegue-la-riqualificazione-dello-stadio-zugni-tauro\/"},"wordCount":461,"publisher":{"@id":"https:\/\/www.bellunopress.it\/#organization"},"image":{"@id":"https:\/\/www.bellunopress.it\/2026\/07\/23\/feltre-prosegue-la-riqualificazione-dello-stadio-zugni-tauro\/#primaryimage"},"thumbnailUrl":"https:\/\/www.bellunopress.it\/wp-content\/uploads\/2026\/04\/Ex-spogliatoi-stadio-Zugni-Tauro-Feltre.jpeg","articleSection":["Prima Pagina","Societ\u00e0, Associazioni, Istituzioni"],"inLanguage":"fr-FR"},{"@type":"WebPage","@id":"https:\/\/www.bellunopress.it\/2026\/07\/23\/feltre-prosegue-la-riqualificazione-dello-stadio-zugni-tauro\/","url":"https:\/\/www.bellunopress.it\/2026\/07\/23\/feltre-prosegue-la-riqualificazione-dello-stadio-zugni-tauro\/","name":"Feltre. Prosegue la riqualificazione dello stadio Zugni Tauro - Bellunopress - Dolomiti","isPartOf":{"@id":"https:\/\/www.bellunopress.it\/#website"},"primaryImageOfPage":{"@id":"https:\/\/www.bellunopress.it\/2026\/07\/23\/feltre-prosegue-la-riqualificazione-dello-stadio-zugni-tauro\/#primaryimage"},"image":{"@id":"https:\/\/www.bellunopress.it\/2026\/07\/23\/feltre-prosegue-la-riqualificazione-dello-stadio-zugni-tauro\/#primaryimage"},"thumbnailUrl":"https:\/\/www.bellunopress.it\/wp-content\/uploads\/2026\/04\/Ex-spogliatoi-stadio-Zugni-Tauro-Feltre.jpeg","datePublished":"2026-07-23T10:50:19+00:00","breadcrumb":{"@id":"https:\/\/www.bellunopress.it\/2026\/07\/23\/feltre-prosegue-la-riqualificazione-dello-stadio-zugni-tauro\/#breadcrumb"},"inLanguage":"fr-FR","potentialAction":[{"@type":"ReadAction","target":["https:\/\/www.bellunopress.it\/2026\/07\/23\/feltre-prosegue-la-riqualificazione-dello-stadio-zugni-tauro\/"]}]},{"@type":"ImageObject","inLanguage":"fr-FR","@id":"https:\/\/www.bellunopress.it\/2026\/07\/23\/feltre-prosegue-la-riqualificazione-dello-stadio-zugni-tauro\/#primaryimage","url":"https:\/\/www.bellunopress.it\/wp-content\/uploads\/2026\/04\/Ex-spogliatoi-stadio-Zugni-Tauro-Feltre.jpeg","contentUrl":"https:\/\/www.bellunopress.it\/wp-content\/uploads\/2026\/04\/Ex-spogliatoi-stadio-Zugni-Tauro-Feltre.jpeg","width":600,"height":337,"caption":"Stato attuale degli spogliatoi dello stadio Zugni Tauro a Feltre"},{"@type":"BreadcrumbList","@id":"https:\/\/www.bellunopress.it\/2026\/07\/23\/feltre-prosegue-la-riqualificazione-dello-stadio-zugni-tauro\/#breadcrumb","itemListElement":[{"@type":"ListItem","position":1,"name":"Home","item":"https:\/\/www.bellunopress.it\/"},{"@type":"ListItem","position":2,"name":"Feltre. Prosegue la riqualificazione dello stadio Zugni Tauro"}]},{"@type":"WebSite","@id":"https:\/\/www.bellunopress.it\/#website","url":"https:\/\/www.bellunopress.it\/","name":"Bellunopress - Dolomiti","description":"e-mail: redazione@bellunopress.it","publisher":{"@id":"https:\/\/www.bellunopress.it\/#organization"},"potentialAction":[{"@type":"SearchAction","target":{"@type":"EntryPoint","urlTemplate":"https:\/\/www.bellunopress.it\/?s={search_term_string}"},"query-input":{"@type":"PropertyValueSpecification","valueRequired":true,"valueName":"search_term_string"}}],"inLanguage":"fr-FR"},{"@type":"Organization","@id":"https:\/\/www.bellunopress.it\/#organization","name":"Bellunopress","url":"https:\/\/www.bellunopress.it\/","logo":{"@type":"ImageObject","inLanguage":"fr-FR","@id":"https:\/\/www.bellunopress.it\/#\/schema\/logo\/image\/","url":"https:\/\/www.bellunopress.it\/wp-content\/uploads\/2011\/05\/cropped-logo-bellunopress-.jpg","contentUrl":"https:\/\/www.bellunopress.it\/wp-content\/uploads\/2011\/05\/cropped-logo-bellunopress-.jpg","width":512,"height":512,"caption":"Bellunopress"},"image":{"@id":"https:\/\/www.bellunopress.it\/#\/schema\/logo\/image\/"},"sameAs":["https:\/\/www.facebook.com\/profile.php?id=100008943462799","https:\/\/x.com\/bellunopress","https:\/\/www.linkedin.com\/hp\/?dnr=JBzUWaJfMUw8vbXJJ2tVW5-I3jZKvC4wsoxE&amp;amp;amp;amp;amp;amp;trk=nav_responsive_tab_home","https:\/\/www.youtube.com\/channel\/UCxL0wu1uN0_3_7hGG0306cw"]},{"@type":"Person","@id":"https:\/\/www.bellunopress.it\/#\/schema\/person\/79bb06722b37ece1c03d3e94beb30d73","name":"r\u00e9daction","image":{"@type":"ImageObject","inLanguage":"fr-FR","@id":"https:\/\/secure.gravatar.com\/avatar\/37d968a2e67a6fd04c169c4bdef102d0bc5d31b2546345219e348575eb80e9a0?s=96&d=mm&r=g","url":"https:\/\/secure.gravatar.com\/avatar\/37d968a2e67a6fd04c169c4bdef102d0bc5d31b2546345219e348575eb80e9a0?s=96&d=mm&r=g","contentUrl":"https:\/\/secure.gravatar.com\/avatar\/37d968a2e67a6fd04c169c4bdef102d0bc5d31b2546345219e348575eb80e9a0?s=96&d=mm&r=g","caption":"redazione"},"sameAs":["http:\/\/www.bellunopress.it","https:\/\/x.com\/bellunopress"],"url":"https:\/\/www.bellunopress.it\/fr\/author\/redazione\/"}]}},"_links":{"self":[{"href":"https:\/\/www.bellunopress.it\/fr\/wp-json\/wp\/v2\/posts\/172113","targetHints":{"allow":["GET"]}}],"collection":[{"href":"https:\/\/www.bellunopress.it\/fr\/wp-json\/wp\/v2\/posts"}],"about":[{"href":"https:\/\/www.bellunopress.it\/fr\/wp-json\/wp\/v2\/types\/post"}],"author":[{"embeddable":true,"href":"https:\/\/www.bellunopress.it\/fr\/wp-json\/wp\/v2\/users\/2"}],"replies":[{"embeddable":true,"href":"https:\/\/www.bellunopress.it\/fr\/wp-json\/wp\/v2\/comments?post=172113"}],"version-history":[{"count":1,"href":"https:\/\/www.bellunopress.it\/fr\/wp-json\/wp\/v2\/posts\/172113\/revisions"}],"predecessor-version":[{"id":172114,"href":"https:\/\/www.bellunopress.it\/fr\/wp-json\/wp\/v2\/posts\/172113\/revisions\/172114"}],"wp:featuredmedia":[{"embeddable":true,"href":"https:\/\/www.bellunopress.it\/fr\/wp-json\/wp\/v2\/media\/169486"}],"wp:attachment":[{"href":"https:\/\/www.bellunopress.it\/fr\/wp-json\/wp\/v2\/media?parent=172113"}],"wp:term":[{"taxonomy":"category","embeddable":true,"href":"https:\/\/www.bellunopress.it\/fr\/wp-json\/wp\/v2\/categories?post=172113"},{"taxonomy":"post_tag","embeddable":true,"href":"https:\/\/www.bellunopress.it\/fr\/wp-json\/wp\/v2\/tags?post=172113"}],"curies":[{"name":"wp","href":"https:\/\/api.w.org\/{rel}","templated":true}]}}