{"id":172101,"date":"2026-07-22T16:54:36","date_gmt":"2026-07-22T14:54:36","guid":{"rendered":"https:\/\/www.bellunopress.it\/?p=172101"},"modified":"2026-07-22T16:54:36","modified_gmt":"2026-07-22T14:54:36","slug":"melisposi-i-grandi-maestri-dellillustrazione-internazionale-e-i-promessi-sposi-a-trichiana","status":"publish","type":"post","link":"https:\/\/www.bellunopress.it\/fr\/2026\/07\/22\/melisposi-i-grandi-maestri-dellillustrazione-internazionale-e-i-promessi-sposi-a-trichiana\/","title":{"rendered":"Melisposi: I Grandi Maestri dell&#8217;Illustrazione Internazionale e i Promessi Sposi a Trichiana"},"content":{"rendered":"<p><strong>Tra avanguardia visiva e capolavori letterari: 24 artisti in mostra per la 12ma edizione di Mel\u2019Immagino<\/strong><\/p>\n<p>Si terr\u00e0 sabato 25 luglio alle ore 17 a Trichiana nello spazio espositivo dell\u2019Associazione culturale \u201cCivicaMente APS Associazione di idee\u201d in via Saubens 2 (vicino al Bar La Dolce Vita) la 12ma edizione di Mel\u2019Immagino, Festival dell\u2019illustrazione. Che quest\u2019anno sceglie un tema d\u2019eccezione, i Promessi sposi del Manzoni, con titolo della rassegna: \u201cMelisposi\u201d.<\/p>\n<p>La mostra promette di essere un viaggio suggestivo tra le pagine del capolavoro manzoniano, reinterpretate dalla mano di 24 artisti, tra cui spiccano nomi che hanno fatto la storia della comunicazione visiva internazionale. Tra i protagonisti: Oscar Grillo, Libero Gozzini, Michel Fuzellier. Professionisti che, negli anni &#8217;60, hanno definito l&#8217;avanguardia pubblicitaria, lavorando con una manualit\u00e0 ed inventiva rare in un&#8217;epoca precedente all&#8217;avvento del digitale.<\/p>\n<p>Nato da un\u2019idea di Rosy Tes\u00e8 e Claudio Rossi, il festival ha consolidato negli anni una fama che va oltre i confini locali, attirando talenti dal mondo del cinema d\u2019animazione milanese e dell&#8217;advertising di alto livello, mescolandoli sapientemente con i talenti del territorio bellunese.<br \/>\nQuesta edizione a Trichiana non \u00e8 solo un omaggio letterario, ma un&#8217;opportunit\u00e0 unica per ammirare il lavoro di giganti dell&#8217;illustrazione.<br \/>\nLa mostra sar\u00e0 visitabile con i seguenti orari: mercoled\u00ec (10-12); venerd\u00ec (16-18); sabato (10-12 e<br \/>\n16-18); domenica (10-12)<\/p>\n<p>Tutti i nomi degli artisti che hanno aderito: Oscar Grillo,Michel Fuzellier, Libero Gozzini, Mario Addis,Riky Mazzoli, Matteo Gubellini,Giulio Peranzoni, Giorgio Valentini, Cinzia Battistel,Sonia Luzzatto,Walter Bernardi, Marco Bellotto, Fausto Tormen, Francesca Ferrarese, Barbara Brancher, Cristiano Marcer, Monica Golfetto, Dunio Piccolin, Alex Businaro, Daco Costantin, Margarita Fjodorova, Barbara Marion, Rosy Tes\u00e8, Claudio Rossi<\/p>","protected":false},"excerpt":{"rendered":"<p>Tra avanguardia visiva e capolavori letterari: 24 artisti in mostra per la 12ma edizione di Mel\u2019Immagino Si terr\u00e0 sabato 25 luglio alle ore 17 a Trichiana nello spazio espositivo dell\u2019Associazione culturale \u201cCivicaMente APS Associazione di idee\u201d in via Saubens 2 (vicino al Bar La Dolce Vita) la 12ma edizione di Mel\u2019Immagino, Festival dell\u2019illustrazione. Che quest\u2019anno [&hellip;]<\/p>\n","protected":false},"author":2,"featured_media":172102,"comment_status":"closed","ping_status":"open","sticky":false,"template":"","format":"standard","meta":{"footnotes":""},"categories":[27,3,25],"tags":[],"class_list":["post-172101","post","type-post","status-publish","format-standard","has-post-thumbnail","category-appuntamenti","category-arte-cultura-spettacoli-scienza-archivi","category-pausa-caffe"],"yoast_head":"<!-- This site is optimized with the Yoast SEO plugin v28.4 - https:\/\/yoast.com\/product\/yoast-seo-wordpress\/ -->\n<title>Melisposi: I Grandi Maestri dell&#039;Illustrazione Internazionale e i Promessi Sposi a Trichiana - Bellunopress - Dolomiti<\/title>\n<meta name=\"robots\" content=\"index, follow, max-snippet:-1, max-image-preview:large, max-video-preview:-1\" \/>\n<link rel=\"canonical\" href=\"https:\/\/www.bellunopress.it\/fr\/2026\/07\/22\/melisposi-i-grandi-maestri-dellillustrazione-internazionale-e-i-promessi-sposi-a-trichiana\/\" \/>\n<meta property=\"og:locale\" content=\"fr_FR\" \/>\n<meta property=\"og:type\" content=\"article\" \/>\n<meta property=\"og:title\" content=\"Melisposi: I Grandi Maestri dell&#039;Illustrazione Internazionale e i Promessi Sposi a Trichiana - Bellunopress - Dolomiti\" \/>\n<meta property=\"og:description\" content=\"Tra avanguardia visiva e capolavori letterari: 24 artisti in mostra per la 12ma edizione di Mel\u2019Immagino Si terr\u00e0 sabato 25 luglio alle ore 17 a Trichiana nello spazio espositivo dell\u2019Associazione culturale \u201cCivicaMente APS Associazione di idee\u201d in via Saubens 2 (vicino al Bar La Dolce Vita) la 12ma edizione di Mel\u2019Immagino, Festival dell\u2019illustrazione. Che quest\u2019anno [&hellip;]\" \/>\n<meta property=\"og:url\" content=\"https:\/\/www.bellunopress.it\/fr\/2026\/07\/22\/melisposi-i-grandi-maestri-dellillustrazione-internazionale-e-i-promessi-sposi-a-trichiana\/\" \/>\n<meta property=\"og:site_name\" content=\"Bellunopress - Dolomiti\" \/>\n<meta property=\"article:publisher\" content=\"https:\/\/www.facebook.com\/profile.php?id=100008943462799\" \/>\n<meta property=\"article:published_time\" content=\"2026-07-22T14:54:36+00:00\" \/>\n<meta property=\"og:image\" content=\"https:\/\/www.bellunopress.it\/wp-content\/uploads\/2026\/07\/mostra-illustrazioni-Rosy-25-luglio.jpg\" \/>\n\t<meta property=\"og:image:width\" content=\"509\" \/>\n\t<meta property=\"og:image:height\" content=\"720\" \/>\n\t<meta property=\"og:image:type\" content=\"image\/jpeg\" \/>\n<meta name=\"author\" content=\"redazione\" \/>\n<meta name=\"twitter:card\" content=\"summary_large_image\" \/>\n<meta name=\"twitter:creator\" content=\"@bellunopress\" \/>\n<meta name=\"twitter:site\" content=\"@bellunopress\" \/>\n<meta name=\"twitter:label1\" content=\"Written by\" \/>\n\t<meta name=\"twitter:data1\" content=\"redazione\" \/>\n\t<meta name=\"twitter:label2\" content=\"Est. reading time\" \/>\n\t<meta name=\"twitter:data2\" content=\"2 minutes\" \/>\n<script type=\"application\/ld+json\" class=\"yoast-schema-graph\">{\"@context\":\"https:\\\/\\\/schema.org\",\"@graph\":[{\"@type\":\"Article\",\"@id\":\"https:\\\/\\\/www.bellunopress.it\\\/2026\\\/07\\\/22\\\/melisposi-i-grandi-maestri-dellillustrazione-internazionale-e-i-promessi-sposi-a-trichiana\\\/#article\",\"isPartOf\":{\"@id\":\"https:\\\/\\\/www.bellunopress.it\\\/2026\\\/07\\\/22\\\/melisposi-i-grandi-maestri-dellillustrazione-internazionale-e-i-promessi-sposi-a-trichiana\\\/\"},\"author\":{\"name\":\"redazione\",\"@id\":\"https:\\\/\\\/www.bellunopress.it\\\/#\\\/schema\\\/person\\\/79bb06722b37ece1c03d3e94beb30d73\"},\"headline\":\"Melisposi: I Grandi Maestri dell&#8217;Illustrazione Internazionale e i Promessi Sposi a Trichiana\",\"datePublished\":\"2026-07-22T14:54:36+00:00\",\"mainEntityOfPage\":{\"@id\":\"https:\\\/\\\/www.bellunopress.it\\\/2026\\\/07\\\/22\\\/melisposi-i-grandi-maestri-dellillustrazione-internazionale-e-i-promessi-sposi-a-trichiana\\\/\"},\"wordCount\":291,\"publisher\":{\"@id\":\"https:\\\/\\\/www.bellunopress.it\\\/#organization\"},\"image\":{\"@id\":\"https:\\\/\\\/www.bellunopress.it\\\/2026\\\/07\\\/22\\\/melisposi-i-grandi-maestri-dellillustrazione-internazionale-e-i-promessi-sposi-a-trichiana\\\/#primaryimage\"},\"thumbnailUrl\":\"https:\\\/\\\/www.bellunopress.it\\\/wp-content\\\/uploads\\\/2026\\\/07\\\/mostra-illustrazioni-Rosy-25-luglio.jpg\",\"articleSection\":[\"Appuntamenti, Eventi\",\"Arte, Cultura, Spettacoli, Scienza\",\"Pausa Caff\u00e8\"],\"inLanguage\":\"fr-FR\"},{\"@type\":\"WebPage\",\"@id\":\"https:\\\/\\\/www.bellunopress.it\\\/2026\\\/07\\\/22\\\/melisposi-i-grandi-maestri-dellillustrazione-internazionale-e-i-promessi-sposi-a-trichiana\\\/\",\"url\":\"https:\\\/\\\/www.bellunopress.it\\\/2026\\\/07\\\/22\\\/melisposi-i-grandi-maestri-dellillustrazione-internazionale-e-i-promessi-sposi-a-trichiana\\\/\",\"name\":\"Melisposi: I Grandi Maestri dell'Illustrazione Internazionale e i Promessi Sposi a Trichiana - Bellunopress - Dolomiti\",\"isPartOf\":{\"@id\":\"https:\\\/\\\/www.bellunopress.it\\\/#website\"},\"primaryImageOfPage\":{\"@id\":\"https:\\\/\\\/www.bellunopress.it\\\/2026\\\/07\\\/22\\\/melisposi-i-grandi-maestri-dellillustrazione-internazionale-e-i-promessi-sposi-a-trichiana\\\/#primaryimage\"},\"image\":{\"@id\":\"https:\\\/\\\/www.bellunopress.it\\\/2026\\\/07\\\/22\\\/melisposi-i-grandi-maestri-dellillustrazione-internazionale-e-i-promessi-sposi-a-trichiana\\\/#primaryimage\"},\"thumbnailUrl\":\"https:\\\/\\\/www.bellunopress.it\\\/wp-content\\\/uploads\\\/2026\\\/07\\\/mostra-illustrazioni-Rosy-25-luglio.jpg\",\"datePublished\":\"2026-07-22T14:54:36+00:00\",\"breadcrumb\":{\"@id\":\"https:\\\/\\\/www.bellunopress.it\\\/2026\\\/07\\\/22\\\/melisposi-i-grandi-maestri-dellillustrazione-internazionale-e-i-promessi-sposi-a-trichiana\\\/#breadcrumb\"},\"inLanguage\":\"fr-FR\",\"potentialAction\":[{\"@type\":\"ReadAction\",\"target\":[\"https:\\\/\\\/www.bellunopress.it\\\/2026\\\/07\\\/22\\\/melisposi-i-grandi-maestri-dellillustrazione-internazionale-e-i-promessi-sposi-a-trichiana\\\/\"]}]},{\"@type\":\"ImageObject\",\"inLanguage\":\"fr-FR\",\"@id\":\"https:\\\/\\\/www.bellunopress.it\\\/2026\\\/07\\\/22\\\/melisposi-i-grandi-maestri-dellillustrazione-internazionale-e-i-promessi-sposi-a-trichiana\\\/#primaryimage\",\"url\":\"https:\\\/\\\/www.bellunopress.it\\\/wp-content\\\/uploads\\\/2026\\\/07\\\/mostra-illustrazioni-Rosy-25-luglio.jpg\",\"contentUrl\":\"https:\\\/\\\/www.bellunopress.it\\\/wp-content\\\/uploads\\\/2026\\\/07\\\/mostra-illustrazioni-Rosy-25-luglio.jpg\",\"width\":509,\"height\":720},{\"@type\":\"BreadcrumbList\",\"@id\":\"https:\\\/\\\/www.bellunopress.it\\\/2026\\\/07\\\/22\\\/melisposi-i-grandi-maestri-dellillustrazione-internazionale-e-i-promessi-sposi-a-trichiana\\\/#breadcrumb\",\"itemListElement\":[{\"@type\":\"ListItem\",\"position\":1,\"name\":\"Home\",\"item\":\"https:\\\/\\\/www.bellunopress.it\\\/\"},{\"@type\":\"ListItem\",\"position\":2,\"name\":\"Melisposi: I Grandi Maestri dell&#8217;Illustrazione Internazionale e i Promessi Sposi a Trichiana\"}]},{\"@type\":\"WebSite\",\"@id\":\"https:\\\/\\\/www.bellunopress.it\\\/#website\",\"url\":\"https:\\\/\\\/www.bellunopress.it\\\/\",\"name\":\"Bellunopress - Dolomiti\",\"description\":\"e-mail: redazione@bellunopress.it\",\"publisher\":{\"@id\":\"https:\\\/\\\/www.bellunopress.it\\\/#organization\"},\"potentialAction\":[{\"@type\":\"SearchAction\",\"target\":{\"@type\":\"EntryPoint\",\"urlTemplate\":\"https:\\\/\\\/www.bellunopress.it\\\/?s={search_term_string}\"},\"query-input\":{\"@type\":\"PropertyValueSpecification\",\"valueRequired\":true,\"valueName\":\"search_term_string\"}}],\"inLanguage\":\"fr-FR\"},{\"@type\":\"Organization\",\"@id\":\"https:\\\/\\\/www.bellunopress.it\\\/#organization\",\"name\":\"Bellunopress\",\"url\":\"https:\\\/\\\/www.bellunopress.it\\\/\",\"logo\":{\"@type\":\"ImageObject\",\"inLanguage\":\"fr-FR\",\"@id\":\"https:\\\/\\\/www.bellunopress.it\\\/#\\\/schema\\\/logo\\\/image\\\/\",\"url\":\"https:\\\/\\\/www.bellunopress.it\\\/wp-content\\\/uploads\\\/2011\\\/05\\\/cropped-logo-bellunopress-.jpg\",\"contentUrl\":\"https:\\\/\\\/www.bellunopress.it\\\/wp-content\\\/uploads\\\/2011\\\/05\\\/cropped-logo-bellunopress-.jpg\",\"width\":512,\"height\":512,\"caption\":\"Bellunopress\"},\"image\":{\"@id\":\"https:\\\/\\\/www.bellunopress.it\\\/#\\\/schema\\\/logo\\\/image\\\/\"},\"sameAs\":[\"https:\\\/\\\/www.facebook.com\\\/profile.php?id=100008943462799\",\"https:\\\/\\\/x.com\\\/bellunopress\",\"https:\\\/\\\/www.linkedin.com\\\/hp\\\/?dnr=JBzUWaJfMUw8vbXJJ2tVW5-I3jZKvC4wsoxE&amp;amp;amp;amp;amp;amp;trk=nav_responsive_tab_home\",\"https:\\\/\\\/www.youtube.com\\\/channel\\\/UCxL0wu1uN0_3_7hGG0306cw\"]},{\"@type\":\"Person\",\"@id\":\"https:\\\/\\\/www.bellunopress.it\\\/#\\\/schema\\\/person\\\/79bb06722b37ece1c03d3e94beb30d73\",\"name\":\"redazione\",\"image\":{\"@type\":\"ImageObject\",\"inLanguage\":\"fr-FR\",\"@id\":\"https:\\\/\\\/secure.gravatar.com\\\/avatar\\\/37d968a2e67a6fd04c169c4bdef102d0bc5d31b2546345219e348575eb80e9a0?s=96&d=mm&r=g\",\"url\":\"https:\\\/\\\/secure.gravatar.com\\\/avatar\\\/37d968a2e67a6fd04c169c4bdef102d0bc5d31b2546345219e348575eb80e9a0?s=96&d=mm&r=g\",\"contentUrl\":\"https:\\\/\\\/secure.gravatar.com\\\/avatar\\\/37d968a2e67a6fd04c169c4bdef102d0bc5d31b2546345219e348575eb80e9a0?s=96&d=mm&r=g\",\"caption\":\"redazione\"},\"sameAs\":[\"http:\\\/\\\/www.bellunopress.it\",\"https:\\\/\\\/x.com\\\/bellunopress\"],\"url\":\"https:\\\/\\\/www.bellunopress.it\\\/fr\\\/author\\\/redazione\\\/\"}]}<\/script>\n<!-- \/ Yoast SEO plugin. -->","yoast_head_json":{"title":"Melisposi: I Grandi Maestri dell'Illustrazione Internazionale e i Promessi Sposi a Trichiana - Bellunopress - Dolomiti","robots":{"index":"index","follow":"follow","max-snippet":"max-snippet:-1","max-image-preview":"max-image-preview:large","max-video-preview":"max-video-preview:-1"},"canonical":"https:\/\/www.bellunopress.it\/fr\/2026\/07\/22\/melisposi-i-grandi-maestri-dellillustrazione-internazionale-e-i-promessi-sposi-a-trichiana\/","og_locale":"fr_FR","og_type":"article","og_title":"Melisposi: I Grandi Maestri dell'Illustrazione Internazionale e i Promessi Sposi a Trichiana - Bellunopress - Dolomiti","og_description":"Tra avanguardia visiva e capolavori letterari: 24 artisti in mostra per la 12ma edizione di Mel\u2019Immagino Si terr\u00e0 sabato 25 luglio alle ore 17 a Trichiana nello spazio espositivo dell\u2019Associazione culturale \u201cCivicaMente APS Associazione di idee\u201d in via Saubens 2 (vicino al Bar La Dolce Vita) la 12ma edizione di Mel\u2019Immagino, Festival dell\u2019illustrazione. Che quest\u2019anno [&hellip;]","og_url":"https:\/\/www.bellunopress.it\/fr\/2026\/07\/22\/melisposi-i-grandi-maestri-dellillustrazione-internazionale-e-i-promessi-sposi-a-trichiana\/","og_site_name":"Bellunopress - Dolomiti","article_publisher":"https:\/\/www.facebook.com\/profile.php?id=100008943462799","article_published_time":"2026-07-22T14:54:36+00:00","og_image":[{"width":509,"height":720,"url":"https:\/\/www.bellunopress.it\/wp-content\/uploads\/2026\/07\/mostra-illustrazioni-Rosy-25-luglio.jpg","type":"image\/jpeg"}],"author":"redazione","twitter_card":"summary_large_image","twitter_creator":"@bellunopress","twitter_site":"@bellunopress","twitter_misc":{"Written by":"redazione","Est. reading time":"2 minutes"},"schema":{"@context":"https:\/\/schema.org","@graph":[{"@type":"Article","@id":"https:\/\/www.bellunopress.it\/2026\/07\/22\/melisposi-i-grandi-maestri-dellillustrazione-internazionale-e-i-promessi-sposi-a-trichiana\/#article","isPartOf":{"@id":"https:\/\/www.bellunopress.it\/2026\/07\/22\/melisposi-i-grandi-maestri-dellillustrazione-internazionale-e-i-promessi-sposi-a-trichiana\/"},"author":{"name":"redazione","@id":"https:\/\/www.bellunopress.it\/#\/schema\/person\/79bb06722b37ece1c03d3e94beb30d73"},"headline":"Melisposi: I Grandi Maestri dell&#8217;Illustrazione Internazionale e i Promessi Sposi a Trichiana","datePublished":"2026-07-22T14:54:36+00:00","mainEntityOfPage":{"@id":"https:\/\/www.bellunopress.it\/2026\/07\/22\/melisposi-i-grandi-maestri-dellillustrazione-internazionale-e-i-promessi-sposi-a-trichiana\/"},"wordCount":291,"publisher":{"@id":"https:\/\/www.bellunopress.it\/#organization"},"image":{"@id":"https:\/\/www.bellunopress.it\/2026\/07\/22\/melisposi-i-grandi-maestri-dellillustrazione-internazionale-e-i-promessi-sposi-a-trichiana\/#primaryimage"},"thumbnailUrl":"https:\/\/www.bellunopress.it\/wp-content\/uploads\/2026\/07\/mostra-illustrazioni-Rosy-25-luglio.jpg","articleSection":["Appuntamenti, Eventi","Arte, Cultura, Spettacoli, Scienza","Pausa Caff\u00e8"],"inLanguage":"fr-FR"},{"@type":"WebPage","@id":"https:\/\/www.bellunopress.it\/2026\/07\/22\/melisposi-i-grandi-maestri-dellillustrazione-internazionale-e-i-promessi-sposi-a-trichiana\/","url":"https:\/\/www.bellunopress.it\/2026\/07\/22\/melisposi-i-grandi-maestri-dellillustrazione-internazionale-e-i-promessi-sposi-a-trichiana\/","name":"Melisposi: I Grandi Maestri dell'Illustrazione Internazionale e i Promessi Sposi a Trichiana - Bellunopress - Dolomiti","isPartOf":{"@id":"https:\/\/www.bellunopress.it\/#website"},"primaryImageOfPage":{"@id":"https:\/\/www.bellunopress.it\/2026\/07\/22\/melisposi-i-grandi-maestri-dellillustrazione-internazionale-e-i-promessi-sposi-a-trichiana\/#primaryimage"},"image":{"@id":"https:\/\/www.bellunopress.it\/2026\/07\/22\/melisposi-i-grandi-maestri-dellillustrazione-internazionale-e-i-promessi-sposi-a-trichiana\/#primaryimage"},"thumbnailUrl":"https:\/\/www.bellunopress.it\/wp-content\/uploads\/2026\/07\/mostra-illustrazioni-Rosy-25-luglio.jpg","datePublished":"2026-07-22T14:54:36+00:00","breadcrumb":{"@id":"https:\/\/www.bellunopress.it\/2026\/07\/22\/melisposi-i-grandi-maestri-dellillustrazione-internazionale-e-i-promessi-sposi-a-trichiana\/#breadcrumb"},"inLanguage":"fr-FR","potentialAction":[{"@type":"ReadAction","target":["https:\/\/www.bellunopress.it\/2026\/07\/22\/melisposi-i-grandi-maestri-dellillustrazione-internazionale-e-i-promessi-sposi-a-trichiana\/"]}]},{"@type":"ImageObject","inLanguage":"fr-FR","@id":"https:\/\/www.bellunopress.it\/2026\/07\/22\/melisposi-i-grandi-maestri-dellillustrazione-internazionale-e-i-promessi-sposi-a-trichiana\/#primaryimage","url":"https:\/\/www.bellunopress.it\/wp-content\/uploads\/2026\/07\/mostra-illustrazioni-Rosy-25-luglio.jpg","contentUrl":"https:\/\/www.bellunopress.it\/wp-content\/uploads\/2026\/07\/mostra-illustrazioni-Rosy-25-luglio.jpg","width":509,"height":720},{"@type":"BreadcrumbList","@id":"https:\/\/www.bellunopress.it\/2026\/07\/22\/melisposi-i-grandi-maestri-dellillustrazione-internazionale-e-i-promessi-sposi-a-trichiana\/#breadcrumb","itemListElement":[{"@type":"ListItem","position":1,"name":"Home","item":"https:\/\/www.bellunopress.it\/"},{"@type":"ListItem","position":2,"name":"Melisposi: I Grandi Maestri dell&#8217;Illustrazione Internazionale e i Promessi Sposi a Trichiana"}]},{"@type":"WebSite","@id":"https:\/\/www.bellunopress.it\/#website","url":"https:\/\/www.bellunopress.it\/","name":"Bellunopress - Dolomiti","description":"e-mail: redazione@bellunopress.it","publisher":{"@id":"https:\/\/www.bellunopress.it\/#organization"},"potentialAction":[{"@type":"SearchAction","target":{"@type":"EntryPoint","urlTemplate":"https:\/\/www.bellunopress.it\/?s={search_term_string}"},"query-input":{"@type":"PropertyValueSpecification","valueRequired":true,"valueName":"search_term_string"}}],"inLanguage":"fr-FR"},{"@type":"Organization","@id":"https:\/\/www.bellunopress.it\/#organization","name":"Bellunopress","url":"https:\/\/www.bellunopress.it\/","logo":{"@type":"ImageObject","inLanguage":"fr-FR","@id":"https:\/\/www.bellunopress.it\/#\/schema\/logo\/image\/","url":"https:\/\/www.bellunopress.it\/wp-content\/uploads\/2011\/05\/cropped-logo-bellunopress-.jpg","contentUrl":"https:\/\/www.bellunopress.it\/wp-content\/uploads\/2011\/05\/cropped-logo-bellunopress-.jpg","width":512,"height":512,"caption":"Bellunopress"},"image":{"@id":"https:\/\/www.bellunopress.it\/#\/schema\/logo\/image\/"},"sameAs":["https:\/\/www.facebook.com\/profile.php?id=100008943462799","https:\/\/x.com\/bellunopress","https:\/\/www.linkedin.com\/hp\/?dnr=JBzUWaJfMUw8vbXJJ2tVW5-I3jZKvC4wsoxE&amp;amp;amp;amp;amp;amp;trk=nav_responsive_tab_home","https:\/\/www.youtube.com\/channel\/UCxL0wu1uN0_3_7hGG0306cw"]},{"@type":"Person","@id":"https:\/\/www.bellunopress.it\/#\/schema\/person\/79bb06722b37ece1c03d3e94beb30d73","name":"r\u00e9daction","image":{"@type":"ImageObject","inLanguage":"fr-FR","@id":"https:\/\/secure.gravatar.com\/avatar\/37d968a2e67a6fd04c169c4bdef102d0bc5d31b2546345219e348575eb80e9a0?s=96&d=mm&r=g","url":"https:\/\/secure.gravatar.com\/avatar\/37d968a2e67a6fd04c169c4bdef102d0bc5d31b2546345219e348575eb80e9a0?s=96&d=mm&r=g","contentUrl":"https:\/\/secure.gravatar.com\/avatar\/37d968a2e67a6fd04c169c4bdef102d0bc5d31b2546345219e348575eb80e9a0?s=96&d=mm&r=g","caption":"redazione"},"sameAs":["http:\/\/www.bellunopress.it","https:\/\/x.com\/bellunopress"],"url":"https:\/\/www.bellunopress.it\/fr\/author\/redazione\/"}]}},"_links":{"self":[{"href":"https:\/\/www.bellunopress.it\/fr\/wp-json\/wp\/v2\/posts\/172101","targetHints":{"allow":["GET"]}}],"collection":[{"href":"https:\/\/www.bellunopress.it\/fr\/wp-json\/wp\/v2\/posts"}],"about":[{"href":"https:\/\/www.bellunopress.it\/fr\/wp-json\/wp\/v2\/types\/post"}],"author":[{"embeddable":true,"href":"https:\/\/www.bellunopress.it\/fr\/wp-json\/wp\/v2\/users\/2"}],"replies":[{"embeddable":true,"href":"https:\/\/www.bellunopress.it\/fr\/wp-json\/wp\/v2\/comments?post=172101"}],"version-history":[{"count":1,"href":"https:\/\/www.bellunopress.it\/fr\/wp-json\/wp\/v2\/posts\/172101\/revisions"}],"predecessor-version":[{"id":172103,"href":"https:\/\/www.bellunopress.it\/fr\/wp-json\/wp\/v2\/posts\/172101\/revisions\/172103"}],"wp:featuredmedia":[{"embeddable":true,"href":"https:\/\/www.bellunopress.it\/fr\/wp-json\/wp\/v2\/media\/172102"}],"wp:attachment":[{"href":"https:\/\/www.bellunopress.it\/fr\/wp-json\/wp\/v2\/media?parent=172101"}],"wp:term":[{"taxonomy":"category","embeddable":true,"href":"https:\/\/www.bellunopress.it\/fr\/wp-json\/wp\/v2\/categories?post=172101"},{"taxonomy":"post_tag","embeddable":true,"href":"https:\/\/www.bellunopress.it\/fr\/wp-json\/wp\/v2\/tags?post=172101"}],"curies":[{"name":"wp","href":"https:\/\/api.w.org\/{rel}","templated":true}]}}