{"id":172087,"date":"2026-07-21T18:50:42","date_gmt":"2026-07-21T16:50:42","guid":{"rendered":"https:\/\/www.bellunopress.it\/?p=172087"},"modified":"2026-07-21T18:50:42","modified_gmt":"2026-07-21T16:50:42","slug":"la-credibilita-di-una-politica-che-riabilita-i-medici-anti-vaccino","status":"publish","type":"post","link":"https:\/\/www.bellunopress.it\/fr\/2026\/07\/21\/la-credibilita-di-una-politica-che-riabilita-i-medici-anti-vaccino\/","title":{"rendered":"La credibilit\u00e0 di una politica che riabilita i medici anti vaccino?"},"content":{"rendered":"<p>Con questo titolo, senza punto interrogativo, l&#8217;analisi di Vincenzo Milanesi sul Corriere delle Alpi di luned\u00ec 20 luglio u.s.<\/p>\n<p>La &#8220;Universa Universis Patavina Libertas&#8221; \u00e8 il motto programmatico della Universit\u00e0 di Padova nella quale esercita il suo magistero il professore emerito di Filosofia Morale Vincenzo Milanesi.<\/p>\n<p>Evidentemente quel motto non riguarda la Libert\u00e0 di Scienza e Coscienza dei medici quando il governo e il suo Ministro della Salute, laureato in scienze politiche, stabiliscono che la terapia obbligatoria per un virus (in questo caso il Covid-19) debba essere un vaccino sperimentale da somministrare a tutti, da 0 a 100 anni, comprese le gravide e coloro che avessero gi\u00e0 superata l&#8217;infezione. Senza deflettere da tale imposizione pur sapendo che le caratteristiche di tale vaccino escludono ufficialmente che possa essere una garanzia contro l&#8217;infezione.<\/p>\n<p>Quali possano essere le garanzie scientifiche di statistiche ufficiali prive di una documentazione anatomo patologica, (per l&#8217;esclusione delle autopsie, imposta o strettamente consigliata dalle autorit\u00e0 sanitarie ufficiali fin dall&#8217;inizio della terapia), l&#8217;illustre prof. Vincenzo Milanesi ce lo dovrebbe spiegare.<\/p>\n<p>Al professore consiglio di leggere il volume di 753 pagine &#8220;Critica della ragione pandemica&#8221; pubblicato nel 2025 dagli scienziati che avevano partecipato al congresso&#8221;POLI-COVID-22&#8243; di Torino del 21-25 novembre 2022 &#8220;che si prefiggeva di raggruppare nella forma del consesso scientifico tradizionale sia i componenti degli enti preposti alla gestione tecnico-scientifica e autorizzativa in materia di salute pubblica sia accademici, ricercatori e professionisti indipendenti, anche internazionali&#8230;.&#8221;Al confronto dialogico l&#8217;intera Universit\u00e0 italiana si \u00e8 sottratta, Padova compresa, malgrado il suo motto. Sarebbe interessante sapere quanti illustri docenti delle Universit\u00e0 Italiane nel corso dei Covid abbiano onorato i principi di questo motto enunciato dal 1222.<\/p>\n<p>Filiberto Dal Molin<\/p>","protected":false},"excerpt":{"rendered":"<p>Con questo titolo, senza punto interrogativo, l&#8217;analisi di Vincenzo Milanesi sul Corriere delle Alpi di luned\u00ec 20 luglio u.s. La &#8220;Universa Universis Patavina Libertas&#8221; \u00e8 il motto programmatico della Universit\u00e0 di Padova nella quale esercita il suo magistero il professore emerito di Filosofia Morale Vincenzo Milanesi. Evidentemente quel motto non riguarda la Libert\u00e0 di Scienza [&hellip;]<\/p>\n","protected":false},"author":2,"featured_media":172088,"comment_status":"closed","ping_status":"open","sticky":false,"template":"","format":"standard","meta":{"footnotes":""},"categories":[3614],"tags":[],"class_list":["post-172087","post","type-post","status-publish","format-standard","has-post-thumbnail","category-controcorrente"],"yoast_head":"<!-- This site is optimized with the Yoast SEO plugin v28.4 - https:\/\/yoast.com\/product\/yoast-seo-wordpress\/ -->\n<title>La credibilit\u00e0 di una politica che riabilita i medici anti vaccino? - Bellunopress - Dolomiti<\/title>\n<meta name=\"robots\" content=\"index, follow, max-snippet:-1, max-image-preview:large, max-video-preview:-1\" \/>\n<link rel=\"canonical\" href=\"https:\/\/www.bellunopress.it\/fr\/2026\/07\/21\/la-credibilita-di-una-politica-che-riabilita-i-medici-anti-vaccino\/\" \/>\n<meta property=\"og:locale\" content=\"fr_FR\" \/>\n<meta property=\"og:type\" content=\"article\" \/>\n<meta property=\"og:title\" content=\"La credibilit\u00e0 di una politica che riabilita i medici anti vaccino? - Bellunopress - Dolomiti\" \/>\n<meta property=\"og:description\" content=\"Con questo titolo, senza punto interrogativo, l&#8217;analisi di Vincenzo Milanesi sul Corriere delle Alpi di luned\u00ec 20 luglio u.s. La &#8220;Universa Universis Patavina Libertas&#8221; \u00e8 il motto programmatico della Universit\u00e0 di Padova nella quale esercita il suo magistero il professore emerito di Filosofia Morale Vincenzo Milanesi. Evidentemente quel motto non riguarda la Libert\u00e0 di Scienza [&hellip;]\" \/>\n<meta property=\"og:url\" content=\"https:\/\/www.bellunopress.it\/fr\/2026\/07\/21\/la-credibilita-di-una-politica-che-riabilita-i-medici-anti-vaccino\/\" \/>\n<meta property=\"og:site_name\" content=\"Bellunopress - Dolomiti\" \/>\n<meta property=\"article:publisher\" content=\"https:\/\/www.facebook.com\/profile.php?id=100008943462799\" \/>\n<meta property=\"article:published_time\" content=\"2026-07-21T16:50:42+00:00\" \/>\n<meta property=\"og:image\" content=\"https:\/\/www.bellunopress.it\/wp-content\/uploads\/2026\/07\/universita-di-padova-1222.jpg\" \/>\n\t<meta property=\"og:image:width\" content=\"500\" \/>\n\t<meta property=\"og:image:height\" content=\"332\" \/>\n\t<meta property=\"og:image:type\" content=\"image\/jpeg\" \/>\n<meta name=\"author\" content=\"redazione\" \/>\n<meta name=\"twitter:card\" content=\"summary_large_image\" \/>\n<meta name=\"twitter:creator\" content=\"@bellunopress\" \/>\n<meta name=\"twitter:site\" content=\"@bellunopress\" \/>\n<meta name=\"twitter:label1\" content=\"Written by\" \/>\n\t<meta name=\"twitter:data1\" content=\"redazione\" \/>\n\t<meta name=\"twitter:label2\" content=\"Est. reading time\" \/>\n\t<meta name=\"twitter:data2\" content=\"2 minutes\" \/>\n<script type=\"application\/ld+json\" class=\"yoast-schema-graph\">{\"@context\":\"https:\\\/\\\/schema.org\",\"@graph\":[{\"@type\":\"Article\",\"@id\":\"https:\\\/\\\/www.bellunopress.it\\\/2026\\\/07\\\/21\\\/la-credibilita-di-una-politica-che-riabilita-i-medici-anti-vaccino\\\/#article\",\"isPartOf\":{\"@id\":\"https:\\\/\\\/www.bellunopress.it\\\/2026\\\/07\\\/21\\\/la-credibilita-di-una-politica-che-riabilita-i-medici-anti-vaccino\\\/\"},\"author\":{\"name\":\"redazione\",\"@id\":\"https:\\\/\\\/www.bellunopress.it\\\/#\\\/schema\\\/person\\\/79bb06722b37ece1c03d3e94beb30d73\"},\"headline\":\"La credibilit\u00e0 di una politica che riabilita i medici anti vaccino?\",\"datePublished\":\"2026-07-21T16:50:42+00:00\",\"mainEntityOfPage\":{\"@id\":\"https:\\\/\\\/www.bellunopress.it\\\/2026\\\/07\\\/21\\\/la-credibilita-di-una-politica-che-riabilita-i-medici-anti-vaccino\\\/\"},\"wordCount\":287,\"publisher\":{\"@id\":\"https:\\\/\\\/www.bellunopress.it\\\/#organization\"},\"image\":{\"@id\":\"https:\\\/\\\/www.bellunopress.it\\\/2026\\\/07\\\/21\\\/la-credibilita-di-una-politica-che-riabilita-i-medici-anti-vaccino\\\/#primaryimage\"},\"thumbnailUrl\":\"https:\\\/\\\/www.bellunopress.it\\\/wp-content\\\/uploads\\\/2026\\\/07\\\/universita-di-padova-1222.jpg\",\"articleSection\":[\"Controcorrente Dr Filiberto Dal Molin\"],\"inLanguage\":\"fr-FR\"},{\"@type\":\"WebPage\",\"@id\":\"https:\\\/\\\/www.bellunopress.it\\\/2026\\\/07\\\/21\\\/la-credibilita-di-una-politica-che-riabilita-i-medici-anti-vaccino\\\/\",\"url\":\"https:\\\/\\\/www.bellunopress.it\\\/2026\\\/07\\\/21\\\/la-credibilita-di-una-politica-che-riabilita-i-medici-anti-vaccino\\\/\",\"name\":\"La credibilit\u00e0 di una politica che riabilita i medici anti vaccino? - Bellunopress - Dolomiti\",\"isPartOf\":{\"@id\":\"https:\\\/\\\/www.bellunopress.it\\\/#website\"},\"primaryImageOfPage\":{\"@id\":\"https:\\\/\\\/www.bellunopress.it\\\/2026\\\/07\\\/21\\\/la-credibilita-di-una-politica-che-riabilita-i-medici-anti-vaccino\\\/#primaryimage\"},\"image\":{\"@id\":\"https:\\\/\\\/www.bellunopress.it\\\/2026\\\/07\\\/21\\\/la-credibilita-di-una-politica-che-riabilita-i-medici-anti-vaccino\\\/#primaryimage\"},\"thumbnailUrl\":\"https:\\\/\\\/www.bellunopress.it\\\/wp-content\\\/uploads\\\/2026\\\/07\\\/universita-di-padova-1222.jpg\",\"datePublished\":\"2026-07-21T16:50:42+00:00\",\"breadcrumb\":{\"@id\":\"https:\\\/\\\/www.bellunopress.it\\\/2026\\\/07\\\/21\\\/la-credibilita-di-una-politica-che-riabilita-i-medici-anti-vaccino\\\/#breadcrumb\"},\"inLanguage\":\"fr-FR\",\"potentialAction\":[{\"@type\":\"ReadAction\",\"target\":[\"https:\\\/\\\/www.bellunopress.it\\\/2026\\\/07\\\/21\\\/la-credibilita-di-una-politica-che-riabilita-i-medici-anti-vaccino\\\/\"]}]},{\"@type\":\"ImageObject\",\"inLanguage\":\"fr-FR\",\"@id\":\"https:\\\/\\\/www.bellunopress.it\\\/2026\\\/07\\\/21\\\/la-credibilita-di-una-politica-che-riabilita-i-medici-anti-vaccino\\\/#primaryimage\",\"url\":\"https:\\\/\\\/www.bellunopress.it\\\/wp-content\\\/uploads\\\/2026\\\/07\\\/universita-di-padova-1222.jpg\",\"contentUrl\":\"https:\\\/\\\/www.bellunopress.it\\\/wp-content\\\/uploads\\\/2026\\\/07\\\/universita-di-padova-1222.jpg\",\"width\":500,\"height\":332,\"caption\":\"CopyrightGDS\"},{\"@type\":\"BreadcrumbList\",\"@id\":\"https:\\\/\\\/www.bellunopress.it\\\/2026\\\/07\\\/21\\\/la-credibilita-di-una-politica-che-riabilita-i-medici-anti-vaccino\\\/#breadcrumb\",\"itemListElement\":[{\"@type\":\"ListItem\",\"position\":1,\"name\":\"Home\",\"item\":\"https:\\\/\\\/www.bellunopress.it\\\/\"},{\"@type\":\"ListItem\",\"position\":2,\"name\":\"La credibilit\u00e0 di una politica che riabilita i medici anti vaccino?\"}]},{\"@type\":\"WebSite\",\"@id\":\"https:\\\/\\\/www.bellunopress.it\\\/#website\",\"url\":\"https:\\\/\\\/www.bellunopress.it\\\/\",\"name\":\"Bellunopress - Dolomiti\",\"description\":\"e-mail: redazione@bellunopress.it\",\"publisher\":{\"@id\":\"https:\\\/\\\/www.bellunopress.it\\\/#organization\"},\"potentialAction\":[{\"@type\":\"SearchAction\",\"target\":{\"@type\":\"EntryPoint\",\"urlTemplate\":\"https:\\\/\\\/www.bellunopress.it\\\/?s={search_term_string}\"},\"query-input\":{\"@type\":\"PropertyValueSpecification\",\"valueRequired\":true,\"valueName\":\"search_term_string\"}}],\"inLanguage\":\"fr-FR\"},{\"@type\":\"Organization\",\"@id\":\"https:\\\/\\\/www.bellunopress.it\\\/#organization\",\"name\":\"Bellunopress\",\"url\":\"https:\\\/\\\/www.bellunopress.it\\\/\",\"logo\":{\"@type\":\"ImageObject\",\"inLanguage\":\"fr-FR\",\"@id\":\"https:\\\/\\\/www.bellunopress.it\\\/#\\\/schema\\\/logo\\\/image\\\/\",\"url\":\"https:\\\/\\\/www.bellunopress.it\\\/wp-content\\\/uploads\\\/2011\\\/05\\\/cropped-logo-bellunopress-.jpg\",\"contentUrl\":\"https:\\\/\\\/www.bellunopress.it\\\/wp-content\\\/uploads\\\/2011\\\/05\\\/cropped-logo-bellunopress-.jpg\",\"width\":512,\"height\":512,\"caption\":\"Bellunopress\"},\"image\":{\"@id\":\"https:\\\/\\\/www.bellunopress.it\\\/#\\\/schema\\\/logo\\\/image\\\/\"},\"sameAs\":[\"https:\\\/\\\/www.facebook.com\\\/profile.php?id=100008943462799\",\"https:\\\/\\\/x.com\\\/bellunopress\",\"https:\\\/\\\/www.linkedin.com\\\/hp\\\/?dnr=JBzUWaJfMUw8vbXJJ2tVW5-I3jZKvC4wsoxE&amp;amp;amp;amp;amp;amp;trk=nav_responsive_tab_home\",\"https:\\\/\\\/www.youtube.com\\\/channel\\\/UCxL0wu1uN0_3_7hGG0306cw\"]},{\"@type\":\"Person\",\"@id\":\"https:\\\/\\\/www.bellunopress.it\\\/#\\\/schema\\\/person\\\/79bb06722b37ece1c03d3e94beb30d73\",\"name\":\"redazione\",\"image\":{\"@type\":\"ImageObject\",\"inLanguage\":\"fr-FR\",\"@id\":\"https:\\\/\\\/secure.gravatar.com\\\/avatar\\\/37d968a2e67a6fd04c169c4bdef102d0bc5d31b2546345219e348575eb80e9a0?s=96&d=mm&r=g\",\"url\":\"https:\\\/\\\/secure.gravatar.com\\\/avatar\\\/37d968a2e67a6fd04c169c4bdef102d0bc5d31b2546345219e348575eb80e9a0?s=96&d=mm&r=g\",\"contentUrl\":\"https:\\\/\\\/secure.gravatar.com\\\/avatar\\\/37d968a2e67a6fd04c169c4bdef102d0bc5d31b2546345219e348575eb80e9a0?s=96&d=mm&r=g\",\"caption\":\"redazione\"},\"sameAs\":[\"http:\\\/\\\/www.bellunopress.it\",\"https:\\\/\\\/x.com\\\/bellunopress\"],\"url\":\"https:\\\/\\\/www.bellunopress.it\\\/fr\\\/author\\\/redazione\\\/\"}]}<\/script>\n<!-- \/ Yoast SEO plugin. -->","yoast_head_json":{"title":"La credibilit\u00e0 di una politica che riabilita i medici anti vaccino? - Bellunopress - Dolomiti","robots":{"index":"index","follow":"follow","max-snippet":"max-snippet:-1","max-image-preview":"max-image-preview:large","max-video-preview":"max-video-preview:-1"},"canonical":"https:\/\/www.bellunopress.it\/fr\/2026\/07\/21\/la-credibilita-di-una-politica-che-riabilita-i-medici-anti-vaccino\/","og_locale":"fr_FR","og_type":"article","og_title":"La credibilit\u00e0 di una politica che riabilita i medici anti vaccino? - Bellunopress - Dolomiti","og_description":"Con questo titolo, senza punto interrogativo, l&#8217;analisi di Vincenzo Milanesi sul Corriere delle Alpi di luned\u00ec 20 luglio u.s. La &#8220;Universa Universis Patavina Libertas&#8221; \u00e8 il motto programmatico della Universit\u00e0 di Padova nella quale esercita il suo magistero il professore emerito di Filosofia Morale Vincenzo Milanesi. Evidentemente quel motto non riguarda la Libert\u00e0 di Scienza [&hellip;]","og_url":"https:\/\/www.bellunopress.it\/fr\/2026\/07\/21\/la-credibilita-di-una-politica-che-riabilita-i-medici-anti-vaccino\/","og_site_name":"Bellunopress - Dolomiti","article_publisher":"https:\/\/www.facebook.com\/profile.php?id=100008943462799","article_published_time":"2026-07-21T16:50:42+00:00","og_image":[{"width":500,"height":332,"url":"https:\/\/www.bellunopress.it\/wp-content\/uploads\/2026\/07\/universita-di-padova-1222.jpg","type":"image\/jpeg"}],"author":"redazione","twitter_card":"summary_large_image","twitter_creator":"@bellunopress","twitter_site":"@bellunopress","twitter_misc":{"Written by":"redazione","Est. reading time":"2 minutes"},"schema":{"@context":"https:\/\/schema.org","@graph":[{"@type":"Article","@id":"https:\/\/www.bellunopress.it\/2026\/07\/21\/la-credibilita-di-una-politica-che-riabilita-i-medici-anti-vaccino\/#article","isPartOf":{"@id":"https:\/\/www.bellunopress.it\/2026\/07\/21\/la-credibilita-di-una-politica-che-riabilita-i-medici-anti-vaccino\/"},"author":{"name":"redazione","@id":"https:\/\/www.bellunopress.it\/#\/schema\/person\/79bb06722b37ece1c03d3e94beb30d73"},"headline":"La credibilit\u00e0 di una politica che riabilita i medici anti vaccino?","datePublished":"2026-07-21T16:50:42+00:00","mainEntityOfPage":{"@id":"https:\/\/www.bellunopress.it\/2026\/07\/21\/la-credibilita-di-una-politica-che-riabilita-i-medici-anti-vaccino\/"},"wordCount":287,"publisher":{"@id":"https:\/\/www.bellunopress.it\/#organization"},"image":{"@id":"https:\/\/www.bellunopress.it\/2026\/07\/21\/la-credibilita-di-una-politica-che-riabilita-i-medici-anti-vaccino\/#primaryimage"},"thumbnailUrl":"https:\/\/www.bellunopress.it\/wp-content\/uploads\/2026\/07\/universita-di-padova-1222.jpg","articleSection":["Controcorrente Dr Filiberto Dal Molin"],"inLanguage":"fr-FR"},{"@type":"WebPage","@id":"https:\/\/www.bellunopress.it\/2026\/07\/21\/la-credibilita-di-una-politica-che-riabilita-i-medici-anti-vaccino\/","url":"https:\/\/www.bellunopress.it\/2026\/07\/21\/la-credibilita-di-una-politica-che-riabilita-i-medici-anti-vaccino\/","name":"La credibilit\u00e0 di una politica che riabilita i medici anti vaccino? - Bellunopress - Dolomiti","isPartOf":{"@id":"https:\/\/www.bellunopress.it\/#website"},"primaryImageOfPage":{"@id":"https:\/\/www.bellunopress.it\/2026\/07\/21\/la-credibilita-di-una-politica-che-riabilita-i-medici-anti-vaccino\/#primaryimage"},"image":{"@id":"https:\/\/www.bellunopress.it\/2026\/07\/21\/la-credibilita-di-una-politica-che-riabilita-i-medici-anti-vaccino\/#primaryimage"},"thumbnailUrl":"https:\/\/www.bellunopress.it\/wp-content\/uploads\/2026\/07\/universita-di-padova-1222.jpg","datePublished":"2026-07-21T16:50:42+00:00","breadcrumb":{"@id":"https:\/\/www.bellunopress.it\/2026\/07\/21\/la-credibilita-di-una-politica-che-riabilita-i-medici-anti-vaccino\/#breadcrumb"},"inLanguage":"fr-FR","potentialAction":[{"@type":"ReadAction","target":["https:\/\/www.bellunopress.it\/2026\/07\/21\/la-credibilita-di-una-politica-che-riabilita-i-medici-anti-vaccino\/"]}]},{"@type":"ImageObject","inLanguage":"fr-FR","@id":"https:\/\/www.bellunopress.it\/2026\/07\/21\/la-credibilita-di-una-politica-che-riabilita-i-medici-anti-vaccino\/#primaryimage","url":"https:\/\/www.bellunopress.it\/wp-content\/uploads\/2026\/07\/universita-di-padova-1222.jpg","contentUrl":"https:\/\/www.bellunopress.it\/wp-content\/uploads\/2026\/07\/universita-di-padova-1222.jpg","width":500,"height":332,"caption":"CopyrightGDS"},{"@type":"BreadcrumbList","@id":"https:\/\/www.bellunopress.it\/2026\/07\/21\/la-credibilita-di-una-politica-che-riabilita-i-medici-anti-vaccino\/#breadcrumb","itemListElement":[{"@type":"ListItem","position":1,"name":"Home","item":"https:\/\/www.bellunopress.it\/"},{"@type":"ListItem","position":2,"name":"La credibilit\u00e0 di una politica che riabilita i medici anti vaccino?"}]},{"@type":"WebSite","@id":"https:\/\/www.bellunopress.it\/#website","url":"https:\/\/www.bellunopress.it\/","name":"Bellunopress - Dolomiti","description":"e-mail: redazione@bellunopress.it","publisher":{"@id":"https:\/\/www.bellunopress.it\/#organization"},"potentialAction":[{"@type":"SearchAction","target":{"@type":"EntryPoint","urlTemplate":"https:\/\/www.bellunopress.it\/?s={search_term_string}"},"query-input":{"@type":"PropertyValueSpecification","valueRequired":true,"valueName":"search_term_string"}}],"inLanguage":"fr-FR"},{"@type":"Organization","@id":"https:\/\/www.bellunopress.it\/#organization","name":"Bellunopress","url":"https:\/\/www.bellunopress.it\/","logo":{"@type":"ImageObject","inLanguage":"fr-FR","@id":"https:\/\/www.bellunopress.it\/#\/schema\/logo\/image\/","url":"https:\/\/www.bellunopress.it\/wp-content\/uploads\/2011\/05\/cropped-logo-bellunopress-.jpg","contentUrl":"https:\/\/www.bellunopress.it\/wp-content\/uploads\/2011\/05\/cropped-logo-bellunopress-.jpg","width":512,"height":512,"caption":"Bellunopress"},"image":{"@id":"https:\/\/www.bellunopress.it\/#\/schema\/logo\/image\/"},"sameAs":["https:\/\/www.facebook.com\/profile.php?id=100008943462799","https:\/\/x.com\/bellunopress","https:\/\/www.linkedin.com\/hp\/?dnr=JBzUWaJfMUw8vbXJJ2tVW5-I3jZKvC4wsoxE&amp;amp;amp;amp;amp;amp;trk=nav_responsive_tab_home","https:\/\/www.youtube.com\/channel\/UCxL0wu1uN0_3_7hGG0306cw"]},{"@type":"Person","@id":"https:\/\/www.bellunopress.it\/#\/schema\/person\/79bb06722b37ece1c03d3e94beb30d73","name":"r\u00e9daction","image":{"@type":"ImageObject","inLanguage":"fr-FR","@id":"https:\/\/secure.gravatar.com\/avatar\/37d968a2e67a6fd04c169c4bdef102d0bc5d31b2546345219e348575eb80e9a0?s=96&d=mm&r=g","url":"https:\/\/secure.gravatar.com\/avatar\/37d968a2e67a6fd04c169c4bdef102d0bc5d31b2546345219e348575eb80e9a0?s=96&d=mm&r=g","contentUrl":"https:\/\/secure.gravatar.com\/avatar\/37d968a2e67a6fd04c169c4bdef102d0bc5d31b2546345219e348575eb80e9a0?s=96&d=mm&r=g","caption":"redazione"},"sameAs":["http:\/\/www.bellunopress.it","https:\/\/x.com\/bellunopress"],"url":"https:\/\/www.bellunopress.it\/fr\/author\/redazione\/"}]}},"_links":{"self":[{"href":"https:\/\/www.bellunopress.it\/fr\/wp-json\/wp\/v2\/posts\/172087","targetHints":{"allow":["GET"]}}],"collection":[{"href":"https:\/\/www.bellunopress.it\/fr\/wp-json\/wp\/v2\/posts"}],"about":[{"href":"https:\/\/www.bellunopress.it\/fr\/wp-json\/wp\/v2\/types\/post"}],"author":[{"embeddable":true,"href":"https:\/\/www.bellunopress.it\/fr\/wp-json\/wp\/v2\/users\/2"}],"replies":[{"embeddable":true,"href":"https:\/\/www.bellunopress.it\/fr\/wp-json\/wp\/v2\/comments?post=172087"}],"version-history":[{"count":1,"href":"https:\/\/www.bellunopress.it\/fr\/wp-json\/wp\/v2\/posts\/172087\/revisions"}],"predecessor-version":[{"id":172089,"href":"https:\/\/www.bellunopress.it\/fr\/wp-json\/wp\/v2\/posts\/172087\/revisions\/172089"}],"wp:featuredmedia":[{"embeddable":true,"href":"https:\/\/www.bellunopress.it\/fr\/wp-json\/wp\/v2\/media\/172088"}],"wp:attachment":[{"href":"https:\/\/www.bellunopress.it\/fr\/wp-json\/wp\/v2\/media?parent=172087"}],"wp:term":[{"taxonomy":"category","embeddable":true,"href":"https:\/\/www.bellunopress.it\/fr\/wp-json\/wp\/v2\/categories?post=172087"},{"taxonomy":"post_tag","embeddable":true,"href":"https:\/\/www.bellunopress.it\/fr\/wp-json\/wp\/v2\/tags?post=172087"}],"curies":[{"name":"wp","href":"https:\/\/api.w.org\/{rel}","templated":true}]}}