{"id":172083,"date":"2026-07-21T16:20:00","date_gmt":"2026-07-21T14:20:00","guid":{"rendered":"https:\/\/www.bellunopress.it\/?p=172083"},"modified":"2026-07-21T16:20:00","modified_gmt":"2026-07-21T14:20:00","slug":"paesaggio-250mila-euro-lanno-di-contributi-alle-province-zecchinato-belluno-non-rientra-tra-i-beneficiari-del-contributo-perche-attualmente-non-esercita-questa-funzione","status":"publish","type":"post","link":"https:\/\/www.bellunopress.it\/fr\/2026\/07\/21\/paesaggio-250mila-euro-lanno-di-contributi-alle-province-zecchinato-belluno-non-rientra-tra-i-beneficiari-del-contributo-perche-attualmente-non-esercita-questa-funzione\/","title":{"rendered":"Paesaggio, 250mila euro l&#8217;anno di contributi alle Province.\u00a0 Zecchinato: &#8220;Belluno non rientra tra i beneficiari del contributo\u00a0 perch\u00e9 attualmente non esercita questa funzione"},"content":{"rendered":"<p>Venezia, 21 luglio 2026\u00a0 &#8211;\u00a0\u00a0La Giunta regionale ha approvato il rinnovo dei contributi destinati alle Province\u00a0di Treviso, Padova, Rovigo, Verona, Vicenza e alla Citt\u00e0 Metropolitana di Venezia per lo svolgimento delle funzioni delegate in materia di autorizzazioni paesaggistiche.<\/p>\n<p>&#8220;Diamo continuit\u00e0 ad uno strumento che ha funzionato. Le rendicontazioni degli anni scorsi confermano che il contributo, che per il trienni 2026-2029 sar\u00e0 di 250 mila euro annui, ha consentito agli enti di garantire il servizio ed evitare ritardi&#8221;, commenta l&#8217;assessore regionale agli Enti locali, Marco Zecchinato.<\/p>\n<p>Le risorse sono destinate a coprire i costi del personale e ad assicurare la continuit\u00e0 del servizio svolto dalle Province e dalla Citt\u00e0 Metropolitana per conto dei Comuni che non dispongono dei requisiti organizzativi previsti dalla normativa per esercitare direttamente la funzione.<\/p>\n<p>&#8220;Negli ultimi anni molti Comuni, soprattutto quelli di minori dimensioni, hanno restituito questa delega perch\u00e9 non erano in grado di garantire la necessaria distinzione tra l&#8217;attivit\u00e0 edilizia e la tutela del paesaggio, come previsto dalla legge \u2013 spiega Zecchinato \u2013. A questo si \u00e8 aggiunto l&#8217;aumento delle richieste legato agli incentivi edilizi. Gli enti di area vasta hanno assicurato la continuit\u00e0 del servizio e la Regione continua a sostenerne l&#8217;attivit\u00e0&#8221;.<\/p>\n<p>La Provincia di Belluno non rientra tra i beneficiari del contributo perch\u00e9 attualmente non esercita questa funzione. &#8220;La ripartizione delle risorse rispecchia l&#8217;attuale organizzazione del servizio \u2013 precisa l&#8217;assessore \u2013. Qualora nel corso del triennio anche Belluno assuma questa competenza, la Regione potr\u00e0 aggiornare il riparto dei contributi&#8221;.<\/p>\n<p>I contributi saranno erogati annualmente agli enti beneficiari, che dovranno rendicontare le spese sostenute secondo le modalit\u00e0 previste dal provvedimento.<\/p>","protected":false},"excerpt":{"rendered":"<p>Venezia, 21 luglio 2026\u00a0 &#8211;\u00a0\u00a0La Giunta regionale ha approvato il rinnovo dei contributi destinati alle Province\u00a0di Treviso, Padova, Rovigo, Verona, Vicenza e alla Citt\u00e0 Metropolitana di Venezia per lo svolgimento delle funzioni delegate in materia di autorizzazioni paesaggistiche. &#8220;Diamo continuit\u00e0 ad uno strumento che ha funzionato. Le rendicontazioni degli anni scorsi confermano che il contributo, [&hellip;]<\/p>\n","protected":false},"author":2,"featured_media":169619,"comment_status":"closed","ping_status":"open","sticky":false,"template":"","format":"standard","meta":{"footnotes":""},"categories":[5,26],"tags":[],"class_list":["post-172083","post","type-post","status-publish","format-standard","has-post-thumbnail","category-cronaca","category-prima-pagina"],"yoast_head":"<!-- This site is optimized with the Yoast SEO plugin v28.4 - https:\/\/yoast.com\/product\/yoast-seo-wordpress\/ -->\n<title>Paesaggio, 250mila euro l&#039;anno di contributi alle Province.\u00a0 Zecchinato: &quot;Belluno non rientra tra i beneficiari del contributo\u00a0 perch\u00e9 attualmente non esercita questa funzione - Bellunopress - Dolomiti<\/title>\n<meta name=\"robots\" content=\"index, follow, max-snippet:-1, max-image-preview:large, max-video-preview:-1\" \/>\n<link rel=\"canonical\" href=\"https:\/\/www.bellunopress.it\/fr\/2026\/07\/21\/paesaggio-250mila-euro-lanno-di-contributi-alle-province-zecchinato-belluno-non-rientra-tra-i-beneficiari-del-contributo-perche-attualmente-non-esercita-questa-funzione\/\" \/>\n<meta property=\"og:locale\" content=\"fr_FR\" \/>\n<meta property=\"og:type\" content=\"article\" \/>\n<meta property=\"og:title\" content=\"Paesaggio, 250mila euro l&#039;anno di contributi alle Province.\u00a0 Zecchinato: &quot;Belluno non rientra tra i beneficiari del contributo\u00a0 perch\u00e9 attualmente non esercita questa funzione - Bellunopress - Dolomiti\" \/>\n<meta property=\"og:description\" content=\"Venezia, 21 luglio 2026\u00a0 &#8211;\u00a0\u00a0La Giunta regionale ha approvato il rinnovo dei contributi destinati alle Province\u00a0di Treviso, Padova, Rovigo, Verona, Vicenza e alla Citt\u00e0 Metropolitana di Venezia per lo svolgimento delle funzioni delegate in materia di autorizzazioni paesaggistiche. &#8220;Diamo continuit\u00e0 ad uno strumento che ha funzionato. Le rendicontazioni degli anni scorsi confermano che il contributo, [&hellip;]\" \/>\n<meta property=\"og:url\" content=\"https:\/\/www.bellunopress.it\/fr\/2026\/07\/21\/paesaggio-250mila-euro-lanno-di-contributi-alle-province-zecchinato-belluno-non-rientra-tra-i-beneficiari-del-contributo-perche-attualmente-non-esercita-questa-funzione\/\" \/>\n<meta property=\"og:site_name\" content=\"Bellunopress - Dolomiti\" \/>\n<meta property=\"article:publisher\" content=\"https:\/\/www.facebook.com\/profile.php?id=100008943462799\" \/>\n<meta property=\"article:published_time\" content=\"2026-07-21T14:20:00+00:00\" \/>\n<meta property=\"og:image\" content=\"https:\/\/www.bellunopress.it\/wp-content\/uploads\/2026\/04\/Marco-Zecchinato-assessore-regionale.jpg\" \/>\n\t<meta property=\"og:image:width\" content=\"320\" \/>\n\t<meta property=\"og:image:height\" content=\"321\" \/>\n\t<meta property=\"og:image:type\" content=\"image\/jpeg\" \/>\n<meta name=\"author\" content=\"redazione\" \/>\n<meta name=\"twitter:card\" content=\"summary_large_image\" \/>\n<meta name=\"twitter:creator\" content=\"@bellunopress\" \/>\n<meta name=\"twitter:site\" content=\"@bellunopress\" \/>\n<meta name=\"twitter:label1\" content=\"\u00c9crit par\" \/>\n\t<meta name=\"twitter:data1\" content=\"redazione\" \/>\n\t<meta name=\"twitter:label2\" content=\"Dur\u00e9e de lecture estim\u00e9e\" \/>\n\t<meta name=\"twitter:data2\" content=\"2 minutes\" \/>\n<script type=\"application\/ld+json\" class=\"yoast-schema-graph\">{\"@context\":\"https:\\\/\\\/schema.org\",\"@graph\":[{\"@type\":\"Article\",\"@id\":\"https:\\\/\\\/www.bellunopress.it\\\/2026\\\/07\\\/21\\\/paesaggio-250mila-euro-lanno-di-contributi-alle-province-zecchinato-belluno-non-rientra-tra-i-beneficiari-del-contributo-perche-attualmente-non-esercita-questa-funzione\\\/#article\",\"isPartOf\":{\"@id\":\"https:\\\/\\\/www.bellunopress.it\\\/2026\\\/07\\\/21\\\/paesaggio-250mila-euro-lanno-di-contributi-alle-province-zecchinato-belluno-non-rientra-tra-i-beneficiari-del-contributo-perche-attualmente-non-esercita-questa-funzione\\\/\"},\"author\":{\"name\":\"redazione\",\"@id\":\"https:\\\/\\\/www.bellunopress.it\\\/#\\\/schema\\\/person\\\/79bb06722b37ece1c03d3e94beb30d73\"},\"headline\":\"Paesaggio, 250mila euro l&#8217;anno di contributi alle Province.\u00a0 Zecchinato: &#8220;Belluno non rientra tra i beneficiari del contributo\u00a0 perch\u00e9 attualmente non esercita questa funzione\",\"datePublished\":\"2026-07-21T14:20:00+00:00\",\"mainEntityOfPage\":{\"@id\":\"https:\\\/\\\/www.bellunopress.it\\\/2026\\\/07\\\/21\\\/paesaggio-250mila-euro-lanno-di-contributi-alle-province-zecchinato-belluno-non-rientra-tra-i-beneficiari-del-contributo-perche-attualmente-non-esercita-questa-funzione\\\/\"},\"wordCount\":289,\"publisher\":{\"@id\":\"https:\\\/\\\/www.bellunopress.it\\\/#organization\"},\"image\":{\"@id\":\"https:\\\/\\\/www.bellunopress.it\\\/2026\\\/07\\\/21\\\/paesaggio-250mila-euro-lanno-di-contributi-alle-province-zecchinato-belluno-non-rientra-tra-i-beneficiari-del-contributo-perche-attualmente-non-esercita-questa-funzione\\\/#primaryimage\"},\"thumbnailUrl\":\"https:\\\/\\\/www.bellunopress.it\\\/wp-content\\\/uploads\\\/2026\\\/04\\\/Marco-Zecchinato-assessore-regionale.jpg\",\"articleSection\":[\"Cronaca\\\/Politica\",\"Prima Pagina\"],\"inLanguage\":\"fr-FR\"},{\"@type\":\"WebPage\",\"@id\":\"https:\\\/\\\/www.bellunopress.it\\\/2026\\\/07\\\/21\\\/paesaggio-250mila-euro-lanno-di-contributi-alle-province-zecchinato-belluno-non-rientra-tra-i-beneficiari-del-contributo-perche-attualmente-non-esercita-questa-funzione\\\/\",\"url\":\"https:\\\/\\\/www.bellunopress.it\\\/2026\\\/07\\\/21\\\/paesaggio-250mila-euro-lanno-di-contributi-alle-province-zecchinato-belluno-non-rientra-tra-i-beneficiari-del-contributo-perche-attualmente-non-esercita-questa-funzione\\\/\",\"name\":\"Paesaggio, 250mila euro l'anno di contributi alle Province.\u00a0 Zecchinato: \\\"Belluno non rientra tra i beneficiari del contributo\u00a0 perch\u00e9 attualmente non esercita questa funzione - Bellunopress - Dolomiti\",\"isPartOf\":{\"@id\":\"https:\\\/\\\/www.bellunopress.it\\\/#website\"},\"primaryImageOfPage\":{\"@id\":\"https:\\\/\\\/www.bellunopress.it\\\/2026\\\/07\\\/21\\\/paesaggio-250mila-euro-lanno-di-contributi-alle-province-zecchinato-belluno-non-rientra-tra-i-beneficiari-del-contributo-perche-attualmente-non-esercita-questa-funzione\\\/#primaryimage\"},\"image\":{\"@id\":\"https:\\\/\\\/www.bellunopress.it\\\/2026\\\/07\\\/21\\\/paesaggio-250mila-euro-lanno-di-contributi-alle-province-zecchinato-belluno-non-rientra-tra-i-beneficiari-del-contributo-perche-attualmente-non-esercita-questa-funzione\\\/#primaryimage\"},\"thumbnailUrl\":\"https:\\\/\\\/www.bellunopress.it\\\/wp-content\\\/uploads\\\/2026\\\/04\\\/Marco-Zecchinato-assessore-regionale.jpg\",\"datePublished\":\"2026-07-21T14:20:00+00:00\",\"breadcrumb\":{\"@id\":\"https:\\\/\\\/www.bellunopress.it\\\/2026\\\/07\\\/21\\\/paesaggio-250mila-euro-lanno-di-contributi-alle-province-zecchinato-belluno-non-rientra-tra-i-beneficiari-del-contributo-perche-attualmente-non-esercita-questa-funzione\\\/#breadcrumb\"},\"inLanguage\":\"fr-FR\",\"potentialAction\":[{\"@type\":\"ReadAction\",\"target\":[\"https:\\\/\\\/www.bellunopress.it\\\/2026\\\/07\\\/21\\\/paesaggio-250mila-euro-lanno-di-contributi-alle-province-zecchinato-belluno-non-rientra-tra-i-beneficiari-del-contributo-perche-attualmente-non-esercita-questa-funzione\\\/\"]}]},{\"@type\":\"ImageObject\",\"inLanguage\":\"fr-FR\",\"@id\":\"https:\\\/\\\/www.bellunopress.it\\\/2026\\\/07\\\/21\\\/paesaggio-250mila-euro-lanno-di-contributi-alle-province-zecchinato-belluno-non-rientra-tra-i-beneficiari-del-contributo-perche-attualmente-non-esercita-questa-funzione\\\/#primaryimage\",\"url\":\"https:\\\/\\\/www.bellunopress.it\\\/wp-content\\\/uploads\\\/2026\\\/04\\\/Marco-Zecchinato-assessore-regionale.jpg\",\"contentUrl\":\"https:\\\/\\\/www.bellunopress.it\\\/wp-content\\\/uploads\\\/2026\\\/04\\\/Marco-Zecchinato-assessore-regionale.jpg\",\"width\":320,\"height\":321,\"caption\":\"Marco Zecchinato - Assessore alla Cooperazione Interregionale - Governo del Territorio - Infrastrutture - Enti Locali e Riordino Territoriale\"},{\"@type\":\"BreadcrumbList\",\"@id\":\"https:\\\/\\\/www.bellunopress.it\\\/2026\\\/07\\\/21\\\/paesaggio-250mila-euro-lanno-di-contributi-alle-province-zecchinato-belluno-non-rientra-tra-i-beneficiari-del-contributo-perche-attualmente-non-esercita-questa-funzione\\\/#breadcrumb\",\"itemListElement\":[{\"@type\":\"ListItem\",\"position\":1,\"name\":\"Home\",\"item\":\"https:\\\/\\\/www.bellunopress.it\\\/\"},{\"@type\":\"ListItem\",\"position\":2,\"name\":\"Paesaggio, 250mila euro l&#8217;anno di contributi alle Province.\u00a0 Zecchinato: &#8220;Belluno non rientra tra i beneficiari del contributo\u00a0 perch\u00e9 attualmente non esercita questa funzione\"}]},{\"@type\":\"WebSite\",\"@id\":\"https:\\\/\\\/www.bellunopress.it\\\/#website\",\"url\":\"https:\\\/\\\/www.bellunopress.it\\\/\",\"name\":\"Bellunopress - Dolomiti\",\"description\":\"e-mail: redazione@bellunopress.it\",\"publisher\":{\"@id\":\"https:\\\/\\\/www.bellunopress.it\\\/#organization\"},\"potentialAction\":[{\"@type\":\"SearchAction\",\"target\":{\"@type\":\"EntryPoint\",\"urlTemplate\":\"https:\\\/\\\/www.bellunopress.it\\\/?s={search_term_string}\"},\"query-input\":{\"@type\":\"PropertyValueSpecification\",\"valueRequired\":true,\"valueName\":\"search_term_string\"}}],\"inLanguage\":\"fr-FR\"},{\"@type\":\"Organization\",\"@id\":\"https:\\\/\\\/www.bellunopress.it\\\/#organization\",\"name\":\"Bellunopress\",\"url\":\"https:\\\/\\\/www.bellunopress.it\\\/\",\"logo\":{\"@type\":\"ImageObject\",\"inLanguage\":\"fr-FR\",\"@id\":\"https:\\\/\\\/www.bellunopress.it\\\/#\\\/schema\\\/logo\\\/image\\\/\",\"url\":\"https:\\\/\\\/www.bellunopress.it\\\/wp-content\\\/uploads\\\/2011\\\/05\\\/cropped-logo-bellunopress-.jpg\",\"contentUrl\":\"https:\\\/\\\/www.bellunopress.it\\\/wp-content\\\/uploads\\\/2011\\\/05\\\/cropped-logo-bellunopress-.jpg\",\"width\":512,\"height\":512,\"caption\":\"Bellunopress\"},\"image\":{\"@id\":\"https:\\\/\\\/www.bellunopress.it\\\/#\\\/schema\\\/logo\\\/image\\\/\"},\"sameAs\":[\"https:\\\/\\\/www.facebook.com\\\/profile.php?id=100008943462799\",\"https:\\\/\\\/x.com\\\/bellunopress\",\"https:\\\/\\\/www.linkedin.com\\\/hp\\\/?dnr=JBzUWaJfMUw8vbXJJ2tVW5-I3jZKvC4wsoxE&amp;amp;amp;amp;amp;amp;trk=nav_responsive_tab_home\",\"https:\\\/\\\/www.youtube.com\\\/channel\\\/UCxL0wu1uN0_3_7hGG0306cw\"]},{\"@type\":\"Person\",\"@id\":\"https:\\\/\\\/www.bellunopress.it\\\/#\\\/schema\\\/person\\\/79bb06722b37ece1c03d3e94beb30d73\",\"name\":\"redazione\",\"image\":{\"@type\":\"ImageObject\",\"inLanguage\":\"fr-FR\",\"@id\":\"https:\\\/\\\/secure.gravatar.com\\\/avatar\\\/37d968a2e67a6fd04c169c4bdef102d0bc5d31b2546345219e348575eb80e9a0?s=96&d=mm&r=g\",\"url\":\"https:\\\/\\\/secure.gravatar.com\\\/avatar\\\/37d968a2e67a6fd04c169c4bdef102d0bc5d31b2546345219e348575eb80e9a0?s=96&d=mm&r=g\",\"contentUrl\":\"https:\\\/\\\/secure.gravatar.com\\\/avatar\\\/37d968a2e67a6fd04c169c4bdef102d0bc5d31b2546345219e348575eb80e9a0?s=96&d=mm&r=g\",\"caption\":\"redazione\"},\"sameAs\":[\"http:\\\/\\\/www.bellunopress.it\",\"https:\\\/\\\/x.com\\\/bellunopress\"],\"url\":\"https:\\\/\\\/www.bellunopress.it\\\/fr\\\/author\\\/redazione\\\/\"}]}<\/script>\n<!-- \/ Yoast SEO plugin. -->","yoast_head_json":{"title":"Paesaggio, 250mila euro l'anno di contributi alle Province.\u00a0 Zecchinato: \"Belluno non rientra tra i beneficiari del contributo\u00a0 perch\u00e9 attualmente non esercita questa funzione - Bellunopress - Dolomiti","robots":{"index":"index","follow":"follow","max-snippet":"max-snippet:-1","max-image-preview":"max-image-preview:large","max-video-preview":"max-video-preview:-1"},"canonical":"https:\/\/www.bellunopress.it\/fr\/2026\/07\/21\/paesaggio-250mila-euro-lanno-di-contributi-alle-province-zecchinato-belluno-non-rientra-tra-i-beneficiari-del-contributo-perche-attualmente-non-esercita-questa-funzione\/","og_locale":"fr_FR","og_type":"article","og_title":"Paesaggio, 250mila euro l'anno di contributi alle Province.\u00a0 Zecchinato: \"Belluno non rientra tra i beneficiari del contributo\u00a0 perch\u00e9 attualmente non esercita questa funzione - Bellunopress - Dolomiti","og_description":"Venezia, 21 luglio 2026\u00a0 &#8211;\u00a0\u00a0La Giunta regionale ha approvato il rinnovo dei contributi destinati alle Province\u00a0di Treviso, Padova, Rovigo, Verona, Vicenza e alla Citt\u00e0 Metropolitana di Venezia per lo svolgimento delle funzioni delegate in materia di autorizzazioni paesaggistiche. &#8220;Diamo continuit\u00e0 ad uno strumento che ha funzionato. Le rendicontazioni degli anni scorsi confermano che il contributo, [&hellip;]","og_url":"https:\/\/www.bellunopress.it\/fr\/2026\/07\/21\/paesaggio-250mila-euro-lanno-di-contributi-alle-province-zecchinato-belluno-non-rientra-tra-i-beneficiari-del-contributo-perche-attualmente-non-esercita-questa-funzione\/","og_site_name":"Bellunopress - Dolomiti","article_publisher":"https:\/\/www.facebook.com\/profile.php?id=100008943462799","article_published_time":"2026-07-21T14:20:00+00:00","og_image":[{"width":320,"height":321,"url":"https:\/\/www.bellunopress.it\/wp-content\/uploads\/2026\/04\/Marco-Zecchinato-assessore-regionale.jpg","type":"image\/jpeg"}],"author":"redazione","twitter_card":"summary_large_image","twitter_creator":"@bellunopress","twitter_site":"@bellunopress","twitter_misc":{"\u00c9crit par":"redazione","Dur\u00e9e de lecture estim\u00e9e":"2 minutes"},"schema":{"@context":"https:\/\/schema.org","@graph":[{"@type":"Article","@id":"https:\/\/www.bellunopress.it\/2026\/07\/21\/paesaggio-250mila-euro-lanno-di-contributi-alle-province-zecchinato-belluno-non-rientra-tra-i-beneficiari-del-contributo-perche-attualmente-non-esercita-questa-funzione\/#article","isPartOf":{"@id":"https:\/\/www.bellunopress.it\/2026\/07\/21\/paesaggio-250mila-euro-lanno-di-contributi-alle-province-zecchinato-belluno-non-rientra-tra-i-beneficiari-del-contributo-perche-attualmente-non-esercita-questa-funzione\/"},"author":{"name":"redazione","@id":"https:\/\/www.bellunopress.it\/#\/schema\/person\/79bb06722b37ece1c03d3e94beb30d73"},"headline":"Paesaggio, 250mila euro l&#8217;anno di contributi alle Province.\u00a0 Zecchinato: &#8220;Belluno non rientra tra i beneficiari del contributo\u00a0 perch\u00e9 attualmente non esercita questa funzione","datePublished":"2026-07-21T14:20:00+00:00","mainEntityOfPage":{"@id":"https:\/\/www.bellunopress.it\/2026\/07\/21\/paesaggio-250mila-euro-lanno-di-contributi-alle-province-zecchinato-belluno-non-rientra-tra-i-beneficiari-del-contributo-perche-attualmente-non-esercita-questa-funzione\/"},"wordCount":289,"publisher":{"@id":"https:\/\/www.bellunopress.it\/#organization"},"image":{"@id":"https:\/\/www.bellunopress.it\/2026\/07\/21\/paesaggio-250mila-euro-lanno-di-contributi-alle-province-zecchinato-belluno-non-rientra-tra-i-beneficiari-del-contributo-perche-attualmente-non-esercita-questa-funzione\/#primaryimage"},"thumbnailUrl":"https:\/\/www.bellunopress.it\/wp-content\/uploads\/2026\/04\/Marco-Zecchinato-assessore-regionale.jpg","articleSection":["Cronaca\/Politica","Prima Pagina"],"inLanguage":"fr-FR"},{"@type":"WebPage","@id":"https:\/\/www.bellunopress.it\/2026\/07\/21\/paesaggio-250mila-euro-lanno-di-contributi-alle-province-zecchinato-belluno-non-rientra-tra-i-beneficiari-del-contributo-perche-attualmente-non-esercita-questa-funzione\/","url":"https:\/\/www.bellunopress.it\/2026\/07\/21\/paesaggio-250mila-euro-lanno-di-contributi-alle-province-zecchinato-belluno-non-rientra-tra-i-beneficiari-del-contributo-perche-attualmente-non-esercita-questa-funzione\/","name":"Paesaggio, 250mila euro l'anno di contributi alle Province.\u00a0 Zecchinato: \"Belluno non rientra tra i beneficiari del contributo\u00a0 perch\u00e9 attualmente non esercita questa funzione - Bellunopress - Dolomiti","isPartOf":{"@id":"https:\/\/www.bellunopress.it\/#website"},"primaryImageOfPage":{"@id":"https:\/\/www.bellunopress.it\/2026\/07\/21\/paesaggio-250mila-euro-lanno-di-contributi-alle-province-zecchinato-belluno-non-rientra-tra-i-beneficiari-del-contributo-perche-attualmente-non-esercita-questa-funzione\/#primaryimage"},"image":{"@id":"https:\/\/www.bellunopress.it\/2026\/07\/21\/paesaggio-250mila-euro-lanno-di-contributi-alle-province-zecchinato-belluno-non-rientra-tra-i-beneficiari-del-contributo-perche-attualmente-non-esercita-questa-funzione\/#primaryimage"},"thumbnailUrl":"https:\/\/www.bellunopress.it\/wp-content\/uploads\/2026\/04\/Marco-Zecchinato-assessore-regionale.jpg","datePublished":"2026-07-21T14:20:00+00:00","breadcrumb":{"@id":"https:\/\/www.bellunopress.it\/2026\/07\/21\/paesaggio-250mila-euro-lanno-di-contributi-alle-province-zecchinato-belluno-non-rientra-tra-i-beneficiari-del-contributo-perche-attualmente-non-esercita-questa-funzione\/#breadcrumb"},"inLanguage":"fr-FR","potentialAction":[{"@type":"ReadAction","target":["https:\/\/www.bellunopress.it\/2026\/07\/21\/paesaggio-250mila-euro-lanno-di-contributi-alle-province-zecchinato-belluno-non-rientra-tra-i-beneficiari-del-contributo-perche-attualmente-non-esercita-questa-funzione\/"]}]},{"@type":"ImageObject","inLanguage":"fr-FR","@id":"https:\/\/www.bellunopress.it\/2026\/07\/21\/paesaggio-250mila-euro-lanno-di-contributi-alle-province-zecchinato-belluno-non-rientra-tra-i-beneficiari-del-contributo-perche-attualmente-non-esercita-questa-funzione\/#primaryimage","url":"https:\/\/www.bellunopress.it\/wp-content\/uploads\/2026\/04\/Marco-Zecchinato-assessore-regionale.jpg","contentUrl":"https:\/\/www.bellunopress.it\/wp-content\/uploads\/2026\/04\/Marco-Zecchinato-assessore-regionale.jpg","width":320,"height":321,"caption":"Marco Zecchinato - Assessore alla Cooperazione Interregionale - Governo del Territorio - Infrastrutture - Enti Locali e Riordino Territoriale"},{"@type":"BreadcrumbList","@id":"https:\/\/www.bellunopress.it\/2026\/07\/21\/paesaggio-250mila-euro-lanno-di-contributi-alle-province-zecchinato-belluno-non-rientra-tra-i-beneficiari-del-contributo-perche-attualmente-non-esercita-questa-funzione\/#breadcrumb","itemListElement":[{"@type":"ListItem","position":1,"name":"Home","item":"https:\/\/www.bellunopress.it\/"},{"@type":"ListItem","position":2,"name":"Paesaggio, 250mila euro l&#8217;anno di contributi alle Province.\u00a0 Zecchinato: &#8220;Belluno non rientra tra i beneficiari del contributo\u00a0 perch\u00e9 attualmente non esercita questa funzione"}]},{"@type":"WebSite","@id":"https:\/\/www.bellunopress.it\/#website","url":"https:\/\/www.bellunopress.it\/","name":"Bellunopress - Dolomiti","description":"e-mail: redazione@bellunopress.it","publisher":{"@id":"https:\/\/www.bellunopress.it\/#organization"},"potentialAction":[{"@type":"SearchAction","target":{"@type":"EntryPoint","urlTemplate":"https:\/\/www.bellunopress.it\/?s={search_term_string}"},"query-input":{"@type":"PropertyValueSpecification","valueRequired":true,"valueName":"search_term_string"}}],"inLanguage":"fr-FR"},{"@type":"Organization","@id":"https:\/\/www.bellunopress.it\/#organization","name":"Bellunopress","url":"https:\/\/www.bellunopress.it\/","logo":{"@type":"ImageObject","inLanguage":"fr-FR","@id":"https:\/\/www.bellunopress.it\/#\/schema\/logo\/image\/","url":"https:\/\/www.bellunopress.it\/wp-content\/uploads\/2011\/05\/cropped-logo-bellunopress-.jpg","contentUrl":"https:\/\/www.bellunopress.it\/wp-content\/uploads\/2011\/05\/cropped-logo-bellunopress-.jpg","width":512,"height":512,"caption":"Bellunopress"},"image":{"@id":"https:\/\/www.bellunopress.it\/#\/schema\/logo\/image\/"},"sameAs":["https:\/\/www.facebook.com\/profile.php?id=100008943462799","https:\/\/x.com\/bellunopress","https:\/\/www.linkedin.com\/hp\/?dnr=JBzUWaJfMUw8vbXJJ2tVW5-I3jZKvC4wsoxE&amp;amp;amp;amp;amp;amp;trk=nav_responsive_tab_home","https:\/\/www.youtube.com\/channel\/UCxL0wu1uN0_3_7hGG0306cw"]},{"@type":"Person","@id":"https:\/\/www.bellunopress.it\/#\/schema\/person\/79bb06722b37ece1c03d3e94beb30d73","name":"r\u00e9daction","image":{"@type":"ImageObject","inLanguage":"fr-FR","@id":"https:\/\/secure.gravatar.com\/avatar\/37d968a2e67a6fd04c169c4bdef102d0bc5d31b2546345219e348575eb80e9a0?s=96&d=mm&r=g","url":"https:\/\/secure.gravatar.com\/avatar\/37d968a2e67a6fd04c169c4bdef102d0bc5d31b2546345219e348575eb80e9a0?s=96&d=mm&r=g","contentUrl":"https:\/\/secure.gravatar.com\/avatar\/37d968a2e67a6fd04c169c4bdef102d0bc5d31b2546345219e348575eb80e9a0?s=96&d=mm&r=g","caption":"redazione"},"sameAs":["http:\/\/www.bellunopress.it","https:\/\/x.com\/bellunopress"],"url":"https:\/\/www.bellunopress.it\/fr\/author\/redazione\/"}]}},"_links":{"self":[{"href":"https:\/\/www.bellunopress.it\/fr\/wp-json\/wp\/v2\/posts\/172083","targetHints":{"allow":["GET"]}}],"collection":[{"href":"https:\/\/www.bellunopress.it\/fr\/wp-json\/wp\/v2\/posts"}],"about":[{"href":"https:\/\/www.bellunopress.it\/fr\/wp-json\/wp\/v2\/types\/post"}],"author":[{"embeddable":true,"href":"https:\/\/www.bellunopress.it\/fr\/wp-json\/wp\/v2\/users\/2"}],"replies":[{"embeddable":true,"href":"https:\/\/www.bellunopress.it\/fr\/wp-json\/wp\/v2\/comments?post=172083"}],"version-history":[{"count":1,"href":"https:\/\/www.bellunopress.it\/fr\/wp-json\/wp\/v2\/posts\/172083\/revisions"}],"predecessor-version":[{"id":172084,"href":"https:\/\/www.bellunopress.it\/fr\/wp-json\/wp\/v2\/posts\/172083\/revisions\/172084"}],"wp:featuredmedia":[{"embeddable":true,"href":"https:\/\/www.bellunopress.it\/fr\/wp-json\/wp\/v2\/media\/169619"}],"wp:attachment":[{"href":"https:\/\/www.bellunopress.it\/fr\/wp-json\/wp\/v2\/media?parent=172083"}],"wp:term":[{"taxonomy":"category","embeddable":true,"href":"https:\/\/www.bellunopress.it\/fr\/wp-json\/wp\/v2\/categories?post=172083"},{"taxonomy":"post_tag","embeddable":true,"href":"https:\/\/www.bellunopress.it\/fr\/wp-json\/wp\/v2\/tags?post=172083"}],"curies":[{"name":"wp","href":"https:\/\/api.w.org\/{rel}","templated":true}]}}