{"id":172067,"date":"2026-07-20T19:14:11","date_gmt":"2026-07-20T17:14:11","guid":{"rendered":"https:\/\/www.bellunopress.it\/?p=172067"},"modified":"2026-07-20T19:14:11","modified_gmt":"2026-07-20T17:14:11","slug":"francesco-de-bettin-nuovo-presidente-della-cciaa-tv-bl-le-congratulazioni-dellassessore-bitonci","status":"publish","type":"post","link":"https:\/\/www.bellunopress.it\/fr\/2026\/07\/20\/francesco-de-bettin-nuovo-presidente-della-cciaa-tv-bl-le-congratulazioni-dellassessore-bitonci\/","title":{"rendered":"Francesco De Bettin nuovo presidente della Cciaa TV-BL. Le congratulazioni dell&#8217;assessore Bitonci"},"content":{"rendered":"<p>Venezia, 20 luglio 2026\u00a0 &#8211;\u00a0\u00a0\u201cLe mie pi\u00f9 sentite congratulazioni a Francesco De Bettin (fondatore e presidente del gruppo delle tecnologie digitali Dba di Villorba)\u00a0per la sua elezione a Presidente della Camera di Commercio di Treviso-Belluno-Dolomiti\u201d.<\/p>\n<p>Cos\u00ec l\u2019assessore regionale allo Sviluppo Economico, Massimo Bitonci, commenta la nomina del nuovo vertice camerale, ente che rappresenta oltre 115mila imprese del territorio.<\/p>\n<p>\u201cLa CCIAA Treviso-Belluno \u2013 prosegue Bitonci \u2013 ha una caratteristica unica nel panorama regionale: sa tenere insieme due anime profondamente diverse ma complementari, quella delle Dolomiti e quella delle colline patrimonio UNESCO. Sono due territori con vocazioni economiche e produttive differenti, ma che condividono lo stesso spirito imprenditoriale, la stessa capacit\u00e0 di innovare senza perdere le proprie radici. Un equilibrio non scontato, che negli anni ha dimostrato di funzionare e di generare valore per l\u2019intero sistema economico veneto\u201d.<\/p>\n<p>L&#8217;Assessore evidenzia le sfide che attendono la nuova presidenza: \u201cIl territorio di Treviso e Belluno \u00e8 chiamato oggi ad affrontare passaggi cruciali per il proprio futuro: l&#8217;accompagnamento generazionale delle imprese, con il passaggio di competenze e responsabilit\u00e0 tra chi ha costruito e chi dovr\u00e0 innovare; l&#8217;integrazione dell&#8217;intelligenza artificiale nei processi produttivi e organizzativi; la transizione ecologica e digitale, che non \u00e8 pi\u00f9 rimandabile e che rappresenta al tempo stesso una sfida e una straordinaria opportunit\u00e0 di crescita. Sono certo che il neopresidente De Bettin sapr\u00e0 guidare con competenza e visione questo percorso, mettendo a frutto l&#8217;esperienza e la conoscenza profonda del tessuto imprenditoriale locale\u201d.<\/p>\n<p>Un pensiero, infine, va al presidente uscente: \u201cDesidero rivolgere un ringraziamento sincero a Mario Pozza per il lavoro svolto in questi 10 anni alla guida della Camera di Commercio. Il suo impegno ha contribuito in modo significativo allo sviluppo del territorio e al rafforzamento del dialogo tra istituzioni e mondo produttivo\u201d.<\/p>\n<p>\u201cLa Regione del Veneto \u2013 conclude Bitonci \u2013 conferma la propria piena disponibilit\u00e0 a proseguire una collaborazione istituzionale solida e proficua con la Camera di Commercio di Treviso-Belluno-Dolomiti, nella convinzione che solo attraverso un lavoro congiunto tra enti locali, categorie economiche e Regione si possano affrontare con successo le sfide dei prossimi anni\u201d.<\/p>\n<p>&nbsp;<\/p>","protected":false},"excerpt":{"rendered":"<p>Venezia, 20 luglio 2026\u00a0 &#8211;\u00a0\u00a0\u201cLe mie pi\u00f9 sentite congratulazioni a Francesco De Bettin (fondatore e presidente del gruppo delle tecnologie digitali Dba di Villorba)\u00a0per la sua elezione a Presidente della Camera di Commercio di Treviso-Belluno-Dolomiti\u201d. Cos\u00ec l\u2019assessore regionale allo Sviluppo Economico, Massimo Bitonci, commenta la nomina del nuovo vertice camerale, ente che rappresenta oltre 115mila [&hellip;]<\/p>\n","protected":false},"author":2,"featured_media":172068,"comment_status":"closed","ping_status":"open","sticky":false,"template":"","format":"standard","meta":{"footnotes":""},"categories":[36,26],"tags":[],"class_list":["post-172067","post","type-post","status-publish","format-standard","has-post-thumbnail","category-lavoro-economia","category-prima-pagina"],"yoast_head":"<!-- This site is optimized with the Yoast SEO plugin v28.4 - https:\/\/yoast.com\/product\/yoast-seo-wordpress\/ -->\n<title>Francesco De Bettin nuovo presidente della Cciaa TV-BL. Le congratulazioni dell&#039;assessore Bitonci - Bellunopress - Dolomiti<\/title>\n<meta name=\"robots\" content=\"index, follow, max-snippet:-1, max-image-preview:large, max-video-preview:-1\" \/>\n<link rel=\"canonical\" href=\"https:\/\/www.bellunopress.it\/fr\/2026\/07\/20\/francesco-de-bettin-nuovo-presidente-della-cciaa-tv-bl-le-congratulazioni-dellassessore-bitonci\/\" \/>\n<meta property=\"og:locale\" content=\"fr_FR\" \/>\n<meta property=\"og:type\" content=\"article\" \/>\n<meta property=\"og:title\" content=\"Francesco De Bettin nuovo presidente della Cciaa TV-BL. Le congratulazioni dell&#039;assessore Bitonci - Bellunopress - Dolomiti\" \/>\n<meta property=\"og:description\" content=\"Venezia, 20 luglio 2026\u00a0 &#8211;\u00a0\u00a0\u201cLe mie pi\u00f9 sentite congratulazioni a Francesco De Bettin (fondatore e presidente del gruppo delle tecnologie digitali Dba di Villorba)\u00a0per la sua elezione a Presidente della Camera di Commercio di Treviso-Belluno-Dolomiti\u201d. Cos\u00ec l\u2019assessore regionale allo Sviluppo Economico, Massimo Bitonci, commenta la nomina del nuovo vertice camerale, ente che rappresenta oltre 115mila [&hellip;]\" \/>\n<meta property=\"og:url\" content=\"https:\/\/www.bellunopress.it\/fr\/2026\/07\/20\/francesco-de-bettin-nuovo-presidente-della-cciaa-tv-bl-le-congratulazioni-dellassessore-bitonci\/\" \/>\n<meta property=\"og:site_name\" content=\"Bellunopress - Dolomiti\" \/>\n<meta property=\"article:publisher\" content=\"https:\/\/www.facebook.com\/profile.php?id=100008943462799\" \/>\n<meta property=\"article:published_time\" content=\"2026-07-20T17:14:11+00:00\" \/>\n<meta property=\"og:image\" content=\"https:\/\/www.bellunopress.it\/wp-content\/uploads\/2026\/07\/ing-Francesco-De-Bettin-DBA-Group.jpg\" \/>\n\t<meta property=\"og:image:width\" content=\"500\" \/>\n\t<meta property=\"og:image:height\" content=\"433\" \/>\n\t<meta property=\"og:image:type\" content=\"image\/jpeg\" \/>\n<meta name=\"author\" content=\"redazione\" \/>\n<meta name=\"twitter:card\" content=\"summary_large_image\" \/>\n<meta name=\"twitter:creator\" content=\"@bellunopress\" \/>\n<meta name=\"twitter:site\" content=\"@bellunopress\" \/>\n<meta name=\"twitter:label1\" content=\"Written by\" \/>\n\t<meta name=\"twitter:data1\" content=\"redazione\" \/>\n\t<meta name=\"twitter:label2\" content=\"Est. reading time\" \/>\n\t<meta name=\"twitter:data2\" content=\"3 minutes\" \/>\n<script type=\"application\/ld+json\" class=\"yoast-schema-graph\">{\"@context\":\"https:\\\/\\\/schema.org\",\"@graph\":[{\"@type\":\"Article\",\"@id\":\"https:\\\/\\\/www.bellunopress.it\\\/2026\\\/07\\\/20\\\/francesco-de-bettin-nuovo-presidente-della-cciaa-tv-bl-le-congratulazioni-dellassessore-bitonci\\\/#article\",\"isPartOf\":{\"@id\":\"https:\\\/\\\/www.bellunopress.it\\\/2026\\\/07\\\/20\\\/francesco-de-bettin-nuovo-presidente-della-cciaa-tv-bl-le-congratulazioni-dellassessore-bitonci\\\/\"},\"author\":{\"name\":\"redazione\",\"@id\":\"https:\\\/\\\/www.bellunopress.it\\\/#\\\/schema\\\/person\\\/79bb06722b37ece1c03d3e94beb30d73\"},\"headline\":\"Francesco De Bettin nuovo presidente della Cciaa TV-BL. Le congratulazioni dell&#8217;assessore Bitonci\",\"datePublished\":\"2026-07-20T17:14:11+00:00\",\"mainEntityOfPage\":{\"@id\":\"https:\\\/\\\/www.bellunopress.it\\\/2026\\\/07\\\/20\\\/francesco-de-bettin-nuovo-presidente-della-cciaa-tv-bl-le-congratulazioni-dellassessore-bitonci\\\/\"},\"wordCount\":358,\"publisher\":{\"@id\":\"https:\\\/\\\/www.bellunopress.it\\\/#organization\"},\"image\":{\"@id\":\"https:\\\/\\\/www.bellunopress.it\\\/2026\\\/07\\\/20\\\/francesco-de-bettin-nuovo-presidente-della-cciaa-tv-bl-le-congratulazioni-dellassessore-bitonci\\\/#primaryimage\"},\"thumbnailUrl\":\"https:\\\/\\\/www.bellunopress.it\\\/wp-content\\\/uploads\\\/2026\\\/07\\\/ing-Francesco-De-Bettin-DBA-Group.jpg\",\"articleSection\":[\"Lavoro, Economia, Turismo\",\"Prima Pagina\"],\"inLanguage\":\"fr-FR\"},{\"@type\":\"WebPage\",\"@id\":\"https:\\\/\\\/www.bellunopress.it\\\/2026\\\/07\\\/20\\\/francesco-de-bettin-nuovo-presidente-della-cciaa-tv-bl-le-congratulazioni-dellassessore-bitonci\\\/\",\"url\":\"https:\\\/\\\/www.bellunopress.it\\\/2026\\\/07\\\/20\\\/francesco-de-bettin-nuovo-presidente-della-cciaa-tv-bl-le-congratulazioni-dellassessore-bitonci\\\/\",\"name\":\"Francesco De Bettin nuovo presidente della Cciaa TV-BL. Le congratulazioni dell'assessore Bitonci - Bellunopress - Dolomiti\",\"isPartOf\":{\"@id\":\"https:\\\/\\\/www.bellunopress.it\\\/#website\"},\"primaryImageOfPage\":{\"@id\":\"https:\\\/\\\/www.bellunopress.it\\\/2026\\\/07\\\/20\\\/francesco-de-bettin-nuovo-presidente-della-cciaa-tv-bl-le-congratulazioni-dellassessore-bitonci\\\/#primaryimage\"},\"image\":{\"@id\":\"https:\\\/\\\/www.bellunopress.it\\\/2026\\\/07\\\/20\\\/francesco-de-bettin-nuovo-presidente-della-cciaa-tv-bl-le-congratulazioni-dellassessore-bitonci\\\/#primaryimage\"},\"thumbnailUrl\":\"https:\\\/\\\/www.bellunopress.it\\\/wp-content\\\/uploads\\\/2026\\\/07\\\/ing-Francesco-De-Bettin-DBA-Group.jpg\",\"datePublished\":\"2026-07-20T17:14:11+00:00\",\"breadcrumb\":{\"@id\":\"https:\\\/\\\/www.bellunopress.it\\\/2026\\\/07\\\/20\\\/francesco-de-bettin-nuovo-presidente-della-cciaa-tv-bl-le-congratulazioni-dellassessore-bitonci\\\/#breadcrumb\"},\"inLanguage\":\"fr-FR\",\"potentialAction\":[{\"@type\":\"ReadAction\",\"target\":[\"https:\\\/\\\/www.bellunopress.it\\\/2026\\\/07\\\/20\\\/francesco-de-bettin-nuovo-presidente-della-cciaa-tv-bl-le-congratulazioni-dellassessore-bitonci\\\/\"]}]},{\"@type\":\"ImageObject\",\"inLanguage\":\"fr-FR\",\"@id\":\"https:\\\/\\\/www.bellunopress.it\\\/2026\\\/07\\\/20\\\/francesco-de-bettin-nuovo-presidente-della-cciaa-tv-bl-le-congratulazioni-dellassessore-bitonci\\\/#primaryimage\",\"url\":\"https:\\\/\\\/www.bellunopress.it\\\/wp-content\\\/uploads\\\/2026\\\/07\\\/ing-Francesco-De-Bettin-DBA-Group.jpg\",\"contentUrl\":\"https:\\\/\\\/www.bellunopress.it\\\/wp-content\\\/uploads\\\/2026\\\/07\\\/ing-Francesco-De-Bettin-DBA-Group.jpg\",\"width\":500,\"height\":433,\"caption\":\"Ingegner Francesco De Bettin\"},{\"@type\":\"BreadcrumbList\",\"@id\":\"https:\\\/\\\/www.bellunopress.it\\\/2026\\\/07\\\/20\\\/francesco-de-bettin-nuovo-presidente-della-cciaa-tv-bl-le-congratulazioni-dellassessore-bitonci\\\/#breadcrumb\",\"itemListElement\":[{\"@type\":\"ListItem\",\"position\":1,\"name\":\"Home\",\"item\":\"https:\\\/\\\/www.bellunopress.it\\\/\"},{\"@type\":\"ListItem\",\"position\":2,\"name\":\"Francesco De Bettin nuovo presidente della Cciaa TV-BL. Le congratulazioni dell&#8217;assessore Bitonci\"}]},{\"@type\":\"WebSite\",\"@id\":\"https:\\\/\\\/www.bellunopress.it\\\/#website\",\"url\":\"https:\\\/\\\/www.bellunopress.it\\\/\",\"name\":\"Bellunopress - Dolomiti\",\"description\":\"e-mail: redazione@bellunopress.it\",\"publisher\":{\"@id\":\"https:\\\/\\\/www.bellunopress.it\\\/#organization\"},\"potentialAction\":[{\"@type\":\"SearchAction\",\"target\":{\"@type\":\"EntryPoint\",\"urlTemplate\":\"https:\\\/\\\/www.bellunopress.it\\\/?s={search_term_string}\"},\"query-input\":{\"@type\":\"PropertyValueSpecification\",\"valueRequired\":true,\"valueName\":\"search_term_string\"}}],\"inLanguage\":\"fr-FR\"},{\"@type\":\"Organization\",\"@id\":\"https:\\\/\\\/www.bellunopress.it\\\/#organization\",\"name\":\"Bellunopress\",\"url\":\"https:\\\/\\\/www.bellunopress.it\\\/\",\"logo\":{\"@type\":\"ImageObject\",\"inLanguage\":\"fr-FR\",\"@id\":\"https:\\\/\\\/www.bellunopress.it\\\/#\\\/schema\\\/logo\\\/image\\\/\",\"url\":\"https:\\\/\\\/www.bellunopress.it\\\/wp-content\\\/uploads\\\/2011\\\/05\\\/cropped-logo-bellunopress-.jpg\",\"contentUrl\":\"https:\\\/\\\/www.bellunopress.it\\\/wp-content\\\/uploads\\\/2011\\\/05\\\/cropped-logo-bellunopress-.jpg\",\"width\":512,\"height\":512,\"caption\":\"Bellunopress\"},\"image\":{\"@id\":\"https:\\\/\\\/www.bellunopress.it\\\/#\\\/schema\\\/logo\\\/image\\\/\"},\"sameAs\":[\"https:\\\/\\\/www.facebook.com\\\/profile.php?id=100008943462799\",\"https:\\\/\\\/x.com\\\/bellunopress\",\"https:\\\/\\\/www.linkedin.com\\\/hp\\\/?dnr=JBzUWaJfMUw8vbXJJ2tVW5-I3jZKvC4wsoxE&amp;amp;amp;amp;amp;amp;trk=nav_responsive_tab_home\",\"https:\\\/\\\/www.youtube.com\\\/channel\\\/UCxL0wu1uN0_3_7hGG0306cw\"]},{\"@type\":\"Person\",\"@id\":\"https:\\\/\\\/www.bellunopress.it\\\/#\\\/schema\\\/person\\\/79bb06722b37ece1c03d3e94beb30d73\",\"name\":\"redazione\",\"image\":{\"@type\":\"ImageObject\",\"inLanguage\":\"fr-FR\",\"@id\":\"https:\\\/\\\/secure.gravatar.com\\\/avatar\\\/37d968a2e67a6fd04c169c4bdef102d0bc5d31b2546345219e348575eb80e9a0?s=96&d=mm&r=g\",\"url\":\"https:\\\/\\\/secure.gravatar.com\\\/avatar\\\/37d968a2e67a6fd04c169c4bdef102d0bc5d31b2546345219e348575eb80e9a0?s=96&d=mm&r=g\",\"contentUrl\":\"https:\\\/\\\/secure.gravatar.com\\\/avatar\\\/37d968a2e67a6fd04c169c4bdef102d0bc5d31b2546345219e348575eb80e9a0?s=96&d=mm&r=g\",\"caption\":\"redazione\"},\"sameAs\":[\"http:\\\/\\\/www.bellunopress.it\",\"https:\\\/\\\/x.com\\\/bellunopress\"],\"url\":\"https:\\\/\\\/www.bellunopress.it\\\/fr\\\/author\\\/redazione\\\/\"}]}<\/script>\n<!-- \/ Yoast SEO plugin. -->","yoast_head_json":{"title":"Francesco De Bettin nuovo presidente della Cciaa TV-BL. Le congratulazioni dell'assessore Bitonci - Bellunopress - Dolomiti","robots":{"index":"index","follow":"follow","max-snippet":"max-snippet:-1","max-image-preview":"max-image-preview:large","max-video-preview":"max-video-preview:-1"},"canonical":"https:\/\/www.bellunopress.it\/fr\/2026\/07\/20\/francesco-de-bettin-nuovo-presidente-della-cciaa-tv-bl-le-congratulazioni-dellassessore-bitonci\/","og_locale":"fr_FR","og_type":"article","og_title":"Francesco De Bettin nuovo presidente della Cciaa TV-BL. Le congratulazioni dell'assessore Bitonci - Bellunopress - Dolomiti","og_description":"Venezia, 20 luglio 2026\u00a0 &#8211;\u00a0\u00a0\u201cLe mie pi\u00f9 sentite congratulazioni a Francesco De Bettin (fondatore e presidente del gruppo delle tecnologie digitali Dba di Villorba)\u00a0per la sua elezione a Presidente della Camera di Commercio di Treviso-Belluno-Dolomiti\u201d. Cos\u00ec l\u2019assessore regionale allo Sviluppo Economico, Massimo Bitonci, commenta la nomina del nuovo vertice camerale, ente che rappresenta oltre 115mila [&hellip;]","og_url":"https:\/\/www.bellunopress.it\/fr\/2026\/07\/20\/francesco-de-bettin-nuovo-presidente-della-cciaa-tv-bl-le-congratulazioni-dellassessore-bitonci\/","og_site_name":"Bellunopress - Dolomiti","article_publisher":"https:\/\/www.facebook.com\/profile.php?id=100008943462799","article_published_time":"2026-07-20T17:14:11+00:00","og_image":[{"width":500,"height":433,"url":"https:\/\/www.bellunopress.it\/wp-content\/uploads\/2026\/07\/ing-Francesco-De-Bettin-DBA-Group.jpg","type":"image\/jpeg"}],"author":"redazione","twitter_card":"summary_large_image","twitter_creator":"@bellunopress","twitter_site":"@bellunopress","twitter_misc":{"Written by":"redazione","Est. reading time":"3 minutes"},"schema":{"@context":"https:\/\/schema.org","@graph":[{"@type":"Article","@id":"https:\/\/www.bellunopress.it\/2026\/07\/20\/francesco-de-bettin-nuovo-presidente-della-cciaa-tv-bl-le-congratulazioni-dellassessore-bitonci\/#article","isPartOf":{"@id":"https:\/\/www.bellunopress.it\/2026\/07\/20\/francesco-de-bettin-nuovo-presidente-della-cciaa-tv-bl-le-congratulazioni-dellassessore-bitonci\/"},"author":{"name":"redazione","@id":"https:\/\/www.bellunopress.it\/#\/schema\/person\/79bb06722b37ece1c03d3e94beb30d73"},"headline":"Francesco De Bettin nuovo presidente della Cciaa TV-BL. Le congratulazioni dell&#8217;assessore Bitonci","datePublished":"2026-07-20T17:14:11+00:00","mainEntityOfPage":{"@id":"https:\/\/www.bellunopress.it\/2026\/07\/20\/francesco-de-bettin-nuovo-presidente-della-cciaa-tv-bl-le-congratulazioni-dellassessore-bitonci\/"},"wordCount":358,"publisher":{"@id":"https:\/\/www.bellunopress.it\/#organization"},"image":{"@id":"https:\/\/www.bellunopress.it\/2026\/07\/20\/francesco-de-bettin-nuovo-presidente-della-cciaa-tv-bl-le-congratulazioni-dellassessore-bitonci\/#primaryimage"},"thumbnailUrl":"https:\/\/www.bellunopress.it\/wp-content\/uploads\/2026\/07\/ing-Francesco-De-Bettin-DBA-Group.jpg","articleSection":["Lavoro, Economia, Turismo","Prima Pagina"],"inLanguage":"fr-FR"},{"@type":"WebPage","@id":"https:\/\/www.bellunopress.it\/2026\/07\/20\/francesco-de-bettin-nuovo-presidente-della-cciaa-tv-bl-le-congratulazioni-dellassessore-bitonci\/","url":"https:\/\/www.bellunopress.it\/2026\/07\/20\/francesco-de-bettin-nuovo-presidente-della-cciaa-tv-bl-le-congratulazioni-dellassessore-bitonci\/","name":"Francesco De Bettin nuovo presidente della Cciaa TV-BL. Le congratulazioni dell'assessore Bitonci - Bellunopress - Dolomiti","isPartOf":{"@id":"https:\/\/www.bellunopress.it\/#website"},"primaryImageOfPage":{"@id":"https:\/\/www.bellunopress.it\/2026\/07\/20\/francesco-de-bettin-nuovo-presidente-della-cciaa-tv-bl-le-congratulazioni-dellassessore-bitonci\/#primaryimage"},"image":{"@id":"https:\/\/www.bellunopress.it\/2026\/07\/20\/francesco-de-bettin-nuovo-presidente-della-cciaa-tv-bl-le-congratulazioni-dellassessore-bitonci\/#primaryimage"},"thumbnailUrl":"https:\/\/www.bellunopress.it\/wp-content\/uploads\/2026\/07\/ing-Francesco-De-Bettin-DBA-Group.jpg","datePublished":"2026-07-20T17:14:11+00:00","breadcrumb":{"@id":"https:\/\/www.bellunopress.it\/2026\/07\/20\/francesco-de-bettin-nuovo-presidente-della-cciaa-tv-bl-le-congratulazioni-dellassessore-bitonci\/#breadcrumb"},"inLanguage":"fr-FR","potentialAction":[{"@type":"ReadAction","target":["https:\/\/www.bellunopress.it\/2026\/07\/20\/francesco-de-bettin-nuovo-presidente-della-cciaa-tv-bl-le-congratulazioni-dellassessore-bitonci\/"]}]},{"@type":"ImageObject","inLanguage":"fr-FR","@id":"https:\/\/www.bellunopress.it\/2026\/07\/20\/francesco-de-bettin-nuovo-presidente-della-cciaa-tv-bl-le-congratulazioni-dellassessore-bitonci\/#primaryimage","url":"https:\/\/www.bellunopress.it\/wp-content\/uploads\/2026\/07\/ing-Francesco-De-Bettin-DBA-Group.jpg","contentUrl":"https:\/\/www.bellunopress.it\/wp-content\/uploads\/2026\/07\/ing-Francesco-De-Bettin-DBA-Group.jpg","width":500,"height":433,"caption":"Ingegner Francesco De Bettin"},{"@type":"BreadcrumbList","@id":"https:\/\/www.bellunopress.it\/2026\/07\/20\/francesco-de-bettin-nuovo-presidente-della-cciaa-tv-bl-le-congratulazioni-dellassessore-bitonci\/#breadcrumb","itemListElement":[{"@type":"ListItem","position":1,"name":"Home","item":"https:\/\/www.bellunopress.it\/"},{"@type":"ListItem","position":2,"name":"Francesco De Bettin nuovo presidente della Cciaa TV-BL. Le congratulazioni dell&#8217;assessore Bitonci"}]},{"@type":"WebSite","@id":"https:\/\/www.bellunopress.it\/#website","url":"https:\/\/www.bellunopress.it\/","name":"Bellunopress - Dolomiti","description":"e-mail: redazione@bellunopress.it","publisher":{"@id":"https:\/\/www.bellunopress.it\/#organization"},"potentialAction":[{"@type":"SearchAction","target":{"@type":"EntryPoint","urlTemplate":"https:\/\/www.bellunopress.it\/?s={search_term_string}"},"query-input":{"@type":"PropertyValueSpecification","valueRequired":true,"valueName":"search_term_string"}}],"inLanguage":"fr-FR"},{"@type":"Organization","@id":"https:\/\/www.bellunopress.it\/#organization","name":"Bellunopress","url":"https:\/\/www.bellunopress.it\/","logo":{"@type":"ImageObject","inLanguage":"fr-FR","@id":"https:\/\/www.bellunopress.it\/#\/schema\/logo\/image\/","url":"https:\/\/www.bellunopress.it\/wp-content\/uploads\/2011\/05\/cropped-logo-bellunopress-.jpg","contentUrl":"https:\/\/www.bellunopress.it\/wp-content\/uploads\/2011\/05\/cropped-logo-bellunopress-.jpg","width":512,"height":512,"caption":"Bellunopress"},"image":{"@id":"https:\/\/www.bellunopress.it\/#\/schema\/logo\/image\/"},"sameAs":["https:\/\/www.facebook.com\/profile.php?id=100008943462799","https:\/\/x.com\/bellunopress","https:\/\/www.linkedin.com\/hp\/?dnr=JBzUWaJfMUw8vbXJJ2tVW5-I3jZKvC4wsoxE&amp;amp;amp;amp;amp;amp;trk=nav_responsive_tab_home","https:\/\/www.youtube.com\/channel\/UCxL0wu1uN0_3_7hGG0306cw"]},{"@type":"Person","@id":"https:\/\/www.bellunopress.it\/#\/schema\/person\/79bb06722b37ece1c03d3e94beb30d73","name":"r\u00e9daction","image":{"@type":"ImageObject","inLanguage":"fr-FR","@id":"https:\/\/secure.gravatar.com\/avatar\/37d968a2e67a6fd04c169c4bdef102d0bc5d31b2546345219e348575eb80e9a0?s=96&d=mm&r=g","url":"https:\/\/secure.gravatar.com\/avatar\/37d968a2e67a6fd04c169c4bdef102d0bc5d31b2546345219e348575eb80e9a0?s=96&d=mm&r=g","contentUrl":"https:\/\/secure.gravatar.com\/avatar\/37d968a2e67a6fd04c169c4bdef102d0bc5d31b2546345219e348575eb80e9a0?s=96&d=mm&r=g","caption":"redazione"},"sameAs":["http:\/\/www.bellunopress.it","https:\/\/x.com\/bellunopress"],"url":"https:\/\/www.bellunopress.it\/fr\/author\/redazione\/"}]}},"_links":{"self":[{"href":"https:\/\/www.bellunopress.it\/fr\/wp-json\/wp\/v2\/posts\/172067","targetHints":{"allow":["GET"]}}],"collection":[{"href":"https:\/\/www.bellunopress.it\/fr\/wp-json\/wp\/v2\/posts"}],"about":[{"href":"https:\/\/www.bellunopress.it\/fr\/wp-json\/wp\/v2\/types\/post"}],"author":[{"embeddable":true,"href":"https:\/\/www.bellunopress.it\/fr\/wp-json\/wp\/v2\/users\/2"}],"replies":[{"embeddable":true,"href":"https:\/\/www.bellunopress.it\/fr\/wp-json\/wp\/v2\/comments?post=172067"}],"version-history":[{"count":1,"href":"https:\/\/www.bellunopress.it\/fr\/wp-json\/wp\/v2\/posts\/172067\/revisions"}],"predecessor-version":[{"id":172069,"href":"https:\/\/www.bellunopress.it\/fr\/wp-json\/wp\/v2\/posts\/172067\/revisions\/172069"}],"wp:featuredmedia":[{"embeddable":true,"href":"https:\/\/www.bellunopress.it\/fr\/wp-json\/wp\/v2\/media\/172068"}],"wp:attachment":[{"href":"https:\/\/www.bellunopress.it\/fr\/wp-json\/wp\/v2\/media?parent=172067"}],"wp:term":[{"taxonomy":"category","embeddable":true,"href":"https:\/\/www.bellunopress.it\/fr\/wp-json\/wp\/v2\/categories?post=172067"},{"taxonomy":"post_tag","embeddable":true,"href":"https:\/\/www.bellunopress.it\/fr\/wp-json\/wp\/v2\/tags?post=172067"}],"curies":[{"name":"wp","href":"https:\/\/api.w.org\/{rel}","templated":true}]}}