{"id":172058,"date":"2026-07-20T18:15:36","date_gmt":"2026-07-20T16:15:36","guid":{"rendered":"https:\/\/www.bellunopress.it\/?p=172058"},"modified":"2026-07-20T18:15:36","modified_gmt":"2026-07-20T16:15:36","slug":"filosofia-e-geopolitica-nel-tempo-del-caos-polis-futura-analizza-il-libro-kaos-di-cacciari-ed-esposito","status":"publish","type":"post","link":"https:\/\/www.bellunopress.it\/fr\/2026\/07\/20\/filosofia-e-geopolitica-nel-tempo-del-caos-polis-futura-analizza-il-libro-kaos-di-cacciari-ed-esposito\/","title":{"rendered":"Filosofia e geopolitica nel tempo del caos: Polis Futura analizza il libro Kaos di Cacciari ed Esposito"},"content":{"rendered":"<p>Venerd\u00ec 24 luglio, alle ore 17.00, Polis Futura invita cittadini, studenti e appassionati di politica e filosofia a partecipare a un aperitivo-incontro presso il Letterarium di Piazza Piloni 7 a Belluno.<\/p>\n<p>L&#8217;iniziativa, aperta a tutti, sar\u00e0 dedicata alla discussione del libro &#8220;Krisis &amp; Kaos. La guerra e il destino del politico&#8221; di Massimo Cacciari e Roberto Esposito, un&#8217;opera che affronta alcune delle questioni pi\u00f9 urgenti del nostro tempo: il disordine geopolitico mondiale, il ritorno dei conflitti, la crisi dell&#8217;ordine internazionale e il ruolo della politica in una realt\u00e0 sempre pi\u00f9 complessa.<\/p>\n<p>A guidare l&#8217;incontro saranno Luigi Filippo Daniele, presidente di Polis Futura, e Matteo Mul\u00e8, vicepresidente dell&#8217;associazione, che presenteranno i principali contenuti del volume e offriranno alcuni spunti di riflessione sulle prospettive della situazione geopolitica contemporanea, stimolando un confronto aperto con il pubblico.<\/p>\n<p>Secondo Cacciari ed Esposito, il caos che caratterizza il mondo di oggi non rappresenta una crisi temporanea destinata a essere superata, ma costituisce una condizione strutturale della modernit\u00e0, generata dal conflitto tra la globalizzazione tecnica ed economica e il tentativo degli Stati di riaffermare la propria sovranit\u00e0 politica. In questo scenario, la guerra torna a essere uno degli strumenti attraverso cui si ridefiniscono gli equilibri internazionali, mentre la politica \u00e8 chiamata a confrontarsi con trasformazioni profonde che mettono in discussione le categorie tradizionali.<\/p>\n<p>L&#8217;incontro non si limiter\u00e0 alla presentazione del libro, ma prender\u00e0 avvio dalle sue riflessioni per approfondire uno dei concetti centrali del pensiero di Massimo Cacciari: quello di Krisis.<\/p>\n<p>Pubblicato nel 1976, Krisis rappresenta una delle opere pi\u00f9 significative del filosofo veneziano. In un momento storico segnato dalla crisi del marxismo tradizionale e dello storicismo italiano, Cacciari propone una lettura radicalmente diversa della crisi: essa non \u00e8 una semplice anomalia da correggere n\u00e9 una fase transitoria, ma costituisce il principio stesso attraverso cui si sviluppa la modernit\u00e0. La crisi diventa cos\u00ec una condizione permanente della politica, dell&#8217;economia, della cultura e della societ\u00e0.<br \/>\nAttraverso il concetto di &#8220;pensiero negativo&#8221;, ispirato soprattutto a Friedrich Nietzsche e Ludwig Wittgenstein, Cacciari mette in discussione l&#8217;idea che la filosofia possa risolvere definitivamente le contraddizioni della realt\u00e0. Al contrario, il pensiero moderno deve imparare ad abitare il conflitto, il limite, la pluralit\u00e0 dei linguaggi e l&#8217;assenza di fondamenti assoluti.<br \/>\nQuesta riflessione si estende anche alla scienza, all&#8217;economia e alla cultura europea di fine Ottocento, mostrando come la crisi abbia investito ogni ambito della conoscenza. Da Ernst Mach alla scuola economica austriaca, fino alla grande stagione della Vienna di Musil, Kraus, Rilke e Trakl, emerge una modernit\u00e0 caratterizzata dalla dissoluzione delle certezze e dalla ricerca di nuovi paradigmi interpretativi.<\/p>\n<p>Dal punto di vista politico, Krisis propone una tesi particolarmente originale: il capitalismo non viene travolto dalle proprie crisi, ma tende a riorganizzarsi proprio attraverso di esse. La crisi non coincide quindi con il collasso del sistema, bens\u00ec con il suo continuo processo di trasformazione, razionalizzazione e adattamento.<\/p>\n<p>Partendo da queste categorie filosofiche, il dibattito si sposter\u00e0 sul presente, affrontando le grandi sfide geopolitiche del XXI secolo e interrogandosi sul significato della politica oggi. Si discuter\u00e0 della politica intesa come logos del futuro, cio\u00e8 come capacit\u00e0 di interpretare il presente per costruire una visione della societ\u00e0, e di come queste riflessioni possano tradursi anche nella dimensione locale.<\/p>\n<p>Uno spazio particolare sar\u00e0 dedicato infatti alle prospettive della citt\u00e0 di Belluno e del territorio, riflettendo su come il pensiero politico possa contribuire a immaginare il futuro della comunit\u00e0 locale, delle istituzioni e della partecipazione civica.<\/p>\n<p>L&#8217;incontro si svolger\u00e0 in un clima informale e partecipativo: dopo gli interventi introduttivi, il pubblico sar\u00e0 invitato a intervenire con domande, osservazioni e contributi, trasformando l&#8217;aperitivo in un momento di dialogo e confronto aperto.<\/p>\n<p>Polis Futura rinnova cos\u00ec il proprio impegno nella promozione della cultura politica e filosofica, nella convinzione che comprendere i grandi cambiamenti del nostro tempo rappresenti il primo passo per costruire, insieme, il futuro della nostra comunit\u00e0.<\/p>","protected":false},"excerpt":{"rendered":"<p>Venerd\u00ec 24 luglio, alle ore 17.00, Polis Futura invita cittadini, studenti e appassionati di politica e filosofia a partecipare a un aperitivo-incontro presso il Letterarium di Piazza Piloni 7 a Belluno. L&#8217;iniziativa, aperta a tutti, sar\u00e0 dedicata alla discussione del libro &#8220;Krisis &amp; Kaos. La guerra e il destino del politico&#8221; di Massimo Cacciari e [&hellip;]<\/p>\n","protected":false},"author":2,"featured_media":172060,"comment_status":"closed","ping_status":"open","sticky":false,"template":"","format":"standard","meta":{"footnotes":""},"categories":[27,3,25],"tags":[],"class_list":["post-172058","post","type-post","status-publish","format-standard","has-post-thumbnail","category-appuntamenti","category-arte-cultura-spettacoli-scienza-archivi","category-pausa-caffe"],"yoast_head":"<!-- This site is optimized with the Yoast SEO plugin v28.4 - https:\/\/yoast.com\/product\/yoast-seo-wordpress\/ -->\n<title>Filosofia e geopolitica nel tempo del caos: Polis Futura analizza il libro Kaos di Cacciari ed Esposito - Bellunopress - Dolomiti<\/title>\n<meta name=\"robots\" content=\"index, follow, max-snippet:-1, max-image-preview:large, max-video-preview:-1\" \/>\n<link rel=\"canonical\" href=\"https:\/\/www.bellunopress.it\/fr\/2026\/07\/20\/filosofia-e-geopolitica-nel-tempo-del-caos-polis-futura-analizza-il-libro-kaos-di-cacciari-ed-esposito\/\" \/>\n<meta property=\"og:locale\" content=\"fr_FR\" \/>\n<meta property=\"og:type\" content=\"article\" \/>\n<meta property=\"og:title\" content=\"Filosofia e geopolitica nel tempo del caos: Polis Futura analizza il libro Kaos di Cacciari ed Esposito - Bellunopress - Dolomiti\" \/>\n<meta property=\"og:description\" content=\"Venerd\u00ec 24 luglio, alle ore 17.00, Polis Futura invita cittadini, studenti e appassionati di politica e filosofia a partecipare a un aperitivo-incontro presso il Letterarium di Piazza Piloni 7 a Belluno. L&#8217;iniziativa, aperta a tutti, sar\u00e0 dedicata alla discussione del libro &#8220;Krisis &amp; Kaos. La guerra e il destino del politico&#8221; di Massimo Cacciari e [&hellip;]\" \/>\n<meta property=\"og:url\" content=\"https:\/\/www.bellunopress.it\/fr\/2026\/07\/20\/filosofia-e-geopolitica-nel-tempo-del-caos-polis-futura-analizza-il-libro-kaos-di-cacciari-ed-esposito\/\" \/>\n<meta property=\"og:site_name\" content=\"Bellunopress - Dolomiti\" \/>\n<meta property=\"article:publisher\" content=\"https:\/\/www.facebook.com\/profile.php?id=100008943462799\" \/>\n<meta property=\"article:published_time\" content=\"2026-07-20T16:15:36+00:00\" \/>\n<meta property=\"og:image\" content=\"https:\/\/www.bellunopress.it\/wp-content\/uploads\/2026\/07\/Polis-Futura-Luigi-Filippo-Daniele.jpg\" \/>\n\t<meta property=\"og:image:width\" content=\"900\" \/>\n\t<meta property=\"og:image:height\" content=\"205\" \/>\n\t<meta property=\"og:image:type\" content=\"image\/jpeg\" \/>\n<meta name=\"author\" content=\"redazione\" \/>\n<meta name=\"twitter:card\" content=\"summary_large_image\" \/>\n<meta name=\"twitter:creator\" content=\"@bellunopress\" \/>\n<meta name=\"twitter:site\" content=\"@bellunopress\" \/>\n<meta name=\"twitter:label1\" content=\"\u00c9crit par\" \/>\n\t<meta name=\"twitter:data1\" content=\"redazione\" \/>\n\t<meta name=\"twitter:label2\" content=\"Dur\u00e9e de lecture estim\u00e9e\" \/>\n\t<meta name=\"twitter:data2\" content=\"4 minutes\" \/>\n<script type=\"application\/ld+json\" class=\"yoast-schema-graph\">{\"@context\":\"https:\\\/\\\/schema.org\",\"@graph\":[{\"@type\":\"Article\",\"@id\":\"https:\\\/\\\/www.bellunopress.it\\\/2026\\\/07\\\/20\\\/filosofia-e-geopolitica-nel-tempo-del-caos-polis-futura-analizza-il-libro-kaos-di-cacciari-ed-esposito\\\/#article\",\"isPartOf\":{\"@id\":\"https:\\\/\\\/www.bellunopress.it\\\/2026\\\/07\\\/20\\\/filosofia-e-geopolitica-nel-tempo-del-caos-polis-futura-analizza-il-libro-kaos-di-cacciari-ed-esposito\\\/\"},\"author\":{\"name\":\"redazione\",\"@id\":\"https:\\\/\\\/www.bellunopress.it\\\/#\\\/schema\\\/person\\\/79bb06722b37ece1c03d3e94beb30d73\"},\"headline\":\"Filosofia e geopolitica nel tempo del caos: Polis Futura analizza il libro Kaos di Cacciari ed Esposito\",\"datePublished\":\"2026-07-20T16:15:36+00:00\",\"mainEntityOfPage\":{\"@id\":\"https:\\\/\\\/www.bellunopress.it\\\/2026\\\/07\\\/20\\\/filosofia-e-geopolitica-nel-tempo-del-caos-polis-futura-analizza-il-libro-kaos-di-cacciari-ed-esposito\\\/\"},\"wordCount\":663,\"publisher\":{\"@id\":\"https:\\\/\\\/www.bellunopress.it\\\/#organization\"},\"image\":{\"@id\":\"https:\\\/\\\/www.bellunopress.it\\\/2026\\\/07\\\/20\\\/filosofia-e-geopolitica-nel-tempo-del-caos-polis-futura-analizza-il-libro-kaos-di-cacciari-ed-esposito\\\/#primaryimage\"},\"thumbnailUrl\":\"https:\\\/\\\/www.bellunopress.it\\\/wp-content\\\/uploads\\\/2026\\\/07\\\/Polis-Futura-Luigi-Filippo-Daniele.jpg\",\"articleSection\":[\"Appuntamenti, Eventi\",\"Arte, Cultura, Spettacoli, Scienza\",\"Pausa Caff\u00e8\"],\"inLanguage\":\"fr-FR\"},{\"@type\":\"WebPage\",\"@id\":\"https:\\\/\\\/www.bellunopress.it\\\/2026\\\/07\\\/20\\\/filosofia-e-geopolitica-nel-tempo-del-caos-polis-futura-analizza-il-libro-kaos-di-cacciari-ed-esposito\\\/\",\"url\":\"https:\\\/\\\/www.bellunopress.it\\\/2026\\\/07\\\/20\\\/filosofia-e-geopolitica-nel-tempo-del-caos-polis-futura-analizza-il-libro-kaos-di-cacciari-ed-esposito\\\/\",\"name\":\"Filosofia e geopolitica nel tempo del caos: Polis Futura analizza il libro Kaos di Cacciari ed Esposito - Bellunopress - Dolomiti\",\"isPartOf\":{\"@id\":\"https:\\\/\\\/www.bellunopress.it\\\/#website\"},\"primaryImageOfPage\":{\"@id\":\"https:\\\/\\\/www.bellunopress.it\\\/2026\\\/07\\\/20\\\/filosofia-e-geopolitica-nel-tempo-del-caos-polis-futura-analizza-il-libro-kaos-di-cacciari-ed-esposito\\\/#primaryimage\"},\"image\":{\"@id\":\"https:\\\/\\\/www.bellunopress.it\\\/2026\\\/07\\\/20\\\/filosofia-e-geopolitica-nel-tempo-del-caos-polis-futura-analizza-il-libro-kaos-di-cacciari-ed-esposito\\\/#primaryimage\"},\"thumbnailUrl\":\"https:\\\/\\\/www.bellunopress.it\\\/wp-content\\\/uploads\\\/2026\\\/07\\\/Polis-Futura-Luigi-Filippo-Daniele.jpg\",\"datePublished\":\"2026-07-20T16:15:36+00:00\",\"breadcrumb\":{\"@id\":\"https:\\\/\\\/www.bellunopress.it\\\/2026\\\/07\\\/20\\\/filosofia-e-geopolitica-nel-tempo-del-caos-polis-futura-analizza-il-libro-kaos-di-cacciari-ed-esposito\\\/#breadcrumb\"},\"inLanguage\":\"fr-FR\",\"potentialAction\":[{\"@type\":\"ReadAction\",\"target\":[\"https:\\\/\\\/www.bellunopress.it\\\/2026\\\/07\\\/20\\\/filosofia-e-geopolitica-nel-tempo-del-caos-polis-futura-analizza-il-libro-kaos-di-cacciari-ed-esposito\\\/\"]}]},{\"@type\":\"ImageObject\",\"inLanguage\":\"fr-FR\",\"@id\":\"https:\\\/\\\/www.bellunopress.it\\\/2026\\\/07\\\/20\\\/filosofia-e-geopolitica-nel-tempo-del-caos-polis-futura-analizza-il-libro-kaos-di-cacciari-ed-esposito\\\/#primaryimage\",\"url\":\"https:\\\/\\\/www.bellunopress.it\\\/wp-content\\\/uploads\\\/2026\\\/07\\\/Polis-Futura-Luigi-Filippo-Daniele.jpg\",\"contentUrl\":\"https:\\\/\\\/www.bellunopress.it\\\/wp-content\\\/uploads\\\/2026\\\/07\\\/Polis-Futura-Luigi-Filippo-Daniele.jpg\",\"width\":900,\"height\":205},{\"@type\":\"BreadcrumbList\",\"@id\":\"https:\\\/\\\/www.bellunopress.it\\\/2026\\\/07\\\/20\\\/filosofia-e-geopolitica-nel-tempo-del-caos-polis-futura-analizza-il-libro-kaos-di-cacciari-ed-esposito\\\/#breadcrumb\",\"itemListElement\":[{\"@type\":\"ListItem\",\"position\":1,\"name\":\"Home\",\"item\":\"https:\\\/\\\/www.bellunopress.it\\\/\"},{\"@type\":\"ListItem\",\"position\":2,\"name\":\"Filosofia e geopolitica nel tempo del caos: Polis Futura analizza il libro Kaos di Cacciari ed Esposito\"}]},{\"@type\":\"WebSite\",\"@id\":\"https:\\\/\\\/www.bellunopress.it\\\/#website\",\"url\":\"https:\\\/\\\/www.bellunopress.it\\\/\",\"name\":\"Bellunopress - Dolomiti\",\"description\":\"e-mail: redazione@bellunopress.it\",\"publisher\":{\"@id\":\"https:\\\/\\\/www.bellunopress.it\\\/#organization\"},\"potentialAction\":[{\"@type\":\"SearchAction\",\"target\":{\"@type\":\"EntryPoint\",\"urlTemplate\":\"https:\\\/\\\/www.bellunopress.it\\\/?s={search_term_string}\"},\"query-input\":{\"@type\":\"PropertyValueSpecification\",\"valueRequired\":true,\"valueName\":\"search_term_string\"}}],\"inLanguage\":\"fr-FR\"},{\"@type\":\"Organization\",\"@id\":\"https:\\\/\\\/www.bellunopress.it\\\/#organization\",\"name\":\"Bellunopress\",\"url\":\"https:\\\/\\\/www.bellunopress.it\\\/\",\"logo\":{\"@type\":\"ImageObject\",\"inLanguage\":\"fr-FR\",\"@id\":\"https:\\\/\\\/www.bellunopress.it\\\/#\\\/schema\\\/logo\\\/image\\\/\",\"url\":\"https:\\\/\\\/www.bellunopress.it\\\/wp-content\\\/uploads\\\/2011\\\/05\\\/cropped-logo-bellunopress-.jpg\",\"contentUrl\":\"https:\\\/\\\/www.bellunopress.it\\\/wp-content\\\/uploads\\\/2011\\\/05\\\/cropped-logo-bellunopress-.jpg\",\"width\":512,\"height\":512,\"caption\":\"Bellunopress\"},\"image\":{\"@id\":\"https:\\\/\\\/www.bellunopress.it\\\/#\\\/schema\\\/logo\\\/image\\\/\"},\"sameAs\":[\"https:\\\/\\\/www.facebook.com\\\/profile.php?id=100008943462799\",\"https:\\\/\\\/x.com\\\/bellunopress\",\"https:\\\/\\\/www.linkedin.com\\\/hp\\\/?dnr=JBzUWaJfMUw8vbXJJ2tVW5-I3jZKvC4wsoxE&amp;amp;amp;amp;amp;amp;trk=nav_responsive_tab_home\",\"https:\\\/\\\/www.youtube.com\\\/channel\\\/UCxL0wu1uN0_3_7hGG0306cw\"]},{\"@type\":\"Person\",\"@id\":\"https:\\\/\\\/www.bellunopress.it\\\/#\\\/schema\\\/person\\\/79bb06722b37ece1c03d3e94beb30d73\",\"name\":\"redazione\",\"image\":{\"@type\":\"ImageObject\",\"inLanguage\":\"fr-FR\",\"@id\":\"https:\\\/\\\/secure.gravatar.com\\\/avatar\\\/37d968a2e67a6fd04c169c4bdef102d0bc5d31b2546345219e348575eb80e9a0?s=96&d=mm&r=g\",\"url\":\"https:\\\/\\\/secure.gravatar.com\\\/avatar\\\/37d968a2e67a6fd04c169c4bdef102d0bc5d31b2546345219e348575eb80e9a0?s=96&d=mm&r=g\",\"contentUrl\":\"https:\\\/\\\/secure.gravatar.com\\\/avatar\\\/37d968a2e67a6fd04c169c4bdef102d0bc5d31b2546345219e348575eb80e9a0?s=96&d=mm&r=g\",\"caption\":\"redazione\"},\"sameAs\":[\"http:\\\/\\\/www.bellunopress.it\",\"https:\\\/\\\/x.com\\\/bellunopress\"],\"url\":\"https:\\\/\\\/www.bellunopress.it\\\/fr\\\/author\\\/redazione\\\/\"}]}<\/script>\n<!-- \/ Yoast SEO plugin. -->","yoast_head_json":{"title":"Filosofia e geopolitica nel tempo del caos: Polis Futura analizza il libro Kaos di Cacciari ed Esposito - Bellunopress - Dolomiti","robots":{"index":"index","follow":"follow","max-snippet":"max-snippet:-1","max-image-preview":"max-image-preview:large","max-video-preview":"max-video-preview:-1"},"canonical":"https:\/\/www.bellunopress.it\/fr\/2026\/07\/20\/filosofia-e-geopolitica-nel-tempo-del-caos-polis-futura-analizza-il-libro-kaos-di-cacciari-ed-esposito\/","og_locale":"fr_FR","og_type":"article","og_title":"Filosofia e geopolitica nel tempo del caos: Polis Futura analizza il libro Kaos di Cacciari ed Esposito - Bellunopress - Dolomiti","og_description":"Venerd\u00ec 24 luglio, alle ore 17.00, Polis Futura invita cittadini, studenti e appassionati di politica e filosofia a partecipare a un aperitivo-incontro presso il Letterarium di Piazza Piloni 7 a Belluno. L&#8217;iniziativa, aperta a tutti, sar\u00e0 dedicata alla discussione del libro &#8220;Krisis &amp; Kaos. La guerra e il destino del politico&#8221; di Massimo Cacciari e [&hellip;]","og_url":"https:\/\/www.bellunopress.it\/fr\/2026\/07\/20\/filosofia-e-geopolitica-nel-tempo-del-caos-polis-futura-analizza-il-libro-kaos-di-cacciari-ed-esposito\/","og_site_name":"Bellunopress - Dolomiti","article_publisher":"https:\/\/www.facebook.com\/profile.php?id=100008943462799","article_published_time":"2026-07-20T16:15:36+00:00","og_image":[{"width":900,"height":205,"url":"https:\/\/www.bellunopress.it\/wp-content\/uploads\/2026\/07\/Polis-Futura-Luigi-Filippo-Daniele.jpg","type":"image\/jpeg"}],"author":"redazione","twitter_card":"summary_large_image","twitter_creator":"@bellunopress","twitter_site":"@bellunopress","twitter_misc":{"\u00c9crit par":"redazione","Dur\u00e9e de lecture estim\u00e9e":"4 minutes"},"schema":{"@context":"https:\/\/schema.org","@graph":[{"@type":"Article","@id":"https:\/\/www.bellunopress.it\/2026\/07\/20\/filosofia-e-geopolitica-nel-tempo-del-caos-polis-futura-analizza-il-libro-kaos-di-cacciari-ed-esposito\/#article","isPartOf":{"@id":"https:\/\/www.bellunopress.it\/2026\/07\/20\/filosofia-e-geopolitica-nel-tempo-del-caos-polis-futura-analizza-il-libro-kaos-di-cacciari-ed-esposito\/"},"author":{"name":"redazione","@id":"https:\/\/www.bellunopress.it\/#\/schema\/person\/79bb06722b37ece1c03d3e94beb30d73"},"headline":"Filosofia e geopolitica nel tempo del caos: Polis Futura analizza il libro Kaos di Cacciari ed Esposito","datePublished":"2026-07-20T16:15:36+00:00","mainEntityOfPage":{"@id":"https:\/\/www.bellunopress.it\/2026\/07\/20\/filosofia-e-geopolitica-nel-tempo-del-caos-polis-futura-analizza-il-libro-kaos-di-cacciari-ed-esposito\/"},"wordCount":663,"publisher":{"@id":"https:\/\/www.bellunopress.it\/#organization"},"image":{"@id":"https:\/\/www.bellunopress.it\/2026\/07\/20\/filosofia-e-geopolitica-nel-tempo-del-caos-polis-futura-analizza-il-libro-kaos-di-cacciari-ed-esposito\/#primaryimage"},"thumbnailUrl":"https:\/\/www.bellunopress.it\/wp-content\/uploads\/2026\/07\/Polis-Futura-Luigi-Filippo-Daniele.jpg","articleSection":["Appuntamenti, Eventi","Arte, Cultura, Spettacoli, Scienza","Pausa Caff\u00e8"],"inLanguage":"fr-FR"},{"@type":"WebPage","@id":"https:\/\/www.bellunopress.it\/2026\/07\/20\/filosofia-e-geopolitica-nel-tempo-del-caos-polis-futura-analizza-il-libro-kaos-di-cacciari-ed-esposito\/","url":"https:\/\/www.bellunopress.it\/2026\/07\/20\/filosofia-e-geopolitica-nel-tempo-del-caos-polis-futura-analizza-il-libro-kaos-di-cacciari-ed-esposito\/","name":"Filosofia e geopolitica nel tempo del caos: Polis Futura analizza il libro Kaos di Cacciari ed Esposito - Bellunopress - Dolomiti","isPartOf":{"@id":"https:\/\/www.bellunopress.it\/#website"},"primaryImageOfPage":{"@id":"https:\/\/www.bellunopress.it\/2026\/07\/20\/filosofia-e-geopolitica-nel-tempo-del-caos-polis-futura-analizza-il-libro-kaos-di-cacciari-ed-esposito\/#primaryimage"},"image":{"@id":"https:\/\/www.bellunopress.it\/2026\/07\/20\/filosofia-e-geopolitica-nel-tempo-del-caos-polis-futura-analizza-il-libro-kaos-di-cacciari-ed-esposito\/#primaryimage"},"thumbnailUrl":"https:\/\/www.bellunopress.it\/wp-content\/uploads\/2026\/07\/Polis-Futura-Luigi-Filippo-Daniele.jpg","datePublished":"2026-07-20T16:15:36+00:00","breadcrumb":{"@id":"https:\/\/www.bellunopress.it\/2026\/07\/20\/filosofia-e-geopolitica-nel-tempo-del-caos-polis-futura-analizza-il-libro-kaos-di-cacciari-ed-esposito\/#breadcrumb"},"inLanguage":"fr-FR","potentialAction":[{"@type":"ReadAction","target":["https:\/\/www.bellunopress.it\/2026\/07\/20\/filosofia-e-geopolitica-nel-tempo-del-caos-polis-futura-analizza-il-libro-kaos-di-cacciari-ed-esposito\/"]}]},{"@type":"ImageObject","inLanguage":"fr-FR","@id":"https:\/\/www.bellunopress.it\/2026\/07\/20\/filosofia-e-geopolitica-nel-tempo-del-caos-polis-futura-analizza-il-libro-kaos-di-cacciari-ed-esposito\/#primaryimage","url":"https:\/\/www.bellunopress.it\/wp-content\/uploads\/2026\/07\/Polis-Futura-Luigi-Filippo-Daniele.jpg","contentUrl":"https:\/\/www.bellunopress.it\/wp-content\/uploads\/2026\/07\/Polis-Futura-Luigi-Filippo-Daniele.jpg","width":900,"height":205},{"@type":"BreadcrumbList","@id":"https:\/\/www.bellunopress.it\/2026\/07\/20\/filosofia-e-geopolitica-nel-tempo-del-caos-polis-futura-analizza-il-libro-kaos-di-cacciari-ed-esposito\/#breadcrumb","itemListElement":[{"@type":"ListItem","position":1,"name":"Home","item":"https:\/\/www.bellunopress.it\/"},{"@type":"ListItem","position":2,"name":"Filosofia e geopolitica nel tempo del caos: Polis Futura analizza il libro Kaos di Cacciari ed Esposito"}]},{"@type":"WebSite","@id":"https:\/\/www.bellunopress.it\/#website","url":"https:\/\/www.bellunopress.it\/","name":"Bellunopress - Dolomiti","description":"e-mail: redazione@bellunopress.it","publisher":{"@id":"https:\/\/www.bellunopress.it\/#organization"},"potentialAction":[{"@type":"SearchAction","target":{"@type":"EntryPoint","urlTemplate":"https:\/\/www.bellunopress.it\/?s={search_term_string}"},"query-input":{"@type":"PropertyValueSpecification","valueRequired":true,"valueName":"search_term_string"}}],"inLanguage":"fr-FR"},{"@type":"Organization","@id":"https:\/\/www.bellunopress.it\/#organization","name":"Bellunopress","url":"https:\/\/www.bellunopress.it\/","logo":{"@type":"ImageObject","inLanguage":"fr-FR","@id":"https:\/\/www.bellunopress.it\/#\/schema\/logo\/image\/","url":"https:\/\/www.bellunopress.it\/wp-content\/uploads\/2011\/05\/cropped-logo-bellunopress-.jpg","contentUrl":"https:\/\/www.bellunopress.it\/wp-content\/uploads\/2011\/05\/cropped-logo-bellunopress-.jpg","width":512,"height":512,"caption":"Bellunopress"},"image":{"@id":"https:\/\/www.bellunopress.it\/#\/schema\/logo\/image\/"},"sameAs":["https:\/\/www.facebook.com\/profile.php?id=100008943462799","https:\/\/x.com\/bellunopress","https:\/\/www.linkedin.com\/hp\/?dnr=JBzUWaJfMUw8vbXJJ2tVW5-I3jZKvC4wsoxE&amp;amp;amp;amp;amp;amp;trk=nav_responsive_tab_home","https:\/\/www.youtube.com\/channel\/UCxL0wu1uN0_3_7hGG0306cw"]},{"@type":"Person","@id":"https:\/\/www.bellunopress.it\/#\/schema\/person\/79bb06722b37ece1c03d3e94beb30d73","name":"r\u00e9daction","image":{"@type":"ImageObject","inLanguage":"fr-FR","@id":"https:\/\/secure.gravatar.com\/avatar\/37d968a2e67a6fd04c169c4bdef102d0bc5d31b2546345219e348575eb80e9a0?s=96&d=mm&r=g","url":"https:\/\/secure.gravatar.com\/avatar\/37d968a2e67a6fd04c169c4bdef102d0bc5d31b2546345219e348575eb80e9a0?s=96&d=mm&r=g","contentUrl":"https:\/\/secure.gravatar.com\/avatar\/37d968a2e67a6fd04c169c4bdef102d0bc5d31b2546345219e348575eb80e9a0?s=96&d=mm&r=g","caption":"redazione"},"sameAs":["http:\/\/www.bellunopress.it","https:\/\/x.com\/bellunopress"],"url":"https:\/\/www.bellunopress.it\/fr\/author\/redazione\/"}]}},"_links":{"self":[{"href":"https:\/\/www.bellunopress.it\/fr\/wp-json\/wp\/v2\/posts\/172058","targetHints":{"allow":["GET"]}}],"collection":[{"href":"https:\/\/www.bellunopress.it\/fr\/wp-json\/wp\/v2\/posts"}],"about":[{"href":"https:\/\/www.bellunopress.it\/fr\/wp-json\/wp\/v2\/types\/post"}],"author":[{"embeddable":true,"href":"https:\/\/www.bellunopress.it\/fr\/wp-json\/wp\/v2\/users\/2"}],"replies":[{"embeddable":true,"href":"https:\/\/www.bellunopress.it\/fr\/wp-json\/wp\/v2\/comments?post=172058"}],"version-history":[{"count":1,"href":"https:\/\/www.bellunopress.it\/fr\/wp-json\/wp\/v2\/posts\/172058\/revisions"}],"predecessor-version":[{"id":172061,"href":"https:\/\/www.bellunopress.it\/fr\/wp-json\/wp\/v2\/posts\/172058\/revisions\/172061"}],"wp:featuredmedia":[{"embeddable":true,"href":"https:\/\/www.bellunopress.it\/fr\/wp-json\/wp\/v2\/media\/172060"}],"wp:attachment":[{"href":"https:\/\/www.bellunopress.it\/fr\/wp-json\/wp\/v2\/media?parent=172058"}],"wp:term":[{"taxonomy":"category","embeddable":true,"href":"https:\/\/www.bellunopress.it\/fr\/wp-json\/wp\/v2\/categories?post=172058"},{"taxonomy":"post_tag","embeddable":true,"href":"https:\/\/www.bellunopress.it\/fr\/wp-json\/wp\/v2\/tags?post=172058"}],"curies":[{"name":"wp","href":"https:\/\/api.w.org\/{rel}","templated":true}]}}