{"id":172056,"date":"2026-07-20T17:09:51","date_gmt":"2026-07-20T15:09:51","guid":{"rendered":"https:\/\/www.bellunopress.it\/?p=172056"},"modified":"2026-07-20T17:09:51","modified_gmt":"2026-07-20T15:09:51","slug":"belluno-no-al-patrocinio-delle-iniziative-non-ortodosse-della-sinistra-e-nemmeno-della-destra","status":"publish","type":"post","link":"https:\/\/www.bellunopress.it\/fr\/2026\/07\/20\/belluno-no-al-patrocinio-delle-iniziative-non-ortodosse-della-sinistra-e-nemmeno-della-destra\/","title":{"rendered":"Belluno. No al patrocinio delle iniziative &#8220;non ortodosse&#8221; della sinistra e nemmeno della destra"},"content":{"rendered":"<p>Gentile Direttore, leggo della polemica relativa al mancato patrocinio da parte dell\u2019Amministrazione comunale di centrodestra di uno spettacolo teatrale recentemente rappresentato presso l\u2019Auditorium comunale. Non entro nel merito della questione specifica, non conoscendo le argomentazioni alla base del rifiuto del patrocinio: desidererei, tuttavia, informare i Suoi lettori che, pi\u00f9 di un anno fa, le due associazioni che mi onoro di presiedere (Lega Nazionale di Trieste e Circolo culturale \u201cla Terra dei Padri \u2013 Belluno APS\u201d) non ottennero il patrocinio (senza alcun riscontro, dopo aver inoltrato regolare domanda \u2026) per la presentazione del saggio \u201cAltro che liberazione ! \u2013 I tre volti dell\u2019antifascismo\u201d dell\u2019avv. Paolo Sardos Albertini, Presidente della Lega Nazionale di Trieste.<\/p>\n<p>Tale rifiuto, sicuramente ingiustificato, incomprensibile e conmotivazioni rimaste sconosciute, fu anche un atto poco cortese dell\u2019Amministrazione comunale di centrodestra nei confronti di una figura simbolo dell\u2019Esodo degli Italiani dall\u2019Istria e dalla Dalmazia: l\u2019avv. Sardos Albertini, infatti, profugo da Capodistria, da molti anni responsabile della Lega Nazionale e personalit\u00e0 di grande seguito e prestigio nel mondo degli Esuli &#8211; \u00e8 stato, fra le altre cose, pure Presidente della Provincia di Trieste \u2013 \u00e8 da sempre figura di riferimento di tutti gli Italiani che non hanno dimenticato la tragedia dei connazionali nella Venezia Giulia. Si pensi poi che il suddetto saggio ha avuto, in tutta Italia, presentazioni prestigiose, tra cui vi \u00e8 da segnalare quella tenutasi nel marzo 2025 presso la Sala Tessitori del Consiglio Regionale del Friuli Venezia Giulia a Trieste &#8211; con la partecipazione come relatori dell\u2019Arcivescovo emerito del capoluogo giuliano, Mons.Giampaolo Crepaldi, e del prof. Davide Rossi, docente all\u2019Universit\u00e0 triestina &#8211; nonch\u00e9quella, pi\u00f9 recente, il 22 giugno scorso, presso il Senato della Repubblica, conl\u2019intervento del Sen. Roberto Menia, padre della Legge istitutiva del Giorno del Ricordo.<\/p>\n<p>Non avrei reso pubblico quanto accaduto, se oggi altre associazioni non sifossero trovate nella medesima situazione da noi vissuta lo scorso anno.<\/p>\n<p>Distinti saluti<\/p>\n<p>Francesco Dematt\u00e8 Delegato provinciale della Lega Nazionale di Trieste Presidente del Circolo culturale \u201cla Terra dei Padri \u2013 Belluno APS\u201dBelluno, 20 luglio 2026<\/p>","protected":false},"excerpt":{"rendered":"<p>Gentile Direttore, leggo della polemica relativa al mancato patrocinio da parte dell\u2019Amministrazione comunale di centrodestra di uno spettacolo teatrale recentemente rappresentato presso l\u2019Auditorium comunale. Non entro nel merito della questione specifica, non conoscendo le argomentazioni alla base del rifiuto del patrocinio: desidererei, tuttavia, informare i Suoi lettori che, pi\u00f9 di un anno fa, le due [&hellip;]<\/p>\n","protected":false},"author":2,"featured_media":112601,"comment_status":"closed","ping_status":"open","sticky":false,"template":"","format":"standard","meta":{"footnotes":""},"categories":[1],"tags":[],"class_list":["post-172056","post","type-post","status-publish","format-standard","has-post-thumbnail","category-leo"],"yoast_head":"<!-- This site is optimized with the Yoast SEO plugin v28.4 - https:\/\/yoast.com\/product\/yoast-seo-wordpress\/ -->\n<title>Belluno. No al patrocinio delle iniziative &quot;non ortodosse&quot; della sinistra e nemmeno della destra - Bellunopress - Dolomiti<\/title>\n<meta name=\"robots\" content=\"index, follow, max-snippet:-1, max-image-preview:large, max-video-preview:-1\" \/>\n<link rel=\"canonical\" href=\"https:\/\/www.bellunopress.it\/fr\/2026\/07\/20\/belluno-no-al-patrocinio-delle-iniziative-non-ortodosse-della-sinistra-e-nemmeno-della-destra\/\" \/>\n<meta property=\"og:locale\" content=\"fr_FR\" \/>\n<meta property=\"og:type\" content=\"article\" \/>\n<meta property=\"og:title\" content=\"Belluno. No al patrocinio delle iniziative &quot;non ortodosse&quot; della sinistra e nemmeno della destra - Bellunopress - Dolomiti\" \/>\n<meta property=\"og:description\" content=\"Gentile Direttore, leggo della polemica relativa al mancato patrocinio da parte dell\u2019Amministrazione comunale di centrodestra di uno spettacolo teatrale recentemente rappresentato presso l\u2019Auditorium comunale. Non entro nel merito della questione specifica, non conoscendo le argomentazioni alla base del rifiuto del patrocinio: desidererei, tuttavia, informare i Suoi lettori che, pi\u00f9 di un anno fa, le due [&hellip;]\" \/>\n<meta property=\"og:url\" content=\"https:\/\/www.bellunopress.it\/fr\/2026\/07\/20\/belluno-no-al-patrocinio-delle-iniziative-non-ortodosse-della-sinistra-e-nemmeno-della-destra\/\" \/>\n<meta property=\"og:site_name\" content=\"Bellunopress - Dolomiti\" \/>\n<meta property=\"article:publisher\" content=\"https:\/\/www.facebook.com\/profile.php?id=100008943462799\" \/>\n<meta property=\"article:published_time\" content=\"2026-07-20T15:09:51+00:00\" \/>\n<meta property=\"og:image\" content=\"https:\/\/www.bellunopress.it\/wp-content\/uploads\/2020\/03\/lettere-al-direttore-bellunopress.jpg\" \/>\n\t<meta property=\"og:image:width\" content=\"677\" \/>\n\t<meta property=\"og:image:height\" content=\"454\" \/>\n\t<meta property=\"og:image:type\" content=\"image\/jpeg\" \/>\n<meta name=\"author\" content=\"redazione\" \/>\n<meta name=\"twitter:card\" content=\"summary_large_image\" \/>\n<meta name=\"twitter:creator\" content=\"@bellunopress\" \/>\n<meta name=\"twitter:site\" content=\"@bellunopress\" \/>\n<meta name=\"twitter:label1\" content=\"\u00c9crit par\" \/>\n\t<meta name=\"twitter:data1\" content=\"redazione\" \/>\n\t<meta name=\"twitter:label2\" content=\"Dur\u00e9e de lecture estim\u00e9e\" \/>\n\t<meta name=\"twitter:data2\" content=\"2 minutes\" \/>\n<script type=\"application\/ld+json\" class=\"yoast-schema-graph\">{\"@context\":\"https:\\\/\\\/schema.org\",\"@graph\":[{\"@type\":\"Article\",\"@id\":\"https:\\\/\\\/www.bellunopress.it\\\/2026\\\/07\\\/20\\\/belluno-no-al-patrocinio-delle-iniziative-non-ortodosse-della-sinistra-e-nemmeno-della-destra\\\/#article\",\"isPartOf\":{\"@id\":\"https:\\\/\\\/www.bellunopress.it\\\/2026\\\/07\\\/20\\\/belluno-no-al-patrocinio-delle-iniziative-non-ortodosse-della-sinistra-e-nemmeno-della-destra\\\/\"},\"author\":{\"name\":\"redazione\",\"@id\":\"https:\\\/\\\/www.bellunopress.it\\\/#\\\/schema\\\/person\\\/79bb06722b37ece1c03d3e94beb30d73\"},\"headline\":\"Belluno. No al patrocinio delle iniziative &#8220;non ortodosse&#8221; della sinistra e nemmeno della destra\",\"datePublished\":\"2026-07-20T15:09:51+00:00\",\"mainEntityOfPage\":{\"@id\":\"https:\\\/\\\/www.bellunopress.it\\\/2026\\\/07\\\/20\\\/belluno-no-al-patrocinio-delle-iniziative-non-ortodosse-della-sinistra-e-nemmeno-della-destra\\\/\"},\"wordCount\":351,\"publisher\":{\"@id\":\"https:\\\/\\\/www.bellunopress.it\\\/#organization\"},\"image\":{\"@id\":\"https:\\\/\\\/www.bellunopress.it\\\/2026\\\/07\\\/20\\\/belluno-no-al-patrocinio-delle-iniziative-non-ortodosse-della-sinistra-e-nemmeno-della-destra\\\/#primaryimage\"},\"thumbnailUrl\":\"https:\\\/\\\/www.bellunopress.it\\\/wp-content\\\/uploads\\\/2020\\\/03\\\/lettere-al-direttore-bellunopress.jpg\",\"articleSection\":[\"Lettere Opinioni\"],\"inLanguage\":\"fr-FR\"},{\"@type\":\"WebPage\",\"@id\":\"https:\\\/\\\/www.bellunopress.it\\\/2026\\\/07\\\/20\\\/belluno-no-al-patrocinio-delle-iniziative-non-ortodosse-della-sinistra-e-nemmeno-della-destra\\\/\",\"url\":\"https:\\\/\\\/www.bellunopress.it\\\/2026\\\/07\\\/20\\\/belluno-no-al-patrocinio-delle-iniziative-non-ortodosse-della-sinistra-e-nemmeno-della-destra\\\/\",\"name\":\"Belluno. No al patrocinio delle iniziative \\\"non ortodosse\\\" della sinistra e nemmeno della destra - Bellunopress - Dolomiti\",\"isPartOf\":{\"@id\":\"https:\\\/\\\/www.bellunopress.it\\\/#website\"},\"primaryImageOfPage\":{\"@id\":\"https:\\\/\\\/www.bellunopress.it\\\/2026\\\/07\\\/20\\\/belluno-no-al-patrocinio-delle-iniziative-non-ortodosse-della-sinistra-e-nemmeno-della-destra\\\/#primaryimage\"},\"image\":{\"@id\":\"https:\\\/\\\/www.bellunopress.it\\\/2026\\\/07\\\/20\\\/belluno-no-al-patrocinio-delle-iniziative-non-ortodosse-della-sinistra-e-nemmeno-della-destra\\\/#primaryimage\"},\"thumbnailUrl\":\"https:\\\/\\\/www.bellunopress.it\\\/wp-content\\\/uploads\\\/2020\\\/03\\\/lettere-al-direttore-bellunopress.jpg\",\"datePublished\":\"2026-07-20T15:09:51+00:00\",\"breadcrumb\":{\"@id\":\"https:\\\/\\\/www.bellunopress.it\\\/2026\\\/07\\\/20\\\/belluno-no-al-patrocinio-delle-iniziative-non-ortodosse-della-sinistra-e-nemmeno-della-destra\\\/#breadcrumb\"},\"inLanguage\":\"fr-FR\",\"potentialAction\":[{\"@type\":\"ReadAction\",\"target\":[\"https:\\\/\\\/www.bellunopress.it\\\/2026\\\/07\\\/20\\\/belluno-no-al-patrocinio-delle-iniziative-non-ortodosse-della-sinistra-e-nemmeno-della-destra\\\/\"]}]},{\"@type\":\"ImageObject\",\"inLanguage\":\"fr-FR\",\"@id\":\"https:\\\/\\\/www.bellunopress.it\\\/2026\\\/07\\\/20\\\/belluno-no-al-patrocinio-delle-iniziative-non-ortodosse-della-sinistra-e-nemmeno-della-destra\\\/#primaryimage\",\"url\":\"https:\\\/\\\/www.bellunopress.it\\\/wp-content\\\/uploads\\\/2020\\\/03\\\/lettere-al-direttore-bellunopress.jpg\",\"contentUrl\":\"https:\\\/\\\/www.bellunopress.it\\\/wp-content\\\/uploads\\\/2020\\\/03\\\/lettere-al-direttore-bellunopress.jpg\",\"width\":677,\"height\":454,\"caption\":\"lettera al direttore\"},{\"@type\":\"BreadcrumbList\",\"@id\":\"https:\\\/\\\/www.bellunopress.it\\\/2026\\\/07\\\/20\\\/belluno-no-al-patrocinio-delle-iniziative-non-ortodosse-della-sinistra-e-nemmeno-della-destra\\\/#breadcrumb\",\"itemListElement\":[{\"@type\":\"ListItem\",\"position\":1,\"name\":\"Home\",\"item\":\"https:\\\/\\\/www.bellunopress.it\\\/\"},{\"@type\":\"ListItem\",\"position\":2,\"name\":\"Belluno. No al patrocinio delle iniziative &#8220;non ortodosse&#8221; della sinistra e nemmeno della destra\"}]},{\"@type\":\"WebSite\",\"@id\":\"https:\\\/\\\/www.bellunopress.it\\\/#website\",\"url\":\"https:\\\/\\\/www.bellunopress.it\\\/\",\"name\":\"Bellunopress - Dolomiti\",\"description\":\"e-mail: redazione@bellunopress.it\",\"publisher\":{\"@id\":\"https:\\\/\\\/www.bellunopress.it\\\/#organization\"},\"potentialAction\":[{\"@type\":\"SearchAction\",\"target\":{\"@type\":\"EntryPoint\",\"urlTemplate\":\"https:\\\/\\\/www.bellunopress.it\\\/?s={search_term_string}\"},\"query-input\":{\"@type\":\"PropertyValueSpecification\",\"valueRequired\":true,\"valueName\":\"search_term_string\"}}],\"inLanguage\":\"fr-FR\"},{\"@type\":\"Organization\",\"@id\":\"https:\\\/\\\/www.bellunopress.it\\\/#organization\",\"name\":\"Bellunopress\",\"url\":\"https:\\\/\\\/www.bellunopress.it\\\/\",\"logo\":{\"@type\":\"ImageObject\",\"inLanguage\":\"fr-FR\",\"@id\":\"https:\\\/\\\/www.bellunopress.it\\\/#\\\/schema\\\/logo\\\/image\\\/\",\"url\":\"https:\\\/\\\/www.bellunopress.it\\\/wp-content\\\/uploads\\\/2011\\\/05\\\/cropped-logo-bellunopress-.jpg\",\"contentUrl\":\"https:\\\/\\\/www.bellunopress.it\\\/wp-content\\\/uploads\\\/2011\\\/05\\\/cropped-logo-bellunopress-.jpg\",\"width\":512,\"height\":512,\"caption\":\"Bellunopress\"},\"image\":{\"@id\":\"https:\\\/\\\/www.bellunopress.it\\\/#\\\/schema\\\/logo\\\/image\\\/\"},\"sameAs\":[\"https:\\\/\\\/www.facebook.com\\\/profile.php?id=100008943462799\",\"https:\\\/\\\/x.com\\\/bellunopress\",\"https:\\\/\\\/www.linkedin.com\\\/hp\\\/?dnr=JBzUWaJfMUw8vbXJJ2tVW5-I3jZKvC4wsoxE&amp;amp;amp;amp;amp;amp;trk=nav_responsive_tab_home\",\"https:\\\/\\\/www.youtube.com\\\/channel\\\/UCxL0wu1uN0_3_7hGG0306cw\"]},{\"@type\":\"Person\",\"@id\":\"https:\\\/\\\/www.bellunopress.it\\\/#\\\/schema\\\/person\\\/79bb06722b37ece1c03d3e94beb30d73\",\"name\":\"redazione\",\"image\":{\"@type\":\"ImageObject\",\"inLanguage\":\"fr-FR\",\"@id\":\"https:\\\/\\\/secure.gravatar.com\\\/avatar\\\/37d968a2e67a6fd04c169c4bdef102d0bc5d31b2546345219e348575eb80e9a0?s=96&d=mm&r=g\",\"url\":\"https:\\\/\\\/secure.gravatar.com\\\/avatar\\\/37d968a2e67a6fd04c169c4bdef102d0bc5d31b2546345219e348575eb80e9a0?s=96&d=mm&r=g\",\"contentUrl\":\"https:\\\/\\\/secure.gravatar.com\\\/avatar\\\/37d968a2e67a6fd04c169c4bdef102d0bc5d31b2546345219e348575eb80e9a0?s=96&d=mm&r=g\",\"caption\":\"redazione\"},\"sameAs\":[\"http:\\\/\\\/www.bellunopress.it\",\"https:\\\/\\\/x.com\\\/bellunopress\"],\"url\":\"https:\\\/\\\/www.bellunopress.it\\\/fr\\\/author\\\/redazione\\\/\"}]}<\/script>\n<!-- \/ Yoast SEO plugin. -->","yoast_head_json":{"title":"Belluno. No al patrocinio delle iniziative \"non ortodosse\" della sinistra e nemmeno della destra - Bellunopress - Dolomiti","robots":{"index":"index","follow":"follow","max-snippet":"max-snippet:-1","max-image-preview":"max-image-preview:large","max-video-preview":"max-video-preview:-1"},"canonical":"https:\/\/www.bellunopress.it\/fr\/2026\/07\/20\/belluno-no-al-patrocinio-delle-iniziative-non-ortodosse-della-sinistra-e-nemmeno-della-destra\/","og_locale":"fr_FR","og_type":"article","og_title":"Belluno. No al patrocinio delle iniziative \"non ortodosse\" della sinistra e nemmeno della destra - Bellunopress - Dolomiti","og_description":"Gentile Direttore, leggo della polemica relativa al mancato patrocinio da parte dell\u2019Amministrazione comunale di centrodestra di uno spettacolo teatrale recentemente rappresentato presso l\u2019Auditorium comunale. Non entro nel merito della questione specifica, non conoscendo le argomentazioni alla base del rifiuto del patrocinio: desidererei, tuttavia, informare i Suoi lettori che, pi\u00f9 di un anno fa, le due [&hellip;]","og_url":"https:\/\/www.bellunopress.it\/fr\/2026\/07\/20\/belluno-no-al-patrocinio-delle-iniziative-non-ortodosse-della-sinistra-e-nemmeno-della-destra\/","og_site_name":"Bellunopress - Dolomiti","article_publisher":"https:\/\/www.facebook.com\/profile.php?id=100008943462799","article_published_time":"2026-07-20T15:09:51+00:00","og_image":[{"width":677,"height":454,"url":"https:\/\/www.bellunopress.it\/wp-content\/uploads\/2020\/03\/lettere-al-direttore-bellunopress.jpg","type":"image\/jpeg"}],"author":"redazione","twitter_card":"summary_large_image","twitter_creator":"@bellunopress","twitter_site":"@bellunopress","twitter_misc":{"\u00c9crit par":"redazione","Dur\u00e9e de lecture estim\u00e9e":"2 minutes"},"schema":{"@context":"https:\/\/schema.org","@graph":[{"@type":"Article","@id":"https:\/\/www.bellunopress.it\/2026\/07\/20\/belluno-no-al-patrocinio-delle-iniziative-non-ortodosse-della-sinistra-e-nemmeno-della-destra\/#article","isPartOf":{"@id":"https:\/\/www.bellunopress.it\/2026\/07\/20\/belluno-no-al-patrocinio-delle-iniziative-non-ortodosse-della-sinistra-e-nemmeno-della-destra\/"},"author":{"name":"redazione","@id":"https:\/\/www.bellunopress.it\/#\/schema\/person\/79bb06722b37ece1c03d3e94beb30d73"},"headline":"Belluno. No al patrocinio delle iniziative &#8220;non ortodosse&#8221; della sinistra e nemmeno della destra","datePublished":"2026-07-20T15:09:51+00:00","mainEntityOfPage":{"@id":"https:\/\/www.bellunopress.it\/2026\/07\/20\/belluno-no-al-patrocinio-delle-iniziative-non-ortodosse-della-sinistra-e-nemmeno-della-destra\/"},"wordCount":351,"publisher":{"@id":"https:\/\/www.bellunopress.it\/#organization"},"image":{"@id":"https:\/\/www.bellunopress.it\/2026\/07\/20\/belluno-no-al-patrocinio-delle-iniziative-non-ortodosse-della-sinistra-e-nemmeno-della-destra\/#primaryimage"},"thumbnailUrl":"https:\/\/www.bellunopress.it\/wp-content\/uploads\/2020\/03\/lettere-al-direttore-bellunopress.jpg","articleSection":["Lettere Opinioni"],"inLanguage":"fr-FR"},{"@type":"WebPage","@id":"https:\/\/www.bellunopress.it\/2026\/07\/20\/belluno-no-al-patrocinio-delle-iniziative-non-ortodosse-della-sinistra-e-nemmeno-della-destra\/","url":"https:\/\/www.bellunopress.it\/2026\/07\/20\/belluno-no-al-patrocinio-delle-iniziative-non-ortodosse-della-sinistra-e-nemmeno-della-destra\/","name":"Belluno. No al patrocinio delle iniziative \"non ortodosse\" della sinistra e nemmeno della destra - Bellunopress - Dolomiti","isPartOf":{"@id":"https:\/\/www.bellunopress.it\/#website"},"primaryImageOfPage":{"@id":"https:\/\/www.bellunopress.it\/2026\/07\/20\/belluno-no-al-patrocinio-delle-iniziative-non-ortodosse-della-sinistra-e-nemmeno-della-destra\/#primaryimage"},"image":{"@id":"https:\/\/www.bellunopress.it\/2026\/07\/20\/belluno-no-al-patrocinio-delle-iniziative-non-ortodosse-della-sinistra-e-nemmeno-della-destra\/#primaryimage"},"thumbnailUrl":"https:\/\/www.bellunopress.it\/wp-content\/uploads\/2020\/03\/lettere-al-direttore-bellunopress.jpg","datePublished":"2026-07-20T15:09:51+00:00","breadcrumb":{"@id":"https:\/\/www.bellunopress.it\/2026\/07\/20\/belluno-no-al-patrocinio-delle-iniziative-non-ortodosse-della-sinistra-e-nemmeno-della-destra\/#breadcrumb"},"inLanguage":"fr-FR","potentialAction":[{"@type":"ReadAction","target":["https:\/\/www.bellunopress.it\/2026\/07\/20\/belluno-no-al-patrocinio-delle-iniziative-non-ortodosse-della-sinistra-e-nemmeno-della-destra\/"]}]},{"@type":"ImageObject","inLanguage":"fr-FR","@id":"https:\/\/www.bellunopress.it\/2026\/07\/20\/belluno-no-al-patrocinio-delle-iniziative-non-ortodosse-della-sinistra-e-nemmeno-della-destra\/#primaryimage","url":"https:\/\/www.bellunopress.it\/wp-content\/uploads\/2020\/03\/lettere-al-direttore-bellunopress.jpg","contentUrl":"https:\/\/www.bellunopress.it\/wp-content\/uploads\/2020\/03\/lettere-al-direttore-bellunopress.jpg","width":677,"height":454,"caption":"lettera al direttore"},{"@type":"BreadcrumbList","@id":"https:\/\/www.bellunopress.it\/2026\/07\/20\/belluno-no-al-patrocinio-delle-iniziative-non-ortodosse-della-sinistra-e-nemmeno-della-destra\/#breadcrumb","itemListElement":[{"@type":"ListItem","position":1,"name":"Home","item":"https:\/\/www.bellunopress.it\/"},{"@type":"ListItem","position":2,"name":"Belluno. No al patrocinio delle iniziative &#8220;non ortodosse&#8221; della sinistra e nemmeno della destra"}]},{"@type":"WebSite","@id":"https:\/\/www.bellunopress.it\/#website","url":"https:\/\/www.bellunopress.it\/","name":"Bellunopress - Dolomiti","description":"e-mail: redazione@bellunopress.it","publisher":{"@id":"https:\/\/www.bellunopress.it\/#organization"},"potentialAction":[{"@type":"SearchAction","target":{"@type":"EntryPoint","urlTemplate":"https:\/\/www.bellunopress.it\/?s={search_term_string}"},"query-input":{"@type":"PropertyValueSpecification","valueRequired":true,"valueName":"search_term_string"}}],"inLanguage":"fr-FR"},{"@type":"Organization","@id":"https:\/\/www.bellunopress.it\/#organization","name":"Bellunopress","url":"https:\/\/www.bellunopress.it\/","logo":{"@type":"ImageObject","inLanguage":"fr-FR","@id":"https:\/\/www.bellunopress.it\/#\/schema\/logo\/image\/","url":"https:\/\/www.bellunopress.it\/wp-content\/uploads\/2011\/05\/cropped-logo-bellunopress-.jpg","contentUrl":"https:\/\/www.bellunopress.it\/wp-content\/uploads\/2011\/05\/cropped-logo-bellunopress-.jpg","width":512,"height":512,"caption":"Bellunopress"},"image":{"@id":"https:\/\/www.bellunopress.it\/#\/schema\/logo\/image\/"},"sameAs":["https:\/\/www.facebook.com\/profile.php?id=100008943462799","https:\/\/x.com\/bellunopress","https:\/\/www.linkedin.com\/hp\/?dnr=JBzUWaJfMUw8vbXJJ2tVW5-I3jZKvC4wsoxE&amp;amp;amp;amp;amp;amp;trk=nav_responsive_tab_home","https:\/\/www.youtube.com\/channel\/UCxL0wu1uN0_3_7hGG0306cw"]},{"@type":"Person","@id":"https:\/\/www.bellunopress.it\/#\/schema\/person\/79bb06722b37ece1c03d3e94beb30d73","name":"r\u00e9daction","image":{"@type":"ImageObject","inLanguage":"fr-FR","@id":"https:\/\/secure.gravatar.com\/avatar\/37d968a2e67a6fd04c169c4bdef102d0bc5d31b2546345219e348575eb80e9a0?s=96&d=mm&r=g","url":"https:\/\/secure.gravatar.com\/avatar\/37d968a2e67a6fd04c169c4bdef102d0bc5d31b2546345219e348575eb80e9a0?s=96&d=mm&r=g","contentUrl":"https:\/\/secure.gravatar.com\/avatar\/37d968a2e67a6fd04c169c4bdef102d0bc5d31b2546345219e348575eb80e9a0?s=96&d=mm&r=g","caption":"redazione"},"sameAs":["http:\/\/www.bellunopress.it","https:\/\/x.com\/bellunopress"],"url":"https:\/\/www.bellunopress.it\/fr\/author\/redazione\/"}]}},"_links":{"self":[{"href":"https:\/\/www.bellunopress.it\/fr\/wp-json\/wp\/v2\/posts\/172056","targetHints":{"allow":["GET"]}}],"collection":[{"href":"https:\/\/www.bellunopress.it\/fr\/wp-json\/wp\/v2\/posts"}],"about":[{"href":"https:\/\/www.bellunopress.it\/fr\/wp-json\/wp\/v2\/types\/post"}],"author":[{"embeddable":true,"href":"https:\/\/www.bellunopress.it\/fr\/wp-json\/wp\/v2\/users\/2"}],"replies":[{"embeddable":true,"href":"https:\/\/www.bellunopress.it\/fr\/wp-json\/wp\/v2\/comments?post=172056"}],"version-history":[{"count":1,"href":"https:\/\/www.bellunopress.it\/fr\/wp-json\/wp\/v2\/posts\/172056\/revisions"}],"predecessor-version":[{"id":172057,"href":"https:\/\/www.bellunopress.it\/fr\/wp-json\/wp\/v2\/posts\/172056\/revisions\/172057"}],"wp:featuredmedia":[{"embeddable":true,"href":"https:\/\/www.bellunopress.it\/fr\/wp-json\/wp\/v2\/media\/112601"}],"wp:attachment":[{"href":"https:\/\/www.bellunopress.it\/fr\/wp-json\/wp\/v2\/media?parent=172056"}],"wp:term":[{"taxonomy":"category","embeddable":true,"href":"https:\/\/www.bellunopress.it\/fr\/wp-json\/wp\/v2\/categories?post=172056"},{"taxonomy":"post_tag","embeddable":true,"href":"https:\/\/www.bellunopress.it\/fr\/wp-json\/wp\/v2\/tags?post=172056"}],"curies":[{"name":"wp","href":"https:\/\/api.w.org\/{rel}","templated":true}]}}