{"id":172054,"date":"2026-07-20T16:51:46","date_gmt":"2026-07-20T14:51:46","guid":{"rendered":"https:\/\/www.bellunopress.it\/?p=172054"},"modified":"2026-07-20T16:51:46","modified_gmt":"2026-07-20T14:51:46","slug":"guardia-di-finanza-cambio-al-vertice-della-compagnia-di-cortina-dampezzo","status":"publish","type":"post","link":"https:\/\/www.bellunopress.it\/fr\/2026\/07\/20\/guardia-di-finanza-cambio-al-vertice-della-compagnia-di-cortina-dampezzo\/","title":{"rendered":"Guardia di Finanza: cambio al vertice della Compagnia di Cortina d\u2019Ampezzo"},"content":{"rendered":"<p data-path-to-node=\"3\"><b data-path-to-node=\"3\" data-index-in-node=\"0\">Cambio della guardia alla guida della Compagnia di Cortina d\u2019Ampezzo della Guardia di Finanza: il Tenente Marta Maiorano subentra al Capitano Luca Lorandi.<\/b><\/p>\n<p data-path-to-node=\"4\">Nella giornata di venerd\u00ec 17 luglio 2026, presso la caserma \u201cMar. Magg. M.B.V.M Pasquale Feltrin\u201d di Belluno, si \u00e8 tenuta la solenne cerimonia di avvicendamento al comando della Compagnia di Cortina d\u2019Ampezzo, che ha visto il passaggio di consegne tra il Capitano Luca Lorandi e il Tenente Marta Maiorano.<\/p>\n<p data-path-to-node=\"6\">Il Capitano Luca Lorandi lascia l\u2019incarico dopo un\u2019intensa esperienza quasi triennale alla guida del reparto ampezzano. Al termine del suo mandato, \u00e8 stato trasferito presso il Nucleo di Polizia Economico-Finanziaria di Trento. Il Comandante Provinciale, Colonnello Roberto Atzori, ha espresso al Capitano Lorandi parole di profonda gratitudine per l&#8217;impegno, la professionalit\u00e0 e la dedizione profusi, sottolineando come sotto la sua guida il Reparto abbia raggiunto traguardi significativi nel contrasto all&#8217;illegalit\u00e0 economico-finanziaria.<\/p>\n<p data-path-to-node=\"8\">L\u2019incarico di Comandante della Compagnia di Cortina d\u2019Ampezzo passa ora al Tenente Marta Maiorano. Ventisette anni, originaria di Roma, l&#8217;ufficiale vanta un solido background accademico con lauree in Giurisprudenza e in Economia e Management. La Tenente Maiorano arriva a Cortina forte dell&#8217;esperienza maturata a Lecce, dove ha ricoperto il ruolo di Comandante del Nucleo Operativo del Gruppo.<\/p>\n<p data-path-to-node=\"9\">Il Colonnello Roberto Atzori ha accolto il nuovo Comandante con un caloroso augurio per questo prestigioso e delicato incarico, in un territorio di particolare rilievo come quello ampezzano, dove l&#8217;azione della Guardia di Finanza \u00e8 fondamentale per garantire il presidio e il controllo economico di una delle localit\u00e0 turistiche pi\u00f9 iconiche e importanti della provincia bellunese.<\/p>","protected":false},"excerpt":{"rendered":"<p>Cambio della guardia alla guida della Compagnia di Cortina d\u2019Ampezzo della Guardia di Finanza: il Tenente Marta Maiorano subentra al Capitano Luca Lorandi. Nella giornata di venerd\u00ec 17 luglio 2026, presso la caserma \u201cMar. Magg. M.B.V.M Pasquale Feltrin\u201d di Belluno, si \u00e8 tenuta la solenne cerimonia di avvicendamento al comando della Compagnia di Cortina d\u2019Ampezzo, [&hellip;]<\/p>\n","protected":false},"author":2,"featured_media":121478,"comment_status":"closed","ping_status":"open","sticky":false,"template":"","format":"standard","meta":{"footnotes":""},"categories":[26,8],"tags":[],"class_list":["post-172054","post","type-post","status-publish","format-standard","has-post-thumbnail","category-prima-pagina","category-societa-istituzioni"],"yoast_head":"<!-- This site is optimized with the Yoast SEO plugin v28.4 - https:\/\/yoast.com\/product\/yoast-seo-wordpress\/ -->\n<title>Guardia di Finanza: cambio al vertice della Compagnia di Cortina d\u2019Ampezzo - Bellunopress - Dolomiti<\/title>\n<meta name=\"robots\" content=\"index, follow, max-snippet:-1, max-image-preview:large, max-video-preview:-1\" \/>\n<link rel=\"canonical\" href=\"https:\/\/www.bellunopress.it\/fr\/2026\/07\/20\/guardia-di-finanza-cambio-al-vertice-della-compagnia-di-cortina-dampezzo\/\" \/>\n<meta property=\"og:locale\" content=\"fr_FR\" \/>\n<meta property=\"og:type\" content=\"article\" \/>\n<meta property=\"og:title\" content=\"Guardia di Finanza: cambio al vertice della Compagnia di Cortina d\u2019Ampezzo - Bellunopress - Dolomiti\" \/>\n<meta property=\"og:description\" content=\"Cambio della guardia alla guida della Compagnia di Cortina d\u2019Ampezzo della Guardia di Finanza: il Tenente Marta Maiorano subentra al Capitano Luca Lorandi. Nella giornata di venerd\u00ec 17 luglio 2026, presso la caserma \u201cMar. Magg. M.B.V.M Pasquale Feltrin\u201d di Belluno, si \u00e8 tenuta la solenne cerimonia di avvicendamento al comando della Compagnia di Cortina d\u2019Ampezzo, [&hellip;]\" \/>\n<meta property=\"og:url\" content=\"https:\/\/www.bellunopress.it\/fr\/2026\/07\/20\/guardia-di-finanza-cambio-al-vertice-della-compagnia-di-cortina-dampezzo\/\" \/>\n<meta property=\"og:site_name\" content=\"Bellunopress - Dolomiti\" \/>\n<meta property=\"article:publisher\" content=\"https:\/\/www.facebook.com\/profile.php?id=100008943462799\" \/>\n<meta property=\"article:published_time\" content=\"2026-07-20T14:51:46+00:00\" \/>\n<meta property=\"og:image\" content=\"https:\/\/www.bellunopress.it\/wp-content\/uploads\/2021\/02\/Guardia-finanza-Cortina_edited.jpg\" \/>\n\t<meta property=\"og:image:width\" content=\"1000\" \/>\n\t<meta property=\"og:image:height\" content=\"786\" \/>\n\t<meta property=\"og:image:type\" content=\"image\/jpeg\" \/>\n<meta name=\"author\" content=\"redazione\" \/>\n<meta name=\"twitter:card\" content=\"summary_large_image\" \/>\n<meta name=\"twitter:creator\" content=\"@bellunopress\" \/>\n<meta name=\"twitter:site\" content=\"@bellunopress\" \/>\n<meta name=\"twitter:label1\" content=\"\u00c9crit par\" \/>\n\t<meta name=\"twitter:data1\" content=\"redazione\" \/>\n\t<meta name=\"twitter:label2\" content=\"Dur\u00e9e de lecture estim\u00e9e\" \/>\n\t<meta name=\"twitter:data2\" content=\"2 minutes\" \/>\n<script type=\"application\/ld+json\" class=\"yoast-schema-graph\">{\"@context\":\"https:\\\/\\\/schema.org\",\"@graph\":[{\"@type\":\"Article\",\"@id\":\"https:\\\/\\\/www.bellunopress.it\\\/2026\\\/07\\\/20\\\/guardia-di-finanza-cambio-al-vertice-della-compagnia-di-cortina-dampezzo\\\/#article\",\"isPartOf\":{\"@id\":\"https:\\\/\\\/www.bellunopress.it\\\/2026\\\/07\\\/20\\\/guardia-di-finanza-cambio-al-vertice-della-compagnia-di-cortina-dampezzo\\\/\"},\"author\":{\"name\":\"redazione\",\"@id\":\"https:\\\/\\\/www.bellunopress.it\\\/#\\\/schema\\\/person\\\/79bb06722b37ece1c03d3e94beb30d73\"},\"headline\":\"Guardia di Finanza: cambio al vertice della Compagnia di Cortina d\u2019Ampezzo\",\"datePublished\":\"2026-07-20T14:51:46+00:00\",\"mainEntityOfPage\":{\"@id\":\"https:\\\/\\\/www.bellunopress.it\\\/2026\\\/07\\\/20\\\/guardia-di-finanza-cambio-al-vertice-della-compagnia-di-cortina-dampezzo\\\/\"},\"wordCount\":277,\"publisher\":{\"@id\":\"https:\\\/\\\/www.bellunopress.it\\\/#organization\"},\"image\":{\"@id\":\"https:\\\/\\\/www.bellunopress.it\\\/2026\\\/07\\\/20\\\/guardia-di-finanza-cambio-al-vertice-della-compagnia-di-cortina-dampezzo\\\/#primaryimage\"},\"thumbnailUrl\":\"https:\\\/\\\/www.bellunopress.it\\\/wp-content\\\/uploads\\\/2021\\\/02\\\/Guardia-finanza-Cortina_edited.jpg\",\"articleSection\":[\"Prima Pagina\",\"Societ\u00e0, Associazioni, Istituzioni\"],\"inLanguage\":\"fr-FR\"},{\"@type\":\"WebPage\",\"@id\":\"https:\\\/\\\/www.bellunopress.it\\\/2026\\\/07\\\/20\\\/guardia-di-finanza-cambio-al-vertice-della-compagnia-di-cortina-dampezzo\\\/\",\"url\":\"https:\\\/\\\/www.bellunopress.it\\\/2026\\\/07\\\/20\\\/guardia-di-finanza-cambio-al-vertice-della-compagnia-di-cortina-dampezzo\\\/\",\"name\":\"Guardia di Finanza: cambio al vertice della Compagnia di Cortina d\u2019Ampezzo - Bellunopress - Dolomiti\",\"isPartOf\":{\"@id\":\"https:\\\/\\\/www.bellunopress.it\\\/#website\"},\"primaryImageOfPage\":{\"@id\":\"https:\\\/\\\/www.bellunopress.it\\\/2026\\\/07\\\/20\\\/guardia-di-finanza-cambio-al-vertice-della-compagnia-di-cortina-dampezzo\\\/#primaryimage\"},\"image\":{\"@id\":\"https:\\\/\\\/www.bellunopress.it\\\/2026\\\/07\\\/20\\\/guardia-di-finanza-cambio-al-vertice-della-compagnia-di-cortina-dampezzo\\\/#primaryimage\"},\"thumbnailUrl\":\"https:\\\/\\\/www.bellunopress.it\\\/wp-content\\\/uploads\\\/2021\\\/02\\\/Guardia-finanza-Cortina_edited.jpg\",\"datePublished\":\"2026-07-20T14:51:46+00:00\",\"breadcrumb\":{\"@id\":\"https:\\\/\\\/www.bellunopress.it\\\/2026\\\/07\\\/20\\\/guardia-di-finanza-cambio-al-vertice-della-compagnia-di-cortina-dampezzo\\\/#breadcrumb\"},\"inLanguage\":\"fr-FR\",\"potentialAction\":[{\"@type\":\"ReadAction\",\"target\":[\"https:\\\/\\\/www.bellunopress.it\\\/2026\\\/07\\\/20\\\/guardia-di-finanza-cambio-al-vertice-della-compagnia-di-cortina-dampezzo\\\/\"]}]},{\"@type\":\"ImageObject\",\"inLanguage\":\"fr-FR\",\"@id\":\"https:\\\/\\\/www.bellunopress.it\\\/2026\\\/07\\\/20\\\/guardia-di-finanza-cambio-al-vertice-della-compagnia-di-cortina-dampezzo\\\/#primaryimage\",\"url\":\"https:\\\/\\\/www.bellunopress.it\\\/wp-content\\\/uploads\\\/2021\\\/02\\\/Guardia-finanza-Cortina_edited.jpg\",\"contentUrl\":\"https:\\\/\\\/www.bellunopress.it\\\/wp-content\\\/uploads\\\/2021\\\/02\\\/Guardia-finanza-Cortina_edited.jpg\",\"width\":1000,\"height\":786},{\"@type\":\"BreadcrumbList\",\"@id\":\"https:\\\/\\\/www.bellunopress.it\\\/2026\\\/07\\\/20\\\/guardia-di-finanza-cambio-al-vertice-della-compagnia-di-cortina-dampezzo\\\/#breadcrumb\",\"itemListElement\":[{\"@type\":\"ListItem\",\"position\":1,\"name\":\"Home\",\"item\":\"https:\\\/\\\/www.bellunopress.it\\\/\"},{\"@type\":\"ListItem\",\"position\":2,\"name\":\"Guardia di Finanza: cambio al vertice della Compagnia di Cortina d\u2019Ampezzo\"}]},{\"@type\":\"WebSite\",\"@id\":\"https:\\\/\\\/www.bellunopress.it\\\/#website\",\"url\":\"https:\\\/\\\/www.bellunopress.it\\\/\",\"name\":\"Bellunopress - Dolomiti\",\"description\":\"e-mail: redazione@bellunopress.it\",\"publisher\":{\"@id\":\"https:\\\/\\\/www.bellunopress.it\\\/#organization\"},\"potentialAction\":[{\"@type\":\"SearchAction\",\"target\":{\"@type\":\"EntryPoint\",\"urlTemplate\":\"https:\\\/\\\/www.bellunopress.it\\\/?s={search_term_string}\"},\"query-input\":{\"@type\":\"PropertyValueSpecification\",\"valueRequired\":true,\"valueName\":\"search_term_string\"}}],\"inLanguage\":\"fr-FR\"},{\"@type\":\"Organization\",\"@id\":\"https:\\\/\\\/www.bellunopress.it\\\/#organization\",\"name\":\"Bellunopress\",\"url\":\"https:\\\/\\\/www.bellunopress.it\\\/\",\"logo\":{\"@type\":\"ImageObject\",\"inLanguage\":\"fr-FR\",\"@id\":\"https:\\\/\\\/www.bellunopress.it\\\/#\\\/schema\\\/logo\\\/image\\\/\",\"url\":\"https:\\\/\\\/www.bellunopress.it\\\/wp-content\\\/uploads\\\/2011\\\/05\\\/cropped-logo-bellunopress-.jpg\",\"contentUrl\":\"https:\\\/\\\/www.bellunopress.it\\\/wp-content\\\/uploads\\\/2011\\\/05\\\/cropped-logo-bellunopress-.jpg\",\"width\":512,\"height\":512,\"caption\":\"Bellunopress\"},\"image\":{\"@id\":\"https:\\\/\\\/www.bellunopress.it\\\/#\\\/schema\\\/logo\\\/image\\\/\"},\"sameAs\":[\"https:\\\/\\\/www.facebook.com\\\/profile.php?id=100008943462799\",\"https:\\\/\\\/x.com\\\/bellunopress\",\"https:\\\/\\\/www.linkedin.com\\\/hp\\\/?dnr=JBzUWaJfMUw8vbXJJ2tVW5-I3jZKvC4wsoxE&amp;amp;amp;amp;amp;amp;trk=nav_responsive_tab_home\",\"https:\\\/\\\/www.youtube.com\\\/channel\\\/UCxL0wu1uN0_3_7hGG0306cw\"]},{\"@type\":\"Person\",\"@id\":\"https:\\\/\\\/www.bellunopress.it\\\/#\\\/schema\\\/person\\\/79bb06722b37ece1c03d3e94beb30d73\",\"name\":\"redazione\",\"image\":{\"@type\":\"ImageObject\",\"inLanguage\":\"fr-FR\",\"@id\":\"https:\\\/\\\/secure.gravatar.com\\\/avatar\\\/37d968a2e67a6fd04c169c4bdef102d0bc5d31b2546345219e348575eb80e9a0?s=96&d=mm&r=g\",\"url\":\"https:\\\/\\\/secure.gravatar.com\\\/avatar\\\/37d968a2e67a6fd04c169c4bdef102d0bc5d31b2546345219e348575eb80e9a0?s=96&d=mm&r=g\",\"contentUrl\":\"https:\\\/\\\/secure.gravatar.com\\\/avatar\\\/37d968a2e67a6fd04c169c4bdef102d0bc5d31b2546345219e348575eb80e9a0?s=96&d=mm&r=g\",\"caption\":\"redazione\"},\"sameAs\":[\"http:\\\/\\\/www.bellunopress.it\",\"https:\\\/\\\/x.com\\\/bellunopress\"],\"url\":\"https:\\\/\\\/www.bellunopress.it\\\/fr\\\/author\\\/redazione\\\/\"}]}<\/script>\n<!-- \/ Yoast SEO plugin. -->","yoast_head_json":{"title":"Guardia di Finanza: cambio al vertice della Compagnia di Cortina d\u2019Ampezzo - Bellunopress - Dolomiti","robots":{"index":"index","follow":"follow","max-snippet":"max-snippet:-1","max-image-preview":"max-image-preview:large","max-video-preview":"max-video-preview:-1"},"canonical":"https:\/\/www.bellunopress.it\/fr\/2026\/07\/20\/guardia-di-finanza-cambio-al-vertice-della-compagnia-di-cortina-dampezzo\/","og_locale":"fr_FR","og_type":"article","og_title":"Guardia di Finanza: cambio al vertice della Compagnia di Cortina d\u2019Ampezzo - Bellunopress - Dolomiti","og_description":"Cambio della guardia alla guida della Compagnia di Cortina d\u2019Ampezzo della Guardia di Finanza: il Tenente Marta Maiorano subentra al Capitano Luca Lorandi. Nella giornata di venerd\u00ec 17 luglio 2026, presso la caserma \u201cMar. Magg. M.B.V.M Pasquale Feltrin\u201d di Belluno, si \u00e8 tenuta la solenne cerimonia di avvicendamento al comando della Compagnia di Cortina d\u2019Ampezzo, [&hellip;]","og_url":"https:\/\/www.bellunopress.it\/fr\/2026\/07\/20\/guardia-di-finanza-cambio-al-vertice-della-compagnia-di-cortina-dampezzo\/","og_site_name":"Bellunopress - Dolomiti","article_publisher":"https:\/\/www.facebook.com\/profile.php?id=100008943462799","article_published_time":"2026-07-20T14:51:46+00:00","og_image":[{"width":1000,"height":786,"url":"https:\/\/www.bellunopress.it\/wp-content\/uploads\/2021\/02\/Guardia-finanza-Cortina_edited.jpg","type":"image\/jpeg"}],"author":"redazione","twitter_card":"summary_large_image","twitter_creator":"@bellunopress","twitter_site":"@bellunopress","twitter_misc":{"\u00c9crit par":"redazione","Dur\u00e9e de lecture estim\u00e9e":"2 minutes"},"schema":{"@context":"https:\/\/schema.org","@graph":[{"@type":"Article","@id":"https:\/\/www.bellunopress.it\/2026\/07\/20\/guardia-di-finanza-cambio-al-vertice-della-compagnia-di-cortina-dampezzo\/#article","isPartOf":{"@id":"https:\/\/www.bellunopress.it\/2026\/07\/20\/guardia-di-finanza-cambio-al-vertice-della-compagnia-di-cortina-dampezzo\/"},"author":{"name":"redazione","@id":"https:\/\/www.bellunopress.it\/#\/schema\/person\/79bb06722b37ece1c03d3e94beb30d73"},"headline":"Guardia di Finanza: cambio al vertice della Compagnia di Cortina d\u2019Ampezzo","datePublished":"2026-07-20T14:51:46+00:00","mainEntityOfPage":{"@id":"https:\/\/www.bellunopress.it\/2026\/07\/20\/guardia-di-finanza-cambio-al-vertice-della-compagnia-di-cortina-dampezzo\/"},"wordCount":277,"publisher":{"@id":"https:\/\/www.bellunopress.it\/#organization"},"image":{"@id":"https:\/\/www.bellunopress.it\/2026\/07\/20\/guardia-di-finanza-cambio-al-vertice-della-compagnia-di-cortina-dampezzo\/#primaryimage"},"thumbnailUrl":"https:\/\/www.bellunopress.it\/wp-content\/uploads\/2021\/02\/Guardia-finanza-Cortina_edited.jpg","articleSection":["Prima Pagina","Societ\u00e0, Associazioni, Istituzioni"],"inLanguage":"fr-FR"},{"@type":"WebPage","@id":"https:\/\/www.bellunopress.it\/2026\/07\/20\/guardia-di-finanza-cambio-al-vertice-della-compagnia-di-cortina-dampezzo\/","url":"https:\/\/www.bellunopress.it\/2026\/07\/20\/guardia-di-finanza-cambio-al-vertice-della-compagnia-di-cortina-dampezzo\/","name":"Guardia di Finanza: cambio al vertice della Compagnia di Cortina d\u2019Ampezzo - Bellunopress - Dolomiti","isPartOf":{"@id":"https:\/\/www.bellunopress.it\/#website"},"primaryImageOfPage":{"@id":"https:\/\/www.bellunopress.it\/2026\/07\/20\/guardia-di-finanza-cambio-al-vertice-della-compagnia-di-cortina-dampezzo\/#primaryimage"},"image":{"@id":"https:\/\/www.bellunopress.it\/2026\/07\/20\/guardia-di-finanza-cambio-al-vertice-della-compagnia-di-cortina-dampezzo\/#primaryimage"},"thumbnailUrl":"https:\/\/www.bellunopress.it\/wp-content\/uploads\/2021\/02\/Guardia-finanza-Cortina_edited.jpg","datePublished":"2026-07-20T14:51:46+00:00","breadcrumb":{"@id":"https:\/\/www.bellunopress.it\/2026\/07\/20\/guardia-di-finanza-cambio-al-vertice-della-compagnia-di-cortina-dampezzo\/#breadcrumb"},"inLanguage":"fr-FR","potentialAction":[{"@type":"ReadAction","target":["https:\/\/www.bellunopress.it\/2026\/07\/20\/guardia-di-finanza-cambio-al-vertice-della-compagnia-di-cortina-dampezzo\/"]}]},{"@type":"ImageObject","inLanguage":"fr-FR","@id":"https:\/\/www.bellunopress.it\/2026\/07\/20\/guardia-di-finanza-cambio-al-vertice-della-compagnia-di-cortina-dampezzo\/#primaryimage","url":"https:\/\/www.bellunopress.it\/wp-content\/uploads\/2021\/02\/Guardia-finanza-Cortina_edited.jpg","contentUrl":"https:\/\/www.bellunopress.it\/wp-content\/uploads\/2021\/02\/Guardia-finanza-Cortina_edited.jpg","width":1000,"height":786},{"@type":"BreadcrumbList","@id":"https:\/\/www.bellunopress.it\/2026\/07\/20\/guardia-di-finanza-cambio-al-vertice-della-compagnia-di-cortina-dampezzo\/#breadcrumb","itemListElement":[{"@type":"ListItem","position":1,"name":"Home","item":"https:\/\/www.bellunopress.it\/"},{"@type":"ListItem","position":2,"name":"Guardia di Finanza: cambio al vertice della Compagnia di Cortina d\u2019Ampezzo"}]},{"@type":"WebSite","@id":"https:\/\/www.bellunopress.it\/#website","url":"https:\/\/www.bellunopress.it\/","name":"Bellunopress - Dolomiti","description":"e-mail: redazione@bellunopress.it","publisher":{"@id":"https:\/\/www.bellunopress.it\/#organization"},"potentialAction":[{"@type":"SearchAction","target":{"@type":"EntryPoint","urlTemplate":"https:\/\/www.bellunopress.it\/?s={search_term_string}"},"query-input":{"@type":"PropertyValueSpecification","valueRequired":true,"valueName":"search_term_string"}}],"inLanguage":"fr-FR"},{"@type":"Organization","@id":"https:\/\/www.bellunopress.it\/#organization","name":"Bellunopress","url":"https:\/\/www.bellunopress.it\/","logo":{"@type":"ImageObject","inLanguage":"fr-FR","@id":"https:\/\/www.bellunopress.it\/#\/schema\/logo\/image\/","url":"https:\/\/www.bellunopress.it\/wp-content\/uploads\/2011\/05\/cropped-logo-bellunopress-.jpg","contentUrl":"https:\/\/www.bellunopress.it\/wp-content\/uploads\/2011\/05\/cropped-logo-bellunopress-.jpg","width":512,"height":512,"caption":"Bellunopress"},"image":{"@id":"https:\/\/www.bellunopress.it\/#\/schema\/logo\/image\/"},"sameAs":["https:\/\/www.facebook.com\/profile.php?id=100008943462799","https:\/\/x.com\/bellunopress","https:\/\/www.linkedin.com\/hp\/?dnr=JBzUWaJfMUw8vbXJJ2tVW5-I3jZKvC4wsoxE&amp;amp;amp;amp;amp;amp;trk=nav_responsive_tab_home","https:\/\/www.youtube.com\/channel\/UCxL0wu1uN0_3_7hGG0306cw"]},{"@type":"Person","@id":"https:\/\/www.bellunopress.it\/#\/schema\/person\/79bb06722b37ece1c03d3e94beb30d73","name":"r\u00e9daction","image":{"@type":"ImageObject","inLanguage":"fr-FR","@id":"https:\/\/secure.gravatar.com\/avatar\/37d968a2e67a6fd04c169c4bdef102d0bc5d31b2546345219e348575eb80e9a0?s=96&d=mm&r=g","url":"https:\/\/secure.gravatar.com\/avatar\/37d968a2e67a6fd04c169c4bdef102d0bc5d31b2546345219e348575eb80e9a0?s=96&d=mm&r=g","contentUrl":"https:\/\/secure.gravatar.com\/avatar\/37d968a2e67a6fd04c169c4bdef102d0bc5d31b2546345219e348575eb80e9a0?s=96&d=mm&r=g","caption":"redazione"},"sameAs":["http:\/\/www.bellunopress.it","https:\/\/x.com\/bellunopress"],"url":"https:\/\/www.bellunopress.it\/fr\/author\/redazione\/"}]}},"_links":{"self":[{"href":"https:\/\/www.bellunopress.it\/fr\/wp-json\/wp\/v2\/posts\/172054","targetHints":{"allow":["GET"]}}],"collection":[{"href":"https:\/\/www.bellunopress.it\/fr\/wp-json\/wp\/v2\/posts"}],"about":[{"href":"https:\/\/www.bellunopress.it\/fr\/wp-json\/wp\/v2\/types\/post"}],"author":[{"embeddable":true,"href":"https:\/\/www.bellunopress.it\/fr\/wp-json\/wp\/v2\/users\/2"}],"replies":[{"embeddable":true,"href":"https:\/\/www.bellunopress.it\/fr\/wp-json\/wp\/v2\/comments?post=172054"}],"version-history":[{"count":1,"href":"https:\/\/www.bellunopress.it\/fr\/wp-json\/wp\/v2\/posts\/172054\/revisions"}],"predecessor-version":[{"id":172055,"href":"https:\/\/www.bellunopress.it\/fr\/wp-json\/wp\/v2\/posts\/172054\/revisions\/172055"}],"wp:featuredmedia":[{"embeddable":true,"href":"https:\/\/www.bellunopress.it\/fr\/wp-json\/wp\/v2\/media\/121478"}],"wp:attachment":[{"href":"https:\/\/www.bellunopress.it\/fr\/wp-json\/wp\/v2\/media?parent=172054"}],"wp:term":[{"taxonomy":"category","embeddable":true,"href":"https:\/\/www.bellunopress.it\/fr\/wp-json\/wp\/v2\/categories?post=172054"},{"taxonomy":"post_tag","embeddable":true,"href":"https:\/\/www.bellunopress.it\/fr\/wp-json\/wp\/v2\/tags?post=172054"}],"curies":[{"name":"wp","href":"https:\/\/api.w.org\/{rel}","templated":true}]}}