{"id":172048,"date":"2026-07-20T10:12:03","date_gmt":"2026-07-20T08:12:03","guid":{"rendered":"https:\/\/www.bellunopress.it\/?p=172048"},"modified":"2026-07-20T10:12:41","modified_gmt":"2026-07-20T08:12:41","slug":"belluno-un-giovedi-speciale-al-bar-san-martino-enologia-gastronomia-musica-dal-vivo","status":"publish","type":"post","link":"https:\/\/www.bellunopress.it\/fr\/2026\/07\/20\/belluno-un-giovedi-speciale-al-bar-san-martino-enologia-gastronomia-musica-dal-vivo\/","title":{"rendered":"Belluno. Un gioved\u00ec speciale al Bar San Martino: enologia, gastronomia, musica dal vivo"},"content":{"rendered":"<p data-path-to-node=\"3\">Belluno, 20\/07\/2026 Se siete alla ricerca del modo perfetto per trascorrere la serata di gioved\u00ec 23 luglio 2026, il Bar San Martino ha in serbo un appuntamento imperdibile che unisce alta enologia, gastronomia raffinata e musica dal vivo.<\/p>\n<p data-path-to-node=\"5\">Il protagonista assoluto della serata sar\u00e0 il vino, grazie alla prestigiosa collaborazione con la Cantina Bellenda. Per l&#8217;occasione, \u00e8 stato studiato un percorso di degustazione unico, dove ogni etichetta sar\u00e0 sapientemente abbinata a sfiziose preparazioni culinarie:<\/p>\n<ul data-path-to-node=\"6\">\n<li>\n<p data-path-to-node=\"6,0,0\">Liora: servito in abbinamento a stracciatella, pomodorini confit e acciuga del Mar Cantabrico.<\/p>\n<\/li>\n<li>\n<p data-path-to-node=\"6,1,0\">Sileia (servito fresco): accompagnato da crostino di pane, pesca spadellata, crema di gorgonzola, crumble di noci e miele.<\/p>\n<\/li>\n<li>\n<p data-path-to-node=\"6,2,0\">SC 1931 Metodo Classico: l&#8217;abbinamento ricercato con crostino, salmone, avocado e squacquerone.<\/p>\n<\/li>\n<\/ul>\n<h3 data-path-to-node=\"7\">Atmosfera e musica<\/h3>\n<p data-path-to-node=\"8\">Ad arricchire l&#8217;esperienza non mancher\u00e0 la colonna sonora: la serata sar\u00e0 infatti accompagnata dalla musica dal vivo del Fuori Croma Group, che sapr\u00e0 creare la giusta atmosfera per una serata all&#8217;insegna del gusto e del relax in piazza.<\/p>\n<h3 data-path-to-node=\"9\">Informazioni e prenotazioni<\/h3>\n<p data-path-to-node=\"10\">L&#8217;evento si terr\u00e0 gioved\u00ec 23 luglio 2026. Dato l&#8217;interesse che promette di suscitare questa iniziativa, \u00e8 gradita la prenotazione per assicurarsi il proprio posto.<\/p>\n<p data-path-to-node=\"11\">Non perdete l&#8217;occasione di lasciarvi guidare dai sapori del territorio in una serata dedicata al piacere della convivialit\u00e0.<\/p>","protected":false},"excerpt":{"rendered":"<p>Belluno, 20\/07\/2026 Se siete alla ricerca del modo perfetto per trascorrere la serata di gioved\u00ec 23 luglio 2026, il Bar San Martino ha in serbo un appuntamento imperdibile che unisce alta enologia, gastronomia raffinata e musica dal vivo. Il protagonista assoluto della serata sar\u00e0 il vino, grazie alla prestigiosa collaborazione con la Cantina Bellenda. Per [&hellip;]<\/p>\n","protected":false},"author":2,"featured_media":172049,"comment_status":"closed","ping_status":"open","sticky":false,"template":"","format":"standard","meta":{"footnotes":""},"categories":[27,3393,25],"tags":[],"class_list":["post-172048","post","type-post","status-publish","format-standard","has-post-thumbnail","category-appuntamenti","category-eventi-enogastronomici","category-pausa-caffe"],"yoast_head":"<!-- This site is optimized with the Yoast SEO plugin v28.4 - https:\/\/yoast.com\/product\/yoast-seo-wordpress\/ -->\n<title>Belluno. Un gioved\u00ec speciale al Bar San Martino: enologia, gastronomia, musica dal vivo - Bellunopress - Dolomiti<\/title>\n<meta name=\"robots\" content=\"index, follow, max-snippet:-1, max-image-preview:large, max-video-preview:-1\" \/>\n<link rel=\"canonical\" href=\"https:\/\/www.bellunopress.it\/fr\/2026\/07\/20\/belluno-un-giovedi-speciale-al-bar-san-martino-enologia-gastronomia-musica-dal-vivo\/\" \/>\n<meta property=\"og:locale\" content=\"fr_FR\" \/>\n<meta property=\"og:type\" content=\"article\" \/>\n<meta property=\"og:title\" content=\"Belluno. Un gioved\u00ec speciale al Bar San Martino: enologia, gastronomia, musica dal vivo - Bellunopress - Dolomiti\" \/>\n<meta property=\"og:description\" content=\"Belluno, 20\/07\/2026 Se siete alla ricerca del modo perfetto per trascorrere la serata di gioved\u00ec 23 luglio 2026, il Bar San Martino ha in serbo un appuntamento imperdibile che unisce alta enologia, gastronomia raffinata e musica dal vivo. Il protagonista assoluto della serata sar\u00e0 il vino, grazie alla prestigiosa collaborazione con la Cantina Bellenda. Per [&hellip;]\" \/>\n<meta property=\"og:url\" content=\"https:\/\/www.bellunopress.it\/fr\/2026\/07\/20\/belluno-un-giovedi-speciale-al-bar-san-martino-enologia-gastronomia-musica-dal-vivo\/\" \/>\n<meta property=\"og:site_name\" content=\"Bellunopress - Dolomiti\" \/>\n<meta property=\"article:publisher\" content=\"https:\/\/www.facebook.com\/profile.php?id=100008943462799\" \/>\n<meta property=\"article:published_time\" content=\"2026-07-20T08:12:03+00:00\" \/>\n<meta property=\"article:modified_time\" content=\"2026-07-20T08:12:41+00:00\" \/>\n<meta property=\"og:image\" content=\"https:\/\/www.bellunopress.it\/wp-content\/uploads\/2026\/07\/belluno-di-sera-giovedi.jpg\" \/>\n\t<meta property=\"og:image:width\" content=\"500\" \/>\n\t<meta property=\"og:image:height\" content=\"374\" \/>\n\t<meta property=\"og:image:type\" content=\"image\/jpeg\" \/>\n<meta name=\"author\" content=\"redazione\" \/>\n<meta name=\"twitter:card\" content=\"summary_large_image\" \/>\n<meta name=\"twitter:creator\" content=\"@bellunopress\" \/>\n<meta name=\"twitter:site\" content=\"@bellunopress\" \/>\n<meta name=\"twitter:label1\" content=\"\u00c9crit par\" \/>\n\t<meta name=\"twitter:data1\" content=\"redazione\" \/>\n\t<meta name=\"twitter:label2\" content=\"Dur\u00e9e de lecture estim\u00e9e\" \/>\n\t<meta name=\"twitter:data2\" content=\"2 minutes\" \/>\n<script type=\"application\/ld+json\" class=\"yoast-schema-graph\">{\"@context\":\"https:\\\/\\\/schema.org\",\"@graph\":[{\"@type\":\"Article\",\"@id\":\"https:\\\/\\\/www.bellunopress.it\\\/2026\\\/07\\\/20\\\/belluno-un-giovedi-speciale-al-bar-san-martino-enologia-gastronomia-musica-dal-vivo\\\/#article\",\"isPartOf\":{\"@id\":\"https:\\\/\\\/www.bellunopress.it\\\/2026\\\/07\\\/20\\\/belluno-un-giovedi-speciale-al-bar-san-martino-enologia-gastronomia-musica-dal-vivo\\\/\"},\"author\":{\"name\":\"redazione\",\"@id\":\"https:\\\/\\\/www.bellunopress.it\\\/#\\\/schema\\\/person\\\/79bb06722b37ece1c03d3e94beb30d73\"},\"headline\":\"Belluno. Un gioved\u00ec speciale al Bar San Martino: enologia, gastronomia, musica dal vivo\",\"datePublished\":\"2026-07-20T08:12:03+00:00\",\"dateModified\":\"2026-07-20T08:12:41+00:00\",\"mainEntityOfPage\":{\"@id\":\"https:\\\/\\\/www.bellunopress.it\\\/2026\\\/07\\\/20\\\/belluno-un-giovedi-speciale-al-bar-san-martino-enologia-gastronomia-musica-dal-vivo\\\/\"},\"wordCount\":215,\"publisher\":{\"@id\":\"https:\\\/\\\/www.bellunopress.it\\\/#organization\"},\"image\":{\"@id\":\"https:\\\/\\\/www.bellunopress.it\\\/2026\\\/07\\\/20\\\/belluno-un-giovedi-speciale-al-bar-san-martino-enologia-gastronomia-musica-dal-vivo\\\/#primaryimage\"},\"thumbnailUrl\":\"https:\\\/\\\/www.bellunopress.it\\\/wp-content\\\/uploads\\\/2026\\\/07\\\/belluno-di-sera-giovedi.jpg\",\"articleSection\":[\"Appuntamenti, Eventi\",\"Eventi enogastronomici\",\"Pausa Caff\u00e8\"],\"inLanguage\":\"fr-FR\"},{\"@type\":\"WebPage\",\"@id\":\"https:\\\/\\\/www.bellunopress.it\\\/2026\\\/07\\\/20\\\/belluno-un-giovedi-speciale-al-bar-san-martino-enologia-gastronomia-musica-dal-vivo\\\/\",\"url\":\"https:\\\/\\\/www.bellunopress.it\\\/2026\\\/07\\\/20\\\/belluno-un-giovedi-speciale-al-bar-san-martino-enologia-gastronomia-musica-dal-vivo\\\/\",\"name\":\"Belluno. Un gioved\u00ec speciale al Bar San Martino: enologia, gastronomia, musica dal vivo - Bellunopress - Dolomiti\",\"isPartOf\":{\"@id\":\"https:\\\/\\\/www.bellunopress.it\\\/#website\"},\"primaryImageOfPage\":{\"@id\":\"https:\\\/\\\/www.bellunopress.it\\\/2026\\\/07\\\/20\\\/belluno-un-giovedi-speciale-al-bar-san-martino-enologia-gastronomia-musica-dal-vivo\\\/#primaryimage\"},\"image\":{\"@id\":\"https:\\\/\\\/www.bellunopress.it\\\/2026\\\/07\\\/20\\\/belluno-un-giovedi-speciale-al-bar-san-martino-enologia-gastronomia-musica-dal-vivo\\\/#primaryimage\"},\"thumbnailUrl\":\"https:\\\/\\\/www.bellunopress.it\\\/wp-content\\\/uploads\\\/2026\\\/07\\\/belluno-di-sera-giovedi.jpg\",\"datePublished\":\"2026-07-20T08:12:03+00:00\",\"dateModified\":\"2026-07-20T08:12:41+00:00\",\"breadcrumb\":{\"@id\":\"https:\\\/\\\/www.bellunopress.it\\\/2026\\\/07\\\/20\\\/belluno-un-giovedi-speciale-al-bar-san-martino-enologia-gastronomia-musica-dal-vivo\\\/#breadcrumb\"},\"inLanguage\":\"fr-FR\",\"potentialAction\":[{\"@type\":\"ReadAction\",\"target\":[\"https:\\\/\\\/www.bellunopress.it\\\/2026\\\/07\\\/20\\\/belluno-un-giovedi-speciale-al-bar-san-martino-enologia-gastronomia-musica-dal-vivo\\\/\"]}]},{\"@type\":\"ImageObject\",\"inLanguage\":\"fr-FR\",\"@id\":\"https:\\\/\\\/www.bellunopress.it\\\/2026\\\/07\\\/20\\\/belluno-un-giovedi-speciale-al-bar-san-martino-enologia-gastronomia-musica-dal-vivo\\\/#primaryimage\",\"url\":\"https:\\\/\\\/www.bellunopress.it\\\/wp-content\\\/uploads\\\/2026\\\/07\\\/belluno-di-sera-giovedi.jpg\",\"contentUrl\":\"https:\\\/\\\/www.bellunopress.it\\\/wp-content\\\/uploads\\\/2026\\\/07\\\/belluno-di-sera-giovedi.jpg\",\"width\":500,\"height\":374},{\"@type\":\"BreadcrumbList\",\"@id\":\"https:\\\/\\\/www.bellunopress.it\\\/2026\\\/07\\\/20\\\/belluno-un-giovedi-speciale-al-bar-san-martino-enologia-gastronomia-musica-dal-vivo\\\/#breadcrumb\",\"itemListElement\":[{\"@type\":\"ListItem\",\"position\":1,\"name\":\"Home\",\"item\":\"https:\\\/\\\/www.bellunopress.it\\\/\"},{\"@type\":\"ListItem\",\"position\":2,\"name\":\"Belluno. Un gioved\u00ec speciale al Bar San Martino: enologia, gastronomia, musica dal vivo\"}]},{\"@type\":\"WebSite\",\"@id\":\"https:\\\/\\\/www.bellunopress.it\\\/#website\",\"url\":\"https:\\\/\\\/www.bellunopress.it\\\/\",\"name\":\"Bellunopress - Dolomiti\",\"description\":\"e-mail: redazione@bellunopress.it\",\"publisher\":{\"@id\":\"https:\\\/\\\/www.bellunopress.it\\\/#organization\"},\"potentialAction\":[{\"@type\":\"SearchAction\",\"target\":{\"@type\":\"EntryPoint\",\"urlTemplate\":\"https:\\\/\\\/www.bellunopress.it\\\/?s={search_term_string}\"},\"query-input\":{\"@type\":\"PropertyValueSpecification\",\"valueRequired\":true,\"valueName\":\"search_term_string\"}}],\"inLanguage\":\"fr-FR\"},{\"@type\":\"Organization\",\"@id\":\"https:\\\/\\\/www.bellunopress.it\\\/#organization\",\"name\":\"Bellunopress\",\"url\":\"https:\\\/\\\/www.bellunopress.it\\\/\",\"logo\":{\"@type\":\"ImageObject\",\"inLanguage\":\"fr-FR\",\"@id\":\"https:\\\/\\\/www.bellunopress.it\\\/#\\\/schema\\\/logo\\\/image\\\/\",\"url\":\"https:\\\/\\\/www.bellunopress.it\\\/wp-content\\\/uploads\\\/2011\\\/05\\\/cropped-logo-bellunopress-.jpg\",\"contentUrl\":\"https:\\\/\\\/www.bellunopress.it\\\/wp-content\\\/uploads\\\/2011\\\/05\\\/cropped-logo-bellunopress-.jpg\",\"width\":512,\"height\":512,\"caption\":\"Bellunopress\"},\"image\":{\"@id\":\"https:\\\/\\\/www.bellunopress.it\\\/#\\\/schema\\\/logo\\\/image\\\/\"},\"sameAs\":[\"https:\\\/\\\/www.facebook.com\\\/profile.php?id=100008943462799\",\"https:\\\/\\\/x.com\\\/bellunopress\",\"https:\\\/\\\/www.linkedin.com\\\/hp\\\/?dnr=JBzUWaJfMUw8vbXJJ2tVW5-I3jZKvC4wsoxE&amp;amp;amp;amp;amp;amp;trk=nav_responsive_tab_home\",\"https:\\\/\\\/www.youtube.com\\\/channel\\\/UCxL0wu1uN0_3_7hGG0306cw\"]},{\"@type\":\"Person\",\"@id\":\"https:\\\/\\\/www.bellunopress.it\\\/#\\\/schema\\\/person\\\/79bb06722b37ece1c03d3e94beb30d73\",\"name\":\"redazione\",\"image\":{\"@type\":\"ImageObject\",\"inLanguage\":\"fr-FR\",\"@id\":\"https:\\\/\\\/secure.gravatar.com\\\/avatar\\\/37d968a2e67a6fd04c169c4bdef102d0bc5d31b2546345219e348575eb80e9a0?s=96&d=mm&r=g\",\"url\":\"https:\\\/\\\/secure.gravatar.com\\\/avatar\\\/37d968a2e67a6fd04c169c4bdef102d0bc5d31b2546345219e348575eb80e9a0?s=96&d=mm&r=g\",\"contentUrl\":\"https:\\\/\\\/secure.gravatar.com\\\/avatar\\\/37d968a2e67a6fd04c169c4bdef102d0bc5d31b2546345219e348575eb80e9a0?s=96&d=mm&r=g\",\"caption\":\"redazione\"},\"sameAs\":[\"http:\\\/\\\/www.bellunopress.it\",\"https:\\\/\\\/x.com\\\/bellunopress\"],\"url\":\"https:\\\/\\\/www.bellunopress.it\\\/fr\\\/author\\\/redazione\\\/\"}]}<\/script>\n<!-- \/ Yoast SEO plugin. -->","yoast_head_json":{"title":"Belluno. Un gioved\u00ec speciale al Bar San Martino: enologia, gastronomia, musica dal vivo - Bellunopress - Dolomiti","robots":{"index":"index","follow":"follow","max-snippet":"max-snippet:-1","max-image-preview":"max-image-preview:large","max-video-preview":"max-video-preview:-1"},"canonical":"https:\/\/www.bellunopress.it\/fr\/2026\/07\/20\/belluno-un-giovedi-speciale-al-bar-san-martino-enologia-gastronomia-musica-dal-vivo\/","og_locale":"fr_FR","og_type":"article","og_title":"Belluno. Un gioved\u00ec speciale al Bar San Martino: enologia, gastronomia, musica dal vivo - Bellunopress - Dolomiti","og_description":"Belluno, 20\/07\/2026 Se siete alla ricerca del modo perfetto per trascorrere la serata di gioved\u00ec 23 luglio 2026, il Bar San Martino ha in serbo un appuntamento imperdibile che unisce alta enologia, gastronomia raffinata e musica dal vivo. Il protagonista assoluto della serata sar\u00e0 il vino, grazie alla prestigiosa collaborazione con la Cantina Bellenda. Per [&hellip;]","og_url":"https:\/\/www.bellunopress.it\/fr\/2026\/07\/20\/belluno-un-giovedi-speciale-al-bar-san-martino-enologia-gastronomia-musica-dal-vivo\/","og_site_name":"Bellunopress - Dolomiti","article_publisher":"https:\/\/www.facebook.com\/profile.php?id=100008943462799","article_published_time":"2026-07-20T08:12:03+00:00","article_modified_time":"2026-07-20T08:12:41+00:00","og_image":[{"width":500,"height":374,"url":"https:\/\/www.bellunopress.it\/wp-content\/uploads\/2026\/07\/belluno-di-sera-giovedi.jpg","type":"image\/jpeg"}],"author":"redazione","twitter_card":"summary_large_image","twitter_creator":"@bellunopress","twitter_site":"@bellunopress","twitter_misc":{"\u00c9crit par":"redazione","Dur\u00e9e de lecture estim\u00e9e":"2 minutes"},"schema":{"@context":"https:\/\/schema.org","@graph":[{"@type":"Article","@id":"https:\/\/www.bellunopress.it\/2026\/07\/20\/belluno-un-giovedi-speciale-al-bar-san-martino-enologia-gastronomia-musica-dal-vivo\/#article","isPartOf":{"@id":"https:\/\/www.bellunopress.it\/2026\/07\/20\/belluno-un-giovedi-speciale-al-bar-san-martino-enologia-gastronomia-musica-dal-vivo\/"},"author":{"name":"redazione","@id":"https:\/\/www.bellunopress.it\/#\/schema\/person\/79bb06722b37ece1c03d3e94beb30d73"},"headline":"Belluno. Un gioved\u00ec speciale al Bar San Martino: enologia, gastronomia, musica dal vivo","datePublished":"2026-07-20T08:12:03+00:00","dateModified":"2026-07-20T08:12:41+00:00","mainEntityOfPage":{"@id":"https:\/\/www.bellunopress.it\/2026\/07\/20\/belluno-un-giovedi-speciale-al-bar-san-martino-enologia-gastronomia-musica-dal-vivo\/"},"wordCount":215,"publisher":{"@id":"https:\/\/www.bellunopress.it\/#organization"},"image":{"@id":"https:\/\/www.bellunopress.it\/2026\/07\/20\/belluno-un-giovedi-speciale-al-bar-san-martino-enologia-gastronomia-musica-dal-vivo\/#primaryimage"},"thumbnailUrl":"https:\/\/www.bellunopress.it\/wp-content\/uploads\/2026\/07\/belluno-di-sera-giovedi.jpg","articleSection":["Appuntamenti, Eventi","Eventi enogastronomici","Pausa Caff\u00e8"],"inLanguage":"fr-FR"},{"@type":"WebPage","@id":"https:\/\/www.bellunopress.it\/2026\/07\/20\/belluno-un-giovedi-speciale-al-bar-san-martino-enologia-gastronomia-musica-dal-vivo\/","url":"https:\/\/www.bellunopress.it\/2026\/07\/20\/belluno-un-giovedi-speciale-al-bar-san-martino-enologia-gastronomia-musica-dal-vivo\/","name":"Belluno. Un gioved\u00ec speciale al Bar San Martino: enologia, gastronomia, musica dal vivo - Bellunopress - Dolomiti","isPartOf":{"@id":"https:\/\/www.bellunopress.it\/#website"},"primaryImageOfPage":{"@id":"https:\/\/www.bellunopress.it\/2026\/07\/20\/belluno-un-giovedi-speciale-al-bar-san-martino-enologia-gastronomia-musica-dal-vivo\/#primaryimage"},"image":{"@id":"https:\/\/www.bellunopress.it\/2026\/07\/20\/belluno-un-giovedi-speciale-al-bar-san-martino-enologia-gastronomia-musica-dal-vivo\/#primaryimage"},"thumbnailUrl":"https:\/\/www.bellunopress.it\/wp-content\/uploads\/2026\/07\/belluno-di-sera-giovedi.jpg","datePublished":"2026-07-20T08:12:03+00:00","dateModified":"2026-07-20T08:12:41+00:00","breadcrumb":{"@id":"https:\/\/www.bellunopress.it\/2026\/07\/20\/belluno-un-giovedi-speciale-al-bar-san-martino-enologia-gastronomia-musica-dal-vivo\/#breadcrumb"},"inLanguage":"fr-FR","potentialAction":[{"@type":"ReadAction","target":["https:\/\/www.bellunopress.it\/2026\/07\/20\/belluno-un-giovedi-speciale-al-bar-san-martino-enologia-gastronomia-musica-dal-vivo\/"]}]},{"@type":"ImageObject","inLanguage":"fr-FR","@id":"https:\/\/www.bellunopress.it\/2026\/07\/20\/belluno-un-giovedi-speciale-al-bar-san-martino-enologia-gastronomia-musica-dal-vivo\/#primaryimage","url":"https:\/\/www.bellunopress.it\/wp-content\/uploads\/2026\/07\/belluno-di-sera-giovedi.jpg","contentUrl":"https:\/\/www.bellunopress.it\/wp-content\/uploads\/2026\/07\/belluno-di-sera-giovedi.jpg","width":500,"height":374},{"@type":"BreadcrumbList","@id":"https:\/\/www.bellunopress.it\/2026\/07\/20\/belluno-un-giovedi-speciale-al-bar-san-martino-enologia-gastronomia-musica-dal-vivo\/#breadcrumb","itemListElement":[{"@type":"ListItem","position":1,"name":"Home","item":"https:\/\/www.bellunopress.it\/"},{"@type":"ListItem","position":2,"name":"Belluno. Un gioved\u00ec speciale al Bar San Martino: enologia, gastronomia, musica dal vivo"}]},{"@type":"WebSite","@id":"https:\/\/www.bellunopress.it\/#website","url":"https:\/\/www.bellunopress.it\/","name":"Bellunopress - Dolomiti","description":"e-mail: redazione@bellunopress.it","publisher":{"@id":"https:\/\/www.bellunopress.it\/#organization"},"potentialAction":[{"@type":"SearchAction","target":{"@type":"EntryPoint","urlTemplate":"https:\/\/www.bellunopress.it\/?s={search_term_string}"},"query-input":{"@type":"PropertyValueSpecification","valueRequired":true,"valueName":"search_term_string"}}],"inLanguage":"fr-FR"},{"@type":"Organization","@id":"https:\/\/www.bellunopress.it\/#organization","name":"Bellunopress","url":"https:\/\/www.bellunopress.it\/","logo":{"@type":"ImageObject","inLanguage":"fr-FR","@id":"https:\/\/www.bellunopress.it\/#\/schema\/logo\/image\/","url":"https:\/\/www.bellunopress.it\/wp-content\/uploads\/2011\/05\/cropped-logo-bellunopress-.jpg","contentUrl":"https:\/\/www.bellunopress.it\/wp-content\/uploads\/2011\/05\/cropped-logo-bellunopress-.jpg","width":512,"height":512,"caption":"Bellunopress"},"image":{"@id":"https:\/\/www.bellunopress.it\/#\/schema\/logo\/image\/"},"sameAs":["https:\/\/www.facebook.com\/profile.php?id=100008943462799","https:\/\/x.com\/bellunopress","https:\/\/www.linkedin.com\/hp\/?dnr=JBzUWaJfMUw8vbXJJ2tVW5-I3jZKvC4wsoxE&amp;amp;amp;amp;amp;amp;trk=nav_responsive_tab_home","https:\/\/www.youtube.com\/channel\/UCxL0wu1uN0_3_7hGG0306cw"]},{"@type":"Person","@id":"https:\/\/www.bellunopress.it\/#\/schema\/person\/79bb06722b37ece1c03d3e94beb30d73","name":"r\u00e9daction","image":{"@type":"ImageObject","inLanguage":"fr-FR","@id":"https:\/\/secure.gravatar.com\/avatar\/37d968a2e67a6fd04c169c4bdef102d0bc5d31b2546345219e348575eb80e9a0?s=96&d=mm&r=g","url":"https:\/\/secure.gravatar.com\/avatar\/37d968a2e67a6fd04c169c4bdef102d0bc5d31b2546345219e348575eb80e9a0?s=96&d=mm&r=g","contentUrl":"https:\/\/secure.gravatar.com\/avatar\/37d968a2e67a6fd04c169c4bdef102d0bc5d31b2546345219e348575eb80e9a0?s=96&d=mm&r=g","caption":"redazione"},"sameAs":["http:\/\/www.bellunopress.it","https:\/\/x.com\/bellunopress"],"url":"https:\/\/www.bellunopress.it\/fr\/author\/redazione\/"}]}},"_links":{"self":[{"href":"https:\/\/www.bellunopress.it\/fr\/wp-json\/wp\/v2\/posts\/172048","targetHints":{"allow":["GET"]}}],"collection":[{"href":"https:\/\/www.bellunopress.it\/fr\/wp-json\/wp\/v2\/posts"}],"about":[{"href":"https:\/\/www.bellunopress.it\/fr\/wp-json\/wp\/v2\/types\/post"}],"author":[{"embeddable":true,"href":"https:\/\/www.bellunopress.it\/fr\/wp-json\/wp\/v2\/users\/2"}],"replies":[{"embeddable":true,"href":"https:\/\/www.bellunopress.it\/fr\/wp-json\/wp\/v2\/comments?post=172048"}],"version-history":[{"count":2,"href":"https:\/\/www.bellunopress.it\/fr\/wp-json\/wp\/v2\/posts\/172048\/revisions"}],"predecessor-version":[{"id":172051,"href":"https:\/\/www.bellunopress.it\/fr\/wp-json\/wp\/v2\/posts\/172048\/revisions\/172051"}],"wp:featuredmedia":[{"embeddable":true,"href":"https:\/\/www.bellunopress.it\/fr\/wp-json\/wp\/v2\/media\/172049"}],"wp:attachment":[{"href":"https:\/\/www.bellunopress.it\/fr\/wp-json\/wp\/v2\/media?parent=172048"}],"wp:term":[{"taxonomy":"category","embeddable":true,"href":"https:\/\/www.bellunopress.it\/fr\/wp-json\/wp\/v2\/categories?post=172048"},{"taxonomy":"post_tag","embeddable":true,"href":"https:\/\/www.bellunopress.it\/fr\/wp-json\/wp\/v2\/tags?post=172048"}],"curies":[{"name":"wp","href":"https:\/\/api.w.org\/{rel}","templated":true}]}}