{"id":172042,"date":"2026-07-20T08:47:22","date_gmt":"2026-07-20T06:47:22","guid":{"rendered":"https:\/\/www.bellunopress.it\/?p=172042"},"modified":"2026-07-20T08:47:22","modified_gmt":"2026-07-20T06:47:22","slug":"lorenzo-de-vettori-e-giovanni-de-bon-sono-i-re-della-transcivetta-alpenplus-2026","status":"publish","type":"post","link":"https:\/\/www.bellunopress.it\/fr\/2026\/07\/20\/lorenzo-de-vettori-e-giovanni-de-bon-sono-i-re-della-transcivetta-alpenplus-2026\/","title":{"rendered":"Lorenzo De Vettori e Giovanni De Bon sono i re della Transcivetta Alpenplus 2026"},"content":{"rendered":"<p><strong>800 squadre domenica 19 luglio, sulle Dolomiti Bellunesi, per la storica gara di corsa in montagna a coppie da Listolade ai Piani di Pezz\u00e8. Tra le coppie femminili hurr\u00e0 per Benedetta Polentes e Cecilia De Filippo Roia, prima coppia mista Sara Nait e Andrea Fadi<\/strong><\/p>\n<p>Alleghe (Dolomiti Bellunesi), 19 luglio 2026 \u2013 800 coppie al via per l&#8217;edizione 2026 di Transcivetta Alpenplus, la storica gara di corsa in montagna che si svolge sulle Dolomiti Bellunesi, nello specifico sui sentieri dell&#8217;Agordino, sul collaudato e spettacolare tracciato di 23 chilometri (1.950 metri di dislivello), con partenza da Listolade di Taibon Agordino e arrivo ai Piani di Pezz\u00e8 di Alleghe, transitando per Capanna Trieste, rifugio Vazzoler, Case Favretti, rifugio Tissi (che con i suoi 2.281 metri di altitudine rappresenta il punto pi\u00f9 alto della corsa), forcella Col Negro, forcella Coldai, rifugio Coldai e casera Pioda.<\/p>\n<p>A tagliare per primi il traguardo dei Piani di Pezz\u00e8, localit\u00e0 sopra il lago di Alleghe che a fine maggio ha ospitato l&#8217;arrivo di una tappa del Giro d&#8217;Italia, sono stati i bellunesi Lorenzo De Vettori e Giovanni De Bon, vincitori in 2 ore, 12 minuti e 29&#8243; secondi. La loro \u00e8 stata una vittoria arrivata dopo un bel duello con i friulani Lorenzo Buttazzoni e Massimo Garlatti, secondi a due minuti e 49 secondi. A completare il podio altri due bellunesi, Gianpietro Barattin e Mihail Sirbu, terzi con un gap di 4 minuti e 33 secondi.<\/p>\n<p>\u00abGara molto sofferta, fino all&#8217;ultimo\u00bb dice Lorenzo De Vettori. \u00abSiamo riusciti a resistere a Buttazzoni e Garlatti, riuscendo nel finale a trovare lo spunto giusto per non farci raggiungere\u00bb. \u00abLa Transcivetta \u00e8 sempre bella, impegnativa, in mezzo a una cornice fantastica\u00bb cos\u00ec Giovanni De Bon. \u00abAbbiamo sofferto ma abbiamo gestito bene la gara, l&#8217;abbiamo interpretata nella maniera giusta, aiutandoci a vicenda. Complimenti a Lorenzo che \u00e8 andato davvero forte\u00bb.<\/p>\n<p>Tra le coppie miste, hanno ripetuto il successo del 2025 i friulani Sara Nait e Andrea Fadi, al traguardo dei Piani di Pezz\u00e8 in 2 ore, 32 minuti e 57 secondi. Piazza d&#8217;onore per i bellunesi di Auronzo di Cadore Francesca Di Sopra e Lorenzo Pais Bianco, staccati dai vincitori di 6 minuti e 48 secondi. Terza un&#8217;altra squadra bellunese: Sara Campigotto e Dylan De Michiel, con un ritardo di 8 minuti e 38 secondi.<\/p>\n<p>\u00abDopo la vittoria dello scorso anno ci eravamo ripromessi di tornare e &#8230; ne \u00e8 valsa la pena\u00bb! dice Andrea Fadi. \u00abSiamo andati bene in salita, un po&#8217; meno in discesa ma alla fine \u00e8 venuta fuori una bella prestazione, con il personale migliorato di parecchi. Il record? Ci riproveremo in futuro. La Transcivetta? \u00c8 sempre magica\u00bb.<\/p>\n<p>La classifica in rosa ha visto sul primo gradino del podio la trevigiana Benedetta Polentes e la bellunese Cecilia De Filippo Roia, in 2 ore, 44 minuti e 34 secondi.<\/p>\n<p>Le vicentine Eleonora e Irene (quest&#8217;ultima campionessa mondiale a squadre lo scorso anno nel trail lungo alla rassegna iridata di Canfranc \u2013 Pirenei Spagnoli) Saggin si sono piazzate seconde, a 12 minuti e 31 secondi dalle vincitrici. Terze, a 14 minuti e 41 secondi dalla vetta, le atlete della Val Comelico Martina De Silvestro e Giada Monegato.<\/p>\n<p>\u00abGiornata ideale per correre in montagna, con temperatura fresca e cielo coperto\u00bb sottolinea Benedetta Polentes. \u00abNon mi aspettavo di vincere ma avevo una compagna di squadra formidabile\u00bb.<\/p>\n<p>\u00abSono alla terza vittoria consecutiva\u00bb dice Cecilia De Filippo Roia. \u00abDavvero \u00e8 un successo inaspettato\u00bb.<\/p>\n<p>Come consuetudine, Transcivetta Alpenplus ha dedicato spazio anche ai pi\u00f9 piccoli: in programma ai Piani di Pezz\u00e8, infatti, si \u00e8 svolta la Kids, dedicata agli under 12, su percorso di 2.5 chilometri.<\/p>\n<p>\u00abSiamo davvero soddisfatti di questa Transcivetta Alpenplus: abbiamo fatto il sold out, raggiungendo quota 800 coppie, con giorni di anticipo sulla chiusura delle iscrizioni e questo \u00e8 un dato importante, che va oltre le previsioni\u00bb dice Andrea Da Pian, del comitato organizzatore. \u00abUn grazie ai 350 volontari e alle tante associazioni che collaborano con noi: senza di loro nulla sarebbe possibile. Tra le novit\u00e0 di questa edizione mi piace ricordare la medaglia per ogni finisher: i concorrenti la chiedevano da tempo, l&#8217;abbiamo realizzata ed \u00e8 stata apprezzata. Mi piace sottolineare anche l&#8217;importante collaborazione con Societ\u00e0 Nuova, realt\u00e0 che si occupa di inclusione sociale e lavorativa delle persone in situazione di svantaggio: Transcivetta Alpenplus \u00e8 sport ma non solo. Ultimo ma non ultimo, il ringraziamento alla famiglia Zasso di Alpenplus, nuovo title sponsor della manifestazione: lo scorso inverno \u00e8 nata una collaborazione davvero importante che continuer\u00e0 anche nei prossimi anni\u00bb.<\/p>\n<p>&nbsp;<\/p>","protected":false},"excerpt":{"rendered":"<p>800 squadre domenica 19 luglio, sulle Dolomiti Bellunesi, per la storica gara di corsa in montagna a coppie da Listolade ai Piani di Pezz\u00e8. Tra le coppie femminili hurr\u00e0 per Benedetta Polentes e Cecilia De Filippo Roia, prima coppia mista Sara Nait e Andrea Fadi Alleghe (Dolomiti Bellunesi), 19 luglio 2026 \u2013 800 coppie al [&hellip;]<\/p>\n","protected":false},"author":2,"featured_media":172043,"comment_status":"closed","ping_status":"open","sticky":false,"template":"","format":"standard","meta":{"footnotes":""},"categories":[4],"tags":[],"class_list":["post-172042","post","type-post","status-publish","format-standard","has-post-thumbnail","category-sport"],"yoast_head":"<!-- This site is optimized with the Yoast SEO plugin v28.4 - https:\/\/yoast.com\/product\/yoast-seo-wordpress\/ -->\n<title>Lorenzo De Vettori e Giovanni De Bon sono i re della Transcivetta Alpenplus 2026 - Bellunopress - Dolomiti<\/title>\n<meta name=\"robots\" content=\"index, follow, max-snippet:-1, max-image-preview:large, max-video-preview:-1\" \/>\n<link rel=\"canonical\" href=\"https:\/\/www.bellunopress.it\/fr\/2026\/07\/20\/lorenzo-de-vettori-e-giovanni-de-bon-sono-i-re-della-transcivetta-alpenplus-2026\/\" \/>\n<meta property=\"og:locale\" content=\"fr_FR\" \/>\n<meta property=\"og:type\" content=\"article\" \/>\n<meta property=\"og:title\" content=\"Lorenzo De Vettori e Giovanni De Bon sono i re della Transcivetta Alpenplus 2026 - Bellunopress - Dolomiti\" \/>\n<meta property=\"og:description\" content=\"800 squadre domenica 19 luglio, sulle Dolomiti Bellunesi, per la storica gara di corsa in montagna a coppie da Listolade ai Piani di Pezz\u00e8. Tra le coppie femminili hurr\u00e0 per Benedetta Polentes e Cecilia De Filippo Roia, prima coppia mista Sara Nait e Andrea Fadi Alleghe (Dolomiti Bellunesi), 19 luglio 2026 \u2013 800 coppie al [&hellip;]\" \/>\n<meta property=\"og:url\" content=\"https:\/\/www.bellunopress.it\/fr\/2026\/07\/20\/lorenzo-de-vettori-e-giovanni-de-bon-sono-i-re-della-transcivetta-alpenplus-2026\/\" \/>\n<meta property=\"og:site_name\" content=\"Bellunopress - Dolomiti\" \/>\n<meta property=\"article:publisher\" content=\"https:\/\/www.facebook.com\/profile.php?id=100008943462799\" \/>\n<meta property=\"article:published_time\" content=\"2026-07-20T06:47:22+00:00\" \/>\n<meta property=\"og:image\" content=\"https:\/\/www.bellunopress.it\/wp-content\/uploads\/2026\/07\/Transcivetta-2026-VINCITORI-LORENZO-DE-VETTORI-E-GIOVANNI-DE-BON-ph-EchiAlessandroSogne.jpg\" \/>\n\t<meta property=\"og:image:width\" content=\"480\" \/>\n\t<meta property=\"og:image:height\" content=\"305\" \/>\n\t<meta property=\"og:image:type\" content=\"image\/jpeg\" \/>\n<meta name=\"author\" content=\"redazione\" \/>\n<meta name=\"twitter:card\" content=\"summary_large_image\" \/>\n<meta name=\"twitter:creator\" content=\"@bellunopress\" \/>\n<meta name=\"twitter:site\" content=\"@bellunopress\" \/>\n<meta name=\"twitter:label1\" content=\"Written by\" \/>\n\t<meta name=\"twitter:data1\" content=\"redazione\" \/>\n\t<meta name=\"twitter:label2\" content=\"Est. reading time\" \/>\n\t<meta name=\"twitter:data2\" content=\"5 minutes\" \/>\n<script type=\"application\/ld+json\" class=\"yoast-schema-graph\">{\"@context\":\"https:\\\/\\\/schema.org\",\"@graph\":[{\"@type\":\"Article\",\"@id\":\"https:\\\/\\\/www.bellunopress.it\\\/2026\\\/07\\\/20\\\/lorenzo-de-vettori-e-giovanni-de-bon-sono-i-re-della-transcivetta-alpenplus-2026\\\/#article\",\"isPartOf\":{\"@id\":\"https:\\\/\\\/www.bellunopress.it\\\/2026\\\/07\\\/20\\\/lorenzo-de-vettori-e-giovanni-de-bon-sono-i-re-della-transcivetta-alpenplus-2026\\\/\"},\"author\":{\"name\":\"redazione\",\"@id\":\"https:\\\/\\\/www.bellunopress.it\\\/#\\\/schema\\\/person\\\/79bb06722b37ece1c03d3e94beb30d73\"},\"headline\":\"Lorenzo De Vettori e Giovanni De Bon sono i re della Transcivetta Alpenplus 2026\",\"datePublished\":\"2026-07-20T06:47:22+00:00\",\"mainEntityOfPage\":{\"@id\":\"https:\\\/\\\/www.bellunopress.it\\\/2026\\\/07\\\/20\\\/lorenzo-de-vettori-e-giovanni-de-bon-sono-i-re-della-transcivetta-alpenplus-2026\\\/\"},\"wordCount\":726,\"publisher\":{\"@id\":\"https:\\\/\\\/www.bellunopress.it\\\/#organization\"},\"image\":{\"@id\":\"https:\\\/\\\/www.bellunopress.it\\\/2026\\\/07\\\/20\\\/lorenzo-de-vettori-e-giovanni-de-bon-sono-i-re-della-transcivetta-alpenplus-2026\\\/#primaryimage\"},\"thumbnailUrl\":\"https:\\\/\\\/www.bellunopress.it\\\/wp-content\\\/uploads\\\/2026\\\/07\\\/Transcivetta-2026-VINCITORI-LORENZO-DE-VETTORI-E-GIOVANNI-DE-BON-ph-EchiAlessandroSogne.jpg\",\"articleSection\":[\"Sport, tempo libero\"],\"inLanguage\":\"fr-FR\"},{\"@type\":\"WebPage\",\"@id\":\"https:\\\/\\\/www.bellunopress.it\\\/2026\\\/07\\\/20\\\/lorenzo-de-vettori-e-giovanni-de-bon-sono-i-re-della-transcivetta-alpenplus-2026\\\/\",\"url\":\"https:\\\/\\\/www.bellunopress.it\\\/2026\\\/07\\\/20\\\/lorenzo-de-vettori-e-giovanni-de-bon-sono-i-re-della-transcivetta-alpenplus-2026\\\/\",\"name\":\"Lorenzo De Vettori e Giovanni De Bon sono i re della Transcivetta Alpenplus 2026 - Bellunopress - Dolomiti\",\"isPartOf\":{\"@id\":\"https:\\\/\\\/www.bellunopress.it\\\/#website\"},\"primaryImageOfPage\":{\"@id\":\"https:\\\/\\\/www.bellunopress.it\\\/2026\\\/07\\\/20\\\/lorenzo-de-vettori-e-giovanni-de-bon-sono-i-re-della-transcivetta-alpenplus-2026\\\/#primaryimage\"},\"image\":{\"@id\":\"https:\\\/\\\/www.bellunopress.it\\\/2026\\\/07\\\/20\\\/lorenzo-de-vettori-e-giovanni-de-bon-sono-i-re-della-transcivetta-alpenplus-2026\\\/#primaryimage\"},\"thumbnailUrl\":\"https:\\\/\\\/www.bellunopress.it\\\/wp-content\\\/uploads\\\/2026\\\/07\\\/Transcivetta-2026-VINCITORI-LORENZO-DE-VETTORI-E-GIOVANNI-DE-BON-ph-EchiAlessandroSogne.jpg\",\"datePublished\":\"2026-07-20T06:47:22+00:00\",\"breadcrumb\":{\"@id\":\"https:\\\/\\\/www.bellunopress.it\\\/2026\\\/07\\\/20\\\/lorenzo-de-vettori-e-giovanni-de-bon-sono-i-re-della-transcivetta-alpenplus-2026\\\/#breadcrumb\"},\"inLanguage\":\"fr-FR\",\"potentialAction\":[{\"@type\":\"ReadAction\",\"target\":[\"https:\\\/\\\/www.bellunopress.it\\\/2026\\\/07\\\/20\\\/lorenzo-de-vettori-e-giovanni-de-bon-sono-i-re-della-transcivetta-alpenplus-2026\\\/\"]}]},{\"@type\":\"ImageObject\",\"inLanguage\":\"fr-FR\",\"@id\":\"https:\\\/\\\/www.bellunopress.it\\\/2026\\\/07\\\/20\\\/lorenzo-de-vettori-e-giovanni-de-bon-sono-i-re-della-transcivetta-alpenplus-2026\\\/#primaryimage\",\"url\":\"https:\\\/\\\/www.bellunopress.it\\\/wp-content\\\/uploads\\\/2026\\\/07\\\/Transcivetta-2026-VINCITORI-LORENZO-DE-VETTORI-E-GIOVANNI-DE-BON-ph-EchiAlessandroSogne.jpg\",\"contentUrl\":\"https:\\\/\\\/www.bellunopress.it\\\/wp-content\\\/uploads\\\/2026\\\/07\\\/Transcivetta-2026-VINCITORI-LORENZO-DE-VETTORI-E-GIOVANNI-DE-BON-ph-EchiAlessandroSogne.jpg\",\"width\":480,\"height\":305,\"caption\":\"I vincitori della Transcivetta 2026 Lorenzo De Vettori e Giovanni De Bon (ph Alessandro Sogne)\"},{\"@type\":\"BreadcrumbList\",\"@id\":\"https:\\\/\\\/www.bellunopress.it\\\/2026\\\/07\\\/20\\\/lorenzo-de-vettori-e-giovanni-de-bon-sono-i-re-della-transcivetta-alpenplus-2026\\\/#breadcrumb\",\"itemListElement\":[{\"@type\":\"ListItem\",\"position\":1,\"name\":\"Home\",\"item\":\"https:\\\/\\\/www.bellunopress.it\\\/\"},{\"@type\":\"ListItem\",\"position\":2,\"name\":\"Lorenzo De Vettori e Giovanni De Bon sono i re della Transcivetta Alpenplus 2026\"}]},{\"@type\":\"WebSite\",\"@id\":\"https:\\\/\\\/www.bellunopress.it\\\/#website\",\"url\":\"https:\\\/\\\/www.bellunopress.it\\\/\",\"name\":\"Bellunopress - Dolomiti\",\"description\":\"e-mail: redazione@bellunopress.it\",\"publisher\":{\"@id\":\"https:\\\/\\\/www.bellunopress.it\\\/#organization\"},\"potentialAction\":[{\"@type\":\"SearchAction\",\"target\":{\"@type\":\"EntryPoint\",\"urlTemplate\":\"https:\\\/\\\/www.bellunopress.it\\\/?s={search_term_string}\"},\"query-input\":{\"@type\":\"PropertyValueSpecification\",\"valueRequired\":true,\"valueName\":\"search_term_string\"}}],\"inLanguage\":\"fr-FR\"},{\"@type\":\"Organization\",\"@id\":\"https:\\\/\\\/www.bellunopress.it\\\/#organization\",\"name\":\"Bellunopress\",\"url\":\"https:\\\/\\\/www.bellunopress.it\\\/\",\"logo\":{\"@type\":\"ImageObject\",\"inLanguage\":\"fr-FR\",\"@id\":\"https:\\\/\\\/www.bellunopress.it\\\/#\\\/schema\\\/logo\\\/image\\\/\",\"url\":\"https:\\\/\\\/www.bellunopress.it\\\/wp-content\\\/uploads\\\/2011\\\/05\\\/cropped-logo-bellunopress-.jpg\",\"contentUrl\":\"https:\\\/\\\/www.bellunopress.it\\\/wp-content\\\/uploads\\\/2011\\\/05\\\/cropped-logo-bellunopress-.jpg\",\"width\":512,\"height\":512,\"caption\":\"Bellunopress\"},\"image\":{\"@id\":\"https:\\\/\\\/www.bellunopress.it\\\/#\\\/schema\\\/logo\\\/image\\\/\"},\"sameAs\":[\"https:\\\/\\\/www.facebook.com\\\/profile.php?id=100008943462799\",\"https:\\\/\\\/x.com\\\/bellunopress\",\"https:\\\/\\\/www.linkedin.com\\\/hp\\\/?dnr=JBzUWaJfMUw8vbXJJ2tVW5-I3jZKvC4wsoxE&amp;amp;amp;amp;amp;amp;trk=nav_responsive_tab_home\",\"https:\\\/\\\/www.youtube.com\\\/channel\\\/UCxL0wu1uN0_3_7hGG0306cw\"]},{\"@type\":\"Person\",\"@id\":\"https:\\\/\\\/www.bellunopress.it\\\/#\\\/schema\\\/person\\\/79bb06722b37ece1c03d3e94beb30d73\",\"name\":\"redazione\",\"image\":{\"@type\":\"ImageObject\",\"inLanguage\":\"fr-FR\",\"@id\":\"https:\\\/\\\/secure.gravatar.com\\\/avatar\\\/37d968a2e67a6fd04c169c4bdef102d0bc5d31b2546345219e348575eb80e9a0?s=96&d=mm&r=g\",\"url\":\"https:\\\/\\\/secure.gravatar.com\\\/avatar\\\/37d968a2e67a6fd04c169c4bdef102d0bc5d31b2546345219e348575eb80e9a0?s=96&d=mm&r=g\",\"contentUrl\":\"https:\\\/\\\/secure.gravatar.com\\\/avatar\\\/37d968a2e67a6fd04c169c4bdef102d0bc5d31b2546345219e348575eb80e9a0?s=96&d=mm&r=g\",\"caption\":\"redazione\"},\"sameAs\":[\"http:\\\/\\\/www.bellunopress.it\",\"https:\\\/\\\/x.com\\\/bellunopress\"],\"url\":\"https:\\\/\\\/www.bellunopress.it\\\/fr\\\/author\\\/redazione\\\/\"}]}<\/script>\n<!-- \/ Yoast SEO plugin. -->","yoast_head_json":{"title":"Lorenzo De Vettori e Giovanni De Bon sono i re della Transcivetta Alpenplus 2026 - Bellunopress - Dolomiti","robots":{"index":"index","follow":"follow","max-snippet":"max-snippet:-1","max-image-preview":"max-image-preview:large","max-video-preview":"max-video-preview:-1"},"canonical":"https:\/\/www.bellunopress.it\/fr\/2026\/07\/20\/lorenzo-de-vettori-e-giovanni-de-bon-sono-i-re-della-transcivetta-alpenplus-2026\/","og_locale":"fr_FR","og_type":"article","og_title":"Lorenzo De Vettori e Giovanni De Bon sono i re della Transcivetta Alpenplus 2026 - Bellunopress - Dolomiti","og_description":"800 squadre domenica 19 luglio, sulle Dolomiti Bellunesi, per la storica gara di corsa in montagna a coppie da Listolade ai Piani di Pezz\u00e8. Tra le coppie femminili hurr\u00e0 per Benedetta Polentes e Cecilia De Filippo Roia, prima coppia mista Sara Nait e Andrea Fadi Alleghe (Dolomiti Bellunesi), 19 luglio 2026 \u2013 800 coppie al [&hellip;]","og_url":"https:\/\/www.bellunopress.it\/fr\/2026\/07\/20\/lorenzo-de-vettori-e-giovanni-de-bon-sono-i-re-della-transcivetta-alpenplus-2026\/","og_site_name":"Bellunopress - Dolomiti","article_publisher":"https:\/\/www.facebook.com\/profile.php?id=100008943462799","article_published_time":"2026-07-20T06:47:22+00:00","og_image":[{"width":480,"height":305,"url":"https:\/\/www.bellunopress.it\/wp-content\/uploads\/2026\/07\/Transcivetta-2026-VINCITORI-LORENZO-DE-VETTORI-E-GIOVANNI-DE-BON-ph-EchiAlessandroSogne.jpg","type":"image\/jpeg"}],"author":"redazione","twitter_card":"summary_large_image","twitter_creator":"@bellunopress","twitter_site":"@bellunopress","twitter_misc":{"Written by":"redazione","Est. reading time":"5 minutes"},"schema":{"@context":"https:\/\/schema.org","@graph":[{"@type":"Article","@id":"https:\/\/www.bellunopress.it\/2026\/07\/20\/lorenzo-de-vettori-e-giovanni-de-bon-sono-i-re-della-transcivetta-alpenplus-2026\/#article","isPartOf":{"@id":"https:\/\/www.bellunopress.it\/2026\/07\/20\/lorenzo-de-vettori-e-giovanni-de-bon-sono-i-re-della-transcivetta-alpenplus-2026\/"},"author":{"name":"redazione","@id":"https:\/\/www.bellunopress.it\/#\/schema\/person\/79bb06722b37ece1c03d3e94beb30d73"},"headline":"Lorenzo De Vettori e Giovanni De Bon sono i re della Transcivetta Alpenplus 2026","datePublished":"2026-07-20T06:47:22+00:00","mainEntityOfPage":{"@id":"https:\/\/www.bellunopress.it\/2026\/07\/20\/lorenzo-de-vettori-e-giovanni-de-bon-sono-i-re-della-transcivetta-alpenplus-2026\/"},"wordCount":726,"publisher":{"@id":"https:\/\/www.bellunopress.it\/#organization"},"image":{"@id":"https:\/\/www.bellunopress.it\/2026\/07\/20\/lorenzo-de-vettori-e-giovanni-de-bon-sono-i-re-della-transcivetta-alpenplus-2026\/#primaryimage"},"thumbnailUrl":"https:\/\/www.bellunopress.it\/wp-content\/uploads\/2026\/07\/Transcivetta-2026-VINCITORI-LORENZO-DE-VETTORI-E-GIOVANNI-DE-BON-ph-EchiAlessandroSogne.jpg","articleSection":["Sport, tempo libero"],"inLanguage":"fr-FR"},{"@type":"WebPage","@id":"https:\/\/www.bellunopress.it\/2026\/07\/20\/lorenzo-de-vettori-e-giovanni-de-bon-sono-i-re-della-transcivetta-alpenplus-2026\/","url":"https:\/\/www.bellunopress.it\/2026\/07\/20\/lorenzo-de-vettori-e-giovanni-de-bon-sono-i-re-della-transcivetta-alpenplus-2026\/","name":"Lorenzo De Vettori e Giovanni De Bon sono i re della Transcivetta Alpenplus 2026 - Bellunopress - Dolomiti","isPartOf":{"@id":"https:\/\/www.bellunopress.it\/#website"},"primaryImageOfPage":{"@id":"https:\/\/www.bellunopress.it\/2026\/07\/20\/lorenzo-de-vettori-e-giovanni-de-bon-sono-i-re-della-transcivetta-alpenplus-2026\/#primaryimage"},"image":{"@id":"https:\/\/www.bellunopress.it\/2026\/07\/20\/lorenzo-de-vettori-e-giovanni-de-bon-sono-i-re-della-transcivetta-alpenplus-2026\/#primaryimage"},"thumbnailUrl":"https:\/\/www.bellunopress.it\/wp-content\/uploads\/2026\/07\/Transcivetta-2026-VINCITORI-LORENZO-DE-VETTORI-E-GIOVANNI-DE-BON-ph-EchiAlessandroSogne.jpg","datePublished":"2026-07-20T06:47:22+00:00","breadcrumb":{"@id":"https:\/\/www.bellunopress.it\/2026\/07\/20\/lorenzo-de-vettori-e-giovanni-de-bon-sono-i-re-della-transcivetta-alpenplus-2026\/#breadcrumb"},"inLanguage":"fr-FR","potentialAction":[{"@type":"ReadAction","target":["https:\/\/www.bellunopress.it\/2026\/07\/20\/lorenzo-de-vettori-e-giovanni-de-bon-sono-i-re-della-transcivetta-alpenplus-2026\/"]}]},{"@type":"ImageObject","inLanguage":"fr-FR","@id":"https:\/\/www.bellunopress.it\/2026\/07\/20\/lorenzo-de-vettori-e-giovanni-de-bon-sono-i-re-della-transcivetta-alpenplus-2026\/#primaryimage","url":"https:\/\/www.bellunopress.it\/wp-content\/uploads\/2026\/07\/Transcivetta-2026-VINCITORI-LORENZO-DE-VETTORI-E-GIOVANNI-DE-BON-ph-EchiAlessandroSogne.jpg","contentUrl":"https:\/\/www.bellunopress.it\/wp-content\/uploads\/2026\/07\/Transcivetta-2026-VINCITORI-LORENZO-DE-VETTORI-E-GIOVANNI-DE-BON-ph-EchiAlessandroSogne.jpg","width":480,"height":305,"caption":"I vincitori della Transcivetta 2026 Lorenzo De Vettori e Giovanni De Bon (ph Alessandro Sogne)"},{"@type":"BreadcrumbList","@id":"https:\/\/www.bellunopress.it\/2026\/07\/20\/lorenzo-de-vettori-e-giovanni-de-bon-sono-i-re-della-transcivetta-alpenplus-2026\/#breadcrumb","itemListElement":[{"@type":"ListItem","position":1,"name":"Home","item":"https:\/\/www.bellunopress.it\/"},{"@type":"ListItem","position":2,"name":"Lorenzo De Vettori e Giovanni De Bon sono i re della Transcivetta Alpenplus 2026"}]},{"@type":"WebSite","@id":"https:\/\/www.bellunopress.it\/#website","url":"https:\/\/www.bellunopress.it\/","name":"Bellunopress - Dolomiti","description":"e-mail: redazione@bellunopress.it","publisher":{"@id":"https:\/\/www.bellunopress.it\/#organization"},"potentialAction":[{"@type":"SearchAction","target":{"@type":"EntryPoint","urlTemplate":"https:\/\/www.bellunopress.it\/?s={search_term_string}"},"query-input":{"@type":"PropertyValueSpecification","valueRequired":true,"valueName":"search_term_string"}}],"inLanguage":"fr-FR"},{"@type":"Organization","@id":"https:\/\/www.bellunopress.it\/#organization","name":"Bellunopress","url":"https:\/\/www.bellunopress.it\/","logo":{"@type":"ImageObject","inLanguage":"fr-FR","@id":"https:\/\/www.bellunopress.it\/#\/schema\/logo\/image\/","url":"https:\/\/www.bellunopress.it\/wp-content\/uploads\/2011\/05\/cropped-logo-bellunopress-.jpg","contentUrl":"https:\/\/www.bellunopress.it\/wp-content\/uploads\/2011\/05\/cropped-logo-bellunopress-.jpg","width":512,"height":512,"caption":"Bellunopress"},"image":{"@id":"https:\/\/www.bellunopress.it\/#\/schema\/logo\/image\/"},"sameAs":["https:\/\/www.facebook.com\/profile.php?id=100008943462799","https:\/\/x.com\/bellunopress","https:\/\/www.linkedin.com\/hp\/?dnr=JBzUWaJfMUw8vbXJJ2tVW5-I3jZKvC4wsoxE&amp;amp;amp;amp;amp;amp;trk=nav_responsive_tab_home","https:\/\/www.youtube.com\/channel\/UCxL0wu1uN0_3_7hGG0306cw"]},{"@type":"Person","@id":"https:\/\/www.bellunopress.it\/#\/schema\/person\/79bb06722b37ece1c03d3e94beb30d73","name":"r\u00e9daction","image":{"@type":"ImageObject","inLanguage":"fr-FR","@id":"https:\/\/secure.gravatar.com\/avatar\/37d968a2e67a6fd04c169c4bdef102d0bc5d31b2546345219e348575eb80e9a0?s=96&d=mm&r=g","url":"https:\/\/secure.gravatar.com\/avatar\/37d968a2e67a6fd04c169c4bdef102d0bc5d31b2546345219e348575eb80e9a0?s=96&d=mm&r=g","contentUrl":"https:\/\/secure.gravatar.com\/avatar\/37d968a2e67a6fd04c169c4bdef102d0bc5d31b2546345219e348575eb80e9a0?s=96&d=mm&r=g","caption":"redazione"},"sameAs":["http:\/\/www.bellunopress.it","https:\/\/x.com\/bellunopress"],"url":"https:\/\/www.bellunopress.it\/fr\/author\/redazione\/"}]}},"_links":{"self":[{"href":"https:\/\/www.bellunopress.it\/fr\/wp-json\/wp\/v2\/posts\/172042","targetHints":{"allow":["GET"]}}],"collection":[{"href":"https:\/\/www.bellunopress.it\/fr\/wp-json\/wp\/v2\/posts"}],"about":[{"href":"https:\/\/www.bellunopress.it\/fr\/wp-json\/wp\/v2\/types\/post"}],"author":[{"embeddable":true,"href":"https:\/\/www.bellunopress.it\/fr\/wp-json\/wp\/v2\/users\/2"}],"replies":[{"embeddable":true,"href":"https:\/\/www.bellunopress.it\/fr\/wp-json\/wp\/v2\/comments?post=172042"}],"version-history":[{"count":1,"href":"https:\/\/www.bellunopress.it\/fr\/wp-json\/wp\/v2\/posts\/172042\/revisions"}],"predecessor-version":[{"id":172044,"href":"https:\/\/www.bellunopress.it\/fr\/wp-json\/wp\/v2\/posts\/172042\/revisions\/172044"}],"wp:featuredmedia":[{"embeddable":true,"href":"https:\/\/www.bellunopress.it\/fr\/wp-json\/wp\/v2\/media\/172043"}],"wp:attachment":[{"href":"https:\/\/www.bellunopress.it\/fr\/wp-json\/wp\/v2\/media?parent=172042"}],"wp:term":[{"taxonomy":"category","embeddable":true,"href":"https:\/\/www.bellunopress.it\/fr\/wp-json\/wp\/v2\/categories?post=172042"},{"taxonomy":"post_tag","embeddable":true,"href":"https:\/\/www.bellunopress.it\/fr\/wp-json\/wp\/v2\/tags?post=172042"}],"curies":[{"name":"wp","href":"https:\/\/api.w.org\/{rel}","templated":true}]}}